{"id":68939,"date":"2023-11-15T12:27:31","date_gmt":"2023-11-15T10:27:31","guid":{"rendered":"https:\/\/buletin.de\/bucuresti\/?p=68939"},"modified":"2023-11-15T12:27:32","modified_gmt":"2023-11-15T10:27:32","slug":"d-baluta-gabriela-firea-este-candidatul-psd-pentru-primaria-generala-o-sustin-si-o-sprijin","status":"publish","type":"post","link":"https:\/\/buletin.de\/bucuresti\/d-baluta-gabriela-firea-este-candidatul-psd-pentru-primaria-generala-o-sustin-si-o-sprijin\/","title":{"rendered":"D. B\u0103lu\u0163\u0103: \u201eGabriela Firea este candidatul PSD pentru Prim\u0103ria General\u0103. O sus\u0163in \u015fi o sprijin!\u201d"},"content":{"rendered":"\n<p><strong>Gabriela Firea este \u00een continuare candidatul desemnat din partea PSD, pentru fotoliul de primar general, spune primarul sectorului 4, Daniel B\u0103lu\u0163\u0103. Aflat la inaugurarea sta\u0163iei de metrou Tudor Arghezi, acesta a transmis c\u0103 Firea r\u0103m\u00e2ne op\u0163iunea social-democra\u0163ilor. V\u0103 reamintim, inclusiv numele lui B\u0103lu\u0163\u0103 a fost vehiculat \u00een spa\u0163iul public pentru cursa de la localele din 2024.<\/strong><\/p>\n\n\n\n<blockquote class=\"wp-block-quote is-layout-flow wp-block-quote-is-layout-flow\">\n<p>Este un coleg competent \u015fi sunt convins c\u0103 va face fa\u0163\u0103 bine provoc\u0103rilor pe care le va avea. Ast\u0103zi, \u00een aceast\u0103 zi extrem de frumoas\u0103, vreau s\u0103 \u00eemi exprim \u00eenc\u0103 o dat\u0103 sus\u0163inerea pe care o am pentru doamna Gabriela Firea, candidatul desemnat al Partidului Social Democrat, \u015fi, dac\u0103 vre\u0163i, un om la care \u0163in foarte mult \u015fi pe care \u00eel sprijin \u015fi \u00eel sus\u0163in \u00een cele ce urmeaz\u0103!<\/p>\n<cite>daniel b\u0103lu\u0163\u0103<\/cite><\/blockquote>\n\n\n\n<p>De altfel, liderul PSD, Marcel Ciolacu, sus\u0163ine aceast\u0103 variant\u0103 \u015fi respinge variante precum Robert Negoi\u0163\u0103 ori Daniel B\u0103lu\u0163\u0103 \u00een cursa pentru Prim\u0103ria General\u0103. \u201e<em>\u00cen acest moment nu exist\u0103 alt\u0103 decizie \u00een interiorul partidului ca s\u0103 fie un alt candidat. Se fac sondaje, se fac m\u0103sur\u0103tori. S\u0103 fim corec\u0163i: Gabriela Firea nu a avut nicio treab\u0103 cu azilele groazei<\/em>\u201d, a spus Ciolacu la sf\u00e2r\u015fitul lunii octombrie.<\/p>\n\n\n\n<h2 class=\"wp-block-heading\">\u015ei actualul primar intr\u0103 \u00een lupta electoral\u0103<\/h2>\n\n\n\n<p>Nicu\u015for Dan a spus public \u00eenc\u0103 de pe 8 octombrie c\u0103 va candida pentru un nou mandat la \u015fefia Prim\u0103riei Capitalei: <em>Voi candida independent, care sper\u0103 s\u0103 aib\u0103 sus\u0163inerea c\u00e2t mai multor partide de dreapta. Eu \u00eemi doresc foarte mult, da, pentru c\u0103, \u00een opinia mea, abia am a\u015fezat ni\u015fte mecanisme, am astupat ni\u015fte g\u0103uri \u015fi abia a \u00eenceput s\u0103 func\u0163ioneze mecanismul \u015fi sunt lucruri pe care le-am \u00eenceput \u015fi pe care a\u015f vrea s\u0103 le termin\u0103m<\/em>.<\/p>\n\n\n\n<p>Nicu\u015for Dan sper\u0103 \u00een cristalizarea dreptei politice pentru a-i sus\u0163ine candidatura, \u00eens\u0103 nu este \u00een rela\u0163ii prea bune cu PNL Bucure\u015fti. Liberalii i-au \u00eenaintat la \u00eenceputul lui 2023 o serie de 10 probleme pe care le vor rezolvate de c\u0103tre edil, a\u015fa cum au cerut <a href=\"https:\/\/buletin.de\/bucuresti\/nicolae-ciuca-ii-pune-conditii-lui-nicusor-dan-10-probleme-rezolvate-pana-la-jumatatea-lui-2023\/\">\u015fefii de la centru<\/a>. <\/p>\n","protected":false},"excerpt":{"rendered":"<p>Gabriela Firea este \u00een continuare candidatul desemnat din partea PSD, pentru fotoliul de primar general, spune primarul sectorului 4, Daniel B\u0103lu\u0163\u0103. Aflat la inaugurarea sta\u0163iei de metrou Tudor Arghezi, acesta a transmis c\u0103 Firea r\u0103m\u00e2ne op\u0163iunea social-democra\u0163ilor. V\u0103 reamintim, inclusiv numele lui B\u0103lu\u0163\u0103 a fost vehiculat \u00een spa\u0163iul public pentru cursa de la localele din [&hellip;]<\/p>\n","protected":false},"author":8,"featured_media":68940,"comment_status":"closed","ping_status":"open","sticky":false,"template":"","format":"standard","meta":{"_acf_changed":false,"inline_featured_image":false,"ngg_post_thumbnail":0,"footnotes":""},"categories":[6994,5762,24],"tags":[7792,7793,1204,28,223,35],"ppma_author":[22586],"class_list":["post-68939","post","type-post","status-publish","format-standard","has-post-thumbnail","hentry","category-stiri-2","category-main","category-primarie","tag-alegeri-locale-2024","tag-candidati-primarie-bucuresti","tag-daniel-baluta","tag-firea","tag-nicusor-dan","tag-primarie"],"acf":[],"yoast_head":"<!-- This site is optimized with the Yoast SEO Premium plugin v25.3 (Yoast SEO v27.4) - https:\/\/yoast.com\/product\/yoast-seo-premium-wordpress\/ -->\n<title>D. B\u0103lu\u0163\u0103: \u201eGabriela Firea este candidatul PSD pentru Prim\u0103ria General\u0103. O sus\u0163in \u015fi o sprijin!\u201d - Buletin de Bucure\u0219ti<\/title>\n<meta name=\"robots\" content=\"index, follow, max-snippet:-1, max-image-preview:large, max-video-preview:-1\" \/>\n<link rel=\"canonical\" href=\"https:\/\/buletin.de\/bucuresti\/d-baluta-gabriela-firea-este-candidatul-psd-pentru-primaria-generala-o-sustin-si-o-sprijin\/\" \/>\n<meta property=\"og:locale\" content=\"en_GB\" \/>\n<meta property=\"og:type\" content=\"article\" \/>\n<meta property=\"og:title\" content=\"D. B\u0103lu\u0163\u0103: \u201eGabriela Firea este candidatul PSD pentru Prim\u0103ria General\u0103. O sus\u0163in \u015fi o sprijin!\u201d\" \/>\n<meta property=\"og:description\" content=\"Gabriela Firea este \u00een continuare candidatul desemnat din partea PSD, pentru fotoliul de primar general, spune primarul sectorului 4, Daniel B\u0103lu\u0163\u0103. Aflat la inaugurarea sta\u0163iei de metrou Tudor Arghezi, acesta a transmis c\u0103 Firea r\u0103m\u00e2ne op\u0163iunea social-democra\u0163ilor. V\u0103 reamintim, inclusiv numele lui B\u0103lu\u0163\u0103 a fost vehiculat \u00een spa\u0163iul public pentru cursa de la localele din [&hellip;]\" \/>\n<meta property=\"og:url\" content=\"https:\/\/buletin.de\/bucuresti\/d-baluta-gabriela-firea-este-candidatul-psd-pentru-primaria-generala-o-sustin-si-o-sprijin\/\" \/>\n<meta property=\"og:site_name\" content=\"Buletin de Bucure\u0219ti\" \/>\n<meta property=\"article:publisher\" content=\"https:\/\/www.facebook.com\/buletin.de.buc\" \/>\n<meta property=\"article:published_time\" content=\"2023-11-15T10:27:31+00:00\" \/>\n<meta property=\"article:modified_time\" content=\"2023-11-15T10:27:32+00:00\" \/>\n<meta property=\"og:image\" content=\"https:\/\/buletin.de\/bucuresti\/wp-content\/uploads\/firea-baluta-2.jpg\" \/>\n\t<meta property=\"og:image:width\" content=\"960\" \/>\n\t<meta property=\"og:image:height\" content=\"640\" \/>\n\t<meta property=\"og:image:type\" content=\"image\/jpeg\" \/>\n<meta name=\"author\" content=\"Ionu\u021b Lepa\" \/>\n<meta name=\"twitter:card\" content=\"summary_large_image\" \/>\n<meta name=\"twitter:label1\" content=\"Written by\" \/>\n\t<meta name=\"twitter:data1\" content=\"Ionu\u021b Lepa\" \/>\n\t<meta name=\"twitter:label2\" content=\"Estimated reading time\" \/>\n\t<meta name=\"twitter:data2\" content=\"2 minutes\" \/>\n<script type=\"application\/ld+json\" class=\"yoast-schema-graph\">{\"@context\":\"https:\\\/\\\/schema.org\",\"@graph\":[{\"@type\":\"Article\",\"@id\":\"https:\\\/\\\/buletin.de\\\/bucuresti\\\/d-baluta-gabriela-firea-este-candidatul-psd-pentru-primaria-generala-o-sustin-si-o-sprijin\\\/#article\",\"isPartOf\":{\"@id\":\"https:\\\/\\\/buletin.de\\\/bucuresti\\\/d-baluta-gabriela-firea-este-candidatul-psd-pentru-primaria-generala-o-sustin-si-o-sprijin\\\/\"},\"author\":{\"name\":\"Ionu\u021b Lepa\",\"@id\":\"https:\\\/\\\/buletin.de\\\/bucuresti\\\/#\\\/schema\\\/person\\\/5272b8a057b33890940b57b837fc4ce6\"},\"headline\":\"D. B\u0103lu\u0163\u0103: \u201eGabriela Firea este candidatul PSD pentru Prim\u0103ria General\u0103. O sus\u0163in \u015fi o sprijin!\u201d\",\"datePublished\":\"2023-11-15T10:27:31+00:00\",\"dateModified\":\"2023-11-15T10:27:32+00:00\",\"mainEntityOfPage\":{\"@id\":\"https:\\\/\\\/buletin.de\\\/bucuresti\\\/d-baluta-gabriela-firea-este-candidatul-psd-pentru-primaria-generala-o-sustin-si-o-sprijin\\\/\"},\"wordCount\":376,\"publisher\":{\"@id\":\"https:\\\/\\\/buletin.de\\\/bucuresti\\\/#organization\"},\"image\":{\"@id\":\"https:\\\/\\\/buletin.de\\\/bucuresti\\\/d-baluta-gabriela-firea-este-candidatul-psd-pentru-primaria-generala-o-sustin-si-o-sprijin\\\/#primaryimage\"},\"thumbnailUrl\":\"https:\\\/\\\/buletin.de\\\/bucuresti\\\/wp-content\\\/uploads\\\/firea-baluta-2.jpg\",\"keywords\":[\"alegeri locale 2024\",\"candidati primarie bucuresti\",\"daniel baluta\",\"firea\",\"nicusor dan\",\"primarie\"],\"articleSection\":[\"Articole\",\"Main\",\"Prim\u0103rie\"],\"inLanguage\":\"en-GB\",\"copyrightYear\":\"2023\",\"copyrightHolder\":{\"@id\":\"https:\\\/\\\/buletin.de\\\/bucuresti\\\/#organization\"}},{\"@type\":\"WebPage\",\"@id\":\"https:\\\/\\\/buletin.de\\\/bucuresti\\\/d-baluta-gabriela-firea-este-candidatul-psd-pentru-primaria-generala-o-sustin-si-o-sprijin\\\/\",\"url\":\"https:\\\/\\\/buletin.de\\\/bucuresti\\\/d-baluta-gabriela-firea-este-candidatul-psd-pentru-primaria-generala-o-sustin-si-o-sprijin\\\/\",\"name\":\"D. B\u0103lu\u0163\u0103: \u201eGabriela Firea este candidatul PSD pentru Prim\u0103ria General\u0103. O sus\u0163in \u015fi o sprijin!\u201d - Buletin de Bucure\u0219ti\",\"isPartOf\":{\"@id\":\"https:\\\/\\\/buletin.de\\\/bucuresti\\\/#website\"},\"primaryImageOfPage\":{\"@id\":\"https:\\\/\\\/buletin.de\\\/bucuresti\\\/d-baluta-gabriela-firea-este-candidatul-psd-pentru-primaria-generala-o-sustin-si-o-sprijin\\\/#primaryimage\"},\"image\":{\"@id\":\"https:\\\/\\\/buletin.de\\\/bucuresti\\\/d-baluta-gabriela-firea-este-candidatul-psd-pentru-primaria-generala-o-sustin-si-o-sprijin\\\/#primaryimage\"},\"thumbnailUrl\":\"https:\\\/\\\/buletin.de\\\/bucuresti\\\/wp-content\\\/uploads\\\/firea-baluta-2.jpg\",\"datePublished\":\"2023-11-15T10:27:31+00:00\",\"dateModified\":\"2023-11-15T10:27:32+00:00\",\"breadcrumb\":{\"@id\":\"https:\\\/\\\/buletin.de\\\/bucuresti\\\/d-baluta-gabriela-firea-este-candidatul-psd-pentru-primaria-generala-o-sustin-si-o-sprijin\\\/#breadcrumb\"},\"inLanguage\":\"en-GB\",\"potentialAction\":[{\"@type\":\"ReadAction\",\"target\":[\"https:\\\/\\\/buletin.de\\\/bucuresti\\\/d-baluta-gabriela-firea-este-candidatul-psd-pentru-primaria-generala-o-sustin-si-o-sprijin\\\/\"]}]},{\"@type\":\"ImageObject\",\"inLanguage\":\"en-GB\",\"@id\":\"https:\\\/\\\/buletin.de\\\/bucuresti\\\/d-baluta-gabriela-firea-este-candidatul-psd-pentru-primaria-generala-o-sustin-si-o-sprijin\\\/#primaryimage\",\"url\":\"https:\\\/\\\/buletin.de\\\/bucuresti\\\/wp-content\\\/uploads\\\/firea-baluta-2.jpg\",\"contentUrl\":\"https:\\\/\\\/buletin.de\\\/bucuresti\\\/wp-content\\\/uploads\\\/firea-baluta-2.jpg\",\"width\":960,\"height\":640,\"caption\":\"sursa: FB \\\/ PSD Bucure\u015fti\"},{\"@type\":\"BreadcrumbList\",\"@id\":\"https:\\\/\\\/buletin.de\\\/bucuresti\\\/d-baluta-gabriela-firea-este-candidatul-psd-pentru-primaria-generala-o-sustin-si-o-sprijin\\\/#breadcrumb\",\"itemListElement\":[{\"@type\":\"ListItem\",\"position\":1,\"name\":\"Acas\u0103\",\"item\":\"https:\\\/\\\/buletin.de\\\/bucuresti\\\/\"},{\"@type\":\"ListItem\",\"position\":2,\"name\":\"D. B\u0103lu\u0163\u0103: \u201eGabriela Firea este candidatul PSD pentru Prim\u0103ria General\u0103. O sus\u0163in \u015fi o sprijin!\u201d\"}]},{\"@type\":\"WebSite\",\"@id\":\"https:\\\/\\\/buletin.de\\\/bucuresti\\\/#website\",\"url\":\"https:\\\/\\\/buletin.de\\\/bucuresti\\\/\",\"name\":\"Buletin de Bucure\u0219ti\",\"description\":\"\u0218tiri \u0219i investiga\u021bii esen\u021biale din capital\u0103\",\"publisher\":{\"@id\":\"https:\\\/\\\/buletin.de\\\/bucuresti\\\/#organization\"},\"potentialAction\":[{\"@type\":\"SearchAction\",\"target\":{\"@type\":\"EntryPoint\",\"urlTemplate\":\"https:\\\/\\\/buletin.de\\\/bucuresti\\\/?s={search_term_string}\"},\"query-input\":{\"@type\":\"PropertyValueSpecification\",\"valueRequired\":true,\"valueName\":\"search_term_string\"}}],\"inLanguage\":\"en-GB\"},{\"@type\":\"Organization\",\"@id\":\"https:\\\/\\\/buletin.de\\\/bucuresti\\\/#organization\",\"name\":\"Buletin de Bucure\u0219ti\",\"url\":\"https:\\\/\\\/buletin.de\\\/bucuresti\\\/\",\"logo\":{\"@type\":\"ImageObject\",\"inLanguage\":\"en-GB\",\"@id\":\"https:\\\/\\\/buletin.de\\\/bucuresti\\\/#\\\/schema\\\/logo\\\/image\\\/\",\"url\":\"https:\\\/\\\/buletin.de\\\/bucuresti\\\/wp-content\\\/uploads\\\/logo-bdb-full-wide-vernil-transparent.png\",\"contentUrl\":\"https:\\\/\\\/buletin.de\\\/bucuresti\\\/wp-content\\\/uploads\\\/logo-bdb-full-wide-vernil-transparent.png\",\"width\":1782,\"height\":626,\"caption\":\"Buletin de Bucure\u0219ti\"},\"image\":{\"@id\":\"https:\\\/\\\/buletin.de\\\/bucuresti\\\/#\\\/schema\\\/logo\\\/image\\\/\"},\"sameAs\":[\"https:\\\/\\\/www.facebook.com\\\/buletin.de.buc\",\"https:\\\/\\\/www.instagram.com\\\/buletinde.bucuresti\\\/\"]},{\"@type\":\"Person\",\"@id\":\"https:\\\/\\\/buletin.de\\\/bucuresti\\\/#\\\/schema\\\/person\\\/5272b8a057b33890940b57b837fc4ce6\",\"name\":\"Ionu\u021b Lepa\",\"image\":{\"@type\":\"ImageObject\",\"inLanguage\":\"en-GB\",\"@id\":\"https:\\\/\\\/buletin.de\\\/bucuresti\\\/wp-content\\\/uploads\\\/Ionut-Lepa-96x96.jpg5c4e4d9e049808799a8821652d2410a4\",\"url\":\"https:\\\/\\\/buletin.de\\\/bucuresti\\\/wp-content\\\/uploads\\\/Ionut-Lepa-96x96.jpg\",\"contentUrl\":\"https:\\\/\\\/buletin.de\\\/bucuresti\\\/wp-content\\\/uploads\\\/Ionut-Lepa-96x96.jpg\",\"caption\":\"Ionu\u021b Lepa\"},\"url\":\"https:\\\/\\\/buletin.de\\\/bucuresti\\\/author\\\/ionutlepa\\\/\"}]}<\/script>\n<!-- \/ Yoast SEO Premium plugin. -->","yoast_head_json":{"title":"D. B\u0103lu\u0163\u0103: \u201eGabriela Firea este candidatul PSD pentru Prim\u0103ria General\u0103. O sus\u0163in \u015fi o sprijin!\u201d - Buletin de Bucure\u0219ti","robots":{"index":"index","follow":"follow","max-snippet":"max-snippet:-1","max-image-preview":"max-image-preview:large","max-video-preview":"max-video-preview:-1"},"canonical":"https:\/\/buletin.de\/bucuresti\/d-baluta-gabriela-firea-este-candidatul-psd-pentru-primaria-generala-o-sustin-si-o-sprijin\/","og_locale":"en_GB","og_type":"article","og_title":"D. B\u0103lu\u0163\u0103: \u201eGabriela Firea este candidatul PSD pentru Prim\u0103ria General\u0103. O sus\u0163in \u015fi o sprijin!\u201d","og_description":"Gabriela Firea este \u00een continuare candidatul desemnat din partea PSD, pentru fotoliul de primar general, spune primarul sectorului 4, Daniel B\u0103lu\u0163\u0103. Aflat la inaugurarea sta\u0163iei de metrou Tudor Arghezi, acesta a transmis c\u0103 Firea r\u0103m\u00e2ne op\u0163iunea social-democra\u0163ilor. V\u0103 reamintim, inclusiv numele lui B\u0103lu\u0163\u0103 a fost vehiculat \u00een spa\u0163iul public pentru cursa de la localele din [&hellip;]","og_url":"https:\/\/buletin.de\/bucuresti\/d-baluta-gabriela-firea-este-candidatul-psd-pentru-primaria-generala-o-sustin-si-o-sprijin\/","og_site_name":"Buletin de Bucure\u0219ti","article_publisher":"https:\/\/www.facebook.com\/buletin.de.buc","article_published_time":"2023-11-15T10:27:31+00:00","article_modified_time":"2023-11-15T10:27:32+00:00","og_image":[{"width":960,"height":640,"url":"https:\/\/buletin.de\/bucuresti\/wp-content\/uploads\/firea-baluta-2.jpg","type":"image\/jpeg"}],"author":"Ionu\u021b Lepa","twitter_card":"summary_large_image","twitter_misc":{"Written by":"Ionu\u021b Lepa","Estimated reading time":"2 minutes"},"schema":{"@context":"https:\/\/schema.org","@graph":[{"@type":"Article","@id":"https:\/\/buletin.de\/bucuresti\/d-baluta-gabriela-firea-este-candidatul-psd-pentru-primaria-generala-o-sustin-si-o-sprijin\/#article","isPartOf":{"@id":"https:\/\/buletin.de\/bucuresti\/d-baluta-gabriela-firea-este-candidatul-psd-pentru-primaria-generala-o-sustin-si-o-sprijin\/"},"author":{"name":"Ionu\u021b Lepa","@id":"https:\/\/buletin.de\/bucuresti\/#\/schema\/person\/5272b8a057b33890940b57b837fc4ce6"},"headline":"D. B\u0103lu\u0163\u0103: \u201eGabriela Firea este candidatul PSD pentru Prim\u0103ria General\u0103. O sus\u0163in \u015fi o sprijin!\u201d","datePublished":"2023-11-15T10:27:31+00:00","dateModified":"2023-11-15T10:27:32+00:00","mainEntityOfPage":{"@id":"https:\/\/buletin.de\/bucuresti\/d-baluta-gabriela-firea-este-candidatul-psd-pentru-primaria-generala-o-sustin-si-o-sprijin\/"},"wordCount":376,"publisher":{"@id":"https:\/\/buletin.de\/bucuresti\/#organization"},"image":{"@id":"https:\/\/buletin.de\/bucuresti\/d-baluta-gabriela-firea-este-candidatul-psd-pentru-primaria-generala-o-sustin-si-o-sprijin\/#primaryimage"},"thumbnailUrl":"https:\/\/buletin.de\/bucuresti\/wp-content\/uploads\/firea-baluta-2.jpg","keywords":["alegeri locale 2024","candidati primarie bucuresti","daniel baluta","firea","nicusor dan","primarie"],"articleSection":["Articole","Main","Prim\u0103rie"],"inLanguage":"en-GB","copyrightYear":"2023","copyrightHolder":{"@id":"https:\/\/buletin.de\/bucuresti\/#organization"}},{"@type":"WebPage","@id":"https:\/\/buletin.de\/bucuresti\/d-baluta-gabriela-firea-este-candidatul-psd-pentru-primaria-generala-o-sustin-si-o-sprijin\/","url":"https:\/\/buletin.de\/bucuresti\/d-baluta-gabriela-firea-este-candidatul-psd-pentru-primaria-generala-o-sustin-si-o-sprijin\/","name":"D. B\u0103lu\u0163\u0103: \u201eGabriela Firea este candidatul PSD pentru Prim\u0103ria General\u0103. O sus\u0163in \u015fi o sprijin!\u201d - Buletin de Bucure\u0219ti","isPartOf":{"@id":"https:\/\/buletin.de\/bucuresti\/#website"},"primaryImageOfPage":{"@id":"https:\/\/buletin.de\/bucuresti\/d-baluta-gabriela-firea-este-candidatul-psd-pentru-primaria-generala-o-sustin-si-o-sprijin\/#primaryimage"},"image":{"@id":"https:\/\/buletin.de\/bucuresti\/d-baluta-gabriela-firea-este-candidatul-psd-pentru-primaria-generala-o-sustin-si-o-sprijin\/#primaryimage"},"thumbnailUrl":"https:\/\/buletin.de\/bucuresti\/wp-content\/uploads\/firea-baluta-2.jpg","datePublished":"2023-11-15T10:27:31+00:00","dateModified":"2023-11-15T10:27:32+00:00","breadcrumb":{"@id":"https:\/\/buletin.de\/bucuresti\/d-baluta-gabriela-firea-este-candidatul-psd-pentru-primaria-generala-o-sustin-si-o-sprijin\/#breadcrumb"},"inLanguage":"en-GB","potentialAction":[{"@type":"ReadAction","target":["https:\/\/buletin.de\/bucuresti\/d-baluta-gabriela-firea-este-candidatul-psd-pentru-primaria-generala-o-sustin-si-o-sprijin\/"]}]},{"@type":"ImageObject","inLanguage":"en-GB","@id":"https:\/\/buletin.de\/bucuresti\/d-baluta-gabriela-firea-este-candidatul-psd-pentru-primaria-generala-o-sustin-si-o-sprijin\/#primaryimage","url":"https:\/\/buletin.de\/bucuresti\/wp-content\/uploads\/firea-baluta-2.jpg","contentUrl":"https:\/\/buletin.de\/bucuresti\/wp-content\/uploads\/firea-baluta-2.jpg","width":960,"height":640,"caption":"sursa: FB \/ PSD Bucure\u015fti"},{"@type":"BreadcrumbList","@id":"https:\/\/buletin.de\/bucuresti\/d-baluta-gabriela-firea-este-candidatul-psd-pentru-primaria-generala-o-sustin-si-o-sprijin\/#breadcrumb","itemListElement":[{"@type":"ListItem","position":1,"name":"Acas\u0103","item":"https:\/\/buletin.de\/bucuresti\/"},{"@type":"ListItem","position":2,"name":"D. B\u0103lu\u0163\u0103: \u201eGabriela Firea este candidatul PSD pentru Prim\u0103ria General\u0103. O sus\u0163in \u015fi o sprijin!\u201d"}]},{"@type":"WebSite","@id":"https:\/\/buletin.de\/bucuresti\/#website","url":"https:\/\/buletin.de\/bucuresti\/","name":"Buletin de Bucure\u0219ti","description":"\u0218tiri \u0219i investiga\u021bii esen\u021biale din capital\u0103","publisher":{"@id":"https:\/\/buletin.de\/bucuresti\/#organization"},"potentialAction":[{"@type":"SearchAction","target":{"@type":"EntryPoint","urlTemplate":"https:\/\/buletin.de\/bucuresti\/?s={search_term_string}"},"query-input":{"@type":"PropertyValueSpecification","valueRequired":true,"valueName":"search_term_string"}}],"inLanguage":"en-GB"},{"@type":"Organization","@id":"https:\/\/buletin.de\/bucuresti\/#organization","name":"Buletin de Bucure\u0219ti","url":"https:\/\/buletin.de\/bucuresti\/","logo":{"@type":"ImageObject","inLanguage":"en-GB","@id":"https:\/\/buletin.de\/bucuresti\/#\/schema\/logo\/image\/","url":"https:\/\/buletin.de\/bucuresti\/wp-content\/uploads\/logo-bdb-full-wide-vernil-transparent.png","contentUrl":"https:\/\/buletin.de\/bucuresti\/wp-content\/uploads\/logo-bdb-full-wide-vernil-transparent.png","width":1782,"height":626,"caption":"Buletin de Bucure\u0219ti"},"image":{"@id":"https:\/\/buletin.de\/bucuresti\/#\/schema\/logo\/image\/"},"sameAs":["https:\/\/www.facebook.com\/buletin.de.buc","https:\/\/www.instagram.com\/buletinde.bucuresti\/"]},{"@type":"Person","@id":"https:\/\/buletin.de\/bucuresti\/#\/schema\/person\/5272b8a057b33890940b57b837fc4ce6","name":"Ionu\u021b Lepa","image":{"@type":"ImageObject","inLanguage":"en-GB","@id":"https:\/\/buletin.de\/bucuresti\/wp-content\/uploads\/Ionut-Lepa-96x96.jpg5c4e4d9e049808799a8821652d2410a4","url":"https:\/\/buletin.de\/bucuresti\/wp-content\/uploads\/Ionut-Lepa-96x96.jpg","contentUrl":"https:\/\/buletin.de\/bucuresti\/wp-content\/uploads\/Ionut-Lepa-96x96.jpg","caption":"Ionu\u021b Lepa"},"url":"https:\/\/buletin.de\/bucuresti\/author\/ionutlepa\/"}]}},"authors":[{"term_id":22586,"user_id":8,"is_guest":0,"slug":"ionutlepa","display_name":"Ionu\u021b Lepa","avatar_url":"https:\/\/buletin.de\/bucuresti\/wp-content\/uploads\/Ionut-Lepa-96x96.jpg","0":null,"1":"","2":"","3":"","4":"","5":"","6":"","7":"","8":""}],"_links":{"self":[{"href":"https:\/\/buletin.de\/bucuresti\/wp-json\/wp\/v2\/posts\/68939","targetHints":{"allow":["GET"]}}],"collection":[{"href":"https:\/\/buletin.de\/bucuresti\/wp-json\/wp\/v2\/posts"}],"about":[{"href":"https:\/\/buletin.de\/bucuresti\/wp-json\/wp\/v2\/types\/post"}],"author":[{"embeddable":true,"href":"https:\/\/buletin.de\/bucuresti\/wp-json\/wp\/v2\/users\/8"}],"replies":[{"embeddable":true,"href":"https:\/\/buletin.de\/bucuresti\/wp-json\/wp\/v2\/comments?post=68939"}],"version-history":[{"count":1,"href":"https:\/\/buletin.de\/bucuresti\/wp-json\/wp\/v2\/posts\/68939\/revisions"}],"predecessor-version":[{"id":68941,"href":"https:\/\/buletin.de\/bucuresti\/wp-json\/wp\/v2\/posts\/68939\/revisions\/68941"}],"wp:featuredmedia":[{"embeddable":true,"href":"https:\/\/buletin.de\/bucuresti\/wp-json\/wp\/v2\/media\/68940"}],"wp:attachment":[{"href":"https:\/\/buletin.de\/bucuresti\/wp-json\/wp\/v2\/media?parent=68939"}],"wp:term":[{"taxonomy":"category","embeddable":true,"href":"https:\/\/buletin.de\/bucuresti\/wp-json\/wp\/v2\/categories?post=68939"},{"taxonomy":"post_tag","embeddable":true,"href":"https:\/\/buletin.de\/bucuresti\/wp-json\/wp\/v2\/tags?post=68939"},{"taxonomy":"author","embeddable":true,"href":"https:\/\/buletin.de\/bucuresti\/wp-json\/wp\/v2\/ppma_author?post=68939"}],"curies":[{"name":"wp","href":"https:\/\/api.w.org\/{rel}","templated":true}]}}