{"id":6887,"date":"2020-05-11T14:02:18","date_gmt":"2020-05-11T11:02:18","guid":{"rendered":"https:\/\/buletin.de\/bucuresti\/?p=6887"},"modified":"2020-05-15T14:09:40","modified_gmt":"2020-05-15T11:09:40","slug":"testarea-a-peste-11-000-de-bucuresteni-aprobata-in-consiliu","status":"publish","type":"post","link":"https:\/\/buletin.de\/bucuresti\/testarea-a-peste-11-000-de-bucuresteni-aprobata-in-consiliu\/","title":{"rendered":"Testarea a peste 11.000 de bucure\u0219teni, aprobat\u0103 \u00een Consiliu"},"content":{"rendered":"\n<p>Proiectul prin care bucure\u0219tenii vor fi testa\u021bi pentru coronavirus a fost votat luni, \u00een \u0219edin\u021ba Consiliului General al Municipiului Bucure\u0219ti.<\/p>\n\n\n\n<p>Conform proiectului, peste 11.000 de bucure\u0219teni vor fi testa\u021bi voluntar, inclusiv cei asimptomatici, \u00eenscriindu-se pe o platform\u0103 online. Testele vor fi de tip PCR, iar Prim\u0103ria Capitalei va deconta o sum\u0103 de 200 de lei pentru fiecare test.<\/p>\n\n\n\n<p>\u201eAceast\u0103 testare din Bucure\u0219ti ne va da imaginea infect\u0103rii din acest moment. PMB va realiza parteneriate cu toate spitalele de stat \u0219i clinicile private care de\u021bin PCR \u0219i vor s\u0103 intre \u00een acest proiect\u201d, a declarat primarul Capitalei Gabriela Firea.<\/p>\n\n\n\n<p>Proiectul a fost \u00eens\u0103 contestat de consilierii USR \u0219i PNL. Liderul consilierilor PNL Stelian Bujduveanu a numit proiectul \u201emit\u0103 electoral\u0103\u201d, \u00een contextul \u00een Prim\u0103ria a men\u021bionat c\u0103 va aloca 200 de lei fiec\u0103rui voluntar.<\/p>\n\n\n\n<p>Firea a precizat c\u0103 banii nu vor ajunge direct la voluntari, ci vor fi folosi\u021bi pentru a deconta testarea.<\/p>\n\n\n\n<p>Proiectul a atras critici \u0219i din partea deputatului independent Nicu\u0219or Dan. \u201eAdministra\u021bia Firea continu\u0103 s\u0103 acopere spa\u021biul public cu gesturi de imagine f\u0103r\u0103 acoperire \u00een realitate\u201d, a spus acesta luni \u00eentr-un comunicat de pres\u0103.<\/p>\n\n\n\n<p>Nicu\u0219or Dan a mai acuzat-o pe Firea c\u0103 nu a testat p\u00e2n\u0103 acum nici medicii, nici angaja\u021bii din transportul public sau pe cei din serviciile sociale, \u00een ciuda faptului c\u0103 a anun\u021bat aceste test\u0103ri pe 10 aprilie.<\/p>\n\n\n\n<p>Surs\u0103 foto: Captur\u0103 ecran<a href=\"https:\/\/www.facebook.com\/gabifirea\/videos\/781289022400947\/UzpfSTc1MDM0OTg5ODQzNjM5MDoxNjk1MzEwNDUwNjA2OTky\/?__tn__=kC-R&amp;eid=ARBXQt4M5Un9UHo_608ZpowXrviUzfaCzo-CMPq7gD2bzooHwKzB2b1nAdknlpceFyS4kJNrUO1a2_FO&amp;hc_ref=ART9lDuMenoQr3bEHviYu5D4hDCYQP2aw1zS1723CNPKs8RvVMJlly3tYRAhAa6JHmI&amp;__xts__[0]=68.ARDdzQE_OJ8YX3N_sopfPSm3k1LLxKxZTywgsQ2Fd_ju7mBTeVj90DZG-H6uaysNnWg1AQNuYcDrGDUetcIosqmS0zGm-GhDFIPfw7DC9AmvC4aGc3HEIl2Al0fYaNzNnc0adb2e50JWa849q6URQBig3e_WoeYXmQB5qnIP7nLYfcrA_YDzpi5ACW-nl4fcf2M8uMZ8q3vZ1zfTmlheA1zFuUJN6Lz5Jf-0KFjATywRXB5LJU3as2q_eNTE24Hwk8uw5k0Bn2PaSDX148xbNH4Smd5Xv7nt7s8vokTC1ODTjOHfBrXk5UQy7KnMfGGpPfkEnsNJ5jv1YYQidoBkh3hu_j84fsgGoER0QVvzIGf1m8SnUoZh1cglYJ6s2ehp8whQam5_OEDgqqKI4Yxjx-d7_VHyzObxm6BaDZqlmNRJCtWNIGezYBSWFVXlkGWp9ODtSTMkbuDrgGb8tp2tsq5VHUF0FCK-J2EkNR3dIWhmWrqy_JupPFP9uNlByk1HkA\"> Facebook Gabriela Firea<\/a><\/p>\n","protected":false},"excerpt":{"rendered":"<p>Proiectul prin care bucure\u0219tenii vor fi testa\u021bi pentru coronavirus a fost votat luni, \u00een \u0219edin\u021ba Consiliului General al Municipiului Bucure\u0219ti. Conform proiectului, peste 11.000 de bucure\u0219teni vor fi testa\u021bi voluntar, inclusiv cei asimptomatici, \u00eenscriindu-se pe o platform\u0103 online. Testele vor fi de tip PCR, iar Prim\u0103ria Capitalei va deconta o sum\u0103 de 200 de lei [&hellip;]<\/p>\n","protected":false},"author":15,"featured_media":6894,"comment_status":"closed","ping_status":"open","sticky":false,"template":"","format":"standard","meta":{"_acf_changed":false,"inline_featured_image":false,"ngg_post_thumbnail":0,"footnotes":""},"categories":[996,24],"tags":[529,657,726,708],"ppma_author":[22592],"class_list":["post-6887","post","type-post","status-publish","format-standard","has-post-thumbnail","hentry","category-covid-19","category-primarie","tag-coronavirus","tag-coronavirus-bucuresti","tag-testare-bucuresteni-coronavirus","tag-testari"],"acf":[],"yoast_head":"<!-- This site is optimized with the Yoast SEO Premium plugin v25.3 (Yoast SEO v27.4) - https:\/\/yoast.com\/product\/yoast-seo-premium-wordpress\/ -->\n<title>Testarea a peste 11.000 de bucure\u0219teni, aprobat\u0103 \u00een Consiliu - Buletin de Bucure\u0219ti<\/title>\n<meta name=\"robots\" content=\"index, follow, max-snippet:-1, max-image-preview:large, max-video-preview:-1\" \/>\n<link rel=\"canonical\" href=\"https:\/\/buletin.de\/bucuresti\/testarea-a-peste-11-000-de-bucuresteni-aprobata-in-consiliu\/\" \/>\n<meta property=\"og:locale\" content=\"en_GB\" \/>\n<meta property=\"og:type\" content=\"article\" \/>\n<meta property=\"og:title\" content=\"Testarea a peste 11.000 de bucure\u0219teni, aprobat\u0103 \u00een Consiliu\" \/>\n<meta property=\"og:description\" content=\"Proiectul prin care bucure\u0219tenii vor fi testa\u021bi pentru coronavirus a fost votat luni, \u00een \u0219edin\u021ba Consiliului General al Municipiului Bucure\u0219ti. Conform proiectului, peste 11.000 de bucure\u0219teni vor fi testa\u021bi voluntar, inclusiv cei asimptomatici, \u00eenscriindu-se pe o platform\u0103 online. Testele vor fi de tip PCR, iar Prim\u0103ria Capitalei va deconta o sum\u0103 de 200 de lei [&hellip;]\" \/>\n<meta property=\"og:url\" content=\"https:\/\/buletin.de\/bucuresti\/testarea-a-peste-11-000-de-bucuresteni-aprobata-in-consiliu\/\" \/>\n<meta property=\"og:site_name\" content=\"Buletin de Bucure\u0219ti\" \/>\n<meta property=\"article:publisher\" content=\"https:\/\/www.facebook.com\/buletin.de.buc\" \/>\n<meta property=\"article:published_time\" content=\"2020-05-11T11:02:18+00:00\" \/>\n<meta property=\"article:modified_time\" content=\"2020-05-15T11:09:40+00:00\" \/>\n<meta property=\"og:image\" content=\"https:\/\/buletin.de\/bucuresti\/wp-content\/uploads\/Screen-Shot-2020-05-11-at-13.07.55.png\" \/>\n\t<meta property=\"og:image:width\" content=\"1742\" \/>\n\t<meta property=\"og:image:height\" content=\"970\" \/>\n\t<meta property=\"og:image:type\" content=\"image\/png\" \/>\n<meta name=\"author\" content=\"Irina Anghel\" \/>\n<meta name=\"twitter:card\" content=\"summary_large_image\" \/>\n<meta name=\"twitter:label1\" content=\"Written by\" \/>\n\t<meta name=\"twitter:data1\" content=\"Irina Anghel\" \/>\n\t<meta name=\"twitter:label2\" content=\"Estimated reading time\" \/>\n\t<meta name=\"twitter:data2\" content=\"1 minute\" \/>\n<script type=\"application\/ld+json\" class=\"yoast-schema-graph\">{\"@context\":\"https:\\\/\\\/schema.org\",\"@graph\":[{\"@type\":\"Article\",\"@id\":\"https:\\\/\\\/buletin.de\\\/bucuresti\\\/testarea-a-peste-11-000-de-bucuresteni-aprobata-in-consiliu\\\/#article\",\"isPartOf\":{\"@id\":\"https:\\\/\\\/buletin.de\\\/bucuresti\\\/testarea-a-peste-11-000-de-bucuresteni-aprobata-in-consiliu\\\/\"},\"author\":{\"name\":\"Irina Anghel\",\"@id\":\"https:\\\/\\\/buletin.de\\\/bucuresti\\\/#\\\/schema\\\/person\\\/7a01591ad05c4d2c7261fe7f0383d2af\"},\"headline\":\"Testarea a peste 11.000 de bucure\u0219teni, aprobat\u0103 \u00een Consiliu\",\"datePublished\":\"2020-05-11T11:02:18+00:00\",\"dateModified\":\"2020-05-15T11:09:40+00:00\",\"mainEntityOfPage\":{\"@id\":\"https:\\\/\\\/buletin.de\\\/bucuresti\\\/testarea-a-peste-11-000-de-bucuresteni-aprobata-in-consiliu\\\/\"},\"wordCount\":257,\"publisher\":{\"@id\":\"https:\\\/\\\/buletin.de\\\/bucuresti\\\/#organization\"},\"image\":{\"@id\":\"https:\\\/\\\/buletin.de\\\/bucuresti\\\/testarea-a-peste-11-000-de-bucuresteni-aprobata-in-consiliu\\\/#primaryimage\"},\"thumbnailUrl\":\"https:\\\/\\\/buletin.de\\\/bucuresti\\\/wp-content\\\/uploads\\\/Screen-Shot-2020-05-11-at-13.07.55.png\",\"keywords\":[\"coronavirus\",\"coronavirus bucuresti\",\"testare bucuresteni coronavirus\",\"testari\"],\"articleSection\":[\"Covid-19\",\"Prim\u0103rie\"],\"inLanguage\":\"en-GB\",\"copyrightYear\":\"2020\",\"copyrightHolder\":{\"@id\":\"https:\\\/\\\/buletin.de\\\/bucuresti\\\/#organization\"}},{\"@type\":\"WebPage\",\"@id\":\"https:\\\/\\\/buletin.de\\\/bucuresti\\\/testarea-a-peste-11-000-de-bucuresteni-aprobata-in-consiliu\\\/\",\"url\":\"https:\\\/\\\/buletin.de\\\/bucuresti\\\/testarea-a-peste-11-000-de-bucuresteni-aprobata-in-consiliu\\\/\",\"name\":\"Testarea a peste 11.000 de bucure\u0219teni, aprobat\u0103 \u00een Consiliu - Buletin de Bucure\u0219ti\",\"isPartOf\":{\"@id\":\"https:\\\/\\\/buletin.de\\\/bucuresti\\\/#website\"},\"primaryImageOfPage\":{\"@id\":\"https:\\\/\\\/buletin.de\\\/bucuresti\\\/testarea-a-peste-11-000-de-bucuresteni-aprobata-in-consiliu\\\/#primaryimage\"},\"image\":{\"@id\":\"https:\\\/\\\/buletin.de\\\/bucuresti\\\/testarea-a-peste-11-000-de-bucuresteni-aprobata-in-consiliu\\\/#primaryimage\"},\"thumbnailUrl\":\"https:\\\/\\\/buletin.de\\\/bucuresti\\\/wp-content\\\/uploads\\\/Screen-Shot-2020-05-11-at-13.07.55.png\",\"datePublished\":\"2020-05-11T11:02:18+00:00\",\"dateModified\":\"2020-05-15T11:09:40+00:00\",\"breadcrumb\":{\"@id\":\"https:\\\/\\\/buletin.de\\\/bucuresti\\\/testarea-a-peste-11-000-de-bucuresteni-aprobata-in-consiliu\\\/#breadcrumb\"},\"inLanguage\":\"en-GB\",\"potentialAction\":[{\"@type\":\"ReadAction\",\"target\":[\"https:\\\/\\\/buletin.de\\\/bucuresti\\\/testarea-a-peste-11-000-de-bucuresteni-aprobata-in-consiliu\\\/\"]}]},{\"@type\":\"ImageObject\",\"inLanguage\":\"en-GB\",\"@id\":\"https:\\\/\\\/buletin.de\\\/bucuresti\\\/testarea-a-peste-11-000-de-bucuresteni-aprobata-in-consiliu\\\/#primaryimage\",\"url\":\"https:\\\/\\\/buletin.de\\\/bucuresti\\\/wp-content\\\/uploads\\\/Screen-Shot-2020-05-11-at-13.07.55.png\",\"contentUrl\":\"https:\\\/\\\/buletin.de\\\/bucuresti\\\/wp-content\\\/uploads\\\/Screen-Shot-2020-05-11-at-13.07.55.png\",\"width\":1742,\"height\":970},{\"@type\":\"BreadcrumbList\",\"@id\":\"https:\\\/\\\/buletin.de\\\/bucuresti\\\/testarea-a-peste-11-000-de-bucuresteni-aprobata-in-consiliu\\\/#breadcrumb\",\"itemListElement\":[{\"@type\":\"ListItem\",\"position\":1,\"name\":\"Acas\u0103\",\"item\":\"https:\\\/\\\/buletin.de\\\/bucuresti\\\/\"},{\"@type\":\"ListItem\",\"position\":2,\"name\":\"Testarea a peste 11.000 de bucure\u0219teni, aprobat\u0103 \u00een Consiliu\"}]},{\"@type\":\"WebSite\",\"@id\":\"https:\\\/\\\/buletin.de\\\/bucuresti\\\/#website\",\"url\":\"https:\\\/\\\/buletin.de\\\/bucuresti\\\/\",\"name\":\"Buletin de Bucure\u0219ti\",\"description\":\"\u0218tiri \u0219i investiga\u021bii esen\u021biale din capital\u0103\",\"publisher\":{\"@id\":\"https:\\\/\\\/buletin.de\\\/bucuresti\\\/#organization\"},\"potentialAction\":[{\"@type\":\"SearchAction\",\"target\":{\"@type\":\"EntryPoint\",\"urlTemplate\":\"https:\\\/\\\/buletin.de\\\/bucuresti\\\/?s={search_term_string}\"},\"query-input\":{\"@type\":\"PropertyValueSpecification\",\"valueRequired\":true,\"valueName\":\"search_term_string\"}}],\"inLanguage\":\"en-GB\"},{\"@type\":\"Organization\",\"@id\":\"https:\\\/\\\/buletin.de\\\/bucuresti\\\/#organization\",\"name\":\"Buletin de Bucure\u0219ti\",\"url\":\"https:\\\/\\\/buletin.de\\\/bucuresti\\\/\",\"logo\":{\"@type\":\"ImageObject\",\"inLanguage\":\"en-GB\",\"@id\":\"https:\\\/\\\/buletin.de\\\/bucuresti\\\/#\\\/schema\\\/logo\\\/image\\\/\",\"url\":\"https:\\\/\\\/buletin.de\\\/bucuresti\\\/wp-content\\\/uploads\\\/logo-bdb-full-wide-vernil-transparent.png\",\"contentUrl\":\"https:\\\/\\\/buletin.de\\\/bucuresti\\\/wp-content\\\/uploads\\\/logo-bdb-full-wide-vernil-transparent.png\",\"width\":1782,\"height\":626,\"caption\":\"Buletin de Bucure\u0219ti\"},\"image\":{\"@id\":\"https:\\\/\\\/buletin.de\\\/bucuresti\\\/#\\\/schema\\\/logo\\\/image\\\/\"},\"sameAs\":[\"https:\\\/\\\/www.facebook.com\\\/buletin.de.buc\",\"https:\\\/\\\/www.instagram.com\\\/buletinde.bucuresti\\\/\"]},{\"@type\":\"Person\",\"@id\":\"https:\\\/\\\/buletin.de\\\/bucuresti\\\/#\\\/schema\\\/person\\\/7a01591ad05c4d2c7261fe7f0383d2af\",\"name\":\"Irina Anghel\",\"image\":{\"@type\":\"ImageObject\",\"inLanguage\":\"en-GB\",\"@id\":\"https:\\\/\\\/secure.gravatar.com\\\/avatar\\\/e7d429cbd0c7fe915f817961c0ffb96b407bc87e15aa35cee85f77146f8cce7e?s=96&d=monsterid&r=g693374df2a66e3f4935d210ea15b95ff\",\"url\":\"https:\\\/\\\/secure.gravatar.com\\\/avatar\\\/e7d429cbd0c7fe915f817961c0ffb96b407bc87e15aa35cee85f77146f8cce7e?s=96&d=monsterid&r=g\",\"contentUrl\":\"https:\\\/\\\/secure.gravatar.com\\\/avatar\\\/e7d429cbd0c7fe915f817961c0ffb96b407bc87e15aa35cee85f77146f8cce7e?s=96&d=monsterid&r=g\",\"caption\":\"Irina Anghel\"},\"url\":\"https:\\\/\\\/buletin.de\\\/bucuresti\\\/author\\\/irina\\\/\"}]}<\/script>\n<!-- \/ Yoast SEO Premium plugin. -->","yoast_head_json":{"title":"Testarea a peste 11.000 de bucure\u0219teni, aprobat\u0103 \u00een Consiliu - Buletin de Bucure\u0219ti","robots":{"index":"index","follow":"follow","max-snippet":"max-snippet:-1","max-image-preview":"max-image-preview:large","max-video-preview":"max-video-preview:-1"},"canonical":"https:\/\/buletin.de\/bucuresti\/testarea-a-peste-11-000-de-bucuresteni-aprobata-in-consiliu\/","og_locale":"en_GB","og_type":"article","og_title":"Testarea a peste 11.000 de bucure\u0219teni, aprobat\u0103 \u00een Consiliu","og_description":"Proiectul prin care bucure\u0219tenii vor fi testa\u021bi pentru coronavirus a fost votat luni, \u00een \u0219edin\u021ba Consiliului General al Municipiului Bucure\u0219ti. Conform proiectului, peste 11.000 de bucure\u0219teni vor fi testa\u021bi voluntar, inclusiv cei asimptomatici, \u00eenscriindu-se pe o platform\u0103 online. Testele vor fi de tip PCR, iar Prim\u0103ria Capitalei va deconta o sum\u0103 de 200 de lei [&hellip;]","og_url":"https:\/\/buletin.de\/bucuresti\/testarea-a-peste-11-000-de-bucuresteni-aprobata-in-consiliu\/","og_site_name":"Buletin de Bucure\u0219ti","article_publisher":"https:\/\/www.facebook.com\/buletin.de.buc","article_published_time":"2020-05-11T11:02:18+00:00","article_modified_time":"2020-05-15T11:09:40+00:00","og_image":[{"width":1742,"height":970,"url":"https:\/\/buletin.de\/bucuresti\/wp-content\/uploads\/Screen-Shot-2020-05-11-at-13.07.55.png","type":"image\/png"}],"author":"Irina Anghel","twitter_card":"summary_large_image","twitter_misc":{"Written by":"Irina Anghel","Estimated reading time":"1 minute"},"schema":{"@context":"https:\/\/schema.org","@graph":[{"@type":"Article","@id":"https:\/\/buletin.de\/bucuresti\/testarea-a-peste-11-000-de-bucuresteni-aprobata-in-consiliu\/#article","isPartOf":{"@id":"https:\/\/buletin.de\/bucuresti\/testarea-a-peste-11-000-de-bucuresteni-aprobata-in-consiliu\/"},"author":{"name":"Irina Anghel","@id":"https:\/\/buletin.de\/bucuresti\/#\/schema\/person\/7a01591ad05c4d2c7261fe7f0383d2af"},"headline":"Testarea a peste 11.000 de bucure\u0219teni, aprobat\u0103 \u00een Consiliu","datePublished":"2020-05-11T11:02:18+00:00","dateModified":"2020-05-15T11:09:40+00:00","mainEntityOfPage":{"@id":"https:\/\/buletin.de\/bucuresti\/testarea-a-peste-11-000-de-bucuresteni-aprobata-in-consiliu\/"},"wordCount":257,"publisher":{"@id":"https:\/\/buletin.de\/bucuresti\/#organization"},"image":{"@id":"https:\/\/buletin.de\/bucuresti\/testarea-a-peste-11-000-de-bucuresteni-aprobata-in-consiliu\/#primaryimage"},"thumbnailUrl":"https:\/\/buletin.de\/bucuresti\/wp-content\/uploads\/Screen-Shot-2020-05-11-at-13.07.55.png","keywords":["coronavirus","coronavirus bucuresti","testare bucuresteni coronavirus","testari"],"articleSection":["Covid-19","Prim\u0103rie"],"inLanguage":"en-GB","copyrightYear":"2020","copyrightHolder":{"@id":"https:\/\/buletin.de\/bucuresti\/#organization"}},{"@type":"WebPage","@id":"https:\/\/buletin.de\/bucuresti\/testarea-a-peste-11-000-de-bucuresteni-aprobata-in-consiliu\/","url":"https:\/\/buletin.de\/bucuresti\/testarea-a-peste-11-000-de-bucuresteni-aprobata-in-consiliu\/","name":"Testarea a peste 11.000 de bucure\u0219teni, aprobat\u0103 \u00een Consiliu - Buletin de Bucure\u0219ti","isPartOf":{"@id":"https:\/\/buletin.de\/bucuresti\/#website"},"primaryImageOfPage":{"@id":"https:\/\/buletin.de\/bucuresti\/testarea-a-peste-11-000-de-bucuresteni-aprobata-in-consiliu\/#primaryimage"},"image":{"@id":"https:\/\/buletin.de\/bucuresti\/testarea-a-peste-11-000-de-bucuresteni-aprobata-in-consiliu\/#primaryimage"},"thumbnailUrl":"https:\/\/buletin.de\/bucuresti\/wp-content\/uploads\/Screen-Shot-2020-05-11-at-13.07.55.png","datePublished":"2020-05-11T11:02:18+00:00","dateModified":"2020-05-15T11:09:40+00:00","breadcrumb":{"@id":"https:\/\/buletin.de\/bucuresti\/testarea-a-peste-11-000-de-bucuresteni-aprobata-in-consiliu\/#breadcrumb"},"inLanguage":"en-GB","potentialAction":[{"@type":"ReadAction","target":["https:\/\/buletin.de\/bucuresti\/testarea-a-peste-11-000-de-bucuresteni-aprobata-in-consiliu\/"]}]},{"@type":"ImageObject","inLanguage":"en-GB","@id":"https:\/\/buletin.de\/bucuresti\/testarea-a-peste-11-000-de-bucuresteni-aprobata-in-consiliu\/#primaryimage","url":"https:\/\/buletin.de\/bucuresti\/wp-content\/uploads\/Screen-Shot-2020-05-11-at-13.07.55.png","contentUrl":"https:\/\/buletin.de\/bucuresti\/wp-content\/uploads\/Screen-Shot-2020-05-11-at-13.07.55.png","width":1742,"height":970},{"@type":"BreadcrumbList","@id":"https:\/\/buletin.de\/bucuresti\/testarea-a-peste-11-000-de-bucuresteni-aprobata-in-consiliu\/#breadcrumb","itemListElement":[{"@type":"ListItem","position":1,"name":"Acas\u0103","item":"https:\/\/buletin.de\/bucuresti\/"},{"@type":"ListItem","position":2,"name":"Testarea a peste 11.000 de bucure\u0219teni, aprobat\u0103 \u00een Consiliu"}]},{"@type":"WebSite","@id":"https:\/\/buletin.de\/bucuresti\/#website","url":"https:\/\/buletin.de\/bucuresti\/","name":"Buletin de Bucure\u0219ti","description":"\u0218tiri \u0219i investiga\u021bii esen\u021biale din capital\u0103","publisher":{"@id":"https:\/\/buletin.de\/bucuresti\/#organization"},"potentialAction":[{"@type":"SearchAction","target":{"@type":"EntryPoint","urlTemplate":"https:\/\/buletin.de\/bucuresti\/?s={search_term_string}"},"query-input":{"@type":"PropertyValueSpecification","valueRequired":true,"valueName":"search_term_string"}}],"inLanguage":"en-GB"},{"@type":"Organization","@id":"https:\/\/buletin.de\/bucuresti\/#organization","name":"Buletin de Bucure\u0219ti","url":"https:\/\/buletin.de\/bucuresti\/","logo":{"@type":"ImageObject","inLanguage":"en-GB","@id":"https:\/\/buletin.de\/bucuresti\/#\/schema\/logo\/image\/","url":"https:\/\/buletin.de\/bucuresti\/wp-content\/uploads\/logo-bdb-full-wide-vernil-transparent.png","contentUrl":"https:\/\/buletin.de\/bucuresti\/wp-content\/uploads\/logo-bdb-full-wide-vernil-transparent.png","width":1782,"height":626,"caption":"Buletin de Bucure\u0219ti"},"image":{"@id":"https:\/\/buletin.de\/bucuresti\/#\/schema\/logo\/image\/"},"sameAs":["https:\/\/www.facebook.com\/buletin.de.buc","https:\/\/www.instagram.com\/buletinde.bucuresti\/"]},{"@type":"Person","@id":"https:\/\/buletin.de\/bucuresti\/#\/schema\/person\/7a01591ad05c4d2c7261fe7f0383d2af","name":"Irina Anghel","image":{"@type":"ImageObject","inLanguage":"en-GB","@id":"https:\/\/secure.gravatar.com\/avatar\/e7d429cbd0c7fe915f817961c0ffb96b407bc87e15aa35cee85f77146f8cce7e?s=96&d=monsterid&r=g693374df2a66e3f4935d210ea15b95ff","url":"https:\/\/secure.gravatar.com\/avatar\/e7d429cbd0c7fe915f817961c0ffb96b407bc87e15aa35cee85f77146f8cce7e?s=96&d=monsterid&r=g","contentUrl":"https:\/\/secure.gravatar.com\/avatar\/e7d429cbd0c7fe915f817961c0ffb96b407bc87e15aa35cee85f77146f8cce7e?s=96&d=monsterid&r=g","caption":"Irina Anghel"},"url":"https:\/\/buletin.de\/bucuresti\/author\/irina\/"}]}},"authors":[{"term_id":22592,"user_id":15,"is_guest":0,"slug":"irina","display_name":"Irina Anghel","avatar_url":"https:\/\/secure.gravatar.com\/avatar\/e7d429cbd0c7fe915f817961c0ffb96b407bc87e15aa35cee85f77146f8cce7e?s=96&d=monsterid&r=g","0":null,"1":"","2":"","3":"","4":"","5":"","6":"","7":"","8":""}],"_links":{"self":[{"href":"https:\/\/buletin.de\/bucuresti\/wp-json\/wp\/v2\/posts\/6887","targetHints":{"allow":["GET"]}}],"collection":[{"href":"https:\/\/buletin.de\/bucuresti\/wp-json\/wp\/v2\/posts"}],"about":[{"href":"https:\/\/buletin.de\/bucuresti\/wp-json\/wp\/v2\/types\/post"}],"author":[{"embeddable":true,"href":"https:\/\/buletin.de\/bucuresti\/wp-json\/wp\/v2\/users\/15"}],"replies":[{"embeddable":true,"href":"https:\/\/buletin.de\/bucuresti\/wp-json\/wp\/v2\/comments?post=6887"}],"version-history":[{"count":3,"href":"https:\/\/buletin.de\/bucuresti\/wp-json\/wp\/v2\/posts\/6887\/revisions"}],"predecessor-version":[{"id":6897,"href":"https:\/\/buletin.de\/bucuresti\/wp-json\/wp\/v2\/posts\/6887\/revisions\/6897"}],"wp:featuredmedia":[{"embeddable":true,"href":"https:\/\/buletin.de\/bucuresti\/wp-json\/wp\/v2\/media\/6894"}],"wp:attachment":[{"href":"https:\/\/buletin.de\/bucuresti\/wp-json\/wp\/v2\/media?parent=6887"}],"wp:term":[{"taxonomy":"category","embeddable":true,"href":"https:\/\/buletin.de\/bucuresti\/wp-json\/wp\/v2\/categories?post=6887"},{"taxonomy":"post_tag","embeddable":true,"href":"https:\/\/buletin.de\/bucuresti\/wp-json\/wp\/v2\/tags?post=6887"},{"taxonomy":"author","embeddable":true,"href":"https:\/\/buletin.de\/bucuresti\/wp-json\/wp\/v2\/ppma_author?post=6887"}],"curies":[{"name":"wp","href":"https:\/\/api.w.org\/{rel}","templated":true}]}}