{"id":68843,"date":"2023-11-13T18:50:38","date_gmt":"2023-11-13T16:50:38","guid":{"rendered":"https:\/\/buletin.de\/bucuresti\/?p=68843"},"modified":"2023-11-13T21:23:37","modified_gmt":"2023-11-13T19:23:37","slug":"condamnare-in-dosarul-diamantelor-intermediarul-mitei-pentru-fostul-primar-psd-daniel-tudorache-pedeapsa-de-peste-9-ani-de-inchisoare","status":"publish","type":"post","link":"https:\/\/buletin.de\/bucuresti\/condamnare-in-dosarul-diamantelor-intermediarul-mitei-pentru-fostul-primar-psd-daniel-tudorache-pedeapsa-de-peste-9-ani-de-inchisoare\/","title":{"rendered":"Condamnare \u00een \u201eDosarul Diamantelor\u201d. Intermediarul mitei pentru fostul primar PSD Daniel Tudorache, pedeaps\u0103 de peste 9 ani de \u00eenchisoare"},"content":{"rendered":"\n<p><strong>\u00cenalta Curte de Casa\u0163ie \u015fi Justi\u0163ie\u00a0l-a condamnat ast\u0103zi, definitiv, pe Ion Ni\u0163\u0103, un apropiat al lui Daniel Tudorache, fost primar al Sectorului 1. Acesta este acuzat c\u0103 ar fi intermediat <a href=\"https:\/\/buletin.de\/bucuresti\/dna-il-trimite-in-judecata-pe-daniel-tudorache-fostul-edil-de-la-sectorul-1-e-acuzat-de-spalare-de-bani\/\">mita primit\u0103 de fostul edil PSD<\/a>.<\/strong><\/p>\n\n\n\n<p>De asemenea, Curtea Suprem\u0103 a decis ca fostul primar al Sectorului 1 al Capitalei, Daniel Tudorache, s\u0103 r\u0103m\u00e2n\u0103 sub control judiciar, pe cau\u0163iune.<\/p>\n\n\n\n<p>Ion Ni\u0163\u0103 a primit o pedeaps\u0103 de 9 ani \u015fi 2 luni \u00eenchisoare pentru trafic de influen\u0163\u0103.<\/p>\n\n\n\n<p>Ni\u0163\u0103 se afl\u0103 \u00een prezent \u00een Penitenciarul Rahova, unde execut\u0103 o condamnare de 7 ani \u015fi 10 luni \u00eenchisoare, primit\u0103 \u00een mai 2022, \u00een dosarul de corup\u0163ie al fostului primar general Sorin Oprescu.<\/p>\n\n\n\n<p>Lui Ni\u0163\u0103 i-a fost confiscata suma de 59.320 lei, dob\u00e2ndit\u0103 prin s\u0103v\u00e2r\u015firea infrac\u0163iunilor \u015fi are de pl\u0103tit \u015fi cheltuieli de judecat\u0103 de 45.000 lei.<\/p>\n\n\n\n<p>Potrivit DNA, \u00een perioada septembrie 2016 \u2013 mai 2017, Ion Ni\u0163\u0103 ar fi pretins un comision de 10% unui om de afaceri, pentru un contract derulat cu Prim\u0103ria Sectorului 1. Procurorii precizeaz\u0103 c\u0103 Daniel Tudorache ar fi fost principalul beneficiar al sumelor primite de Ion Ni\u0163\u0103.<\/p>\n\n\n\n<p>Daniel Tudorache a fost trimis \u00een judecat\u0103 de DNA, \u00een martie 2022, pentru complicitate la trafic de influen\u0163\u0103 \u015fi sp\u0103larea banilor. Al\u0103turi de el s-au aflat  so\u0163ia sa, Adina Constan\u0163a Tudorache \u015fi Ion Ni\u0163\u0103.<\/p>\n\n\n\n<p>Este vorba despre dosarul \u201ediamantelor\u201d. Dosarul a fost numit a\u0219a de pres\u0103 dup\u0103 ce la locuin\u0163a lui Daniel Tudorache au fost g\u0103site sute de bijuterii \u015fi pietre pre\u0163ioase cu o valoare de peste 9 milioane lei. De asemenea, au fost g\u0103si\u021bi 11.210 euro \u015fi 4.235 dolari.<\/p>\n","protected":false},"excerpt":{"rendered":"<p>\u00cenalta Curte de Casa\u0163ie \u015fi Justi\u0163ie\u00a0l-a condamnat ast\u0103zi, definitiv, pe Ion Ni\u0163\u0103, un apropiat al lui Daniel Tudorache, fost primar al Sectorului 1. Acesta este acuzat c\u0103 ar fi intermediat mita primit\u0103 de fostul edil PSD. De asemenea, Curtea Suprem\u0103 a decis ca fostul primar al Sectorului 1 al Capitalei, Daniel Tudorache, s\u0103 r\u0103m\u00e2n\u0103 sub [&hellip;]<\/p>\n","protected":false},"author":49,"featured_media":8616,"comment_status":"closed","ping_status":"open","sticky":false,"template":"","format":"standard","meta":{"_acf_changed":false,"inline_featured_image":false,"ngg_post_thumbnail":0,"footnotes":""},"categories":[6994,5762],"tags":[1233,875,7779,7778],"ppma_author":[22574],"class_list":["post-68843","post","type-post","status-publish","format-standard","has-post-thumbnail","hentry","category-stiri-2","category-main","tag-daniel-tudorache","tag-dna","tag-dosarul-diamantelor","tag-ion-nita"],"acf":[],"yoast_head":"<!-- This site is optimized with the Yoast SEO Premium plugin v25.3 (Yoast SEO v27.4) - https:\/\/yoast.com\/product\/yoast-seo-premium-wordpress\/ -->\n<title>Condamnare \u00een \u201eDosarul Diamantelor\u201d. Intermediarul mitei pentru fostul primar PSD Daniel Tudorache, pedeaps\u0103 de peste 9 ani de \u00eenchisoare - Buletin de Bucure\u0219ti<\/title>\n<meta name=\"robots\" content=\"index, follow, max-snippet:-1, max-image-preview:large, max-video-preview:-1\" \/>\n<link rel=\"canonical\" href=\"https:\/\/buletin.de\/bucuresti\/condamnare-in-dosarul-diamantelor-intermediarul-mitei-pentru-fostul-primar-psd-daniel-tudorache-pedeapsa-de-peste-9-ani-de-inchisoare\/\" \/>\n<meta property=\"og:locale\" content=\"en_GB\" \/>\n<meta property=\"og:type\" content=\"article\" \/>\n<meta property=\"og:title\" content=\"Condamnare \u00een \u201eDosarul Diamantelor\u201d. Intermediarul mitei pentru fostul primar PSD Daniel Tudorache, pedeaps\u0103 de peste 9 ani de \u00eenchisoare\" \/>\n<meta property=\"og:description\" content=\"\u00cenalta Curte de Casa\u0163ie \u015fi Justi\u0163ie\u00a0l-a condamnat ast\u0103zi, definitiv, pe Ion Ni\u0163\u0103, un apropiat al lui Daniel Tudorache, fost primar al Sectorului 1. Acesta este acuzat c\u0103 ar fi intermediat mita primit\u0103 de fostul edil PSD. De asemenea, Curtea Suprem\u0103 a decis ca fostul primar al Sectorului 1 al Capitalei, Daniel Tudorache, s\u0103 r\u0103m\u00e2n\u0103 sub [&hellip;]\" \/>\n<meta property=\"og:url\" content=\"https:\/\/buletin.de\/bucuresti\/condamnare-in-dosarul-diamantelor-intermediarul-mitei-pentru-fostul-primar-psd-daniel-tudorache-pedeapsa-de-peste-9-ani-de-inchisoare\/\" \/>\n<meta property=\"og:site_name\" content=\"Buletin de Bucure\u0219ti\" \/>\n<meta property=\"article:publisher\" content=\"https:\/\/www.facebook.com\/buletin.de.buc\" \/>\n<meta property=\"article:published_time\" content=\"2023-11-13T16:50:38+00:00\" \/>\n<meta property=\"article:modified_time\" content=\"2023-11-13T19:23:37+00:00\" \/>\n<meta property=\"og:image\" content=\"https:\/\/buletin.de\/bucuresti\/wp-content\/uploads\/Dan-Tudorache.jpg\" \/>\n\t<meta property=\"og:image:width\" content=\"800\" \/>\n\t<meta property=\"og:image:height\" content=\"450\" \/>\n\t<meta property=\"og:image:type\" content=\"image\/jpeg\" \/>\n<meta name=\"author\" content=\"Diana Matei\" \/>\n<meta name=\"twitter:card\" content=\"summary_large_image\" \/>\n<meta name=\"twitter:label1\" content=\"Written by\" \/>\n\t<meta name=\"twitter:data1\" content=\"Diana Matei\" \/>\n\t<meta name=\"twitter:label2\" content=\"Estimated reading time\" \/>\n\t<meta name=\"twitter:data2\" content=\"1 minute\" \/>\n<script type=\"application\/ld+json\" class=\"yoast-schema-graph\">{\"@context\":\"https:\\\/\\\/schema.org\",\"@graph\":[{\"@type\":\"Article\",\"@id\":\"https:\\\/\\\/buletin.de\\\/bucuresti\\\/condamnare-in-dosarul-diamantelor-intermediarul-mitei-pentru-fostul-primar-psd-daniel-tudorache-pedeapsa-de-peste-9-ani-de-inchisoare\\\/#article\",\"isPartOf\":{\"@id\":\"https:\\\/\\\/buletin.de\\\/bucuresti\\\/condamnare-in-dosarul-diamantelor-intermediarul-mitei-pentru-fostul-primar-psd-daniel-tudorache-pedeapsa-de-peste-9-ani-de-inchisoare\\\/\"},\"author\":{\"name\":\"Diana Matei\",\"@id\":\"https:\\\/\\\/buletin.de\\\/bucuresti\\\/#\\\/schema\\\/person\\\/7e46040573290777280a0835d81ea4ea\"},\"headline\":\"Condamnare \u00een \u201eDosarul Diamantelor\u201d. Intermediarul mitei pentru fostul primar PSD Daniel Tudorache, pedeaps\u0103 de peste 9 ani de \u00eenchisoare\",\"datePublished\":\"2023-11-13T16:50:38+00:00\",\"dateModified\":\"2023-11-13T19:23:37+00:00\",\"mainEntityOfPage\":{\"@id\":\"https:\\\/\\\/buletin.de\\\/bucuresti\\\/condamnare-in-dosarul-diamantelor-intermediarul-mitei-pentru-fostul-primar-psd-daniel-tudorache-pedeapsa-de-peste-9-ani-de-inchisoare\\\/\"},\"wordCount\":284,\"publisher\":{\"@id\":\"https:\\\/\\\/buletin.de\\\/bucuresti\\\/#organization\"},\"image\":{\"@id\":\"https:\\\/\\\/buletin.de\\\/bucuresti\\\/condamnare-in-dosarul-diamantelor-intermediarul-mitei-pentru-fostul-primar-psd-daniel-tudorache-pedeapsa-de-peste-9-ani-de-inchisoare\\\/#primaryimage\"},\"thumbnailUrl\":\"https:\\\/\\\/buletin.de\\\/bucuresti\\\/wp-content\\\/uploads\\\/Dan-Tudorache.jpg\",\"keywords\":[\"daniel tudorache\",\"dna\",\"Dosarul Diamantelor\",\"Ion Nita\"],\"articleSection\":[\"Articole\",\"Main\"],\"inLanguage\":\"en-GB\",\"copyrightYear\":\"2023\",\"copyrightHolder\":{\"@id\":\"https:\\\/\\\/buletin.de\\\/bucuresti\\\/#organization\"}},{\"@type\":\"WebPage\",\"@id\":\"https:\\\/\\\/buletin.de\\\/bucuresti\\\/condamnare-in-dosarul-diamantelor-intermediarul-mitei-pentru-fostul-primar-psd-daniel-tudorache-pedeapsa-de-peste-9-ani-de-inchisoare\\\/\",\"url\":\"https:\\\/\\\/buletin.de\\\/bucuresti\\\/condamnare-in-dosarul-diamantelor-intermediarul-mitei-pentru-fostul-primar-psd-daniel-tudorache-pedeapsa-de-peste-9-ani-de-inchisoare\\\/\",\"name\":\"Condamnare \u00een \u201eDosarul Diamantelor\u201d. Intermediarul mitei pentru fostul primar PSD Daniel Tudorache, pedeaps\u0103 de peste 9 ani de \u00eenchisoare - Buletin de Bucure\u0219ti\",\"isPartOf\":{\"@id\":\"https:\\\/\\\/buletin.de\\\/bucuresti\\\/#website\"},\"primaryImageOfPage\":{\"@id\":\"https:\\\/\\\/buletin.de\\\/bucuresti\\\/condamnare-in-dosarul-diamantelor-intermediarul-mitei-pentru-fostul-primar-psd-daniel-tudorache-pedeapsa-de-peste-9-ani-de-inchisoare\\\/#primaryimage\"},\"image\":{\"@id\":\"https:\\\/\\\/buletin.de\\\/bucuresti\\\/condamnare-in-dosarul-diamantelor-intermediarul-mitei-pentru-fostul-primar-psd-daniel-tudorache-pedeapsa-de-peste-9-ani-de-inchisoare\\\/#primaryimage\"},\"thumbnailUrl\":\"https:\\\/\\\/buletin.de\\\/bucuresti\\\/wp-content\\\/uploads\\\/Dan-Tudorache.jpg\",\"datePublished\":\"2023-11-13T16:50:38+00:00\",\"dateModified\":\"2023-11-13T19:23:37+00:00\",\"breadcrumb\":{\"@id\":\"https:\\\/\\\/buletin.de\\\/bucuresti\\\/condamnare-in-dosarul-diamantelor-intermediarul-mitei-pentru-fostul-primar-psd-daniel-tudorache-pedeapsa-de-peste-9-ani-de-inchisoare\\\/#breadcrumb\"},\"inLanguage\":\"en-GB\",\"potentialAction\":[{\"@type\":\"ReadAction\",\"target\":[\"https:\\\/\\\/buletin.de\\\/bucuresti\\\/condamnare-in-dosarul-diamantelor-intermediarul-mitei-pentru-fostul-primar-psd-daniel-tudorache-pedeapsa-de-peste-9-ani-de-inchisoare\\\/\"]}]},{\"@type\":\"ImageObject\",\"inLanguage\":\"en-GB\",\"@id\":\"https:\\\/\\\/buletin.de\\\/bucuresti\\\/condamnare-in-dosarul-diamantelor-intermediarul-mitei-pentru-fostul-primar-psd-daniel-tudorache-pedeapsa-de-peste-9-ani-de-inchisoare\\\/#primaryimage\",\"url\":\"https:\\\/\\\/buletin.de\\\/bucuresti\\\/wp-content\\\/uploads\\\/Dan-Tudorache.jpg\",\"contentUrl\":\"https:\\\/\\\/buletin.de\\\/bucuresti\\\/wp-content\\\/uploads\\\/Dan-Tudorache.jpg\",\"width\":800,\"height\":450,\"caption\":\"Foto: Arhiva\"},{\"@type\":\"BreadcrumbList\",\"@id\":\"https:\\\/\\\/buletin.de\\\/bucuresti\\\/condamnare-in-dosarul-diamantelor-intermediarul-mitei-pentru-fostul-primar-psd-daniel-tudorache-pedeapsa-de-peste-9-ani-de-inchisoare\\\/#breadcrumb\",\"itemListElement\":[{\"@type\":\"ListItem\",\"position\":1,\"name\":\"Acas\u0103\",\"item\":\"https:\\\/\\\/buletin.de\\\/bucuresti\\\/\"},{\"@type\":\"ListItem\",\"position\":2,\"name\":\"Condamnare \u00een \u201eDosarul Diamantelor\u201d. Intermediarul mitei pentru fostul primar PSD Daniel Tudorache, pedeaps\u0103 de peste 9 ani de \u00eenchisoare\"}]},{\"@type\":\"WebSite\",\"@id\":\"https:\\\/\\\/buletin.de\\\/bucuresti\\\/#website\",\"url\":\"https:\\\/\\\/buletin.de\\\/bucuresti\\\/\",\"name\":\"Buletin de Bucure\u0219ti\",\"description\":\"\u0218tiri \u0219i investiga\u021bii esen\u021biale din capital\u0103\",\"publisher\":{\"@id\":\"https:\\\/\\\/buletin.de\\\/bucuresti\\\/#organization\"},\"potentialAction\":[{\"@type\":\"SearchAction\",\"target\":{\"@type\":\"EntryPoint\",\"urlTemplate\":\"https:\\\/\\\/buletin.de\\\/bucuresti\\\/?s={search_term_string}\"},\"query-input\":{\"@type\":\"PropertyValueSpecification\",\"valueRequired\":true,\"valueName\":\"search_term_string\"}}],\"inLanguage\":\"en-GB\"},{\"@type\":\"Organization\",\"@id\":\"https:\\\/\\\/buletin.de\\\/bucuresti\\\/#organization\",\"name\":\"Buletin de Bucure\u0219ti\",\"url\":\"https:\\\/\\\/buletin.de\\\/bucuresti\\\/\",\"logo\":{\"@type\":\"ImageObject\",\"inLanguage\":\"en-GB\",\"@id\":\"https:\\\/\\\/buletin.de\\\/bucuresti\\\/#\\\/schema\\\/logo\\\/image\\\/\",\"url\":\"https:\\\/\\\/buletin.de\\\/bucuresti\\\/wp-content\\\/uploads\\\/logo-bdb-full-wide-vernil-transparent.png\",\"contentUrl\":\"https:\\\/\\\/buletin.de\\\/bucuresti\\\/wp-content\\\/uploads\\\/logo-bdb-full-wide-vernil-transparent.png\",\"width\":1782,\"height\":626,\"caption\":\"Buletin de Bucure\u0219ti\"},\"image\":{\"@id\":\"https:\\\/\\\/buletin.de\\\/bucuresti\\\/#\\\/schema\\\/logo\\\/image\\\/\"},\"sameAs\":[\"https:\\\/\\\/www.facebook.com\\\/buletin.de.buc\",\"https:\\\/\\\/www.instagram.com\\\/buletinde.bucuresti\\\/\"]},{\"@type\":\"Person\",\"@id\":\"https:\\\/\\\/buletin.de\\\/bucuresti\\\/#\\\/schema\\\/person\\\/7e46040573290777280a0835d81ea4ea\",\"name\":\"Diana Matei\",\"image\":{\"@type\":\"ImageObject\",\"inLanguage\":\"en-GB\",\"@id\":\"https:\\\/\\\/buletin.de\\\/bucuresti\\\/wp-content\\\/uploads\\\/9-2-96x96.jpg1e8590b30871d70e62ebcdaf2eff570c\",\"url\":\"https:\\\/\\\/buletin.de\\\/bucuresti\\\/wp-content\\\/uploads\\\/9-2-96x96.jpg\",\"contentUrl\":\"https:\\\/\\\/buletin.de\\\/bucuresti\\\/wp-content\\\/uploads\\\/9-2-96x96.jpg\",\"caption\":\"Diana Matei\"},\"url\":\"https:\\\/\\\/buletin.de\\\/bucuresti\\\/author\\\/dianamatei\\\/\"}]}<\/script>\n<!-- \/ Yoast SEO Premium plugin. -->","yoast_head_json":{"title":"Condamnare \u00een \u201eDosarul Diamantelor\u201d. Intermediarul mitei pentru fostul primar PSD Daniel Tudorache, pedeaps\u0103 de peste 9 ani de \u00eenchisoare - Buletin de Bucure\u0219ti","robots":{"index":"index","follow":"follow","max-snippet":"max-snippet:-1","max-image-preview":"max-image-preview:large","max-video-preview":"max-video-preview:-1"},"canonical":"https:\/\/buletin.de\/bucuresti\/condamnare-in-dosarul-diamantelor-intermediarul-mitei-pentru-fostul-primar-psd-daniel-tudorache-pedeapsa-de-peste-9-ani-de-inchisoare\/","og_locale":"en_GB","og_type":"article","og_title":"Condamnare \u00een \u201eDosarul Diamantelor\u201d. Intermediarul mitei pentru fostul primar PSD Daniel Tudorache, pedeaps\u0103 de peste 9 ani de \u00eenchisoare","og_description":"\u00cenalta Curte de Casa\u0163ie \u015fi Justi\u0163ie\u00a0l-a condamnat ast\u0103zi, definitiv, pe Ion Ni\u0163\u0103, un apropiat al lui Daniel Tudorache, fost primar al Sectorului 1. Acesta este acuzat c\u0103 ar fi intermediat mita primit\u0103 de fostul edil PSD. De asemenea, Curtea Suprem\u0103 a decis ca fostul primar al Sectorului 1 al Capitalei, Daniel Tudorache, s\u0103 r\u0103m\u00e2n\u0103 sub [&hellip;]","og_url":"https:\/\/buletin.de\/bucuresti\/condamnare-in-dosarul-diamantelor-intermediarul-mitei-pentru-fostul-primar-psd-daniel-tudorache-pedeapsa-de-peste-9-ani-de-inchisoare\/","og_site_name":"Buletin de Bucure\u0219ti","article_publisher":"https:\/\/www.facebook.com\/buletin.de.buc","article_published_time":"2023-11-13T16:50:38+00:00","article_modified_time":"2023-11-13T19:23:37+00:00","og_image":[{"width":800,"height":450,"url":"https:\/\/buletin.de\/bucuresti\/wp-content\/uploads\/Dan-Tudorache.jpg","type":"image\/jpeg"}],"author":"Diana Matei","twitter_card":"summary_large_image","twitter_misc":{"Written by":"Diana Matei","Estimated reading time":"1 minute"},"schema":{"@context":"https:\/\/schema.org","@graph":[{"@type":"Article","@id":"https:\/\/buletin.de\/bucuresti\/condamnare-in-dosarul-diamantelor-intermediarul-mitei-pentru-fostul-primar-psd-daniel-tudorache-pedeapsa-de-peste-9-ani-de-inchisoare\/#article","isPartOf":{"@id":"https:\/\/buletin.de\/bucuresti\/condamnare-in-dosarul-diamantelor-intermediarul-mitei-pentru-fostul-primar-psd-daniel-tudorache-pedeapsa-de-peste-9-ani-de-inchisoare\/"},"author":{"name":"Diana Matei","@id":"https:\/\/buletin.de\/bucuresti\/#\/schema\/person\/7e46040573290777280a0835d81ea4ea"},"headline":"Condamnare \u00een \u201eDosarul Diamantelor\u201d. Intermediarul mitei pentru fostul primar PSD Daniel Tudorache, pedeaps\u0103 de peste 9 ani de \u00eenchisoare","datePublished":"2023-11-13T16:50:38+00:00","dateModified":"2023-11-13T19:23:37+00:00","mainEntityOfPage":{"@id":"https:\/\/buletin.de\/bucuresti\/condamnare-in-dosarul-diamantelor-intermediarul-mitei-pentru-fostul-primar-psd-daniel-tudorache-pedeapsa-de-peste-9-ani-de-inchisoare\/"},"wordCount":284,"publisher":{"@id":"https:\/\/buletin.de\/bucuresti\/#organization"},"image":{"@id":"https:\/\/buletin.de\/bucuresti\/condamnare-in-dosarul-diamantelor-intermediarul-mitei-pentru-fostul-primar-psd-daniel-tudorache-pedeapsa-de-peste-9-ani-de-inchisoare\/#primaryimage"},"thumbnailUrl":"https:\/\/buletin.de\/bucuresti\/wp-content\/uploads\/Dan-Tudorache.jpg","keywords":["daniel tudorache","dna","Dosarul Diamantelor","Ion Nita"],"articleSection":["Articole","Main"],"inLanguage":"en-GB","copyrightYear":"2023","copyrightHolder":{"@id":"https:\/\/buletin.de\/bucuresti\/#organization"}},{"@type":"WebPage","@id":"https:\/\/buletin.de\/bucuresti\/condamnare-in-dosarul-diamantelor-intermediarul-mitei-pentru-fostul-primar-psd-daniel-tudorache-pedeapsa-de-peste-9-ani-de-inchisoare\/","url":"https:\/\/buletin.de\/bucuresti\/condamnare-in-dosarul-diamantelor-intermediarul-mitei-pentru-fostul-primar-psd-daniel-tudorache-pedeapsa-de-peste-9-ani-de-inchisoare\/","name":"Condamnare \u00een \u201eDosarul Diamantelor\u201d. Intermediarul mitei pentru fostul primar PSD Daniel Tudorache, pedeaps\u0103 de peste 9 ani de \u00eenchisoare - Buletin de Bucure\u0219ti","isPartOf":{"@id":"https:\/\/buletin.de\/bucuresti\/#website"},"primaryImageOfPage":{"@id":"https:\/\/buletin.de\/bucuresti\/condamnare-in-dosarul-diamantelor-intermediarul-mitei-pentru-fostul-primar-psd-daniel-tudorache-pedeapsa-de-peste-9-ani-de-inchisoare\/#primaryimage"},"image":{"@id":"https:\/\/buletin.de\/bucuresti\/condamnare-in-dosarul-diamantelor-intermediarul-mitei-pentru-fostul-primar-psd-daniel-tudorache-pedeapsa-de-peste-9-ani-de-inchisoare\/#primaryimage"},"thumbnailUrl":"https:\/\/buletin.de\/bucuresti\/wp-content\/uploads\/Dan-Tudorache.jpg","datePublished":"2023-11-13T16:50:38+00:00","dateModified":"2023-11-13T19:23:37+00:00","breadcrumb":{"@id":"https:\/\/buletin.de\/bucuresti\/condamnare-in-dosarul-diamantelor-intermediarul-mitei-pentru-fostul-primar-psd-daniel-tudorache-pedeapsa-de-peste-9-ani-de-inchisoare\/#breadcrumb"},"inLanguage":"en-GB","potentialAction":[{"@type":"ReadAction","target":["https:\/\/buletin.de\/bucuresti\/condamnare-in-dosarul-diamantelor-intermediarul-mitei-pentru-fostul-primar-psd-daniel-tudorache-pedeapsa-de-peste-9-ani-de-inchisoare\/"]}]},{"@type":"ImageObject","inLanguage":"en-GB","@id":"https:\/\/buletin.de\/bucuresti\/condamnare-in-dosarul-diamantelor-intermediarul-mitei-pentru-fostul-primar-psd-daniel-tudorache-pedeapsa-de-peste-9-ani-de-inchisoare\/#primaryimage","url":"https:\/\/buletin.de\/bucuresti\/wp-content\/uploads\/Dan-Tudorache.jpg","contentUrl":"https:\/\/buletin.de\/bucuresti\/wp-content\/uploads\/Dan-Tudorache.jpg","width":800,"height":450,"caption":"Foto: Arhiva"},{"@type":"BreadcrumbList","@id":"https:\/\/buletin.de\/bucuresti\/condamnare-in-dosarul-diamantelor-intermediarul-mitei-pentru-fostul-primar-psd-daniel-tudorache-pedeapsa-de-peste-9-ani-de-inchisoare\/#breadcrumb","itemListElement":[{"@type":"ListItem","position":1,"name":"Acas\u0103","item":"https:\/\/buletin.de\/bucuresti\/"},{"@type":"ListItem","position":2,"name":"Condamnare \u00een \u201eDosarul Diamantelor\u201d. Intermediarul mitei pentru fostul primar PSD Daniel Tudorache, pedeaps\u0103 de peste 9 ani de \u00eenchisoare"}]},{"@type":"WebSite","@id":"https:\/\/buletin.de\/bucuresti\/#website","url":"https:\/\/buletin.de\/bucuresti\/","name":"Buletin de Bucure\u0219ti","description":"\u0218tiri \u0219i investiga\u021bii esen\u021biale din capital\u0103","publisher":{"@id":"https:\/\/buletin.de\/bucuresti\/#organization"},"potentialAction":[{"@type":"SearchAction","target":{"@type":"EntryPoint","urlTemplate":"https:\/\/buletin.de\/bucuresti\/?s={search_term_string}"},"query-input":{"@type":"PropertyValueSpecification","valueRequired":true,"valueName":"search_term_string"}}],"inLanguage":"en-GB"},{"@type":"Organization","@id":"https:\/\/buletin.de\/bucuresti\/#organization","name":"Buletin de Bucure\u0219ti","url":"https:\/\/buletin.de\/bucuresti\/","logo":{"@type":"ImageObject","inLanguage":"en-GB","@id":"https:\/\/buletin.de\/bucuresti\/#\/schema\/logo\/image\/","url":"https:\/\/buletin.de\/bucuresti\/wp-content\/uploads\/logo-bdb-full-wide-vernil-transparent.png","contentUrl":"https:\/\/buletin.de\/bucuresti\/wp-content\/uploads\/logo-bdb-full-wide-vernil-transparent.png","width":1782,"height":626,"caption":"Buletin de Bucure\u0219ti"},"image":{"@id":"https:\/\/buletin.de\/bucuresti\/#\/schema\/logo\/image\/"},"sameAs":["https:\/\/www.facebook.com\/buletin.de.buc","https:\/\/www.instagram.com\/buletinde.bucuresti\/"]},{"@type":"Person","@id":"https:\/\/buletin.de\/bucuresti\/#\/schema\/person\/7e46040573290777280a0835d81ea4ea","name":"Diana Matei","image":{"@type":"ImageObject","inLanguage":"en-GB","@id":"https:\/\/buletin.de\/bucuresti\/wp-content\/uploads\/9-2-96x96.jpg1e8590b30871d70e62ebcdaf2eff570c","url":"https:\/\/buletin.de\/bucuresti\/wp-content\/uploads\/9-2-96x96.jpg","contentUrl":"https:\/\/buletin.de\/bucuresti\/wp-content\/uploads\/9-2-96x96.jpg","caption":"Diana Matei"},"url":"https:\/\/buletin.de\/bucuresti\/author\/dianamatei\/"}]}},"authors":[{"term_id":22574,"user_id":49,"is_guest":0,"slug":"dianamatei","display_name":"Diana Matei","avatar_url":"https:\/\/buletin.de\/bucuresti\/wp-content\/uploads\/9-2-96x96.jpg","0":null,"1":"","2":"","3":"","4":"","5":"","6":"","7":"","8":""}],"_links":{"self":[{"href":"https:\/\/buletin.de\/bucuresti\/wp-json\/wp\/v2\/posts\/68843","targetHints":{"allow":["GET"]}}],"collection":[{"href":"https:\/\/buletin.de\/bucuresti\/wp-json\/wp\/v2\/posts"}],"about":[{"href":"https:\/\/buletin.de\/bucuresti\/wp-json\/wp\/v2\/types\/post"}],"author":[{"embeddable":true,"href":"https:\/\/buletin.de\/bucuresti\/wp-json\/wp\/v2\/users\/49"}],"replies":[{"embeddable":true,"href":"https:\/\/buletin.de\/bucuresti\/wp-json\/wp\/v2\/comments?post=68843"}],"version-history":[{"count":6,"href":"https:\/\/buletin.de\/bucuresti\/wp-json\/wp\/v2\/posts\/68843\/revisions"}],"predecessor-version":[{"id":68865,"href":"https:\/\/buletin.de\/bucuresti\/wp-json\/wp\/v2\/posts\/68843\/revisions\/68865"}],"wp:featuredmedia":[{"embeddable":true,"href":"https:\/\/buletin.de\/bucuresti\/wp-json\/wp\/v2\/media\/8616"}],"wp:attachment":[{"href":"https:\/\/buletin.de\/bucuresti\/wp-json\/wp\/v2\/media?parent=68843"}],"wp:term":[{"taxonomy":"category","embeddable":true,"href":"https:\/\/buletin.de\/bucuresti\/wp-json\/wp\/v2\/categories?post=68843"},{"taxonomy":"post_tag","embeddable":true,"href":"https:\/\/buletin.de\/bucuresti\/wp-json\/wp\/v2\/tags?post=68843"},{"taxonomy":"author","embeddable":true,"href":"https:\/\/buletin.de\/bucuresti\/wp-json\/wp\/v2\/ppma_author?post=68843"}],"curies":[{"name":"wp","href":"https:\/\/api.w.org\/{rel}","templated":true}]}}