{"id":68834,"date":"2023-11-13T18:17:29","date_gmt":"2023-11-13T16:17:29","guid":{"rendered":"https:\/\/buletin.de\/bucuresti\/?p=68834"},"modified":"2023-11-13T18:17:29","modified_gmt":"2023-11-13T16:17:29","slug":"sector-3-i-echipamentele-statiei-de-sortare-de-la-catelu-se-vand-la-licitatie-pret-de-pornire-de-peste-4-milioane-de-euro","status":"publish","type":"post","link":"https:\/\/buletin.de\/bucuresti\/sector-3-i-echipamentele-statiei-de-sortare-de-la-catelu-se-vand-la-licitatie-pret-de-pornire-de-peste-4-milioane-de-euro\/","title":{"rendered":"Sector 3 I Echipamentele sta\u021biei de sortare de la C\u0103\u021belu se v\u00e2nd la licita\u021bie. Pre\u0163 de pornire de peste 4 milioane de euro"},"content":{"rendered":"\n<p><strong>Echipamentele sta\u021biei de sortare de la C\u0103\u021belu ar putea fi v\u00e2ndute<\/strong><strong>. Este un proiect aflat pe ordinea de zi a Consiliului Local de m\u00e2ine.<\/strong><\/p>\n\n\n\n<p>Prim\u0103ria Sectorului 3 vrea s\u0103 scoat\u0103 la licita\u021bie echipamentele de la sta\u021bia de sortare de pe Str. Drumul Lunca Vi\u0219agului, nr. 42\u201160. Valoarea de la care se porne\u0219te este de pu\u021bin peste 4 milioane de euro.<\/p>\n\n\n\n<p>Sta\u021bia de sortare de la C\u0103\u021belu a fost \u00eenchis\u0103 de Gard\u0103 de Mediu pe 6 iunie 2022 iar de\u0219eurile, provenite de pe raza Sectorului 3, nu au mai fost transportate c\u0103tre societate.<\/p>\n\n\n\n<p>Chiar \u0219i \u00een aceste condi\u021bii, sta\u021bia genereaz\u0103 cheltuieli, potrivit notei de fundamentare. De asemenea, nu a fost adoptat\u0103 nicio hot\u0103r\u00e2re pentru relocarea ei.<\/p>\n\n\n\n<p>\u201e<em>\u00cen perioada 06.06.2022- 02.11.2023, datorit\u0103 m\u0103surilor stabilite de comisarii G\u0103rzii de Mediu, aceasta \u00eenregistreaz\u0103 costuri \u00een ceea ce prive\u0219te cheltuielile, cheltuieli ce se reg\u0103sesc \u00een amortiz\u0103ri, chirii, eliminarea de\u015feurilor, carburan\u0163i, care afecteaz\u0103 rezultatele societ\u0103\u021bii. Valoarea de achizi\u021bie a echipamentelor componente ale sta\u021biei de sortare a fost de 5.179.725,25 EURO (echivalent a 24.963.493,93 lei la 17.08.2020). Valoarea contabil\u0103 (r\u0103mas\u0103 de amortizat aprox. 79%) \u00een noiembrie 2023 este 3.990.696,41 EURO (19.827.775,10 lei)<\/em>\u201d.<\/p>\n\n\n\n<p>Prim\u0103ria Sectorului 3 a investit \u00eentre anii 2019-2020, aproape 11 milioane de euro, de la bugetul local, \u00eentr-o sta\u021bie performant\u0103 de sortare a de\u0219eurilor, \u00een satul C\u0103\u021belu. Garda de Mediu a \u00eenchis-o, dar nu pentru c\u0103 s-ar fi g\u0103sit nereguli la echipamente. Comisarii au precizat c\u0103 s-au construit ni\u0219te bazine de depozitare a de\u0219eurilor neprinse \u00een autoriza\u021bia de mediu \u0219i gunoiul era depozitat \u00een afara sta\u021biei, iar mirosul era foarte puternic. Amenzile s-au ridicat la 430.000 de lei.<\/p>\n\n\n\n<p>Sta\u021bia a func\u021bionat \u00een perioada st\u0103rii de alert\u0103, printr-o hot\u0103r\u00e2re a Consiliului Local, pe motiv c\u0103 este o problem\u0103 de s\u0103n\u0103tate public\u0103.<\/p>\n\n\n\n<p><\/p>\n","protected":false},"excerpt":{"rendered":"<p>Echipamentele sta\u021biei de sortare de la C\u0103\u021belu ar putea fi v\u00e2ndute. Este un proiect aflat pe ordinea de zi a Consiliului Local de m\u00e2ine. Prim\u0103ria Sectorului 3 vrea s\u0103 scoat\u0103 la licita\u021bie echipamentele de la sta\u021bia de sortare de pe Str. Drumul Lunca Vi\u0219agului, nr. 42\u201160. Valoarea de la care se porne\u0219te este de pu\u021bin [&hellip;]<\/p>\n","protected":false},"author":49,"featured_media":68838,"comment_status":"closed","ping_status":"open","sticky":false,"template":"","format":"standard","meta":{"_acf_changed":false,"inline_featured_image":false,"ngg_post_thumbnail":0,"footnotes":""},"categories":[6994,24,62],"tags":[3383,1972,7777,2903],"ppma_author":[22574],"class_list":["post-68834","post","type-post","status-publish","format-standard","has-post-thumbnail","hentry","category-stiri-2","category-primarie","category-stiri","tag-ditl-sector-3","tag-catelu","tag-statie-de-sortare","tag-statie-inchisa"],"acf":[],"yoast_head":"<!-- This site is optimized with the Yoast SEO Premium plugin v25.3 (Yoast SEO v27.4) - https:\/\/yoast.com\/product\/yoast-seo-premium-wordpress\/ -->\n<title>Sector 3 I Echipamentele sta\u021biei de sortare de la C\u0103\u021belu se v\u00e2nd la licita\u021bie. Pre\u0163 de pornire de peste 4 milioane de euro - Buletin de Bucure\u0219ti<\/title>\n<meta name=\"robots\" content=\"index, follow, max-snippet:-1, max-image-preview:large, max-video-preview:-1\" \/>\n<link rel=\"canonical\" href=\"https:\/\/buletin.de\/bucuresti\/sector-3-i-echipamentele-statiei-de-sortare-de-la-catelu-se-vand-la-licitatie-pret-de-pornire-de-peste-4-milioane-de-euro\/\" \/>\n<meta property=\"og:locale\" content=\"en_GB\" \/>\n<meta property=\"og:type\" content=\"article\" \/>\n<meta property=\"og:title\" content=\"Sector 3 I Echipamentele sta\u021biei de sortare de la C\u0103\u021belu se v\u00e2nd la licita\u021bie. Pre\u0163 de pornire de peste 4 milioane de euro\" \/>\n<meta property=\"og:description\" content=\"Echipamentele sta\u021biei de sortare de la C\u0103\u021belu ar putea fi v\u00e2ndute. Este un proiect aflat pe ordinea de zi a Consiliului Local de m\u00e2ine. Prim\u0103ria Sectorului 3 vrea s\u0103 scoat\u0103 la licita\u021bie echipamentele de la sta\u021bia de sortare de pe Str. Drumul Lunca Vi\u0219agului, nr. 42\u201160. Valoarea de la care se porne\u0219te este de pu\u021bin [&hellip;]\" \/>\n<meta property=\"og:url\" content=\"https:\/\/buletin.de\/bucuresti\/sector-3-i-echipamentele-statiei-de-sortare-de-la-catelu-se-vand-la-licitatie-pret-de-pornire-de-peste-4-milioane-de-euro\/\" \/>\n<meta property=\"og:site_name\" content=\"Buletin de Bucure\u0219ti\" \/>\n<meta property=\"article:publisher\" content=\"https:\/\/www.facebook.com\/buletin.de.buc\" \/>\n<meta property=\"article:published_time\" content=\"2023-11-13T16:17:29+00:00\" \/>\n<meta property=\"og:image\" content=\"https:\/\/buletin.de\/bucuresti\/wp-content\/uploads\/catelu.jpeg\" \/>\n\t<meta property=\"og:image:width\" content=\"1600\" \/>\n\t<meta property=\"og:image:height\" content=\"1200\" \/>\n\t<meta property=\"og:image:type\" content=\"image\/jpeg\" \/>\n<meta name=\"author\" content=\"Diana Matei\" \/>\n<meta name=\"twitter:card\" content=\"summary_large_image\" \/>\n<meta name=\"twitter:label1\" content=\"Written by\" \/>\n\t<meta name=\"twitter:data1\" content=\"Diana Matei\" \/>\n\t<meta name=\"twitter:label2\" content=\"Estimated reading time\" \/>\n\t<meta name=\"twitter:data2\" content=\"2 minutes\" \/>\n<script type=\"application\/ld+json\" class=\"yoast-schema-graph\">{\"@context\":\"https:\\\/\\\/schema.org\",\"@graph\":[{\"@type\":\"Article\",\"@id\":\"https:\\\/\\\/buletin.de\\\/bucuresti\\\/sector-3-i-echipamentele-statiei-de-sortare-de-la-catelu-se-vand-la-licitatie-pret-de-pornire-de-peste-4-milioane-de-euro\\\/#article\",\"isPartOf\":{\"@id\":\"https:\\\/\\\/buletin.de\\\/bucuresti\\\/sector-3-i-echipamentele-statiei-de-sortare-de-la-catelu-se-vand-la-licitatie-pret-de-pornire-de-peste-4-milioane-de-euro\\\/\"},\"author\":{\"name\":\"Diana Matei\",\"@id\":\"https:\\\/\\\/buletin.de\\\/bucuresti\\\/#\\\/schema\\\/person\\\/7e46040573290777280a0835d81ea4ea\"},\"headline\":\"Sector 3 I Echipamentele sta\u021biei de sortare de la C\u0103\u021belu se v\u00e2nd la licita\u021bie. Pre\u0163 de pornire de peste 4 milioane de euro\",\"datePublished\":\"2023-11-13T16:17:29+00:00\",\"mainEntityOfPage\":{\"@id\":\"https:\\\/\\\/buletin.de\\\/bucuresti\\\/sector-3-i-echipamentele-statiei-de-sortare-de-la-catelu-se-vand-la-licitatie-pret-de-pornire-de-peste-4-milioane-de-euro\\\/\"},\"wordCount\":338,\"publisher\":{\"@id\":\"https:\\\/\\\/buletin.de\\\/bucuresti\\\/#organization\"},\"image\":{\"@id\":\"https:\\\/\\\/buletin.de\\\/bucuresti\\\/sector-3-i-echipamentele-statiei-de-sortare-de-la-catelu-se-vand-la-licitatie-pret-de-pornire-de-peste-4-milioane-de-euro\\\/#primaryimage\"},\"thumbnailUrl\":\"https:\\\/\\\/buletin.de\\\/bucuresti\\\/wp-content\\\/uploads\\\/catelu.jpeg\",\"keywords\":[\"#DITL Sector 3\",\"catelu\",\"Statie de sortare\",\"statie inchisa\"],\"articleSection\":[\"Articole\",\"Prim\u0103rie\",\"\u0218tiri\"],\"inLanguage\":\"en-GB\",\"copyrightYear\":\"2023\",\"copyrightHolder\":{\"@id\":\"https:\\\/\\\/buletin.de\\\/bucuresti\\\/#organization\"}},{\"@type\":\"WebPage\",\"@id\":\"https:\\\/\\\/buletin.de\\\/bucuresti\\\/sector-3-i-echipamentele-statiei-de-sortare-de-la-catelu-se-vand-la-licitatie-pret-de-pornire-de-peste-4-milioane-de-euro\\\/\",\"url\":\"https:\\\/\\\/buletin.de\\\/bucuresti\\\/sector-3-i-echipamentele-statiei-de-sortare-de-la-catelu-se-vand-la-licitatie-pret-de-pornire-de-peste-4-milioane-de-euro\\\/\",\"name\":\"Sector 3 I Echipamentele sta\u021biei de sortare de la C\u0103\u021belu se v\u00e2nd la licita\u021bie. Pre\u0163 de pornire de peste 4 milioane de euro - Buletin de Bucure\u0219ti\",\"isPartOf\":{\"@id\":\"https:\\\/\\\/buletin.de\\\/bucuresti\\\/#website\"},\"primaryImageOfPage\":{\"@id\":\"https:\\\/\\\/buletin.de\\\/bucuresti\\\/sector-3-i-echipamentele-statiei-de-sortare-de-la-catelu-se-vand-la-licitatie-pret-de-pornire-de-peste-4-milioane-de-euro\\\/#primaryimage\"},\"image\":{\"@id\":\"https:\\\/\\\/buletin.de\\\/bucuresti\\\/sector-3-i-echipamentele-statiei-de-sortare-de-la-catelu-se-vand-la-licitatie-pret-de-pornire-de-peste-4-milioane-de-euro\\\/#primaryimage\"},\"thumbnailUrl\":\"https:\\\/\\\/buletin.de\\\/bucuresti\\\/wp-content\\\/uploads\\\/catelu.jpeg\",\"datePublished\":\"2023-11-13T16:17:29+00:00\",\"breadcrumb\":{\"@id\":\"https:\\\/\\\/buletin.de\\\/bucuresti\\\/sector-3-i-echipamentele-statiei-de-sortare-de-la-catelu-se-vand-la-licitatie-pret-de-pornire-de-peste-4-milioane-de-euro\\\/#breadcrumb\"},\"inLanguage\":\"en-GB\",\"potentialAction\":[{\"@type\":\"ReadAction\",\"target\":[\"https:\\\/\\\/buletin.de\\\/bucuresti\\\/sector-3-i-echipamentele-statiei-de-sortare-de-la-catelu-se-vand-la-licitatie-pret-de-pornire-de-peste-4-milioane-de-euro\\\/\"]}]},{\"@type\":\"ImageObject\",\"inLanguage\":\"en-GB\",\"@id\":\"https:\\\/\\\/buletin.de\\\/bucuresti\\\/sector-3-i-echipamentele-statiei-de-sortare-de-la-catelu-se-vand-la-licitatie-pret-de-pornire-de-peste-4-milioane-de-euro\\\/#primaryimage\",\"url\":\"https:\\\/\\\/buletin.de\\\/bucuresti\\\/wp-content\\\/uploads\\\/catelu.jpeg\",\"contentUrl\":\"https:\\\/\\\/buletin.de\\\/bucuresti\\\/wp-content\\\/uploads\\\/catelu.jpeg\",\"width\":1600,\"height\":1200,\"caption\":\"Foto: Facebook-Salvati Catelu\"},{\"@type\":\"BreadcrumbList\",\"@id\":\"https:\\\/\\\/buletin.de\\\/bucuresti\\\/sector-3-i-echipamentele-statiei-de-sortare-de-la-catelu-se-vand-la-licitatie-pret-de-pornire-de-peste-4-milioane-de-euro\\\/#breadcrumb\",\"itemListElement\":[{\"@type\":\"ListItem\",\"position\":1,\"name\":\"Acas\u0103\",\"item\":\"https:\\\/\\\/buletin.de\\\/bucuresti\\\/\"},{\"@type\":\"ListItem\",\"position\":2,\"name\":\"Sector 3 I Echipamentele sta\u021biei de sortare de la C\u0103\u021belu se v\u00e2nd la licita\u021bie. Pre\u0163 de pornire de peste 4 milioane de euro\"}]},{\"@type\":\"WebSite\",\"@id\":\"https:\\\/\\\/buletin.de\\\/bucuresti\\\/#website\",\"url\":\"https:\\\/\\\/buletin.de\\\/bucuresti\\\/\",\"name\":\"Buletin de Bucure\u0219ti\",\"description\":\"\u0218tiri \u0219i investiga\u021bii esen\u021biale din capital\u0103\",\"publisher\":{\"@id\":\"https:\\\/\\\/buletin.de\\\/bucuresti\\\/#organization\"},\"potentialAction\":[{\"@type\":\"SearchAction\",\"target\":{\"@type\":\"EntryPoint\",\"urlTemplate\":\"https:\\\/\\\/buletin.de\\\/bucuresti\\\/?s={search_term_string}\"},\"query-input\":{\"@type\":\"PropertyValueSpecification\",\"valueRequired\":true,\"valueName\":\"search_term_string\"}}],\"inLanguage\":\"en-GB\"},{\"@type\":\"Organization\",\"@id\":\"https:\\\/\\\/buletin.de\\\/bucuresti\\\/#organization\",\"name\":\"Buletin de Bucure\u0219ti\",\"url\":\"https:\\\/\\\/buletin.de\\\/bucuresti\\\/\",\"logo\":{\"@type\":\"ImageObject\",\"inLanguage\":\"en-GB\",\"@id\":\"https:\\\/\\\/buletin.de\\\/bucuresti\\\/#\\\/schema\\\/logo\\\/image\\\/\",\"url\":\"https:\\\/\\\/buletin.de\\\/bucuresti\\\/wp-content\\\/uploads\\\/logo-bdb-full-wide-vernil-transparent.png\",\"contentUrl\":\"https:\\\/\\\/buletin.de\\\/bucuresti\\\/wp-content\\\/uploads\\\/logo-bdb-full-wide-vernil-transparent.png\",\"width\":1782,\"height\":626,\"caption\":\"Buletin de Bucure\u0219ti\"},\"image\":{\"@id\":\"https:\\\/\\\/buletin.de\\\/bucuresti\\\/#\\\/schema\\\/logo\\\/image\\\/\"},\"sameAs\":[\"https:\\\/\\\/www.facebook.com\\\/buletin.de.buc\",\"https:\\\/\\\/www.instagram.com\\\/buletinde.bucuresti\\\/\"]},{\"@type\":\"Person\",\"@id\":\"https:\\\/\\\/buletin.de\\\/bucuresti\\\/#\\\/schema\\\/person\\\/7e46040573290777280a0835d81ea4ea\",\"name\":\"Diana Matei\",\"image\":{\"@type\":\"ImageObject\",\"inLanguage\":\"en-GB\",\"@id\":\"https:\\\/\\\/buletin.de\\\/bucuresti\\\/wp-content\\\/uploads\\\/9-2-96x96.jpg1e8590b30871d70e62ebcdaf2eff570c\",\"url\":\"https:\\\/\\\/buletin.de\\\/bucuresti\\\/wp-content\\\/uploads\\\/9-2-96x96.jpg\",\"contentUrl\":\"https:\\\/\\\/buletin.de\\\/bucuresti\\\/wp-content\\\/uploads\\\/9-2-96x96.jpg\",\"caption\":\"Diana Matei\"},\"url\":\"https:\\\/\\\/buletin.de\\\/bucuresti\\\/author\\\/dianamatei\\\/\"}]}<\/script>\n<!-- \/ Yoast SEO Premium plugin. -->","yoast_head_json":{"title":"Sector 3 I Echipamentele sta\u021biei de sortare de la C\u0103\u021belu se v\u00e2nd la licita\u021bie. Pre\u0163 de pornire de peste 4 milioane de euro - Buletin de Bucure\u0219ti","robots":{"index":"index","follow":"follow","max-snippet":"max-snippet:-1","max-image-preview":"max-image-preview:large","max-video-preview":"max-video-preview:-1"},"canonical":"https:\/\/buletin.de\/bucuresti\/sector-3-i-echipamentele-statiei-de-sortare-de-la-catelu-se-vand-la-licitatie-pret-de-pornire-de-peste-4-milioane-de-euro\/","og_locale":"en_GB","og_type":"article","og_title":"Sector 3 I Echipamentele sta\u021biei de sortare de la C\u0103\u021belu se v\u00e2nd la licita\u021bie. Pre\u0163 de pornire de peste 4 milioane de euro","og_description":"Echipamentele sta\u021biei de sortare de la C\u0103\u021belu ar putea fi v\u00e2ndute. Este un proiect aflat pe ordinea de zi a Consiliului Local de m\u00e2ine. Prim\u0103ria Sectorului 3 vrea s\u0103 scoat\u0103 la licita\u021bie echipamentele de la sta\u021bia de sortare de pe Str. Drumul Lunca Vi\u0219agului, nr. 42\u201160. Valoarea de la care se porne\u0219te este de pu\u021bin [&hellip;]","og_url":"https:\/\/buletin.de\/bucuresti\/sector-3-i-echipamentele-statiei-de-sortare-de-la-catelu-se-vand-la-licitatie-pret-de-pornire-de-peste-4-milioane-de-euro\/","og_site_name":"Buletin de Bucure\u0219ti","article_publisher":"https:\/\/www.facebook.com\/buletin.de.buc","article_published_time":"2023-11-13T16:17:29+00:00","og_image":[{"width":1600,"height":1200,"url":"https:\/\/buletin.de\/bucuresti\/wp-content\/uploads\/catelu.jpeg","type":"image\/jpeg"}],"author":"Diana Matei","twitter_card":"summary_large_image","twitter_misc":{"Written by":"Diana Matei","Estimated reading time":"2 minutes"},"schema":{"@context":"https:\/\/schema.org","@graph":[{"@type":"Article","@id":"https:\/\/buletin.de\/bucuresti\/sector-3-i-echipamentele-statiei-de-sortare-de-la-catelu-se-vand-la-licitatie-pret-de-pornire-de-peste-4-milioane-de-euro\/#article","isPartOf":{"@id":"https:\/\/buletin.de\/bucuresti\/sector-3-i-echipamentele-statiei-de-sortare-de-la-catelu-se-vand-la-licitatie-pret-de-pornire-de-peste-4-milioane-de-euro\/"},"author":{"name":"Diana Matei","@id":"https:\/\/buletin.de\/bucuresti\/#\/schema\/person\/7e46040573290777280a0835d81ea4ea"},"headline":"Sector 3 I Echipamentele sta\u021biei de sortare de la C\u0103\u021belu se v\u00e2nd la licita\u021bie. Pre\u0163 de pornire de peste 4 milioane de euro","datePublished":"2023-11-13T16:17:29+00:00","mainEntityOfPage":{"@id":"https:\/\/buletin.de\/bucuresti\/sector-3-i-echipamentele-statiei-de-sortare-de-la-catelu-se-vand-la-licitatie-pret-de-pornire-de-peste-4-milioane-de-euro\/"},"wordCount":338,"publisher":{"@id":"https:\/\/buletin.de\/bucuresti\/#organization"},"image":{"@id":"https:\/\/buletin.de\/bucuresti\/sector-3-i-echipamentele-statiei-de-sortare-de-la-catelu-se-vand-la-licitatie-pret-de-pornire-de-peste-4-milioane-de-euro\/#primaryimage"},"thumbnailUrl":"https:\/\/buletin.de\/bucuresti\/wp-content\/uploads\/catelu.jpeg","keywords":["#DITL Sector 3","catelu","Statie de sortare","statie inchisa"],"articleSection":["Articole","Prim\u0103rie","\u0218tiri"],"inLanguage":"en-GB","copyrightYear":"2023","copyrightHolder":{"@id":"https:\/\/buletin.de\/bucuresti\/#organization"}},{"@type":"WebPage","@id":"https:\/\/buletin.de\/bucuresti\/sector-3-i-echipamentele-statiei-de-sortare-de-la-catelu-se-vand-la-licitatie-pret-de-pornire-de-peste-4-milioane-de-euro\/","url":"https:\/\/buletin.de\/bucuresti\/sector-3-i-echipamentele-statiei-de-sortare-de-la-catelu-se-vand-la-licitatie-pret-de-pornire-de-peste-4-milioane-de-euro\/","name":"Sector 3 I Echipamentele sta\u021biei de sortare de la C\u0103\u021belu se v\u00e2nd la licita\u021bie. Pre\u0163 de pornire de peste 4 milioane de euro - Buletin de Bucure\u0219ti","isPartOf":{"@id":"https:\/\/buletin.de\/bucuresti\/#website"},"primaryImageOfPage":{"@id":"https:\/\/buletin.de\/bucuresti\/sector-3-i-echipamentele-statiei-de-sortare-de-la-catelu-se-vand-la-licitatie-pret-de-pornire-de-peste-4-milioane-de-euro\/#primaryimage"},"image":{"@id":"https:\/\/buletin.de\/bucuresti\/sector-3-i-echipamentele-statiei-de-sortare-de-la-catelu-se-vand-la-licitatie-pret-de-pornire-de-peste-4-milioane-de-euro\/#primaryimage"},"thumbnailUrl":"https:\/\/buletin.de\/bucuresti\/wp-content\/uploads\/catelu.jpeg","datePublished":"2023-11-13T16:17:29+00:00","breadcrumb":{"@id":"https:\/\/buletin.de\/bucuresti\/sector-3-i-echipamentele-statiei-de-sortare-de-la-catelu-se-vand-la-licitatie-pret-de-pornire-de-peste-4-milioane-de-euro\/#breadcrumb"},"inLanguage":"en-GB","potentialAction":[{"@type":"ReadAction","target":["https:\/\/buletin.de\/bucuresti\/sector-3-i-echipamentele-statiei-de-sortare-de-la-catelu-se-vand-la-licitatie-pret-de-pornire-de-peste-4-milioane-de-euro\/"]}]},{"@type":"ImageObject","inLanguage":"en-GB","@id":"https:\/\/buletin.de\/bucuresti\/sector-3-i-echipamentele-statiei-de-sortare-de-la-catelu-se-vand-la-licitatie-pret-de-pornire-de-peste-4-milioane-de-euro\/#primaryimage","url":"https:\/\/buletin.de\/bucuresti\/wp-content\/uploads\/catelu.jpeg","contentUrl":"https:\/\/buletin.de\/bucuresti\/wp-content\/uploads\/catelu.jpeg","width":1600,"height":1200,"caption":"Foto: Facebook-Salvati Catelu"},{"@type":"BreadcrumbList","@id":"https:\/\/buletin.de\/bucuresti\/sector-3-i-echipamentele-statiei-de-sortare-de-la-catelu-se-vand-la-licitatie-pret-de-pornire-de-peste-4-milioane-de-euro\/#breadcrumb","itemListElement":[{"@type":"ListItem","position":1,"name":"Acas\u0103","item":"https:\/\/buletin.de\/bucuresti\/"},{"@type":"ListItem","position":2,"name":"Sector 3 I Echipamentele sta\u021biei de sortare de la C\u0103\u021belu se v\u00e2nd la licita\u021bie. Pre\u0163 de pornire de peste 4 milioane de euro"}]},{"@type":"WebSite","@id":"https:\/\/buletin.de\/bucuresti\/#website","url":"https:\/\/buletin.de\/bucuresti\/","name":"Buletin de Bucure\u0219ti","description":"\u0218tiri \u0219i investiga\u021bii esen\u021biale din capital\u0103","publisher":{"@id":"https:\/\/buletin.de\/bucuresti\/#organization"},"potentialAction":[{"@type":"SearchAction","target":{"@type":"EntryPoint","urlTemplate":"https:\/\/buletin.de\/bucuresti\/?s={search_term_string}"},"query-input":{"@type":"PropertyValueSpecification","valueRequired":true,"valueName":"search_term_string"}}],"inLanguage":"en-GB"},{"@type":"Organization","@id":"https:\/\/buletin.de\/bucuresti\/#organization","name":"Buletin de Bucure\u0219ti","url":"https:\/\/buletin.de\/bucuresti\/","logo":{"@type":"ImageObject","inLanguage":"en-GB","@id":"https:\/\/buletin.de\/bucuresti\/#\/schema\/logo\/image\/","url":"https:\/\/buletin.de\/bucuresti\/wp-content\/uploads\/logo-bdb-full-wide-vernil-transparent.png","contentUrl":"https:\/\/buletin.de\/bucuresti\/wp-content\/uploads\/logo-bdb-full-wide-vernil-transparent.png","width":1782,"height":626,"caption":"Buletin de Bucure\u0219ti"},"image":{"@id":"https:\/\/buletin.de\/bucuresti\/#\/schema\/logo\/image\/"},"sameAs":["https:\/\/www.facebook.com\/buletin.de.buc","https:\/\/www.instagram.com\/buletinde.bucuresti\/"]},{"@type":"Person","@id":"https:\/\/buletin.de\/bucuresti\/#\/schema\/person\/7e46040573290777280a0835d81ea4ea","name":"Diana Matei","image":{"@type":"ImageObject","inLanguage":"en-GB","@id":"https:\/\/buletin.de\/bucuresti\/wp-content\/uploads\/9-2-96x96.jpg1e8590b30871d70e62ebcdaf2eff570c","url":"https:\/\/buletin.de\/bucuresti\/wp-content\/uploads\/9-2-96x96.jpg","contentUrl":"https:\/\/buletin.de\/bucuresti\/wp-content\/uploads\/9-2-96x96.jpg","caption":"Diana Matei"},"url":"https:\/\/buletin.de\/bucuresti\/author\/dianamatei\/"}]}},"authors":[{"term_id":22574,"user_id":49,"is_guest":0,"slug":"dianamatei","display_name":"Diana Matei","avatar_url":"https:\/\/buletin.de\/bucuresti\/wp-content\/uploads\/9-2-96x96.jpg","0":null,"1":"","2":"","3":"","4":"","5":"","6":"","7":"","8":""}],"_links":{"self":[{"href":"https:\/\/buletin.de\/bucuresti\/wp-json\/wp\/v2\/posts\/68834","targetHints":{"allow":["GET"]}}],"collection":[{"href":"https:\/\/buletin.de\/bucuresti\/wp-json\/wp\/v2\/posts"}],"about":[{"href":"https:\/\/buletin.de\/bucuresti\/wp-json\/wp\/v2\/types\/post"}],"author":[{"embeddable":true,"href":"https:\/\/buletin.de\/bucuresti\/wp-json\/wp\/v2\/users\/49"}],"replies":[{"embeddable":true,"href":"https:\/\/buletin.de\/bucuresti\/wp-json\/wp\/v2\/comments?post=68834"}],"version-history":[{"count":4,"href":"https:\/\/buletin.de\/bucuresti\/wp-json\/wp\/v2\/posts\/68834\/revisions"}],"predecessor-version":[{"id":68846,"href":"https:\/\/buletin.de\/bucuresti\/wp-json\/wp\/v2\/posts\/68834\/revisions\/68846"}],"wp:featuredmedia":[{"embeddable":true,"href":"https:\/\/buletin.de\/bucuresti\/wp-json\/wp\/v2\/media\/68838"}],"wp:attachment":[{"href":"https:\/\/buletin.de\/bucuresti\/wp-json\/wp\/v2\/media?parent=68834"}],"wp:term":[{"taxonomy":"category","embeddable":true,"href":"https:\/\/buletin.de\/bucuresti\/wp-json\/wp\/v2\/categories?post=68834"},{"taxonomy":"post_tag","embeddable":true,"href":"https:\/\/buletin.de\/bucuresti\/wp-json\/wp\/v2\/tags?post=68834"},{"taxonomy":"author","embeddable":true,"href":"https:\/\/buletin.de\/bucuresti\/wp-json\/wp\/v2\/ppma_author?post=68834"}],"curies":[{"name":"wp","href":"https:\/\/api.w.org\/{rel}","templated":true}]}}