{"id":68831,"date":"2023-11-13T17:37:09","date_gmt":"2023-11-13T15:37:09","guid":{"rendered":"https:\/\/buletin.de\/bucuresti\/?p=68831"},"modified":"2023-11-13T18:45:14","modified_gmt":"2023-11-13T16:45:14","slug":"sector-1-romprest-a-pus-poprire-pe-venitul-pietelor-din-sectorul-1","status":"publish","type":"post","link":"https:\/\/buletin.de\/bucuresti\/sector-1-romprest-a-pus-poprire-pe-venitul-pietelor-din-sectorul-1\/","title":{"rendered":"Romprest a pus poprire pe venitul pie\u021belor din Sectorul 1"},"content":{"rendered":"\n<p><strong>Banii de chirie pentru spa\u0163iile din pie\u021bele Sectorului 1 se duc direct \u00een conturile unor executori judec\u0103tore\u0219ti, care \u00eei colecteaz\u0103 \u00een numele operatorului de salubritate Romprest, potrivit <a href=\"https:\/\/economedia.ro\/exclusiv-romprest-a-pus-poprire-pe-banii-facuti-de-toate-pietele-si-de-alte-active-imobiliare-din-sectorul-1-operatorul-de-salubritate-are-de-recuperat-89-de-milioane-lei-si-penalitati-pentru-facturi.html\">Economedia<\/a>. Prim\u0103ria Sectorului 1 spune c\u0103 este <em>\u201eun fenomen marginal\u201d<\/em>, iar <em>\u201esumele \u00een discu\u021bie sunt mici\u201d.&nbsp;<\/em><\/strong><\/p>\n\n\n\n<p>Mai mul\u021bi proprietari de tarabe din Pia\u021ba Matache pl\u0103tesc chiria c\u0103tre un executor judec\u0103toresc pe nume George Niculae, care colecteaz\u0103 chiriile din pia\u021b\u0103 \u00een numele operatorului de salubritate Romprest, \u00een loc s\u0103 pl\u0103teasc\u0103 c\u0103tre Administra\u021bia Pie\u021bei Matache, potrivit unui jurnalist de la Economedia, c\u0103ruia i-ar fi fost ar\u0103tate ordinele de plat\u0103: <em>\u201eNu ac\u021bioneaz\u0103 un singur executor, ci mai mul\u021bi. Un altul este Acta non Verba,\u201d<\/em> potrivit <a href=\"https:\/\/economedia.ro\/exclusiv-romprest-a-pus-poprire-pe-banii-facuti-de-toate-pietele-si-de-alte-active-imobiliare-din-sectorul-1-operatorul-de-salubritate-are-de-recuperat-89-de-milioane-lei-si-penalitati-pentru-facturi.html\">Economedia.<\/a><\/p>\n\n\n\n<p>Avocatul firmei Romprest, Iancu Toader, a confirmat faptul c\u0103 Romprest execut\u0103 veniturile Prim\u0103riei Sectorului 1 generate de toate pie\u021bele,<em> \u201edar \u0219i de alte active generatoare de venit\u201d<\/em>:<\/p>\n\n\n\n<p><em>\u201eNoi am c\u00e2\u0219tigat toate procesele. PS1 nu a c\u00e2\u0219tigat nici m\u0103car jum\u0103tate de proces. Am ob\u021binut executarea silit\u0103 a Prim\u0103riei, dar Primarul Clotilde Armand nu a vrut s\u0103 pun\u0103 sumele necesare \u00een contul de execut\u0103ri, a\u0219a cum spune legea. A\u0219a c\u0103 ne-am \u00eendreptat c\u0103tre ter\u021bi popri\u021bi, pie\u021bele, spa\u021biile comerciale ale Prim\u0103riei care genereaz\u0103 chirii, apartamente ale Prim\u0103riei. Dar nu \u00eencas\u0103m prea mult de aici, cu \u021b\u00e2r\u00e2ita, la nivelul sutelor de mii lunar, noi suntem o firm\u0103 mare, avem salarii de dat, avem utilaje, avem taxe, noi vrem to\u021bi banii odat\u0103. Dar dac\u0103 primarul nu vrea s\u0103 pl\u0103teasc\u0103\u2026 \u201d <\/em>a spus avocatul Iancu Toader, celor de la Economedia.&nbsp;<\/p>\n\n\n\n<p>Avocatul a ad\u0103ugat c\u0103 Romprest poate s\u0103 <em>\u201edescind\u0103 cu executorul la sediul din Banu Manta 9 \u0219i s\u0103 rechizi\u021bioneze ma\u0219inile, birourile angaja\u021bilor, telefoanele\u201d<\/em>, \u00eens\u0103 <em>\u201enu vor s\u0103 fac\u0103 b\u00e2lci\u201d.<\/em><\/p>\n\n\n\n<p>Prim\u0103ria Sectorului 1 a transmis ulterior publica\u021biei Economedia c\u0103 fenomenul este \u201emarginal\u201d \u0219i \u201esumele \u00een discu\u021bie sunt mici\u201d, dar \u0219i c\u0103 exist\u0103 contesta\u021bii la executare care se afl\u0103 \u00een faza apelului:<\/p>\n\n\n\n<p><em>\u201e\u00cen procesele pe care le avem cu compania Romprest, prin adresele de \u00eenfiin\u021bare a popririi emise de organele de executare, s-a dispus \u00eenfiin\u021barea popririi la unii ter\u021bi debitori ai Sectorului 1. M\u0103sura a fost posibil\u0103 dup\u0103 \u00eencetarea suspend\u0103rii execut\u0103rii silite dispuse de instan\u021ba de executare. \u00cen prezent, contesta\u021biile la executare se afl\u0103 \u00een faza apelului. Unii ter\u021bi debitori ai Sectorului 1 au primit \u00een\u0219tiin\u021b\u0103ri de poprire. De exemplu, \u00een pie\u021be sunt doar cei cu spa\u021bii mari, care nu au doar tarabe. E un fenomen marginal, sumele \u00een discu\u021bie sunt mici, maxim 12.000 lei, cele mai multe \u00een jur de 2000. Nu putem vorbi de rambursarea nici m\u0103car a unei facturi Romprest care se ridic\u0103 la peste 4 milioane RON\u201d<\/em>, au transmis oficialii.&nbsp;&nbsp;<\/p>\n\n\n\n<p>La \u00eenceputul mandatului, primarul Sectorului 1, Clotilde Armand, anun\u021base c\u0103 <em>\u201eo mare companie abonat\u0103 la bani publici \u00een Sectorul 1 a \u00eencercat s\u0103 ne factureze recent servicii la suprapre\u021b. (&#8230;) A\u0219a\u2026 ni\u0219te zeci de milioane \u00een plus. Prin complicitatea unor func\u021bionari publici din prim\u0103rie\u201d<\/em>, <a href=\"https:\/\/buletin.de\/bucuresti\/videoreportaj-razboiul-gunoaielor-necontrolate-din-sectorul-1-in-doua-zile-va-fi-prapad-sustin-lucratorii-de-la-salubritate\/\">a punctat Armand.&nbsp;<\/a><\/p>\n\n\n\n<p>Clotilde Armand a suspendat contractul cu firma Romprest, deoarece sus\u021binea c\u0103 a fost \u00eencheiat fraudulos \u00een mandatele anterioare ale altor primari. R\u0103spunsul Romprest a fost s\u0103 suspende <a href=\"https:\/\/buletin.de\/bucuresti\/videoreportaj-razboiul-gunoaielor-necontrolate-din-sectorul-1-in-doua-zile-va-fi-prapad-sustin-lucratorii-de-la-salubritate\/\">serviciile de salubritate<\/a>. Armand a reluat contractul cu Romprest, doar c\u0103 plata s-a aproape \u00eenjum\u0103t\u0103\u021bit. Romprest a atacat \u00een instan\u021b\u0103, la fel \u0219i Prim\u0103ria Sectorului 1.&nbsp;<\/p>\n\n\n\n<figure class=\"wp-block-embed is-type-wp-embed is-provider-buletin-de-bucure\u0219ti wp-block-embed-buletin-de-bucure\u0219ti\"><div class=\"wp-block-embed__wrapper\">\n<blockquote class=\"wp-embedded-content\" data-secret=\"9Cu6z0vNK9\"><a href=\"https:\/\/buletin.de\/bucuresti\/sectorul-1-vs-romprest-anatomia-unui-razboi-cu-gunoaie-de-18-miliarde-de-lei\/\">Sectorul 1 VS.  Romprest.    Anatomia unui r\u0103zboi cu gunoaie de 1,8 miliarde de lei<\/a><\/blockquote><iframe class=\"wp-embedded-content\" sandbox=\"allow-scripts\" security=\"restricted\" style=\"position: absolute; clip: rect(1px, 1px, 1px, 1px);\" title=\"&#8220;Sectorul 1 VS.  Romprest.    Anatomia unui r\u0103zboi cu gunoaie de 1,8 miliarde de lei&#8221; &#8212; Buletin de Bucure\u0219ti\" src=\"https:\/\/buletin.de\/bucuresti\/sectorul-1-vs-romprest-anatomia-unui-razboi-cu-gunoaie-de-18-miliarde-de-lei\/embed\/#?secret=pWjgeEYwrW#?secret=9Cu6z0vNK9\" data-secret=\"9Cu6z0vNK9\" width=\"600\" height=\"338\" frameborder=\"0\" marginwidth=\"0\" marginheight=\"0\" scrolling=\"no\"><\/iframe>\n<\/div><\/figure>\n\n\n\n<figure class=\"wp-block-embed is-type-wp-embed is-provider-buletin-de-bucure\u0219ti wp-block-embed-buletin-de-bucure\u0219ti\"><div class=\"wp-block-embed__wrapper\">\n<blockquote class=\"wp-embedded-content\" data-secret=\"m83skiFqI7\"><a href=\"https:\/\/buletin.de\/bucuresti\/clotilde-armand-cere-stare-de-alerta-in-sectorul-1-din-cauza-crizei-gunoiului-prefectul-de-bucuresti-vrea-consultari-cu-autoritatile-sanitare-si-de-mediu\/\">Clotilde Armand cere stare de alert\u0103 \u00een Sectorul 1, din cauza crizei gunoiului. Prefectul de Bucure\u0219ti vrea consult\u0103ri cu autorit\u0103\u021bile sanitare \u0219i de mediu<\/a><\/blockquote><iframe class=\"wp-embedded-content\" sandbox=\"allow-scripts\" security=\"restricted\" style=\"position: absolute; clip: rect(1px, 1px, 1px, 1px);\" title=\"&#8220;Clotilde Armand cere stare de alert\u0103 \u00een Sectorul 1, din cauza crizei gunoiului. Prefectul de Bucure\u0219ti vrea consult\u0103ri cu autorit\u0103\u021bile sanitare \u0219i de mediu&#8221; &#8212; Buletin de Bucure\u0219ti\" src=\"https:\/\/buletin.de\/bucuresti\/clotilde-armand-cere-stare-de-alerta-in-sectorul-1-din-cauza-crizei-gunoiului-prefectul-de-bucuresti-vrea-consultari-cu-autoritatile-sanitare-si-de-mediu\/embed\/#?secret=omqqf2rq6p#?secret=m83skiFqI7\" data-secret=\"m83skiFqI7\" width=\"600\" height=\"338\" frameborder=\"0\" marginwidth=\"0\" marginheight=\"0\" scrolling=\"no\"><\/iframe>\n<\/div><\/figure>\n\n\n\n<figure class=\"wp-block-embed is-type-wp-embed is-provider-buletin-de-bucure\u0219ti wp-block-embed-buletin-de-bucure\u0219ti\"><div class=\"wp-block-embed__wrapper\">\n<blockquote class=\"wp-embedded-content\" data-secret=\"HF75N6GgBC\"><a href=\"https:\/\/buletin.de\/bucuresti\/videoreportaj-razboiul-gunoaielor-necontrolate-din-sectorul-1-in-doua-zile-va-fi-prapad-sustin-lucratorii-de-la-salubritate\/\">VIDEOREPORTAJ | R\u0103zboiul \u201cgunoaielor necontrolate\u201d din Sectorul 1: \u201c\u00cen dou\u0103 zile va fi pr\u0103p\u0103d\u201d, sus\u021bin lucr\u0103torii de la salubritate<\/a><\/blockquote><iframe class=\"wp-embedded-content\" sandbox=\"allow-scripts\" security=\"restricted\" style=\"position: absolute; clip: rect(1px, 1px, 1px, 1px);\" title=\"&#8220;VIDEOREPORTAJ | R\u0103zboiul \u201cgunoaielor necontrolate\u201d din Sectorul 1: \u201c\u00cen dou\u0103 zile va fi pr\u0103p\u0103d\u201d, sus\u021bin lucr\u0103torii de la salubritate&#8221; &#8212; Buletin de Bucure\u0219ti\" src=\"https:\/\/buletin.de\/bucuresti\/videoreportaj-razboiul-gunoaielor-necontrolate-din-sectorul-1-in-doua-zile-va-fi-prapad-sustin-lucratorii-de-la-salubritate\/embed\/#?secret=MCDROymTFN#?secret=HF75N6GgBC\" data-secret=\"HF75N6GgBC\" width=\"600\" height=\"338\" frameborder=\"0\" marginwidth=\"0\" marginheight=\"0\" scrolling=\"no\"><\/iframe>\n<\/div><\/figure>\n","protected":false},"excerpt":{"rendered":"<p>Banii de chirie pentru spa\u0163iile din pie\u021bele Sectorului 1 se duc direct \u00een conturile unor executori judec\u0103tore\u0219ti, care \u00eei colecteaz\u0103 \u00een numele operatorului de salubritate Romprest, potrivit Economedia. Prim\u0103ria Sectorului 1 spune c\u0103 este \u201eun fenomen marginal\u201d, iar \u201esumele \u00een discu\u021bie sunt mici\u201d.&nbsp; Mai mul\u021bi proprietari de tarabe din Pia\u021ba Matache pl\u0103tesc chiria c\u0103tre un [&hellip;]<\/p>\n","protected":false},"author":47,"featured_media":19854,"comment_status":"closed","ping_status":"open","sticky":false,"template":"","format":"standard","meta":{"_acf_changed":false,"inline_featured_image":false,"ngg_post_thumbnail":0,"footnotes":""},"categories":[6994,62],"tags":[230,34,7776,1933,308],"ppma_author":[22580],"class_list":["post-68831","post","type-post","status-publish","format-standard","has-post-thumbnail","hentry","category-stiri-2","category-stiri","tag-gunoi","tag-primaria","tag-proprire","tag-romprest","tag-sector-1"],"acf":[],"yoast_head":"<!-- This site is optimized with the Yoast SEO Premium plugin v25.3 (Yoast SEO v27.4) - https:\/\/yoast.com\/product\/yoast-seo-premium-wordpress\/ -->\n<title>Romprest a pus poprire pe venitul pie\u021belor din Sectorul 1 - Buletin de Bucure\u0219ti<\/title>\n<meta name=\"robots\" content=\"index, follow, max-snippet:-1, max-image-preview:large, max-video-preview:-1\" \/>\n<link rel=\"canonical\" href=\"https:\/\/buletin.de\/bucuresti\/sector-1-romprest-a-pus-poprire-pe-venitul-pietelor-din-sectorul-1\/\" \/>\n<meta property=\"og:locale\" content=\"en_GB\" \/>\n<meta property=\"og:type\" content=\"article\" \/>\n<meta property=\"og:title\" content=\"Romprest a pus poprire pe venitul pie\u021belor din Sectorul 1\" \/>\n<meta property=\"og:description\" content=\"Banii de chirie pentru spa\u0163iile din pie\u021bele Sectorului 1 se duc direct \u00een conturile unor executori judec\u0103tore\u0219ti, care \u00eei colecteaz\u0103 \u00een numele operatorului de salubritate Romprest, potrivit Economedia. Prim\u0103ria Sectorului 1 spune c\u0103 este \u201eun fenomen marginal\u201d, iar \u201esumele \u00een discu\u021bie sunt mici\u201d.&nbsp; Mai mul\u021bi proprietari de tarabe din Pia\u021ba Matache pl\u0103tesc chiria c\u0103tre un [&hellip;]\" \/>\n<meta property=\"og:url\" content=\"https:\/\/buletin.de\/bucuresti\/sector-1-romprest-a-pus-poprire-pe-venitul-pietelor-din-sectorul-1\/\" \/>\n<meta property=\"og:site_name\" content=\"Buletin de Bucure\u0219ti\" \/>\n<meta property=\"article:publisher\" content=\"https:\/\/www.facebook.com\/buletin.de.buc\" \/>\n<meta property=\"article:published_time\" content=\"2023-11-13T15:37:09+00:00\" \/>\n<meta property=\"article:modified_time\" content=\"2023-11-13T16:45:14+00:00\" \/>\n<meta property=\"og:image\" content=\"https:\/\/buletin.de\/bucuresti\/wp-content\/uploads\/masina-gunoi-900x400-1.jpg\" \/>\n\t<meta property=\"og:image:width\" content=\"900\" \/>\n\t<meta property=\"og:image:height\" content=\"400\" \/>\n\t<meta property=\"og:image:type\" content=\"image\/jpeg\" \/>\n<meta name=\"author\" content=\"Adina C\u0103p\u00eelnean\" \/>\n<meta name=\"twitter:card\" content=\"summary_large_image\" \/>\n<meta name=\"twitter:label1\" content=\"Written by\" \/>\n\t<meta name=\"twitter:data1\" content=\"Adina C\u0103p\u00eelnean\" \/>\n\t<meta name=\"twitter:label2\" content=\"Estimated reading time\" \/>\n\t<meta name=\"twitter:data2\" content=\"3 minutes\" \/>\n<script type=\"application\/ld+json\" class=\"yoast-schema-graph\">{\"@context\":\"https:\\\/\\\/schema.org\",\"@graph\":[{\"@type\":\"Article\",\"@id\":\"https:\\\/\\\/buletin.de\\\/bucuresti\\\/sector-1-romprest-a-pus-poprire-pe-venitul-pietelor-din-sectorul-1\\\/#article\",\"isPartOf\":{\"@id\":\"https:\\\/\\\/buletin.de\\\/bucuresti\\\/sector-1-romprest-a-pus-poprire-pe-venitul-pietelor-din-sectorul-1\\\/\"},\"author\":{\"name\":\"Adina C\u0103p\u00eelnean\",\"@id\":\"https:\\\/\\\/buletin.de\\\/bucuresti\\\/#\\\/schema\\\/person\\\/ab174cf6711728e4ee83d672acf9a912\"},\"headline\":\"Romprest a pus poprire pe venitul pie\u021belor din Sectorul 1\",\"datePublished\":\"2023-11-13T15:37:09+00:00\",\"dateModified\":\"2023-11-13T16:45:14+00:00\",\"mainEntityOfPage\":{\"@id\":\"https:\\\/\\\/buletin.de\\\/bucuresti\\\/sector-1-romprest-a-pus-poprire-pe-venitul-pietelor-din-sectorul-1\\\/\"},\"wordCount\":621,\"publisher\":{\"@id\":\"https:\\\/\\\/buletin.de\\\/bucuresti\\\/#organization\"},\"image\":{\"@id\":\"https:\\\/\\\/buletin.de\\\/bucuresti\\\/sector-1-romprest-a-pus-poprire-pe-venitul-pietelor-din-sectorul-1\\\/#primaryimage\"},\"thumbnailUrl\":\"https:\\\/\\\/buletin.de\\\/bucuresti\\\/wp-content\\\/uploads\\\/masina-gunoi-900x400-1.jpg\",\"keywords\":[\"gunoi\",\"primaria\",\"proprire\",\"romprest\",\"Sector 1\"],\"articleSection\":[\"Articole\",\"\u0218tiri\"],\"inLanguage\":\"en-GB\",\"copyrightYear\":\"2023\",\"copyrightHolder\":{\"@id\":\"https:\\\/\\\/buletin.de\\\/bucuresti\\\/#organization\"}},{\"@type\":\"WebPage\",\"@id\":\"https:\\\/\\\/buletin.de\\\/bucuresti\\\/sector-1-romprest-a-pus-poprire-pe-venitul-pietelor-din-sectorul-1\\\/\",\"url\":\"https:\\\/\\\/buletin.de\\\/bucuresti\\\/sector-1-romprest-a-pus-poprire-pe-venitul-pietelor-din-sectorul-1\\\/\",\"name\":\"Romprest a pus poprire pe venitul pie\u021belor din Sectorul 1 - Buletin de Bucure\u0219ti\",\"isPartOf\":{\"@id\":\"https:\\\/\\\/buletin.de\\\/bucuresti\\\/#website\"},\"primaryImageOfPage\":{\"@id\":\"https:\\\/\\\/buletin.de\\\/bucuresti\\\/sector-1-romprest-a-pus-poprire-pe-venitul-pietelor-din-sectorul-1\\\/#primaryimage\"},\"image\":{\"@id\":\"https:\\\/\\\/buletin.de\\\/bucuresti\\\/sector-1-romprest-a-pus-poprire-pe-venitul-pietelor-din-sectorul-1\\\/#primaryimage\"},\"thumbnailUrl\":\"https:\\\/\\\/buletin.de\\\/bucuresti\\\/wp-content\\\/uploads\\\/masina-gunoi-900x400-1.jpg\",\"datePublished\":\"2023-11-13T15:37:09+00:00\",\"dateModified\":\"2023-11-13T16:45:14+00:00\",\"breadcrumb\":{\"@id\":\"https:\\\/\\\/buletin.de\\\/bucuresti\\\/sector-1-romprest-a-pus-poprire-pe-venitul-pietelor-din-sectorul-1\\\/#breadcrumb\"},\"inLanguage\":\"en-GB\",\"potentialAction\":[{\"@type\":\"ReadAction\",\"target\":[\"https:\\\/\\\/buletin.de\\\/bucuresti\\\/sector-1-romprest-a-pus-poprire-pe-venitul-pietelor-din-sectorul-1\\\/\"]}]},{\"@type\":\"ImageObject\",\"inLanguage\":\"en-GB\",\"@id\":\"https:\\\/\\\/buletin.de\\\/bucuresti\\\/sector-1-romprest-a-pus-poprire-pe-venitul-pietelor-din-sectorul-1\\\/#primaryimage\",\"url\":\"https:\\\/\\\/buletin.de\\\/bucuresti\\\/wp-content\\\/uploads\\\/masina-gunoi-900x400-1.jpg\",\"contentUrl\":\"https:\\\/\\\/buletin.de\\\/bucuresti\\\/wp-content\\\/uploads\\\/masina-gunoi-900x400-1.jpg\",\"width\":900,\"height\":400},{\"@type\":\"BreadcrumbList\",\"@id\":\"https:\\\/\\\/buletin.de\\\/bucuresti\\\/sector-1-romprest-a-pus-poprire-pe-venitul-pietelor-din-sectorul-1\\\/#breadcrumb\",\"itemListElement\":[{\"@type\":\"ListItem\",\"position\":1,\"name\":\"Acas\u0103\",\"item\":\"https:\\\/\\\/buletin.de\\\/bucuresti\\\/\"},{\"@type\":\"ListItem\",\"position\":2,\"name\":\"Romprest a pus poprire pe venitul pie\u021belor din Sectorul 1\"}]},{\"@type\":\"WebSite\",\"@id\":\"https:\\\/\\\/buletin.de\\\/bucuresti\\\/#website\",\"url\":\"https:\\\/\\\/buletin.de\\\/bucuresti\\\/\",\"name\":\"Buletin de Bucure\u0219ti\",\"description\":\"\u0218tiri \u0219i investiga\u021bii esen\u021biale din capital\u0103\",\"publisher\":{\"@id\":\"https:\\\/\\\/buletin.de\\\/bucuresti\\\/#organization\"},\"potentialAction\":[{\"@type\":\"SearchAction\",\"target\":{\"@type\":\"EntryPoint\",\"urlTemplate\":\"https:\\\/\\\/buletin.de\\\/bucuresti\\\/?s={search_term_string}\"},\"query-input\":{\"@type\":\"PropertyValueSpecification\",\"valueRequired\":true,\"valueName\":\"search_term_string\"}}],\"inLanguage\":\"en-GB\"},{\"@type\":\"Organization\",\"@id\":\"https:\\\/\\\/buletin.de\\\/bucuresti\\\/#organization\",\"name\":\"Buletin de Bucure\u0219ti\",\"url\":\"https:\\\/\\\/buletin.de\\\/bucuresti\\\/\",\"logo\":{\"@type\":\"ImageObject\",\"inLanguage\":\"en-GB\",\"@id\":\"https:\\\/\\\/buletin.de\\\/bucuresti\\\/#\\\/schema\\\/logo\\\/image\\\/\",\"url\":\"https:\\\/\\\/buletin.de\\\/bucuresti\\\/wp-content\\\/uploads\\\/logo-bdb-full-wide-vernil-transparent.png\",\"contentUrl\":\"https:\\\/\\\/buletin.de\\\/bucuresti\\\/wp-content\\\/uploads\\\/logo-bdb-full-wide-vernil-transparent.png\",\"width\":1782,\"height\":626,\"caption\":\"Buletin de Bucure\u0219ti\"},\"image\":{\"@id\":\"https:\\\/\\\/buletin.de\\\/bucuresti\\\/#\\\/schema\\\/logo\\\/image\\\/\"},\"sameAs\":[\"https:\\\/\\\/www.facebook.com\\\/buletin.de.buc\",\"https:\\\/\\\/www.instagram.com\\\/buletinde.bucuresti\\\/\"]},{\"@type\":\"Person\",\"@id\":\"https:\\\/\\\/buletin.de\\\/bucuresti\\\/#\\\/schema\\\/person\\\/ab174cf6711728e4ee83d672acf9a912\",\"name\":\"Adina C\u0103p\u00eelnean\",\"image\":{\"@type\":\"ImageObject\",\"inLanguage\":\"en-GB\",\"@id\":\"https:\\\/\\\/secure.gravatar.com\\\/avatar\\\/4fe9675d6282fd7c1aa4e486a037d532d5728fc16a30360f293eb6126b2e73ad?s=96&d=monsterid&r=ge2b23868508aec3460d3c6a11d3b599a\",\"url\":\"https:\\\/\\\/secure.gravatar.com\\\/avatar\\\/4fe9675d6282fd7c1aa4e486a037d532d5728fc16a30360f293eb6126b2e73ad?s=96&d=monsterid&r=g\",\"contentUrl\":\"https:\\\/\\\/secure.gravatar.com\\\/avatar\\\/4fe9675d6282fd7c1aa4e486a037d532d5728fc16a30360f293eb6126b2e73ad?s=96&d=monsterid&r=g\",\"caption\":\"Adina C\u0103p\u00eelnean\"},\"url\":\"https:\\\/\\\/buletin.de\\\/bucuresti\\\/author\\\/adinacapilnean\\\/\"}]}<\/script>\n<!-- \/ Yoast SEO Premium plugin. -->","yoast_head_json":{"title":"Romprest a pus poprire pe venitul pie\u021belor din Sectorul 1 - Buletin de Bucure\u0219ti","robots":{"index":"index","follow":"follow","max-snippet":"max-snippet:-1","max-image-preview":"max-image-preview:large","max-video-preview":"max-video-preview:-1"},"canonical":"https:\/\/buletin.de\/bucuresti\/sector-1-romprest-a-pus-poprire-pe-venitul-pietelor-din-sectorul-1\/","og_locale":"en_GB","og_type":"article","og_title":"Romprest a pus poprire pe venitul pie\u021belor din Sectorul 1","og_description":"Banii de chirie pentru spa\u0163iile din pie\u021bele Sectorului 1 se duc direct \u00een conturile unor executori judec\u0103tore\u0219ti, care \u00eei colecteaz\u0103 \u00een numele operatorului de salubritate Romprest, potrivit Economedia. Prim\u0103ria Sectorului 1 spune c\u0103 este \u201eun fenomen marginal\u201d, iar \u201esumele \u00een discu\u021bie sunt mici\u201d.&nbsp; Mai mul\u021bi proprietari de tarabe din Pia\u021ba Matache pl\u0103tesc chiria c\u0103tre un [&hellip;]","og_url":"https:\/\/buletin.de\/bucuresti\/sector-1-romprest-a-pus-poprire-pe-venitul-pietelor-din-sectorul-1\/","og_site_name":"Buletin de Bucure\u0219ti","article_publisher":"https:\/\/www.facebook.com\/buletin.de.buc","article_published_time":"2023-11-13T15:37:09+00:00","article_modified_time":"2023-11-13T16:45:14+00:00","og_image":[{"width":900,"height":400,"url":"https:\/\/buletin.de\/bucuresti\/wp-content\/uploads\/masina-gunoi-900x400-1.jpg","type":"image\/jpeg"}],"author":"Adina C\u0103p\u00eelnean","twitter_card":"summary_large_image","twitter_misc":{"Written by":"Adina C\u0103p\u00eelnean","Estimated reading time":"3 minutes"},"schema":{"@context":"https:\/\/schema.org","@graph":[{"@type":"Article","@id":"https:\/\/buletin.de\/bucuresti\/sector-1-romprest-a-pus-poprire-pe-venitul-pietelor-din-sectorul-1\/#article","isPartOf":{"@id":"https:\/\/buletin.de\/bucuresti\/sector-1-romprest-a-pus-poprire-pe-venitul-pietelor-din-sectorul-1\/"},"author":{"name":"Adina C\u0103p\u00eelnean","@id":"https:\/\/buletin.de\/bucuresti\/#\/schema\/person\/ab174cf6711728e4ee83d672acf9a912"},"headline":"Romprest a pus poprire pe venitul pie\u021belor din Sectorul 1","datePublished":"2023-11-13T15:37:09+00:00","dateModified":"2023-11-13T16:45:14+00:00","mainEntityOfPage":{"@id":"https:\/\/buletin.de\/bucuresti\/sector-1-romprest-a-pus-poprire-pe-venitul-pietelor-din-sectorul-1\/"},"wordCount":621,"publisher":{"@id":"https:\/\/buletin.de\/bucuresti\/#organization"},"image":{"@id":"https:\/\/buletin.de\/bucuresti\/sector-1-romprest-a-pus-poprire-pe-venitul-pietelor-din-sectorul-1\/#primaryimage"},"thumbnailUrl":"https:\/\/buletin.de\/bucuresti\/wp-content\/uploads\/masina-gunoi-900x400-1.jpg","keywords":["gunoi","primaria","proprire","romprest","Sector 1"],"articleSection":["Articole","\u0218tiri"],"inLanguage":"en-GB","copyrightYear":"2023","copyrightHolder":{"@id":"https:\/\/buletin.de\/bucuresti\/#organization"}},{"@type":"WebPage","@id":"https:\/\/buletin.de\/bucuresti\/sector-1-romprest-a-pus-poprire-pe-venitul-pietelor-din-sectorul-1\/","url":"https:\/\/buletin.de\/bucuresti\/sector-1-romprest-a-pus-poprire-pe-venitul-pietelor-din-sectorul-1\/","name":"Romprest a pus poprire pe venitul pie\u021belor din Sectorul 1 - Buletin de Bucure\u0219ti","isPartOf":{"@id":"https:\/\/buletin.de\/bucuresti\/#website"},"primaryImageOfPage":{"@id":"https:\/\/buletin.de\/bucuresti\/sector-1-romprest-a-pus-poprire-pe-venitul-pietelor-din-sectorul-1\/#primaryimage"},"image":{"@id":"https:\/\/buletin.de\/bucuresti\/sector-1-romprest-a-pus-poprire-pe-venitul-pietelor-din-sectorul-1\/#primaryimage"},"thumbnailUrl":"https:\/\/buletin.de\/bucuresti\/wp-content\/uploads\/masina-gunoi-900x400-1.jpg","datePublished":"2023-11-13T15:37:09+00:00","dateModified":"2023-11-13T16:45:14+00:00","breadcrumb":{"@id":"https:\/\/buletin.de\/bucuresti\/sector-1-romprest-a-pus-poprire-pe-venitul-pietelor-din-sectorul-1\/#breadcrumb"},"inLanguage":"en-GB","potentialAction":[{"@type":"ReadAction","target":["https:\/\/buletin.de\/bucuresti\/sector-1-romprest-a-pus-poprire-pe-venitul-pietelor-din-sectorul-1\/"]}]},{"@type":"ImageObject","inLanguage":"en-GB","@id":"https:\/\/buletin.de\/bucuresti\/sector-1-romprest-a-pus-poprire-pe-venitul-pietelor-din-sectorul-1\/#primaryimage","url":"https:\/\/buletin.de\/bucuresti\/wp-content\/uploads\/masina-gunoi-900x400-1.jpg","contentUrl":"https:\/\/buletin.de\/bucuresti\/wp-content\/uploads\/masina-gunoi-900x400-1.jpg","width":900,"height":400},{"@type":"BreadcrumbList","@id":"https:\/\/buletin.de\/bucuresti\/sector-1-romprest-a-pus-poprire-pe-venitul-pietelor-din-sectorul-1\/#breadcrumb","itemListElement":[{"@type":"ListItem","position":1,"name":"Acas\u0103","item":"https:\/\/buletin.de\/bucuresti\/"},{"@type":"ListItem","position":2,"name":"Romprest a pus poprire pe venitul pie\u021belor din Sectorul 1"}]},{"@type":"WebSite","@id":"https:\/\/buletin.de\/bucuresti\/#website","url":"https:\/\/buletin.de\/bucuresti\/","name":"Buletin de Bucure\u0219ti","description":"\u0218tiri \u0219i investiga\u021bii esen\u021biale din capital\u0103","publisher":{"@id":"https:\/\/buletin.de\/bucuresti\/#organization"},"potentialAction":[{"@type":"SearchAction","target":{"@type":"EntryPoint","urlTemplate":"https:\/\/buletin.de\/bucuresti\/?s={search_term_string}"},"query-input":{"@type":"PropertyValueSpecification","valueRequired":true,"valueName":"search_term_string"}}],"inLanguage":"en-GB"},{"@type":"Organization","@id":"https:\/\/buletin.de\/bucuresti\/#organization","name":"Buletin de Bucure\u0219ti","url":"https:\/\/buletin.de\/bucuresti\/","logo":{"@type":"ImageObject","inLanguage":"en-GB","@id":"https:\/\/buletin.de\/bucuresti\/#\/schema\/logo\/image\/","url":"https:\/\/buletin.de\/bucuresti\/wp-content\/uploads\/logo-bdb-full-wide-vernil-transparent.png","contentUrl":"https:\/\/buletin.de\/bucuresti\/wp-content\/uploads\/logo-bdb-full-wide-vernil-transparent.png","width":1782,"height":626,"caption":"Buletin de Bucure\u0219ti"},"image":{"@id":"https:\/\/buletin.de\/bucuresti\/#\/schema\/logo\/image\/"},"sameAs":["https:\/\/www.facebook.com\/buletin.de.buc","https:\/\/www.instagram.com\/buletinde.bucuresti\/"]},{"@type":"Person","@id":"https:\/\/buletin.de\/bucuresti\/#\/schema\/person\/ab174cf6711728e4ee83d672acf9a912","name":"Adina C\u0103p\u00eelnean","image":{"@type":"ImageObject","inLanguage":"en-GB","@id":"https:\/\/secure.gravatar.com\/avatar\/4fe9675d6282fd7c1aa4e486a037d532d5728fc16a30360f293eb6126b2e73ad?s=96&d=monsterid&r=ge2b23868508aec3460d3c6a11d3b599a","url":"https:\/\/secure.gravatar.com\/avatar\/4fe9675d6282fd7c1aa4e486a037d532d5728fc16a30360f293eb6126b2e73ad?s=96&d=monsterid&r=g","contentUrl":"https:\/\/secure.gravatar.com\/avatar\/4fe9675d6282fd7c1aa4e486a037d532d5728fc16a30360f293eb6126b2e73ad?s=96&d=monsterid&r=g","caption":"Adina C\u0103p\u00eelnean"},"url":"https:\/\/buletin.de\/bucuresti\/author\/adinacapilnean\/"}]}},"authors":[{"term_id":22580,"user_id":47,"is_guest":0,"slug":"adinacapilnean","display_name":"Adina C\u0103p\u00eelnean","avatar_url":"https:\/\/secure.gravatar.com\/avatar\/4fe9675d6282fd7c1aa4e486a037d532d5728fc16a30360f293eb6126b2e73ad?s=96&d=monsterid&r=g","0":null,"1":"","2":"","3":"","4":"","5":"","6":"","7":"","8":""}],"_links":{"self":[{"href":"https:\/\/buletin.de\/bucuresti\/wp-json\/wp\/v2\/posts\/68831","targetHints":{"allow":["GET"]}}],"collection":[{"href":"https:\/\/buletin.de\/bucuresti\/wp-json\/wp\/v2\/posts"}],"about":[{"href":"https:\/\/buletin.de\/bucuresti\/wp-json\/wp\/v2\/types\/post"}],"author":[{"embeddable":true,"href":"https:\/\/buletin.de\/bucuresti\/wp-json\/wp\/v2\/users\/47"}],"replies":[{"embeddable":true,"href":"https:\/\/buletin.de\/bucuresti\/wp-json\/wp\/v2\/comments?post=68831"}],"version-history":[{"count":3,"href":"https:\/\/buletin.de\/bucuresti\/wp-json\/wp\/v2\/posts\/68831\/revisions"}],"predecessor-version":[{"id":68851,"href":"https:\/\/buletin.de\/bucuresti\/wp-json\/wp\/v2\/posts\/68831\/revisions\/68851"}],"wp:featuredmedia":[{"embeddable":true,"href":"https:\/\/buletin.de\/bucuresti\/wp-json\/wp\/v2\/media\/19854"}],"wp:attachment":[{"href":"https:\/\/buletin.de\/bucuresti\/wp-json\/wp\/v2\/media?parent=68831"}],"wp:term":[{"taxonomy":"category","embeddable":true,"href":"https:\/\/buletin.de\/bucuresti\/wp-json\/wp\/v2\/categories?post=68831"},{"taxonomy":"post_tag","embeddable":true,"href":"https:\/\/buletin.de\/bucuresti\/wp-json\/wp\/v2\/tags?post=68831"},{"taxonomy":"author","embeddable":true,"href":"https:\/\/buletin.de\/bucuresti\/wp-json\/wp\/v2\/ppma_author?post=68831"}],"curies":[{"name":"wp","href":"https:\/\/api.w.org\/{rel}","templated":true}]}}