{"id":68821,"date":"2023-11-13T14:30:23","date_gmt":"2023-11-13T12:30:23","guid":{"rendered":"https:\/\/buletin.de\/bucuresti\/?p=68821"},"modified":"2023-11-13T14:30:24","modified_gmt":"2023-11-13T12:30:24","slug":"termoficare-i-aproape-200-de-blocuri-raman-fara-apa-calda-in-zona-mihai-bravu","status":"publish","type":"post","link":"https:\/\/buletin.de\/bucuresti\/termoficare-i-aproape-200-de-blocuri-raman-fara-apa-calda-in-zona-mihai-bravu\/","title":{"rendered":"TERMOFICARE I Aproape 200 de blocuri r\u0103m\u00e2n f\u0103r\u0103 ap\u0103 cald\u0103 \u00een zona Mihai Bravu"},"content":{"rendered":"\n<p><strong>Furnizarea agentului termic pentru ap\u0103 cald\u0103 \u0219i c\u0103ldur\u0103, pentru un num\u0103r de aproximativ 220 de blocuri din zona Bulevardului Mihai Bravu, va fi sistat\u0103 p\u00e2n\u0103 \u00een data de 17 noiembrie, ora 23:00, anun\u021b\u0103 Compania Municipal\u0103 Termoenergetica Bucure\u0219ti (CMTEB). <\/strong><\/p>\n\n\n\n<p>Compania precizeaz\u0103 c\u0103 este vorba de prima etap\u0103 a lucr\u0103rilor pentru reabilitarea sistemului de termoficare \u2013 LOTUL 1, coordonate de Prim\u0103ria Municipiului Bucure\u0219ti (PMB) \u00een cadrul proiectului finan\u021bat cu fonduri europene prin Programul Opera\u021bional Infrastructur\u0103 Mare (POIM). <\/p>\n\n\n\n<p>Echipele lucreaz\u0103 pe tronsonul amplasat pe \u0218oseaua Mihai Bravu \u00een zona cuprins\u0103 \u00eentre str\u0103zile R\u0103cari \u0219i Laborator, lucr\u0103ri \u00een cadrul Obiectivului 1 \u0219i \u00een zona Spitalului Victor Babe\u0219, lucr\u0103ri \u00een cadrul Obiectivului 4. <\/p>\n\n\n\n<p>Conducta Magistralei 2 Sud a fost pus\u0103 \u00een func\u021biune \u00een anul 1975 \u0219i are aproape 50 de ani de func\u021bionare.&nbsp;<\/p>\n\n\n\n<p>Obiectivele 1 \u0219i 4 din POIM presupun modernizare a conductelor ce asigur\u0103 alimentarea cu agent termic a punctelor termice din Sectorul 2, pe tronsonul cuprins \u00eentre CTE Sud \u0219i Bulevardul Energeticienilor, \u0218oselele Mihai Bravu, \u0218tefan cel Mare \u0219i \u0218oseaua Fundeni.<\/p>\n\n\n\n<p>Termoenergetica mai precizeaz\u0103 ca ast\u0103zi vor fi realizate manevrele de alimentare a punctele termice din sectoarele 4 \u0219i 5 din CTE Progresu.<\/p>\n\n\n\n<p>Clien\u021bii au la dispozi\u021bie informa\u021bii prin mesajele pre\u00eenregistrate la num\u0103rul de telefon 031.9442 sau alte detalii la 0800.820.002, precum \u0219i prin aplica\u021bia Termoalert.<\/p>\n","protected":false},"excerpt":{"rendered":"<p>Furnizarea agentului termic pentru ap\u0103 cald\u0103 \u0219i c\u0103ldur\u0103, pentru un num\u0103r de aproximativ 220 de blocuri din zona Bulevardului Mihai Bravu, va fi sistat\u0103 p\u00e2n\u0103 \u00een data de 17 noiembrie, ora 23:00, anun\u021b\u0103 Compania Municipal\u0103 Termoenergetica Bucure\u0219ti (CMTEB). Compania precizeaz\u0103 c\u0103 este vorba de prima etap\u0103 a lucr\u0103rilor pentru reabilitarea sistemului de termoficare \u2013 LOTUL [&hellip;]<\/p>\n","protected":false},"author":49,"featured_media":68822,"comment_status":"closed","ping_status":"open","sticky":false,"template":"","format":"standard","meta":{"_acf_changed":false,"inline_featured_image":false,"ngg_post_thumbnail":0,"footnotes":""},"categories":[6994,62,6214],"tags":[415,4999,2178],"ppma_author":[22574],"class_list":["post-68821","post","type-post","status-publish","format-standard","has-post-thumbnail","hentry","category-stiri-2","category-stiri","category-termo","tag-apa-calda","tag-mihai-bravu","tag-termoenegertica"],"acf":[],"yoast_head":"<!-- This site is optimized with the Yoast SEO Premium plugin v25.3 (Yoast SEO v27.4) - https:\/\/yoast.com\/product\/yoast-seo-premium-wordpress\/ -->\n<title>TERMOFICARE I Aproape 200 de blocuri r\u0103m\u00e2n f\u0103r\u0103 ap\u0103 cald\u0103 \u00een zona Mihai Bravu - Buletin de Bucure\u0219ti<\/title>\n<meta name=\"robots\" content=\"index, follow, max-snippet:-1, max-image-preview:large, max-video-preview:-1\" \/>\n<link rel=\"canonical\" href=\"https:\/\/buletin.de\/bucuresti\/termoficare-i-aproape-200-de-blocuri-raman-fara-apa-calda-in-zona-mihai-bravu\/\" \/>\n<meta property=\"og:locale\" content=\"en_GB\" \/>\n<meta property=\"og:type\" content=\"article\" \/>\n<meta property=\"og:title\" content=\"TERMOFICARE I Aproape 200 de blocuri r\u0103m\u00e2n f\u0103r\u0103 ap\u0103 cald\u0103 \u00een zona Mihai Bravu\" \/>\n<meta property=\"og:description\" content=\"Furnizarea agentului termic pentru ap\u0103 cald\u0103 \u0219i c\u0103ldur\u0103, pentru un num\u0103r de aproximativ 220 de blocuri din zona Bulevardului Mihai Bravu, va fi sistat\u0103 p\u00e2n\u0103 \u00een data de 17 noiembrie, ora 23:00, anun\u021b\u0103 Compania Municipal\u0103 Termoenergetica Bucure\u0219ti (CMTEB). Compania precizeaz\u0103 c\u0103 este vorba de prima etap\u0103 a lucr\u0103rilor pentru reabilitarea sistemului de termoficare \u2013 LOTUL [&hellip;]\" \/>\n<meta property=\"og:url\" content=\"https:\/\/buletin.de\/bucuresti\/termoficare-i-aproape-200-de-blocuri-raman-fara-apa-calda-in-zona-mihai-bravu\/\" \/>\n<meta property=\"og:site_name\" content=\"Buletin de Bucure\u0219ti\" \/>\n<meta property=\"article:publisher\" content=\"https:\/\/www.facebook.com\/buletin.de.buc\" \/>\n<meta property=\"article:published_time\" content=\"2023-11-13T12:30:23+00:00\" \/>\n<meta property=\"article:modified_time\" content=\"2023-11-13T12:30:24+00:00\" \/>\n<meta property=\"og:image\" content=\"https:\/\/buletin.de\/bucuresti\/wp-content\/uploads\/termo-4.jpeg\" \/>\n\t<meta property=\"og:image:width\" content=\"1080\" \/>\n\t<meta property=\"og:image:height\" content=\"1920\" \/>\n\t<meta property=\"og:image:type\" content=\"image\/jpeg\" \/>\n<meta name=\"author\" content=\"Diana Matei\" \/>\n<meta name=\"twitter:card\" content=\"summary_large_image\" \/>\n<meta name=\"twitter:label1\" content=\"Written by\" \/>\n\t<meta name=\"twitter:data1\" content=\"Diana Matei\" \/>\n\t<meta name=\"twitter:label2\" content=\"Estimated reading time\" \/>\n\t<meta name=\"twitter:data2\" content=\"1 minute\" \/>\n<script type=\"application\/ld+json\" class=\"yoast-schema-graph\">{\"@context\":\"https:\\\/\\\/schema.org\",\"@graph\":[{\"@type\":\"Article\",\"@id\":\"https:\\\/\\\/buletin.de\\\/bucuresti\\\/termoficare-i-aproape-200-de-blocuri-raman-fara-apa-calda-in-zona-mihai-bravu\\\/#article\",\"isPartOf\":{\"@id\":\"https:\\\/\\\/buletin.de\\\/bucuresti\\\/termoficare-i-aproape-200-de-blocuri-raman-fara-apa-calda-in-zona-mihai-bravu\\\/\"},\"author\":{\"name\":\"Diana Matei\",\"@id\":\"https:\\\/\\\/buletin.de\\\/bucuresti\\\/#\\\/schema\\\/person\\\/7e46040573290777280a0835d81ea4ea\"},\"headline\":\"TERMOFICARE I Aproape 200 de blocuri r\u0103m\u00e2n f\u0103r\u0103 ap\u0103 cald\u0103 \u00een zona Mihai Bravu\",\"datePublished\":\"2023-11-13T12:30:23+00:00\",\"dateModified\":\"2023-11-13T12:30:24+00:00\",\"mainEntityOfPage\":{\"@id\":\"https:\\\/\\\/buletin.de\\\/bucuresti\\\/termoficare-i-aproape-200-de-blocuri-raman-fara-apa-calda-in-zona-mihai-bravu\\\/\"},\"wordCount\":235,\"publisher\":{\"@id\":\"https:\\\/\\\/buletin.de\\\/bucuresti\\\/#organization\"},\"image\":{\"@id\":\"https:\\\/\\\/buletin.de\\\/bucuresti\\\/termoficare-i-aproape-200-de-blocuri-raman-fara-apa-calda-in-zona-mihai-bravu\\\/#primaryimage\"},\"thumbnailUrl\":\"https:\\\/\\\/buletin.de\\\/bucuresti\\\/wp-content\\\/uploads\\\/termo-4.jpeg\",\"keywords\":[\"apa calda\",\"Mihai Bravu\",\"termoenegertica\"],\"articleSection\":[\"Articole\",\"\u0218tiri\",\"Termoficare\"],\"inLanguage\":\"en-GB\",\"copyrightYear\":\"2023\",\"copyrightHolder\":{\"@id\":\"https:\\\/\\\/buletin.de\\\/bucuresti\\\/#organization\"}},{\"@type\":\"WebPage\",\"@id\":\"https:\\\/\\\/buletin.de\\\/bucuresti\\\/termoficare-i-aproape-200-de-blocuri-raman-fara-apa-calda-in-zona-mihai-bravu\\\/\",\"url\":\"https:\\\/\\\/buletin.de\\\/bucuresti\\\/termoficare-i-aproape-200-de-blocuri-raman-fara-apa-calda-in-zona-mihai-bravu\\\/\",\"name\":\"TERMOFICARE I Aproape 200 de blocuri r\u0103m\u00e2n f\u0103r\u0103 ap\u0103 cald\u0103 \u00een zona Mihai Bravu - Buletin de Bucure\u0219ti\",\"isPartOf\":{\"@id\":\"https:\\\/\\\/buletin.de\\\/bucuresti\\\/#website\"},\"primaryImageOfPage\":{\"@id\":\"https:\\\/\\\/buletin.de\\\/bucuresti\\\/termoficare-i-aproape-200-de-blocuri-raman-fara-apa-calda-in-zona-mihai-bravu\\\/#primaryimage\"},\"image\":{\"@id\":\"https:\\\/\\\/buletin.de\\\/bucuresti\\\/termoficare-i-aproape-200-de-blocuri-raman-fara-apa-calda-in-zona-mihai-bravu\\\/#primaryimage\"},\"thumbnailUrl\":\"https:\\\/\\\/buletin.de\\\/bucuresti\\\/wp-content\\\/uploads\\\/termo-4.jpeg\",\"datePublished\":\"2023-11-13T12:30:23+00:00\",\"dateModified\":\"2023-11-13T12:30:24+00:00\",\"breadcrumb\":{\"@id\":\"https:\\\/\\\/buletin.de\\\/bucuresti\\\/termoficare-i-aproape-200-de-blocuri-raman-fara-apa-calda-in-zona-mihai-bravu\\\/#breadcrumb\"},\"inLanguage\":\"en-GB\",\"potentialAction\":[{\"@type\":\"ReadAction\",\"target\":[\"https:\\\/\\\/buletin.de\\\/bucuresti\\\/termoficare-i-aproape-200-de-blocuri-raman-fara-apa-calda-in-zona-mihai-bravu\\\/\"]}]},{\"@type\":\"ImageObject\",\"inLanguage\":\"en-GB\",\"@id\":\"https:\\\/\\\/buletin.de\\\/bucuresti\\\/termoficare-i-aproape-200-de-blocuri-raman-fara-apa-calda-in-zona-mihai-bravu\\\/#primaryimage\",\"url\":\"https:\\\/\\\/buletin.de\\\/bucuresti\\\/wp-content\\\/uploads\\\/termo-4.jpeg\",\"contentUrl\":\"https:\\\/\\\/buletin.de\\\/bucuresti\\\/wp-content\\\/uploads\\\/termo-4.jpeg\",\"width\":1080,\"height\":1920,\"caption\":\"Foto: Facebook-Termoenergetica\"},{\"@type\":\"BreadcrumbList\",\"@id\":\"https:\\\/\\\/buletin.de\\\/bucuresti\\\/termoficare-i-aproape-200-de-blocuri-raman-fara-apa-calda-in-zona-mihai-bravu\\\/#breadcrumb\",\"itemListElement\":[{\"@type\":\"ListItem\",\"position\":1,\"name\":\"Acas\u0103\",\"item\":\"https:\\\/\\\/buletin.de\\\/bucuresti\\\/\"},{\"@type\":\"ListItem\",\"position\":2,\"name\":\"TERMOFICARE I Aproape 200 de blocuri r\u0103m\u00e2n f\u0103r\u0103 ap\u0103 cald\u0103 \u00een zona Mihai Bravu\"}]},{\"@type\":\"WebSite\",\"@id\":\"https:\\\/\\\/buletin.de\\\/bucuresti\\\/#website\",\"url\":\"https:\\\/\\\/buletin.de\\\/bucuresti\\\/\",\"name\":\"Buletin de Bucure\u0219ti\",\"description\":\"\u0218tiri \u0219i investiga\u021bii esen\u021biale din capital\u0103\",\"publisher\":{\"@id\":\"https:\\\/\\\/buletin.de\\\/bucuresti\\\/#organization\"},\"potentialAction\":[{\"@type\":\"SearchAction\",\"target\":{\"@type\":\"EntryPoint\",\"urlTemplate\":\"https:\\\/\\\/buletin.de\\\/bucuresti\\\/?s={search_term_string}\"},\"query-input\":{\"@type\":\"PropertyValueSpecification\",\"valueRequired\":true,\"valueName\":\"search_term_string\"}}],\"inLanguage\":\"en-GB\"},{\"@type\":\"Organization\",\"@id\":\"https:\\\/\\\/buletin.de\\\/bucuresti\\\/#organization\",\"name\":\"Buletin de Bucure\u0219ti\",\"url\":\"https:\\\/\\\/buletin.de\\\/bucuresti\\\/\",\"logo\":{\"@type\":\"ImageObject\",\"inLanguage\":\"en-GB\",\"@id\":\"https:\\\/\\\/buletin.de\\\/bucuresti\\\/#\\\/schema\\\/logo\\\/image\\\/\",\"url\":\"https:\\\/\\\/buletin.de\\\/bucuresti\\\/wp-content\\\/uploads\\\/logo-bdb-full-wide-vernil-transparent.png\",\"contentUrl\":\"https:\\\/\\\/buletin.de\\\/bucuresti\\\/wp-content\\\/uploads\\\/logo-bdb-full-wide-vernil-transparent.png\",\"width\":1782,\"height\":626,\"caption\":\"Buletin de Bucure\u0219ti\"},\"image\":{\"@id\":\"https:\\\/\\\/buletin.de\\\/bucuresti\\\/#\\\/schema\\\/logo\\\/image\\\/\"},\"sameAs\":[\"https:\\\/\\\/www.facebook.com\\\/buletin.de.buc\",\"https:\\\/\\\/www.instagram.com\\\/buletinde.bucuresti\\\/\"]},{\"@type\":\"Person\",\"@id\":\"https:\\\/\\\/buletin.de\\\/bucuresti\\\/#\\\/schema\\\/person\\\/7e46040573290777280a0835d81ea4ea\",\"name\":\"Diana Matei\",\"image\":{\"@type\":\"ImageObject\",\"inLanguage\":\"en-GB\",\"@id\":\"https:\\\/\\\/buletin.de\\\/bucuresti\\\/wp-content\\\/uploads\\\/9-2-96x96.jpg1e8590b30871d70e62ebcdaf2eff570c\",\"url\":\"https:\\\/\\\/buletin.de\\\/bucuresti\\\/wp-content\\\/uploads\\\/9-2-96x96.jpg\",\"contentUrl\":\"https:\\\/\\\/buletin.de\\\/bucuresti\\\/wp-content\\\/uploads\\\/9-2-96x96.jpg\",\"caption\":\"Diana Matei\"},\"url\":\"https:\\\/\\\/buletin.de\\\/bucuresti\\\/author\\\/dianamatei\\\/\"}]}<\/script>\n<!-- \/ Yoast SEO Premium plugin. -->","yoast_head_json":{"title":"TERMOFICARE I Aproape 200 de blocuri r\u0103m\u00e2n f\u0103r\u0103 ap\u0103 cald\u0103 \u00een zona Mihai Bravu - Buletin de Bucure\u0219ti","robots":{"index":"index","follow":"follow","max-snippet":"max-snippet:-1","max-image-preview":"max-image-preview:large","max-video-preview":"max-video-preview:-1"},"canonical":"https:\/\/buletin.de\/bucuresti\/termoficare-i-aproape-200-de-blocuri-raman-fara-apa-calda-in-zona-mihai-bravu\/","og_locale":"en_GB","og_type":"article","og_title":"TERMOFICARE I Aproape 200 de blocuri r\u0103m\u00e2n f\u0103r\u0103 ap\u0103 cald\u0103 \u00een zona Mihai Bravu","og_description":"Furnizarea agentului termic pentru ap\u0103 cald\u0103 \u0219i c\u0103ldur\u0103, pentru un num\u0103r de aproximativ 220 de blocuri din zona Bulevardului Mihai Bravu, va fi sistat\u0103 p\u00e2n\u0103 \u00een data de 17 noiembrie, ora 23:00, anun\u021b\u0103 Compania Municipal\u0103 Termoenergetica Bucure\u0219ti (CMTEB). Compania precizeaz\u0103 c\u0103 este vorba de prima etap\u0103 a lucr\u0103rilor pentru reabilitarea sistemului de termoficare \u2013 LOTUL [&hellip;]","og_url":"https:\/\/buletin.de\/bucuresti\/termoficare-i-aproape-200-de-blocuri-raman-fara-apa-calda-in-zona-mihai-bravu\/","og_site_name":"Buletin de Bucure\u0219ti","article_publisher":"https:\/\/www.facebook.com\/buletin.de.buc","article_published_time":"2023-11-13T12:30:23+00:00","article_modified_time":"2023-11-13T12:30:24+00:00","og_image":[{"width":1080,"height":1920,"url":"https:\/\/buletin.de\/bucuresti\/wp-content\/uploads\/termo-4.jpeg","type":"image\/jpeg"}],"author":"Diana Matei","twitter_card":"summary_large_image","twitter_misc":{"Written by":"Diana Matei","Estimated reading time":"1 minute"},"schema":{"@context":"https:\/\/schema.org","@graph":[{"@type":"Article","@id":"https:\/\/buletin.de\/bucuresti\/termoficare-i-aproape-200-de-blocuri-raman-fara-apa-calda-in-zona-mihai-bravu\/#article","isPartOf":{"@id":"https:\/\/buletin.de\/bucuresti\/termoficare-i-aproape-200-de-blocuri-raman-fara-apa-calda-in-zona-mihai-bravu\/"},"author":{"name":"Diana Matei","@id":"https:\/\/buletin.de\/bucuresti\/#\/schema\/person\/7e46040573290777280a0835d81ea4ea"},"headline":"TERMOFICARE I Aproape 200 de blocuri r\u0103m\u00e2n f\u0103r\u0103 ap\u0103 cald\u0103 \u00een zona Mihai Bravu","datePublished":"2023-11-13T12:30:23+00:00","dateModified":"2023-11-13T12:30:24+00:00","mainEntityOfPage":{"@id":"https:\/\/buletin.de\/bucuresti\/termoficare-i-aproape-200-de-blocuri-raman-fara-apa-calda-in-zona-mihai-bravu\/"},"wordCount":235,"publisher":{"@id":"https:\/\/buletin.de\/bucuresti\/#organization"},"image":{"@id":"https:\/\/buletin.de\/bucuresti\/termoficare-i-aproape-200-de-blocuri-raman-fara-apa-calda-in-zona-mihai-bravu\/#primaryimage"},"thumbnailUrl":"https:\/\/buletin.de\/bucuresti\/wp-content\/uploads\/termo-4.jpeg","keywords":["apa calda","Mihai Bravu","termoenegertica"],"articleSection":["Articole","\u0218tiri","Termoficare"],"inLanguage":"en-GB","copyrightYear":"2023","copyrightHolder":{"@id":"https:\/\/buletin.de\/bucuresti\/#organization"}},{"@type":"WebPage","@id":"https:\/\/buletin.de\/bucuresti\/termoficare-i-aproape-200-de-blocuri-raman-fara-apa-calda-in-zona-mihai-bravu\/","url":"https:\/\/buletin.de\/bucuresti\/termoficare-i-aproape-200-de-blocuri-raman-fara-apa-calda-in-zona-mihai-bravu\/","name":"TERMOFICARE I Aproape 200 de blocuri r\u0103m\u00e2n f\u0103r\u0103 ap\u0103 cald\u0103 \u00een zona Mihai Bravu - Buletin de Bucure\u0219ti","isPartOf":{"@id":"https:\/\/buletin.de\/bucuresti\/#website"},"primaryImageOfPage":{"@id":"https:\/\/buletin.de\/bucuresti\/termoficare-i-aproape-200-de-blocuri-raman-fara-apa-calda-in-zona-mihai-bravu\/#primaryimage"},"image":{"@id":"https:\/\/buletin.de\/bucuresti\/termoficare-i-aproape-200-de-blocuri-raman-fara-apa-calda-in-zona-mihai-bravu\/#primaryimage"},"thumbnailUrl":"https:\/\/buletin.de\/bucuresti\/wp-content\/uploads\/termo-4.jpeg","datePublished":"2023-11-13T12:30:23+00:00","dateModified":"2023-11-13T12:30:24+00:00","breadcrumb":{"@id":"https:\/\/buletin.de\/bucuresti\/termoficare-i-aproape-200-de-blocuri-raman-fara-apa-calda-in-zona-mihai-bravu\/#breadcrumb"},"inLanguage":"en-GB","potentialAction":[{"@type":"ReadAction","target":["https:\/\/buletin.de\/bucuresti\/termoficare-i-aproape-200-de-blocuri-raman-fara-apa-calda-in-zona-mihai-bravu\/"]}]},{"@type":"ImageObject","inLanguage":"en-GB","@id":"https:\/\/buletin.de\/bucuresti\/termoficare-i-aproape-200-de-blocuri-raman-fara-apa-calda-in-zona-mihai-bravu\/#primaryimage","url":"https:\/\/buletin.de\/bucuresti\/wp-content\/uploads\/termo-4.jpeg","contentUrl":"https:\/\/buletin.de\/bucuresti\/wp-content\/uploads\/termo-4.jpeg","width":1080,"height":1920,"caption":"Foto: Facebook-Termoenergetica"},{"@type":"BreadcrumbList","@id":"https:\/\/buletin.de\/bucuresti\/termoficare-i-aproape-200-de-blocuri-raman-fara-apa-calda-in-zona-mihai-bravu\/#breadcrumb","itemListElement":[{"@type":"ListItem","position":1,"name":"Acas\u0103","item":"https:\/\/buletin.de\/bucuresti\/"},{"@type":"ListItem","position":2,"name":"TERMOFICARE I Aproape 200 de blocuri r\u0103m\u00e2n f\u0103r\u0103 ap\u0103 cald\u0103 \u00een zona Mihai Bravu"}]},{"@type":"WebSite","@id":"https:\/\/buletin.de\/bucuresti\/#website","url":"https:\/\/buletin.de\/bucuresti\/","name":"Buletin de Bucure\u0219ti","description":"\u0218tiri \u0219i investiga\u021bii esen\u021biale din capital\u0103","publisher":{"@id":"https:\/\/buletin.de\/bucuresti\/#organization"},"potentialAction":[{"@type":"SearchAction","target":{"@type":"EntryPoint","urlTemplate":"https:\/\/buletin.de\/bucuresti\/?s={search_term_string}"},"query-input":{"@type":"PropertyValueSpecification","valueRequired":true,"valueName":"search_term_string"}}],"inLanguage":"en-GB"},{"@type":"Organization","@id":"https:\/\/buletin.de\/bucuresti\/#organization","name":"Buletin de Bucure\u0219ti","url":"https:\/\/buletin.de\/bucuresti\/","logo":{"@type":"ImageObject","inLanguage":"en-GB","@id":"https:\/\/buletin.de\/bucuresti\/#\/schema\/logo\/image\/","url":"https:\/\/buletin.de\/bucuresti\/wp-content\/uploads\/logo-bdb-full-wide-vernil-transparent.png","contentUrl":"https:\/\/buletin.de\/bucuresti\/wp-content\/uploads\/logo-bdb-full-wide-vernil-transparent.png","width":1782,"height":626,"caption":"Buletin de Bucure\u0219ti"},"image":{"@id":"https:\/\/buletin.de\/bucuresti\/#\/schema\/logo\/image\/"},"sameAs":["https:\/\/www.facebook.com\/buletin.de.buc","https:\/\/www.instagram.com\/buletinde.bucuresti\/"]},{"@type":"Person","@id":"https:\/\/buletin.de\/bucuresti\/#\/schema\/person\/7e46040573290777280a0835d81ea4ea","name":"Diana Matei","image":{"@type":"ImageObject","inLanguage":"en-GB","@id":"https:\/\/buletin.de\/bucuresti\/wp-content\/uploads\/9-2-96x96.jpg1e8590b30871d70e62ebcdaf2eff570c","url":"https:\/\/buletin.de\/bucuresti\/wp-content\/uploads\/9-2-96x96.jpg","contentUrl":"https:\/\/buletin.de\/bucuresti\/wp-content\/uploads\/9-2-96x96.jpg","caption":"Diana Matei"},"url":"https:\/\/buletin.de\/bucuresti\/author\/dianamatei\/"}]}},"authors":[{"term_id":22574,"user_id":49,"is_guest":0,"slug":"dianamatei","display_name":"Diana Matei","avatar_url":"https:\/\/buletin.de\/bucuresti\/wp-content\/uploads\/9-2-96x96.jpg","0":null,"1":"","2":"","3":"","4":"","5":"","6":"","7":"","8":""}],"_links":{"self":[{"href":"https:\/\/buletin.de\/bucuresti\/wp-json\/wp\/v2\/posts\/68821","targetHints":{"allow":["GET"]}}],"collection":[{"href":"https:\/\/buletin.de\/bucuresti\/wp-json\/wp\/v2\/posts"}],"about":[{"href":"https:\/\/buletin.de\/bucuresti\/wp-json\/wp\/v2\/types\/post"}],"author":[{"embeddable":true,"href":"https:\/\/buletin.de\/bucuresti\/wp-json\/wp\/v2\/users\/49"}],"replies":[{"embeddable":true,"href":"https:\/\/buletin.de\/bucuresti\/wp-json\/wp\/v2\/comments?post=68821"}],"version-history":[{"count":3,"href":"https:\/\/buletin.de\/bucuresti\/wp-json\/wp\/v2\/posts\/68821\/revisions"}],"predecessor-version":[{"id":68829,"href":"https:\/\/buletin.de\/bucuresti\/wp-json\/wp\/v2\/posts\/68821\/revisions\/68829"}],"wp:featuredmedia":[{"embeddable":true,"href":"https:\/\/buletin.de\/bucuresti\/wp-json\/wp\/v2\/media\/68822"}],"wp:attachment":[{"href":"https:\/\/buletin.de\/bucuresti\/wp-json\/wp\/v2\/media?parent=68821"}],"wp:term":[{"taxonomy":"category","embeddable":true,"href":"https:\/\/buletin.de\/bucuresti\/wp-json\/wp\/v2\/categories?post=68821"},{"taxonomy":"post_tag","embeddable":true,"href":"https:\/\/buletin.de\/bucuresti\/wp-json\/wp\/v2\/tags?post=68821"},{"taxonomy":"author","embeddable":true,"href":"https:\/\/buletin.de\/bucuresti\/wp-json\/wp\/v2\/ppma_author?post=68821"}],"curies":[{"name":"wp","href":"https:\/\/api.w.org\/{rel}","templated":true}]}}