{"id":6875,"date":"2020-05-11T09:35:00","date_gmt":"2020-05-11T06:35:00","guid":{"rendered":"https:\/\/buletin.de\/bucuresti\/?p=6875"},"modified":"2020-05-12T09:15:34","modified_gmt":"2020-05-12T06:15:34","slug":"live-text-coronavirus-bucuresti-11-mai-2020-ziua-76","status":"publish","type":"post","link":"https:\/\/buletin.de\/bucuresti\/live-text-coronavirus-bucuresti-11-mai-2020-ziua-76\/","title":{"rendered":"LIVE TEXT. Coronavirus &#8211; Bucure\u0219ti, 11 mai 2020, ziua 76"},"content":{"rendered":"\n<p> <em>Num\u0103rul de pacien\u021bi confirma\u021bi cu Covid-19 pe teritoriul Rom\u00e2niei a trecut de 15.000 \u0219i cre\u0219te de la o zi la alta, \u00eentr-un ritm din ce \u00een ce mai accelerat. Rata r\u0103sp\u00e2ndirii \u0219i rata mortalit\u0103\u021bii cresc gradual, \u00een timp ce num\u0103rul de test\u0103ri difer\u0103 de la zi la zi. Rom\u00e2nia se afl\u0103 acum \u00een <a href=\"https:\/\/buletin.de\/bucuresti\/s-a-declarat-stare-de-urgenta-ce-inseamna\/\">stare de urgen\u021b\u0103<\/a>. Dup\u0103 2000 de cazuri, autorit\u0103\u021bile au declarat trecerea la scenariul 4 al pandemiei, ultimul.<br><br>Vezi mai jos cele mai recente informa\u021bii oficiale de ast\u0103zi. Toate nout\u0103\u021bile din zilele trecute le g\u0103se\u0219ti <a href=\"https:\/\/buletin.de\/bucuresti\/cv\/\">aici.<\/a><\/em>       <\/p>\n\n\n\n<h3 class=\"has-vivid-cyan-blue-color has-text-color has-text-align-center wp-block-heading\"><strong>Iat\u0103 cifrele din spatele epidemiei de Coronavirus \u0219i actualiz\u0103ri zilnice \u2b07\ufe0f<\/strong>            <\/h3>\n\n\n\n<style>\n\n.full-width {\n  width: 100vw;\n  position: relative;\n  left: 50%;\n  right: 50%;\n  margin-left: -50vw;\n  margin-right: -50vw;\n}\n\n<\/style>\n\n\n\n<p><\/p>\n\n\n\n<div class=\"full-width\">\n<div class=\"infogram-embed\" data-id=\"27f09ce8-c508-413b-ac49-b60b01815be0\" data-type=\"interactive\" data-title=\"Livetext coronavirus\"><\/div><script>!function(e,i,n,s){var t=\"InfogramEmbeds\",d=e.getElementsByTagName(\"script\")[0];if(window[t]&&window[t].initialized)window[t].process&&window[t].process();else if(!e.getElementById(n)){var o=e.createElement(\"script\");o.async=1,o.id=n,o.src=\"https:\/\/e.infogram.com\/js\/dist\/embed-loader-min.js\",d.parentNode.insertBefore(o,d)}}(document,0,\"infogram-async\");<\/script>\n<\/div>\n<style>\nh2 {\nmargin-top: 150px;\nfont-size: 3em;\ntext-align: center;\n}\n<\/style>\n\n\n\n<h3 class=\"wp-block-heading\">Ora 21:00<\/h3>\n\n\n\n<p>Deces 973<\/p>\n\n\n\n<p>Femeie, 60 ani, jude\u021b Boto\u0219ani. <\/p>\n\n\n\n<p>Dat\u0103 confirmare: 01.05.2020. <br>\nDat\u0103 deces: 10.05.2020. <br>\nComorbidit\u0103\u021bi: Insuficien\u021b\u0103 renal\u0103 cronic\u0103. <\/p>\n\n\n\n<p>Deces 974<\/p>\n\n\n\n<p>B\u0103rbat, 84 ani, jude\u021b Bac\u0103u. <\/p>\n\n\n\n<p>Dat\u0103 confirmare: 28.04.2020. <br>\nDat\u0103 deces: 11.05.2020. <br>\nComorbidit\u0103\u021bi: Demen\u021b\u0103, Hemoragie digestive superioar\u0103, Insuficien\u021b\u0103 cardiac\u0103 cronic\u0103. <\/p>\n\n\n\n<p>Deces 975<\/p>\n\n\n\n<p>Femeie, 74 ani, jude\u021b Suceava. <\/p>\n\n\n\n<p>Dat\u0103 confirmare: 23.04.2020. <br>\nDat\u0103 deces: 09.05.2020. <br>\nComorbidit\u0103\u021bi: HTA, Coxartroza bilaterala, Boal\u0103 varicoasa cu tromboflebita \u0219i ulcere gambiere. <\/p>\n\n\n\n<p>Deces 976<\/p>\n\n\n\n<p>Femeie, 74 ani, jude\u021b Gala\u021bi. <\/p>\n\n\n\n<p>Dat\u0103 confirmare: 23.04.2020. <br>\nDat\u0103 deces: 09.05.2020. <br>\nComorbidit\u0103\u021bi: HTA, Boala Alzheimer. <\/p>\n\n\n\n<p>Deces 977<\/p>\n\n\n\n<p>Femeie, 70 ani, jude\u021b Bistri\u021ba-N\u0103s\u0103ud. <\/p>\n\n\n\n<p>Dat\u0103 confirmare: 21.04.2020. <br>\nDat\u0103 deces: 11.05.2020. <br>\nComorbidit\u0103\u021bi: HTA std II, Diabet zaharat tip II, BPOC. <\/p>\n\n\n\n<p>Deces 978<\/p>\n\n\n\n<p>Femeie, 67 ani, jude\u021b Bra\u0219ov. <\/p>\n\n\n\n<p>Dat\u0103 confirmare: 23.04.2020. <br>\nDat\u0103 deces: 10.05.2020. <br>\nComorbidit\u0103\u021bi: Diabet zaharat tip II, Insuficienta renala cronica, HTA, Obezitate. <\/p>\n\n\n\n<p>Deces 979<\/p>\n\n\n\n<p>B\u0103rbat, 71 ani, jude\u021b Bra\u0219ov. <\/p>\n\n\n\n<p>Data confirmare: 09.04.2020. <br>\nDat\u0103 deces: 11.05.2020. <br>\nComorbidit\u0103\u021bi: Tumora esofagiana stenozanta, Boal\u0103 renal\u0103 cronic\u0103, Obezitate. <\/p>\n\n\n\n<p>Deces 980<\/p>\n\n\n\n<p>Femeie, 61 ani, Bucure\u0219ti. <\/p>\n\n\n\n<p>Dat\u0103 confirmare: 10.05.2020. <br>\nDat\u0103 deces: 10.05.2020. <br>\nComorbidit\u0103\u021bi: Encefalopatie hepatica decompensate vascular \u0219i parenhimatos, Insuficien\u021b\u0103 renal\u0103. <\/p>\n\n\n\n<p>Deces 981<\/p>\n\n\n\n<p>Femeie, 64 ani, jude\u021b Neam\u021b. <\/p>\n\n\n\n<p>Dat\u0103 confirmare: 09.05.2020. <br>\nDat\u0103 deces: 08.05.2020. <br>\nComorbidit\u0103\u021bi: Bronhopneumonie, Fibrilatie atriala, HTA grd III, Obezitate. <\/p>\n\n\n\n<p>Deces 982<\/p>\n\n\n\n<p>Femeie, 68 ani, jude\u021b Neam\u021b. <\/p>\n\n\n\n<p>Dat\u0103 confirmare: 07.05.2020. <br>\nDat\u0103 deces: 11.05.2020. <br>\nComorbidit\u0103\u021bi: Boal\u0103 renal\u0103 cronic\u0103 std III, Diabet zaharat complicat, AVC hemoragic, Demen\u021b\u0103 vascular\u0103, BRS major.<\/p>\n\n\n\n<h3 class=\"wp-block-heading\">Ora 13:00<\/h3>\n\n\n\n<p>\n\nAlte 226 de noi cazuri de \u00eemboln\u0103vire. Au fost confirmate 15.588 de cazuri de persoane infectate cu noul coronavirus. Dintre persoanele confirmate pozitiv, 7.245 au fost declarate vindecate \u0219i externate. \u00cen Bucure\u0219ti exist\u0103 1519 cazuri.<br>Totodat\u0103, p\u00e2n\u0103 acum, 972 persoane diagnosticate cu infec\u021bie cu COVID-19 au decedat. La ATI, \u00een acest moment, sunt interna\u021bi 255 de pacien\u021bi. <br>Pe teritoriul Rom\u00e2niei, \u00een carantin\u0103 institu\u021bionalizat\u0103 sunt 14.745 de  persoane. Alte 19.059 de persoane sunt \u00een izolare la domiciliu \u0219i se afl\u0103 sub monitorizare medical\u0103. \n\n<\/p>\n\n\n\n<h3 class=\"wp-block-heading\">Ora 12:00<\/h3>\n\n\n\n<p>Deces 962<\/p>\n\n\n\n<p>Femeie, 89 ani, jude\u021b Ia\u0219i. <br>\nDat\u0103 confirmare: 04.05.2020. <br>\nDat\u0103 deces: 10.05.2020. <br>\nComorbidit\u0103\u021bi: HTA, boal\u0103 renal\u0103 cronic\u0103. <\/p>\n\n\n\n<p>Deces 963<\/p>\n\n\n\n<p>Femeie, 60 ani, jude\u021b Bihor. <\/p>\n\n\n\n<p>Dat\u0103 confirmare: 07.05.2020. <br>\nDat\u0103 deces: 10.05.2020. <br>\nComorbidit\u0103\u021bi: DZ tip II dezechilibrat, obezitate morbid\u0103. <\/p>\n\n\n\n<p>Deces 964<\/p>\n\n\n\n<p>Femeie, 72 ani, jude\u021b Timi\u0219. <\/p>\n\n\n\n<p>Dat\u0103 confirmare: 02.05.2020. <br>\nDat\u0103 deces: 10.05.2020. <br>\nComorbidit\u0103\u021bi: HTA grd. III, insuficien\u021b\u0103 cardiac\u0103 NYHA II\/III, stenoza artera carotida intern\u0103 dreapt\u0103, DZ tip II dezechilibrat non-insulinodependenta  poliartrit\u0103 reumatoid\u0103.<\/p>\n\n\n\n<p>Deces 965<\/p>\n\n\n\n<p>B\u0103rbat, 49 ani, jude\u021b Ialomi\u021ba. <\/p>\n\n\n\n<p>Dat\u0103 confirmare: 21.04.2020. <br>\nDat\u0103 deces: 10.05.2020. <br>\nComorbidit\u0103\u021bi: Obezitate. <\/p>\n\n\n\n<p>Deces 966<\/p>\n\n\n\n<p>Femeie, 73 ani, jude\u021b Bac\u0103u. <\/p>\n\n\n\n<p>Dat\u0103 confirmare: 05.05.2020. <br>\nDat\u0103 deces: 11.05.2020. <br>\nComorbidit\u0103\u021bi: Ciroza hepatica decompensate, Insuficienta hepatica cronica, Hipersplenism, Varice esofagiene, Encefalopatie hepatic\u0103. <\/p>\n\n\n\n<p>Deces 967<\/p>\n\n\n\n<p>Femeie, 96 ani, jude\u021b Suceava.  <\/p>\n\n\n\n<p>Dat\u0103 confirmare: 30.04.2020. <br>\nDat\u0103 deces: 10.05.2020. <br>\nComorbidit\u0103\u021bi: Bronsita cronica, Tulburare psihotic\u0103. <\/p>\n\n\n\n<p>Deces 968<\/p>\n\n\n\n<p>B\u0103rbat, 37 ani, jude\u021b Bra\u0219ov. <\/p>\n\n\n\n<p>Data confirmare: 11.04.2020. <br>\nData deces: 09.05.2020. <br>\nComorbidit\u0103\u021bi: Sepsis, Paraplegie flasca nespecifica, Pleurezie, Escare de decubit<\/p>\n\n\n\n<p>Deces 969<\/p>\n\n\n\n<p>Femeie, 72 ani, jude\u021b Vrancea. <\/p>\n\n\n\n<p>Dat\u0103 confirmare: 27.04.2020. <br>\nDat\u0103 deces: 10.05.2020. <br>\nComorbidit\u0103\u021bi: Edem pulmonar acut, HTA, Insuficien\u021b\u0103 mitral\u0103, Diabet zaharat tip II, Arteriopatie obliteranta member inferioare.<\/p>\n\n\n\n<p>Deces 970<\/p>\n\n\n\n<p>B\u0103rbat, 77 ani, Bucure\u0219ti. <\/p>\n\n\n\n<p>Dat\u0103 confirmare: 21.04.2020. <br>\nDat\u0103 deces: 10.05.2020. <br>\nComorbidit\u0103\u021bi: Bronhopneumonie Covid-19, Diabet zaharat tip II. <\/p>\n\n\n\n<p>Deces 971<\/p>\n\n\n\n<p>Femeie, 82 ani, jude\u021b Vrancea. <\/p>\n\n\n\n<p>Dat\u0103 confirmare: 10.05.2020. <br>\nDat\u0103 deces: 10.05.2020. <br>\nComorbidit\u0103\u021bi: Boal\u0103 cardiovascular\u0103 IVS cl II, Pleurezie dreapt\u0103, Ascita, Diabet zaharat tip II, sindrom diareic. <\/p>\n\n\n\n<p>Deces 972<\/p>\n\n\n\n<p>B\u0103rbat, 82 ani, Bucure\u0219ti. <\/p>\n\n\n\n<p>Dat\u0103 confirmare: 03.05.2020. <br>\nDat\u0103 deces: 10.05.2020. <br>\nComorbidit\u0103\u021bi: Ciroz\u0103 hepatic\u0103 decompensat\u0103.<\/p>\n\n\n\n<h3 class=\"wp-block-heading\">Ora 11:15<\/h3>\n\n\n\n<p>Ministerul Afacerilor Externe informeaz\u0103 c\u0103 \u00een cursul nop\u021bii trecute a fost facilitat\u0103 revenirea \u00een \u021bar\u0103 a 85 de cet\u0103\u021beni rom\u00e2ni care se aflau pe teritoriul Regatul Arabiei Saudite.<\/p>\n","protected":false},"excerpt":{"rendered":"<p>Num\u0103rul de pacien\u021bi confirma\u021bi cu Covid-19 pe teritoriul Rom\u00e2niei a trecut de 15.000 \u0219i cre\u0219te de la o zi la alta, \u00eentr-un ritm din ce \u00een ce mai accelerat. Rata r\u0103sp\u00e2ndirii \u0219i rata mortalit\u0103\u021bii cresc gradual, \u00een timp ce num\u0103rul de test\u0103ri difer\u0103 de la zi la zi. Rom\u00e2nia se afl\u0103 acum \u00een stare de [&hellip;]<\/p>\n","protected":false},"author":6,"featured_media":6573,"comment_status":"closed","ping_status":"open","sticky":false,"template":"","format":"standard","meta":{"_acf_changed":false,"inline_featured_image":false,"ngg_post_thumbnail":0,"footnotes":""},"categories":[996,4,62],"tags":[529,657,677],"ppma_author":[22588],"class_list":["post-6875","post","type-post","status-publish","format-standard","has-post-thumbnail","hentry","category-covid-19","category-sanatate","category-stiri","tag-coronavirus","tag-coronavirus-bucuresti","tag-livetext"],"acf":[],"yoast_head":"<!-- This site is optimized with the Yoast SEO Premium plugin v25.3 (Yoast SEO v27.5) - https:\/\/yoast.com\/product\/yoast-seo-premium-wordpress\/ -->\n<title>LIVE TEXT. Coronavirus - Bucure\u0219ti, 11 mai 2020, ziua 76 - Buletin de Bucure\u0219ti<\/title>\n<meta name=\"robots\" content=\"index, follow, max-snippet:-1, max-image-preview:large, max-video-preview:-1\" \/>\n<link rel=\"canonical\" href=\"https:\/\/buletin.de\/bucuresti\/live-text-coronavirus-bucuresti-11-mai-2020-ziua-76\/\" \/>\n<meta property=\"og:locale\" content=\"en_GB\" \/>\n<meta property=\"og:type\" content=\"article\" \/>\n<meta property=\"og:title\" content=\"LIVE TEXT. Coronavirus - Bucure\u0219ti, 11 mai 2020, ziua 76\" \/>\n<meta property=\"og:description\" content=\"Num\u0103rul de pacien\u021bi confirma\u021bi cu Covid-19 pe teritoriul Rom\u00e2niei a trecut de 15.000 \u0219i cre\u0219te de la o zi la alta, \u00eentr-un ritm din ce \u00een ce mai accelerat. Rata r\u0103sp\u00e2ndirii \u0219i rata mortalit\u0103\u021bii cresc gradual, \u00een timp ce num\u0103rul de test\u0103ri difer\u0103 de la zi la zi. Rom\u00e2nia se afl\u0103 acum \u00een stare de [&hellip;]\" \/>\n<meta property=\"og:url\" content=\"https:\/\/buletin.de\/bucuresti\/live-text-coronavirus-bucuresti-11-mai-2020-ziua-76\/\" \/>\n<meta property=\"og:site_name\" content=\"Buletin de Bucure\u0219ti\" \/>\n<meta property=\"article:publisher\" content=\"https:\/\/www.facebook.com\/buletin.de.buc\" \/>\n<meta property=\"article:published_time\" content=\"2020-05-11T06:35:00+00:00\" \/>\n<meta property=\"article:modified_time\" content=\"2020-05-12T06:15:34+00:00\" \/>\n<meta property=\"og:image\" content=\"https:\/\/buletin.de\/bucuresti\/wp-content\/uploads\/Screenshot_222.png\" \/>\n\t<meta property=\"og:image:width\" content=\"1786\" \/>\n\t<meta property=\"og:image:height\" content=\"936\" \/>\n\t<meta property=\"og:image:type\" content=\"image\/png\" \/>\n<meta name=\"author\" content=\"Bianca Albu\" \/>\n<meta name=\"twitter:card\" content=\"summary_large_image\" \/>\n<meta name=\"twitter:label1\" content=\"Written by\" \/>\n\t<meta name=\"twitter:data1\" content=\"Bianca Albu\" \/>\n\t<meta name=\"twitter:label2\" content=\"Estimated reading time\" \/>\n\t<meta name=\"twitter:data2\" content=\"3 minutes\" \/>\n<script type=\"application\/ld+json\" class=\"yoast-schema-graph\">{\"@context\":\"https:\\\/\\\/schema.org\",\"@graph\":[{\"@type\":\"Article\",\"@id\":\"https:\\\/\\\/buletin.de\\\/bucuresti\\\/live-text-coronavirus-bucuresti-11-mai-2020-ziua-76\\\/#article\",\"isPartOf\":{\"@id\":\"https:\\\/\\\/buletin.de\\\/bucuresti\\\/live-text-coronavirus-bucuresti-11-mai-2020-ziua-76\\\/\"},\"author\":{\"name\":\"Bianca Albu\",\"@id\":\"https:\\\/\\\/buletin.de\\\/bucuresti\\\/#\\\/schema\\\/person\\\/295dc2228d2dc79294d636619468dc7f\"},\"headline\":\"LIVE TEXT. Coronavirus &#8211; Bucure\u0219ti, 11 mai 2020, ziua 76\",\"datePublished\":\"2020-05-11T06:35:00+00:00\",\"dateModified\":\"2020-05-12T06:15:34+00:00\",\"mainEntityOfPage\":{\"@id\":\"https:\\\/\\\/buletin.de\\\/bucuresti\\\/live-text-coronavirus-bucuresti-11-mai-2020-ziua-76\\\/\"},\"wordCount\":653,\"publisher\":{\"@id\":\"https:\\\/\\\/buletin.de\\\/bucuresti\\\/#organization\"},\"image\":{\"@id\":\"https:\\\/\\\/buletin.de\\\/bucuresti\\\/live-text-coronavirus-bucuresti-11-mai-2020-ziua-76\\\/#primaryimage\"},\"thumbnailUrl\":\"https:\\\/\\\/buletin.de\\\/bucuresti\\\/wp-content\\\/uploads\\\/Screenshot_222.png\",\"keywords\":[\"coronavirus\",\"coronavirus bucuresti\",\"livetext\"],\"articleSection\":[\"Covid-19\",\"S\u0103n\u0103tate\",\"\u0218tiri\"],\"inLanguage\":\"en-GB\",\"copyrightYear\":\"2020\",\"copyrightHolder\":{\"@id\":\"https:\\\/\\\/buletin.de\\\/bucuresti\\\/#organization\"}},{\"@type\":\"WebPage\",\"@id\":\"https:\\\/\\\/buletin.de\\\/bucuresti\\\/live-text-coronavirus-bucuresti-11-mai-2020-ziua-76\\\/\",\"url\":\"https:\\\/\\\/buletin.de\\\/bucuresti\\\/live-text-coronavirus-bucuresti-11-mai-2020-ziua-76\\\/\",\"name\":\"LIVE TEXT. Coronavirus - Bucure\u0219ti, 11 mai 2020, ziua 76 - Buletin de Bucure\u0219ti\",\"isPartOf\":{\"@id\":\"https:\\\/\\\/buletin.de\\\/bucuresti\\\/#website\"},\"primaryImageOfPage\":{\"@id\":\"https:\\\/\\\/buletin.de\\\/bucuresti\\\/live-text-coronavirus-bucuresti-11-mai-2020-ziua-76\\\/#primaryimage\"},\"image\":{\"@id\":\"https:\\\/\\\/buletin.de\\\/bucuresti\\\/live-text-coronavirus-bucuresti-11-mai-2020-ziua-76\\\/#primaryimage\"},\"thumbnailUrl\":\"https:\\\/\\\/buletin.de\\\/bucuresti\\\/wp-content\\\/uploads\\\/Screenshot_222.png\",\"datePublished\":\"2020-05-11T06:35:00+00:00\",\"dateModified\":\"2020-05-12T06:15:34+00:00\",\"breadcrumb\":{\"@id\":\"https:\\\/\\\/buletin.de\\\/bucuresti\\\/live-text-coronavirus-bucuresti-11-mai-2020-ziua-76\\\/#breadcrumb\"},\"inLanguage\":\"en-GB\",\"potentialAction\":[{\"@type\":\"ReadAction\",\"target\":[\"https:\\\/\\\/buletin.de\\\/bucuresti\\\/live-text-coronavirus-bucuresti-11-mai-2020-ziua-76\\\/\"]}]},{\"@type\":\"ImageObject\",\"inLanguage\":\"en-GB\",\"@id\":\"https:\\\/\\\/buletin.de\\\/bucuresti\\\/live-text-coronavirus-bucuresti-11-mai-2020-ziua-76\\\/#primaryimage\",\"url\":\"https:\\\/\\\/buletin.de\\\/bucuresti\\\/wp-content\\\/uploads\\\/Screenshot_222.png\",\"contentUrl\":\"https:\\\/\\\/buletin.de\\\/bucuresti\\\/wp-content\\\/uploads\\\/Screenshot_222.png\",\"width\":1786,\"height\":936},{\"@type\":\"BreadcrumbList\",\"@id\":\"https:\\\/\\\/buletin.de\\\/bucuresti\\\/live-text-coronavirus-bucuresti-11-mai-2020-ziua-76\\\/#breadcrumb\",\"itemListElement\":[{\"@type\":\"ListItem\",\"position\":1,\"name\":\"Acas\u0103\",\"item\":\"https:\\\/\\\/buletin.de\\\/bucuresti\\\/\"},{\"@type\":\"ListItem\",\"position\":2,\"name\":\"LIVE TEXT. Coronavirus &#8211; Bucure\u0219ti, 11 mai 2020, ziua 76\"}]},{\"@type\":\"WebSite\",\"@id\":\"https:\\\/\\\/buletin.de\\\/bucuresti\\\/#website\",\"url\":\"https:\\\/\\\/buletin.de\\\/bucuresti\\\/\",\"name\":\"Buletin de Bucure\u0219ti\",\"description\":\"\u0218tiri \u0219i investiga\u021bii esen\u021biale din capital\u0103\",\"publisher\":{\"@id\":\"https:\\\/\\\/buletin.de\\\/bucuresti\\\/#organization\"},\"potentialAction\":[{\"@type\":\"SearchAction\",\"target\":{\"@type\":\"EntryPoint\",\"urlTemplate\":\"https:\\\/\\\/buletin.de\\\/bucuresti\\\/?s={search_term_string}\"},\"query-input\":{\"@type\":\"PropertyValueSpecification\",\"valueRequired\":true,\"valueName\":\"search_term_string\"}}],\"inLanguage\":\"en-GB\"},{\"@type\":\"Organization\",\"@id\":\"https:\\\/\\\/buletin.de\\\/bucuresti\\\/#organization\",\"name\":\"Buletin de Bucure\u0219ti\",\"url\":\"https:\\\/\\\/buletin.de\\\/bucuresti\\\/\",\"logo\":{\"@type\":\"ImageObject\",\"inLanguage\":\"en-GB\",\"@id\":\"https:\\\/\\\/buletin.de\\\/bucuresti\\\/#\\\/schema\\\/logo\\\/image\\\/\",\"url\":\"https:\\\/\\\/buletin.de\\\/bucuresti\\\/wp-content\\\/uploads\\\/logo-bdb-full-wide-vernil-transparent.png\",\"contentUrl\":\"https:\\\/\\\/buletin.de\\\/bucuresti\\\/wp-content\\\/uploads\\\/logo-bdb-full-wide-vernil-transparent.png\",\"width\":1782,\"height\":626,\"caption\":\"Buletin de Bucure\u0219ti\"},\"image\":{\"@id\":\"https:\\\/\\\/buletin.de\\\/bucuresti\\\/#\\\/schema\\\/logo\\\/image\\\/\"},\"sameAs\":[\"https:\\\/\\\/www.facebook.com\\\/buletin.de.buc\",\"https:\\\/\\\/www.instagram.com\\\/buletinde.bucuresti\\\/\"]},{\"@type\":\"Person\",\"@id\":\"https:\\\/\\\/buletin.de\\\/bucuresti\\\/#\\\/schema\\\/person\\\/295dc2228d2dc79294d636619468dc7f\",\"name\":\"Bianca Albu\",\"image\":{\"@type\":\"ImageObject\",\"inLanguage\":\"en-GB\",\"@id\":\"https:\\\/\\\/secure.gravatar.com\\\/avatar\\\/3df2e34e20f529e6fd7be4311ee1f7c4ec4aa886971590baf6fa214b15743516?s=96&d=monsterid&r=gf541c715eeec409ce8101252a3c0d8a7\",\"url\":\"https:\\\/\\\/secure.gravatar.com\\\/avatar\\\/3df2e34e20f529e6fd7be4311ee1f7c4ec4aa886971590baf6fa214b15743516?s=96&d=monsterid&r=g\",\"contentUrl\":\"https:\\\/\\\/secure.gravatar.com\\\/avatar\\\/3df2e34e20f529e6fd7be4311ee1f7c4ec4aa886971590baf6fa214b15743516?s=96&d=monsterid&r=g\",\"caption\":\"Bianca Albu\"},\"description\":\"Reporter\",\"url\":\"https:\\\/\\\/buletin.de\\\/bucuresti\\\/author\\\/biancaalbu\\\/\"}]}<\/script>\n<!-- \/ Yoast SEO Premium plugin. -->","yoast_head_json":{"title":"LIVE TEXT. Coronavirus - Bucure\u0219ti, 11 mai 2020, ziua 76 - Buletin de Bucure\u0219ti","robots":{"index":"index","follow":"follow","max-snippet":"max-snippet:-1","max-image-preview":"max-image-preview:large","max-video-preview":"max-video-preview:-1"},"canonical":"https:\/\/buletin.de\/bucuresti\/live-text-coronavirus-bucuresti-11-mai-2020-ziua-76\/","og_locale":"en_GB","og_type":"article","og_title":"LIVE TEXT. Coronavirus - Bucure\u0219ti, 11 mai 2020, ziua 76","og_description":"Num\u0103rul de pacien\u021bi confirma\u021bi cu Covid-19 pe teritoriul Rom\u00e2niei a trecut de 15.000 \u0219i cre\u0219te de la o zi la alta, \u00eentr-un ritm din ce \u00een ce mai accelerat. Rata r\u0103sp\u00e2ndirii \u0219i rata mortalit\u0103\u021bii cresc gradual, \u00een timp ce num\u0103rul de test\u0103ri difer\u0103 de la zi la zi. Rom\u00e2nia se afl\u0103 acum \u00een stare de [&hellip;]","og_url":"https:\/\/buletin.de\/bucuresti\/live-text-coronavirus-bucuresti-11-mai-2020-ziua-76\/","og_site_name":"Buletin de Bucure\u0219ti","article_publisher":"https:\/\/www.facebook.com\/buletin.de.buc","article_published_time":"2020-05-11T06:35:00+00:00","article_modified_time":"2020-05-12T06:15:34+00:00","og_image":[{"width":1786,"height":936,"url":"https:\/\/buletin.de\/bucuresti\/wp-content\/uploads\/Screenshot_222.png","type":"image\/png"}],"author":"Bianca Albu","twitter_card":"summary_large_image","twitter_misc":{"Written by":"Bianca Albu","Estimated reading time":"3 minutes"},"schema":{"@context":"https:\/\/schema.org","@graph":[{"@type":"Article","@id":"https:\/\/buletin.de\/bucuresti\/live-text-coronavirus-bucuresti-11-mai-2020-ziua-76\/#article","isPartOf":{"@id":"https:\/\/buletin.de\/bucuresti\/live-text-coronavirus-bucuresti-11-mai-2020-ziua-76\/"},"author":{"name":"Bianca Albu","@id":"https:\/\/buletin.de\/bucuresti\/#\/schema\/person\/295dc2228d2dc79294d636619468dc7f"},"headline":"LIVE TEXT. Coronavirus &#8211; Bucure\u0219ti, 11 mai 2020, ziua 76","datePublished":"2020-05-11T06:35:00+00:00","dateModified":"2020-05-12T06:15:34+00:00","mainEntityOfPage":{"@id":"https:\/\/buletin.de\/bucuresti\/live-text-coronavirus-bucuresti-11-mai-2020-ziua-76\/"},"wordCount":653,"publisher":{"@id":"https:\/\/buletin.de\/bucuresti\/#organization"},"image":{"@id":"https:\/\/buletin.de\/bucuresti\/live-text-coronavirus-bucuresti-11-mai-2020-ziua-76\/#primaryimage"},"thumbnailUrl":"https:\/\/buletin.de\/bucuresti\/wp-content\/uploads\/Screenshot_222.png","keywords":["coronavirus","coronavirus bucuresti","livetext"],"articleSection":["Covid-19","S\u0103n\u0103tate","\u0218tiri"],"inLanguage":"en-GB","copyrightYear":"2020","copyrightHolder":{"@id":"https:\/\/buletin.de\/bucuresti\/#organization"}},{"@type":"WebPage","@id":"https:\/\/buletin.de\/bucuresti\/live-text-coronavirus-bucuresti-11-mai-2020-ziua-76\/","url":"https:\/\/buletin.de\/bucuresti\/live-text-coronavirus-bucuresti-11-mai-2020-ziua-76\/","name":"LIVE TEXT. Coronavirus - Bucure\u0219ti, 11 mai 2020, ziua 76 - Buletin de Bucure\u0219ti","isPartOf":{"@id":"https:\/\/buletin.de\/bucuresti\/#website"},"primaryImageOfPage":{"@id":"https:\/\/buletin.de\/bucuresti\/live-text-coronavirus-bucuresti-11-mai-2020-ziua-76\/#primaryimage"},"image":{"@id":"https:\/\/buletin.de\/bucuresti\/live-text-coronavirus-bucuresti-11-mai-2020-ziua-76\/#primaryimage"},"thumbnailUrl":"https:\/\/buletin.de\/bucuresti\/wp-content\/uploads\/Screenshot_222.png","datePublished":"2020-05-11T06:35:00+00:00","dateModified":"2020-05-12T06:15:34+00:00","breadcrumb":{"@id":"https:\/\/buletin.de\/bucuresti\/live-text-coronavirus-bucuresti-11-mai-2020-ziua-76\/#breadcrumb"},"inLanguage":"en-GB","potentialAction":[{"@type":"ReadAction","target":["https:\/\/buletin.de\/bucuresti\/live-text-coronavirus-bucuresti-11-mai-2020-ziua-76\/"]}]},{"@type":"ImageObject","inLanguage":"en-GB","@id":"https:\/\/buletin.de\/bucuresti\/live-text-coronavirus-bucuresti-11-mai-2020-ziua-76\/#primaryimage","url":"https:\/\/buletin.de\/bucuresti\/wp-content\/uploads\/Screenshot_222.png","contentUrl":"https:\/\/buletin.de\/bucuresti\/wp-content\/uploads\/Screenshot_222.png","width":1786,"height":936},{"@type":"BreadcrumbList","@id":"https:\/\/buletin.de\/bucuresti\/live-text-coronavirus-bucuresti-11-mai-2020-ziua-76\/#breadcrumb","itemListElement":[{"@type":"ListItem","position":1,"name":"Acas\u0103","item":"https:\/\/buletin.de\/bucuresti\/"},{"@type":"ListItem","position":2,"name":"LIVE TEXT. Coronavirus &#8211; Bucure\u0219ti, 11 mai 2020, ziua 76"}]},{"@type":"WebSite","@id":"https:\/\/buletin.de\/bucuresti\/#website","url":"https:\/\/buletin.de\/bucuresti\/","name":"Buletin de Bucure\u0219ti","description":"\u0218tiri \u0219i investiga\u021bii esen\u021biale din capital\u0103","publisher":{"@id":"https:\/\/buletin.de\/bucuresti\/#organization"},"potentialAction":[{"@type":"SearchAction","target":{"@type":"EntryPoint","urlTemplate":"https:\/\/buletin.de\/bucuresti\/?s={search_term_string}"},"query-input":{"@type":"PropertyValueSpecification","valueRequired":true,"valueName":"search_term_string"}}],"inLanguage":"en-GB"},{"@type":"Organization","@id":"https:\/\/buletin.de\/bucuresti\/#organization","name":"Buletin de Bucure\u0219ti","url":"https:\/\/buletin.de\/bucuresti\/","logo":{"@type":"ImageObject","inLanguage":"en-GB","@id":"https:\/\/buletin.de\/bucuresti\/#\/schema\/logo\/image\/","url":"https:\/\/buletin.de\/bucuresti\/wp-content\/uploads\/logo-bdb-full-wide-vernil-transparent.png","contentUrl":"https:\/\/buletin.de\/bucuresti\/wp-content\/uploads\/logo-bdb-full-wide-vernil-transparent.png","width":1782,"height":626,"caption":"Buletin de Bucure\u0219ti"},"image":{"@id":"https:\/\/buletin.de\/bucuresti\/#\/schema\/logo\/image\/"},"sameAs":["https:\/\/www.facebook.com\/buletin.de.buc","https:\/\/www.instagram.com\/buletinde.bucuresti\/"]},{"@type":"Person","@id":"https:\/\/buletin.de\/bucuresti\/#\/schema\/person\/295dc2228d2dc79294d636619468dc7f","name":"Bianca Albu","image":{"@type":"ImageObject","inLanguage":"en-GB","@id":"https:\/\/secure.gravatar.com\/avatar\/3df2e34e20f529e6fd7be4311ee1f7c4ec4aa886971590baf6fa214b15743516?s=96&d=monsterid&r=gf541c715eeec409ce8101252a3c0d8a7","url":"https:\/\/secure.gravatar.com\/avatar\/3df2e34e20f529e6fd7be4311ee1f7c4ec4aa886971590baf6fa214b15743516?s=96&d=monsterid&r=g","contentUrl":"https:\/\/secure.gravatar.com\/avatar\/3df2e34e20f529e6fd7be4311ee1f7c4ec4aa886971590baf6fa214b15743516?s=96&d=monsterid&r=g","caption":"Bianca Albu"},"description":"Reporter","url":"https:\/\/buletin.de\/bucuresti\/author\/biancaalbu\/"}]}},"authors":[{"term_id":22588,"user_id":6,"is_guest":0,"slug":"biancaalbu","display_name":"Bianca Albu","avatar_url":"https:\/\/secure.gravatar.com\/avatar\/3df2e34e20f529e6fd7be4311ee1f7c4ec4aa886971590baf6fa214b15743516?s=96&d=monsterid&r=g","0":null,"1":"","2":"","3":"","4":"","5":"","6":"","7":"","8":""}],"_links":{"self":[{"href":"https:\/\/buletin.de\/bucuresti\/wp-json\/wp\/v2\/posts\/6875","targetHints":{"allow":["GET"]}}],"collection":[{"href":"https:\/\/buletin.de\/bucuresti\/wp-json\/wp\/v2\/posts"}],"about":[{"href":"https:\/\/buletin.de\/bucuresti\/wp-json\/wp\/v2\/types\/post"}],"author":[{"embeddable":true,"href":"https:\/\/buletin.de\/bucuresti\/wp-json\/wp\/v2\/users\/6"}],"replies":[{"embeddable":true,"href":"https:\/\/buletin.de\/bucuresti\/wp-json\/wp\/v2\/comments?post=6875"}],"version-history":[{"count":6,"href":"https:\/\/buletin.de\/bucuresti\/wp-json\/wp\/v2\/posts\/6875\/revisions"}],"predecessor-version":[{"id":6946,"href":"https:\/\/buletin.de\/bucuresti\/wp-json\/wp\/v2\/posts\/6875\/revisions\/6946"}],"wp:featuredmedia":[{"embeddable":true,"href":"https:\/\/buletin.de\/bucuresti\/wp-json\/wp\/v2\/media\/6573"}],"wp:attachment":[{"href":"https:\/\/buletin.de\/bucuresti\/wp-json\/wp\/v2\/media?parent=6875"}],"wp:term":[{"taxonomy":"category","embeddable":true,"href":"https:\/\/buletin.de\/bucuresti\/wp-json\/wp\/v2\/categories?post=6875"},{"taxonomy":"post_tag","embeddable":true,"href":"https:\/\/buletin.de\/bucuresti\/wp-json\/wp\/v2\/tags?post=6875"},{"taxonomy":"author","embeddable":true,"href":"https:\/\/buletin.de\/bucuresti\/wp-json\/wp\/v2\/ppma_author?post=6875"}],"curies":[{"name":"wp","href":"https:\/\/api.w.org\/{rel}","templated":true}]}}