{"id":68699,"date":"2023-11-11T18:09:23","date_gmt":"2023-11-11T16:09:23","guid":{"rendered":"https:\/\/buletin.de\/bucuresti\/?p=68699"},"modified":"2023-11-11T18:09:23","modified_gmt":"2023-11-11T16:09:23","slug":"depou-special-pentru-trenuri-electrice-pe-calea-grivitei","status":"publish","type":"post","link":"https:\/\/buletin.de\/bucuresti\/depou-special-pentru-trenuri-electrice-pe-calea-grivitei\/","title":{"rendered":"Depou special pentru trenuri electrice, pe Calea Grivi\u021bei"},"content":{"rendered":"\n<p><strong><em>Bucure\u0219tiul ar urma s\u0103 aib\u0103 un nou depou pentru mentenan\u021ba celor 37 de trenuri electrice cump\u0103rate de Autoritatea pentru Reform\u0103 Feroviar\u0103 (ARF). Alstom anun\u021b\u0103 c\u0103 va inaugura <strong><em>\u00een 2024<\/em><\/strong> \u00een zona G\u0103rii de Nord, \u00een urma unei investi\u021bii de peste 50 milioane de euro, conform unui comunicat de pres\u0103 al companiei.\u00a0<\/em><\/strong><\/p>\n\n\n\n<p>Alstom a achizi\u021bionat 30.000 metri p\u0103tra\u021bi \u00een care sunt incluse mai multe cl\u0103diri de pe Calea Grivi\u021bei, cu acces direct la magistrala feroviar\u0103. Tranzac\u021bia a fost \u00eencheiat\u0103 cu Atelierele Grivi\u021ba, companie din Bucure\u0219ti specializat\u0103 \u00een repara\u021bii de material rulant.<\/p>\n\n\n\n<p>Proiectul presupune modernizarea facilit\u0103\u021bilor existente \u0219i construirea altora noi pentru crearea unui noului depou, dotat cu tehnologii avansate de mentenan\u021b\u0103 a materialului rulant, printre care o instala\u021bie de diagnostificare digital\u0103 HealthHub, respectiv un strung subteran pentru reprofilarea ro\u021bilor.<\/p>\n\n\n\n<p>Faza ini\u021bial\u0103 a investi\u021biei va fi gata p\u00e2n\u0103 la sf\u00e2r\u0219itul lunii ianuarie, iar finalizarea complet\u0103 a proiectului este estimat\u0103 \u00een a doua jum\u0103tate a anului 2024. De asemenea, compania va recruta cel pu\u021bin 50 de noi angaja\u021bi pentru a lucra \u00een noul depou al Capitalei.<\/p>\n\n\n\n<p><strong><em>Niciunul dintre cele 37 de trenuri Coradia Stream nu a ajuns \u00eenc\u0103 \u00een Capital\u0103<\/em><\/strong><\/p>\n\n\n\n<p>\u00cen martie 2022, Alstom \u0219i ARF au semnat un contract pentru livrarea a 20 de trenuri interregionale Coradia Stream. Ulterior, \u00een septembrie 2022 a fost semnat un act adi\u021bional la contractul ini\u021bial pentru livrarea a \u00eenc\u0103 17 trenuri interregionale. \u00cen contract, erau incluse servicii de mentenan\u021b\u0103 asociate pe 15 ani.&nbsp;<\/p>\n\n\n\n<p>Cele 37 de trenuri sunt \u00eenc\u0103 \u00een etapa de produc\u021bie, termenul limit\u0103 de implementare a proiectului fiind sf\u00e2r\u0219itul lunii februarie a anului 2025. Se preconizeaz\u0103 c\u0103 primul tren va ajunge \u00een Capital\u0103 \u00een primele zile ale lunii decembrie 2023, \u00een urma unor \u00eent\u00e2rzieri de produc\u021bie, anun\u021b\u0103 ARF.<\/p>\n\n\n\n<p>Valoarea total\u0103 a contractului pentru achizi\u021bia celor 37 unit\u0103\u021bi electrice multiple \u0219i serviciile de mentenan\u021b\u0103 aferente acestora pentru o perioad\u0103 de 15 ani se ridic\u0103 la un cost total de 2.421.771.878 lei, f\u0103r\u0103 TVA, iar finan\u021barea proiectului este asigurat\u0103 din Fonduri Europene Nerambursabile \u0219i din Bugetul de stat.<\/p>\n","protected":false},"excerpt":{"rendered":"<p>Bucure\u0219tiul ar urma s\u0103 aib\u0103 un nou depou pentru mentenan\u021ba celor 37 de trenuri electrice cump\u0103rate de Autoritatea pentru Reform\u0103 Feroviar\u0103 (ARF). Alstom anun\u021b\u0103 c\u0103 va inaugura \u00een 2024 \u00een zona G\u0103rii de Nord, \u00een urma unei investi\u021bii de peste 50 milioane de euro, conform unui comunicat de pres\u0103 al companiei.\u00a0 Alstom a achizi\u021bionat 30.000 [&hellip;]<\/p>\n","protected":false},"author":55,"featured_media":68703,"comment_status":"closed","ping_status":"open","sticky":false,"template":"","format":"standard","meta":{"_acf_changed":false,"inline_featured_image":false,"ngg_post_thumbnail":0,"footnotes":""},"categories":[6994,62,650],"tags":[3871,1941,7758,401,7757],"ppma_author":[22573],"class_list":["post-68699","post","type-post","status-publish","format-standard","has-post-thumbnail","hentry","category-stiri-2","category-stiri","category-transport","tag-depou","tag-gara-de-nord","tag-servicii-de-mentenanta","tag-transport","tag-trenuri-electrice"],"acf":[],"yoast_head":"<!-- This site is optimized with the Yoast SEO Premium plugin v25.3 (Yoast SEO v27.4) - https:\/\/yoast.com\/product\/yoast-seo-premium-wordpress\/ -->\n<title>Depou special pentru trenuri electrice, pe Calea Grivi\u021bei - Buletin de Bucure\u0219ti<\/title>\n<meta name=\"robots\" content=\"index, follow, max-snippet:-1, max-image-preview:large, max-video-preview:-1\" \/>\n<link rel=\"canonical\" href=\"https:\/\/buletin.de\/bucuresti\/depou-special-pentru-trenuri-electrice-pe-calea-grivitei\/\" \/>\n<meta property=\"og:locale\" content=\"en_GB\" \/>\n<meta property=\"og:type\" content=\"article\" \/>\n<meta property=\"og:title\" content=\"Depou special pentru trenuri electrice, pe Calea Grivi\u021bei\" \/>\n<meta property=\"og:description\" content=\"Bucure\u0219tiul ar urma s\u0103 aib\u0103 un nou depou pentru mentenan\u021ba celor 37 de trenuri electrice cump\u0103rate de Autoritatea pentru Reform\u0103 Feroviar\u0103 (ARF). Alstom anun\u021b\u0103 c\u0103 va inaugura \u00een 2024 \u00een zona G\u0103rii de Nord, \u00een urma unei investi\u021bii de peste 50 milioane de euro, conform unui comunicat de pres\u0103 al companiei.\u00a0 Alstom a achizi\u021bionat 30.000 [&hellip;]\" \/>\n<meta property=\"og:url\" content=\"https:\/\/buletin.de\/bucuresti\/depou-special-pentru-trenuri-electrice-pe-calea-grivitei\/\" \/>\n<meta property=\"og:site_name\" content=\"Buletin de Bucure\u0219ti\" \/>\n<meta property=\"article:publisher\" content=\"https:\/\/www.facebook.com\/buletin.de.buc\" \/>\n<meta property=\"article:published_time\" content=\"2023-11-11T16:09:23+00:00\" \/>\n<meta property=\"og:image\" content=\"https:\/\/buletin.de\/bucuresti\/wp-content\/uploads\/depou.jpg\" \/>\n\t<meta property=\"og:image:width\" content=\"1572\" \/>\n\t<meta property=\"og:image:height\" content=\"802\" \/>\n\t<meta property=\"og:image:type\" content=\"image\/jpeg\" \/>\n<meta name=\"author\" content=\"Andreea Tudor\" \/>\n<meta name=\"twitter:card\" content=\"summary_large_image\" \/>\n<meta name=\"twitter:label1\" content=\"Written by\" \/>\n\t<meta name=\"twitter:data1\" content=\"Andreea Tudor\" \/>\n\t<meta name=\"twitter:label2\" content=\"Estimated reading time\" \/>\n\t<meta name=\"twitter:data2\" content=\"2 minutes\" \/>\n<script type=\"application\/ld+json\" class=\"yoast-schema-graph\">{\"@context\":\"https:\\\/\\\/schema.org\",\"@graph\":[{\"@type\":\"Article\",\"@id\":\"https:\\\/\\\/buletin.de\\\/bucuresti\\\/depou-special-pentru-trenuri-electrice-pe-calea-grivitei\\\/#article\",\"isPartOf\":{\"@id\":\"https:\\\/\\\/buletin.de\\\/bucuresti\\\/depou-special-pentru-trenuri-electrice-pe-calea-grivitei\\\/\"},\"author\":{\"name\":\"Andreea Tudor\",\"@id\":\"https:\\\/\\\/buletin.de\\\/bucuresti\\\/#\\\/schema\\\/person\\\/150590659efde715459d159da012f501\"},\"headline\":\"Depou special pentru trenuri electrice, pe Calea Grivi\u021bei\",\"datePublished\":\"2023-11-11T16:09:23+00:00\",\"mainEntityOfPage\":{\"@id\":\"https:\\\/\\\/buletin.de\\\/bucuresti\\\/depou-special-pentru-trenuri-electrice-pe-calea-grivitei\\\/\"},\"wordCount\":360,\"publisher\":{\"@id\":\"https:\\\/\\\/buletin.de\\\/bucuresti\\\/#organization\"},\"image\":{\"@id\":\"https:\\\/\\\/buletin.de\\\/bucuresti\\\/depou-special-pentru-trenuri-electrice-pe-calea-grivitei\\\/#primaryimage\"},\"thumbnailUrl\":\"https:\\\/\\\/buletin.de\\\/bucuresti\\\/wp-content\\\/uploads\\\/depou.jpg\",\"keywords\":[\"depou\",\"gara de nord\",\"servicii de mentenanta\",\"transport\",\"trenuri electrice\"],\"articleSection\":[\"Articole\",\"\u0218tiri\",\"Transport\"],\"inLanguage\":\"en-GB\",\"copyrightYear\":\"2023\",\"copyrightHolder\":{\"@id\":\"https:\\\/\\\/buletin.de\\\/bucuresti\\\/#organization\"}},{\"@type\":\"WebPage\",\"@id\":\"https:\\\/\\\/buletin.de\\\/bucuresti\\\/depou-special-pentru-trenuri-electrice-pe-calea-grivitei\\\/\",\"url\":\"https:\\\/\\\/buletin.de\\\/bucuresti\\\/depou-special-pentru-trenuri-electrice-pe-calea-grivitei\\\/\",\"name\":\"Depou special pentru trenuri electrice, pe Calea Grivi\u021bei - Buletin de Bucure\u0219ti\",\"isPartOf\":{\"@id\":\"https:\\\/\\\/buletin.de\\\/bucuresti\\\/#website\"},\"primaryImageOfPage\":{\"@id\":\"https:\\\/\\\/buletin.de\\\/bucuresti\\\/depou-special-pentru-trenuri-electrice-pe-calea-grivitei\\\/#primaryimage\"},\"image\":{\"@id\":\"https:\\\/\\\/buletin.de\\\/bucuresti\\\/depou-special-pentru-trenuri-electrice-pe-calea-grivitei\\\/#primaryimage\"},\"thumbnailUrl\":\"https:\\\/\\\/buletin.de\\\/bucuresti\\\/wp-content\\\/uploads\\\/depou.jpg\",\"datePublished\":\"2023-11-11T16:09:23+00:00\",\"breadcrumb\":{\"@id\":\"https:\\\/\\\/buletin.de\\\/bucuresti\\\/depou-special-pentru-trenuri-electrice-pe-calea-grivitei\\\/#breadcrumb\"},\"inLanguage\":\"en-GB\",\"potentialAction\":[{\"@type\":\"ReadAction\",\"target\":[\"https:\\\/\\\/buletin.de\\\/bucuresti\\\/depou-special-pentru-trenuri-electrice-pe-calea-grivitei\\\/\"]}]},{\"@type\":\"ImageObject\",\"inLanguage\":\"en-GB\",\"@id\":\"https:\\\/\\\/buletin.de\\\/bucuresti\\\/depou-special-pentru-trenuri-electrice-pe-calea-grivitei\\\/#primaryimage\",\"url\":\"https:\\\/\\\/buletin.de\\\/bucuresti\\\/wp-content\\\/uploads\\\/depou.jpg\",\"contentUrl\":\"https:\\\/\\\/buletin.de\\\/bucuresti\\\/wp-content\\\/uploads\\\/depou.jpg\",\"width\":1572,\"height\":802},{\"@type\":\"BreadcrumbList\",\"@id\":\"https:\\\/\\\/buletin.de\\\/bucuresti\\\/depou-special-pentru-trenuri-electrice-pe-calea-grivitei\\\/#breadcrumb\",\"itemListElement\":[{\"@type\":\"ListItem\",\"position\":1,\"name\":\"Acas\u0103\",\"item\":\"https:\\\/\\\/buletin.de\\\/bucuresti\\\/\"},{\"@type\":\"ListItem\",\"position\":2,\"name\":\"Depou special pentru trenuri electrice, pe Calea Grivi\u021bei\"}]},{\"@type\":\"WebSite\",\"@id\":\"https:\\\/\\\/buletin.de\\\/bucuresti\\\/#website\",\"url\":\"https:\\\/\\\/buletin.de\\\/bucuresti\\\/\",\"name\":\"Buletin de Bucure\u0219ti\",\"description\":\"\u0218tiri \u0219i investiga\u021bii esen\u021biale din capital\u0103\",\"publisher\":{\"@id\":\"https:\\\/\\\/buletin.de\\\/bucuresti\\\/#organization\"},\"potentialAction\":[{\"@type\":\"SearchAction\",\"target\":{\"@type\":\"EntryPoint\",\"urlTemplate\":\"https:\\\/\\\/buletin.de\\\/bucuresti\\\/?s={search_term_string}\"},\"query-input\":{\"@type\":\"PropertyValueSpecification\",\"valueRequired\":true,\"valueName\":\"search_term_string\"}}],\"inLanguage\":\"en-GB\"},{\"@type\":\"Organization\",\"@id\":\"https:\\\/\\\/buletin.de\\\/bucuresti\\\/#organization\",\"name\":\"Buletin de Bucure\u0219ti\",\"url\":\"https:\\\/\\\/buletin.de\\\/bucuresti\\\/\",\"logo\":{\"@type\":\"ImageObject\",\"inLanguage\":\"en-GB\",\"@id\":\"https:\\\/\\\/buletin.de\\\/bucuresti\\\/#\\\/schema\\\/logo\\\/image\\\/\",\"url\":\"https:\\\/\\\/buletin.de\\\/bucuresti\\\/wp-content\\\/uploads\\\/logo-bdb-full-wide-vernil-transparent.png\",\"contentUrl\":\"https:\\\/\\\/buletin.de\\\/bucuresti\\\/wp-content\\\/uploads\\\/logo-bdb-full-wide-vernil-transparent.png\",\"width\":1782,\"height\":626,\"caption\":\"Buletin de Bucure\u0219ti\"},\"image\":{\"@id\":\"https:\\\/\\\/buletin.de\\\/bucuresti\\\/#\\\/schema\\\/logo\\\/image\\\/\"},\"sameAs\":[\"https:\\\/\\\/www.facebook.com\\\/buletin.de.buc\",\"https:\\\/\\\/www.instagram.com\\\/buletinde.bucuresti\\\/\"]},{\"@type\":\"Person\",\"@id\":\"https:\\\/\\\/buletin.de\\\/bucuresti\\\/#\\\/schema\\\/person\\\/150590659efde715459d159da012f501\",\"name\":\"Andreea Tudor\",\"image\":{\"@type\":\"ImageObject\",\"inLanguage\":\"en-GB\",\"@id\":\"https:\\\/\\\/secure.gravatar.com\\\/avatar\\\/a88705a186ab0b67f3349bcbced506c09e37256fbaad0e7f3bd1a79b4599f589?s=96&d=monsterid&r=g79290610aa1a65c2b86eebc2ca5aee8f\",\"url\":\"https:\\\/\\\/secure.gravatar.com\\\/avatar\\\/a88705a186ab0b67f3349bcbced506c09e37256fbaad0e7f3bd1a79b4599f589?s=96&d=monsterid&r=g\",\"contentUrl\":\"https:\\\/\\\/secure.gravatar.com\\\/avatar\\\/a88705a186ab0b67f3349bcbced506c09e37256fbaad0e7f3bd1a79b4599f589?s=96&d=monsterid&r=g\",\"caption\":\"Andreea Tudor\"},\"description\":\"N\u0103scut\u0103 \u0219i crescut\u0103 \u00een Bucure\u0219ti, sus\u021bin\u0103toare a presei independente. A\u0219a am ajuns redactor la Buletin de Bucure\u0219ti. Fiind eu, \u00eens\u0103mi, parte a sistemului de \u00eenv\u0103\u021b\u0103m\u00e2nt rom\u00e2nesc \u0219i pasionat\u0103 de domeniul social, pun sub lup\u0103 tot ceea ce se \u00eent\u00e2mpl\u0103 \u00een sfera educa\u021biei. Cred cu t\u0103rie c\u0103 presa \u201epentru cet\u0103\u021beni\u201d este presa independent\u0103. Oamenii au nevoie de o informare corect\u0103 pentru a \u00een\u021belege pe deplin ce se \u00eent\u00e2mpl\u0103 \u00een jurul lor \u0219i pentru a lua ac\u021biune \u00eempotriva nedrept\u0103\u021bilor.\",\"url\":\"https:\\\/\\\/buletin.de\\\/bucuresti\\\/author\\\/andreeatudor\\\/\"}]}<\/script>\n<!-- \/ Yoast SEO Premium plugin. -->","yoast_head_json":{"title":"Depou special pentru trenuri electrice, pe Calea Grivi\u021bei - Buletin de Bucure\u0219ti","robots":{"index":"index","follow":"follow","max-snippet":"max-snippet:-1","max-image-preview":"max-image-preview:large","max-video-preview":"max-video-preview:-1"},"canonical":"https:\/\/buletin.de\/bucuresti\/depou-special-pentru-trenuri-electrice-pe-calea-grivitei\/","og_locale":"en_GB","og_type":"article","og_title":"Depou special pentru trenuri electrice, pe Calea Grivi\u021bei","og_description":"Bucure\u0219tiul ar urma s\u0103 aib\u0103 un nou depou pentru mentenan\u021ba celor 37 de trenuri electrice cump\u0103rate de Autoritatea pentru Reform\u0103 Feroviar\u0103 (ARF). Alstom anun\u021b\u0103 c\u0103 va inaugura \u00een 2024 \u00een zona G\u0103rii de Nord, \u00een urma unei investi\u021bii de peste 50 milioane de euro, conform unui comunicat de pres\u0103 al companiei.\u00a0 Alstom a achizi\u021bionat 30.000 [&hellip;]","og_url":"https:\/\/buletin.de\/bucuresti\/depou-special-pentru-trenuri-electrice-pe-calea-grivitei\/","og_site_name":"Buletin de Bucure\u0219ti","article_publisher":"https:\/\/www.facebook.com\/buletin.de.buc","article_published_time":"2023-11-11T16:09:23+00:00","og_image":[{"width":1572,"height":802,"url":"https:\/\/buletin.de\/bucuresti\/wp-content\/uploads\/depou.jpg","type":"image\/jpeg"}],"author":"Andreea Tudor","twitter_card":"summary_large_image","twitter_misc":{"Written by":"Andreea Tudor","Estimated reading time":"2 minutes"},"schema":{"@context":"https:\/\/schema.org","@graph":[{"@type":"Article","@id":"https:\/\/buletin.de\/bucuresti\/depou-special-pentru-trenuri-electrice-pe-calea-grivitei\/#article","isPartOf":{"@id":"https:\/\/buletin.de\/bucuresti\/depou-special-pentru-trenuri-electrice-pe-calea-grivitei\/"},"author":{"name":"Andreea Tudor","@id":"https:\/\/buletin.de\/bucuresti\/#\/schema\/person\/150590659efde715459d159da012f501"},"headline":"Depou special pentru trenuri electrice, pe Calea Grivi\u021bei","datePublished":"2023-11-11T16:09:23+00:00","mainEntityOfPage":{"@id":"https:\/\/buletin.de\/bucuresti\/depou-special-pentru-trenuri-electrice-pe-calea-grivitei\/"},"wordCount":360,"publisher":{"@id":"https:\/\/buletin.de\/bucuresti\/#organization"},"image":{"@id":"https:\/\/buletin.de\/bucuresti\/depou-special-pentru-trenuri-electrice-pe-calea-grivitei\/#primaryimage"},"thumbnailUrl":"https:\/\/buletin.de\/bucuresti\/wp-content\/uploads\/depou.jpg","keywords":["depou","gara de nord","servicii de mentenanta","transport","trenuri electrice"],"articleSection":["Articole","\u0218tiri","Transport"],"inLanguage":"en-GB","copyrightYear":"2023","copyrightHolder":{"@id":"https:\/\/buletin.de\/bucuresti\/#organization"}},{"@type":"WebPage","@id":"https:\/\/buletin.de\/bucuresti\/depou-special-pentru-trenuri-electrice-pe-calea-grivitei\/","url":"https:\/\/buletin.de\/bucuresti\/depou-special-pentru-trenuri-electrice-pe-calea-grivitei\/","name":"Depou special pentru trenuri electrice, pe Calea Grivi\u021bei - Buletin de Bucure\u0219ti","isPartOf":{"@id":"https:\/\/buletin.de\/bucuresti\/#website"},"primaryImageOfPage":{"@id":"https:\/\/buletin.de\/bucuresti\/depou-special-pentru-trenuri-electrice-pe-calea-grivitei\/#primaryimage"},"image":{"@id":"https:\/\/buletin.de\/bucuresti\/depou-special-pentru-trenuri-electrice-pe-calea-grivitei\/#primaryimage"},"thumbnailUrl":"https:\/\/buletin.de\/bucuresti\/wp-content\/uploads\/depou.jpg","datePublished":"2023-11-11T16:09:23+00:00","breadcrumb":{"@id":"https:\/\/buletin.de\/bucuresti\/depou-special-pentru-trenuri-electrice-pe-calea-grivitei\/#breadcrumb"},"inLanguage":"en-GB","potentialAction":[{"@type":"ReadAction","target":["https:\/\/buletin.de\/bucuresti\/depou-special-pentru-trenuri-electrice-pe-calea-grivitei\/"]}]},{"@type":"ImageObject","inLanguage":"en-GB","@id":"https:\/\/buletin.de\/bucuresti\/depou-special-pentru-trenuri-electrice-pe-calea-grivitei\/#primaryimage","url":"https:\/\/buletin.de\/bucuresti\/wp-content\/uploads\/depou.jpg","contentUrl":"https:\/\/buletin.de\/bucuresti\/wp-content\/uploads\/depou.jpg","width":1572,"height":802},{"@type":"BreadcrumbList","@id":"https:\/\/buletin.de\/bucuresti\/depou-special-pentru-trenuri-electrice-pe-calea-grivitei\/#breadcrumb","itemListElement":[{"@type":"ListItem","position":1,"name":"Acas\u0103","item":"https:\/\/buletin.de\/bucuresti\/"},{"@type":"ListItem","position":2,"name":"Depou special pentru trenuri electrice, pe Calea Grivi\u021bei"}]},{"@type":"WebSite","@id":"https:\/\/buletin.de\/bucuresti\/#website","url":"https:\/\/buletin.de\/bucuresti\/","name":"Buletin de Bucure\u0219ti","description":"\u0218tiri \u0219i investiga\u021bii esen\u021biale din capital\u0103","publisher":{"@id":"https:\/\/buletin.de\/bucuresti\/#organization"},"potentialAction":[{"@type":"SearchAction","target":{"@type":"EntryPoint","urlTemplate":"https:\/\/buletin.de\/bucuresti\/?s={search_term_string}"},"query-input":{"@type":"PropertyValueSpecification","valueRequired":true,"valueName":"search_term_string"}}],"inLanguage":"en-GB"},{"@type":"Organization","@id":"https:\/\/buletin.de\/bucuresti\/#organization","name":"Buletin de Bucure\u0219ti","url":"https:\/\/buletin.de\/bucuresti\/","logo":{"@type":"ImageObject","inLanguage":"en-GB","@id":"https:\/\/buletin.de\/bucuresti\/#\/schema\/logo\/image\/","url":"https:\/\/buletin.de\/bucuresti\/wp-content\/uploads\/logo-bdb-full-wide-vernil-transparent.png","contentUrl":"https:\/\/buletin.de\/bucuresti\/wp-content\/uploads\/logo-bdb-full-wide-vernil-transparent.png","width":1782,"height":626,"caption":"Buletin de Bucure\u0219ti"},"image":{"@id":"https:\/\/buletin.de\/bucuresti\/#\/schema\/logo\/image\/"},"sameAs":["https:\/\/www.facebook.com\/buletin.de.buc","https:\/\/www.instagram.com\/buletinde.bucuresti\/"]},{"@type":"Person","@id":"https:\/\/buletin.de\/bucuresti\/#\/schema\/person\/150590659efde715459d159da012f501","name":"Andreea Tudor","image":{"@type":"ImageObject","inLanguage":"en-GB","@id":"https:\/\/secure.gravatar.com\/avatar\/a88705a186ab0b67f3349bcbced506c09e37256fbaad0e7f3bd1a79b4599f589?s=96&d=monsterid&r=g79290610aa1a65c2b86eebc2ca5aee8f","url":"https:\/\/secure.gravatar.com\/avatar\/a88705a186ab0b67f3349bcbced506c09e37256fbaad0e7f3bd1a79b4599f589?s=96&d=monsterid&r=g","contentUrl":"https:\/\/secure.gravatar.com\/avatar\/a88705a186ab0b67f3349bcbced506c09e37256fbaad0e7f3bd1a79b4599f589?s=96&d=monsterid&r=g","caption":"Andreea Tudor"},"description":"N\u0103scut\u0103 \u0219i crescut\u0103 \u00een Bucure\u0219ti, sus\u021bin\u0103toare a presei independente. A\u0219a am ajuns redactor la Buletin de Bucure\u0219ti. Fiind eu, \u00eens\u0103mi, parte a sistemului de \u00eenv\u0103\u021b\u0103m\u00e2nt rom\u00e2nesc \u0219i pasionat\u0103 de domeniul social, pun sub lup\u0103 tot ceea ce se \u00eent\u00e2mpl\u0103 \u00een sfera educa\u021biei. Cred cu t\u0103rie c\u0103 presa \u201epentru cet\u0103\u021beni\u201d este presa independent\u0103. Oamenii au nevoie de o informare corect\u0103 pentru a \u00een\u021belege pe deplin ce se \u00eent\u00e2mpl\u0103 \u00een jurul lor \u0219i pentru a lua ac\u021biune \u00eempotriva nedrept\u0103\u021bilor.","url":"https:\/\/buletin.de\/bucuresti\/author\/andreeatudor\/"}]}},"authors":[{"term_id":22573,"user_id":55,"is_guest":0,"slug":"andreeatudor","display_name":"Andreea Tudor","avatar_url":"https:\/\/secure.gravatar.com\/avatar\/a88705a186ab0b67f3349bcbced506c09e37256fbaad0e7f3bd1a79b4599f589?s=96&d=monsterid&r=g","0":null,"1":"","2":"","3":"","4":"","5":"","6":"","7":"","8":""}],"_links":{"self":[{"href":"https:\/\/buletin.de\/bucuresti\/wp-json\/wp\/v2\/posts\/68699","targetHints":{"allow":["GET"]}}],"collection":[{"href":"https:\/\/buletin.de\/bucuresti\/wp-json\/wp\/v2\/posts"}],"about":[{"href":"https:\/\/buletin.de\/bucuresti\/wp-json\/wp\/v2\/types\/post"}],"author":[{"embeddable":true,"href":"https:\/\/buletin.de\/bucuresti\/wp-json\/wp\/v2\/users\/55"}],"replies":[{"embeddable":true,"href":"https:\/\/buletin.de\/bucuresti\/wp-json\/wp\/v2\/comments?post=68699"}],"version-history":[{"count":2,"href":"https:\/\/buletin.de\/bucuresti\/wp-json\/wp\/v2\/posts\/68699\/revisions"}],"predecessor-version":[{"id":68704,"href":"https:\/\/buletin.de\/bucuresti\/wp-json\/wp\/v2\/posts\/68699\/revisions\/68704"}],"wp:featuredmedia":[{"embeddable":true,"href":"https:\/\/buletin.de\/bucuresti\/wp-json\/wp\/v2\/media\/68703"}],"wp:attachment":[{"href":"https:\/\/buletin.de\/bucuresti\/wp-json\/wp\/v2\/media?parent=68699"}],"wp:term":[{"taxonomy":"category","embeddable":true,"href":"https:\/\/buletin.de\/bucuresti\/wp-json\/wp\/v2\/categories?post=68699"},{"taxonomy":"post_tag","embeddable":true,"href":"https:\/\/buletin.de\/bucuresti\/wp-json\/wp\/v2\/tags?post=68699"},{"taxonomy":"author","embeddable":true,"href":"https:\/\/buletin.de\/bucuresti\/wp-json\/wp\/v2\/ppma_author?post=68699"}],"curies":[{"name":"wp","href":"https:\/\/api.w.org\/{rel}","templated":true}]}}