{"id":68655,"date":"2023-11-10T18:01:03","date_gmt":"2023-11-10T16:01:03","guid":{"rendered":"https:\/\/buletin.de\/bucuresti\/?p=68655"},"modified":"2023-11-11T05:57:41","modified_gmt":"2023-11-11T03:57:41","slug":"legendele-bucurestiului-mania-de-pe-maniu-cazna-moderna-a-lui-sisif-reinventatul","status":"publish","type":"post","link":"https:\/\/buletin.de\/bucuresti\/legendele-bucurestiului-mania-de-pe-maniu-cazna-moderna-a-lui-sisif-reinventatul\/","title":{"rendered":"EDITORIAL I Legendele Bucure\u015ftiului: Mania de pe Maniu. Cazna modern\u0103 a lui Sisif reinventatul"},"content":{"rendered":"\n<p>\u00cel \u015fti\u0163i pe Sisif? Sisif&#8230; b\u0103iatul cu bolovanul. Gata, \u00eel \u015fti\u0163i! Ei bine, \u00een Anul Domnului 2023, Sisif s-a metamorfozat. \u015ei multiplicat. Nu mai \u00eempinge st\u00e2nca la deal zi de zi, minut de minut, ci \u00eempinge ambreiajul la podea, pe Iuliu Maniu, \u00een fiecare vineri sear\u0103. Nu unul, nu doi, mii de Sisifi care, de\u015fi \u015ftiu ce \u00eei a\u015fteapt\u0103 la fiecare \u00eenceput de weekend, pornesc din nou \u015fi din nou pe drumul peniten\u0163ei.<\/p>\n\n\n\n<p>Iar, de data asta, nici m\u0103car nu e vreo zeitate care s\u0103 \u00eei fi pedepsit &#8211; ace\u015fti damna\u0163i ai sor\u0163ii bucure\u015ftene se \u00eenl\u0103n\u0163uiesc singuri de pedalele ma\u015finii \u015fi \u00ee\u015fi poart\u0103 greutatea volanului \u00een ritm de a-nt\u00e2ia. Numele nu le sunt de eroi mitologici greci, ci au indicative care dispar, ma\u015fin\u0103 dup\u0103 ma\u015fin\u0103, \u00een lumina ro\u015fie a farurilor: AG, VL, GJ, OT, DJ&#8230;<\/p>\n\n\n\n<p>\u00cen vreme ce pietonii d\u0103n\u0163uiesc pe C\u00e2mpiile Elizee ale trotuarului dintre Apusului \u015fi P\u0103cii, miile de motoare care groh\u0103ie neputincios sunt \u00eenghi\u0163ite de Tartarul asfaltului de pe \u015fosea. Sisifii moderni sunt p\u0103zi\u0163i de harpii n\u0103praznice cu chipiu \u015fi vest\u0103 reflectorizant\u0103. \u00centocmai ca demonii mitologici, str\u0103jerii intersec\u0163iilor \u00eengreuneaz\u0103 \u015fi mai mult misiunea f\u0103r\u0103 de sf\u00e2r\u015fit a p\u0103c\u0103to\u015filor care au \u00eendr\u0103znit s-o sfideze pe Sf\u00e2nta Vineri. <\/p>\n\n\n\n<p>Un curier Glovo, acest Hermes al haosului citadin, spune-n gura mare: &#8220;Ia uite, b\u0103, se duc gher\u0163oii \u00eenapoi la \u0163ar\u0103&#8221;, iar un mo\u015f cu basc\u0103 \u00ee\u015fi zice \u00een barb\u0103 &#8220;dar n-a\u015f sta nici s\u0103 m\u0103 ba\u0163i!&#8221;. <\/p>\n\n\n\n<p>\u015ei totu\u015fi, misiunea trebuie dus\u0103 la cap\u0103t. Bolovanul trebuie rostogolit, nu conteaz\u0103 de c\u00e2te ori. Speran\u0163a a ie\u015fit \u015fi ea, p\u00e2n\u0103 la urm\u0103, din cutia Pandorei. Iar lic\u0103rirea ei se simte pe autostrad\u0103. A biruit el, Sisif, Moartea. N-o reu\u015fi legiunea de \u015foferi s\u0103 \u00eenving\u0103 cei c\u00e2\u0163iva kilometri de pucioas\u0103 \u015fi nervi? <\/p>\n\n\n\n<p><\/p>\n","protected":false},"excerpt":{"rendered":"<p>\u00cel \u015fti\u0163i pe Sisif? Sisif&#8230; b\u0103iatul cu bolovanul. Gata, \u00eel \u015fti\u0163i! Ei bine, \u00een Anul Domnului 2023, Sisif s-a metamorfozat. \u015ei multiplicat. Nu mai \u00eempinge st\u00e2nca la deal zi de zi, minut de minut, ci \u00eempinge ambreiajul la podea, pe Iuliu Maniu, \u00een fiecare vineri sear\u0103. Nu unul, nu doi, mii de Sisifi care, de\u015fi [&hellip;]<\/p>\n","protected":false},"author":8,"featured_media":68656,"comment_status":"closed","ping_status":"open","sticky":false,"template":"","format":"standard","meta":{"_acf_changed":false,"inline_featured_image":false,"ngg_post_thumbnail":0,"footnotes":""},"categories":[6994,41,5762],"tags":[4849,58],"ppma_author":[22586],"class_list":["post-68655","post","type-post","status-publish","format-standard","has-post-thumbnail","hentry","category-stiri-2","category-editorial","category-main","tag-iuliu-maniu","tag-trafic"],"acf":[],"yoast_head":"<!-- This site is optimized with the Yoast SEO Premium plugin v25.3 (Yoast SEO v27.4) - https:\/\/yoast.com\/product\/yoast-seo-premium-wordpress\/ -->\n<title>EDITORIAL I Legendele Bucure\u015ftiului: Mania de pe Maniu. Cazna modern\u0103 a lui Sisif reinventatul - Buletin de Bucure\u0219ti<\/title>\n<meta name=\"robots\" content=\"index, follow, max-snippet:-1, max-image-preview:large, max-video-preview:-1\" \/>\n<link rel=\"canonical\" href=\"https:\/\/buletin.de\/bucuresti\/legendele-bucurestiului-mania-de-pe-maniu-cazna-moderna-a-lui-sisif-reinventatul\/\" \/>\n<meta property=\"og:locale\" content=\"en_GB\" \/>\n<meta property=\"og:type\" content=\"article\" \/>\n<meta property=\"og:title\" content=\"EDITORIAL I Legendele Bucure\u015ftiului: Mania de pe Maniu. Cazna modern\u0103 a lui Sisif reinventatul\" \/>\n<meta property=\"og:description\" content=\"\u00cel \u015fti\u0163i pe Sisif? Sisif&#8230; b\u0103iatul cu bolovanul. Gata, \u00eel \u015fti\u0163i! Ei bine, \u00een Anul Domnului 2023, Sisif s-a metamorfozat. \u015ei multiplicat. Nu mai \u00eempinge st\u00e2nca la deal zi de zi, minut de minut, ci \u00eempinge ambreiajul la podea, pe Iuliu Maniu, \u00een fiecare vineri sear\u0103. Nu unul, nu doi, mii de Sisifi care, de\u015fi [&hellip;]\" \/>\n<meta property=\"og:url\" content=\"https:\/\/buletin.de\/bucuresti\/legendele-bucurestiului-mania-de-pe-maniu-cazna-moderna-a-lui-sisif-reinventatul\/\" \/>\n<meta property=\"og:site_name\" content=\"Buletin de Bucure\u0219ti\" \/>\n<meta property=\"article:publisher\" content=\"https:\/\/www.facebook.com\/buletin.de.buc\" \/>\n<meta property=\"article:published_time\" content=\"2023-11-10T16:01:03+00:00\" \/>\n<meta property=\"article:modified_time\" content=\"2023-11-11T03:57:41+00:00\" \/>\n<meta property=\"og:image\" content=\"https:\/\/buletin.de\/bucuresti\/wp-content\/uploads\/trafic-maniu-vineri.jpeg\" \/>\n\t<meta property=\"og:image:width\" content=\"2000\" \/>\n\t<meta property=\"og:image:height\" content=\"1500\" \/>\n\t<meta property=\"og:image:type\" content=\"image\/jpeg\" \/>\n<meta name=\"author\" content=\"Ionu\u021b Lepa\" \/>\n<meta name=\"twitter:card\" content=\"summary_large_image\" \/>\n<meta name=\"twitter:label1\" content=\"Written by\" \/>\n\t<meta name=\"twitter:data1\" content=\"Ionu\u021b Lepa\" \/>\n\t<meta name=\"twitter:label2\" content=\"Estimated reading time\" \/>\n\t<meta name=\"twitter:data2\" content=\"2 minutes\" \/>\n<script type=\"application\/ld+json\" class=\"yoast-schema-graph\">{\"@context\":\"https:\\\/\\\/schema.org\",\"@graph\":[{\"@type\":\"Article\",\"@id\":\"https:\\\/\\\/buletin.de\\\/bucuresti\\\/legendele-bucurestiului-mania-de-pe-maniu-cazna-moderna-a-lui-sisif-reinventatul\\\/#article\",\"isPartOf\":{\"@id\":\"https:\\\/\\\/buletin.de\\\/bucuresti\\\/legendele-bucurestiului-mania-de-pe-maniu-cazna-moderna-a-lui-sisif-reinventatul\\\/\"},\"author\":{\"name\":\"Ionu\u021b Lepa\",\"@id\":\"https:\\\/\\\/buletin.de\\\/bucuresti\\\/#\\\/schema\\\/person\\\/5272b8a057b33890940b57b837fc4ce6\"},\"headline\":\"EDITORIAL I Legendele Bucure\u015ftiului: Mania de pe Maniu. Cazna modern\u0103 a lui Sisif reinventatul\",\"datePublished\":\"2023-11-10T16:01:03+00:00\",\"dateModified\":\"2023-11-11T03:57:41+00:00\",\"mainEntityOfPage\":{\"@id\":\"https:\\\/\\\/buletin.de\\\/bucuresti\\\/legendele-bucurestiului-mania-de-pe-maniu-cazna-moderna-a-lui-sisif-reinventatul\\\/\"},\"wordCount\":350,\"publisher\":{\"@id\":\"https:\\\/\\\/buletin.de\\\/bucuresti\\\/#organization\"},\"image\":{\"@id\":\"https:\\\/\\\/buletin.de\\\/bucuresti\\\/legendele-bucurestiului-mania-de-pe-maniu-cazna-moderna-a-lui-sisif-reinventatul\\\/#primaryimage\"},\"thumbnailUrl\":\"https:\\\/\\\/buletin.de\\\/bucuresti\\\/wp-content\\\/uploads\\\/trafic-maniu-vineri.jpeg\",\"keywords\":[\"Iuliu Maniu\",\"trafic\"],\"articleSection\":[\"Articole\",\"Editorial\",\"Main\"],\"inLanguage\":\"en-GB\",\"copyrightYear\":\"2023\",\"copyrightHolder\":{\"@id\":\"https:\\\/\\\/buletin.de\\\/bucuresti\\\/#organization\"}},{\"@type\":\"WebPage\",\"@id\":\"https:\\\/\\\/buletin.de\\\/bucuresti\\\/legendele-bucurestiului-mania-de-pe-maniu-cazna-moderna-a-lui-sisif-reinventatul\\\/\",\"url\":\"https:\\\/\\\/buletin.de\\\/bucuresti\\\/legendele-bucurestiului-mania-de-pe-maniu-cazna-moderna-a-lui-sisif-reinventatul\\\/\",\"name\":\"EDITORIAL I Legendele Bucure\u015ftiului: Mania de pe Maniu. Cazna modern\u0103 a lui Sisif reinventatul - Buletin de Bucure\u0219ti\",\"isPartOf\":{\"@id\":\"https:\\\/\\\/buletin.de\\\/bucuresti\\\/#website\"},\"primaryImageOfPage\":{\"@id\":\"https:\\\/\\\/buletin.de\\\/bucuresti\\\/legendele-bucurestiului-mania-de-pe-maniu-cazna-moderna-a-lui-sisif-reinventatul\\\/#primaryimage\"},\"image\":{\"@id\":\"https:\\\/\\\/buletin.de\\\/bucuresti\\\/legendele-bucurestiului-mania-de-pe-maniu-cazna-moderna-a-lui-sisif-reinventatul\\\/#primaryimage\"},\"thumbnailUrl\":\"https:\\\/\\\/buletin.de\\\/bucuresti\\\/wp-content\\\/uploads\\\/trafic-maniu-vineri.jpeg\",\"datePublished\":\"2023-11-10T16:01:03+00:00\",\"dateModified\":\"2023-11-11T03:57:41+00:00\",\"breadcrumb\":{\"@id\":\"https:\\\/\\\/buletin.de\\\/bucuresti\\\/legendele-bucurestiului-mania-de-pe-maniu-cazna-moderna-a-lui-sisif-reinventatul\\\/#breadcrumb\"},\"inLanguage\":\"en-GB\",\"potentialAction\":[{\"@type\":\"ReadAction\",\"target\":[\"https:\\\/\\\/buletin.de\\\/bucuresti\\\/legendele-bucurestiului-mania-de-pe-maniu-cazna-moderna-a-lui-sisif-reinventatul\\\/\"]}]},{\"@type\":\"ImageObject\",\"inLanguage\":\"en-GB\",\"@id\":\"https:\\\/\\\/buletin.de\\\/bucuresti\\\/legendele-bucurestiului-mania-de-pe-maniu-cazna-moderna-a-lui-sisif-reinventatul\\\/#primaryimage\",\"url\":\"https:\\\/\\\/buletin.de\\\/bucuresti\\\/wp-content\\\/uploads\\\/trafic-maniu-vineri.jpeg\",\"contentUrl\":\"https:\\\/\\\/buletin.de\\\/bucuresti\\\/wp-content\\\/uploads\\\/trafic-maniu-vineri.jpeg\",\"width\":2000,\"height\":1500,\"caption\":\"Bucure\u015ftenii vor \u00eencepe noul an tot cu tarife RCA aproape duble fa\u0163\u0103 de restul \u0163\u0103rii\"},{\"@type\":\"BreadcrumbList\",\"@id\":\"https:\\\/\\\/buletin.de\\\/bucuresti\\\/legendele-bucurestiului-mania-de-pe-maniu-cazna-moderna-a-lui-sisif-reinventatul\\\/#breadcrumb\",\"itemListElement\":[{\"@type\":\"ListItem\",\"position\":1,\"name\":\"Acas\u0103\",\"item\":\"https:\\\/\\\/buletin.de\\\/bucuresti\\\/\"},{\"@type\":\"ListItem\",\"position\":2,\"name\":\"EDITORIAL I Legendele Bucure\u015ftiului: Mania de pe Maniu. Cazna modern\u0103 a lui Sisif reinventatul\"}]},{\"@type\":\"WebSite\",\"@id\":\"https:\\\/\\\/buletin.de\\\/bucuresti\\\/#website\",\"url\":\"https:\\\/\\\/buletin.de\\\/bucuresti\\\/\",\"name\":\"Buletin de Bucure\u0219ti\",\"description\":\"\u0218tiri \u0219i investiga\u021bii esen\u021biale din capital\u0103\",\"publisher\":{\"@id\":\"https:\\\/\\\/buletin.de\\\/bucuresti\\\/#organization\"},\"potentialAction\":[{\"@type\":\"SearchAction\",\"target\":{\"@type\":\"EntryPoint\",\"urlTemplate\":\"https:\\\/\\\/buletin.de\\\/bucuresti\\\/?s={search_term_string}\"},\"query-input\":{\"@type\":\"PropertyValueSpecification\",\"valueRequired\":true,\"valueName\":\"search_term_string\"}}],\"inLanguage\":\"en-GB\"},{\"@type\":\"Organization\",\"@id\":\"https:\\\/\\\/buletin.de\\\/bucuresti\\\/#organization\",\"name\":\"Buletin de Bucure\u0219ti\",\"url\":\"https:\\\/\\\/buletin.de\\\/bucuresti\\\/\",\"logo\":{\"@type\":\"ImageObject\",\"inLanguage\":\"en-GB\",\"@id\":\"https:\\\/\\\/buletin.de\\\/bucuresti\\\/#\\\/schema\\\/logo\\\/image\\\/\",\"url\":\"https:\\\/\\\/buletin.de\\\/bucuresti\\\/wp-content\\\/uploads\\\/logo-bdb-full-wide-vernil-transparent.png\",\"contentUrl\":\"https:\\\/\\\/buletin.de\\\/bucuresti\\\/wp-content\\\/uploads\\\/logo-bdb-full-wide-vernil-transparent.png\",\"width\":1782,\"height\":626,\"caption\":\"Buletin de Bucure\u0219ti\"},\"image\":{\"@id\":\"https:\\\/\\\/buletin.de\\\/bucuresti\\\/#\\\/schema\\\/logo\\\/image\\\/\"},\"sameAs\":[\"https:\\\/\\\/www.facebook.com\\\/buletin.de.buc\",\"https:\\\/\\\/www.instagram.com\\\/buletinde.bucuresti\\\/\"]},{\"@type\":\"Person\",\"@id\":\"https:\\\/\\\/buletin.de\\\/bucuresti\\\/#\\\/schema\\\/person\\\/5272b8a057b33890940b57b837fc4ce6\",\"name\":\"Ionu\u021b Lepa\",\"image\":{\"@type\":\"ImageObject\",\"inLanguage\":\"en-GB\",\"@id\":\"https:\\\/\\\/buletin.de\\\/bucuresti\\\/wp-content\\\/uploads\\\/Ionut-Lepa-96x96.jpg5c4e4d9e049808799a8821652d2410a4\",\"url\":\"https:\\\/\\\/buletin.de\\\/bucuresti\\\/wp-content\\\/uploads\\\/Ionut-Lepa-96x96.jpg\",\"contentUrl\":\"https:\\\/\\\/buletin.de\\\/bucuresti\\\/wp-content\\\/uploads\\\/Ionut-Lepa-96x96.jpg\",\"caption\":\"Ionu\u021b Lepa\"},\"url\":\"https:\\\/\\\/buletin.de\\\/bucuresti\\\/author\\\/ionutlepa\\\/\"}]}<\/script>\n<!-- \/ Yoast SEO Premium plugin. -->","yoast_head_json":{"title":"EDITORIAL I Legendele Bucure\u015ftiului: Mania de pe Maniu. Cazna modern\u0103 a lui Sisif reinventatul - Buletin de Bucure\u0219ti","robots":{"index":"index","follow":"follow","max-snippet":"max-snippet:-1","max-image-preview":"max-image-preview:large","max-video-preview":"max-video-preview:-1"},"canonical":"https:\/\/buletin.de\/bucuresti\/legendele-bucurestiului-mania-de-pe-maniu-cazna-moderna-a-lui-sisif-reinventatul\/","og_locale":"en_GB","og_type":"article","og_title":"EDITORIAL I Legendele Bucure\u015ftiului: Mania de pe Maniu. Cazna modern\u0103 a lui Sisif reinventatul","og_description":"\u00cel \u015fti\u0163i pe Sisif? Sisif&#8230; b\u0103iatul cu bolovanul. Gata, \u00eel \u015fti\u0163i! Ei bine, \u00een Anul Domnului 2023, Sisif s-a metamorfozat. \u015ei multiplicat. Nu mai \u00eempinge st\u00e2nca la deal zi de zi, minut de minut, ci \u00eempinge ambreiajul la podea, pe Iuliu Maniu, \u00een fiecare vineri sear\u0103. Nu unul, nu doi, mii de Sisifi care, de\u015fi [&hellip;]","og_url":"https:\/\/buletin.de\/bucuresti\/legendele-bucurestiului-mania-de-pe-maniu-cazna-moderna-a-lui-sisif-reinventatul\/","og_site_name":"Buletin de Bucure\u0219ti","article_publisher":"https:\/\/www.facebook.com\/buletin.de.buc","article_published_time":"2023-11-10T16:01:03+00:00","article_modified_time":"2023-11-11T03:57:41+00:00","og_image":[{"width":2000,"height":1500,"url":"https:\/\/buletin.de\/bucuresti\/wp-content\/uploads\/trafic-maniu-vineri.jpeg","type":"image\/jpeg"}],"author":"Ionu\u021b Lepa","twitter_card":"summary_large_image","twitter_misc":{"Written by":"Ionu\u021b Lepa","Estimated reading time":"2 minutes"},"schema":{"@context":"https:\/\/schema.org","@graph":[{"@type":"Article","@id":"https:\/\/buletin.de\/bucuresti\/legendele-bucurestiului-mania-de-pe-maniu-cazna-moderna-a-lui-sisif-reinventatul\/#article","isPartOf":{"@id":"https:\/\/buletin.de\/bucuresti\/legendele-bucurestiului-mania-de-pe-maniu-cazna-moderna-a-lui-sisif-reinventatul\/"},"author":{"name":"Ionu\u021b Lepa","@id":"https:\/\/buletin.de\/bucuresti\/#\/schema\/person\/5272b8a057b33890940b57b837fc4ce6"},"headline":"EDITORIAL I Legendele Bucure\u015ftiului: Mania de pe Maniu. Cazna modern\u0103 a lui Sisif reinventatul","datePublished":"2023-11-10T16:01:03+00:00","dateModified":"2023-11-11T03:57:41+00:00","mainEntityOfPage":{"@id":"https:\/\/buletin.de\/bucuresti\/legendele-bucurestiului-mania-de-pe-maniu-cazna-moderna-a-lui-sisif-reinventatul\/"},"wordCount":350,"publisher":{"@id":"https:\/\/buletin.de\/bucuresti\/#organization"},"image":{"@id":"https:\/\/buletin.de\/bucuresti\/legendele-bucurestiului-mania-de-pe-maniu-cazna-moderna-a-lui-sisif-reinventatul\/#primaryimage"},"thumbnailUrl":"https:\/\/buletin.de\/bucuresti\/wp-content\/uploads\/trafic-maniu-vineri.jpeg","keywords":["Iuliu Maniu","trafic"],"articleSection":["Articole","Editorial","Main"],"inLanguage":"en-GB","copyrightYear":"2023","copyrightHolder":{"@id":"https:\/\/buletin.de\/bucuresti\/#organization"}},{"@type":"WebPage","@id":"https:\/\/buletin.de\/bucuresti\/legendele-bucurestiului-mania-de-pe-maniu-cazna-moderna-a-lui-sisif-reinventatul\/","url":"https:\/\/buletin.de\/bucuresti\/legendele-bucurestiului-mania-de-pe-maniu-cazna-moderna-a-lui-sisif-reinventatul\/","name":"EDITORIAL I Legendele Bucure\u015ftiului: Mania de pe Maniu. Cazna modern\u0103 a lui Sisif reinventatul - Buletin de Bucure\u0219ti","isPartOf":{"@id":"https:\/\/buletin.de\/bucuresti\/#website"},"primaryImageOfPage":{"@id":"https:\/\/buletin.de\/bucuresti\/legendele-bucurestiului-mania-de-pe-maniu-cazna-moderna-a-lui-sisif-reinventatul\/#primaryimage"},"image":{"@id":"https:\/\/buletin.de\/bucuresti\/legendele-bucurestiului-mania-de-pe-maniu-cazna-moderna-a-lui-sisif-reinventatul\/#primaryimage"},"thumbnailUrl":"https:\/\/buletin.de\/bucuresti\/wp-content\/uploads\/trafic-maniu-vineri.jpeg","datePublished":"2023-11-10T16:01:03+00:00","dateModified":"2023-11-11T03:57:41+00:00","breadcrumb":{"@id":"https:\/\/buletin.de\/bucuresti\/legendele-bucurestiului-mania-de-pe-maniu-cazna-moderna-a-lui-sisif-reinventatul\/#breadcrumb"},"inLanguage":"en-GB","potentialAction":[{"@type":"ReadAction","target":["https:\/\/buletin.de\/bucuresti\/legendele-bucurestiului-mania-de-pe-maniu-cazna-moderna-a-lui-sisif-reinventatul\/"]}]},{"@type":"ImageObject","inLanguage":"en-GB","@id":"https:\/\/buletin.de\/bucuresti\/legendele-bucurestiului-mania-de-pe-maniu-cazna-moderna-a-lui-sisif-reinventatul\/#primaryimage","url":"https:\/\/buletin.de\/bucuresti\/wp-content\/uploads\/trafic-maniu-vineri.jpeg","contentUrl":"https:\/\/buletin.de\/bucuresti\/wp-content\/uploads\/trafic-maniu-vineri.jpeg","width":2000,"height":1500,"caption":"Bucure\u015ftenii vor \u00eencepe noul an tot cu tarife RCA aproape duble fa\u0163\u0103 de restul \u0163\u0103rii"},{"@type":"BreadcrumbList","@id":"https:\/\/buletin.de\/bucuresti\/legendele-bucurestiului-mania-de-pe-maniu-cazna-moderna-a-lui-sisif-reinventatul\/#breadcrumb","itemListElement":[{"@type":"ListItem","position":1,"name":"Acas\u0103","item":"https:\/\/buletin.de\/bucuresti\/"},{"@type":"ListItem","position":2,"name":"EDITORIAL I Legendele Bucure\u015ftiului: Mania de pe Maniu. Cazna modern\u0103 a lui Sisif reinventatul"}]},{"@type":"WebSite","@id":"https:\/\/buletin.de\/bucuresti\/#website","url":"https:\/\/buletin.de\/bucuresti\/","name":"Buletin de Bucure\u0219ti","description":"\u0218tiri \u0219i investiga\u021bii esen\u021biale din capital\u0103","publisher":{"@id":"https:\/\/buletin.de\/bucuresti\/#organization"},"potentialAction":[{"@type":"SearchAction","target":{"@type":"EntryPoint","urlTemplate":"https:\/\/buletin.de\/bucuresti\/?s={search_term_string}"},"query-input":{"@type":"PropertyValueSpecification","valueRequired":true,"valueName":"search_term_string"}}],"inLanguage":"en-GB"},{"@type":"Organization","@id":"https:\/\/buletin.de\/bucuresti\/#organization","name":"Buletin de Bucure\u0219ti","url":"https:\/\/buletin.de\/bucuresti\/","logo":{"@type":"ImageObject","inLanguage":"en-GB","@id":"https:\/\/buletin.de\/bucuresti\/#\/schema\/logo\/image\/","url":"https:\/\/buletin.de\/bucuresti\/wp-content\/uploads\/logo-bdb-full-wide-vernil-transparent.png","contentUrl":"https:\/\/buletin.de\/bucuresti\/wp-content\/uploads\/logo-bdb-full-wide-vernil-transparent.png","width":1782,"height":626,"caption":"Buletin de Bucure\u0219ti"},"image":{"@id":"https:\/\/buletin.de\/bucuresti\/#\/schema\/logo\/image\/"},"sameAs":["https:\/\/www.facebook.com\/buletin.de.buc","https:\/\/www.instagram.com\/buletinde.bucuresti\/"]},{"@type":"Person","@id":"https:\/\/buletin.de\/bucuresti\/#\/schema\/person\/5272b8a057b33890940b57b837fc4ce6","name":"Ionu\u021b Lepa","image":{"@type":"ImageObject","inLanguage":"en-GB","@id":"https:\/\/buletin.de\/bucuresti\/wp-content\/uploads\/Ionut-Lepa-96x96.jpg5c4e4d9e049808799a8821652d2410a4","url":"https:\/\/buletin.de\/bucuresti\/wp-content\/uploads\/Ionut-Lepa-96x96.jpg","contentUrl":"https:\/\/buletin.de\/bucuresti\/wp-content\/uploads\/Ionut-Lepa-96x96.jpg","caption":"Ionu\u021b Lepa"},"url":"https:\/\/buletin.de\/bucuresti\/author\/ionutlepa\/"}]}},"authors":[{"term_id":22586,"user_id":8,"is_guest":0,"slug":"ionutlepa","display_name":"Ionu\u021b Lepa","avatar_url":"https:\/\/buletin.de\/bucuresti\/wp-content\/uploads\/Ionut-Lepa-96x96.jpg","0":null,"1":"","2":"","3":"","4":"","5":"","6":"","7":"","8":""}],"_links":{"self":[{"href":"https:\/\/buletin.de\/bucuresti\/wp-json\/wp\/v2\/posts\/68655","targetHints":{"allow":["GET"]}}],"collection":[{"href":"https:\/\/buletin.de\/bucuresti\/wp-json\/wp\/v2\/posts"}],"about":[{"href":"https:\/\/buletin.de\/bucuresti\/wp-json\/wp\/v2\/types\/post"}],"author":[{"embeddable":true,"href":"https:\/\/buletin.de\/bucuresti\/wp-json\/wp\/v2\/users\/8"}],"replies":[{"embeddable":true,"href":"https:\/\/buletin.de\/bucuresti\/wp-json\/wp\/v2\/comments?post=68655"}],"version-history":[{"count":2,"href":"https:\/\/buletin.de\/bucuresti\/wp-json\/wp\/v2\/posts\/68655\/revisions"}],"predecessor-version":[{"id":68658,"href":"https:\/\/buletin.de\/bucuresti\/wp-json\/wp\/v2\/posts\/68655\/revisions\/68658"}],"wp:featuredmedia":[{"embeddable":true,"href":"https:\/\/buletin.de\/bucuresti\/wp-json\/wp\/v2\/media\/68656"}],"wp:attachment":[{"href":"https:\/\/buletin.de\/bucuresti\/wp-json\/wp\/v2\/media?parent=68655"}],"wp:term":[{"taxonomy":"category","embeddable":true,"href":"https:\/\/buletin.de\/bucuresti\/wp-json\/wp\/v2\/categories?post=68655"},{"taxonomy":"post_tag","embeddable":true,"href":"https:\/\/buletin.de\/bucuresti\/wp-json\/wp\/v2\/tags?post=68655"},{"taxonomy":"author","embeddable":true,"href":"https:\/\/buletin.de\/bucuresti\/wp-json\/wp\/v2\/ppma_author?post=68655"}],"curies":[{"name":"wp","href":"https:\/\/api.w.org\/{rel}","templated":true}]}}