{"id":6856,"date":"2020-05-14T08:34:04","date_gmt":"2020-05-14T05:34:04","guid":{"rendered":"https:\/\/buletin.de\/bucuresti\/?p=6856"},"modified":"2020-05-14T09:27:19","modified_gmt":"2020-05-14T06:27:19","slug":"aprilie-2020-luna-cu-cele-mai-putine-accidente-de-circulatie-in-bucuresti","status":"publish","type":"post","link":"https:\/\/buletin.de\/bucuresti\/aprilie-2020-luna-cu-cele-mai-putine-accidente-de-circulatie-in-bucuresti\/","title":{"rendered":"Aprilie 2020: luna cu cele mai pu\u021bine accidente de circula\u021bie \u00een Bucure\u0219ti"},"content":{"rendered":"\n<p>Au fost de trei ori mai pu\u021bine accidente grave \u0219i de dou\u0103 ori mai pu\u021bini mor\u021bi \u00een aprilie 2020, ca oricare alt\u0103 lun\u0103 aprilie din ultimii trei ani. Diferen\u021bele se men\u021bin \u0219i c\u00e2nd vine vorba despre accidentele \u0219i r\u0103ni\u021bii u\u0219or. Datele au fost furnizate de Direc\u021bia de Poli\u021bie a Municipiului Bucure\u0219ti, la cererea Buletin de Bucure\u0219ti. <\/p>\n\n\n\n<p>Sursa foto: pixabay.com<\/p>\n\n\n\n<p><\/p>\n\n\n\n<style>\n\n.full-width {\n  width: 100vw;\n  position: relative;\n  left: 50%;\n  right: 50%;\n  margin-left: -50vw;\n  margin-right: -50vw;\n}\n\n<\/style>\n\n\n\n<p><\/p>\n\n\n\n<div class=\"full-width\">\n<div class=\"infogram-embed\" data-id=\"c3135af7-d277-4e15-b1f7-54ba4aacc916\" data-type=\"interactive\" data-title=\"Accidente grave si usoare\"><\/div><script>!function(e,i,n,s){var t=\"InfogramEmbeds\",d=e.getElementsByTagName(\"script\")[0];if(window[t]&&window[t].initialized)window[t].process&&window[t].process();else if(!e.getElementById(n)){var o=e.createElement(\"script\");o.async=1,o.id=n,o.src=\"https:\/\/e.infogram.com\/js\/dist\/embed-loader-min.js\",d.parentNode.insertBefore(o,d)}}(document,0,\"infogram-async\");<\/script>\n<\/div>\n<style>\nh2 {\nmargin-top: 150px;\nfont-size: 3em;\ntext-align: center;\n}\n<\/style>\n","protected":false},"excerpt":{"rendered":"<p>Au fost de trei ori mai pu\u021bine accidente grave \u0219i de dou\u0103 ori mai pu\u021bini mor\u021bi \u00een aprilie 2020, ca oricare alt\u0103 lun\u0103 aprilie din ultimii trei ani. Diferen\u021bele se men\u021bin \u0219i c\u00e2nd vine vorba despre accidentele \u0219i r\u0103ni\u021bii u\u0219or. Datele au fost furnizate de Direc\u021bia de Poli\u021bie a Municipiului Bucure\u0219ti, la cererea Buletin de [&hellip;]<\/p>\n","protected":false},"author":6,"featured_media":7074,"comment_status":"closed","ping_status":"open","sticky":false,"template":"","format":"standard","meta":{"_acf_changed":false,"inline_featured_image":false,"ngg_post_thumbnail":0,"footnotes":""},"categories":[1],"tags":[],"ppma_author":[22588],"class_list":["post-6856","post","type-post","status-publish","format-standard","has-post-thumbnail","hentry","category-diverse"],"acf":[],"yoast_head":"<!-- This site is optimized with the Yoast SEO Premium plugin v25.3 (Yoast SEO v27.5) - https:\/\/yoast.com\/product\/yoast-seo-premium-wordpress\/ -->\n<title>Aprilie 2020: luna cu cele mai pu\u021bine accidente de circula\u021bie \u00een Bucure\u0219ti - Buletin de Bucure\u0219ti<\/title>\n<meta name=\"robots\" content=\"index, follow, max-snippet:-1, max-image-preview:large, max-video-preview:-1\" \/>\n<link rel=\"canonical\" href=\"https:\/\/buletin.de\/bucuresti\/aprilie-2020-luna-cu-cele-mai-putine-accidente-de-circulatie-in-bucuresti\/\" \/>\n<meta property=\"og:locale\" content=\"en_GB\" \/>\n<meta property=\"og:type\" content=\"article\" \/>\n<meta property=\"og:title\" content=\"Aprilie 2020: luna cu cele mai pu\u021bine accidente de circula\u021bie \u00een Bucure\u0219ti\" \/>\n<meta property=\"og:description\" content=\"Au fost de trei ori mai pu\u021bine accidente grave \u0219i de dou\u0103 ori mai pu\u021bini mor\u021bi \u00een aprilie 2020, ca oricare alt\u0103 lun\u0103 aprilie din ultimii trei ani. Diferen\u021bele se men\u021bin \u0219i c\u00e2nd vine vorba despre accidentele \u0219i r\u0103ni\u021bii u\u0219or. Datele au fost furnizate de Direc\u021bia de Poli\u021bie a Municipiului Bucure\u0219ti, la cererea Buletin de [&hellip;]\" \/>\n<meta property=\"og:url\" content=\"https:\/\/buletin.de\/bucuresti\/aprilie-2020-luna-cu-cele-mai-putine-accidente-de-circulatie-in-bucuresti\/\" \/>\n<meta property=\"og:site_name\" content=\"Buletin de Bucure\u0219ti\" \/>\n<meta property=\"article:publisher\" content=\"https:\/\/www.facebook.com\/buletin.de.buc\" \/>\n<meta property=\"article:published_time\" content=\"2020-05-14T05:34:04+00:00\" \/>\n<meta property=\"article:modified_time\" content=\"2020-05-14T06:27:19+00:00\" \/>\n<meta property=\"og:image\" content=\"https:\/\/buletin.de\/bucuresti\/wp-content\/uploads\/bucharest-1324333_1920.jpg\" \/>\n\t<meta property=\"og:image:width\" content=\"1920\" \/>\n\t<meta property=\"og:image:height\" content=\"1440\" \/>\n\t<meta property=\"og:image:type\" content=\"image\/jpeg\" \/>\n<meta name=\"author\" content=\"Bianca Albu\" \/>\n<meta name=\"twitter:card\" content=\"summary_large_image\" \/>\n<meta name=\"twitter:label1\" content=\"Written by\" \/>\n\t<meta name=\"twitter:data1\" content=\"Bianca Albu\" \/>\n<script type=\"application\/ld+json\" class=\"yoast-schema-graph\">{\"@context\":\"https:\\\/\\\/schema.org\",\"@graph\":[{\"@type\":\"Article\",\"@id\":\"https:\\\/\\\/buletin.de\\\/bucuresti\\\/aprilie-2020-luna-cu-cele-mai-putine-accidente-de-circulatie-in-bucuresti\\\/#article\",\"isPartOf\":{\"@id\":\"https:\\\/\\\/buletin.de\\\/bucuresti\\\/aprilie-2020-luna-cu-cele-mai-putine-accidente-de-circulatie-in-bucuresti\\\/\"},\"author\":{\"name\":\"Bianca Albu\",\"@id\":\"https:\\\/\\\/buletin.de\\\/bucuresti\\\/#\\\/schema\\\/person\\\/295dc2228d2dc79294d636619468dc7f\"},\"headline\":\"Aprilie 2020: luna cu cele mai pu\u021bine accidente de circula\u021bie \u00een Bucure\u0219ti\",\"datePublished\":\"2020-05-14T05:34:04+00:00\",\"dateModified\":\"2020-05-14T06:27:19+00:00\",\"mainEntityOfPage\":{\"@id\":\"https:\\\/\\\/buletin.de\\\/bucuresti\\\/aprilie-2020-luna-cu-cele-mai-putine-accidente-de-circulatie-in-bucuresti\\\/\"},\"wordCount\":86,\"publisher\":{\"@id\":\"https:\\\/\\\/buletin.de\\\/bucuresti\\\/#organization\"},\"image\":{\"@id\":\"https:\\\/\\\/buletin.de\\\/bucuresti\\\/aprilie-2020-luna-cu-cele-mai-putine-accidente-de-circulatie-in-bucuresti\\\/#primaryimage\"},\"thumbnailUrl\":\"https:\\\/\\\/buletin.de\\\/bucuresti\\\/wp-content\\\/uploads\\\/bucharest-1324333_1920.jpg\",\"articleSection\":[\"Diverse\"],\"inLanguage\":\"en-GB\",\"copyrightYear\":\"2020\",\"copyrightHolder\":{\"@id\":\"https:\\\/\\\/buletin.de\\\/bucuresti\\\/#organization\"}},{\"@type\":\"WebPage\",\"@id\":\"https:\\\/\\\/buletin.de\\\/bucuresti\\\/aprilie-2020-luna-cu-cele-mai-putine-accidente-de-circulatie-in-bucuresti\\\/\",\"url\":\"https:\\\/\\\/buletin.de\\\/bucuresti\\\/aprilie-2020-luna-cu-cele-mai-putine-accidente-de-circulatie-in-bucuresti\\\/\",\"name\":\"Aprilie 2020: luna cu cele mai pu\u021bine accidente de circula\u021bie \u00een Bucure\u0219ti - Buletin de Bucure\u0219ti\",\"isPartOf\":{\"@id\":\"https:\\\/\\\/buletin.de\\\/bucuresti\\\/#website\"},\"primaryImageOfPage\":{\"@id\":\"https:\\\/\\\/buletin.de\\\/bucuresti\\\/aprilie-2020-luna-cu-cele-mai-putine-accidente-de-circulatie-in-bucuresti\\\/#primaryimage\"},\"image\":{\"@id\":\"https:\\\/\\\/buletin.de\\\/bucuresti\\\/aprilie-2020-luna-cu-cele-mai-putine-accidente-de-circulatie-in-bucuresti\\\/#primaryimage\"},\"thumbnailUrl\":\"https:\\\/\\\/buletin.de\\\/bucuresti\\\/wp-content\\\/uploads\\\/bucharest-1324333_1920.jpg\",\"datePublished\":\"2020-05-14T05:34:04+00:00\",\"dateModified\":\"2020-05-14T06:27:19+00:00\",\"breadcrumb\":{\"@id\":\"https:\\\/\\\/buletin.de\\\/bucuresti\\\/aprilie-2020-luna-cu-cele-mai-putine-accidente-de-circulatie-in-bucuresti\\\/#breadcrumb\"},\"inLanguage\":\"en-GB\",\"potentialAction\":[{\"@type\":\"ReadAction\",\"target\":[\"https:\\\/\\\/buletin.de\\\/bucuresti\\\/aprilie-2020-luna-cu-cele-mai-putine-accidente-de-circulatie-in-bucuresti\\\/\"]}]},{\"@type\":\"ImageObject\",\"inLanguage\":\"en-GB\",\"@id\":\"https:\\\/\\\/buletin.de\\\/bucuresti\\\/aprilie-2020-luna-cu-cele-mai-putine-accidente-de-circulatie-in-bucuresti\\\/#primaryimage\",\"url\":\"https:\\\/\\\/buletin.de\\\/bucuresti\\\/wp-content\\\/uploads\\\/bucharest-1324333_1920.jpg\",\"contentUrl\":\"https:\\\/\\\/buletin.de\\\/bucuresti\\\/wp-content\\\/uploads\\\/bucharest-1324333_1920.jpg\",\"width\":1920,\"height\":1440},{\"@type\":\"BreadcrumbList\",\"@id\":\"https:\\\/\\\/buletin.de\\\/bucuresti\\\/aprilie-2020-luna-cu-cele-mai-putine-accidente-de-circulatie-in-bucuresti\\\/#breadcrumb\",\"itemListElement\":[{\"@type\":\"ListItem\",\"position\":1,\"name\":\"Acas\u0103\",\"item\":\"https:\\\/\\\/buletin.de\\\/bucuresti\\\/\"},{\"@type\":\"ListItem\",\"position\":2,\"name\":\"Aprilie 2020: luna cu cele mai pu\u021bine accidente de circula\u021bie \u00een Bucure\u0219ti\"}]},{\"@type\":\"WebSite\",\"@id\":\"https:\\\/\\\/buletin.de\\\/bucuresti\\\/#website\",\"url\":\"https:\\\/\\\/buletin.de\\\/bucuresti\\\/\",\"name\":\"Buletin de Bucure\u0219ti\",\"description\":\"\u0218tiri \u0219i investiga\u021bii esen\u021biale din capital\u0103\",\"publisher\":{\"@id\":\"https:\\\/\\\/buletin.de\\\/bucuresti\\\/#organization\"},\"potentialAction\":[{\"@type\":\"SearchAction\",\"target\":{\"@type\":\"EntryPoint\",\"urlTemplate\":\"https:\\\/\\\/buletin.de\\\/bucuresti\\\/?s={search_term_string}\"},\"query-input\":{\"@type\":\"PropertyValueSpecification\",\"valueRequired\":true,\"valueName\":\"search_term_string\"}}],\"inLanguage\":\"en-GB\"},{\"@type\":\"Organization\",\"@id\":\"https:\\\/\\\/buletin.de\\\/bucuresti\\\/#organization\",\"name\":\"Buletin de Bucure\u0219ti\",\"url\":\"https:\\\/\\\/buletin.de\\\/bucuresti\\\/\",\"logo\":{\"@type\":\"ImageObject\",\"inLanguage\":\"en-GB\",\"@id\":\"https:\\\/\\\/buletin.de\\\/bucuresti\\\/#\\\/schema\\\/logo\\\/image\\\/\",\"url\":\"https:\\\/\\\/buletin.de\\\/bucuresti\\\/wp-content\\\/uploads\\\/logo-bdb-full-wide-vernil-transparent.png\",\"contentUrl\":\"https:\\\/\\\/buletin.de\\\/bucuresti\\\/wp-content\\\/uploads\\\/logo-bdb-full-wide-vernil-transparent.png\",\"width\":1782,\"height\":626,\"caption\":\"Buletin de Bucure\u0219ti\"},\"image\":{\"@id\":\"https:\\\/\\\/buletin.de\\\/bucuresti\\\/#\\\/schema\\\/logo\\\/image\\\/\"},\"sameAs\":[\"https:\\\/\\\/www.facebook.com\\\/buletin.de.buc\",\"https:\\\/\\\/www.instagram.com\\\/buletinde.bucuresti\\\/\"]},{\"@type\":\"Person\",\"@id\":\"https:\\\/\\\/buletin.de\\\/bucuresti\\\/#\\\/schema\\\/person\\\/295dc2228d2dc79294d636619468dc7f\",\"name\":\"Bianca Albu\",\"image\":{\"@type\":\"ImageObject\",\"inLanguage\":\"en-GB\",\"@id\":\"https:\\\/\\\/secure.gravatar.com\\\/avatar\\\/3df2e34e20f529e6fd7be4311ee1f7c4ec4aa886971590baf6fa214b15743516?s=96&d=monsterid&r=gf541c715eeec409ce8101252a3c0d8a7\",\"url\":\"https:\\\/\\\/secure.gravatar.com\\\/avatar\\\/3df2e34e20f529e6fd7be4311ee1f7c4ec4aa886971590baf6fa214b15743516?s=96&d=monsterid&r=g\",\"contentUrl\":\"https:\\\/\\\/secure.gravatar.com\\\/avatar\\\/3df2e34e20f529e6fd7be4311ee1f7c4ec4aa886971590baf6fa214b15743516?s=96&d=monsterid&r=g\",\"caption\":\"Bianca Albu\"},\"description\":\"Reporter\",\"url\":\"https:\\\/\\\/buletin.de\\\/bucuresti\\\/author\\\/biancaalbu\\\/\"}]}<\/script>\n<!-- \/ Yoast SEO Premium plugin. -->","yoast_head_json":{"title":"Aprilie 2020: luna cu cele mai pu\u021bine accidente de circula\u021bie \u00een Bucure\u0219ti - Buletin de Bucure\u0219ti","robots":{"index":"index","follow":"follow","max-snippet":"max-snippet:-1","max-image-preview":"max-image-preview:large","max-video-preview":"max-video-preview:-1"},"canonical":"https:\/\/buletin.de\/bucuresti\/aprilie-2020-luna-cu-cele-mai-putine-accidente-de-circulatie-in-bucuresti\/","og_locale":"en_GB","og_type":"article","og_title":"Aprilie 2020: luna cu cele mai pu\u021bine accidente de circula\u021bie \u00een Bucure\u0219ti","og_description":"Au fost de trei ori mai pu\u021bine accidente grave \u0219i de dou\u0103 ori mai pu\u021bini mor\u021bi \u00een aprilie 2020, ca oricare alt\u0103 lun\u0103 aprilie din ultimii trei ani. Diferen\u021bele se men\u021bin \u0219i c\u00e2nd vine vorba despre accidentele \u0219i r\u0103ni\u021bii u\u0219or. Datele au fost furnizate de Direc\u021bia de Poli\u021bie a Municipiului Bucure\u0219ti, la cererea Buletin de [&hellip;]","og_url":"https:\/\/buletin.de\/bucuresti\/aprilie-2020-luna-cu-cele-mai-putine-accidente-de-circulatie-in-bucuresti\/","og_site_name":"Buletin de Bucure\u0219ti","article_publisher":"https:\/\/www.facebook.com\/buletin.de.buc","article_published_time":"2020-05-14T05:34:04+00:00","article_modified_time":"2020-05-14T06:27:19+00:00","og_image":[{"width":1920,"height":1440,"url":"https:\/\/buletin.de\/bucuresti\/wp-content\/uploads\/bucharest-1324333_1920.jpg","type":"image\/jpeg"}],"author":"Bianca Albu","twitter_card":"summary_large_image","twitter_misc":{"Written by":"Bianca Albu"},"schema":{"@context":"https:\/\/schema.org","@graph":[{"@type":"Article","@id":"https:\/\/buletin.de\/bucuresti\/aprilie-2020-luna-cu-cele-mai-putine-accidente-de-circulatie-in-bucuresti\/#article","isPartOf":{"@id":"https:\/\/buletin.de\/bucuresti\/aprilie-2020-luna-cu-cele-mai-putine-accidente-de-circulatie-in-bucuresti\/"},"author":{"name":"Bianca Albu","@id":"https:\/\/buletin.de\/bucuresti\/#\/schema\/person\/295dc2228d2dc79294d636619468dc7f"},"headline":"Aprilie 2020: luna cu cele mai pu\u021bine accidente de circula\u021bie \u00een Bucure\u0219ti","datePublished":"2020-05-14T05:34:04+00:00","dateModified":"2020-05-14T06:27:19+00:00","mainEntityOfPage":{"@id":"https:\/\/buletin.de\/bucuresti\/aprilie-2020-luna-cu-cele-mai-putine-accidente-de-circulatie-in-bucuresti\/"},"wordCount":86,"publisher":{"@id":"https:\/\/buletin.de\/bucuresti\/#organization"},"image":{"@id":"https:\/\/buletin.de\/bucuresti\/aprilie-2020-luna-cu-cele-mai-putine-accidente-de-circulatie-in-bucuresti\/#primaryimage"},"thumbnailUrl":"https:\/\/buletin.de\/bucuresti\/wp-content\/uploads\/bucharest-1324333_1920.jpg","articleSection":["Diverse"],"inLanguage":"en-GB","copyrightYear":"2020","copyrightHolder":{"@id":"https:\/\/buletin.de\/bucuresti\/#organization"}},{"@type":"WebPage","@id":"https:\/\/buletin.de\/bucuresti\/aprilie-2020-luna-cu-cele-mai-putine-accidente-de-circulatie-in-bucuresti\/","url":"https:\/\/buletin.de\/bucuresti\/aprilie-2020-luna-cu-cele-mai-putine-accidente-de-circulatie-in-bucuresti\/","name":"Aprilie 2020: luna cu cele mai pu\u021bine accidente de circula\u021bie \u00een Bucure\u0219ti - Buletin de Bucure\u0219ti","isPartOf":{"@id":"https:\/\/buletin.de\/bucuresti\/#website"},"primaryImageOfPage":{"@id":"https:\/\/buletin.de\/bucuresti\/aprilie-2020-luna-cu-cele-mai-putine-accidente-de-circulatie-in-bucuresti\/#primaryimage"},"image":{"@id":"https:\/\/buletin.de\/bucuresti\/aprilie-2020-luna-cu-cele-mai-putine-accidente-de-circulatie-in-bucuresti\/#primaryimage"},"thumbnailUrl":"https:\/\/buletin.de\/bucuresti\/wp-content\/uploads\/bucharest-1324333_1920.jpg","datePublished":"2020-05-14T05:34:04+00:00","dateModified":"2020-05-14T06:27:19+00:00","breadcrumb":{"@id":"https:\/\/buletin.de\/bucuresti\/aprilie-2020-luna-cu-cele-mai-putine-accidente-de-circulatie-in-bucuresti\/#breadcrumb"},"inLanguage":"en-GB","potentialAction":[{"@type":"ReadAction","target":["https:\/\/buletin.de\/bucuresti\/aprilie-2020-luna-cu-cele-mai-putine-accidente-de-circulatie-in-bucuresti\/"]}]},{"@type":"ImageObject","inLanguage":"en-GB","@id":"https:\/\/buletin.de\/bucuresti\/aprilie-2020-luna-cu-cele-mai-putine-accidente-de-circulatie-in-bucuresti\/#primaryimage","url":"https:\/\/buletin.de\/bucuresti\/wp-content\/uploads\/bucharest-1324333_1920.jpg","contentUrl":"https:\/\/buletin.de\/bucuresti\/wp-content\/uploads\/bucharest-1324333_1920.jpg","width":1920,"height":1440},{"@type":"BreadcrumbList","@id":"https:\/\/buletin.de\/bucuresti\/aprilie-2020-luna-cu-cele-mai-putine-accidente-de-circulatie-in-bucuresti\/#breadcrumb","itemListElement":[{"@type":"ListItem","position":1,"name":"Acas\u0103","item":"https:\/\/buletin.de\/bucuresti\/"},{"@type":"ListItem","position":2,"name":"Aprilie 2020: luna cu cele mai pu\u021bine accidente de circula\u021bie \u00een Bucure\u0219ti"}]},{"@type":"WebSite","@id":"https:\/\/buletin.de\/bucuresti\/#website","url":"https:\/\/buletin.de\/bucuresti\/","name":"Buletin de Bucure\u0219ti","description":"\u0218tiri \u0219i investiga\u021bii esen\u021biale din capital\u0103","publisher":{"@id":"https:\/\/buletin.de\/bucuresti\/#organization"},"potentialAction":[{"@type":"SearchAction","target":{"@type":"EntryPoint","urlTemplate":"https:\/\/buletin.de\/bucuresti\/?s={search_term_string}"},"query-input":{"@type":"PropertyValueSpecification","valueRequired":true,"valueName":"search_term_string"}}],"inLanguage":"en-GB"},{"@type":"Organization","@id":"https:\/\/buletin.de\/bucuresti\/#organization","name":"Buletin de Bucure\u0219ti","url":"https:\/\/buletin.de\/bucuresti\/","logo":{"@type":"ImageObject","inLanguage":"en-GB","@id":"https:\/\/buletin.de\/bucuresti\/#\/schema\/logo\/image\/","url":"https:\/\/buletin.de\/bucuresti\/wp-content\/uploads\/logo-bdb-full-wide-vernil-transparent.png","contentUrl":"https:\/\/buletin.de\/bucuresti\/wp-content\/uploads\/logo-bdb-full-wide-vernil-transparent.png","width":1782,"height":626,"caption":"Buletin de Bucure\u0219ti"},"image":{"@id":"https:\/\/buletin.de\/bucuresti\/#\/schema\/logo\/image\/"},"sameAs":["https:\/\/www.facebook.com\/buletin.de.buc","https:\/\/www.instagram.com\/buletinde.bucuresti\/"]},{"@type":"Person","@id":"https:\/\/buletin.de\/bucuresti\/#\/schema\/person\/295dc2228d2dc79294d636619468dc7f","name":"Bianca Albu","image":{"@type":"ImageObject","inLanguage":"en-GB","@id":"https:\/\/secure.gravatar.com\/avatar\/3df2e34e20f529e6fd7be4311ee1f7c4ec4aa886971590baf6fa214b15743516?s=96&d=monsterid&r=gf541c715eeec409ce8101252a3c0d8a7","url":"https:\/\/secure.gravatar.com\/avatar\/3df2e34e20f529e6fd7be4311ee1f7c4ec4aa886971590baf6fa214b15743516?s=96&d=monsterid&r=g","contentUrl":"https:\/\/secure.gravatar.com\/avatar\/3df2e34e20f529e6fd7be4311ee1f7c4ec4aa886971590baf6fa214b15743516?s=96&d=monsterid&r=g","caption":"Bianca Albu"},"description":"Reporter","url":"https:\/\/buletin.de\/bucuresti\/author\/biancaalbu\/"}]}},"authors":[{"term_id":22588,"user_id":6,"is_guest":0,"slug":"biancaalbu","display_name":"Bianca Albu","avatar_url":"https:\/\/secure.gravatar.com\/avatar\/3df2e34e20f529e6fd7be4311ee1f7c4ec4aa886971590baf6fa214b15743516?s=96&d=monsterid&r=g","0":null,"1":"","2":"","3":"","4":"","5":"","6":"","7":"","8":""}],"_links":{"self":[{"href":"https:\/\/buletin.de\/bucuresti\/wp-json\/wp\/v2\/posts\/6856","targetHints":{"allow":["GET"]}}],"collection":[{"href":"https:\/\/buletin.de\/bucuresti\/wp-json\/wp\/v2\/posts"}],"about":[{"href":"https:\/\/buletin.de\/bucuresti\/wp-json\/wp\/v2\/types\/post"}],"author":[{"embeddable":true,"href":"https:\/\/buletin.de\/bucuresti\/wp-json\/wp\/v2\/users\/6"}],"replies":[{"embeddable":true,"href":"https:\/\/buletin.de\/bucuresti\/wp-json\/wp\/v2\/comments?post=6856"}],"version-history":[{"count":4,"href":"https:\/\/buletin.de\/bucuresti\/wp-json\/wp\/v2\/posts\/6856\/revisions"}],"predecessor-version":[{"id":7076,"href":"https:\/\/buletin.de\/bucuresti\/wp-json\/wp\/v2\/posts\/6856\/revisions\/7076"}],"wp:featuredmedia":[{"embeddable":true,"href":"https:\/\/buletin.de\/bucuresti\/wp-json\/wp\/v2\/media\/7074"}],"wp:attachment":[{"href":"https:\/\/buletin.de\/bucuresti\/wp-json\/wp\/v2\/media?parent=6856"}],"wp:term":[{"taxonomy":"category","embeddable":true,"href":"https:\/\/buletin.de\/bucuresti\/wp-json\/wp\/v2\/categories?post=6856"},{"taxonomy":"post_tag","embeddable":true,"href":"https:\/\/buletin.de\/bucuresti\/wp-json\/wp\/v2\/tags?post=6856"},{"taxonomy":"author","embeddable":true,"href":"https:\/\/buletin.de\/bucuresti\/wp-json\/wp\/v2\/ppma_author?post=6856"}],"curies":[{"name":"wp","href":"https:\/\/api.w.org\/{rel}","templated":true}]}}