{"id":68542,"date":"2023-11-12T13:00:00","date_gmt":"2023-11-12T11:00:00","guid":{"rendered":"https:\/\/buletin.de\/bucuresti\/?p=68542"},"modified":"2023-11-11T06:31:47","modified_gmt":"2023-11-11T04:31:47","slug":"doua-drone-cu-goarna-vor-combate-deseurile-si-constructiile-ilegale-din-popesti-leordeni","status":"publish","type":"post","link":"https:\/\/buletin.de\/bucuresti\/doua-drone-cu-goarna-vor-combate-deseurile-si-constructiile-ilegale-din-popesti-leordeni\/","title":{"rendered":"Dou\u0103 drone \u201ecu goarn\u0103\u201c vor combate de\u0219eurile \u0219i construc\u021biile ilegale din Pope\u0219ti-Leordeni"},"content":{"rendered":"\n<p><strong>Dou\u0103 drone, \u00een valoare de aproximativ 120.000 lei bucata, au intrat \u00een dotarea ora\u0219ului ilfovean Pope\u0219ti-Leordeni. Echipamentele au fost luate pe fonduri europene nerambursabile prin Planul Na\u021bional de Redresare \u0219i Rezilien\u021b\u0103.<\/strong><\/p>\n\n\n\n<p>\u201c<em>Pope\u0219ti-Leordeni intr\u0103 odat\u0103 cu livrarea acestor echipamente pe lista celor mai dotate ora\u0219e din \u021bar\u0103 privind instrumentele de ap\u0103rare \u0219i combatere a infrac\u021biunilor la nivel local. Acestea vor survola ora\u0219ul zilnic \u00een c\u0103utarea \u0219i identificarea celor care au umplut ora\u0219ul de gunoaie!<\/em>\u201d, a transmis primarul localit\u0103\u021bii, Petre Iacob(ProRomania).<\/p>\n\n\n\n<p>Edilul a publicat \u0219i un video \u00een care prezint\u0103 cele dou\u0103 echipamente.<\/p>\n\n\n\n<p>\u201c<em>Nu \u00eenainte de a v\u0103 invita s\u0103 le vede\u021bi \u00een clipul ata\u0219at, atrag \u00eenc\u0103 o dat\u0103 aten\u021bia celor certa\u021bi cu legea, c\u0103 \u0219ansele s\u0103 evite amenzi maxime \u0219i confiscarea ma\u0219inilor devin minime dac\u0103 vor fi prin\u0219i arunc\u00e2nd de\u0219euri ilegal. \u0218i vor fi prin\u0219i!<\/em>\u201d, a spus acesta.<\/p>\n\n\n\n<iframe src=\"https:\/\/www.facebook.com\/plugins\/video.php?height=476&#038;href=https%3A%2F%2Fwww.facebook.com%2F100064040952733%2Fvideos%2F676228254648686%2F&#038;show_text=false&#038;width=267&#038;t=0\" width=\"267\" height=\"476\" style=\"border:none;overflow:hidden\" scrolling=\"no\" frameborder=\"0\" allowfullscreen=\"true\" allow=\"autoplay; clipboard-write; encrypted-media; picture-in-picture; web-share\" allowFullScreen=\"true\"><\/iframe>\n\n\n\n<p>\u201c<em>Dronei i se poate ata\u0219a \u0219i o goarn\u0103 foarte puternic\u0103 ( accesorii pe care le avem) av\u00e2nd posibilitatea de a comunica cu persoanele vizate \u0219i a le da indica\u021bii audio astfel \u00eenc\u00e2t s\u0103 \u00een\u021beleag\u0103 c\u0103 nu au unde s\u0103 se ascund\u0103 p\u00e2n\u0103 la sosirea echipajului de poli\u021bie<\/em>\u201d, a explicat primarul ora\u0219ului Pope\u0219ti-Leordeni.<\/p>\n\n\n\n<p>De asemenea, edilul a transmis c\u0103 aceste drone pot fi folosite la crearea de h\u0103r\u021bi actualizate precum \u0219i la identificarea anexelor gospod\u0103re\u0219ti\/ piscinelor \u0219i alte construc\u021bii nedeclarate la oficiul de taxe \u0219i impozite.<\/p>\n","protected":false},"excerpt":{"rendered":"<p>Dou\u0103 drone, \u00een valoare de aproximativ 120.000 lei bucata, au intrat \u00een dotarea ora\u0219ului ilfovean Pope\u0219ti-Leordeni. Echipamentele au fost luate pe fonduri europene nerambursabile prin Planul Na\u021bional de Redresare \u0219i Rezilien\u021b\u0103. \u201cPope\u0219ti-Leordeni intr\u0103 odat\u0103 cu livrarea acestor echipamente pe lista celor mai dotate ora\u0219e din \u021bar\u0103 privind instrumentele de ap\u0103rare \u0219i combatere a infrac\u021biunilor la [&hellip;]<\/p>\n","protected":false},"author":10,"featured_media":68543,"comment_status":"closed","ping_status":"open","sticky":false,"template":"","format":"standard","meta":{"_acf_changed":false,"inline_featured_image":false,"ngg_post_thumbnail":0,"footnotes":""},"categories":[6994,1432,62],"tags":[154,1894,7754,230,2211],"ppma_author":[22575],"class_list":["post-68542","post","type-post","status-publish","format-standard","has-post-thumbnail","hentry","category-stiri-2","category-buletin-de-ilfov","category-stiri","tag-amenzi","tag-constructii","tag-drone","tag-gunoi","tag-popesti"],"acf":[],"yoast_head":"<!-- This site is optimized with the Yoast SEO Premium plugin v25.3 (Yoast SEO v27.5) - https:\/\/yoast.com\/product\/yoast-seo-premium-wordpress\/ -->\n<title>Dou\u0103 drone \u201ecu goarn\u0103\u201c vor combate de\u0219eurile \u0219i construc\u021biile ilegale din Pope\u0219ti-Leordeni - Buletin de Bucure\u0219ti<\/title>\n<meta name=\"robots\" content=\"index, follow, max-snippet:-1, max-image-preview:large, max-video-preview:-1\" \/>\n<link rel=\"canonical\" href=\"https:\/\/buletin.de\/bucuresti\/doua-drone-cu-goarna-vor-combate-deseurile-si-constructiile-ilegale-din-popesti-leordeni\/\" \/>\n<meta property=\"og:locale\" content=\"en_GB\" \/>\n<meta property=\"og:type\" content=\"article\" \/>\n<meta property=\"og:title\" content=\"Dou\u0103 drone \u201ecu goarn\u0103\u201c vor combate de\u0219eurile \u0219i construc\u021biile ilegale din Pope\u0219ti-Leordeni\" \/>\n<meta property=\"og:description\" content=\"Dou\u0103 drone, \u00een valoare de aproximativ 120.000 lei bucata, au intrat \u00een dotarea ora\u0219ului ilfovean Pope\u0219ti-Leordeni. Echipamentele au fost luate pe fonduri europene nerambursabile prin Planul Na\u021bional de Redresare \u0219i Rezilien\u021b\u0103. \u201cPope\u0219ti-Leordeni intr\u0103 odat\u0103 cu livrarea acestor echipamente pe lista celor mai dotate ora\u0219e din \u021bar\u0103 privind instrumentele de ap\u0103rare \u0219i combatere a infrac\u021biunilor la [&hellip;]\" \/>\n<meta property=\"og:url\" content=\"https:\/\/buletin.de\/bucuresti\/doua-drone-cu-goarna-vor-combate-deseurile-si-constructiile-ilegale-din-popesti-leordeni\/\" \/>\n<meta property=\"og:site_name\" content=\"Buletin de Bucure\u0219ti\" \/>\n<meta property=\"article:publisher\" content=\"https:\/\/www.facebook.com\/buletin.de.buc\" \/>\n<meta property=\"article:published_time\" content=\"2023-11-12T11:00:00+00:00\" \/>\n<meta property=\"og:image\" content=\"https:\/\/buletin.de\/bucuresti\/wp-content\/uploads\/iacob-petre.png\" \/>\n\t<meta property=\"og:image:width\" content=\"691\" \/>\n\t<meta property=\"og:image:height\" content=\"392\" \/>\n\t<meta property=\"og:image:type\" content=\"image\/png\" \/>\n<meta name=\"author\" content=\"C\u0103t\u0103lin Dosca\u0219\" \/>\n<meta name=\"twitter:card\" content=\"summary_large_image\" \/>\n<meta name=\"twitter:label1\" content=\"Written by\" \/>\n\t<meta name=\"twitter:data1\" content=\"C\u0103t\u0103lin Dosca\u0219\" \/>\n\t<meta name=\"twitter:label2\" content=\"Estimated reading time\" \/>\n\t<meta name=\"twitter:data2\" content=\"1 minute\" \/>\n<script type=\"application\/ld+json\" class=\"yoast-schema-graph\">{\"@context\":\"https:\\\/\\\/schema.org\",\"@graph\":[{\"@type\":\"Article\",\"@id\":\"https:\\\/\\\/buletin.de\\\/bucuresti\\\/doua-drone-cu-goarna-vor-combate-deseurile-si-constructiile-ilegale-din-popesti-leordeni\\\/#article\",\"isPartOf\":{\"@id\":\"https:\\\/\\\/buletin.de\\\/bucuresti\\\/doua-drone-cu-goarna-vor-combate-deseurile-si-constructiile-ilegale-din-popesti-leordeni\\\/\"},\"author\":{\"name\":\"C\u0103t\u0103lin Dosca\u0219\",\"@id\":\"https:\\\/\\\/buletin.de\\\/bucuresti\\\/#\\\/schema\\\/person\\\/31117187ed4d0bdb0a4c7d6acc79d0f8\"},\"headline\":\"Dou\u0103 drone \u201ecu goarn\u0103\u201c vor combate de\u0219eurile \u0219i construc\u021biile ilegale din Pope\u0219ti-Leordeni\",\"datePublished\":\"2023-11-12T11:00:00+00:00\",\"mainEntityOfPage\":{\"@id\":\"https:\\\/\\\/buletin.de\\\/bucuresti\\\/doua-drone-cu-goarna-vor-combate-deseurile-si-constructiile-ilegale-din-popesti-leordeni\\\/\"},\"wordCount\":270,\"publisher\":{\"@id\":\"https:\\\/\\\/buletin.de\\\/bucuresti\\\/#organization\"},\"image\":{\"@id\":\"https:\\\/\\\/buletin.de\\\/bucuresti\\\/doua-drone-cu-goarna-vor-combate-deseurile-si-constructiile-ilegale-din-popesti-leordeni\\\/#primaryimage\"},\"thumbnailUrl\":\"https:\\\/\\\/buletin.de\\\/bucuresti\\\/wp-content\\\/uploads\\\/iacob-petre.png\",\"keywords\":[\"amenzi\",\"constructii\",\"drone\",\"gunoi\",\"popesti\"],\"articleSection\":[\"Articole\",\"Buletin de Ilfov\",\"\u0218tiri\"],\"inLanguage\":\"en-GB\",\"copyrightYear\":\"2023\",\"copyrightHolder\":{\"@id\":\"https:\\\/\\\/buletin.de\\\/bucuresti\\\/#organization\"}},{\"@type\":\"WebPage\",\"@id\":\"https:\\\/\\\/buletin.de\\\/bucuresti\\\/doua-drone-cu-goarna-vor-combate-deseurile-si-constructiile-ilegale-din-popesti-leordeni\\\/\",\"url\":\"https:\\\/\\\/buletin.de\\\/bucuresti\\\/doua-drone-cu-goarna-vor-combate-deseurile-si-constructiile-ilegale-din-popesti-leordeni\\\/\",\"name\":\"Dou\u0103 drone \u201ecu goarn\u0103\u201c vor combate de\u0219eurile \u0219i construc\u021biile ilegale din Pope\u0219ti-Leordeni - Buletin de Bucure\u0219ti\",\"isPartOf\":{\"@id\":\"https:\\\/\\\/buletin.de\\\/bucuresti\\\/#website\"},\"primaryImageOfPage\":{\"@id\":\"https:\\\/\\\/buletin.de\\\/bucuresti\\\/doua-drone-cu-goarna-vor-combate-deseurile-si-constructiile-ilegale-din-popesti-leordeni\\\/#primaryimage\"},\"image\":{\"@id\":\"https:\\\/\\\/buletin.de\\\/bucuresti\\\/doua-drone-cu-goarna-vor-combate-deseurile-si-constructiile-ilegale-din-popesti-leordeni\\\/#primaryimage\"},\"thumbnailUrl\":\"https:\\\/\\\/buletin.de\\\/bucuresti\\\/wp-content\\\/uploads\\\/iacob-petre.png\",\"datePublished\":\"2023-11-12T11:00:00+00:00\",\"breadcrumb\":{\"@id\":\"https:\\\/\\\/buletin.de\\\/bucuresti\\\/doua-drone-cu-goarna-vor-combate-deseurile-si-constructiile-ilegale-din-popesti-leordeni\\\/#breadcrumb\"},\"inLanguage\":\"en-GB\",\"potentialAction\":[{\"@type\":\"ReadAction\",\"target\":[\"https:\\\/\\\/buletin.de\\\/bucuresti\\\/doua-drone-cu-goarna-vor-combate-deseurile-si-constructiile-ilegale-din-popesti-leordeni\\\/\"]}]},{\"@type\":\"ImageObject\",\"inLanguage\":\"en-GB\",\"@id\":\"https:\\\/\\\/buletin.de\\\/bucuresti\\\/doua-drone-cu-goarna-vor-combate-deseurile-si-constructiile-ilegale-din-popesti-leordeni\\\/#primaryimage\",\"url\":\"https:\\\/\\\/buletin.de\\\/bucuresti\\\/wp-content\\\/uploads\\\/iacob-petre.png\",\"contentUrl\":\"https:\\\/\\\/buletin.de\\\/bucuresti\\\/wp-content\\\/uploads\\\/iacob-petre.png\",\"width\":691,\"height\":392},{\"@type\":\"BreadcrumbList\",\"@id\":\"https:\\\/\\\/buletin.de\\\/bucuresti\\\/doua-drone-cu-goarna-vor-combate-deseurile-si-constructiile-ilegale-din-popesti-leordeni\\\/#breadcrumb\",\"itemListElement\":[{\"@type\":\"ListItem\",\"position\":1,\"name\":\"Acas\u0103\",\"item\":\"https:\\\/\\\/buletin.de\\\/bucuresti\\\/\"},{\"@type\":\"ListItem\",\"position\":2,\"name\":\"Dou\u0103 drone \u201ecu goarn\u0103\u201c vor combate de\u0219eurile \u0219i construc\u021biile ilegale din Pope\u0219ti-Leordeni\"}]},{\"@type\":\"WebSite\",\"@id\":\"https:\\\/\\\/buletin.de\\\/bucuresti\\\/#website\",\"url\":\"https:\\\/\\\/buletin.de\\\/bucuresti\\\/\",\"name\":\"Buletin de Bucure\u0219ti\",\"description\":\"\u0218tiri \u0219i investiga\u021bii esen\u021biale din capital\u0103\",\"publisher\":{\"@id\":\"https:\\\/\\\/buletin.de\\\/bucuresti\\\/#organization\"},\"potentialAction\":[{\"@type\":\"SearchAction\",\"target\":{\"@type\":\"EntryPoint\",\"urlTemplate\":\"https:\\\/\\\/buletin.de\\\/bucuresti\\\/?s={search_term_string}\"},\"query-input\":{\"@type\":\"PropertyValueSpecification\",\"valueRequired\":true,\"valueName\":\"search_term_string\"}}],\"inLanguage\":\"en-GB\"},{\"@type\":\"Organization\",\"@id\":\"https:\\\/\\\/buletin.de\\\/bucuresti\\\/#organization\",\"name\":\"Buletin de Bucure\u0219ti\",\"url\":\"https:\\\/\\\/buletin.de\\\/bucuresti\\\/\",\"logo\":{\"@type\":\"ImageObject\",\"inLanguage\":\"en-GB\",\"@id\":\"https:\\\/\\\/buletin.de\\\/bucuresti\\\/#\\\/schema\\\/logo\\\/image\\\/\",\"url\":\"https:\\\/\\\/buletin.de\\\/bucuresti\\\/wp-content\\\/uploads\\\/logo-bdb-full-wide-vernil-transparent.png\",\"contentUrl\":\"https:\\\/\\\/buletin.de\\\/bucuresti\\\/wp-content\\\/uploads\\\/logo-bdb-full-wide-vernil-transparent.png\",\"width\":1782,\"height\":626,\"caption\":\"Buletin de Bucure\u0219ti\"},\"image\":{\"@id\":\"https:\\\/\\\/buletin.de\\\/bucuresti\\\/#\\\/schema\\\/logo\\\/image\\\/\"},\"sameAs\":[\"https:\\\/\\\/www.facebook.com\\\/buletin.de.buc\",\"https:\\\/\\\/www.instagram.com\\\/buletinde.bucuresti\\\/\"]},{\"@type\":\"Person\",\"@id\":\"https:\\\/\\\/buletin.de\\\/bucuresti\\\/#\\\/schema\\\/person\\\/31117187ed4d0bdb0a4c7d6acc79d0f8\",\"name\":\"C\u0103t\u0103lin Dosca\u0219\",\"image\":{\"@type\":\"ImageObject\",\"inLanguage\":\"en-GB\",\"@id\":\"https:\\\/\\\/buletin.de\\\/bucuresti\\\/wp-content\\\/uploads\\\/Catalin-Doscas-e1732731064764-96x96.jpga93e2943bb3b1c1f9ead823df6e6317a\",\"url\":\"https:\\\/\\\/buletin.de\\\/bucuresti\\\/wp-content\\\/uploads\\\/Catalin-Doscas-e1732731064764-96x96.jpg\",\"contentUrl\":\"https:\\\/\\\/buletin.de\\\/bucuresti\\\/wp-content\\\/uploads\\\/Catalin-Doscas-e1732731064764-96x96.jpg\",\"caption\":\"C\u0103t\u0103lin Dosca\u0219\"},\"description\":\"Reporter \u0219i redactor-\u0219ef Buletin de Bucure\u0219ti. Lucreaz\u0103 \u00een mass-media de la v\u00e2rsta de 15 ani, c\u00e2nd a publicat primele articole \u00een presa local\u0103 din Tecuci. \u00cen Bucure\u0219ti a lucrat \u00een redac\u021bii radio ca reporter, redactor \u0219i prezentator (StudentFM, Na\u021bionalFM, Radio Total, Smart FM), unde a acoperit domeniile politic, economic, social \u0219i externe. Ulterior, a fost editor-coordonator al postului Realitatea FM. Experien\u021ba \u00een jurnalismul online a dob\u00e2ndit-o la portalul B365.ro, unde a fost editor. \u00cen 2012 s-a angajat \u00een televiziune. La Realitatea TV a fost, pe r\u00e2nd, reporter la sec\u021bia Social, reporter special la emisiunea de reportaje \u0219i anchete \u201eReporterii Realit\u0103\u021bii\u201d, dar \u0219i editor al jurnalelor de \u0219tiri. Ulterior, a f\u0103cut parte din sec\u021bia de Investiga\u021bii de la Digi24 \u0219i a lucrat la campania \u201eRom\u00e2nia furat\u0103\u201d. A revenit \u00een presa scris\u0103 \u00een 2017, ca reporter special, \u00een cadrul unui proiect de repozi\u021bionare a tabloidului Libertatea \u00een cotidian generalist. Este jurnalist Buletin de Bucure\u0219ti din 2019.\",\"url\":\"https:\\\/\\\/buletin.de\\\/bucuresti\\\/author\\\/catalin\\\/\"}]}<\/script>\n<!-- \/ Yoast SEO Premium plugin. -->","yoast_head_json":{"title":"Dou\u0103 drone \u201ecu goarn\u0103\u201c vor combate de\u0219eurile \u0219i construc\u021biile ilegale din Pope\u0219ti-Leordeni - Buletin de Bucure\u0219ti","robots":{"index":"index","follow":"follow","max-snippet":"max-snippet:-1","max-image-preview":"max-image-preview:large","max-video-preview":"max-video-preview:-1"},"canonical":"https:\/\/buletin.de\/bucuresti\/doua-drone-cu-goarna-vor-combate-deseurile-si-constructiile-ilegale-din-popesti-leordeni\/","og_locale":"en_GB","og_type":"article","og_title":"Dou\u0103 drone \u201ecu goarn\u0103\u201c vor combate de\u0219eurile \u0219i construc\u021biile ilegale din Pope\u0219ti-Leordeni","og_description":"Dou\u0103 drone, \u00een valoare de aproximativ 120.000 lei bucata, au intrat \u00een dotarea ora\u0219ului ilfovean Pope\u0219ti-Leordeni. Echipamentele au fost luate pe fonduri europene nerambursabile prin Planul Na\u021bional de Redresare \u0219i Rezilien\u021b\u0103. \u201cPope\u0219ti-Leordeni intr\u0103 odat\u0103 cu livrarea acestor echipamente pe lista celor mai dotate ora\u0219e din \u021bar\u0103 privind instrumentele de ap\u0103rare \u0219i combatere a infrac\u021biunilor la [&hellip;]","og_url":"https:\/\/buletin.de\/bucuresti\/doua-drone-cu-goarna-vor-combate-deseurile-si-constructiile-ilegale-din-popesti-leordeni\/","og_site_name":"Buletin de Bucure\u0219ti","article_publisher":"https:\/\/www.facebook.com\/buletin.de.buc","article_published_time":"2023-11-12T11:00:00+00:00","og_image":[{"width":691,"height":392,"url":"https:\/\/buletin.de\/bucuresti\/wp-content\/uploads\/iacob-petre.png","type":"image\/png"}],"author":"C\u0103t\u0103lin Dosca\u0219","twitter_card":"summary_large_image","twitter_misc":{"Written by":"C\u0103t\u0103lin Dosca\u0219","Estimated reading time":"1 minute"},"schema":{"@context":"https:\/\/schema.org","@graph":[{"@type":"Article","@id":"https:\/\/buletin.de\/bucuresti\/doua-drone-cu-goarna-vor-combate-deseurile-si-constructiile-ilegale-din-popesti-leordeni\/#article","isPartOf":{"@id":"https:\/\/buletin.de\/bucuresti\/doua-drone-cu-goarna-vor-combate-deseurile-si-constructiile-ilegale-din-popesti-leordeni\/"},"author":{"name":"C\u0103t\u0103lin Dosca\u0219","@id":"https:\/\/buletin.de\/bucuresti\/#\/schema\/person\/31117187ed4d0bdb0a4c7d6acc79d0f8"},"headline":"Dou\u0103 drone \u201ecu goarn\u0103\u201c vor combate de\u0219eurile \u0219i construc\u021biile ilegale din Pope\u0219ti-Leordeni","datePublished":"2023-11-12T11:00:00+00:00","mainEntityOfPage":{"@id":"https:\/\/buletin.de\/bucuresti\/doua-drone-cu-goarna-vor-combate-deseurile-si-constructiile-ilegale-din-popesti-leordeni\/"},"wordCount":270,"publisher":{"@id":"https:\/\/buletin.de\/bucuresti\/#organization"},"image":{"@id":"https:\/\/buletin.de\/bucuresti\/doua-drone-cu-goarna-vor-combate-deseurile-si-constructiile-ilegale-din-popesti-leordeni\/#primaryimage"},"thumbnailUrl":"https:\/\/buletin.de\/bucuresti\/wp-content\/uploads\/iacob-petre.png","keywords":["amenzi","constructii","drone","gunoi","popesti"],"articleSection":["Articole","Buletin de Ilfov","\u0218tiri"],"inLanguage":"en-GB","copyrightYear":"2023","copyrightHolder":{"@id":"https:\/\/buletin.de\/bucuresti\/#organization"}},{"@type":"WebPage","@id":"https:\/\/buletin.de\/bucuresti\/doua-drone-cu-goarna-vor-combate-deseurile-si-constructiile-ilegale-din-popesti-leordeni\/","url":"https:\/\/buletin.de\/bucuresti\/doua-drone-cu-goarna-vor-combate-deseurile-si-constructiile-ilegale-din-popesti-leordeni\/","name":"Dou\u0103 drone \u201ecu goarn\u0103\u201c vor combate de\u0219eurile \u0219i construc\u021biile ilegale din Pope\u0219ti-Leordeni - Buletin de Bucure\u0219ti","isPartOf":{"@id":"https:\/\/buletin.de\/bucuresti\/#website"},"primaryImageOfPage":{"@id":"https:\/\/buletin.de\/bucuresti\/doua-drone-cu-goarna-vor-combate-deseurile-si-constructiile-ilegale-din-popesti-leordeni\/#primaryimage"},"image":{"@id":"https:\/\/buletin.de\/bucuresti\/doua-drone-cu-goarna-vor-combate-deseurile-si-constructiile-ilegale-din-popesti-leordeni\/#primaryimage"},"thumbnailUrl":"https:\/\/buletin.de\/bucuresti\/wp-content\/uploads\/iacob-petre.png","datePublished":"2023-11-12T11:00:00+00:00","breadcrumb":{"@id":"https:\/\/buletin.de\/bucuresti\/doua-drone-cu-goarna-vor-combate-deseurile-si-constructiile-ilegale-din-popesti-leordeni\/#breadcrumb"},"inLanguage":"en-GB","potentialAction":[{"@type":"ReadAction","target":["https:\/\/buletin.de\/bucuresti\/doua-drone-cu-goarna-vor-combate-deseurile-si-constructiile-ilegale-din-popesti-leordeni\/"]}]},{"@type":"ImageObject","inLanguage":"en-GB","@id":"https:\/\/buletin.de\/bucuresti\/doua-drone-cu-goarna-vor-combate-deseurile-si-constructiile-ilegale-din-popesti-leordeni\/#primaryimage","url":"https:\/\/buletin.de\/bucuresti\/wp-content\/uploads\/iacob-petre.png","contentUrl":"https:\/\/buletin.de\/bucuresti\/wp-content\/uploads\/iacob-petre.png","width":691,"height":392},{"@type":"BreadcrumbList","@id":"https:\/\/buletin.de\/bucuresti\/doua-drone-cu-goarna-vor-combate-deseurile-si-constructiile-ilegale-din-popesti-leordeni\/#breadcrumb","itemListElement":[{"@type":"ListItem","position":1,"name":"Acas\u0103","item":"https:\/\/buletin.de\/bucuresti\/"},{"@type":"ListItem","position":2,"name":"Dou\u0103 drone \u201ecu goarn\u0103\u201c vor combate de\u0219eurile \u0219i construc\u021biile ilegale din Pope\u0219ti-Leordeni"}]},{"@type":"WebSite","@id":"https:\/\/buletin.de\/bucuresti\/#website","url":"https:\/\/buletin.de\/bucuresti\/","name":"Buletin de Bucure\u0219ti","description":"\u0218tiri \u0219i investiga\u021bii esen\u021biale din capital\u0103","publisher":{"@id":"https:\/\/buletin.de\/bucuresti\/#organization"},"potentialAction":[{"@type":"SearchAction","target":{"@type":"EntryPoint","urlTemplate":"https:\/\/buletin.de\/bucuresti\/?s={search_term_string}"},"query-input":{"@type":"PropertyValueSpecification","valueRequired":true,"valueName":"search_term_string"}}],"inLanguage":"en-GB"},{"@type":"Organization","@id":"https:\/\/buletin.de\/bucuresti\/#organization","name":"Buletin de Bucure\u0219ti","url":"https:\/\/buletin.de\/bucuresti\/","logo":{"@type":"ImageObject","inLanguage":"en-GB","@id":"https:\/\/buletin.de\/bucuresti\/#\/schema\/logo\/image\/","url":"https:\/\/buletin.de\/bucuresti\/wp-content\/uploads\/logo-bdb-full-wide-vernil-transparent.png","contentUrl":"https:\/\/buletin.de\/bucuresti\/wp-content\/uploads\/logo-bdb-full-wide-vernil-transparent.png","width":1782,"height":626,"caption":"Buletin de Bucure\u0219ti"},"image":{"@id":"https:\/\/buletin.de\/bucuresti\/#\/schema\/logo\/image\/"},"sameAs":["https:\/\/www.facebook.com\/buletin.de.buc","https:\/\/www.instagram.com\/buletinde.bucuresti\/"]},{"@type":"Person","@id":"https:\/\/buletin.de\/bucuresti\/#\/schema\/person\/31117187ed4d0bdb0a4c7d6acc79d0f8","name":"C\u0103t\u0103lin Dosca\u0219","image":{"@type":"ImageObject","inLanguage":"en-GB","@id":"https:\/\/buletin.de\/bucuresti\/wp-content\/uploads\/Catalin-Doscas-e1732731064764-96x96.jpga93e2943bb3b1c1f9ead823df6e6317a","url":"https:\/\/buletin.de\/bucuresti\/wp-content\/uploads\/Catalin-Doscas-e1732731064764-96x96.jpg","contentUrl":"https:\/\/buletin.de\/bucuresti\/wp-content\/uploads\/Catalin-Doscas-e1732731064764-96x96.jpg","caption":"C\u0103t\u0103lin Dosca\u0219"},"description":"Reporter \u0219i redactor-\u0219ef Buletin de Bucure\u0219ti. Lucreaz\u0103 \u00een mass-media de la v\u00e2rsta de 15 ani, c\u00e2nd a publicat primele articole \u00een presa local\u0103 din Tecuci. \u00cen Bucure\u0219ti a lucrat \u00een redac\u021bii radio ca reporter, redactor \u0219i prezentator (StudentFM, Na\u021bionalFM, Radio Total, Smart FM), unde a acoperit domeniile politic, economic, social \u0219i externe. Ulterior, a fost editor-coordonator al postului Realitatea FM. Experien\u021ba \u00een jurnalismul online a dob\u00e2ndit-o la portalul B365.ro, unde a fost editor. \u00cen 2012 s-a angajat \u00een televiziune. La Realitatea TV a fost, pe r\u00e2nd, reporter la sec\u021bia Social, reporter special la emisiunea de reportaje \u0219i anchete \u201eReporterii Realit\u0103\u021bii\u201d, dar \u0219i editor al jurnalelor de \u0219tiri. Ulterior, a f\u0103cut parte din sec\u021bia de Investiga\u021bii de la Digi24 \u0219i a lucrat la campania \u201eRom\u00e2nia furat\u0103\u201d. A revenit \u00een presa scris\u0103 \u00een 2017, ca reporter special, \u00een cadrul unui proiect de repozi\u021bionare a tabloidului Libertatea \u00een cotidian generalist. Este jurnalist Buletin de Bucure\u0219ti din 2019.","url":"https:\/\/buletin.de\/bucuresti\/author\/catalin\/"}]}},"authors":[{"term_id":22575,"user_id":10,"is_guest":0,"slug":"catalin","display_name":"C\u0103t\u0103lin Dosca\u0219","avatar_url":"https:\/\/buletin.de\/bucuresti\/wp-content\/uploads\/Catalin-Doscas-e1732731064764-96x96.jpg","0":null,"1":"","2":"","3":"","4":"","5":"","6":"","7":"","8":""}],"_links":{"self":[{"href":"https:\/\/buletin.de\/bucuresti\/wp-json\/wp\/v2\/posts\/68542","targetHints":{"allow":["GET"]}}],"collection":[{"href":"https:\/\/buletin.de\/bucuresti\/wp-json\/wp\/v2\/posts"}],"about":[{"href":"https:\/\/buletin.de\/bucuresti\/wp-json\/wp\/v2\/types\/post"}],"author":[{"embeddable":true,"href":"https:\/\/buletin.de\/bucuresti\/wp-json\/wp\/v2\/users\/10"}],"replies":[{"embeddable":true,"href":"https:\/\/buletin.de\/bucuresti\/wp-json\/wp\/v2\/comments?post=68542"}],"version-history":[{"count":1,"href":"https:\/\/buletin.de\/bucuresti\/wp-json\/wp\/v2\/posts\/68542\/revisions"}],"predecessor-version":[{"id":68544,"href":"https:\/\/buletin.de\/bucuresti\/wp-json\/wp\/v2\/posts\/68542\/revisions\/68544"}],"wp:featuredmedia":[{"embeddable":true,"href":"https:\/\/buletin.de\/bucuresti\/wp-json\/wp\/v2\/media\/68543"}],"wp:attachment":[{"href":"https:\/\/buletin.de\/bucuresti\/wp-json\/wp\/v2\/media?parent=68542"}],"wp:term":[{"taxonomy":"category","embeddable":true,"href":"https:\/\/buletin.de\/bucuresti\/wp-json\/wp\/v2\/categories?post=68542"},{"taxonomy":"post_tag","embeddable":true,"href":"https:\/\/buletin.de\/bucuresti\/wp-json\/wp\/v2\/tags?post=68542"},{"taxonomy":"author","embeddable":true,"href":"https:\/\/buletin.de\/bucuresti\/wp-json\/wp\/v2\/ppma_author?post=68542"}],"curies":[{"name":"wp","href":"https:\/\/api.w.org\/{rel}","templated":true}]}}