{"id":68513,"date":"2023-11-10T06:00:00","date_gmt":"2023-11-10T04:00:00","guid":{"rendered":"https:\/\/buletin.de\/bucuresti\/?p=68513"},"modified":"2023-11-10T06:49:45","modified_gmt":"2023-11-10T04:49:45","slug":"bucuresti-ilfov-program-antibullying-in-11-gradinite-cursuri-pentru-educatori-tinute-de-salvati-copiii","status":"publish","type":"post","link":"https:\/\/buletin.de\/bucuresti\/bucuresti-ilfov-program-antibullying-in-11-gradinite-cursuri-pentru-educatori-tinute-de-salvati-copiii\/","title":{"rendered":"Doar 2% din gr\u0103dini\u021bele Capitalei au programe antibullying. Program pilot, cu \u201evalize speciale&#8221;, pentru educatori"},"content":{"rendered":"\n<p><strong>Educatorii de la 11 gr\u0103dini\u0163e de stat din zona Bucure\u015fti-Ilfov au fost inclu\u015fi \u00eentr-un <em>program antibullying<\/em>. Pedagogii au \u00eenv\u0103\u0163at s\u0103 previn\u0103 \u015fi s\u0103 gestioneze cazurile de violen\u0163\u0103 verbal\u0103 ori fizic\u0103 \u00eentre copii, cu ajutorul tehnicilor \u0219i instrumentelor educa\u021bionale oferite de Asocia\u021bia Salva\u021bi Copiii. Asta, \u00een contextul \u00een care cel mai recent studiu al organiza\u021biei arat\u0103 c\u0103 fenomenul bullyingului ia amploare \u0219i \u00een r\u00e2ndul pre\u0219colarilor.\u00a0 <\/strong><\/p>\n\n\n\n<p>La nivel na\u021bional, programul se desf\u0103\u0219oar\u0103 \u00een 60 unit\u0103\u021bi de \u00eenv\u0103\u021b\u0103m\u00e2nt pre\u0219colar, astfel \u00eenc\u00e2t peste 600 de speciali\u0219ti (educatori, directori \u0219i consilieri) au primit deja preg\u0103tirea necesar\u0103 pentru a \u00eel implementa pe parcursul urm\u0103torului an \u0219colar. <\/p>\n\n\n\n<p>Astfel, \u00een anul \u015fcolar 2023-2024, pedagogii vor putea s\u0103 aplice metodele \u00eenv\u0103\u0163ate \u015fi \u00eei vor \u00eenv\u0103\u0163a pe copii s\u0103 fie mai toleran\u0163i unii cu ceilal\u0163i, prin diferite tehnici. Printre altele, vor organiza activit\u0103\u0163i \u015fi jocuri prin care cei mici s\u0103 \u00eenve\u0163e s\u0103 se dezic\u0103 de comportamentele indezirabile. De asemenea, educatorii vor purta discu\u0163ii cu p\u0103rin\u0163ii pentru a \u00eei \u00eenv\u0103\u0163a \u015fi pe ei cum s\u0103 se raporteze la situa\u0163ii de bullying.<\/p>\n\n\n\n<p>Cele 11 gr\u0103dini\u021be de stat din Bucure\u0219ti \u0219i Ilfov incluse \u00een program sunt:<\/p>\n\n\n\n<p><strong><em>Bucure\u0219ti:<\/em><\/strong><strong><em> <\/em><\/strong><strong><em><\/em><\/strong><strong><em> <\/em><\/strong><strong><em><\/em><\/strong><strong><em><\/em><\/strong><\/p>\n\n\n\n<ul class=\"wp-block-list\">\n<li><strong><em>Gr\u0103dini\u021ba \u201eClopo\u021bel\u201d&nbsp;&nbsp;&nbsp;&nbsp;&nbsp;&nbsp;&nbsp;&nbsp;&nbsp;&nbsp;&nbsp;&nbsp;&nbsp;&nbsp;&nbsp;&nbsp;&nbsp;&nbsp;&nbsp;&nbsp;&nbsp;&nbsp;&nbsp;&nbsp;&nbsp;&nbsp;&nbsp;&nbsp;&nbsp;&nbsp;&nbsp;&nbsp;&nbsp;&nbsp;&nbsp;&nbsp;<\/em><\/strong><\/li>\n\n\n\n<li><strong><em>Gr\u0103dini\u021ba \u201eZ\u00e2na Florilor\u201d<\/em><\/strong><\/li>\n\n\n\n<li><strong><em>Gr\u0103dini\u021ba \u201eMaica Domnului\u201d<\/em><\/strong><\/li>\n\n\n\n<li><strong><em>Gr\u0103dini\u021ba Nr. 246<\/em><\/strong><\/li>\n\n\n\n<li><strong><em>Gr\u0103dini\u021ba Nr. 274<\/em><\/strong><\/li>\n\n\n\n<li><strong><em>Gr\u0103dini\u021ba Nr. 250<\/em><\/strong><\/li>\n<\/ul>\n\n\n\n<p><strong><em>Ilfov:<\/em><\/strong><\/p>\n\n\n\n<ul class=\"wp-block-list\">\n<li><strong><em>Gr\u0103dini\u021ba Nr. 1, Clinceni<\/em><\/strong><\/li>\n\n\n\n<li><strong><em>Gr\u0103dini\u021ba \u201e\u0218coala Gimnazial\u0103 Nr. 1\u201d, Cornetu<\/em><\/strong><\/li>\n\n\n\n<li><strong><em>Gr\u0103dini\u021ba Nr. 5, Buftea<\/em><\/strong><\/li>\n\n\n\n<li><strong><em>Gr\u0103dini\u021ba T\u0103r\u00e2mul Prieteniei, Domne\u0219ti<\/em><\/strong><\/li>\n\n\n\n<li><strong><em>Gr\u0103dini\u021ba \u201e\u0218coala Gimnazial\u0103 Nr. 1\u201d, Mogo\u0219oaia<\/em><\/strong><\/li>\n<\/ul>\n\n\n\n<p>Metodologia programului a fost dezvoltat\u0103 de Mary Foundation \u0219i Salva\u021bi Copiii Danemarca, urm\u00e2nd s\u0103 fie adaptat\u0103 \u0219i implementat\u0103 de c\u0103tre Salva\u021bi Copiii Rom\u00e2nia. Pentru implementarea proiectului, cadrele didactice au primit \u0219i c\u00e2te o valiz\u0103 cu resurse educa\u021bionale.<\/p>\n\n\n\n<p>O astfel de valiz\u0103 con\u021bine:&nbsp;<\/p>\n\n\n\n<ul class=\"wp-block-list\">\n<li><strong><em>O carte de activit\u0103\u021bi pentru copii<\/em><\/strong><\/li>\n\n\n\n<li><strong><em>Cartona\u0219e \u0219i fi\u0219e de conversa\u021bie<\/em><\/strong><\/li>\n\n\n\n<li><strong><em>Bro\u0219ura de masaj<\/em><\/strong><\/li>\n\n\n\n<li><strong><em>\u201eUrsule\u021bul prietenos\u201d, mascota programului \u0219i c\u00e2te un ursule\u021b mic pentru fiecare copil din grup\u0103<\/em><\/strong><\/li>\n\n\n\n<li><strong><em>Un set de 10 cartona\u0219e cu dileme pentru speciali\u0219ti<\/em><\/strong><\/li>\n\n\n\n<li><strong><em>Un set de 10 cartona\u0219e cu dileme pentru p\u0103rin\u021bi<\/em><\/strong><\/li>\n\n\n\n<li><strong><em>Patru postere care ilustreaz\u0103 emo\u021bii de baz\u0103 (fric\u0103, triste\u021be, furie \u0219i fericire)<\/em><\/strong><\/li>\n\n\n\n<li><strong><em>Un poster cu 7 sfaturi practice pentru p\u0103rin\u021bi<\/em><\/strong><\/li>\n\n\n\n<li><strong><em>Un set de 2 postere care ilustreaz\u0103 valorile programului (toleran\u021b\u0103, respect, grij\u0103 \u0219i curaj)&nbsp;<\/em><\/strong><\/li>\n<\/ul>\n\n\n\n<figure class=\"wp-block-image size-large\"><img fetchpriority=\"high\" decoding=\"async\" width=\"632\" height=\"900\" src=\"data:image\/gif;base64,R0lGODlhAQABAAAAACH5BAEKAAEALAAAAAABAAEAAAICTAEAOw==\" data-src=\"https:\/\/buletin.de\/bucuresti\/wp-content\/uploads\/WhatsApp-Image-2023-11-09-at-17.33.56-632x900.jpeg\" alt=\"\" class=\"wp-image-68518 lazyload\" data-sizes=\"auto\" data-srcset=\"https:\/\/buletin.de\/bucuresti\/wp-content\/uploads\/WhatsApp-Image-2023-11-09-at-17.33.56-632x900.jpeg 632w, https:\/\/buletin.de\/bucuresti\/wp-content\/uploads\/WhatsApp-Image-2023-11-09-at-17.33.56-211x300.jpeg 211w, https:\/\/buletin.de\/bucuresti\/wp-content\/uploads\/WhatsApp-Image-2023-11-09-at-17.33.56-600x855.jpeg 600w, https:\/\/buletin.de\/bucuresti\/wp-content\/uploads\/WhatsApp-Image-2023-11-09-at-17.33.56-20x28.jpeg 20w, https:\/\/buletin.de\/bucuresti\/wp-content\/uploads\/WhatsApp-Image-2023-11-09-at-17.33.56.jpeg 719w\" sizes=\"(max-width: 632px) 100vw, 632px\" \/><\/figure>\n\n\n\n<p>Proiectul a fost implementat ini\u021bial \u00een cinci gr\u0103dini\u021be din Capital\u0103, \u00een perioada ianuarie 2020-iunie 2021. Printre primii beneficiari ai programului se num\u0103r\u0103 Daniela Iliescu, profesor pentru \u00eenv\u0103\u021b\u0103m\u00e2ntul pre\u0219colar \u00een cadrul gr\u0103dini\u021bei \u201eBr\u00e2ndu\u0219a\u201d din sectorul 3.<\/p>\n\n\n\n<p>Cadrul didactic sus\u021bine c\u0103 cel mai \u00eendr\u0103git instrument utilizat \u00een cadrul programului a fost \u201cBro\u0219ura de masaj\u201d, \u00eentruc\u00e2t are la baz\u0103 principiul conform c\u0103ruia \u201e<em>nu po\u021bi face r\u0103u unui copil pe care l-ai masat<\/em>\u201d. Masajul a crescut capacitatea de concentrare, toleran\u021ba, acceptare \u0219i leg\u0103tura dintre copii, \u00eembun\u0103t\u0103\u021bindu-le abilitatea de a asculta. \u00cen acest fel, conflictele au avut mai pu\u021bine \u0219anse s\u0103 se agraveze \u0219i au fost mai\u00a0repede\u00a0uitate.<\/p>\n\n\n\n<p><strong><em>\u201e\u00cen urma desf\u0103\u0219ur\u0103rii activit\u0103\u021bilor incluse \u00een program al\u0103turi de copii, am constatat faptul ca ace\u0219tia au \u00eenv\u0103\u021bat s\u0103 interac\u021bioneze pozitiv unii cu al\u021bii, grupul de copii ca \u00eentreg fiind \u00eent\u0103rit; au \u00eenv\u0103\u021bat s\u0103 cear\u0103 acordul atunci c\u00e2nd doresc chiar s\u0103 ofere o \u00eembr\u0103\u021bi\u0219are (gesturi care presupun afec\u021biune); au reu\u0219it s\u0103 exprime \u00een cuvinte ceea ce fac, \u00eembun\u0103t\u0103\u021bindu-\u0219i astfel capacitatea de con\u0219tientizare a propriilor ac\u021biuni. Cel mai mare avantaj al aplic\u0103rii metodologiei Free of Bullying l-a constituit faptul c\u0103 a sc\u0103zut agresivitatea fizic\u0103 \u00een r\u00e2ndul pre\u0219colarilor\u201d <\/em><\/strong>, explic\u0103 Daniela Iliescu pentru Buletin de Bucure\u0219ti.<\/p>\n\n\n\n<h2 class=\"wp-block-heading\"><strong><em>\u201eBullying-ul&#8221; institu\u021bional<\/em><\/strong><\/h2>\n\n\n\n<p>C\u00e2t despre provoc\u0103rile \u00eent\u00e2mpinate \u00een implementarea programului, aceasta aminte\u0219te: reticen\u021ba unor cadre didactice privind implicarea real\u0103 a p\u0103rin\u021bilor \u00een preluarea \u0219i promovarea valorilor proiectului \u00een cadrul familiei, barierele dasc\u0103lilor \u00een ceea ce prive\u0219te sus\u021binerea sesiunilor de formare a p\u0103rin\u021bilor, respectiv derularea activit\u0103\u021bilor programului cu pre\u0219colarii \u0219i cu p\u0103rin\u021bii acestora \u00een mediul online, situa\u021bie generat\u0103 de pandemie.<\/p>\n\n\n\n<p>Potrivit celui mai recent raport privind starea \u00eenv\u0103\u021b\u0103m\u00e2ntului, publicat de ISMB, \u00een anul \u0219colar 2021-2022, <strong>\u00een Bucure\u0219ti, existau mai multe gr\u0103dini\u021be private acreditate dec\u00e2t gr\u0103dini\u021be de stat: <\/strong>168 de unit\u0103\u021bi particulare de \u00eenv\u0103\u021b\u0103m\u00e2nt pre\u0219colar, comparativ cu 125 de gr\u0103dini\u021be de stat.\u00a0Astfel, 36.617 de copii erau \u00eenscri\u0219i \u00een institu\u021bii publice de \u00eenv\u0103\u021b\u0103m\u00e2nt de mas\u0103, 11.349 \u00een gr\u0103dini\u021be particulare, respectiv 162 \u00een unit\u0103\u021bi de \u00eenv\u0103\u021b\u0103m\u00e2nt special.<\/p>\n\n\n\n<p>Studiul preliminar efectuat \u00een cadrul programului, la nivel na\u021bional, arat\u0103 c\u0103 \u0219i pre\u0219colarii se pot angaja \u00een forme de bullying, direct \u0219i indirect: <\/p>\n\n\n\n<ul class=\"wp-block-list\">\n<li>35% dintre educatori men\u021bioneaz\u0103 c\u0103 au \u00een grup\u0103 copii care ocazional nu au cu cine s\u0103 se joace.<\/li>\n\n\n\n<li>10% dintre educatori men\u021bioneaz\u0103 c\u0103, \u00een mod constant, se confrunt\u0103 cu situa\u021bii \u00een care anumi\u021bi copii sunt exclu\u0219i din grup de c\u0103tre ceilal\u021bi.<\/li>\n\n\n\n<li>60% dintre cadrele didactice consider\u0103 c\u0103 tachinarea \u00eentre copii este o problem\u0103 a copiilor \u0219i \u00een afara programului de gr\u0103dini\u021b\u0103.<\/li>\n<\/ul>\n\n\n\n<p>Totu\u0219i, dimensiunea real\u0103 a fenomenului de bullying, \u00een r\u00e2ndul pre\u0219colarilor din Capital\u0103, este incert\u0103, \u00eentruc\u00e2t nu exist\u0103 un studiu desf\u0103\u0219urat la nivelul Ministerului Educa\u021biei, iar aceste date pot s\u0103 nu fie reprezentative pentru Municipiul Bucure\u0219ti. <\/p>\n","protected":false},"excerpt":{"rendered":"<p>Educatorii de la 11 gr\u0103dini\u0163e de stat din zona Bucure\u015fti-Ilfov au fost inclu\u015fi \u00eentr-un program antibullying. Pedagogii au \u00eenv\u0103\u0163at s\u0103 previn\u0103 \u015fi s\u0103 gestioneze cazurile de violen\u0163\u0103 verbal\u0103 ori fizic\u0103 \u00eentre copii, cu ajutorul tehnicilor \u0219i instrumentelor educa\u021bionale oferite de Asocia\u021bia Salva\u021bi Copiii. Asta, \u00een contextul \u00een care cel mai recent studiu al organiza\u021biei arat\u0103 [&hellip;]<\/p>\n","protected":false},"author":55,"featured_media":68534,"comment_status":"closed","ping_status":"open","sticky":false,"template":"","format":"standard","meta":{"_acf_changed":false,"inline_featured_image":false,"ngg_post_thumbnail":0,"footnotes":""},"categories":[6994,3421,3419],"tags":[7734,7732,7731,7733],"ppma_author":[22573],"class_list":["post-68513","post","type-post","status-publish","format-standard","has-post-thumbnail","hentry","category-stiri-2","category-educatie","category-featured","tag-antibullying","tag-bullying","tag-salvati-copiii","tag-securitate-scoli"],"acf":[],"yoast_head":"<!-- This site is optimized with the Yoast SEO Premium plugin v25.3 (Yoast SEO v27.4) - https:\/\/yoast.com\/product\/yoast-seo-premium-wordpress\/ -->\n<title>Doar 2% din gr\u0103dini\u021bele Capitalei au programe antibullying. Program pilot, cu \u201evalize speciale&quot;, pentru educatori - Buletin de Bucure\u0219ti<\/title>\n<meta name=\"robots\" content=\"index, follow, max-snippet:-1, max-image-preview:large, max-video-preview:-1\" \/>\n<link rel=\"canonical\" href=\"https:\/\/buletin.de\/bucuresti\/bucuresti-ilfov-program-antibullying-in-11-gradinite-cursuri-pentru-educatori-tinute-de-salvati-copiii\/\" \/>\n<meta property=\"og:locale\" content=\"en_GB\" \/>\n<meta property=\"og:type\" content=\"article\" \/>\n<meta property=\"og:title\" content=\"Doar 2% din gr\u0103dini\u021bele Capitalei au programe antibullying. Program pilot, cu \u201evalize speciale&quot;, pentru educatori\" \/>\n<meta property=\"og:description\" content=\"Educatorii de la 11 gr\u0103dini\u0163e de stat din zona Bucure\u015fti-Ilfov au fost inclu\u015fi \u00eentr-un program antibullying. Pedagogii au \u00eenv\u0103\u0163at s\u0103 previn\u0103 \u015fi s\u0103 gestioneze cazurile de violen\u0163\u0103 verbal\u0103 ori fizic\u0103 \u00eentre copii, cu ajutorul tehnicilor \u0219i instrumentelor educa\u021bionale oferite de Asocia\u021bia Salva\u021bi Copiii. Asta, \u00een contextul \u00een care cel mai recent studiu al organiza\u021biei arat\u0103 [&hellip;]\" \/>\n<meta property=\"og:url\" content=\"https:\/\/buletin.de\/bucuresti\/bucuresti-ilfov-program-antibullying-in-11-gradinite-cursuri-pentru-educatori-tinute-de-salvati-copiii\/\" \/>\n<meta property=\"og:site_name\" content=\"Buletin de Bucure\u0219ti\" \/>\n<meta property=\"article:publisher\" content=\"https:\/\/www.facebook.com\/buletin.de.buc\" \/>\n<meta property=\"article:published_time\" content=\"2023-11-10T04:00:00+00:00\" \/>\n<meta property=\"article:modified_time\" content=\"2023-11-10T04:49:45+00:00\" \/>\n<meta property=\"og:image\" content=\"https:\/\/buletin.de\/bucuresti\/wp-content\/uploads\/gagc07wvvck.jpg\" \/>\n\t<meta property=\"og:image:width\" content=\"1600\" \/>\n\t<meta property=\"og:image:height\" content=\"1105\" \/>\n\t<meta property=\"og:image:type\" content=\"image\/jpeg\" \/>\n<meta name=\"author\" content=\"Andreea Tudor\" \/>\n<meta name=\"twitter:card\" content=\"summary_large_image\" \/>\n<meta name=\"twitter:label1\" content=\"Written by\" \/>\n\t<meta name=\"twitter:data1\" content=\"Andreea Tudor\" \/>\n\t<meta name=\"twitter:label2\" content=\"Estimated reading time\" \/>\n\t<meta name=\"twitter:data2\" content=\"5 minutes\" \/>\n<script type=\"application\/ld+json\" class=\"yoast-schema-graph\">{\"@context\":\"https:\\\/\\\/schema.org\",\"@graph\":[{\"@type\":\"Article\",\"@id\":\"https:\\\/\\\/buletin.de\\\/bucuresti\\\/bucuresti-ilfov-program-antibullying-in-11-gradinite-cursuri-pentru-educatori-tinute-de-salvati-copiii\\\/#article\",\"isPartOf\":{\"@id\":\"https:\\\/\\\/buletin.de\\\/bucuresti\\\/bucuresti-ilfov-program-antibullying-in-11-gradinite-cursuri-pentru-educatori-tinute-de-salvati-copiii\\\/\"},\"author\":{\"name\":\"Andreea Tudor\",\"@id\":\"https:\\\/\\\/buletin.de\\\/bucuresti\\\/#\\\/schema\\\/person\\\/150590659efde715459d159da012f501\"},\"headline\":\"Doar 2% din gr\u0103dini\u021bele Capitalei au programe antibullying. Program pilot, cu \u201evalize speciale&#8221;, pentru educatori\",\"datePublished\":\"2023-11-10T04:00:00+00:00\",\"dateModified\":\"2023-11-10T04:49:45+00:00\",\"mainEntityOfPage\":{\"@id\":\"https:\\\/\\\/buletin.de\\\/bucuresti\\\/bucuresti-ilfov-program-antibullying-in-11-gradinite-cursuri-pentru-educatori-tinute-de-salvati-copiii\\\/\"},\"wordCount\":1009,\"publisher\":{\"@id\":\"https:\\\/\\\/buletin.de\\\/bucuresti\\\/#organization\"},\"image\":{\"@id\":\"https:\\\/\\\/buletin.de\\\/bucuresti\\\/bucuresti-ilfov-program-antibullying-in-11-gradinite-cursuri-pentru-educatori-tinute-de-salvati-copiii\\\/#primaryimage\"},\"thumbnailUrl\":\"https:\\\/\\\/buletin.de\\\/bucuresti\\\/wp-content\\\/uploads\\\/gagc07wvvck.jpg\",\"keywords\":[\"antibullying\",\"Bullying\",\"Salvati Copiii\",\"securitate scoli\"],\"articleSection\":[\"Articole\",\"Educa\u021bie\",\"Featured\"],\"inLanguage\":\"en-GB\",\"copyrightYear\":\"2023\",\"copyrightHolder\":{\"@id\":\"https:\\\/\\\/buletin.de\\\/bucuresti\\\/#organization\"}},{\"@type\":\"WebPage\",\"@id\":\"https:\\\/\\\/buletin.de\\\/bucuresti\\\/bucuresti-ilfov-program-antibullying-in-11-gradinite-cursuri-pentru-educatori-tinute-de-salvati-copiii\\\/\",\"url\":\"https:\\\/\\\/buletin.de\\\/bucuresti\\\/bucuresti-ilfov-program-antibullying-in-11-gradinite-cursuri-pentru-educatori-tinute-de-salvati-copiii\\\/\",\"name\":\"Doar 2% din gr\u0103dini\u021bele Capitalei au programe antibullying. Program pilot, cu \u201evalize speciale\\\", pentru educatori - Buletin de Bucure\u0219ti\",\"isPartOf\":{\"@id\":\"https:\\\/\\\/buletin.de\\\/bucuresti\\\/#website\"},\"primaryImageOfPage\":{\"@id\":\"https:\\\/\\\/buletin.de\\\/bucuresti\\\/bucuresti-ilfov-program-antibullying-in-11-gradinite-cursuri-pentru-educatori-tinute-de-salvati-copiii\\\/#primaryimage\"},\"image\":{\"@id\":\"https:\\\/\\\/buletin.de\\\/bucuresti\\\/bucuresti-ilfov-program-antibullying-in-11-gradinite-cursuri-pentru-educatori-tinute-de-salvati-copiii\\\/#primaryimage\"},\"thumbnailUrl\":\"https:\\\/\\\/buletin.de\\\/bucuresti\\\/wp-content\\\/uploads\\\/gagc07wvvck.jpg\",\"datePublished\":\"2023-11-10T04:00:00+00:00\",\"dateModified\":\"2023-11-10T04:49:45+00:00\",\"breadcrumb\":{\"@id\":\"https:\\\/\\\/buletin.de\\\/bucuresti\\\/bucuresti-ilfov-program-antibullying-in-11-gradinite-cursuri-pentru-educatori-tinute-de-salvati-copiii\\\/#breadcrumb\"},\"inLanguage\":\"en-GB\",\"potentialAction\":[{\"@type\":\"ReadAction\",\"target\":[\"https:\\\/\\\/buletin.de\\\/bucuresti\\\/bucuresti-ilfov-program-antibullying-in-11-gradinite-cursuri-pentru-educatori-tinute-de-salvati-copiii\\\/\"]}]},{\"@type\":\"ImageObject\",\"inLanguage\":\"en-GB\",\"@id\":\"https:\\\/\\\/buletin.de\\\/bucuresti\\\/bucuresti-ilfov-program-antibullying-in-11-gradinite-cursuri-pentru-educatori-tinute-de-salvati-copiii\\\/#primaryimage\",\"url\":\"https:\\\/\\\/buletin.de\\\/bucuresti\\\/wp-content\\\/uploads\\\/gagc07wvvck.jpg\",\"contentUrl\":\"https:\\\/\\\/buletin.de\\\/bucuresti\\\/wp-content\\\/uploads\\\/gagc07wvvck.jpg\",\"width\":1600,\"height\":1105,\"caption\":\"FOTO: unsplash.com\"},{\"@type\":\"BreadcrumbList\",\"@id\":\"https:\\\/\\\/buletin.de\\\/bucuresti\\\/bucuresti-ilfov-program-antibullying-in-11-gradinite-cursuri-pentru-educatori-tinute-de-salvati-copiii\\\/#breadcrumb\",\"itemListElement\":[{\"@type\":\"ListItem\",\"position\":1,\"name\":\"Acas\u0103\",\"item\":\"https:\\\/\\\/buletin.de\\\/bucuresti\\\/\"},{\"@type\":\"ListItem\",\"position\":2,\"name\":\"Doar 2% din gr\u0103dini\u021bele Capitalei au programe antibullying. Program pilot, cu \u201evalize speciale&#8221;, pentru educatori\"}]},{\"@type\":\"WebSite\",\"@id\":\"https:\\\/\\\/buletin.de\\\/bucuresti\\\/#website\",\"url\":\"https:\\\/\\\/buletin.de\\\/bucuresti\\\/\",\"name\":\"Buletin de Bucure\u0219ti\",\"description\":\"\u0218tiri \u0219i investiga\u021bii esen\u021biale din capital\u0103\",\"publisher\":{\"@id\":\"https:\\\/\\\/buletin.de\\\/bucuresti\\\/#organization\"},\"potentialAction\":[{\"@type\":\"SearchAction\",\"target\":{\"@type\":\"EntryPoint\",\"urlTemplate\":\"https:\\\/\\\/buletin.de\\\/bucuresti\\\/?s={search_term_string}\"},\"query-input\":{\"@type\":\"PropertyValueSpecification\",\"valueRequired\":true,\"valueName\":\"search_term_string\"}}],\"inLanguage\":\"en-GB\"},{\"@type\":\"Organization\",\"@id\":\"https:\\\/\\\/buletin.de\\\/bucuresti\\\/#organization\",\"name\":\"Buletin de Bucure\u0219ti\",\"url\":\"https:\\\/\\\/buletin.de\\\/bucuresti\\\/\",\"logo\":{\"@type\":\"ImageObject\",\"inLanguage\":\"en-GB\",\"@id\":\"https:\\\/\\\/buletin.de\\\/bucuresti\\\/#\\\/schema\\\/logo\\\/image\\\/\",\"url\":\"https:\\\/\\\/buletin.de\\\/bucuresti\\\/wp-content\\\/uploads\\\/logo-bdb-full-wide-vernil-transparent.png\",\"contentUrl\":\"https:\\\/\\\/buletin.de\\\/bucuresti\\\/wp-content\\\/uploads\\\/logo-bdb-full-wide-vernil-transparent.png\",\"width\":1782,\"height\":626,\"caption\":\"Buletin de Bucure\u0219ti\"},\"image\":{\"@id\":\"https:\\\/\\\/buletin.de\\\/bucuresti\\\/#\\\/schema\\\/logo\\\/image\\\/\"},\"sameAs\":[\"https:\\\/\\\/www.facebook.com\\\/buletin.de.buc\",\"https:\\\/\\\/www.instagram.com\\\/buletinde.bucuresti\\\/\"]},{\"@type\":\"Person\",\"@id\":\"https:\\\/\\\/buletin.de\\\/bucuresti\\\/#\\\/schema\\\/person\\\/150590659efde715459d159da012f501\",\"name\":\"Andreea Tudor\",\"image\":{\"@type\":\"ImageObject\",\"inLanguage\":\"en-GB\",\"@id\":\"https:\\\/\\\/secure.gravatar.com\\\/avatar\\\/a88705a186ab0b67f3349bcbced506c09e37256fbaad0e7f3bd1a79b4599f589?s=96&d=monsterid&r=g79290610aa1a65c2b86eebc2ca5aee8f\",\"url\":\"https:\\\/\\\/secure.gravatar.com\\\/avatar\\\/a88705a186ab0b67f3349bcbced506c09e37256fbaad0e7f3bd1a79b4599f589?s=96&d=monsterid&r=g\",\"contentUrl\":\"https:\\\/\\\/secure.gravatar.com\\\/avatar\\\/a88705a186ab0b67f3349bcbced506c09e37256fbaad0e7f3bd1a79b4599f589?s=96&d=monsterid&r=g\",\"caption\":\"Andreea Tudor\"},\"description\":\"N\u0103scut\u0103 \u0219i crescut\u0103 \u00een Bucure\u0219ti, sus\u021bin\u0103toare a presei independente. A\u0219a am ajuns redactor la Buletin de Bucure\u0219ti. Fiind eu, \u00eens\u0103mi, parte a sistemului de \u00eenv\u0103\u021b\u0103m\u00e2nt rom\u00e2nesc \u0219i pasionat\u0103 de domeniul social, pun sub lup\u0103 tot ceea ce se \u00eent\u00e2mpl\u0103 \u00een sfera educa\u021biei. Cred cu t\u0103rie c\u0103 presa \u201epentru cet\u0103\u021beni\u201d este presa independent\u0103. Oamenii au nevoie de o informare corect\u0103 pentru a \u00een\u021belege pe deplin ce se \u00eent\u00e2mpl\u0103 \u00een jurul lor \u0219i pentru a lua ac\u021biune \u00eempotriva nedrept\u0103\u021bilor.\",\"url\":\"https:\\\/\\\/buletin.de\\\/bucuresti\\\/author\\\/andreeatudor\\\/\"}]}<\/script>\n<!-- \/ Yoast SEO Premium plugin. -->","yoast_head_json":{"title":"Doar 2% din gr\u0103dini\u021bele Capitalei au programe antibullying. Program pilot, cu \u201evalize speciale\", pentru educatori - Buletin de Bucure\u0219ti","robots":{"index":"index","follow":"follow","max-snippet":"max-snippet:-1","max-image-preview":"max-image-preview:large","max-video-preview":"max-video-preview:-1"},"canonical":"https:\/\/buletin.de\/bucuresti\/bucuresti-ilfov-program-antibullying-in-11-gradinite-cursuri-pentru-educatori-tinute-de-salvati-copiii\/","og_locale":"en_GB","og_type":"article","og_title":"Doar 2% din gr\u0103dini\u021bele Capitalei au programe antibullying. Program pilot, cu \u201evalize speciale\", pentru educatori","og_description":"Educatorii de la 11 gr\u0103dini\u0163e de stat din zona Bucure\u015fti-Ilfov au fost inclu\u015fi \u00eentr-un program antibullying. Pedagogii au \u00eenv\u0103\u0163at s\u0103 previn\u0103 \u015fi s\u0103 gestioneze cazurile de violen\u0163\u0103 verbal\u0103 ori fizic\u0103 \u00eentre copii, cu ajutorul tehnicilor \u0219i instrumentelor educa\u021bionale oferite de Asocia\u021bia Salva\u021bi Copiii. Asta, \u00een contextul \u00een care cel mai recent studiu al organiza\u021biei arat\u0103 [&hellip;]","og_url":"https:\/\/buletin.de\/bucuresti\/bucuresti-ilfov-program-antibullying-in-11-gradinite-cursuri-pentru-educatori-tinute-de-salvati-copiii\/","og_site_name":"Buletin de Bucure\u0219ti","article_publisher":"https:\/\/www.facebook.com\/buletin.de.buc","article_published_time":"2023-11-10T04:00:00+00:00","article_modified_time":"2023-11-10T04:49:45+00:00","og_image":[{"width":1600,"height":1105,"url":"https:\/\/buletin.de\/bucuresti\/wp-content\/uploads\/gagc07wvvck.jpg","type":"image\/jpeg"}],"author":"Andreea Tudor","twitter_card":"summary_large_image","twitter_misc":{"Written by":"Andreea Tudor","Estimated reading time":"5 minutes"},"schema":{"@context":"https:\/\/schema.org","@graph":[{"@type":"Article","@id":"https:\/\/buletin.de\/bucuresti\/bucuresti-ilfov-program-antibullying-in-11-gradinite-cursuri-pentru-educatori-tinute-de-salvati-copiii\/#article","isPartOf":{"@id":"https:\/\/buletin.de\/bucuresti\/bucuresti-ilfov-program-antibullying-in-11-gradinite-cursuri-pentru-educatori-tinute-de-salvati-copiii\/"},"author":{"name":"Andreea Tudor","@id":"https:\/\/buletin.de\/bucuresti\/#\/schema\/person\/150590659efde715459d159da012f501"},"headline":"Doar 2% din gr\u0103dini\u021bele Capitalei au programe antibullying. Program pilot, cu \u201evalize speciale&#8221;, pentru educatori","datePublished":"2023-11-10T04:00:00+00:00","dateModified":"2023-11-10T04:49:45+00:00","mainEntityOfPage":{"@id":"https:\/\/buletin.de\/bucuresti\/bucuresti-ilfov-program-antibullying-in-11-gradinite-cursuri-pentru-educatori-tinute-de-salvati-copiii\/"},"wordCount":1009,"publisher":{"@id":"https:\/\/buletin.de\/bucuresti\/#organization"},"image":{"@id":"https:\/\/buletin.de\/bucuresti\/bucuresti-ilfov-program-antibullying-in-11-gradinite-cursuri-pentru-educatori-tinute-de-salvati-copiii\/#primaryimage"},"thumbnailUrl":"https:\/\/buletin.de\/bucuresti\/wp-content\/uploads\/gagc07wvvck.jpg","keywords":["antibullying","Bullying","Salvati Copiii","securitate scoli"],"articleSection":["Articole","Educa\u021bie","Featured"],"inLanguage":"en-GB","copyrightYear":"2023","copyrightHolder":{"@id":"https:\/\/buletin.de\/bucuresti\/#organization"}},{"@type":"WebPage","@id":"https:\/\/buletin.de\/bucuresti\/bucuresti-ilfov-program-antibullying-in-11-gradinite-cursuri-pentru-educatori-tinute-de-salvati-copiii\/","url":"https:\/\/buletin.de\/bucuresti\/bucuresti-ilfov-program-antibullying-in-11-gradinite-cursuri-pentru-educatori-tinute-de-salvati-copiii\/","name":"Doar 2% din gr\u0103dini\u021bele Capitalei au programe antibullying. Program pilot, cu \u201evalize speciale\", pentru educatori - Buletin de Bucure\u0219ti","isPartOf":{"@id":"https:\/\/buletin.de\/bucuresti\/#website"},"primaryImageOfPage":{"@id":"https:\/\/buletin.de\/bucuresti\/bucuresti-ilfov-program-antibullying-in-11-gradinite-cursuri-pentru-educatori-tinute-de-salvati-copiii\/#primaryimage"},"image":{"@id":"https:\/\/buletin.de\/bucuresti\/bucuresti-ilfov-program-antibullying-in-11-gradinite-cursuri-pentru-educatori-tinute-de-salvati-copiii\/#primaryimage"},"thumbnailUrl":"https:\/\/buletin.de\/bucuresti\/wp-content\/uploads\/gagc07wvvck.jpg","datePublished":"2023-11-10T04:00:00+00:00","dateModified":"2023-11-10T04:49:45+00:00","breadcrumb":{"@id":"https:\/\/buletin.de\/bucuresti\/bucuresti-ilfov-program-antibullying-in-11-gradinite-cursuri-pentru-educatori-tinute-de-salvati-copiii\/#breadcrumb"},"inLanguage":"en-GB","potentialAction":[{"@type":"ReadAction","target":["https:\/\/buletin.de\/bucuresti\/bucuresti-ilfov-program-antibullying-in-11-gradinite-cursuri-pentru-educatori-tinute-de-salvati-copiii\/"]}]},{"@type":"ImageObject","inLanguage":"en-GB","@id":"https:\/\/buletin.de\/bucuresti\/bucuresti-ilfov-program-antibullying-in-11-gradinite-cursuri-pentru-educatori-tinute-de-salvati-copiii\/#primaryimage","url":"https:\/\/buletin.de\/bucuresti\/wp-content\/uploads\/gagc07wvvck.jpg","contentUrl":"https:\/\/buletin.de\/bucuresti\/wp-content\/uploads\/gagc07wvvck.jpg","width":1600,"height":1105,"caption":"FOTO: unsplash.com"},{"@type":"BreadcrumbList","@id":"https:\/\/buletin.de\/bucuresti\/bucuresti-ilfov-program-antibullying-in-11-gradinite-cursuri-pentru-educatori-tinute-de-salvati-copiii\/#breadcrumb","itemListElement":[{"@type":"ListItem","position":1,"name":"Acas\u0103","item":"https:\/\/buletin.de\/bucuresti\/"},{"@type":"ListItem","position":2,"name":"Doar 2% din gr\u0103dini\u021bele Capitalei au programe antibullying. Program pilot, cu \u201evalize speciale&#8221;, pentru educatori"}]},{"@type":"WebSite","@id":"https:\/\/buletin.de\/bucuresti\/#website","url":"https:\/\/buletin.de\/bucuresti\/","name":"Buletin de Bucure\u0219ti","description":"\u0218tiri \u0219i investiga\u021bii esen\u021biale din capital\u0103","publisher":{"@id":"https:\/\/buletin.de\/bucuresti\/#organization"},"potentialAction":[{"@type":"SearchAction","target":{"@type":"EntryPoint","urlTemplate":"https:\/\/buletin.de\/bucuresti\/?s={search_term_string}"},"query-input":{"@type":"PropertyValueSpecification","valueRequired":true,"valueName":"search_term_string"}}],"inLanguage":"en-GB"},{"@type":"Organization","@id":"https:\/\/buletin.de\/bucuresti\/#organization","name":"Buletin de Bucure\u0219ti","url":"https:\/\/buletin.de\/bucuresti\/","logo":{"@type":"ImageObject","inLanguage":"en-GB","@id":"https:\/\/buletin.de\/bucuresti\/#\/schema\/logo\/image\/","url":"https:\/\/buletin.de\/bucuresti\/wp-content\/uploads\/logo-bdb-full-wide-vernil-transparent.png","contentUrl":"https:\/\/buletin.de\/bucuresti\/wp-content\/uploads\/logo-bdb-full-wide-vernil-transparent.png","width":1782,"height":626,"caption":"Buletin de Bucure\u0219ti"},"image":{"@id":"https:\/\/buletin.de\/bucuresti\/#\/schema\/logo\/image\/"},"sameAs":["https:\/\/www.facebook.com\/buletin.de.buc","https:\/\/www.instagram.com\/buletinde.bucuresti\/"]},{"@type":"Person","@id":"https:\/\/buletin.de\/bucuresti\/#\/schema\/person\/150590659efde715459d159da012f501","name":"Andreea Tudor","image":{"@type":"ImageObject","inLanguage":"en-GB","@id":"https:\/\/secure.gravatar.com\/avatar\/a88705a186ab0b67f3349bcbced506c09e37256fbaad0e7f3bd1a79b4599f589?s=96&d=monsterid&r=g79290610aa1a65c2b86eebc2ca5aee8f","url":"https:\/\/secure.gravatar.com\/avatar\/a88705a186ab0b67f3349bcbced506c09e37256fbaad0e7f3bd1a79b4599f589?s=96&d=monsterid&r=g","contentUrl":"https:\/\/secure.gravatar.com\/avatar\/a88705a186ab0b67f3349bcbced506c09e37256fbaad0e7f3bd1a79b4599f589?s=96&d=monsterid&r=g","caption":"Andreea Tudor"},"description":"N\u0103scut\u0103 \u0219i crescut\u0103 \u00een Bucure\u0219ti, sus\u021bin\u0103toare a presei independente. A\u0219a am ajuns redactor la Buletin de Bucure\u0219ti. Fiind eu, \u00eens\u0103mi, parte a sistemului de \u00eenv\u0103\u021b\u0103m\u00e2nt rom\u00e2nesc \u0219i pasionat\u0103 de domeniul social, pun sub lup\u0103 tot ceea ce se \u00eent\u00e2mpl\u0103 \u00een sfera educa\u021biei. Cred cu t\u0103rie c\u0103 presa \u201epentru cet\u0103\u021beni\u201d este presa independent\u0103. Oamenii au nevoie de o informare corect\u0103 pentru a \u00een\u021belege pe deplin ce se \u00eent\u00e2mpl\u0103 \u00een jurul lor \u0219i pentru a lua ac\u021biune \u00eempotriva nedrept\u0103\u021bilor.","url":"https:\/\/buletin.de\/bucuresti\/author\/andreeatudor\/"}]}},"authors":[{"term_id":22573,"user_id":55,"is_guest":0,"slug":"andreeatudor","display_name":"Andreea Tudor","avatar_url":"https:\/\/secure.gravatar.com\/avatar\/a88705a186ab0b67f3349bcbced506c09e37256fbaad0e7f3bd1a79b4599f589?s=96&d=monsterid&r=g","0":null,"1":"","2":"","3":"","4":"","5":"","6":"","7":"","8":""}],"_links":{"self":[{"href":"https:\/\/buletin.de\/bucuresti\/wp-json\/wp\/v2\/posts\/68513","targetHints":{"allow":["GET"]}}],"collection":[{"href":"https:\/\/buletin.de\/bucuresti\/wp-json\/wp\/v2\/posts"}],"about":[{"href":"https:\/\/buletin.de\/bucuresti\/wp-json\/wp\/v2\/types\/post"}],"author":[{"embeddable":true,"href":"https:\/\/buletin.de\/bucuresti\/wp-json\/wp\/v2\/users\/55"}],"replies":[{"embeddable":true,"href":"https:\/\/buletin.de\/bucuresti\/wp-json\/wp\/v2\/comments?post=68513"}],"version-history":[{"count":10,"href":"https:\/\/buletin.de\/bucuresti\/wp-json\/wp\/v2\/posts\/68513\/revisions"}],"predecessor-version":[{"id":68537,"href":"https:\/\/buletin.de\/bucuresti\/wp-json\/wp\/v2\/posts\/68513\/revisions\/68537"}],"wp:featuredmedia":[{"embeddable":true,"href":"https:\/\/buletin.de\/bucuresti\/wp-json\/wp\/v2\/media\/68534"}],"wp:attachment":[{"href":"https:\/\/buletin.de\/bucuresti\/wp-json\/wp\/v2\/media?parent=68513"}],"wp:term":[{"taxonomy":"category","embeddable":true,"href":"https:\/\/buletin.de\/bucuresti\/wp-json\/wp\/v2\/categories?post=68513"},{"taxonomy":"post_tag","embeddable":true,"href":"https:\/\/buletin.de\/bucuresti\/wp-json\/wp\/v2\/tags?post=68513"},{"taxonomy":"author","embeddable":true,"href":"https:\/\/buletin.de\/bucuresti\/wp-json\/wp\/v2\/ppma_author?post=68513"}],"curies":[{"name":"wp","href":"https:\/\/api.w.org\/{rel}","templated":true}]}}