{"id":68509,"date":"2023-11-09T17:26:01","date_gmt":"2023-11-09T15:26:01","guid":{"rendered":"https:\/\/buletin.de\/bucuresti\/?p=68509"},"modified":"2023-11-09T17:26:01","modified_gmt":"2023-11-09T15:26:01","slug":"agresiune-sexuala-intr-un-autobuz-faptasul-prins-de-politisti-dupa-reclamatia-victimei","status":"publish","type":"post","link":"https:\/\/buletin.de\/bucuresti\/agresiune-sexuala-intr-un-autobuz-faptasul-prins-de-politisti-dupa-reclamatia-victimei\/","title":{"rendered":"Agresiune sexual\u0103 \u00eentr-un autobuz. F\u0103pta\u015ful, prins de poli\u0163i\u015fti dup\u0103 reclama\u0163ia victimei"},"content":{"rendered":"\n<p><strong>Miercuri, 8 noiembrie, poli\u021bi\u0219tii Capitalei au prins un b\u0103rbat \u00een v\u00e2rst\u0103 de 44 de ani care a agresat sexual o femeie \u00een autobuz, pe linia 117, \u00een Sectorul 5, \u00een miezul zilei. B\u0103rbatul este cercetat \u00een momentul de fa\u021b\u0103 pentru <em>ultraj contra bunelor moravuri \u0219i agresiune sexual\u0103.<\/em><\/strong><\/p>\n\n\n\n<p>Apelul c\u0103tre num\u0103rul de urgen\u021be 112 a fost f\u0103cut imediat dup\u0103 ce s-a \u00eent\u00e2mplat fapta, \u00een jurul orei 12:00. La fa\u021ba locului s-a prezentat un echipaj de poli\u021bie care a oprit autobuzul din drumul lui, iar \u00een interiorul acestuia au depistat victima, o femeie de 37 de ani. Agresorul, \u00eens\u0103, cobor\u00e2se din autobuz \u00eenainte de ac\u021biunea poli\u021bi\u0219tilor.<\/p>\n\n\n\n<p>B\u0103rbatul a fost arestat preventiv pentru 24 de ore, urm\u00e2nd s\u0103 fie prezentat magistra\u021bilor cu o propunere legal\u0103, iar cercet\u0103rile sunt continuate de c\u0103tre poli\u021bi\u0219ti din cadrul Sec\u021biei 18, sub supravegherea Parchetului de pe l\u00e2ng\u0103 Judec\u0103toria Sectorului 5, sub aspectul s\u0103v\u00e2r\u0219irii <em>infrac\u021biunilor de ultraj contra bunelor moravuri \u0219i agresiune sexual\u0103.<\/em><\/p>\n\n\n\n<p>Ultrajul contra bunelor moravuri este reglementat de Codul Penal la articolul 375 \u0219i are \u00een vedere:<\/p>\n\n\n\n<p><em>\u201efapta persoanei care, \u00een public, expune sau distribuie f\u0103r\u0103 drept imagini ce prezint\u0103 explicit o activitate sexual\u0103, ori s\u0103v\u00e2r\u015fe\u015fte acte de exhibi\u0163ionism sau alte acte sexuale explicite\u201d<\/em> \u015fi se pedepse\u015fte cu \u00eenchisoare cuprins\u0103 \u00eentre trei luni \u015fi doi ani sau cu amend\u0103.<\/p>\n\n\n\n<p><\/p>\n\n\n\n<p><\/p>\n","protected":false},"excerpt":{"rendered":"<p>Miercuri, 8 noiembrie, poli\u021bi\u0219tii Capitalei au prins un b\u0103rbat \u00een v\u00e2rst\u0103 de 44 de ani care a agresat sexual o femeie \u00een autobuz, pe linia 117, \u00een Sectorul 5, \u00een miezul zilei. B\u0103rbatul este cercetat \u00een momentul de fa\u021b\u0103 pentru ultraj contra bunelor moravuri \u0219i agresiune sexual\u0103. Apelul c\u0103tre num\u0103rul de urgen\u021be 112 a fost [&hellip;]<\/p>\n","protected":false},"author":47,"featured_media":62527,"comment_status":"closed","ping_status":"open","sticky":false,"template":"","format":"standard","meta":{"_acf_changed":false,"inline_featured_image":false,"ngg_post_thumbnail":0,"footnotes":""},"categories":[6994,62],"tags":[3773,563,9,6562,188,402,7389,7730],"ppma_author":[22580],"class_list":["post-68509","post","type-post","status-publish","format-standard","has-post-thumbnail","hentry","category-stiri-2","category-stiri","tag-agresiune-sexuala","tag-autobuz","tag-bucuresti","tag-politia","tag-sector-5","tag-stb","tag-transport-in-comun-2","tag-ultraj-contra-bunelor-moravuri"],"acf":[],"yoast_head":"<!-- This site is optimized with the Yoast SEO Premium plugin v25.3 (Yoast SEO v27.5) - https:\/\/yoast.com\/product\/yoast-seo-premium-wordpress\/ -->\n<title>Agresiune sexual\u0103 \u00eentr-un autobuz. F\u0103pta\u015ful, prins de poli\u0163i\u015fti dup\u0103 reclama\u0163ia victimei - Buletin de Bucure\u0219ti<\/title>\n<meta name=\"robots\" content=\"index, follow, max-snippet:-1, max-image-preview:large, max-video-preview:-1\" \/>\n<link rel=\"canonical\" href=\"https:\/\/buletin.de\/bucuresti\/agresiune-sexuala-intr-un-autobuz-faptasul-prins-de-politisti-dupa-reclamatia-victimei\/\" \/>\n<meta property=\"og:locale\" content=\"en_GB\" \/>\n<meta property=\"og:type\" content=\"article\" \/>\n<meta property=\"og:title\" content=\"Agresiune sexual\u0103 \u00eentr-un autobuz. F\u0103pta\u015ful, prins de poli\u0163i\u015fti dup\u0103 reclama\u0163ia victimei\" \/>\n<meta property=\"og:description\" content=\"Miercuri, 8 noiembrie, poli\u021bi\u0219tii Capitalei au prins un b\u0103rbat \u00een v\u00e2rst\u0103 de 44 de ani care a agresat sexual o femeie \u00een autobuz, pe linia 117, \u00een Sectorul 5, \u00een miezul zilei. B\u0103rbatul este cercetat \u00een momentul de fa\u021b\u0103 pentru ultraj contra bunelor moravuri \u0219i agresiune sexual\u0103. Apelul c\u0103tre num\u0103rul de urgen\u021be 112 a fost [&hellip;]\" \/>\n<meta property=\"og:url\" content=\"https:\/\/buletin.de\/bucuresti\/agresiune-sexuala-intr-un-autobuz-faptasul-prins-de-politisti-dupa-reclamatia-victimei\/\" \/>\n<meta property=\"og:site_name\" content=\"Buletin de Bucure\u0219ti\" \/>\n<meta property=\"article:publisher\" content=\"https:\/\/www.facebook.com\/buletin.de.buc\" \/>\n<meta property=\"article:published_time\" content=\"2023-11-09T15:26:01+00:00\" \/>\n<meta property=\"og:image\" content=\"https:\/\/buletin.de\/bucuresti\/wp-content\/uploads\/autobuz-335_2.jpg\" \/>\n\t<meta property=\"og:image:width\" content=\"1600\" \/>\n\t<meta property=\"og:image:height\" content=\"1200\" \/>\n\t<meta property=\"og:image:type\" content=\"image\/jpeg\" \/>\n<meta name=\"author\" content=\"Adina C\u0103p\u00eelnean\" \/>\n<meta name=\"twitter:card\" content=\"summary_large_image\" \/>\n<meta name=\"twitter:label1\" content=\"Written by\" \/>\n\t<meta name=\"twitter:data1\" content=\"Adina C\u0103p\u00eelnean\" \/>\n\t<meta name=\"twitter:label2\" content=\"Estimated reading time\" \/>\n\t<meta name=\"twitter:data2\" content=\"1 minute\" \/>\n<script type=\"application\/ld+json\" class=\"yoast-schema-graph\">{\"@context\":\"https:\\\/\\\/schema.org\",\"@graph\":[{\"@type\":\"Article\",\"@id\":\"https:\\\/\\\/buletin.de\\\/bucuresti\\\/agresiune-sexuala-intr-un-autobuz-faptasul-prins-de-politisti-dupa-reclamatia-victimei\\\/#article\",\"isPartOf\":{\"@id\":\"https:\\\/\\\/buletin.de\\\/bucuresti\\\/agresiune-sexuala-intr-un-autobuz-faptasul-prins-de-politisti-dupa-reclamatia-victimei\\\/\"},\"author\":{\"name\":\"Adina C\u0103p\u00eelnean\",\"@id\":\"https:\\\/\\\/buletin.de\\\/bucuresti\\\/#\\\/schema\\\/person\\\/ab174cf6711728e4ee83d672acf9a912\"},\"headline\":\"Agresiune sexual\u0103 \u00eentr-un autobuz. F\u0103pta\u015ful, prins de poli\u0163i\u015fti dup\u0103 reclama\u0163ia victimei\",\"datePublished\":\"2023-11-09T15:26:01+00:00\",\"mainEntityOfPage\":{\"@id\":\"https:\\\/\\\/buletin.de\\\/bucuresti\\\/agresiune-sexuala-intr-un-autobuz-faptasul-prins-de-politisti-dupa-reclamatia-victimei\\\/\"},\"wordCount\":254,\"publisher\":{\"@id\":\"https:\\\/\\\/buletin.de\\\/bucuresti\\\/#organization\"},\"image\":{\"@id\":\"https:\\\/\\\/buletin.de\\\/bucuresti\\\/agresiune-sexuala-intr-un-autobuz-faptasul-prins-de-politisti-dupa-reclamatia-victimei\\\/#primaryimage\"},\"thumbnailUrl\":\"https:\\\/\\\/buletin.de\\\/bucuresti\\\/wp-content\\\/uploads\\\/autobuz-335_2.jpg\",\"keywords\":[\"agresiune sexuala\",\"autobuz\",\"bucuresti\",\"politia\",\"Sector 5\",\"stb\",\"transport in comun\",\"ultraj contra bunelor moravuri\"],\"articleSection\":[\"Articole\",\"\u0218tiri\"],\"inLanguage\":\"en-GB\",\"copyrightYear\":\"2023\",\"copyrightHolder\":{\"@id\":\"https:\\\/\\\/buletin.de\\\/bucuresti\\\/#organization\"}},{\"@type\":\"WebPage\",\"@id\":\"https:\\\/\\\/buletin.de\\\/bucuresti\\\/agresiune-sexuala-intr-un-autobuz-faptasul-prins-de-politisti-dupa-reclamatia-victimei\\\/\",\"url\":\"https:\\\/\\\/buletin.de\\\/bucuresti\\\/agresiune-sexuala-intr-un-autobuz-faptasul-prins-de-politisti-dupa-reclamatia-victimei\\\/\",\"name\":\"Agresiune sexual\u0103 \u00eentr-un autobuz. F\u0103pta\u015ful, prins de poli\u0163i\u015fti dup\u0103 reclama\u0163ia victimei - Buletin de Bucure\u0219ti\",\"isPartOf\":{\"@id\":\"https:\\\/\\\/buletin.de\\\/bucuresti\\\/#website\"},\"primaryImageOfPage\":{\"@id\":\"https:\\\/\\\/buletin.de\\\/bucuresti\\\/agresiune-sexuala-intr-un-autobuz-faptasul-prins-de-politisti-dupa-reclamatia-victimei\\\/#primaryimage\"},\"image\":{\"@id\":\"https:\\\/\\\/buletin.de\\\/bucuresti\\\/agresiune-sexuala-intr-un-autobuz-faptasul-prins-de-politisti-dupa-reclamatia-victimei\\\/#primaryimage\"},\"thumbnailUrl\":\"https:\\\/\\\/buletin.de\\\/bucuresti\\\/wp-content\\\/uploads\\\/autobuz-335_2.jpg\",\"datePublished\":\"2023-11-09T15:26:01+00:00\",\"breadcrumb\":{\"@id\":\"https:\\\/\\\/buletin.de\\\/bucuresti\\\/agresiune-sexuala-intr-un-autobuz-faptasul-prins-de-politisti-dupa-reclamatia-victimei\\\/#breadcrumb\"},\"inLanguage\":\"en-GB\",\"potentialAction\":[{\"@type\":\"ReadAction\",\"target\":[\"https:\\\/\\\/buletin.de\\\/bucuresti\\\/agresiune-sexuala-intr-un-autobuz-faptasul-prins-de-politisti-dupa-reclamatia-victimei\\\/\"]}]},{\"@type\":\"ImageObject\",\"inLanguage\":\"en-GB\",\"@id\":\"https:\\\/\\\/buletin.de\\\/bucuresti\\\/agresiune-sexuala-intr-un-autobuz-faptasul-prins-de-politisti-dupa-reclamatia-victimei\\\/#primaryimage\",\"url\":\"https:\\\/\\\/buletin.de\\\/bucuresti\\\/wp-content\\\/uploads\\\/autobuz-335_2.jpg\",\"contentUrl\":\"https:\\\/\\\/buletin.de\\\/bucuresti\\\/wp-content\\\/uploads\\\/autobuz-335_2.jpg\",\"width\":1600,\"height\":1200,\"caption\":\"foto cu caracter ilustrativ\"},{\"@type\":\"BreadcrumbList\",\"@id\":\"https:\\\/\\\/buletin.de\\\/bucuresti\\\/agresiune-sexuala-intr-un-autobuz-faptasul-prins-de-politisti-dupa-reclamatia-victimei\\\/#breadcrumb\",\"itemListElement\":[{\"@type\":\"ListItem\",\"position\":1,\"name\":\"Acas\u0103\",\"item\":\"https:\\\/\\\/buletin.de\\\/bucuresti\\\/\"},{\"@type\":\"ListItem\",\"position\":2,\"name\":\"Agresiune sexual\u0103 \u00eentr-un autobuz. F\u0103pta\u015ful, prins de poli\u0163i\u015fti dup\u0103 reclama\u0163ia victimei\"}]},{\"@type\":\"WebSite\",\"@id\":\"https:\\\/\\\/buletin.de\\\/bucuresti\\\/#website\",\"url\":\"https:\\\/\\\/buletin.de\\\/bucuresti\\\/\",\"name\":\"Buletin de Bucure\u0219ti\",\"description\":\"\u0218tiri \u0219i investiga\u021bii esen\u021biale din capital\u0103\",\"publisher\":{\"@id\":\"https:\\\/\\\/buletin.de\\\/bucuresti\\\/#organization\"},\"potentialAction\":[{\"@type\":\"SearchAction\",\"target\":{\"@type\":\"EntryPoint\",\"urlTemplate\":\"https:\\\/\\\/buletin.de\\\/bucuresti\\\/?s={search_term_string}\"},\"query-input\":{\"@type\":\"PropertyValueSpecification\",\"valueRequired\":true,\"valueName\":\"search_term_string\"}}],\"inLanguage\":\"en-GB\"},{\"@type\":\"Organization\",\"@id\":\"https:\\\/\\\/buletin.de\\\/bucuresti\\\/#organization\",\"name\":\"Buletin de Bucure\u0219ti\",\"url\":\"https:\\\/\\\/buletin.de\\\/bucuresti\\\/\",\"logo\":{\"@type\":\"ImageObject\",\"inLanguage\":\"en-GB\",\"@id\":\"https:\\\/\\\/buletin.de\\\/bucuresti\\\/#\\\/schema\\\/logo\\\/image\\\/\",\"url\":\"https:\\\/\\\/buletin.de\\\/bucuresti\\\/wp-content\\\/uploads\\\/logo-bdb-full-wide-vernil-transparent.png\",\"contentUrl\":\"https:\\\/\\\/buletin.de\\\/bucuresti\\\/wp-content\\\/uploads\\\/logo-bdb-full-wide-vernil-transparent.png\",\"width\":1782,\"height\":626,\"caption\":\"Buletin de Bucure\u0219ti\"},\"image\":{\"@id\":\"https:\\\/\\\/buletin.de\\\/bucuresti\\\/#\\\/schema\\\/logo\\\/image\\\/\"},\"sameAs\":[\"https:\\\/\\\/www.facebook.com\\\/buletin.de.buc\",\"https:\\\/\\\/www.instagram.com\\\/buletinde.bucuresti\\\/\"]},{\"@type\":\"Person\",\"@id\":\"https:\\\/\\\/buletin.de\\\/bucuresti\\\/#\\\/schema\\\/person\\\/ab174cf6711728e4ee83d672acf9a912\",\"name\":\"Adina C\u0103p\u00eelnean\",\"image\":{\"@type\":\"ImageObject\",\"inLanguage\":\"en-GB\",\"@id\":\"https:\\\/\\\/secure.gravatar.com\\\/avatar\\\/4fe9675d6282fd7c1aa4e486a037d532d5728fc16a30360f293eb6126b2e73ad?s=96&d=monsterid&r=ge2b23868508aec3460d3c6a11d3b599a\",\"url\":\"https:\\\/\\\/secure.gravatar.com\\\/avatar\\\/4fe9675d6282fd7c1aa4e486a037d532d5728fc16a30360f293eb6126b2e73ad?s=96&d=monsterid&r=g\",\"contentUrl\":\"https:\\\/\\\/secure.gravatar.com\\\/avatar\\\/4fe9675d6282fd7c1aa4e486a037d532d5728fc16a30360f293eb6126b2e73ad?s=96&d=monsterid&r=g\",\"caption\":\"Adina C\u0103p\u00eelnean\"},\"url\":\"https:\\\/\\\/buletin.de\\\/bucuresti\\\/author\\\/adinacapilnean\\\/\"}]}<\/script>\n<!-- \/ Yoast SEO Premium plugin. -->","yoast_head_json":{"title":"Agresiune sexual\u0103 \u00eentr-un autobuz. F\u0103pta\u015ful, prins de poli\u0163i\u015fti dup\u0103 reclama\u0163ia victimei - Buletin de Bucure\u0219ti","robots":{"index":"index","follow":"follow","max-snippet":"max-snippet:-1","max-image-preview":"max-image-preview:large","max-video-preview":"max-video-preview:-1"},"canonical":"https:\/\/buletin.de\/bucuresti\/agresiune-sexuala-intr-un-autobuz-faptasul-prins-de-politisti-dupa-reclamatia-victimei\/","og_locale":"en_GB","og_type":"article","og_title":"Agresiune sexual\u0103 \u00eentr-un autobuz. F\u0103pta\u015ful, prins de poli\u0163i\u015fti dup\u0103 reclama\u0163ia victimei","og_description":"Miercuri, 8 noiembrie, poli\u021bi\u0219tii Capitalei au prins un b\u0103rbat \u00een v\u00e2rst\u0103 de 44 de ani care a agresat sexual o femeie \u00een autobuz, pe linia 117, \u00een Sectorul 5, \u00een miezul zilei. B\u0103rbatul este cercetat \u00een momentul de fa\u021b\u0103 pentru ultraj contra bunelor moravuri \u0219i agresiune sexual\u0103. Apelul c\u0103tre num\u0103rul de urgen\u021be 112 a fost [&hellip;]","og_url":"https:\/\/buletin.de\/bucuresti\/agresiune-sexuala-intr-un-autobuz-faptasul-prins-de-politisti-dupa-reclamatia-victimei\/","og_site_name":"Buletin de Bucure\u0219ti","article_publisher":"https:\/\/www.facebook.com\/buletin.de.buc","article_published_time":"2023-11-09T15:26:01+00:00","og_image":[{"width":1600,"height":1200,"url":"https:\/\/buletin.de\/bucuresti\/wp-content\/uploads\/autobuz-335_2.jpg","type":"image\/jpeg"}],"author":"Adina C\u0103p\u00eelnean","twitter_card":"summary_large_image","twitter_misc":{"Written by":"Adina C\u0103p\u00eelnean","Estimated reading time":"1 minute"},"schema":{"@context":"https:\/\/schema.org","@graph":[{"@type":"Article","@id":"https:\/\/buletin.de\/bucuresti\/agresiune-sexuala-intr-un-autobuz-faptasul-prins-de-politisti-dupa-reclamatia-victimei\/#article","isPartOf":{"@id":"https:\/\/buletin.de\/bucuresti\/agresiune-sexuala-intr-un-autobuz-faptasul-prins-de-politisti-dupa-reclamatia-victimei\/"},"author":{"name":"Adina C\u0103p\u00eelnean","@id":"https:\/\/buletin.de\/bucuresti\/#\/schema\/person\/ab174cf6711728e4ee83d672acf9a912"},"headline":"Agresiune sexual\u0103 \u00eentr-un autobuz. F\u0103pta\u015ful, prins de poli\u0163i\u015fti dup\u0103 reclama\u0163ia victimei","datePublished":"2023-11-09T15:26:01+00:00","mainEntityOfPage":{"@id":"https:\/\/buletin.de\/bucuresti\/agresiune-sexuala-intr-un-autobuz-faptasul-prins-de-politisti-dupa-reclamatia-victimei\/"},"wordCount":254,"publisher":{"@id":"https:\/\/buletin.de\/bucuresti\/#organization"},"image":{"@id":"https:\/\/buletin.de\/bucuresti\/agresiune-sexuala-intr-un-autobuz-faptasul-prins-de-politisti-dupa-reclamatia-victimei\/#primaryimage"},"thumbnailUrl":"https:\/\/buletin.de\/bucuresti\/wp-content\/uploads\/autobuz-335_2.jpg","keywords":["agresiune sexuala","autobuz","bucuresti","politia","Sector 5","stb","transport in comun","ultraj contra bunelor moravuri"],"articleSection":["Articole","\u0218tiri"],"inLanguage":"en-GB","copyrightYear":"2023","copyrightHolder":{"@id":"https:\/\/buletin.de\/bucuresti\/#organization"}},{"@type":"WebPage","@id":"https:\/\/buletin.de\/bucuresti\/agresiune-sexuala-intr-un-autobuz-faptasul-prins-de-politisti-dupa-reclamatia-victimei\/","url":"https:\/\/buletin.de\/bucuresti\/agresiune-sexuala-intr-un-autobuz-faptasul-prins-de-politisti-dupa-reclamatia-victimei\/","name":"Agresiune sexual\u0103 \u00eentr-un autobuz. F\u0103pta\u015ful, prins de poli\u0163i\u015fti dup\u0103 reclama\u0163ia victimei - Buletin de Bucure\u0219ti","isPartOf":{"@id":"https:\/\/buletin.de\/bucuresti\/#website"},"primaryImageOfPage":{"@id":"https:\/\/buletin.de\/bucuresti\/agresiune-sexuala-intr-un-autobuz-faptasul-prins-de-politisti-dupa-reclamatia-victimei\/#primaryimage"},"image":{"@id":"https:\/\/buletin.de\/bucuresti\/agresiune-sexuala-intr-un-autobuz-faptasul-prins-de-politisti-dupa-reclamatia-victimei\/#primaryimage"},"thumbnailUrl":"https:\/\/buletin.de\/bucuresti\/wp-content\/uploads\/autobuz-335_2.jpg","datePublished":"2023-11-09T15:26:01+00:00","breadcrumb":{"@id":"https:\/\/buletin.de\/bucuresti\/agresiune-sexuala-intr-un-autobuz-faptasul-prins-de-politisti-dupa-reclamatia-victimei\/#breadcrumb"},"inLanguage":"en-GB","potentialAction":[{"@type":"ReadAction","target":["https:\/\/buletin.de\/bucuresti\/agresiune-sexuala-intr-un-autobuz-faptasul-prins-de-politisti-dupa-reclamatia-victimei\/"]}]},{"@type":"ImageObject","inLanguage":"en-GB","@id":"https:\/\/buletin.de\/bucuresti\/agresiune-sexuala-intr-un-autobuz-faptasul-prins-de-politisti-dupa-reclamatia-victimei\/#primaryimage","url":"https:\/\/buletin.de\/bucuresti\/wp-content\/uploads\/autobuz-335_2.jpg","contentUrl":"https:\/\/buletin.de\/bucuresti\/wp-content\/uploads\/autobuz-335_2.jpg","width":1600,"height":1200,"caption":"foto cu caracter ilustrativ"},{"@type":"BreadcrumbList","@id":"https:\/\/buletin.de\/bucuresti\/agresiune-sexuala-intr-un-autobuz-faptasul-prins-de-politisti-dupa-reclamatia-victimei\/#breadcrumb","itemListElement":[{"@type":"ListItem","position":1,"name":"Acas\u0103","item":"https:\/\/buletin.de\/bucuresti\/"},{"@type":"ListItem","position":2,"name":"Agresiune sexual\u0103 \u00eentr-un autobuz. F\u0103pta\u015ful, prins de poli\u0163i\u015fti dup\u0103 reclama\u0163ia victimei"}]},{"@type":"WebSite","@id":"https:\/\/buletin.de\/bucuresti\/#website","url":"https:\/\/buletin.de\/bucuresti\/","name":"Buletin de Bucure\u0219ti","description":"\u0218tiri \u0219i investiga\u021bii esen\u021biale din capital\u0103","publisher":{"@id":"https:\/\/buletin.de\/bucuresti\/#organization"},"potentialAction":[{"@type":"SearchAction","target":{"@type":"EntryPoint","urlTemplate":"https:\/\/buletin.de\/bucuresti\/?s={search_term_string}"},"query-input":{"@type":"PropertyValueSpecification","valueRequired":true,"valueName":"search_term_string"}}],"inLanguage":"en-GB"},{"@type":"Organization","@id":"https:\/\/buletin.de\/bucuresti\/#organization","name":"Buletin de Bucure\u0219ti","url":"https:\/\/buletin.de\/bucuresti\/","logo":{"@type":"ImageObject","inLanguage":"en-GB","@id":"https:\/\/buletin.de\/bucuresti\/#\/schema\/logo\/image\/","url":"https:\/\/buletin.de\/bucuresti\/wp-content\/uploads\/logo-bdb-full-wide-vernil-transparent.png","contentUrl":"https:\/\/buletin.de\/bucuresti\/wp-content\/uploads\/logo-bdb-full-wide-vernil-transparent.png","width":1782,"height":626,"caption":"Buletin de Bucure\u0219ti"},"image":{"@id":"https:\/\/buletin.de\/bucuresti\/#\/schema\/logo\/image\/"},"sameAs":["https:\/\/www.facebook.com\/buletin.de.buc","https:\/\/www.instagram.com\/buletinde.bucuresti\/"]},{"@type":"Person","@id":"https:\/\/buletin.de\/bucuresti\/#\/schema\/person\/ab174cf6711728e4ee83d672acf9a912","name":"Adina C\u0103p\u00eelnean","image":{"@type":"ImageObject","inLanguage":"en-GB","@id":"https:\/\/secure.gravatar.com\/avatar\/4fe9675d6282fd7c1aa4e486a037d532d5728fc16a30360f293eb6126b2e73ad?s=96&d=monsterid&r=ge2b23868508aec3460d3c6a11d3b599a","url":"https:\/\/secure.gravatar.com\/avatar\/4fe9675d6282fd7c1aa4e486a037d532d5728fc16a30360f293eb6126b2e73ad?s=96&d=monsterid&r=g","contentUrl":"https:\/\/secure.gravatar.com\/avatar\/4fe9675d6282fd7c1aa4e486a037d532d5728fc16a30360f293eb6126b2e73ad?s=96&d=monsterid&r=g","caption":"Adina C\u0103p\u00eelnean"},"url":"https:\/\/buletin.de\/bucuresti\/author\/adinacapilnean\/"}]}},"authors":[{"term_id":22580,"user_id":47,"is_guest":0,"slug":"adinacapilnean","display_name":"Adina C\u0103p\u00eelnean","avatar_url":"https:\/\/secure.gravatar.com\/avatar\/4fe9675d6282fd7c1aa4e486a037d532d5728fc16a30360f293eb6126b2e73ad?s=96&d=monsterid&r=g","0":null,"1":"","2":"","3":"","4":"","5":"","6":"","7":"","8":""}],"_links":{"self":[{"href":"https:\/\/buletin.de\/bucuresti\/wp-json\/wp\/v2\/posts\/68509","targetHints":{"allow":["GET"]}}],"collection":[{"href":"https:\/\/buletin.de\/bucuresti\/wp-json\/wp\/v2\/posts"}],"about":[{"href":"https:\/\/buletin.de\/bucuresti\/wp-json\/wp\/v2\/types\/post"}],"author":[{"embeddable":true,"href":"https:\/\/buletin.de\/bucuresti\/wp-json\/wp\/v2\/users\/47"}],"replies":[{"embeddable":true,"href":"https:\/\/buletin.de\/bucuresti\/wp-json\/wp\/v2\/comments?post=68509"}],"version-history":[{"count":3,"href":"https:\/\/buletin.de\/bucuresti\/wp-json\/wp\/v2\/posts\/68509\/revisions"}],"predecessor-version":[{"id":68514,"href":"https:\/\/buletin.de\/bucuresti\/wp-json\/wp\/v2\/posts\/68509\/revisions\/68514"}],"wp:featuredmedia":[{"embeddable":true,"href":"https:\/\/buletin.de\/bucuresti\/wp-json\/wp\/v2\/media\/62527"}],"wp:attachment":[{"href":"https:\/\/buletin.de\/bucuresti\/wp-json\/wp\/v2\/media?parent=68509"}],"wp:term":[{"taxonomy":"category","embeddable":true,"href":"https:\/\/buletin.de\/bucuresti\/wp-json\/wp\/v2\/categories?post=68509"},{"taxonomy":"post_tag","embeddable":true,"href":"https:\/\/buletin.de\/bucuresti\/wp-json\/wp\/v2\/tags?post=68509"},{"taxonomy":"author","embeddable":true,"href":"https:\/\/buletin.de\/bucuresti\/wp-json\/wp\/v2\/ppma_author?post=68509"}],"curies":[{"name":"wp","href":"https:\/\/api.w.org\/{rel}","templated":true}]}}