{"id":68494,"date":"2023-11-09T14:25:37","date_gmt":"2023-11-09T12:25:37","guid":{"rendered":"https:\/\/buletin.de\/bucuresti\/?p=68494"},"modified":"2023-11-09T14:25:37","modified_gmt":"2023-11-09T12:25:37","slug":"sindicalistii-de-la-metrou-ameninta-cu-proteste-lider-de-sindicat-nu-mai-primim-nici-macar-bonuri-de-masa","status":"publish","type":"post","link":"https:\/\/buletin.de\/bucuresti\/sindicalistii-de-la-metrou-ameninta-cu-proteste-lider-de-sindicat-nu-mai-primim-nici-macar-bonuri-de-masa\/","title":{"rendered":"Sindicali\u015ftii de la metrou amenin\u0163\u0103 cu proteste. Lider de sindicat: \u201eNu mai primim nici m\u0103car bonuri de mas\u0103\u201d"},"content":{"rendered":"\n<p><strong>Revolu\u0163ia fiscal\u0103 anun\u0163at\u0103 de Guvernul Ciolacu \u00eei scoate \u00een strad\u0103 pe sindicali\u015ftii Metrorex care, <a href=\"https:\/\/www.gandul.ro\/actualitate\/exclusiv-angajatii-de-le-metrorex-ameninta-cu-oprirea-metroului-marian-artimon-lider-de-sindicat-nu-mai-primim-nici-macar-bonuri-de-masa-20089563\">potrivit G\u00e2ndul<\/a>, amenin\u0163\u0103 cu un protest, \u00een fa\u0163a Palatului Victoria, pe data de 13 noiembrie. Angaja\u0163ii sunt nemul\u0163umi\u0163i c\u0103, din cauza legii de austeritate, nu mai primesc anumite prime \u015fi nici bonuri de mas\u0103. <\/strong><\/p>\n\n\n\n<p>Legea 296\/2023 prevede c\u0103 angaja\u0163ii companiilor de stat care au datorii c\u0103tre furnizori (cum este \u015fi cazul Metrorex) nu mai pot lua prime. Asta i-ar viza inclusiv pe angaja\u021bii de la metrou.<\/p>\n\n\n\n<p>\u201e<em>\u00cen primul r\u00e2nd, aceast\u0103 lege \u00eencalc\u0103 fundamental alte patru legi: Codul Muncii, pe urm\u0103 Codul Fiscal, care prevede anumite drepturi pentru to\u021bi angaja\u021bii din Rom\u00e2nia. Apoi, se \u00eencalc\u0103 Legea Dialogului Social \u0219i, totodat\u0103, exist\u0103 Legea privind Statutul Personalului Feroviar, care prevede drepturi pentru salaria\u021bi, drepturi pe care aceast\u0103 Lege 296 nu le permite a mai fi acordate. A\u0219adar, eu nu \u0219tiu cum aceast\u0103 lege a trecut de Curtea Constitu\u021bional\u0103, pentru c\u0103 este profund ilegal\u0103<\/em>\u201d, <a href=\"https:\/\/www.gandul.ro\/actualitate\/exclusiv-angajatii-de-le-metrorex-ameninta-cu-oprirea-metroului-marian-artimon-lider-de-sindicat-nu-mai-primim-nici-macar-bonuri-de-masa-20089563\">a declarat pentru G\u00e2ndul <\/a>Marian Artimon, lider de sindicat al Metrorex.<\/p>\n\n\n\n<p>Liderul de sindicat a spus c\u0103 a cerut Guvernului, prin memorandum, ca angaja\u0163ii Metrorex s\u0103 fie excepta\u0163i de la aplicarea acestei legi. Potrivit lui, angaja\u0163ii au pierdut deja \u00een jur de 3000 de lei. Drept urmare, a anun\u0163at c\u0103 a cerut Prim\u0103riei Bucure\u015ftiului \u015fi Jandarmeriei o autoriza\u0163ie de protest pentru data de 13. Se poate ajunge p\u00e2n\u0103 la oprirea activit\u0103\u0163ii, dac\u0103 nu se rezolv\u0103 aceste probleme, a mai ad\u0103ugat el. <\/p>\n","protected":false},"excerpt":{"rendered":"<p>Revolu\u0163ia fiscal\u0103 anun\u0163at\u0103 de Guvernul Ciolacu \u00eei scoate \u00een strad\u0103 pe sindicali\u015ftii Metrorex care, potrivit G\u00e2ndul, amenin\u0163\u0103 cu un protest, \u00een fa\u0163a Palatului Victoria, pe data de 13 noiembrie. Angaja\u0163ii sunt nemul\u0163umi\u0163i c\u0103, din cauza legii de austeritate, nu mai primesc anumite prime \u015fi nici bonuri de mas\u0103. Legea 296\/2023 prevede c\u0103 angaja\u0163ii companiilor de [&hellip;]<\/p>\n","protected":false},"author":8,"featured_media":8265,"comment_status":"closed","ping_status":"open","sticky":false,"template":"","format":"standard","meta":{"_acf_changed":false,"inline_featured_image":false,"ngg_post_thumbnail":0,"footnotes":""},"categories":[6994,5762,650],"tags":[2702,7728,377,7729],"ppma_author":[22586],"class_list":["post-68494","post","type-post","status-publish","format-standard","has-post-thumbnail","hentry","category-stiri-2","category-main","category-transport","tag-artimon","tag-greva-metrou","tag-metrorex","tag-protest-sindicat-metrou"],"acf":[],"yoast_head":"<!-- This site is optimized with the Yoast SEO Premium plugin v25.3 (Yoast SEO v27.4) - https:\/\/yoast.com\/product\/yoast-seo-premium-wordpress\/ -->\n<title>Sindicali\u015ftii de la metrou amenin\u0163\u0103 cu proteste. Lider de sindicat: \u201eNu mai primim nici m\u0103car bonuri de mas\u0103\u201d - Buletin de Bucure\u0219ti<\/title>\n<meta name=\"robots\" content=\"index, follow, max-snippet:-1, max-image-preview:large, max-video-preview:-1\" \/>\n<link rel=\"canonical\" href=\"https:\/\/buletin.de\/bucuresti\/sindicalistii-de-la-metrou-ameninta-cu-proteste-lider-de-sindicat-nu-mai-primim-nici-macar-bonuri-de-masa\/\" \/>\n<meta property=\"og:locale\" content=\"en_GB\" \/>\n<meta property=\"og:type\" content=\"article\" \/>\n<meta property=\"og:title\" content=\"Sindicali\u015ftii de la metrou amenin\u0163\u0103 cu proteste. Lider de sindicat: \u201eNu mai primim nici m\u0103car bonuri de mas\u0103\u201d\" \/>\n<meta property=\"og:description\" content=\"Revolu\u0163ia fiscal\u0103 anun\u0163at\u0103 de Guvernul Ciolacu \u00eei scoate \u00een strad\u0103 pe sindicali\u015ftii Metrorex care, potrivit G\u00e2ndul, amenin\u0163\u0103 cu un protest, \u00een fa\u0163a Palatului Victoria, pe data de 13 noiembrie. Angaja\u0163ii sunt nemul\u0163umi\u0163i c\u0103, din cauza legii de austeritate, nu mai primesc anumite prime \u015fi nici bonuri de mas\u0103. Legea 296\/2023 prevede c\u0103 angaja\u0163ii companiilor de [&hellip;]\" \/>\n<meta property=\"og:url\" content=\"https:\/\/buletin.de\/bucuresti\/sindicalistii-de-la-metrou-ameninta-cu-proteste-lider-de-sindicat-nu-mai-primim-nici-macar-bonuri-de-masa\/\" \/>\n<meta property=\"og:site_name\" content=\"Buletin de Bucure\u0219ti\" \/>\n<meta property=\"article:publisher\" content=\"https:\/\/www.facebook.com\/buletin.de.buc\" \/>\n<meta property=\"article:published_time\" content=\"2023-11-09T12:25:37+00:00\" \/>\n<meta property=\"og:image\" content=\"https:\/\/buletin.de\/bucuresti\/wp-content\/uploads\/metrorex-4.jpg\" \/>\n\t<meta property=\"og:image:width\" content=\"1020\" \/>\n\t<meta property=\"og:image:height\" content=\"680\" \/>\n\t<meta property=\"og:image:type\" content=\"image\/jpeg\" \/>\n<meta name=\"author\" content=\"Ionu\u021b Lepa\" \/>\n<meta name=\"twitter:card\" content=\"summary_large_image\" \/>\n<meta name=\"twitter:label1\" content=\"Written by\" \/>\n\t<meta name=\"twitter:data1\" content=\"Ionu\u021b Lepa\" \/>\n\t<meta name=\"twitter:label2\" content=\"Estimated reading time\" \/>\n\t<meta name=\"twitter:data2\" content=\"1 minute\" \/>\n<script type=\"application\/ld+json\" class=\"yoast-schema-graph\">{\"@context\":\"https:\\\/\\\/schema.org\",\"@graph\":[{\"@type\":\"Article\",\"@id\":\"https:\\\/\\\/buletin.de\\\/bucuresti\\\/sindicalistii-de-la-metrou-ameninta-cu-proteste-lider-de-sindicat-nu-mai-primim-nici-macar-bonuri-de-masa\\\/#article\",\"isPartOf\":{\"@id\":\"https:\\\/\\\/buletin.de\\\/bucuresti\\\/sindicalistii-de-la-metrou-ameninta-cu-proteste-lider-de-sindicat-nu-mai-primim-nici-macar-bonuri-de-masa\\\/\"},\"author\":{\"name\":\"Ionu\u021b Lepa\",\"@id\":\"https:\\\/\\\/buletin.de\\\/bucuresti\\\/#\\\/schema\\\/person\\\/5272b8a057b33890940b57b837fc4ce6\"},\"headline\":\"Sindicali\u015ftii de la metrou amenin\u0163\u0103 cu proteste. Lider de sindicat: \u201eNu mai primim nici m\u0103car bonuri de mas\u0103\u201d\",\"datePublished\":\"2023-11-09T12:25:37+00:00\",\"mainEntityOfPage\":{\"@id\":\"https:\\\/\\\/buletin.de\\\/bucuresti\\\/sindicalistii-de-la-metrou-ameninta-cu-proteste-lider-de-sindicat-nu-mai-primim-nici-macar-bonuri-de-masa\\\/\"},\"wordCount\":279,\"publisher\":{\"@id\":\"https:\\\/\\\/buletin.de\\\/bucuresti\\\/#organization\"},\"image\":{\"@id\":\"https:\\\/\\\/buletin.de\\\/bucuresti\\\/sindicalistii-de-la-metrou-ameninta-cu-proteste-lider-de-sindicat-nu-mai-primim-nici-macar-bonuri-de-masa\\\/#primaryimage\"},\"thumbnailUrl\":\"https:\\\/\\\/buletin.de\\\/bucuresti\\\/wp-content\\\/uploads\\\/metrorex-4.jpg\",\"keywords\":[\"artimon\",\"greva metrou\",\"metrorex\",\"protest sindicat metrou\"],\"articleSection\":[\"Articole\",\"Main\",\"Transport\"],\"inLanguage\":\"en-GB\",\"copyrightYear\":\"2023\",\"copyrightHolder\":{\"@id\":\"https:\\\/\\\/buletin.de\\\/bucuresti\\\/#organization\"}},{\"@type\":\"WebPage\",\"@id\":\"https:\\\/\\\/buletin.de\\\/bucuresti\\\/sindicalistii-de-la-metrou-ameninta-cu-proteste-lider-de-sindicat-nu-mai-primim-nici-macar-bonuri-de-masa\\\/\",\"url\":\"https:\\\/\\\/buletin.de\\\/bucuresti\\\/sindicalistii-de-la-metrou-ameninta-cu-proteste-lider-de-sindicat-nu-mai-primim-nici-macar-bonuri-de-masa\\\/\",\"name\":\"Sindicali\u015ftii de la metrou amenin\u0163\u0103 cu proteste. Lider de sindicat: \u201eNu mai primim nici m\u0103car bonuri de mas\u0103\u201d - Buletin de Bucure\u0219ti\",\"isPartOf\":{\"@id\":\"https:\\\/\\\/buletin.de\\\/bucuresti\\\/#website\"},\"primaryImageOfPage\":{\"@id\":\"https:\\\/\\\/buletin.de\\\/bucuresti\\\/sindicalistii-de-la-metrou-ameninta-cu-proteste-lider-de-sindicat-nu-mai-primim-nici-macar-bonuri-de-masa\\\/#primaryimage\"},\"image\":{\"@id\":\"https:\\\/\\\/buletin.de\\\/bucuresti\\\/sindicalistii-de-la-metrou-ameninta-cu-proteste-lider-de-sindicat-nu-mai-primim-nici-macar-bonuri-de-masa\\\/#primaryimage\"},\"thumbnailUrl\":\"https:\\\/\\\/buletin.de\\\/bucuresti\\\/wp-content\\\/uploads\\\/metrorex-4.jpg\",\"datePublished\":\"2023-11-09T12:25:37+00:00\",\"breadcrumb\":{\"@id\":\"https:\\\/\\\/buletin.de\\\/bucuresti\\\/sindicalistii-de-la-metrou-ameninta-cu-proteste-lider-de-sindicat-nu-mai-primim-nici-macar-bonuri-de-masa\\\/#breadcrumb\"},\"inLanguage\":\"en-GB\",\"potentialAction\":[{\"@type\":\"ReadAction\",\"target\":[\"https:\\\/\\\/buletin.de\\\/bucuresti\\\/sindicalistii-de-la-metrou-ameninta-cu-proteste-lider-de-sindicat-nu-mai-primim-nici-macar-bonuri-de-masa\\\/\"]}]},{\"@type\":\"ImageObject\",\"inLanguage\":\"en-GB\",\"@id\":\"https:\\\/\\\/buletin.de\\\/bucuresti\\\/sindicalistii-de-la-metrou-ameninta-cu-proteste-lider-de-sindicat-nu-mai-primim-nici-macar-bonuri-de-masa\\\/#primaryimage\",\"url\":\"https:\\\/\\\/buletin.de\\\/bucuresti\\\/wp-content\\\/uploads\\\/metrorex-4.jpg\",\"contentUrl\":\"https:\\\/\\\/buletin.de\\\/bucuresti\\\/wp-content\\\/uploads\\\/metrorex-4.jpg\",\"width\":1020,\"height\":680},{\"@type\":\"BreadcrumbList\",\"@id\":\"https:\\\/\\\/buletin.de\\\/bucuresti\\\/sindicalistii-de-la-metrou-ameninta-cu-proteste-lider-de-sindicat-nu-mai-primim-nici-macar-bonuri-de-masa\\\/#breadcrumb\",\"itemListElement\":[{\"@type\":\"ListItem\",\"position\":1,\"name\":\"Acas\u0103\",\"item\":\"https:\\\/\\\/buletin.de\\\/bucuresti\\\/\"},{\"@type\":\"ListItem\",\"position\":2,\"name\":\"Sindicali\u015ftii de la metrou amenin\u0163\u0103 cu proteste. Lider de sindicat: \u201eNu mai primim nici m\u0103car bonuri de mas\u0103\u201d\"}]},{\"@type\":\"WebSite\",\"@id\":\"https:\\\/\\\/buletin.de\\\/bucuresti\\\/#website\",\"url\":\"https:\\\/\\\/buletin.de\\\/bucuresti\\\/\",\"name\":\"Buletin de Bucure\u0219ti\",\"description\":\"\u0218tiri \u0219i investiga\u021bii esen\u021biale din capital\u0103\",\"publisher\":{\"@id\":\"https:\\\/\\\/buletin.de\\\/bucuresti\\\/#organization\"},\"potentialAction\":[{\"@type\":\"SearchAction\",\"target\":{\"@type\":\"EntryPoint\",\"urlTemplate\":\"https:\\\/\\\/buletin.de\\\/bucuresti\\\/?s={search_term_string}\"},\"query-input\":{\"@type\":\"PropertyValueSpecification\",\"valueRequired\":true,\"valueName\":\"search_term_string\"}}],\"inLanguage\":\"en-GB\"},{\"@type\":\"Organization\",\"@id\":\"https:\\\/\\\/buletin.de\\\/bucuresti\\\/#organization\",\"name\":\"Buletin de Bucure\u0219ti\",\"url\":\"https:\\\/\\\/buletin.de\\\/bucuresti\\\/\",\"logo\":{\"@type\":\"ImageObject\",\"inLanguage\":\"en-GB\",\"@id\":\"https:\\\/\\\/buletin.de\\\/bucuresti\\\/#\\\/schema\\\/logo\\\/image\\\/\",\"url\":\"https:\\\/\\\/buletin.de\\\/bucuresti\\\/wp-content\\\/uploads\\\/logo-bdb-full-wide-vernil-transparent.png\",\"contentUrl\":\"https:\\\/\\\/buletin.de\\\/bucuresti\\\/wp-content\\\/uploads\\\/logo-bdb-full-wide-vernil-transparent.png\",\"width\":1782,\"height\":626,\"caption\":\"Buletin de Bucure\u0219ti\"},\"image\":{\"@id\":\"https:\\\/\\\/buletin.de\\\/bucuresti\\\/#\\\/schema\\\/logo\\\/image\\\/\"},\"sameAs\":[\"https:\\\/\\\/www.facebook.com\\\/buletin.de.buc\",\"https:\\\/\\\/www.instagram.com\\\/buletinde.bucuresti\\\/\"]},{\"@type\":\"Person\",\"@id\":\"https:\\\/\\\/buletin.de\\\/bucuresti\\\/#\\\/schema\\\/person\\\/5272b8a057b33890940b57b837fc4ce6\",\"name\":\"Ionu\u021b Lepa\",\"image\":{\"@type\":\"ImageObject\",\"inLanguage\":\"en-GB\",\"@id\":\"https:\\\/\\\/buletin.de\\\/bucuresti\\\/wp-content\\\/uploads\\\/Ionut-Lepa-96x96.jpg5c4e4d9e049808799a8821652d2410a4\",\"url\":\"https:\\\/\\\/buletin.de\\\/bucuresti\\\/wp-content\\\/uploads\\\/Ionut-Lepa-96x96.jpg\",\"contentUrl\":\"https:\\\/\\\/buletin.de\\\/bucuresti\\\/wp-content\\\/uploads\\\/Ionut-Lepa-96x96.jpg\",\"caption\":\"Ionu\u021b Lepa\"},\"url\":\"https:\\\/\\\/buletin.de\\\/bucuresti\\\/author\\\/ionutlepa\\\/\"}]}<\/script>\n<!-- \/ Yoast SEO Premium plugin. -->","yoast_head_json":{"title":"Sindicali\u015ftii de la metrou amenin\u0163\u0103 cu proteste. Lider de sindicat: \u201eNu mai primim nici m\u0103car bonuri de mas\u0103\u201d - Buletin de Bucure\u0219ti","robots":{"index":"index","follow":"follow","max-snippet":"max-snippet:-1","max-image-preview":"max-image-preview:large","max-video-preview":"max-video-preview:-1"},"canonical":"https:\/\/buletin.de\/bucuresti\/sindicalistii-de-la-metrou-ameninta-cu-proteste-lider-de-sindicat-nu-mai-primim-nici-macar-bonuri-de-masa\/","og_locale":"en_GB","og_type":"article","og_title":"Sindicali\u015ftii de la metrou amenin\u0163\u0103 cu proteste. Lider de sindicat: \u201eNu mai primim nici m\u0103car bonuri de mas\u0103\u201d","og_description":"Revolu\u0163ia fiscal\u0103 anun\u0163at\u0103 de Guvernul Ciolacu \u00eei scoate \u00een strad\u0103 pe sindicali\u015ftii Metrorex care, potrivit G\u00e2ndul, amenin\u0163\u0103 cu un protest, \u00een fa\u0163a Palatului Victoria, pe data de 13 noiembrie. Angaja\u0163ii sunt nemul\u0163umi\u0163i c\u0103, din cauza legii de austeritate, nu mai primesc anumite prime \u015fi nici bonuri de mas\u0103. Legea 296\/2023 prevede c\u0103 angaja\u0163ii companiilor de [&hellip;]","og_url":"https:\/\/buletin.de\/bucuresti\/sindicalistii-de-la-metrou-ameninta-cu-proteste-lider-de-sindicat-nu-mai-primim-nici-macar-bonuri-de-masa\/","og_site_name":"Buletin de Bucure\u0219ti","article_publisher":"https:\/\/www.facebook.com\/buletin.de.buc","article_published_time":"2023-11-09T12:25:37+00:00","og_image":[{"width":1020,"height":680,"url":"https:\/\/buletin.de\/bucuresti\/wp-content\/uploads\/metrorex-4.jpg","type":"image\/jpeg"}],"author":"Ionu\u021b Lepa","twitter_card":"summary_large_image","twitter_misc":{"Written by":"Ionu\u021b Lepa","Estimated reading time":"1 minute"},"schema":{"@context":"https:\/\/schema.org","@graph":[{"@type":"Article","@id":"https:\/\/buletin.de\/bucuresti\/sindicalistii-de-la-metrou-ameninta-cu-proteste-lider-de-sindicat-nu-mai-primim-nici-macar-bonuri-de-masa\/#article","isPartOf":{"@id":"https:\/\/buletin.de\/bucuresti\/sindicalistii-de-la-metrou-ameninta-cu-proteste-lider-de-sindicat-nu-mai-primim-nici-macar-bonuri-de-masa\/"},"author":{"name":"Ionu\u021b Lepa","@id":"https:\/\/buletin.de\/bucuresti\/#\/schema\/person\/5272b8a057b33890940b57b837fc4ce6"},"headline":"Sindicali\u015ftii de la metrou amenin\u0163\u0103 cu proteste. Lider de sindicat: \u201eNu mai primim nici m\u0103car bonuri de mas\u0103\u201d","datePublished":"2023-11-09T12:25:37+00:00","mainEntityOfPage":{"@id":"https:\/\/buletin.de\/bucuresti\/sindicalistii-de-la-metrou-ameninta-cu-proteste-lider-de-sindicat-nu-mai-primim-nici-macar-bonuri-de-masa\/"},"wordCount":279,"publisher":{"@id":"https:\/\/buletin.de\/bucuresti\/#organization"},"image":{"@id":"https:\/\/buletin.de\/bucuresti\/sindicalistii-de-la-metrou-ameninta-cu-proteste-lider-de-sindicat-nu-mai-primim-nici-macar-bonuri-de-masa\/#primaryimage"},"thumbnailUrl":"https:\/\/buletin.de\/bucuresti\/wp-content\/uploads\/metrorex-4.jpg","keywords":["artimon","greva metrou","metrorex","protest sindicat metrou"],"articleSection":["Articole","Main","Transport"],"inLanguage":"en-GB","copyrightYear":"2023","copyrightHolder":{"@id":"https:\/\/buletin.de\/bucuresti\/#organization"}},{"@type":"WebPage","@id":"https:\/\/buletin.de\/bucuresti\/sindicalistii-de-la-metrou-ameninta-cu-proteste-lider-de-sindicat-nu-mai-primim-nici-macar-bonuri-de-masa\/","url":"https:\/\/buletin.de\/bucuresti\/sindicalistii-de-la-metrou-ameninta-cu-proteste-lider-de-sindicat-nu-mai-primim-nici-macar-bonuri-de-masa\/","name":"Sindicali\u015ftii de la metrou amenin\u0163\u0103 cu proteste. Lider de sindicat: \u201eNu mai primim nici m\u0103car bonuri de mas\u0103\u201d - Buletin de Bucure\u0219ti","isPartOf":{"@id":"https:\/\/buletin.de\/bucuresti\/#website"},"primaryImageOfPage":{"@id":"https:\/\/buletin.de\/bucuresti\/sindicalistii-de-la-metrou-ameninta-cu-proteste-lider-de-sindicat-nu-mai-primim-nici-macar-bonuri-de-masa\/#primaryimage"},"image":{"@id":"https:\/\/buletin.de\/bucuresti\/sindicalistii-de-la-metrou-ameninta-cu-proteste-lider-de-sindicat-nu-mai-primim-nici-macar-bonuri-de-masa\/#primaryimage"},"thumbnailUrl":"https:\/\/buletin.de\/bucuresti\/wp-content\/uploads\/metrorex-4.jpg","datePublished":"2023-11-09T12:25:37+00:00","breadcrumb":{"@id":"https:\/\/buletin.de\/bucuresti\/sindicalistii-de-la-metrou-ameninta-cu-proteste-lider-de-sindicat-nu-mai-primim-nici-macar-bonuri-de-masa\/#breadcrumb"},"inLanguage":"en-GB","potentialAction":[{"@type":"ReadAction","target":["https:\/\/buletin.de\/bucuresti\/sindicalistii-de-la-metrou-ameninta-cu-proteste-lider-de-sindicat-nu-mai-primim-nici-macar-bonuri-de-masa\/"]}]},{"@type":"ImageObject","inLanguage":"en-GB","@id":"https:\/\/buletin.de\/bucuresti\/sindicalistii-de-la-metrou-ameninta-cu-proteste-lider-de-sindicat-nu-mai-primim-nici-macar-bonuri-de-masa\/#primaryimage","url":"https:\/\/buletin.de\/bucuresti\/wp-content\/uploads\/metrorex-4.jpg","contentUrl":"https:\/\/buletin.de\/bucuresti\/wp-content\/uploads\/metrorex-4.jpg","width":1020,"height":680},{"@type":"BreadcrumbList","@id":"https:\/\/buletin.de\/bucuresti\/sindicalistii-de-la-metrou-ameninta-cu-proteste-lider-de-sindicat-nu-mai-primim-nici-macar-bonuri-de-masa\/#breadcrumb","itemListElement":[{"@type":"ListItem","position":1,"name":"Acas\u0103","item":"https:\/\/buletin.de\/bucuresti\/"},{"@type":"ListItem","position":2,"name":"Sindicali\u015ftii de la metrou amenin\u0163\u0103 cu proteste. Lider de sindicat: \u201eNu mai primim nici m\u0103car bonuri de mas\u0103\u201d"}]},{"@type":"WebSite","@id":"https:\/\/buletin.de\/bucuresti\/#website","url":"https:\/\/buletin.de\/bucuresti\/","name":"Buletin de Bucure\u0219ti","description":"\u0218tiri \u0219i investiga\u021bii esen\u021biale din capital\u0103","publisher":{"@id":"https:\/\/buletin.de\/bucuresti\/#organization"},"potentialAction":[{"@type":"SearchAction","target":{"@type":"EntryPoint","urlTemplate":"https:\/\/buletin.de\/bucuresti\/?s={search_term_string}"},"query-input":{"@type":"PropertyValueSpecification","valueRequired":true,"valueName":"search_term_string"}}],"inLanguage":"en-GB"},{"@type":"Organization","@id":"https:\/\/buletin.de\/bucuresti\/#organization","name":"Buletin de Bucure\u0219ti","url":"https:\/\/buletin.de\/bucuresti\/","logo":{"@type":"ImageObject","inLanguage":"en-GB","@id":"https:\/\/buletin.de\/bucuresti\/#\/schema\/logo\/image\/","url":"https:\/\/buletin.de\/bucuresti\/wp-content\/uploads\/logo-bdb-full-wide-vernil-transparent.png","contentUrl":"https:\/\/buletin.de\/bucuresti\/wp-content\/uploads\/logo-bdb-full-wide-vernil-transparent.png","width":1782,"height":626,"caption":"Buletin de Bucure\u0219ti"},"image":{"@id":"https:\/\/buletin.de\/bucuresti\/#\/schema\/logo\/image\/"},"sameAs":["https:\/\/www.facebook.com\/buletin.de.buc","https:\/\/www.instagram.com\/buletinde.bucuresti\/"]},{"@type":"Person","@id":"https:\/\/buletin.de\/bucuresti\/#\/schema\/person\/5272b8a057b33890940b57b837fc4ce6","name":"Ionu\u021b Lepa","image":{"@type":"ImageObject","inLanguage":"en-GB","@id":"https:\/\/buletin.de\/bucuresti\/wp-content\/uploads\/Ionut-Lepa-96x96.jpg5c4e4d9e049808799a8821652d2410a4","url":"https:\/\/buletin.de\/bucuresti\/wp-content\/uploads\/Ionut-Lepa-96x96.jpg","contentUrl":"https:\/\/buletin.de\/bucuresti\/wp-content\/uploads\/Ionut-Lepa-96x96.jpg","caption":"Ionu\u021b Lepa"},"url":"https:\/\/buletin.de\/bucuresti\/author\/ionutlepa\/"}]}},"authors":[{"term_id":22586,"user_id":8,"is_guest":0,"slug":"ionutlepa","display_name":"Ionu\u021b Lepa","avatar_url":"https:\/\/buletin.de\/bucuresti\/wp-content\/uploads\/Ionut-Lepa-96x96.jpg","0":null,"1":"","2":"","3":"","4":"","5":"","6":"","7":"","8":""}],"_links":{"self":[{"href":"https:\/\/buletin.de\/bucuresti\/wp-json\/wp\/v2\/posts\/68494","targetHints":{"allow":["GET"]}}],"collection":[{"href":"https:\/\/buletin.de\/bucuresti\/wp-json\/wp\/v2\/posts"}],"about":[{"href":"https:\/\/buletin.de\/bucuresti\/wp-json\/wp\/v2\/types\/post"}],"author":[{"embeddable":true,"href":"https:\/\/buletin.de\/bucuresti\/wp-json\/wp\/v2\/users\/8"}],"replies":[{"embeddable":true,"href":"https:\/\/buletin.de\/bucuresti\/wp-json\/wp\/v2\/comments?post=68494"}],"version-history":[{"count":4,"href":"https:\/\/buletin.de\/bucuresti\/wp-json\/wp\/v2\/posts\/68494\/revisions"}],"predecessor-version":[{"id":68500,"href":"https:\/\/buletin.de\/bucuresti\/wp-json\/wp\/v2\/posts\/68494\/revisions\/68500"}],"wp:featuredmedia":[{"embeddable":true,"href":"https:\/\/buletin.de\/bucuresti\/wp-json\/wp\/v2\/media\/8265"}],"wp:attachment":[{"href":"https:\/\/buletin.de\/bucuresti\/wp-json\/wp\/v2\/media?parent=68494"}],"wp:term":[{"taxonomy":"category","embeddable":true,"href":"https:\/\/buletin.de\/bucuresti\/wp-json\/wp\/v2\/categories?post=68494"},{"taxonomy":"post_tag","embeddable":true,"href":"https:\/\/buletin.de\/bucuresti\/wp-json\/wp\/v2\/tags?post=68494"},{"taxonomy":"author","embeddable":true,"href":"https:\/\/buletin.de\/bucuresti\/wp-json\/wp\/v2\/ppma_author?post=68494"}],"curies":[{"name":"wp","href":"https:\/\/api.w.org\/{rel}","templated":true}]}}