{"id":68456,"date":"2023-11-09T06:39:52","date_gmt":"2023-11-09T04:39:52","guid":{"rendered":"https:\/\/buletin.de\/bucuresti\/?p=68456"},"modified":"2023-11-09T06:39:52","modified_gmt":"2023-11-09T04:39:52","slug":"primaria-capitalei-i-decoratiuni-suplimentare-de-sarbatori","status":"publish","type":"post","link":"https:\/\/buletin.de\/bucuresti\/primaria-capitalei-i-decoratiuni-suplimentare-de-sarbatori\/","title":{"rendered":"Prim\u0103ria Capitalei I Decora\u021biuni suplimentare de S\u0103rb\u0103tori"},"content":{"rendered":"\n<p><strong>Prim\u0103ria general\u0103 anun\u021b\u0103 c\u0103 a \u00eenceput s\u0103 monteze decora\u021biunile pentru iluminatul festiv din aceast\u0103 iarn\u0103.<\/strong> <strong>Compania Municipal\u0103 Iluminat Public Bucure\u0219ti a amplasat deja lumini\u021bele pe Bd. Unirii, Bd. Lasc\u0103r Catargiu, Bd. Regele Mihai I al Rom\u00e2niei, \u0218oseaua Kiseleff. <\/strong><\/p>\n\n\n\n<p>P\u00e2n\u0103 pe 30 noiembrie vor fi \u00eempodobite toate artele principale din Capital\u0103. Atunci va fi aprins iluminatul festiv, de s\u0103rb\u0103tori. <\/p>\n\n\n\n<p>Prim\u0103ria general\u0103 anun\u021b\u0103 c\u0103, anul acesta, pe l\u00e2ng\u0103 ornamentele \u0219i lumini\u021bele aflate pe stoc din anii preceden\u021bi, vor fi noi elemente. Pentru acestea, Compania Municipal\u0103 Iluminat Public are \u00een derulare dou\u0103 proceduri, pentru achizi\u021bia \u0219i \u00eenchirierea unor decora\u021biuni suplimentare, fiind \u00een etapa de evaluare a ofertelor. <\/p>\n\n\n\n<p>Anul trecut, Prim\u0103ria Capitalei a anun\u021bat, \u00een noiembrie, c\u0103 a \u00eenceput s\u0103 monteze instala\u021biile pentru iluminatul festiv de s\u0103rb\u0103tori. Au fost montate aproape 3000 de instala\u021bii luminoase. Instala\u021biile luminoase au fost acelea\u0219i din anii trecu\u021bi, nu au mai fost cump\u0103rate sau \u00eenchiriate alte echipamente.<\/p>\n","protected":false},"excerpt":{"rendered":"<p>Prim\u0103ria general\u0103 anun\u021b\u0103 c\u0103 a \u00eenceput s\u0103 monteze decora\u021biunile pentru iluminatul festiv din aceast\u0103 iarn\u0103. Compania Municipal\u0103 Iluminat Public Bucure\u0219ti a amplasat deja lumini\u021bele pe Bd. Unirii, Bd. Lasc\u0103r Catargiu, Bd. Regele Mihai I al Rom\u00e2niei, \u0218oseaua Kiseleff. P\u00e2n\u0103 pe 30 noiembrie vor fi \u00eempodobite toate artele principale din Capital\u0103. Atunci va fi aprins iluminatul [&hellip;]<\/p>\n","protected":false},"author":49,"featured_media":68457,"comment_status":"closed","ping_status":"open","sticky":false,"template":"","format":"standard","meta":{"_acf_changed":false,"inline_featured_image":false,"ngg_post_thumbnail":0,"footnotes":""},"categories":[6994,24,62],"tags":[7716,7715,276],"ppma_author":[22574],"class_list":["post-68456","post","type-post","status-publish","format-standard","has-post-thumbnail","hentry","category-stiri-2","category-primarie","category-stiri","tag-b-dul-unirii","tag-iluminat-de-sarbatori","tag-primaria-bucuresti"],"acf":[],"yoast_head":"<!-- This site is optimized with the Yoast SEO Premium plugin v25.3 (Yoast SEO v27.4) - https:\/\/yoast.com\/product\/yoast-seo-premium-wordpress\/ -->\n<title>Prim\u0103ria Capitalei I Decora\u021biuni suplimentare de S\u0103rb\u0103tori - Buletin de Bucure\u0219ti<\/title>\n<meta name=\"robots\" content=\"index, follow, max-snippet:-1, max-image-preview:large, max-video-preview:-1\" \/>\n<link rel=\"canonical\" href=\"https:\/\/buletin.de\/bucuresti\/primaria-capitalei-i-decoratiuni-suplimentare-de-sarbatori\/\" \/>\n<meta property=\"og:locale\" content=\"en_GB\" \/>\n<meta property=\"og:type\" content=\"article\" \/>\n<meta property=\"og:title\" content=\"Prim\u0103ria Capitalei I Decora\u021biuni suplimentare de S\u0103rb\u0103tori\" \/>\n<meta property=\"og:description\" content=\"Prim\u0103ria general\u0103 anun\u021b\u0103 c\u0103 a \u00eenceput s\u0103 monteze decora\u021biunile pentru iluminatul festiv din aceast\u0103 iarn\u0103. Compania Municipal\u0103 Iluminat Public Bucure\u0219ti a amplasat deja lumini\u021bele pe Bd. Unirii, Bd. Lasc\u0103r Catargiu, Bd. Regele Mihai I al Rom\u00e2niei, \u0218oseaua Kiseleff. P\u00e2n\u0103 pe 30 noiembrie vor fi \u00eempodobite toate artele principale din Capital\u0103. Atunci va fi aprins iluminatul [&hellip;]\" \/>\n<meta property=\"og:url\" content=\"https:\/\/buletin.de\/bucuresti\/primaria-capitalei-i-decoratiuni-suplimentare-de-sarbatori\/\" \/>\n<meta property=\"og:site_name\" content=\"Buletin de Bucure\u0219ti\" \/>\n<meta property=\"article:publisher\" content=\"https:\/\/www.facebook.com\/buletin.de.buc\" \/>\n<meta property=\"article:published_time\" content=\"2023-11-09T04:39:52+00:00\" \/>\n<meta property=\"og:image\" content=\"https:\/\/buletin.de\/bucuresti\/wp-content\/uploads\/luminite-sarbatori.jpeg\" \/>\n\t<meta property=\"og:image:width\" content=\"1024\" \/>\n\t<meta property=\"og:image:height\" content=\"768\" \/>\n\t<meta property=\"og:image:type\" content=\"image\/jpeg\" \/>\n<meta name=\"author\" content=\"Diana Matei\" \/>\n<meta name=\"twitter:card\" content=\"summary_large_image\" \/>\n<meta name=\"twitter:label1\" content=\"Written by\" \/>\n\t<meta name=\"twitter:data1\" content=\"Diana Matei\" \/>\n\t<meta name=\"twitter:label2\" content=\"Estimated reading time\" \/>\n\t<meta name=\"twitter:data2\" content=\"1 minute\" \/>\n<script type=\"application\/ld+json\" class=\"yoast-schema-graph\">{\"@context\":\"https:\\\/\\\/schema.org\",\"@graph\":[{\"@type\":\"Article\",\"@id\":\"https:\\\/\\\/buletin.de\\\/bucuresti\\\/primaria-capitalei-i-decoratiuni-suplimentare-de-sarbatori\\\/#article\",\"isPartOf\":{\"@id\":\"https:\\\/\\\/buletin.de\\\/bucuresti\\\/primaria-capitalei-i-decoratiuni-suplimentare-de-sarbatori\\\/\"},\"author\":{\"name\":\"Diana Matei\",\"@id\":\"https:\\\/\\\/buletin.de\\\/bucuresti\\\/#\\\/schema\\\/person\\\/7e46040573290777280a0835d81ea4ea\"},\"headline\":\"Prim\u0103ria Capitalei I Decora\u021biuni suplimentare de S\u0103rb\u0103tori\",\"datePublished\":\"2023-11-09T04:39:52+00:00\",\"mainEntityOfPage\":{\"@id\":\"https:\\\/\\\/buletin.de\\\/bucuresti\\\/primaria-capitalei-i-decoratiuni-suplimentare-de-sarbatori\\\/\"},\"wordCount\":182,\"publisher\":{\"@id\":\"https:\\\/\\\/buletin.de\\\/bucuresti\\\/#organization\"},\"image\":{\"@id\":\"https:\\\/\\\/buletin.de\\\/bucuresti\\\/primaria-capitalei-i-decoratiuni-suplimentare-de-sarbatori\\\/#primaryimage\"},\"thumbnailUrl\":\"https:\\\/\\\/buletin.de\\\/bucuresti\\\/wp-content\\\/uploads\\\/luminite-sarbatori.jpeg\",\"keywords\":[\"B-dul Unirii\",\"iluminat de sarbatori\",\"primaria bucuresti\"],\"articleSection\":[\"Articole\",\"Prim\u0103rie\",\"\u0218tiri\"],\"inLanguage\":\"en-GB\",\"copyrightYear\":\"2023\",\"copyrightHolder\":{\"@id\":\"https:\\\/\\\/buletin.de\\\/bucuresti\\\/#organization\"}},{\"@type\":\"WebPage\",\"@id\":\"https:\\\/\\\/buletin.de\\\/bucuresti\\\/primaria-capitalei-i-decoratiuni-suplimentare-de-sarbatori\\\/\",\"url\":\"https:\\\/\\\/buletin.de\\\/bucuresti\\\/primaria-capitalei-i-decoratiuni-suplimentare-de-sarbatori\\\/\",\"name\":\"Prim\u0103ria Capitalei I Decora\u021biuni suplimentare de S\u0103rb\u0103tori - Buletin de Bucure\u0219ti\",\"isPartOf\":{\"@id\":\"https:\\\/\\\/buletin.de\\\/bucuresti\\\/#website\"},\"primaryImageOfPage\":{\"@id\":\"https:\\\/\\\/buletin.de\\\/bucuresti\\\/primaria-capitalei-i-decoratiuni-suplimentare-de-sarbatori\\\/#primaryimage\"},\"image\":{\"@id\":\"https:\\\/\\\/buletin.de\\\/bucuresti\\\/primaria-capitalei-i-decoratiuni-suplimentare-de-sarbatori\\\/#primaryimage\"},\"thumbnailUrl\":\"https:\\\/\\\/buletin.de\\\/bucuresti\\\/wp-content\\\/uploads\\\/luminite-sarbatori.jpeg\",\"datePublished\":\"2023-11-09T04:39:52+00:00\",\"breadcrumb\":{\"@id\":\"https:\\\/\\\/buletin.de\\\/bucuresti\\\/primaria-capitalei-i-decoratiuni-suplimentare-de-sarbatori\\\/#breadcrumb\"},\"inLanguage\":\"en-GB\",\"potentialAction\":[{\"@type\":\"ReadAction\",\"target\":[\"https:\\\/\\\/buletin.de\\\/bucuresti\\\/primaria-capitalei-i-decoratiuni-suplimentare-de-sarbatori\\\/\"]}]},{\"@type\":\"ImageObject\",\"inLanguage\":\"en-GB\",\"@id\":\"https:\\\/\\\/buletin.de\\\/bucuresti\\\/primaria-capitalei-i-decoratiuni-suplimentare-de-sarbatori\\\/#primaryimage\",\"url\":\"https:\\\/\\\/buletin.de\\\/bucuresti\\\/wp-content\\\/uploads\\\/luminite-sarbatori.jpeg\",\"contentUrl\":\"https:\\\/\\\/buletin.de\\\/bucuresti\\\/wp-content\\\/uploads\\\/luminite-sarbatori.jpeg\",\"width\":1024,\"height\":768,\"caption\":\"Foto: Nicusor Dan\"},{\"@type\":\"BreadcrumbList\",\"@id\":\"https:\\\/\\\/buletin.de\\\/bucuresti\\\/primaria-capitalei-i-decoratiuni-suplimentare-de-sarbatori\\\/#breadcrumb\",\"itemListElement\":[{\"@type\":\"ListItem\",\"position\":1,\"name\":\"Acas\u0103\",\"item\":\"https:\\\/\\\/buletin.de\\\/bucuresti\\\/\"},{\"@type\":\"ListItem\",\"position\":2,\"name\":\"Prim\u0103ria Capitalei I Decora\u021biuni suplimentare de S\u0103rb\u0103tori\"}]},{\"@type\":\"WebSite\",\"@id\":\"https:\\\/\\\/buletin.de\\\/bucuresti\\\/#website\",\"url\":\"https:\\\/\\\/buletin.de\\\/bucuresti\\\/\",\"name\":\"Buletin de Bucure\u0219ti\",\"description\":\"\u0218tiri \u0219i investiga\u021bii esen\u021biale din capital\u0103\",\"publisher\":{\"@id\":\"https:\\\/\\\/buletin.de\\\/bucuresti\\\/#organization\"},\"potentialAction\":[{\"@type\":\"SearchAction\",\"target\":{\"@type\":\"EntryPoint\",\"urlTemplate\":\"https:\\\/\\\/buletin.de\\\/bucuresti\\\/?s={search_term_string}\"},\"query-input\":{\"@type\":\"PropertyValueSpecification\",\"valueRequired\":true,\"valueName\":\"search_term_string\"}}],\"inLanguage\":\"en-GB\"},{\"@type\":\"Organization\",\"@id\":\"https:\\\/\\\/buletin.de\\\/bucuresti\\\/#organization\",\"name\":\"Buletin de Bucure\u0219ti\",\"url\":\"https:\\\/\\\/buletin.de\\\/bucuresti\\\/\",\"logo\":{\"@type\":\"ImageObject\",\"inLanguage\":\"en-GB\",\"@id\":\"https:\\\/\\\/buletin.de\\\/bucuresti\\\/#\\\/schema\\\/logo\\\/image\\\/\",\"url\":\"https:\\\/\\\/buletin.de\\\/bucuresti\\\/wp-content\\\/uploads\\\/logo-bdb-full-wide-vernil-transparent.png\",\"contentUrl\":\"https:\\\/\\\/buletin.de\\\/bucuresti\\\/wp-content\\\/uploads\\\/logo-bdb-full-wide-vernil-transparent.png\",\"width\":1782,\"height\":626,\"caption\":\"Buletin de Bucure\u0219ti\"},\"image\":{\"@id\":\"https:\\\/\\\/buletin.de\\\/bucuresti\\\/#\\\/schema\\\/logo\\\/image\\\/\"},\"sameAs\":[\"https:\\\/\\\/www.facebook.com\\\/buletin.de.buc\",\"https:\\\/\\\/www.instagram.com\\\/buletinde.bucuresti\\\/\"]},{\"@type\":\"Person\",\"@id\":\"https:\\\/\\\/buletin.de\\\/bucuresti\\\/#\\\/schema\\\/person\\\/7e46040573290777280a0835d81ea4ea\",\"name\":\"Diana Matei\",\"image\":{\"@type\":\"ImageObject\",\"inLanguage\":\"en-GB\",\"@id\":\"https:\\\/\\\/buletin.de\\\/bucuresti\\\/wp-content\\\/uploads\\\/9-2-96x96.jpg1e8590b30871d70e62ebcdaf2eff570c\",\"url\":\"https:\\\/\\\/buletin.de\\\/bucuresti\\\/wp-content\\\/uploads\\\/9-2-96x96.jpg\",\"contentUrl\":\"https:\\\/\\\/buletin.de\\\/bucuresti\\\/wp-content\\\/uploads\\\/9-2-96x96.jpg\",\"caption\":\"Diana Matei\"},\"url\":\"https:\\\/\\\/buletin.de\\\/bucuresti\\\/author\\\/dianamatei\\\/\"}]}<\/script>\n<!-- \/ Yoast SEO Premium plugin. -->","yoast_head_json":{"title":"Prim\u0103ria Capitalei I Decora\u021biuni suplimentare de S\u0103rb\u0103tori - Buletin de Bucure\u0219ti","robots":{"index":"index","follow":"follow","max-snippet":"max-snippet:-1","max-image-preview":"max-image-preview:large","max-video-preview":"max-video-preview:-1"},"canonical":"https:\/\/buletin.de\/bucuresti\/primaria-capitalei-i-decoratiuni-suplimentare-de-sarbatori\/","og_locale":"en_GB","og_type":"article","og_title":"Prim\u0103ria Capitalei I Decora\u021biuni suplimentare de S\u0103rb\u0103tori","og_description":"Prim\u0103ria general\u0103 anun\u021b\u0103 c\u0103 a \u00eenceput s\u0103 monteze decora\u021biunile pentru iluminatul festiv din aceast\u0103 iarn\u0103. Compania Municipal\u0103 Iluminat Public Bucure\u0219ti a amplasat deja lumini\u021bele pe Bd. Unirii, Bd. Lasc\u0103r Catargiu, Bd. Regele Mihai I al Rom\u00e2niei, \u0218oseaua Kiseleff. P\u00e2n\u0103 pe 30 noiembrie vor fi \u00eempodobite toate artele principale din Capital\u0103. Atunci va fi aprins iluminatul [&hellip;]","og_url":"https:\/\/buletin.de\/bucuresti\/primaria-capitalei-i-decoratiuni-suplimentare-de-sarbatori\/","og_site_name":"Buletin de Bucure\u0219ti","article_publisher":"https:\/\/www.facebook.com\/buletin.de.buc","article_published_time":"2023-11-09T04:39:52+00:00","og_image":[{"width":1024,"height":768,"url":"https:\/\/buletin.de\/bucuresti\/wp-content\/uploads\/luminite-sarbatori.jpeg","type":"image\/jpeg"}],"author":"Diana Matei","twitter_card":"summary_large_image","twitter_misc":{"Written by":"Diana Matei","Estimated reading time":"1 minute"},"schema":{"@context":"https:\/\/schema.org","@graph":[{"@type":"Article","@id":"https:\/\/buletin.de\/bucuresti\/primaria-capitalei-i-decoratiuni-suplimentare-de-sarbatori\/#article","isPartOf":{"@id":"https:\/\/buletin.de\/bucuresti\/primaria-capitalei-i-decoratiuni-suplimentare-de-sarbatori\/"},"author":{"name":"Diana Matei","@id":"https:\/\/buletin.de\/bucuresti\/#\/schema\/person\/7e46040573290777280a0835d81ea4ea"},"headline":"Prim\u0103ria Capitalei I Decora\u021biuni suplimentare de S\u0103rb\u0103tori","datePublished":"2023-11-09T04:39:52+00:00","mainEntityOfPage":{"@id":"https:\/\/buletin.de\/bucuresti\/primaria-capitalei-i-decoratiuni-suplimentare-de-sarbatori\/"},"wordCount":182,"publisher":{"@id":"https:\/\/buletin.de\/bucuresti\/#organization"},"image":{"@id":"https:\/\/buletin.de\/bucuresti\/primaria-capitalei-i-decoratiuni-suplimentare-de-sarbatori\/#primaryimage"},"thumbnailUrl":"https:\/\/buletin.de\/bucuresti\/wp-content\/uploads\/luminite-sarbatori.jpeg","keywords":["B-dul Unirii","iluminat de sarbatori","primaria bucuresti"],"articleSection":["Articole","Prim\u0103rie","\u0218tiri"],"inLanguage":"en-GB","copyrightYear":"2023","copyrightHolder":{"@id":"https:\/\/buletin.de\/bucuresti\/#organization"}},{"@type":"WebPage","@id":"https:\/\/buletin.de\/bucuresti\/primaria-capitalei-i-decoratiuni-suplimentare-de-sarbatori\/","url":"https:\/\/buletin.de\/bucuresti\/primaria-capitalei-i-decoratiuni-suplimentare-de-sarbatori\/","name":"Prim\u0103ria Capitalei I Decora\u021biuni suplimentare de S\u0103rb\u0103tori - Buletin de Bucure\u0219ti","isPartOf":{"@id":"https:\/\/buletin.de\/bucuresti\/#website"},"primaryImageOfPage":{"@id":"https:\/\/buletin.de\/bucuresti\/primaria-capitalei-i-decoratiuni-suplimentare-de-sarbatori\/#primaryimage"},"image":{"@id":"https:\/\/buletin.de\/bucuresti\/primaria-capitalei-i-decoratiuni-suplimentare-de-sarbatori\/#primaryimage"},"thumbnailUrl":"https:\/\/buletin.de\/bucuresti\/wp-content\/uploads\/luminite-sarbatori.jpeg","datePublished":"2023-11-09T04:39:52+00:00","breadcrumb":{"@id":"https:\/\/buletin.de\/bucuresti\/primaria-capitalei-i-decoratiuni-suplimentare-de-sarbatori\/#breadcrumb"},"inLanguage":"en-GB","potentialAction":[{"@type":"ReadAction","target":["https:\/\/buletin.de\/bucuresti\/primaria-capitalei-i-decoratiuni-suplimentare-de-sarbatori\/"]}]},{"@type":"ImageObject","inLanguage":"en-GB","@id":"https:\/\/buletin.de\/bucuresti\/primaria-capitalei-i-decoratiuni-suplimentare-de-sarbatori\/#primaryimage","url":"https:\/\/buletin.de\/bucuresti\/wp-content\/uploads\/luminite-sarbatori.jpeg","contentUrl":"https:\/\/buletin.de\/bucuresti\/wp-content\/uploads\/luminite-sarbatori.jpeg","width":1024,"height":768,"caption":"Foto: Nicusor Dan"},{"@type":"BreadcrumbList","@id":"https:\/\/buletin.de\/bucuresti\/primaria-capitalei-i-decoratiuni-suplimentare-de-sarbatori\/#breadcrumb","itemListElement":[{"@type":"ListItem","position":1,"name":"Acas\u0103","item":"https:\/\/buletin.de\/bucuresti\/"},{"@type":"ListItem","position":2,"name":"Prim\u0103ria Capitalei I Decora\u021biuni suplimentare de S\u0103rb\u0103tori"}]},{"@type":"WebSite","@id":"https:\/\/buletin.de\/bucuresti\/#website","url":"https:\/\/buletin.de\/bucuresti\/","name":"Buletin de Bucure\u0219ti","description":"\u0218tiri \u0219i investiga\u021bii esen\u021biale din capital\u0103","publisher":{"@id":"https:\/\/buletin.de\/bucuresti\/#organization"},"potentialAction":[{"@type":"SearchAction","target":{"@type":"EntryPoint","urlTemplate":"https:\/\/buletin.de\/bucuresti\/?s={search_term_string}"},"query-input":{"@type":"PropertyValueSpecification","valueRequired":true,"valueName":"search_term_string"}}],"inLanguage":"en-GB"},{"@type":"Organization","@id":"https:\/\/buletin.de\/bucuresti\/#organization","name":"Buletin de Bucure\u0219ti","url":"https:\/\/buletin.de\/bucuresti\/","logo":{"@type":"ImageObject","inLanguage":"en-GB","@id":"https:\/\/buletin.de\/bucuresti\/#\/schema\/logo\/image\/","url":"https:\/\/buletin.de\/bucuresti\/wp-content\/uploads\/logo-bdb-full-wide-vernil-transparent.png","contentUrl":"https:\/\/buletin.de\/bucuresti\/wp-content\/uploads\/logo-bdb-full-wide-vernil-transparent.png","width":1782,"height":626,"caption":"Buletin de Bucure\u0219ti"},"image":{"@id":"https:\/\/buletin.de\/bucuresti\/#\/schema\/logo\/image\/"},"sameAs":["https:\/\/www.facebook.com\/buletin.de.buc","https:\/\/www.instagram.com\/buletinde.bucuresti\/"]},{"@type":"Person","@id":"https:\/\/buletin.de\/bucuresti\/#\/schema\/person\/7e46040573290777280a0835d81ea4ea","name":"Diana Matei","image":{"@type":"ImageObject","inLanguage":"en-GB","@id":"https:\/\/buletin.de\/bucuresti\/wp-content\/uploads\/9-2-96x96.jpg1e8590b30871d70e62ebcdaf2eff570c","url":"https:\/\/buletin.de\/bucuresti\/wp-content\/uploads\/9-2-96x96.jpg","contentUrl":"https:\/\/buletin.de\/bucuresti\/wp-content\/uploads\/9-2-96x96.jpg","caption":"Diana Matei"},"url":"https:\/\/buletin.de\/bucuresti\/author\/dianamatei\/"}]}},"authors":[{"term_id":22574,"user_id":49,"is_guest":0,"slug":"dianamatei","display_name":"Diana Matei","avatar_url":"https:\/\/buletin.de\/bucuresti\/wp-content\/uploads\/9-2-96x96.jpg","0":null,"1":"","2":"","3":"","4":"","5":"","6":"","7":"","8":""}],"_links":{"self":[{"href":"https:\/\/buletin.de\/bucuresti\/wp-json\/wp\/v2\/posts\/68456","targetHints":{"allow":["GET"]}}],"collection":[{"href":"https:\/\/buletin.de\/bucuresti\/wp-json\/wp\/v2\/posts"}],"about":[{"href":"https:\/\/buletin.de\/bucuresti\/wp-json\/wp\/v2\/types\/post"}],"author":[{"embeddable":true,"href":"https:\/\/buletin.de\/bucuresti\/wp-json\/wp\/v2\/users\/49"}],"replies":[{"embeddable":true,"href":"https:\/\/buletin.de\/bucuresti\/wp-json\/wp\/v2\/comments?post=68456"}],"version-history":[{"count":2,"href":"https:\/\/buletin.de\/bucuresti\/wp-json\/wp\/v2\/posts\/68456\/revisions"}],"predecessor-version":[{"id":68469,"href":"https:\/\/buletin.de\/bucuresti\/wp-json\/wp\/v2\/posts\/68456\/revisions\/68469"}],"wp:featuredmedia":[{"embeddable":true,"href":"https:\/\/buletin.de\/bucuresti\/wp-json\/wp\/v2\/media\/68457"}],"wp:attachment":[{"href":"https:\/\/buletin.de\/bucuresti\/wp-json\/wp\/v2\/media?parent=68456"}],"wp:term":[{"taxonomy":"category","embeddable":true,"href":"https:\/\/buletin.de\/bucuresti\/wp-json\/wp\/v2\/categories?post=68456"},{"taxonomy":"post_tag","embeddable":true,"href":"https:\/\/buletin.de\/bucuresti\/wp-json\/wp\/v2\/tags?post=68456"},{"taxonomy":"author","embeddable":true,"href":"https:\/\/buletin.de\/bucuresti\/wp-json\/wp\/v2\/ppma_author?post=68456"}],"curies":[{"name":"wp","href":"https:\/\/api.w.org\/{rel}","templated":true}]}}