{"id":68449,"date":"2023-11-08T18:43:50","date_gmt":"2023-11-08T16:43:50","guid":{"rendered":"https:\/\/buletin.de\/bucuresti\/?p=68449"},"modified":"2023-11-09T06:27:29","modified_gmt":"2023-11-09T04:27:29","slug":"scandalul-excluderii-viceprimarului-alexandru-gadiuta-se-muta-la-dna-usr-sector-6-plangere-penala-pentru-coruptie-gadiuta-pentru-calomnie-primarul-ciprian-ciucu-tace","status":"publish","type":"post","link":"https:\/\/buletin.de\/bucuresti\/scandalul-excluderii-viceprimarului-alexandru-gadiuta-se-muta-la-dna-usr-sector-6-plangere-penala-pentru-coruptie-gadiuta-pentru-calomnie-primarul-ciprian-ciucu-tace\/","title":{"rendered":"Scandalul excluderii viceprimarului Alexandru G\u00e2diu\u021b\u0103 se mut\u0103 la DNA. USR Sector 6, pl\u00e2ngere penal\u0103 pentru corup\u021bie, G\u00e2diu\u021b\u0103 pentru calomnie. Primarul Ciprian Ciucu tace"},"content":{"rendered":"\n<p><strong><strong>La dou\u0103 zile de c\u00e2nd Alexandru G\u00e2diu\u021b\u0103 a fost exclus din USR de Biroul Municipal cu unanimitate, scandalul intern ajunge la DNA. USR Sector 6 a depus o pl\u00e2ngere penal\u0103 \u00eempotriva faptelor de corup\u021bie din cadrul mai multor achizi\u021bii de foi\u0219oare f\u0103cute de Administra\u021bia \u0218colilor Sector 6, \u00een care surse Buletin de Bucure\u0219ti sus\u021bin c\u0103 \u0219i Alexandru G\u00e2diu\u021b\u0103 ar fi implicat. Viceprimarul Sectorului 6 a declarat c\u0103 va depune o ac\u021biune \u00een instan\u021b\u0103 pentru calomnie \u00eempotriva pre\u0219edintelui USR Bucure\u0219ti, Vlad Voiculescu \u0219i \u00eempotriva pre\u0219edintelui USR Sector 6, Alin Stoica. Reporterii Buletin de Bucure\u0219ti au transmis \u00eenc\u0103 de mar\u021bi diminea\u021b\u0103 mai multe \u00eentreb\u0103ri primarului Ciprian Ciucu despre situa\u021bia de la Administra\u021bia \u0218colilor Sector 6, \u00eens\u0103 r\u0103spunsul \u00eenc\u0103 se las\u0103 a\u0219teptat.&nbsp;<\/strong><\/strong><\/p>\n\n\n\n<p>Filiala USR din Sectorul 6 a depus, pe 1 noiembrie, o pl\u00e2ngere la Direc\u021bia Na\u021bional\u0103 Anticorup\u021bie cu privire la mai multe achizi\u021bii publice f\u0103cute de Administra\u021bia \u0218colilor Sector 6. Surse Buletin de Bucure\u0219ti sus\u021bin c\u0103 ar fi vorba despre achizi\u021bia mai multor foi\u0219oare de p\u00e2n\u0103 la trei ori mai scumpe de la firma unui fost membru USR, Traian Apostoleanu. \u00cen aceast\u0103 tranzac\u021bie ar fi fost implicat \u0219i viceprimarul Sectorului 6, Alexandru G\u00e2diu\u021b\u0103, care a fost exclus din partid \u00een urma acestor probleme.&nbsp;&nbsp;&nbsp;<\/p>\n\n\n<div class=\"wp-block-image\">\n<figure class=\"aligncenter size-full\"><a href=\"https:\/\/buletin.de\/bucuresti\/wp-content\/uploads\/Screen-Shot-2023-11-08-at-5.57.06-PM.png\"><img fetchpriority=\"high\" decoding=\"async\" width=\"611\" height=\"697\" src=\"data:image\/gif;base64,R0lGODlhAQABAAAAACH5BAEKAAEALAAAAAABAAEAAAICTAEAOw==\" data-src=\"https:\/\/buletin.de\/bucuresti\/wp-content\/uploads\/Screen-Shot-2023-11-08-at-5.57.06-PM.png\" alt=\"\" class=\"wp-image-68450 lazyload\" data-sizes=\"auto\" data-srcset=\"https:\/\/buletin.de\/bucuresti\/wp-content\/uploads\/Screen-Shot-2023-11-08-at-5.57.06-PM.png 611w, https:\/\/buletin.de\/bucuresti\/wp-content\/uploads\/Screen-Shot-2023-11-08-at-5.57.06-PM-263x300.png 263w, https:\/\/buletin.de\/bucuresti\/wp-content\/uploads\/Screen-Shot-2023-11-08-at-5.57.06-PM-600x684.png 600w, https:\/\/buletin.de\/bucuresti\/wp-content\/uploads\/Screen-Shot-2023-11-08-at-5.57.06-PM-20x23.png 20w\" sizes=\"(max-width: 611px) 100vw, 611px\" \/><\/a><figcaption class=\"wp-element-caption\">R\u0103spunsul DNA la pl\u00e2ngerea penal\u0103 depus\u0103 de USR Sector 6.<\/figcaption><\/figure>\n<\/div>\n\n\n<p>Alexandru G\u00e2diu\u021b\u0103 a declarat, cu pu\u021bin timp \u00een urm\u0103, c\u0103 urmeaz\u0103 s\u0103 depun\u0103 o ac\u021biune \u00een instan\u021b\u0103 pentru calomnie \u00eempotriva pre\u0219edintelui USR Bucure\u0219ti, Vlad Voiculescu, \u0219i pre\u0219edintele USR Sector 6, Alin Stoica. Viceprimarul Sectorului 6 sus\u021bine \u0219i c\u0103 va depune un denun\u021b la DNA \u00eempotriva fostului coleg de partid, Alin Stoica, pe care-l acuz\u0103 c\u0103 a primit, prin firma acestuia de avocatur\u0103, un contract de la Administra\u021bia Lacuri Parcuri \u0219i Agrement (ALPAB), institu\u021bie condus\u0103 tot de un membru USR. <\/p>\n\n\n\n<iframe src=\"https:\/\/www.facebook.com\/plugins\/post.php?href=https%3A%2F%2Fwww.facebook.com%2FAlexandruGadiutaViceprimarSector6%2Fposts%2Fpfbid0uLXYpPvUaHQ3zwMumkxRGD3e4vZkjoprYqBLQYq11waoy9CQgcbxmnNyqakJHAAtl&#038;show_text=true&#038;width=500\" width=\"500\" height=\"286\" style=\"border:none;overflow:hidden\" scrolling=\"no\" frameborder=\"0\" allowfullscreen=\"true\" allow=\"autoplay; clipboard-write; encrypted-media; picture-in-picture; web-share\"><\/iframe>\n\n\n\n<p>Vlad Voiculescu, pre\u0219edintele USR Bucure\u0219ti, a declarat pentru Buletin de Bucure\u0219ti c\u0103 partidul pe care-l reprezint\u0103 se delimiteaz\u0103 at\u00e2t de ac\u021biunile trecute ale viceprimarului G\u00e2diu\u021b\u0103, c\u00e2t \u0219i de cele viitoare.<\/p>\n\n\n\n<blockquote class=\"wp-block-quote is-layout-flow wp-block-quote-is-layout-flow\">\n<p>USR Sector 6 a f\u0103cut deja pl\u00e2ngere penal\u0103 \u00een leg\u0103tur\u0103 cu faptele de corup\u021bie pe care le-a constatat. Domnul G\u00e2diu\u021b\u0103 nu are dec\u00e2t s\u0103 fac\u0103 ce pl\u00e2ngeri dore\u0219te. Ne delimit\u0103m at\u00e2t de ac\u021biunile trecute ale dumnealui c\u00e2t \u0219i de cele viitoare. Acesta este mesajul filialei USR Bucure\u0219ti. A\u0219a se traduce excluderea sa \u0219i sesizarea autorit\u0103\u021bilor competente, excludere votat\u0103 \u00een unanimitate at\u00e2t \u00een Biroul Local al filialei Sector 6 c\u00e2t \u0219i \u00een Biroul Municipal Bucure\u0219ti al USR.&nbsp;<\/p>\n<cite>Vlad Voiculescu, pre\u0219edinte USR Bucure\u0219ti <\/cite><\/blockquote>\n\n\n\n<p>Reporterii Buletin de Bucure\u0219ti au trimis, mar\u021bi diminea\u021b\u0103, mai multe \u00eentreb\u0103ri primarului Ciprian Ciucu pentru a afla dac\u0103 va declan\u0219a verific\u0103ri interne \u00een urma informa\u021biilor ap\u0103rute \u00een spa\u021biu public. P\u00e2n\u0103 la ora public\u0103rii acestui articol, primarul Sectorului 6 nu a r\u0103spuns niciunei \u00eentreb\u0103ri.&nbsp;&nbsp;&nbsp;<\/p>\n\n\n\n<p><strong><em>Red\u0103m mai jos \u00eentreb\u0103rile adresate edilului-\u0219ef din Sectorul 6:<\/em><\/strong><\/p>\n\n\n\n<ul class=\"wp-block-list\">\n<li>O s\u0103 dispune\u021bi un audit la institu\u021biile (Administra\u021bia \u0218colilor,&nbsp;Direc\u021bia Local\u0103 de Eviden\u021b\u0103 a Persoanelor \u0219i&nbsp;Direc\u021bia General\u0103 de Impozite \u0219i Taxe Locale) care au fost\/sunt \u00een directa coordonare a viceprimarului Alexandru G\u00e2diu\u021b\u0103?&nbsp;<\/li>\n\n\n\n<li>Cum explica\u021bi c\u0103 a fost posibil ca acele contracte pentru foi\u0219oare, f\u0103cute la suprapre\u021b, au fost acordate preferen\u021bial, av\u00e2nd \u00een vedere c\u0103 \u00een 2021 a\u021bi declarat pentru Buletin de Bucure\u0219ti a\u021bi stopat acest fenomen de la Administra\u021bia \u0218colilor?&nbsp;<\/li>\n\n\n\n<li>Echipa USR v-a anun\u021bat \u0219i pe dumneavoastr\u0103 \u00een leg\u0103tur\u0103 cu neregulile pe care le-au g\u0103sit la contractele de la Administra\u021bia \u0218colilor?&nbsp;<\/li>\n\n\n\n<li>Din raportul Cur\u021bii de Conturi din 23 octombrie 2023 reiese faptul c\u0103 directorul Administra\u021biei \u0218colilor \u00eenc\u0103 din iunie 2023 a separat serviciul de achizi\u021bii publice de cel financiar al institu\u021biei pentru a evita abaterile de la Legea Achizi\u021biilor Publice. Cum a func\u021bionat aceast\u0103 m\u0103sur\u0103? Ve\u021bi lua alte m\u0103suri suplimentare?&nbsp;<\/li>\n\n\n\n<li>Ave\u021bi \u00een vedere o discu\u021bie cu Mihaela \u0218tefan, viceprimar USR, \u00een care s\u0103 discuta\u021bi despre noile atribu\u021bii, av\u00e2nd \u00een vedere c\u0103 o s\u0103 preia o institu\u021bie care ani de zile a avut nereguli la achizi\u021biile publice? <\/li>\n<\/ul>\n\n\n\n<h2 class=\"wp-block-heading\"><em>\u201e<\/em>Focul&#8221; iscat de foi\u0219oare<\/h2>\n\n\n\n<p>\u00cen urm\u0103 cu dou\u0103 zile, Alexandru G\u00e2diu\u021b\u0103, viceprimarul Sectorului 6, a fost exclus din partid cu unanimitate de voturi, dup\u0103 o \u0219edin\u021b\u0103 de trei ore. <\/p>\n\n\n\n<p>Ace\u0219tia sus\u021bin c\u0103 viceprimarul l-ar fi ajutat astfel pe fostul coleg de partid s\u0103 primeasc\u0103 contractele de la Administra\u021bia \u0218colilor, institu\u021bie care se afl\u0103 \u00een directa coordonare a acestuia. Contactele erau pentru construirea unor foi\u0219oare \u00een cur\u021bile institu\u021biilor de \u00eenv\u0103\u021b\u0103m\u00e2nt la suprapre\u021b. Potrivit informa\u021biilor ob\u021binute de reporterii Buletin de Bucure\u0219ti, lucr\u0103rile erau de trei ori mai scumpe dec\u00e2t pre\u021bul pie\u021bei.&nbsp;&nbsp;&nbsp;<\/p>\n\n\n\n<p>Traian Apostoleanu, cel care a primit contractele de la Administra\u021bia \u0218colilor, a fost membru USR p\u00e2n\u0103 s\u0103pt\u0103m\u00e2na trecut\u0103, c\u00e2nd a fost exclus de Biroul Local al filialei USR Sector 6.<\/p>\n\n\n\n<p>Reporterii Buletin de Bucure\u0219ti au luat leg\u0103tura telefonic cu Traian Apostoleanu. Acesta sus\u021bine c\u0103 a fost \u201eexecutat\u201c politic \u0219i c\u0103 nu a discutat nimic cu Alexandru G\u00e2diu\u021b\u0103 de aproape doi sau trei ani.<\/p>\n\n\n\n<p>Mai mult, excluderea din partid a viceprimarului Sectorului 6, Alexandru G\u00e2diu\u021b\u0103, a generat un \u00eentreg scandal intern \u00een USR.&nbsp;Afaceristul Traian Apostoleanu care sus\u021bine ca a fost membru \u00een partid \u00eenc\u0103 de la&nbsp;<em>\u201e\u00eenceputurile\u201c<\/em>&nbsp;forma\u021biunii l-a amenin\u021bat \u0219i jignit \u00een repetate r\u00e2nduri pe pre\u0219edintele filialei USR din Sectorul 6, Alin Stoica<\/p>\n\n\n\n<p><em>\u201eGunoi ai fost, gunoi r\u0103m\u00e2i\u201c, \u201eIdiotule\u201c \u0219i \u201eC***t de un leu\u201c<\/em>&nbsp;sunt doar c\u00e2teva dintre injuriile pe care Traian Apostoleanu le-a transmis pre\u0219edintelui USR Sector 6, Alin Stoica, la scurt timp dup\u0103 ce a fost exclus prin decizia biroului local al filialei. Al\u0103turi de aceste jigniri, afaceristul a transmis \u0219i o amenin\u021bare conform c\u0103reia \u201e<em>se va ocupa<\/em>\u201c de pre\u0219edintele de filial\u0103. Mai mult, omul de afaceri sus\u021bine c\u0103 \u201care capacitatea de exerci\u021biu cu 23\u201d, f\u0103c\u00e2nd astfel referire la gradele folosite \u00een francmasonerie.<\/p>\n\n\n\n<p><strong>CITE\u0218TE \u0218I: <\/strong><\/p>\n\n\n\n<figure class=\"wp-block-embed is-type-wp-embed is-provider-buletin-de-bucure\u0219ti wp-block-embed-buletin-de-bucure\u0219ti\"><div class=\"wp-block-embed__wrapper\">\n<blockquote class=\"wp-embedded-content\" data-secret=\"Brd8Sr8iJ3\"><a href=\"https:\/\/buletin.de\/bucuresti\/culisele-excluderii-viceprimarului-gadiuta-presedintele-usr-sector-6-amenintat-si-jignit-dupa-ce-un-afacerist-a-fost-inlaturat-din-partid-gunoi-ai-fost-gunoi-ramai\/\">Culisele excluderii viceprimarului G\u00e2diu\u021b\u0103 | Pre\u0219edintele USR Sector 6, amenin\u021bat \u0219i jignit dup\u0103 ce un afacerist a fost \u00eenl\u0103turat din partid: \u201eGunoi ai fost, gunoi r\u0103m\u00e2i!\u201d<\/a><\/blockquote><iframe class=\"wp-embedded-content\" sandbox=\"allow-scripts\" security=\"restricted\" style=\"position: absolute; clip: rect(1px, 1px, 1px, 1px);\" title=\"&#8220;Culisele excluderii viceprimarului G\u00e2diu\u021b\u0103 | Pre\u0219edintele USR Sector 6, amenin\u021bat \u0219i jignit dup\u0103 ce un afacerist a fost \u00eenl\u0103turat din partid: \u201eGunoi ai fost, gunoi r\u0103m\u00e2i!\u201d&#8221; &#8212; Buletin de Bucure\u0219ti\" src=\"https:\/\/buletin.de\/bucuresti\/culisele-excluderii-viceprimarului-gadiuta-presedintele-usr-sector-6-amenintat-si-jignit-dupa-ce-un-afacerist-a-fost-inlaturat-din-partid-gunoi-ai-fost-gunoi-ramai\/embed\/#?secret=QtExpb6H6x#?secret=Brd8Sr8iJ3\" data-secret=\"Brd8Sr8iJ3\" width=\"600\" height=\"338\" frameborder=\"0\" marginwidth=\"0\" marginheight=\"0\" scrolling=\"no\"><\/iframe>\n<\/div><\/figure>\n\n\n\n<figure class=\"wp-block-embed is-type-wp-embed is-provider-buletin-de-bucure\u0219ti wp-block-embed-buletin-de-bucure\u0219ti\"><div class=\"wp-block-embed__wrapper\">\n<blockquote class=\"wp-embedded-content\" data-secret=\"ZZzV0nZKaT\"><a href=\"https:\/\/buletin.de\/bucuresti\/exclusiv-motivul-excluderii-din-partid-a-viceprimarului-gadiuta-foisoare-de-trei-ori-mai-scumpe-decat-pretul-pietei-cumparate-de-la-firma-unui-fost-membru-usr-surse-bdb-va-fi-inlaturat-c\/\">EXCLUSIV | Motivul excluderii din partid a viceprimarului de la Sectorul 6: foi\u0219oare de trei ori mai scumpe dec\u00e2t pre\u021bul pie\u021bei cump\u0103rate de la firma unui fost membru USR. Surse BdB: \u201eVa fi \u00eenl\u0103turat cu unanimitate\u201c<\/a><\/blockquote><iframe class=\"wp-embedded-content\" sandbox=\"allow-scripts\" security=\"restricted\" style=\"position: absolute; clip: rect(1px, 1px, 1px, 1px);\" title=\"&#8220;EXCLUSIV | Motivul excluderii din partid a viceprimarului de la Sectorul 6: foi\u0219oare de trei ori mai scumpe dec\u00e2t pre\u021bul pie\u021bei cump\u0103rate de la firma unui fost membru USR. Surse BdB: \u201eVa fi \u00eenl\u0103turat cu unanimitate\u201c&#8221; &#8212; Buletin de Bucure\u0219ti\" src=\"https:\/\/buletin.de\/bucuresti\/exclusiv-motivul-excluderii-din-partid-a-viceprimarului-gadiuta-foisoare-de-trei-ori-mai-scumpe-decat-pretul-pietei-cumparate-de-la-firma-unui-fost-membru-usr-surse-bdb-va-fi-inlaturat-c\/embed\/#?secret=x7tARRr3HN#?secret=ZZzV0nZKaT\" data-secret=\"ZZzV0nZKaT\" width=\"600\" height=\"338\" frameborder=\"0\" marginwidth=\"0\" marginheight=\"0\" scrolling=\"no\"><\/iframe>\n<\/div><\/figure>\n\n\n\n<figure class=\"wp-block-embed is-type-wp-embed is-provider-buletin-de-bucure\u0219ti wp-block-embed-buletin-de-bucure\u0219ti\"><div class=\"wp-block-embed__wrapper\">\n<blockquote class=\"wp-embedded-content\" data-secret=\"vlOcuoIQMp\"><a href=\"https:\/\/buletin.de\/bucuresti\/sector-6-viceprimarul-usr-alexandru-gadiuta-bagat-in-sedinta-de-colegii-de-partid-surse-bdb-urmeaza-sa-fie-exclus-din-cauza-unor-contracte-suspecte\/\">Sector 6 | Viceprimarul USR Alexandru G\u00e2diu\u0163\u0103, b\u0103gat \u00een \u0219edin\u021b\u0103 de colegii de partid. Surse BdB: \u201eUrmeaz\u0103 s\u0103 fie exclus din cauza unor contracte suspecte\u201c<\/a><\/blockquote><iframe class=\"wp-embedded-content\" sandbox=\"allow-scripts\" security=\"restricted\" style=\"position: absolute; clip: rect(1px, 1px, 1px, 1px);\" title=\"&#8220;Sector 6 | Viceprimarul USR Alexandru G\u00e2diu\u0163\u0103, b\u0103gat \u00een \u0219edin\u021b\u0103 de colegii de partid. Surse BdB: \u201eUrmeaz\u0103 s\u0103 fie exclus din cauza unor contracte suspecte\u201c&#8221; &#8212; Buletin de Bucure\u0219ti\" src=\"https:\/\/buletin.de\/bucuresti\/sector-6-viceprimarul-usr-alexandru-gadiuta-bagat-in-sedinta-de-colegii-de-partid-surse-bdb-urmeaza-sa-fie-exclus-din-cauza-unor-contracte-suspecte\/embed\/#?secret=uyyHC0zPVS#?secret=vlOcuoIQMp\" data-secret=\"vlOcuoIQMp\" width=\"600\" height=\"338\" frameborder=\"0\" marginwidth=\"0\" marginheight=\"0\" scrolling=\"no\"><\/iframe>\n<\/div><\/figure>\n\n\n\n<figure class=\"wp-block-embed is-type-wp-embed is-provider-buletin-de-bucure\u0219ti wp-block-embed-buletin-de-bucure\u0219ti\"><div class=\"wp-block-embed__wrapper\">\n<blockquote class=\"wp-embedded-content\" data-secret=\"auwL8VgBa1\"><a href=\"https:\/\/buletin.de\/bucuresti\/fosta-sefa-din-sectorul-6-care-a-cumparat-masini-de-tuns-iarba-la-suprapret-tranferata-pe-post-de-directoare-pe-achizitii-la-autoritatea-electorala-permanenta\/\">Fosta \u0219ef\u0103 din sectorul 6 care a cump\u0103rat ma\u0219ini de tuns iarba la suprapre\u021b, transferat\u0103 pe post de directoare pe achizi\u021bii la Autoritatea Electoral\u0103 Permanent\u0103<\/a><\/blockquote><iframe class=\"wp-embedded-content\" sandbox=\"allow-scripts\" security=\"restricted\" style=\"position: absolute; clip: rect(1px, 1px, 1px, 1px);\" title=\"&#8220;Fosta \u0219ef\u0103 din sectorul 6 care a cump\u0103rat ma\u0219ini de tuns iarba la suprapre\u021b, transferat\u0103 pe post de directoare pe achizi\u021bii la Autoritatea Electoral\u0103 Permanent\u0103&#8221; &#8212; Buletin de Bucure\u0219ti\" src=\"https:\/\/buletin.de\/bucuresti\/fosta-sefa-din-sectorul-6-care-a-cumparat-masini-de-tuns-iarba-la-suprapret-tranferata-pe-post-de-directoare-pe-achizitii-la-autoritatea-electorala-permanenta\/embed\/#?secret=yZUcrr9uN4#?secret=auwL8VgBa1\" data-secret=\"auwL8VgBa1\" width=\"600\" height=\"338\" frameborder=\"0\" marginwidth=\"0\" marginheight=\"0\" scrolling=\"no\"><\/iframe>\n<\/div><\/figure>\n","protected":false},"excerpt":{"rendered":"<p>La dou\u0103 zile de c\u00e2nd Alexandru G\u00e2diu\u021b\u0103 a fost exclus din USR de Biroul Municipal cu unanimitate, scandalul intern ajunge la DNA. USR Sector 6 a depus o pl\u00e2ngere penal\u0103 \u00eempotriva faptelor de corup\u021bie din cadrul mai multor achizi\u021bii de foi\u0219oare f\u0103cute de Administra\u021bia \u0218colilor Sector 6, \u00een care surse Buletin de Bucure\u0219ti sus\u021bin c\u0103 [&hellip;]<\/p>\n","protected":false},"author":17,"featured_media":68453,"comment_status":"closed","ping_status":"open","sticky":false,"template":"","format":"standard","meta":{"_acf_changed":false,"inline_featured_image":false,"ngg_post_thumbnail":0,"footnotes":""},"categories":[6994,5762],"tags":[7714,7710,5462,7712,875,1558,3749,7713,64,7708],"ppma_author":[22576],"class_list":["post-68449","post","type-post","status-publish","format-standard","has-post-thumbnail","hentry","category-stiri-2","category-main","tag-achzititii-publice","tag-admiistratia-scolilor-sector-6","tag-alexandru-gadiuta","tag-denunt-penal","tag-dna","tag-excludere","tag-instanta-2","tag-plangere-2","tag-usr","tag-usr-sector-6"],"acf":[],"yoast_head":"<!-- This site is optimized with the Yoast SEO Premium plugin v25.3 (Yoast SEO v27.4) - https:\/\/yoast.com\/product\/yoast-seo-premium-wordpress\/ -->\n<title>Scandalul excluderii viceprimarului Alexandru G\u00e2diu\u021b\u0103 se mut\u0103 la DNA. USR Sector 6, pl\u00e2ngere penal\u0103 pentru corup\u021bie, G\u00e2diu\u021b\u0103 pentru calomnie. Primarul Ciprian Ciucu tace - Buletin de Bucure\u0219ti<\/title>\n<meta name=\"robots\" content=\"index, follow, max-snippet:-1, max-image-preview:large, max-video-preview:-1\" \/>\n<link rel=\"canonical\" href=\"https:\/\/buletin.de\/bucuresti\/scandalul-excluderii-viceprimarului-alexandru-gadiuta-se-muta-la-dna-usr-sector-6-plangere-penala-pentru-coruptie-gadiuta-pentru-calomnie-primarul-ciprian-ciucu-tace\/\" \/>\n<meta property=\"og:locale\" content=\"en_GB\" \/>\n<meta property=\"og:type\" content=\"article\" \/>\n<meta property=\"og:title\" content=\"Scandalul excluderii viceprimarului Alexandru G\u00e2diu\u021b\u0103 se mut\u0103 la DNA. USR Sector 6, pl\u00e2ngere penal\u0103 pentru corup\u021bie, G\u00e2diu\u021b\u0103 pentru calomnie. Primarul Ciprian Ciucu tace\" \/>\n<meta property=\"og:description\" content=\"La dou\u0103 zile de c\u00e2nd Alexandru G\u00e2diu\u021b\u0103 a fost exclus din USR de Biroul Municipal cu unanimitate, scandalul intern ajunge la DNA. USR Sector 6 a depus o pl\u00e2ngere penal\u0103 \u00eempotriva faptelor de corup\u021bie din cadrul mai multor achizi\u021bii de foi\u0219oare f\u0103cute de Administra\u021bia \u0218colilor Sector 6, \u00een care surse Buletin de Bucure\u0219ti sus\u021bin c\u0103 [&hellip;]\" \/>\n<meta property=\"og:url\" content=\"https:\/\/buletin.de\/bucuresti\/scandalul-excluderii-viceprimarului-alexandru-gadiuta-se-muta-la-dna-usr-sector-6-plangere-penala-pentru-coruptie-gadiuta-pentru-calomnie-primarul-ciprian-ciucu-tace\/\" \/>\n<meta property=\"og:site_name\" content=\"Buletin de Bucure\u0219ti\" \/>\n<meta property=\"article:publisher\" content=\"https:\/\/www.facebook.com\/buletin.de.buc\" \/>\n<meta property=\"article:published_time\" content=\"2023-11-08T16:43:50+00:00\" \/>\n<meta property=\"article:modified_time\" content=\"2023-11-09T04:27:29+00:00\" \/>\n<meta property=\"og:image\" content=\"https:\/\/buletin.de\/bucuresti\/wp-content\/uploads\/ID142458_INQUAM_Photos_Octav_Ganea.jpg\" \/>\n\t<meta property=\"og:image:width\" content=\"2000\" \/>\n\t<meta property=\"og:image:height\" content=\"1333\" \/>\n\t<meta property=\"og:image:type\" content=\"image\/jpeg\" \/>\n<meta name=\"author\" content=\"Florin R\u00e2\u0219teiu\" \/>\n<meta name=\"twitter:card\" content=\"summary_large_image\" \/>\n<meta name=\"twitter:label1\" content=\"Written by\" \/>\n\t<meta name=\"twitter:data1\" content=\"Florin R\u00e2\u0219teiu\" \/>\n\t<meta name=\"twitter:label2\" content=\"Estimated reading time\" \/>\n\t<meta name=\"twitter:data2\" content=\"6 minutes\" \/>\n<script type=\"application\/ld+json\" class=\"yoast-schema-graph\">{\"@context\":\"https:\\\/\\\/schema.org\",\"@graph\":[{\"@type\":\"Article\",\"@id\":\"https:\\\/\\\/buletin.de\\\/bucuresti\\\/scandalul-excluderii-viceprimarului-alexandru-gadiuta-se-muta-la-dna-usr-sector-6-plangere-penala-pentru-coruptie-gadiuta-pentru-calomnie-primarul-ciprian-ciucu-tace\\\/#article\",\"isPartOf\":{\"@id\":\"https:\\\/\\\/buletin.de\\\/bucuresti\\\/scandalul-excluderii-viceprimarului-alexandru-gadiuta-se-muta-la-dna-usr-sector-6-plangere-penala-pentru-coruptie-gadiuta-pentru-calomnie-primarul-ciprian-ciucu-tace\\\/\"},\"author\":{\"name\":\"Florin R\u00e2\u0219teiu\",\"@id\":\"https:\\\/\\\/buletin.de\\\/bucuresti\\\/#\\\/schema\\\/person\\\/b0686d7a8b666c6afc78239777fd8a89\"},\"headline\":\"Scandalul excluderii viceprimarului Alexandru G\u00e2diu\u021b\u0103 se mut\u0103 la DNA. USR Sector 6, pl\u00e2ngere penal\u0103 pentru corup\u021bie, G\u00e2diu\u021b\u0103 pentru calomnie. Primarul Ciprian Ciucu tace\",\"datePublished\":\"2023-11-08T16:43:50+00:00\",\"dateModified\":\"2023-11-09T04:27:29+00:00\",\"mainEntityOfPage\":{\"@id\":\"https:\\\/\\\/buletin.de\\\/bucuresti\\\/scandalul-excluderii-viceprimarului-alexandru-gadiuta-se-muta-la-dna-usr-sector-6-plangere-penala-pentru-coruptie-gadiuta-pentru-calomnie-primarul-ciprian-ciucu-tace\\\/\"},\"wordCount\":1134,\"publisher\":{\"@id\":\"https:\\\/\\\/buletin.de\\\/bucuresti\\\/#organization\"},\"image\":{\"@id\":\"https:\\\/\\\/buletin.de\\\/bucuresti\\\/scandalul-excluderii-viceprimarului-alexandru-gadiuta-se-muta-la-dna-usr-sector-6-plangere-penala-pentru-coruptie-gadiuta-pentru-calomnie-primarul-ciprian-ciucu-tace\\\/#primaryimage\"},\"thumbnailUrl\":\"https:\\\/\\\/buletin.de\\\/bucuresti\\\/wp-content\\\/uploads\\\/ID142458_INQUAM_Photos_Octav_Ganea.jpg\",\"keywords\":[\"achzi\u021bitii publice\",\"Admiistra\u021bia \u0218colilor Sector 6\",\"Alexandru G\u00e2diu\u021b\u0103\",\"denun\u021b penal\",\"dna\",\"excludere\",\"Instan\u021b\u0103\",\"Pl\u00e2ngere\",\"usr\",\"USR Sector 6\"],\"articleSection\":[\"Articole\",\"Main\"],\"inLanguage\":\"en-GB\",\"copyrightYear\":\"2023\",\"copyrightHolder\":{\"@id\":\"https:\\\/\\\/buletin.de\\\/bucuresti\\\/#organization\"}},{\"@type\":\"WebPage\",\"@id\":\"https:\\\/\\\/buletin.de\\\/bucuresti\\\/scandalul-excluderii-viceprimarului-alexandru-gadiuta-se-muta-la-dna-usr-sector-6-plangere-penala-pentru-coruptie-gadiuta-pentru-calomnie-primarul-ciprian-ciucu-tace\\\/\",\"url\":\"https:\\\/\\\/buletin.de\\\/bucuresti\\\/scandalul-excluderii-viceprimarului-alexandru-gadiuta-se-muta-la-dna-usr-sector-6-plangere-penala-pentru-coruptie-gadiuta-pentru-calomnie-primarul-ciprian-ciucu-tace\\\/\",\"name\":\"Scandalul excluderii viceprimarului Alexandru G\u00e2diu\u021b\u0103 se mut\u0103 la DNA. USR Sector 6, pl\u00e2ngere penal\u0103 pentru corup\u021bie, G\u00e2diu\u021b\u0103 pentru calomnie. Primarul Ciprian Ciucu tace - Buletin de Bucure\u0219ti\",\"isPartOf\":{\"@id\":\"https:\\\/\\\/buletin.de\\\/bucuresti\\\/#website\"},\"primaryImageOfPage\":{\"@id\":\"https:\\\/\\\/buletin.de\\\/bucuresti\\\/scandalul-excluderii-viceprimarului-alexandru-gadiuta-se-muta-la-dna-usr-sector-6-plangere-penala-pentru-coruptie-gadiuta-pentru-calomnie-primarul-ciprian-ciucu-tace\\\/#primaryimage\"},\"image\":{\"@id\":\"https:\\\/\\\/buletin.de\\\/bucuresti\\\/scandalul-excluderii-viceprimarului-alexandru-gadiuta-se-muta-la-dna-usr-sector-6-plangere-penala-pentru-coruptie-gadiuta-pentru-calomnie-primarul-ciprian-ciucu-tace\\\/#primaryimage\"},\"thumbnailUrl\":\"https:\\\/\\\/buletin.de\\\/bucuresti\\\/wp-content\\\/uploads\\\/ID142458_INQUAM_Photos_Octav_Ganea.jpg\",\"datePublished\":\"2023-11-08T16:43:50+00:00\",\"dateModified\":\"2023-11-09T04:27:29+00:00\",\"breadcrumb\":{\"@id\":\"https:\\\/\\\/buletin.de\\\/bucuresti\\\/scandalul-excluderii-viceprimarului-alexandru-gadiuta-se-muta-la-dna-usr-sector-6-plangere-penala-pentru-coruptie-gadiuta-pentru-calomnie-primarul-ciprian-ciucu-tace\\\/#breadcrumb\"},\"inLanguage\":\"en-GB\",\"potentialAction\":[{\"@type\":\"ReadAction\",\"target\":[\"https:\\\/\\\/buletin.de\\\/bucuresti\\\/scandalul-excluderii-viceprimarului-alexandru-gadiuta-se-muta-la-dna-usr-sector-6-plangere-penala-pentru-coruptie-gadiuta-pentru-calomnie-primarul-ciprian-ciucu-tace\\\/\"]}]},{\"@type\":\"ImageObject\",\"inLanguage\":\"en-GB\",\"@id\":\"https:\\\/\\\/buletin.de\\\/bucuresti\\\/scandalul-excluderii-viceprimarului-alexandru-gadiuta-se-muta-la-dna-usr-sector-6-plangere-penala-pentru-coruptie-gadiuta-pentru-calomnie-primarul-ciprian-ciucu-tace\\\/#primaryimage\",\"url\":\"https:\\\/\\\/buletin.de\\\/bucuresti\\\/wp-content\\\/uploads\\\/ID142458_INQUAM_Photos_Octav_Ganea.jpg\",\"contentUrl\":\"https:\\\/\\\/buletin.de\\\/bucuresti\\\/wp-content\\\/uploads\\\/ID142458_INQUAM_Photos_Octav_Ganea.jpg\",\"width\":2000,\"height\":1333,\"caption\":\"FOTO: Inquam Photos\\\/Octav Ganea\"},{\"@type\":\"BreadcrumbList\",\"@id\":\"https:\\\/\\\/buletin.de\\\/bucuresti\\\/scandalul-excluderii-viceprimarului-alexandru-gadiuta-se-muta-la-dna-usr-sector-6-plangere-penala-pentru-coruptie-gadiuta-pentru-calomnie-primarul-ciprian-ciucu-tace\\\/#breadcrumb\",\"itemListElement\":[{\"@type\":\"ListItem\",\"position\":1,\"name\":\"Acas\u0103\",\"item\":\"https:\\\/\\\/buletin.de\\\/bucuresti\\\/\"},{\"@type\":\"ListItem\",\"position\":2,\"name\":\"Scandalul excluderii viceprimarului Alexandru G\u00e2diu\u021b\u0103 se mut\u0103 la DNA. USR Sector 6, pl\u00e2ngere penal\u0103 pentru corup\u021bie, G\u00e2diu\u021b\u0103 pentru calomnie. Primarul Ciprian Ciucu tace\"}]},{\"@type\":\"WebSite\",\"@id\":\"https:\\\/\\\/buletin.de\\\/bucuresti\\\/#website\",\"url\":\"https:\\\/\\\/buletin.de\\\/bucuresti\\\/\",\"name\":\"Buletin de Bucure\u0219ti\",\"description\":\"\u0218tiri \u0219i investiga\u021bii esen\u021biale din capital\u0103\",\"publisher\":{\"@id\":\"https:\\\/\\\/buletin.de\\\/bucuresti\\\/#organization\"},\"potentialAction\":[{\"@type\":\"SearchAction\",\"target\":{\"@type\":\"EntryPoint\",\"urlTemplate\":\"https:\\\/\\\/buletin.de\\\/bucuresti\\\/?s={search_term_string}\"},\"query-input\":{\"@type\":\"PropertyValueSpecification\",\"valueRequired\":true,\"valueName\":\"search_term_string\"}}],\"inLanguage\":\"en-GB\"},{\"@type\":\"Organization\",\"@id\":\"https:\\\/\\\/buletin.de\\\/bucuresti\\\/#organization\",\"name\":\"Buletin de Bucure\u0219ti\",\"url\":\"https:\\\/\\\/buletin.de\\\/bucuresti\\\/\",\"logo\":{\"@type\":\"ImageObject\",\"inLanguage\":\"en-GB\",\"@id\":\"https:\\\/\\\/buletin.de\\\/bucuresti\\\/#\\\/schema\\\/logo\\\/image\\\/\",\"url\":\"https:\\\/\\\/buletin.de\\\/bucuresti\\\/wp-content\\\/uploads\\\/logo-bdb-full-wide-vernil-transparent.png\",\"contentUrl\":\"https:\\\/\\\/buletin.de\\\/bucuresti\\\/wp-content\\\/uploads\\\/logo-bdb-full-wide-vernil-transparent.png\",\"width\":1782,\"height\":626,\"caption\":\"Buletin de Bucure\u0219ti\"},\"image\":{\"@id\":\"https:\\\/\\\/buletin.de\\\/bucuresti\\\/#\\\/schema\\\/logo\\\/image\\\/\"},\"sameAs\":[\"https:\\\/\\\/www.facebook.com\\\/buletin.de.buc\",\"https:\\\/\\\/www.instagram.com\\\/buletinde.bucuresti\\\/\"]},{\"@type\":\"Person\",\"@id\":\"https:\\\/\\\/buletin.de\\\/bucuresti\\\/#\\\/schema\\\/person\\\/b0686d7a8b666c6afc78239777fd8a89\",\"name\":\"Florin R\u00e2\u0219teiu\",\"image\":{\"@type\":\"ImageObject\",\"inLanguage\":\"en-GB\",\"@id\":\"https:\\\/\\\/buletin.de\\\/bucuresti\\\/wp-content\\\/uploads\\\/Florin-Rasteiu-96x96.jpgf0a6fe28453aa12f0a60e4d0a2e3a78c\",\"url\":\"https:\\\/\\\/buletin.de\\\/bucuresti\\\/wp-content\\\/uploads\\\/Florin-Rasteiu-96x96.jpg\",\"contentUrl\":\"https:\\\/\\\/buletin.de\\\/bucuresti\\\/wp-content\\\/uploads\\\/Florin-Rasteiu-96x96.jpg\",\"caption\":\"Florin R\u00e2\u0219teiu\"},\"description\":\"Jurnalist de investiga\u021bie. Lucreaz\u0103 de aproape 6 ani la Buletin de Bucure\u0219ti, unde a publicat articole care scot la suprafa\u021b\u0103 corup\u021bia din Capital\u0103. Analizeaz\u0103 baze de date zilnic \u0219i scoate pove\u0219ti din exceluri pline de cifre. Pune reflectorul pe adev\u0103r cu fiecare ocazie. A c\u00e2\u0219tigat premiul I la categoria Pres\u0103 Local\u0103 \u00een 2025 \u0219i locul al II-lea la aceea\u0219i categorie \u00een 2024 \u00een cadrul Premiilor Superscrieri pentru jurnalism independent.\",\"url\":\"https:\\\/\\\/buletin.de\\\/bucuresti\\\/author\\\/florinrasteiu\\\/\"}]}<\/script>\n<!-- \/ Yoast SEO Premium plugin. -->","yoast_head_json":{"title":"Scandalul excluderii viceprimarului Alexandru G\u00e2diu\u021b\u0103 se mut\u0103 la DNA. USR Sector 6, pl\u00e2ngere penal\u0103 pentru corup\u021bie, G\u00e2diu\u021b\u0103 pentru calomnie. Primarul Ciprian Ciucu tace - Buletin de Bucure\u0219ti","robots":{"index":"index","follow":"follow","max-snippet":"max-snippet:-1","max-image-preview":"max-image-preview:large","max-video-preview":"max-video-preview:-1"},"canonical":"https:\/\/buletin.de\/bucuresti\/scandalul-excluderii-viceprimarului-alexandru-gadiuta-se-muta-la-dna-usr-sector-6-plangere-penala-pentru-coruptie-gadiuta-pentru-calomnie-primarul-ciprian-ciucu-tace\/","og_locale":"en_GB","og_type":"article","og_title":"Scandalul excluderii viceprimarului Alexandru G\u00e2diu\u021b\u0103 se mut\u0103 la DNA. USR Sector 6, pl\u00e2ngere penal\u0103 pentru corup\u021bie, G\u00e2diu\u021b\u0103 pentru calomnie. Primarul Ciprian Ciucu tace","og_description":"La dou\u0103 zile de c\u00e2nd Alexandru G\u00e2diu\u021b\u0103 a fost exclus din USR de Biroul Municipal cu unanimitate, scandalul intern ajunge la DNA. USR Sector 6 a depus o pl\u00e2ngere penal\u0103 \u00eempotriva faptelor de corup\u021bie din cadrul mai multor achizi\u021bii de foi\u0219oare f\u0103cute de Administra\u021bia \u0218colilor Sector 6, \u00een care surse Buletin de Bucure\u0219ti sus\u021bin c\u0103 [&hellip;]","og_url":"https:\/\/buletin.de\/bucuresti\/scandalul-excluderii-viceprimarului-alexandru-gadiuta-se-muta-la-dna-usr-sector-6-plangere-penala-pentru-coruptie-gadiuta-pentru-calomnie-primarul-ciprian-ciucu-tace\/","og_site_name":"Buletin de Bucure\u0219ti","article_publisher":"https:\/\/www.facebook.com\/buletin.de.buc","article_published_time":"2023-11-08T16:43:50+00:00","article_modified_time":"2023-11-09T04:27:29+00:00","og_image":[{"width":2000,"height":1333,"url":"https:\/\/buletin.de\/bucuresti\/wp-content\/uploads\/ID142458_INQUAM_Photos_Octav_Ganea.jpg","type":"image\/jpeg"}],"author":"Florin R\u00e2\u0219teiu","twitter_card":"summary_large_image","twitter_misc":{"Written by":"Florin R\u00e2\u0219teiu","Estimated reading time":"6 minutes"},"schema":{"@context":"https:\/\/schema.org","@graph":[{"@type":"Article","@id":"https:\/\/buletin.de\/bucuresti\/scandalul-excluderii-viceprimarului-alexandru-gadiuta-se-muta-la-dna-usr-sector-6-plangere-penala-pentru-coruptie-gadiuta-pentru-calomnie-primarul-ciprian-ciucu-tace\/#article","isPartOf":{"@id":"https:\/\/buletin.de\/bucuresti\/scandalul-excluderii-viceprimarului-alexandru-gadiuta-se-muta-la-dna-usr-sector-6-plangere-penala-pentru-coruptie-gadiuta-pentru-calomnie-primarul-ciprian-ciucu-tace\/"},"author":{"name":"Florin R\u00e2\u0219teiu","@id":"https:\/\/buletin.de\/bucuresti\/#\/schema\/person\/b0686d7a8b666c6afc78239777fd8a89"},"headline":"Scandalul excluderii viceprimarului Alexandru G\u00e2diu\u021b\u0103 se mut\u0103 la DNA. USR Sector 6, pl\u00e2ngere penal\u0103 pentru corup\u021bie, G\u00e2diu\u021b\u0103 pentru calomnie. Primarul Ciprian Ciucu tace","datePublished":"2023-11-08T16:43:50+00:00","dateModified":"2023-11-09T04:27:29+00:00","mainEntityOfPage":{"@id":"https:\/\/buletin.de\/bucuresti\/scandalul-excluderii-viceprimarului-alexandru-gadiuta-se-muta-la-dna-usr-sector-6-plangere-penala-pentru-coruptie-gadiuta-pentru-calomnie-primarul-ciprian-ciucu-tace\/"},"wordCount":1134,"publisher":{"@id":"https:\/\/buletin.de\/bucuresti\/#organization"},"image":{"@id":"https:\/\/buletin.de\/bucuresti\/scandalul-excluderii-viceprimarului-alexandru-gadiuta-se-muta-la-dna-usr-sector-6-plangere-penala-pentru-coruptie-gadiuta-pentru-calomnie-primarul-ciprian-ciucu-tace\/#primaryimage"},"thumbnailUrl":"https:\/\/buletin.de\/bucuresti\/wp-content\/uploads\/ID142458_INQUAM_Photos_Octav_Ganea.jpg","keywords":["achzi\u021bitii publice","Admiistra\u021bia \u0218colilor Sector 6","Alexandru G\u00e2diu\u021b\u0103","denun\u021b penal","dna","excludere","Instan\u021b\u0103","Pl\u00e2ngere","usr","USR Sector 6"],"articleSection":["Articole","Main"],"inLanguage":"en-GB","copyrightYear":"2023","copyrightHolder":{"@id":"https:\/\/buletin.de\/bucuresti\/#organization"}},{"@type":"WebPage","@id":"https:\/\/buletin.de\/bucuresti\/scandalul-excluderii-viceprimarului-alexandru-gadiuta-se-muta-la-dna-usr-sector-6-plangere-penala-pentru-coruptie-gadiuta-pentru-calomnie-primarul-ciprian-ciucu-tace\/","url":"https:\/\/buletin.de\/bucuresti\/scandalul-excluderii-viceprimarului-alexandru-gadiuta-se-muta-la-dna-usr-sector-6-plangere-penala-pentru-coruptie-gadiuta-pentru-calomnie-primarul-ciprian-ciucu-tace\/","name":"Scandalul excluderii viceprimarului Alexandru G\u00e2diu\u021b\u0103 se mut\u0103 la DNA. USR Sector 6, pl\u00e2ngere penal\u0103 pentru corup\u021bie, G\u00e2diu\u021b\u0103 pentru calomnie. Primarul Ciprian Ciucu tace - Buletin de Bucure\u0219ti","isPartOf":{"@id":"https:\/\/buletin.de\/bucuresti\/#website"},"primaryImageOfPage":{"@id":"https:\/\/buletin.de\/bucuresti\/scandalul-excluderii-viceprimarului-alexandru-gadiuta-se-muta-la-dna-usr-sector-6-plangere-penala-pentru-coruptie-gadiuta-pentru-calomnie-primarul-ciprian-ciucu-tace\/#primaryimage"},"image":{"@id":"https:\/\/buletin.de\/bucuresti\/scandalul-excluderii-viceprimarului-alexandru-gadiuta-se-muta-la-dna-usr-sector-6-plangere-penala-pentru-coruptie-gadiuta-pentru-calomnie-primarul-ciprian-ciucu-tace\/#primaryimage"},"thumbnailUrl":"https:\/\/buletin.de\/bucuresti\/wp-content\/uploads\/ID142458_INQUAM_Photos_Octav_Ganea.jpg","datePublished":"2023-11-08T16:43:50+00:00","dateModified":"2023-11-09T04:27:29+00:00","breadcrumb":{"@id":"https:\/\/buletin.de\/bucuresti\/scandalul-excluderii-viceprimarului-alexandru-gadiuta-se-muta-la-dna-usr-sector-6-plangere-penala-pentru-coruptie-gadiuta-pentru-calomnie-primarul-ciprian-ciucu-tace\/#breadcrumb"},"inLanguage":"en-GB","potentialAction":[{"@type":"ReadAction","target":["https:\/\/buletin.de\/bucuresti\/scandalul-excluderii-viceprimarului-alexandru-gadiuta-se-muta-la-dna-usr-sector-6-plangere-penala-pentru-coruptie-gadiuta-pentru-calomnie-primarul-ciprian-ciucu-tace\/"]}]},{"@type":"ImageObject","inLanguage":"en-GB","@id":"https:\/\/buletin.de\/bucuresti\/scandalul-excluderii-viceprimarului-alexandru-gadiuta-se-muta-la-dna-usr-sector-6-plangere-penala-pentru-coruptie-gadiuta-pentru-calomnie-primarul-ciprian-ciucu-tace\/#primaryimage","url":"https:\/\/buletin.de\/bucuresti\/wp-content\/uploads\/ID142458_INQUAM_Photos_Octav_Ganea.jpg","contentUrl":"https:\/\/buletin.de\/bucuresti\/wp-content\/uploads\/ID142458_INQUAM_Photos_Octav_Ganea.jpg","width":2000,"height":1333,"caption":"FOTO: Inquam Photos\/Octav Ganea"},{"@type":"BreadcrumbList","@id":"https:\/\/buletin.de\/bucuresti\/scandalul-excluderii-viceprimarului-alexandru-gadiuta-se-muta-la-dna-usr-sector-6-plangere-penala-pentru-coruptie-gadiuta-pentru-calomnie-primarul-ciprian-ciucu-tace\/#breadcrumb","itemListElement":[{"@type":"ListItem","position":1,"name":"Acas\u0103","item":"https:\/\/buletin.de\/bucuresti\/"},{"@type":"ListItem","position":2,"name":"Scandalul excluderii viceprimarului Alexandru G\u00e2diu\u021b\u0103 se mut\u0103 la DNA. USR Sector 6, pl\u00e2ngere penal\u0103 pentru corup\u021bie, G\u00e2diu\u021b\u0103 pentru calomnie. Primarul Ciprian Ciucu tace"}]},{"@type":"WebSite","@id":"https:\/\/buletin.de\/bucuresti\/#website","url":"https:\/\/buletin.de\/bucuresti\/","name":"Buletin de Bucure\u0219ti","description":"\u0218tiri \u0219i investiga\u021bii esen\u021biale din capital\u0103","publisher":{"@id":"https:\/\/buletin.de\/bucuresti\/#organization"},"potentialAction":[{"@type":"SearchAction","target":{"@type":"EntryPoint","urlTemplate":"https:\/\/buletin.de\/bucuresti\/?s={search_term_string}"},"query-input":{"@type":"PropertyValueSpecification","valueRequired":true,"valueName":"search_term_string"}}],"inLanguage":"en-GB"},{"@type":"Organization","@id":"https:\/\/buletin.de\/bucuresti\/#organization","name":"Buletin de Bucure\u0219ti","url":"https:\/\/buletin.de\/bucuresti\/","logo":{"@type":"ImageObject","inLanguage":"en-GB","@id":"https:\/\/buletin.de\/bucuresti\/#\/schema\/logo\/image\/","url":"https:\/\/buletin.de\/bucuresti\/wp-content\/uploads\/logo-bdb-full-wide-vernil-transparent.png","contentUrl":"https:\/\/buletin.de\/bucuresti\/wp-content\/uploads\/logo-bdb-full-wide-vernil-transparent.png","width":1782,"height":626,"caption":"Buletin de Bucure\u0219ti"},"image":{"@id":"https:\/\/buletin.de\/bucuresti\/#\/schema\/logo\/image\/"},"sameAs":["https:\/\/www.facebook.com\/buletin.de.buc","https:\/\/www.instagram.com\/buletinde.bucuresti\/"]},{"@type":"Person","@id":"https:\/\/buletin.de\/bucuresti\/#\/schema\/person\/b0686d7a8b666c6afc78239777fd8a89","name":"Florin R\u00e2\u0219teiu","image":{"@type":"ImageObject","inLanguage":"en-GB","@id":"https:\/\/buletin.de\/bucuresti\/wp-content\/uploads\/Florin-Rasteiu-96x96.jpgf0a6fe28453aa12f0a60e4d0a2e3a78c","url":"https:\/\/buletin.de\/bucuresti\/wp-content\/uploads\/Florin-Rasteiu-96x96.jpg","contentUrl":"https:\/\/buletin.de\/bucuresti\/wp-content\/uploads\/Florin-Rasteiu-96x96.jpg","caption":"Florin R\u00e2\u0219teiu"},"description":"Jurnalist de investiga\u021bie. Lucreaz\u0103 de aproape 6 ani la Buletin de Bucure\u0219ti, unde a publicat articole care scot la suprafa\u021b\u0103 corup\u021bia din Capital\u0103. Analizeaz\u0103 baze de date zilnic \u0219i scoate pove\u0219ti din exceluri pline de cifre. Pune reflectorul pe adev\u0103r cu fiecare ocazie. A c\u00e2\u0219tigat premiul I la categoria Pres\u0103 Local\u0103 \u00een 2025 \u0219i locul al II-lea la aceea\u0219i categorie \u00een 2024 \u00een cadrul Premiilor Superscrieri pentru jurnalism independent.","url":"https:\/\/buletin.de\/bucuresti\/author\/florinrasteiu\/"}]}},"authors":[{"term_id":22576,"user_id":17,"is_guest":0,"slug":"florinrasteiu","display_name":"Florin R\u00e2\u0219teiu","avatar_url":"https:\/\/buletin.de\/bucuresti\/wp-content\/uploads\/Florin-Rasteiu-96x96.jpg","0":null,"1":"","2":"","3":"","4":"","5":"","6":"","7":"","8":""}],"_links":{"self":[{"href":"https:\/\/buletin.de\/bucuresti\/wp-json\/wp\/v2\/posts\/68449","targetHints":{"allow":["GET"]}}],"collection":[{"href":"https:\/\/buletin.de\/bucuresti\/wp-json\/wp\/v2\/posts"}],"about":[{"href":"https:\/\/buletin.de\/bucuresti\/wp-json\/wp\/v2\/types\/post"}],"author":[{"embeddable":true,"href":"https:\/\/buletin.de\/bucuresti\/wp-json\/wp\/v2\/users\/17"}],"replies":[{"embeddable":true,"href":"https:\/\/buletin.de\/bucuresti\/wp-json\/wp\/v2\/comments?post=68449"}],"version-history":[{"count":4,"href":"https:\/\/buletin.de\/bucuresti\/wp-json\/wp\/v2\/posts\/68449\/revisions"}],"predecessor-version":[{"id":68464,"href":"https:\/\/buletin.de\/bucuresti\/wp-json\/wp\/v2\/posts\/68449\/revisions\/68464"}],"wp:featuredmedia":[{"embeddable":true,"href":"https:\/\/buletin.de\/bucuresti\/wp-json\/wp\/v2\/media\/68453"}],"wp:attachment":[{"href":"https:\/\/buletin.de\/bucuresti\/wp-json\/wp\/v2\/media?parent=68449"}],"wp:term":[{"taxonomy":"category","embeddable":true,"href":"https:\/\/buletin.de\/bucuresti\/wp-json\/wp\/v2\/categories?post=68449"},{"taxonomy":"post_tag","embeddable":true,"href":"https:\/\/buletin.de\/bucuresti\/wp-json\/wp\/v2\/tags?post=68449"},{"taxonomy":"author","embeddable":true,"href":"https:\/\/buletin.de\/bucuresti\/wp-json\/wp\/v2\/ppma_author?post=68449"}],"curies":[{"name":"wp","href":"https:\/\/api.w.org\/{rel}","templated":true}]}}