{"id":68217,"date":"2023-11-07T04:17:53","date_gmt":"2023-11-07T02:17:53","guid":{"rendered":"https:\/\/buletin.de\/bucuresti\/?p=68217"},"modified":"2023-11-08T07:50:34","modified_gmt":"2023-11-08T05:50:34","slug":"sector-1-dezlegare-de-la-vatican-pentru-cumpararea-cladirii-liceului-tonitza-de-la-o-congregatie-de-maicute-proiectul-blocat-in-itele-politice-ale-consiliului-local","status":"publish","type":"post","link":"https:\/\/buletin.de\/bucuresti\/sector-1-dezlegare-de-la-vatican-pentru-cumpararea-cladirii-liceului-tonitza-de-la-o-congregatie-de-maicute-proiectul-blocat-in-itele-politice-ale-consiliului-local\/","title":{"rendered":"Sector 1 | Dezlegare de la Vatican pentru cump\u0103rarea cl\u0103dirii Liceului Tonitza de la o congrega\u0163ie de m\u0103icu\u0163e. Proiectul, blocat \u00een i\u0163ele politice ale Consiliului Local"},"content":{"rendered":"\n<p><em>UPDATE\/\/\/ Proiectul de hot\u0103r\u00e2re privind constituirea unei comisii mixte de negociere \u00een vederea cump\u0103r\u0103rii imobilului situat \u00een Str. General Berthelot nr. 56-58, Sector 1, Bucure\u0219ti, \u00een vederea desf\u0103\u0219ur\u0103rii activit\u0103\u021bii Liceului de Art\u0103 \u201dNicolae Tonitza\u201d a fost adoptat \u00een \u0219edin\u021ba din 7 noiembrie 2023 cu unanimitate de voturi.<\/em><\/p>\n\n\n\n<p>&#8212;<\/p>\n\n\n\n<p><strong>Un proiect pentru cump\u0103rarea cl\u0103dirii \u00een care \u00ee\u015fi are sediul Liceul de Art\u0103 Nicolae Tonitza este pe ordinea de zi a \u015fedin\u0163ei Consiliului Local sector 1 de ast\u0103zi. Consilierii trebuie s\u0103 organizeze o comisie de negociere cu proprietarii. Cl\u0103direa a fost retrocedat\u0103 \u00een 2020 unei congrega\u021bii catolice, c\u0103reia Prim\u0103ria ar trebui s\u0103-i pl\u0103teasc\u0103 chirie lunar\u0103. <\/strong><\/p>\n\n\n\n<p>\u00cen cazul \u00een care proiectul de hot\u0103r\u00e2re este adoptat, comisia de negociere are ca termen de finalizare al acestora mijlocul anului urm\u0103tor, mai exact, 31 iulie 2024. P\u00e2n\u0103 atunci, Sectorul 1 pl\u0103te\u0219te chirie proprietarilor. Cl\u0103direa este evaluat\u0103 la 4 milioane de euro. Congrega\u021bia Jesu a evaluat, cu ajutorul unui expert ANEVAR, \u0219i imobilul, \u0219i chiria datorat\u0103.<\/p>\n\n\n\n<h2 class=\"wp-block-heading\">Al cui era liceul p\u00e2n\u0103 acum?<\/h2>\n\n\n\n<p>Cl\u0103direa de pe strada General Berthelot nr. 56-58 are o istorie veche de peste 120 de ani. Aici a func\u021bionat, la \u00eenceputul secolului XX \u0219i \u00een perioada interbelic\u0103, \u0219coala de fete <em>Sf\u00e2ntul Iosif<\/em>. Dup\u0103 cel de-al Doilea R\u0103zboi Mondial, imobilul a fost na\u021bionalizat de regimul comunist. Din 8 octombrie 1973, imobilul a fost transferat \u00een administrarea Liceului <em>Nicolae Tonitza.<\/em><\/p>\n\n\n\n<p>\u00cen 2020, prin decizia nr. 9149\/04.06.2020, Comisia special\u0103 de retrocedare a unor bunuri imobiliare care au apar\u021binut cultelor religioase din Rom\u00e2nia a decis retrocedarea imobilului \u00een care func\u021bioneaz\u0103 Liceul Nicolae Tonitza <em>Congrega\u021biei Jesu<\/em>.&nbsp;<\/p>\n\n\n\n<p>Conform comisiei de retrocedare, bunul imobil care a fost restituit este compus din mai multe construc\u0163ii \u00een suprafa\u0163\u0103 de 1.681 de metri p\u0103tra\u0163i \u015fi teren \u00een suprafa\u0163\u0103 de peste 3500 de metri p\u0103tra\u0163i.<\/p>\n\n\n\n<p>Prim\u0103ria Sectorului 1 a \u00eencercat \u00eenc\u0103 din 2021 <a href=\"https:\/\/buletin.de\/bucuresti\/primaria-sectorului-1-va-cumpara-cladirea-liceului-de-arta-nicolae-tonitza\/\">cump\u0103rarea imobilului<\/a>, iar procesul a ajuns p\u00e2n\u0103 \u00een stadiul negocierilor \u00eens\u0103, \u00een 2022, Congrega\u021bia Jesu nu a mai putut da curs opera\u021biunii de v\u00e2nzare-cump\u0103rare, deoarece aveau loc ni\u0219te schimb\u0103ri interne \u00een administra\u021bia organiza\u0163iei. Timpul \u00een care imobilul nu a mai putut fi \u00eenstr\u0103inat a fost de un an.&nbsp;<\/p>\n\n\n\n<p>Pe l\u00e2ng\u0103 disponibilitatea congrega\u021biei religioase de a men\u021bine destina\u021bia imobilului ca unitate de \u00eenv\u0103\u021b\u0103m\u00e2nt p\u00e2n\u0103 ce procedurile de achizi\u021bionare puteau fi reluate, ace\u0219tia erau \u0219i obliga\u021bi de lege de a o p\u0103stra, timp de 10 ani, potrivit raportului de specialitate anexat hot\u0103r\u00e2rii.<\/p>\n\n\n\n<h2 class=\"wp-block-heading\">Dezlegare de la Vatican, mai trebuie \u201edezlegarea\u201d de la consilieri<\/h2>\n\n\n\n<p>\u00cen luna octombrie a acestui an, 2023, Prim\u0103ria Municipiului Bucure\u0219ti a fost contactat\u0103 de Congrega\u021bia Jesu pentru a fi reluate procedurile, ace\u0219tia primind \u201edezlegare de la Roma\u201d s\u0103 v\u00e2nd\u0103 imobilul.&nbsp;<\/p>\n\n\n\n<figure class=\"wp-block-image size-large\"><img fetchpriority=\"high\" decoding=\"async\" width=\"900\" height=\"573\" src=\"data:image\/gif;base64,R0lGODlhAQABAAAAACH5BAEKAAEALAAAAAABAAEAAAICTAEAOw==\" data-src=\"https:\/\/buletin.de\/bucuresti\/wp-content\/uploads\/Captura-de-ecran-2023-11-06-124518-1-900x573.jpg\" alt=\"\" class=\"wp-image-68237 lazyload\" data-sizes=\"auto\" data-srcset=\"https:\/\/buletin.de\/bucuresti\/wp-content\/uploads\/Captura-de-ecran-2023-11-06-124518-1-900x573.jpg 900w, https:\/\/buletin.de\/bucuresti\/wp-content\/uploads\/Captura-de-ecran-2023-11-06-124518-1-300x191.jpg 300w, https:\/\/buletin.de\/bucuresti\/wp-content\/uploads\/Captura-de-ecran-2023-11-06-124518-1-768x489.jpg 768w, https:\/\/buletin.de\/bucuresti\/wp-content\/uploads\/Captura-de-ecran-2023-11-06-124518-1-600x382.jpg 600w, https:\/\/buletin.de\/bucuresti\/wp-content\/uploads\/Captura-de-ecran-2023-11-06-124518-1-20x13.jpg 20w, https:\/\/buletin.de\/bucuresti\/wp-content\/uploads\/Captura-de-ecran-2023-11-06-124518-1.jpg 973w\" sizes=\"(max-width: 900px) 100vw, 900px\" \/><\/figure>\n\n\n\n<p>Potrivit purt\u0103torului de cuv\u00e2nt al Prim\u0103riei Sectorului 1, proiectul de fa\u021b\u0103, ce vizeaz\u0103 alc\u0103tuirea comisiei de negociere, nu se afl\u0103 pentru prima dat\u0103 pe ordinea de zi, acesta fiind \u201eblocat\u201d de consilieri.&nbsp;<\/p>\n\n\n\n<h2 class=\"wp-block-heading\">Ce este Congrega\u021bia Jesu<\/h2>\n\n\n\n<p><em>Congrega\u021bia Jesu<\/em> este o congrega\u021bie catolic\u0103 de m\u0103icu\u021be fondat\u0103 de Mary Ward, \u00een anul <strong>1609<\/strong>. Fondatoarea a fost printre primele femei care au luptat pentru includerea \u00een mod activ a femeilor \u00een via\u021ba apostolic\u0103 a Bisericii Catolice. La \u00eenceput, autorit\u0103\u021bile papale erau \u00eempotriva implic\u0103rii femeilor \u00een stilul de via\u0163\u0103 monahal, iar Mary Ward a fost b\u0103gat\u0103 la \u00eenchisoare, \u00eens\u0103 \u00een 1632, \u00een cadrul unei audien\u021be cu Papa de la vremea respectiv\u0103, aceasta \u0219i-a prezentat cazul, absolvind-o de acuza\u021bia de \u201eerezie\u201d. A fost nevoie de mai bine de dou\u0103 secole pentru ca institu\u021bia s\u0103 primeasc\u0103 binecuv\u00e2ntarea Bisericii. Asta s-a \u00eent\u00e2mplat \u00een 1877.<\/p>\n\n\n\n<figure class=\"wp-block-embed is-type-wp-embed is-provider-buletin-de-bucure\u0219ti wp-block-embed-buletin-de-bucure\u0219ti\"><div class=\"wp-block-embed__wrapper\">\n<blockquote class=\"wp-embedded-content\" data-secret=\"bkA7Wc2wWq\"><a href=\"https:\/\/buletin.de\/bucuresti\/primaria-sectorului-1-va-cumpara-cladirea-liceului-de-arta-nicolae-tonitza\/\">Prim\u0103ria Sectorului 1 va cump\u00e3ra cl\u0103direa Liceului de Art\u0103 \u201eNicolae Tonitza\u201c<\/a><\/blockquote><iframe class=\"wp-embedded-content\" sandbox=\"allow-scripts\" security=\"restricted\" style=\"position: absolute; clip: rect(1px, 1px, 1px, 1px);\" title=\"&#8220;Prim\u0103ria Sectorului 1 va cump\u00e3ra cl\u0103direa Liceului de Art\u0103 \u201eNicolae Tonitza\u201c&#8221; &#8212; Buletin de Bucure\u0219ti\" src=\"https:\/\/buletin.de\/bucuresti\/primaria-sectorului-1-va-cumpara-cladirea-liceului-de-arta-nicolae-tonitza\/embed\/#?secret=18z4fAN4gq#?secret=bkA7Wc2wWq\" data-secret=\"bkA7Wc2wWq\" width=\"600\" height=\"338\" frameborder=\"0\" marginwidth=\"0\" marginheight=\"0\" scrolling=\"no\"><\/iframe>\n<\/div><\/figure>\n","protected":false},"excerpt":{"rendered":"<p>UPDATE\/\/\/ Proiectul de hot\u0103r\u00e2re privind constituirea unei comisii mixte de negociere \u00een vederea cump\u0103r\u0103rii imobilului situat \u00een Str. General Berthelot nr. 56-58, Sector 1, Bucure\u0219ti, \u00een vederea desf\u0103\u0219ur\u0103rii activit\u0103\u021bii Liceului de Art\u0103 \u201dNicolae Tonitza\u201d a fost adoptat \u00een \u0219edin\u021ba din 7 noiembrie 2023 cu unanimitate de voturi. &#8212; Un proiect pentru cump\u0103rarea cl\u0103dirii \u00een care [&hellip;]<\/p>\n","protected":false},"author":47,"featured_media":46934,"comment_status":"closed","ping_status":"open","sticky":false,"template":"","format":"standard","meta":{"_acf_changed":false,"inline_featured_image":false,"ngg_post_thumbnail":0,"footnotes":""},"categories":[6994,3419,24],"tags":[7676,7677,2011,3683,7678,34,7199,308],"ppma_author":[22580],"class_list":["post-68217","post","type-post","status-publish","format-standard","has-post-thumbnail","hentry","category-stiri-2","category-featured","category-primarie","tag-arte-plastice","tag-comgregatia-jesu","tag-consiliul-local-sector-1","tag-liceul-nicolae-tonitza","tag-maicute","tag-primaria","tag-retrocedare","tag-sector-1"],"acf":[],"yoast_head":"<!-- This site is optimized with the Yoast SEO Premium plugin v25.3 (Yoast SEO v27.4) - https:\/\/yoast.com\/product\/yoast-seo-premium-wordpress\/ -->\n<title>Sector 1 | Dezlegare de la Vatican pentru cump\u0103rarea cl\u0103dirii Liceului Tonitza de la o congrega\u0163ie de m\u0103icu\u0163e. Proiectul, blocat \u00een i\u0163ele politice ale Consiliului Local - Buletin de Bucure\u0219ti<\/title>\n<meta name=\"robots\" content=\"index, follow, max-snippet:-1, max-image-preview:large, max-video-preview:-1\" \/>\n<link rel=\"canonical\" href=\"https:\/\/buletin.de\/bucuresti\/sector-1-dezlegare-de-la-vatican-pentru-cumpararea-cladirii-liceului-tonitza-de-la-o-congregatie-de-maicute-proiectul-blocat-in-itele-politice-ale-consiliului-local\/\" \/>\n<meta property=\"og:locale\" content=\"en_GB\" \/>\n<meta property=\"og:type\" content=\"article\" \/>\n<meta property=\"og:title\" content=\"Sector 1 | Dezlegare de la Vatican pentru cump\u0103rarea cl\u0103dirii Liceului Tonitza de la o congrega\u0163ie de m\u0103icu\u0163e. Proiectul, blocat \u00een i\u0163ele politice ale Consiliului Local\" \/>\n<meta property=\"og:description\" content=\"UPDATE\/\/\/ Proiectul de hot\u0103r\u00e2re privind constituirea unei comisii mixte de negociere \u00een vederea cump\u0103r\u0103rii imobilului situat \u00een Str. General Berthelot nr. 56-58, Sector 1, Bucure\u0219ti, \u00een vederea desf\u0103\u0219ur\u0103rii activit\u0103\u021bii Liceului de Art\u0103 \u201dNicolae Tonitza\u201d a fost adoptat \u00een \u0219edin\u021ba din 7 noiembrie 2023 cu unanimitate de voturi. &#8212; Un proiect pentru cump\u0103rarea cl\u0103dirii \u00een care [&hellip;]\" \/>\n<meta property=\"og:url\" content=\"https:\/\/buletin.de\/bucuresti\/sector-1-dezlegare-de-la-vatican-pentru-cumpararea-cladirii-liceului-tonitza-de-la-o-congregatie-de-maicute-proiectul-blocat-in-itele-politice-ale-consiliului-local\/\" \/>\n<meta property=\"og:site_name\" content=\"Buletin de Bucure\u0219ti\" \/>\n<meta property=\"article:publisher\" content=\"https:\/\/www.facebook.com\/buletin.de.buc\" \/>\n<meta property=\"article:published_time\" content=\"2023-11-07T02:17:53+00:00\" \/>\n<meta property=\"article:modified_time\" content=\"2023-11-08T05:50:34+00:00\" \/>\n<meta property=\"og:image\" content=\"https:\/\/buletin.de\/bucuresti\/wp-content\/uploads\/Tonitza-scaled-1.webp\" \/>\n\t<meta property=\"og:image:width\" content=\"1068\" \/>\n\t<meta property=\"og:image:height\" content=\"712\" \/>\n\t<meta property=\"og:image:type\" content=\"image\/webp\" \/>\n<meta name=\"author\" content=\"Adina C\u0103p\u00eelnean\" \/>\n<meta name=\"twitter:card\" content=\"summary_large_image\" \/>\n<meta name=\"twitter:label1\" content=\"Written by\" \/>\n\t<meta name=\"twitter:data1\" content=\"Adina C\u0103p\u00eelnean\" \/>\n\t<meta name=\"twitter:label2\" content=\"Estimated reading time\" \/>\n\t<meta name=\"twitter:data2\" content=\"3 minutes\" \/>\n<script type=\"application\/ld+json\" class=\"yoast-schema-graph\">{\"@context\":\"https:\\\/\\\/schema.org\",\"@graph\":[{\"@type\":\"Article\",\"@id\":\"https:\\\/\\\/buletin.de\\\/bucuresti\\\/sector-1-dezlegare-de-la-vatican-pentru-cumpararea-cladirii-liceului-tonitza-de-la-o-congregatie-de-maicute-proiectul-blocat-in-itele-politice-ale-consiliului-local\\\/#article\",\"isPartOf\":{\"@id\":\"https:\\\/\\\/buletin.de\\\/bucuresti\\\/sector-1-dezlegare-de-la-vatican-pentru-cumpararea-cladirii-liceului-tonitza-de-la-o-congregatie-de-maicute-proiectul-blocat-in-itele-politice-ale-consiliului-local\\\/\"},\"author\":{\"name\":\"Adina C\u0103p\u00eelnean\",\"@id\":\"https:\\\/\\\/buletin.de\\\/bucuresti\\\/#\\\/schema\\\/person\\\/ab174cf6711728e4ee83d672acf9a912\"},\"headline\":\"Sector 1 | Dezlegare de la Vatican pentru cump\u0103rarea cl\u0103dirii Liceului Tonitza de la o congrega\u0163ie de m\u0103icu\u0163e. Proiectul, blocat \u00een i\u0163ele politice ale Consiliului Local\",\"datePublished\":\"2023-11-07T02:17:53+00:00\",\"dateModified\":\"2023-11-08T05:50:34+00:00\",\"mainEntityOfPage\":{\"@id\":\"https:\\\/\\\/buletin.de\\\/bucuresti\\\/sector-1-dezlegare-de-la-vatican-pentru-cumpararea-cladirii-liceului-tonitza-de-la-o-congregatie-de-maicute-proiectul-blocat-in-itele-politice-ale-consiliului-local\\\/\"},\"wordCount\":670,\"publisher\":{\"@id\":\"https:\\\/\\\/buletin.de\\\/bucuresti\\\/#organization\"},\"image\":{\"@id\":\"https:\\\/\\\/buletin.de\\\/bucuresti\\\/sector-1-dezlegare-de-la-vatican-pentru-cumpararea-cladirii-liceului-tonitza-de-la-o-congregatie-de-maicute-proiectul-blocat-in-itele-politice-ale-consiliului-local\\\/#primaryimage\"},\"thumbnailUrl\":\"https:\\\/\\\/buletin.de\\\/bucuresti\\\/wp-content\\\/uploads\\\/Tonitza-scaled-1.webp\",\"keywords\":[\"arte plastice\",\"comgregatia jesu\",\"consiliul local sector 1\",\"liceul nicolae tonitza\",\"maicute\",\"primaria\",\"retrocedare\",\"Sector 1\"],\"articleSection\":[\"Articole\",\"Featured\",\"Prim\u0103rie\"],\"inLanguage\":\"en-GB\",\"copyrightYear\":\"2023\",\"copyrightHolder\":{\"@id\":\"https:\\\/\\\/buletin.de\\\/bucuresti\\\/#organization\"}},{\"@type\":\"WebPage\",\"@id\":\"https:\\\/\\\/buletin.de\\\/bucuresti\\\/sector-1-dezlegare-de-la-vatican-pentru-cumpararea-cladirii-liceului-tonitza-de-la-o-congregatie-de-maicute-proiectul-blocat-in-itele-politice-ale-consiliului-local\\\/\",\"url\":\"https:\\\/\\\/buletin.de\\\/bucuresti\\\/sector-1-dezlegare-de-la-vatican-pentru-cumpararea-cladirii-liceului-tonitza-de-la-o-congregatie-de-maicute-proiectul-blocat-in-itele-politice-ale-consiliului-local\\\/\",\"name\":\"Sector 1 | Dezlegare de la Vatican pentru cump\u0103rarea cl\u0103dirii Liceului Tonitza de la o congrega\u0163ie de m\u0103icu\u0163e. Proiectul, blocat \u00een i\u0163ele politice ale Consiliului Local - Buletin de Bucure\u0219ti\",\"isPartOf\":{\"@id\":\"https:\\\/\\\/buletin.de\\\/bucuresti\\\/#website\"},\"primaryImageOfPage\":{\"@id\":\"https:\\\/\\\/buletin.de\\\/bucuresti\\\/sector-1-dezlegare-de-la-vatican-pentru-cumpararea-cladirii-liceului-tonitza-de-la-o-congregatie-de-maicute-proiectul-blocat-in-itele-politice-ale-consiliului-local\\\/#primaryimage\"},\"image\":{\"@id\":\"https:\\\/\\\/buletin.de\\\/bucuresti\\\/sector-1-dezlegare-de-la-vatican-pentru-cumpararea-cladirii-liceului-tonitza-de-la-o-congregatie-de-maicute-proiectul-blocat-in-itele-politice-ale-consiliului-local\\\/#primaryimage\"},\"thumbnailUrl\":\"https:\\\/\\\/buletin.de\\\/bucuresti\\\/wp-content\\\/uploads\\\/Tonitza-scaled-1.webp\",\"datePublished\":\"2023-11-07T02:17:53+00:00\",\"dateModified\":\"2023-11-08T05:50:34+00:00\",\"breadcrumb\":{\"@id\":\"https:\\\/\\\/buletin.de\\\/bucuresti\\\/sector-1-dezlegare-de-la-vatican-pentru-cumpararea-cladirii-liceului-tonitza-de-la-o-congregatie-de-maicute-proiectul-blocat-in-itele-politice-ale-consiliului-local\\\/#breadcrumb\"},\"inLanguage\":\"en-GB\",\"potentialAction\":[{\"@type\":\"ReadAction\",\"target\":[\"https:\\\/\\\/buletin.de\\\/bucuresti\\\/sector-1-dezlegare-de-la-vatican-pentru-cumpararea-cladirii-liceului-tonitza-de-la-o-congregatie-de-maicute-proiectul-blocat-in-itele-politice-ale-consiliului-local\\\/\"]}]},{\"@type\":\"ImageObject\",\"inLanguage\":\"en-GB\",\"@id\":\"https:\\\/\\\/buletin.de\\\/bucuresti\\\/sector-1-dezlegare-de-la-vatican-pentru-cumpararea-cladirii-liceului-tonitza-de-la-o-congregatie-de-maicute-proiectul-blocat-in-itele-politice-ale-consiliului-local\\\/#primaryimage\",\"url\":\"https:\\\/\\\/buletin.de\\\/bucuresti\\\/wp-content\\\/uploads\\\/Tonitza-scaled-1.webp\",\"contentUrl\":\"https:\\\/\\\/buletin.de\\\/bucuresti\\\/wp-content\\\/uploads\\\/Tonitza-scaled-1.webp\",\"width\":1068,\"height\":712},{\"@type\":\"BreadcrumbList\",\"@id\":\"https:\\\/\\\/buletin.de\\\/bucuresti\\\/sector-1-dezlegare-de-la-vatican-pentru-cumpararea-cladirii-liceului-tonitza-de-la-o-congregatie-de-maicute-proiectul-blocat-in-itele-politice-ale-consiliului-local\\\/#breadcrumb\",\"itemListElement\":[{\"@type\":\"ListItem\",\"position\":1,\"name\":\"Acas\u0103\",\"item\":\"https:\\\/\\\/buletin.de\\\/bucuresti\\\/\"},{\"@type\":\"ListItem\",\"position\":2,\"name\":\"Sector 1 | Dezlegare de la Vatican pentru cump\u0103rarea cl\u0103dirii Liceului Tonitza de la o congrega\u0163ie de m\u0103icu\u0163e. Proiectul, blocat \u00een i\u0163ele politice ale Consiliului Local\"}]},{\"@type\":\"WebSite\",\"@id\":\"https:\\\/\\\/buletin.de\\\/bucuresti\\\/#website\",\"url\":\"https:\\\/\\\/buletin.de\\\/bucuresti\\\/\",\"name\":\"Buletin de Bucure\u0219ti\",\"description\":\"\u0218tiri \u0219i investiga\u021bii esen\u021biale din capital\u0103\",\"publisher\":{\"@id\":\"https:\\\/\\\/buletin.de\\\/bucuresti\\\/#organization\"},\"potentialAction\":[{\"@type\":\"SearchAction\",\"target\":{\"@type\":\"EntryPoint\",\"urlTemplate\":\"https:\\\/\\\/buletin.de\\\/bucuresti\\\/?s={search_term_string}\"},\"query-input\":{\"@type\":\"PropertyValueSpecification\",\"valueRequired\":true,\"valueName\":\"search_term_string\"}}],\"inLanguage\":\"en-GB\"},{\"@type\":\"Organization\",\"@id\":\"https:\\\/\\\/buletin.de\\\/bucuresti\\\/#organization\",\"name\":\"Buletin de Bucure\u0219ti\",\"url\":\"https:\\\/\\\/buletin.de\\\/bucuresti\\\/\",\"logo\":{\"@type\":\"ImageObject\",\"inLanguage\":\"en-GB\",\"@id\":\"https:\\\/\\\/buletin.de\\\/bucuresti\\\/#\\\/schema\\\/logo\\\/image\\\/\",\"url\":\"https:\\\/\\\/buletin.de\\\/bucuresti\\\/wp-content\\\/uploads\\\/logo-bdb-full-wide-vernil-transparent.png\",\"contentUrl\":\"https:\\\/\\\/buletin.de\\\/bucuresti\\\/wp-content\\\/uploads\\\/logo-bdb-full-wide-vernil-transparent.png\",\"width\":1782,\"height\":626,\"caption\":\"Buletin de Bucure\u0219ti\"},\"image\":{\"@id\":\"https:\\\/\\\/buletin.de\\\/bucuresti\\\/#\\\/schema\\\/logo\\\/image\\\/\"},\"sameAs\":[\"https:\\\/\\\/www.facebook.com\\\/buletin.de.buc\",\"https:\\\/\\\/www.instagram.com\\\/buletinde.bucuresti\\\/\"]},{\"@type\":\"Person\",\"@id\":\"https:\\\/\\\/buletin.de\\\/bucuresti\\\/#\\\/schema\\\/person\\\/ab174cf6711728e4ee83d672acf9a912\",\"name\":\"Adina C\u0103p\u00eelnean\",\"image\":{\"@type\":\"ImageObject\",\"inLanguage\":\"en-GB\",\"@id\":\"https:\\\/\\\/secure.gravatar.com\\\/avatar\\\/4fe9675d6282fd7c1aa4e486a037d532d5728fc16a30360f293eb6126b2e73ad?s=96&d=monsterid&r=ge2b23868508aec3460d3c6a11d3b599a\",\"url\":\"https:\\\/\\\/secure.gravatar.com\\\/avatar\\\/4fe9675d6282fd7c1aa4e486a037d532d5728fc16a30360f293eb6126b2e73ad?s=96&d=monsterid&r=g\",\"contentUrl\":\"https:\\\/\\\/secure.gravatar.com\\\/avatar\\\/4fe9675d6282fd7c1aa4e486a037d532d5728fc16a30360f293eb6126b2e73ad?s=96&d=monsterid&r=g\",\"caption\":\"Adina C\u0103p\u00eelnean\"},\"url\":\"https:\\\/\\\/buletin.de\\\/bucuresti\\\/author\\\/adinacapilnean\\\/\"}]}<\/script>\n<!-- \/ Yoast SEO Premium plugin. -->","yoast_head_json":{"title":"Sector 1 | Dezlegare de la Vatican pentru cump\u0103rarea cl\u0103dirii Liceului Tonitza de la o congrega\u0163ie de m\u0103icu\u0163e. Proiectul, blocat \u00een i\u0163ele politice ale Consiliului Local - Buletin de Bucure\u0219ti","robots":{"index":"index","follow":"follow","max-snippet":"max-snippet:-1","max-image-preview":"max-image-preview:large","max-video-preview":"max-video-preview:-1"},"canonical":"https:\/\/buletin.de\/bucuresti\/sector-1-dezlegare-de-la-vatican-pentru-cumpararea-cladirii-liceului-tonitza-de-la-o-congregatie-de-maicute-proiectul-blocat-in-itele-politice-ale-consiliului-local\/","og_locale":"en_GB","og_type":"article","og_title":"Sector 1 | Dezlegare de la Vatican pentru cump\u0103rarea cl\u0103dirii Liceului Tonitza de la o congrega\u0163ie de m\u0103icu\u0163e. Proiectul, blocat \u00een i\u0163ele politice ale Consiliului Local","og_description":"UPDATE\/\/\/ Proiectul de hot\u0103r\u00e2re privind constituirea unei comisii mixte de negociere \u00een vederea cump\u0103r\u0103rii imobilului situat \u00een Str. General Berthelot nr. 56-58, Sector 1, Bucure\u0219ti, \u00een vederea desf\u0103\u0219ur\u0103rii activit\u0103\u021bii Liceului de Art\u0103 \u201dNicolae Tonitza\u201d a fost adoptat \u00een \u0219edin\u021ba din 7 noiembrie 2023 cu unanimitate de voturi. &#8212; Un proiect pentru cump\u0103rarea cl\u0103dirii \u00een care [&hellip;]","og_url":"https:\/\/buletin.de\/bucuresti\/sector-1-dezlegare-de-la-vatican-pentru-cumpararea-cladirii-liceului-tonitza-de-la-o-congregatie-de-maicute-proiectul-blocat-in-itele-politice-ale-consiliului-local\/","og_site_name":"Buletin de Bucure\u0219ti","article_publisher":"https:\/\/www.facebook.com\/buletin.de.buc","article_published_time":"2023-11-07T02:17:53+00:00","article_modified_time":"2023-11-08T05:50:34+00:00","og_image":[{"width":1068,"height":712,"url":"https:\/\/buletin.de\/bucuresti\/wp-content\/uploads\/Tonitza-scaled-1.webp","type":"image\/webp"}],"author":"Adina C\u0103p\u00eelnean","twitter_card":"summary_large_image","twitter_misc":{"Written by":"Adina C\u0103p\u00eelnean","Estimated reading time":"3 minutes"},"schema":{"@context":"https:\/\/schema.org","@graph":[{"@type":"Article","@id":"https:\/\/buletin.de\/bucuresti\/sector-1-dezlegare-de-la-vatican-pentru-cumpararea-cladirii-liceului-tonitza-de-la-o-congregatie-de-maicute-proiectul-blocat-in-itele-politice-ale-consiliului-local\/#article","isPartOf":{"@id":"https:\/\/buletin.de\/bucuresti\/sector-1-dezlegare-de-la-vatican-pentru-cumpararea-cladirii-liceului-tonitza-de-la-o-congregatie-de-maicute-proiectul-blocat-in-itele-politice-ale-consiliului-local\/"},"author":{"name":"Adina C\u0103p\u00eelnean","@id":"https:\/\/buletin.de\/bucuresti\/#\/schema\/person\/ab174cf6711728e4ee83d672acf9a912"},"headline":"Sector 1 | Dezlegare de la Vatican pentru cump\u0103rarea cl\u0103dirii Liceului Tonitza de la o congrega\u0163ie de m\u0103icu\u0163e. Proiectul, blocat \u00een i\u0163ele politice ale Consiliului Local","datePublished":"2023-11-07T02:17:53+00:00","dateModified":"2023-11-08T05:50:34+00:00","mainEntityOfPage":{"@id":"https:\/\/buletin.de\/bucuresti\/sector-1-dezlegare-de-la-vatican-pentru-cumpararea-cladirii-liceului-tonitza-de-la-o-congregatie-de-maicute-proiectul-blocat-in-itele-politice-ale-consiliului-local\/"},"wordCount":670,"publisher":{"@id":"https:\/\/buletin.de\/bucuresti\/#organization"},"image":{"@id":"https:\/\/buletin.de\/bucuresti\/sector-1-dezlegare-de-la-vatican-pentru-cumpararea-cladirii-liceului-tonitza-de-la-o-congregatie-de-maicute-proiectul-blocat-in-itele-politice-ale-consiliului-local\/#primaryimage"},"thumbnailUrl":"https:\/\/buletin.de\/bucuresti\/wp-content\/uploads\/Tonitza-scaled-1.webp","keywords":["arte plastice","comgregatia jesu","consiliul local sector 1","liceul nicolae tonitza","maicute","primaria","retrocedare","Sector 1"],"articleSection":["Articole","Featured","Prim\u0103rie"],"inLanguage":"en-GB","copyrightYear":"2023","copyrightHolder":{"@id":"https:\/\/buletin.de\/bucuresti\/#organization"}},{"@type":"WebPage","@id":"https:\/\/buletin.de\/bucuresti\/sector-1-dezlegare-de-la-vatican-pentru-cumpararea-cladirii-liceului-tonitza-de-la-o-congregatie-de-maicute-proiectul-blocat-in-itele-politice-ale-consiliului-local\/","url":"https:\/\/buletin.de\/bucuresti\/sector-1-dezlegare-de-la-vatican-pentru-cumpararea-cladirii-liceului-tonitza-de-la-o-congregatie-de-maicute-proiectul-blocat-in-itele-politice-ale-consiliului-local\/","name":"Sector 1 | Dezlegare de la Vatican pentru cump\u0103rarea cl\u0103dirii Liceului Tonitza de la o congrega\u0163ie de m\u0103icu\u0163e. Proiectul, blocat \u00een i\u0163ele politice ale Consiliului Local - Buletin de Bucure\u0219ti","isPartOf":{"@id":"https:\/\/buletin.de\/bucuresti\/#website"},"primaryImageOfPage":{"@id":"https:\/\/buletin.de\/bucuresti\/sector-1-dezlegare-de-la-vatican-pentru-cumpararea-cladirii-liceului-tonitza-de-la-o-congregatie-de-maicute-proiectul-blocat-in-itele-politice-ale-consiliului-local\/#primaryimage"},"image":{"@id":"https:\/\/buletin.de\/bucuresti\/sector-1-dezlegare-de-la-vatican-pentru-cumpararea-cladirii-liceului-tonitza-de-la-o-congregatie-de-maicute-proiectul-blocat-in-itele-politice-ale-consiliului-local\/#primaryimage"},"thumbnailUrl":"https:\/\/buletin.de\/bucuresti\/wp-content\/uploads\/Tonitza-scaled-1.webp","datePublished":"2023-11-07T02:17:53+00:00","dateModified":"2023-11-08T05:50:34+00:00","breadcrumb":{"@id":"https:\/\/buletin.de\/bucuresti\/sector-1-dezlegare-de-la-vatican-pentru-cumpararea-cladirii-liceului-tonitza-de-la-o-congregatie-de-maicute-proiectul-blocat-in-itele-politice-ale-consiliului-local\/#breadcrumb"},"inLanguage":"en-GB","potentialAction":[{"@type":"ReadAction","target":["https:\/\/buletin.de\/bucuresti\/sector-1-dezlegare-de-la-vatican-pentru-cumpararea-cladirii-liceului-tonitza-de-la-o-congregatie-de-maicute-proiectul-blocat-in-itele-politice-ale-consiliului-local\/"]}]},{"@type":"ImageObject","inLanguage":"en-GB","@id":"https:\/\/buletin.de\/bucuresti\/sector-1-dezlegare-de-la-vatican-pentru-cumpararea-cladirii-liceului-tonitza-de-la-o-congregatie-de-maicute-proiectul-blocat-in-itele-politice-ale-consiliului-local\/#primaryimage","url":"https:\/\/buletin.de\/bucuresti\/wp-content\/uploads\/Tonitza-scaled-1.webp","contentUrl":"https:\/\/buletin.de\/bucuresti\/wp-content\/uploads\/Tonitza-scaled-1.webp","width":1068,"height":712},{"@type":"BreadcrumbList","@id":"https:\/\/buletin.de\/bucuresti\/sector-1-dezlegare-de-la-vatican-pentru-cumpararea-cladirii-liceului-tonitza-de-la-o-congregatie-de-maicute-proiectul-blocat-in-itele-politice-ale-consiliului-local\/#breadcrumb","itemListElement":[{"@type":"ListItem","position":1,"name":"Acas\u0103","item":"https:\/\/buletin.de\/bucuresti\/"},{"@type":"ListItem","position":2,"name":"Sector 1 | Dezlegare de la Vatican pentru cump\u0103rarea cl\u0103dirii Liceului Tonitza de la o congrega\u0163ie de m\u0103icu\u0163e. Proiectul, blocat \u00een i\u0163ele politice ale Consiliului Local"}]},{"@type":"WebSite","@id":"https:\/\/buletin.de\/bucuresti\/#website","url":"https:\/\/buletin.de\/bucuresti\/","name":"Buletin de Bucure\u0219ti","description":"\u0218tiri \u0219i investiga\u021bii esen\u021biale din capital\u0103","publisher":{"@id":"https:\/\/buletin.de\/bucuresti\/#organization"},"potentialAction":[{"@type":"SearchAction","target":{"@type":"EntryPoint","urlTemplate":"https:\/\/buletin.de\/bucuresti\/?s={search_term_string}"},"query-input":{"@type":"PropertyValueSpecification","valueRequired":true,"valueName":"search_term_string"}}],"inLanguage":"en-GB"},{"@type":"Organization","@id":"https:\/\/buletin.de\/bucuresti\/#organization","name":"Buletin de Bucure\u0219ti","url":"https:\/\/buletin.de\/bucuresti\/","logo":{"@type":"ImageObject","inLanguage":"en-GB","@id":"https:\/\/buletin.de\/bucuresti\/#\/schema\/logo\/image\/","url":"https:\/\/buletin.de\/bucuresti\/wp-content\/uploads\/logo-bdb-full-wide-vernil-transparent.png","contentUrl":"https:\/\/buletin.de\/bucuresti\/wp-content\/uploads\/logo-bdb-full-wide-vernil-transparent.png","width":1782,"height":626,"caption":"Buletin de Bucure\u0219ti"},"image":{"@id":"https:\/\/buletin.de\/bucuresti\/#\/schema\/logo\/image\/"},"sameAs":["https:\/\/www.facebook.com\/buletin.de.buc","https:\/\/www.instagram.com\/buletinde.bucuresti\/"]},{"@type":"Person","@id":"https:\/\/buletin.de\/bucuresti\/#\/schema\/person\/ab174cf6711728e4ee83d672acf9a912","name":"Adina C\u0103p\u00eelnean","image":{"@type":"ImageObject","inLanguage":"en-GB","@id":"https:\/\/secure.gravatar.com\/avatar\/4fe9675d6282fd7c1aa4e486a037d532d5728fc16a30360f293eb6126b2e73ad?s=96&d=monsterid&r=ge2b23868508aec3460d3c6a11d3b599a","url":"https:\/\/secure.gravatar.com\/avatar\/4fe9675d6282fd7c1aa4e486a037d532d5728fc16a30360f293eb6126b2e73ad?s=96&d=monsterid&r=g","contentUrl":"https:\/\/secure.gravatar.com\/avatar\/4fe9675d6282fd7c1aa4e486a037d532d5728fc16a30360f293eb6126b2e73ad?s=96&d=monsterid&r=g","caption":"Adina C\u0103p\u00eelnean"},"url":"https:\/\/buletin.de\/bucuresti\/author\/adinacapilnean\/"}]}},"authors":[{"term_id":22580,"user_id":47,"is_guest":0,"slug":"adinacapilnean","display_name":"Adina C\u0103p\u00eelnean","avatar_url":"https:\/\/secure.gravatar.com\/avatar\/4fe9675d6282fd7c1aa4e486a037d532d5728fc16a30360f293eb6126b2e73ad?s=96&d=monsterid&r=g","0":null,"1":"","2":"","3":"","4":"","5":"","6":"","7":"","8":""}],"_links":{"self":[{"href":"https:\/\/buletin.de\/bucuresti\/wp-json\/wp\/v2\/posts\/68217","targetHints":{"allow":["GET"]}}],"collection":[{"href":"https:\/\/buletin.de\/bucuresti\/wp-json\/wp\/v2\/posts"}],"about":[{"href":"https:\/\/buletin.de\/bucuresti\/wp-json\/wp\/v2\/types\/post"}],"author":[{"embeddable":true,"href":"https:\/\/buletin.de\/bucuresti\/wp-json\/wp\/v2\/users\/47"}],"replies":[{"embeddable":true,"href":"https:\/\/buletin.de\/bucuresti\/wp-json\/wp\/v2\/comments?post=68217"}],"version-history":[{"count":9,"href":"https:\/\/buletin.de\/bucuresti\/wp-json\/wp\/v2\/posts\/68217\/revisions"}],"predecessor-version":[{"id":68361,"href":"https:\/\/buletin.de\/bucuresti\/wp-json\/wp\/v2\/posts\/68217\/revisions\/68361"}],"wp:featuredmedia":[{"embeddable":true,"href":"https:\/\/buletin.de\/bucuresti\/wp-json\/wp\/v2\/media\/46934"}],"wp:attachment":[{"href":"https:\/\/buletin.de\/bucuresti\/wp-json\/wp\/v2\/media?parent=68217"}],"wp:term":[{"taxonomy":"category","embeddable":true,"href":"https:\/\/buletin.de\/bucuresti\/wp-json\/wp\/v2\/categories?post=68217"},{"taxonomy":"post_tag","embeddable":true,"href":"https:\/\/buletin.de\/bucuresti\/wp-json\/wp\/v2\/tags?post=68217"},{"taxonomy":"author","embeddable":true,"href":"https:\/\/buletin.de\/bucuresti\/wp-json\/wp\/v2\/ppma_author?post=68217"}],"curies":[{"name":"wp","href":"https:\/\/api.w.org\/{rel}","templated":true}]}}