{"id":68182,"date":"2023-11-06T10:06:30","date_gmt":"2023-11-06T08:06:30","guid":{"rendered":"https:\/\/buletin.de\/bucuresti\/?p=68182"},"modified":"2023-11-06T10:06:30","modified_gmt":"2023-11-06T08:06:30","slug":"valul-patru-de-deratizare-a-inceput-vanatoarea-de-sobolani-in-pietele-bucurestene","status":"publish","type":"post","link":"https:\/\/buletin.de\/bucuresti\/valul-patru-de-deratizare-a-inceput-vanatoarea-de-sobolani-in-pietele-bucurestene\/","title":{"rendered":"Valul patru de deratizare | A \u00eenceput \u201ev\u00e2n\u0103toarea\u201d de \u015fobolani \u00een pie\u0163ele bucure\u015ftene"},"content":{"rendered":"\n<p><strong>A \u00eenceput deratizarea \u00een pie\u0163ele \u015fi t\u00e2rgurile agroalimentare bucure\u015ftene. \u00cen aceast\u0103 diminea\u0163\u0103, angaja\u0163ii Companiei Municipale Eco Igienizare au dat startul celei de-a patra campanii \u00eempotriva roz\u0103toarelor d\u0103un\u0103toare. Monteaz\u0103 cutii cu raticid, \u00een toate cele \u015fase sectoare ale Capitalei.<\/strong><\/p>\n\n\n\n<p>Sumbstan\u021bele folosite pentru deratizare difer\u0103 \u00een func\u021bie de spa\u021biul \u00een care sunt folosite (\u00eenchis sau deschis) \u0219i sunt urm\u0103toarele:<\/p>\n\n\n\n<ul class=\"wp-block-list\">\n<li>\u00cen interior, cu prec\u0103dere \u00een subsoluri, <em>\u201ese folose\u0219te substan\u021ba raticid <\/em><strong><em>AGRORAT PELLET<\/em><\/strong><em>, amplasat\u0103 \u00een sta\u021bii de intoxicare de carton&#8221;,<\/em> adic\u0103 \u00een cutii de mici dimensiune de carton.<\/li>\n<\/ul>\n\n\n\n<figure class=\"wp-block-image size-large is-resized\"><img fetchpriority=\"high\" decoding=\"async\" width=\"675\" height=\"900\" src=\"data:image\/gif;base64,R0lGODlhAQABAAAAACH5BAEKAAEALAAAAAABAAEAAAICTAEAOw==\" data-src=\"https:\/\/buletin.de\/bucuresti\/wp-content\/uploads\/1000037865-675x900.jpg\" alt=\"\" class=\"wp-image-68187 lazyload\" style=\"aspect-ratio:0.75;width:840px;height:auto\" data-sizes=\"auto\" data-srcset=\"https:\/\/buletin.de\/bucuresti\/wp-content\/uploads\/1000037865-675x900.jpg 675w, https:\/\/buletin.de\/bucuresti\/wp-content\/uploads\/1000037865-225x300.jpg 225w, https:\/\/buletin.de\/bucuresti\/wp-content\/uploads\/1000037865-768x1024.jpg 768w, https:\/\/buletin.de\/bucuresti\/wp-content\/uploads\/1000037865-600x800.jpg 600w, https:\/\/buletin.de\/bucuresti\/wp-content\/uploads\/1000037865-20x27.jpg 20w, https:\/\/buletin.de\/bucuresti\/wp-content\/uploads\/1000037865.jpg 1080w\" sizes=\"(max-width: 675px) 100vw, 675px\" \/><figcaption class=\"wp-element-caption\">Surs\u0103: CMEI, Facebook<\/figcaption><\/figure>\n\n\n\n<ul class=\"wp-block-list\">\n<li>\u00cen spa\u021biile exterioare, <em>\u201ese folose\u0219te substan\u021ba raticid <\/em><strong><em>RACUM PASTE<\/em><\/strong><em>, amplasat\u0103 \u00een sta\u021bii de intoxicare PVC&#8221;.<\/em><\/li>\n<\/ul>\n\n\n\n<p>\u00cen luna precedent\u0103, compania a efectuat mai multe tratamente de deratizare pe terenurile aferente spa\u021biilor de locuire colectiv\u0103 (asocia\u021bii de bloc, c\u0103mine studen\u021be\u0219ti \u0219i de elevi, parc\u0103ri aferente blocurilor, locuin\u021be sociale), dar \u0219i \u00een locurile de agrement \u0219i terenuri de sport, potrivit paginii de Facebook a companiei.\u00a0<\/p>\n\n\n\n<p>Pentru sesiz\u0103ri \u0219i reclama\u021bii, Compania Municipal\u0103 Eco Igienizare Bucure\u0219ti poate fi contactat\u0103 24\/24h la num\u0103rul de telefon 0745.041.898 sau prin email la <a href=\"about:blank\">sesiz\u0103ri@cmeib.ro<\/a><\/p>\n","protected":false},"excerpt":{"rendered":"<p>A \u00eenceput deratizarea \u00een pie\u0163ele \u015fi t\u00e2rgurile agroalimentare bucure\u015ftene. \u00cen aceast\u0103 diminea\u0163\u0103, angaja\u0163ii Companiei Municipale Eco Igienizare au dat startul celei de-a patra campanii \u00eempotriva roz\u0103toarelor d\u0103un\u0103toare. Monteaz\u0103 cutii cu raticid, \u00een toate cele \u015fase sectoare ale Capitalei. Sumbstan\u021bele folosite pentru deratizare difer\u0103 \u00een func\u021bie de spa\u021biul \u00een care sunt folosite (\u00eenchis sau deschis) \u0219i [&hellip;]<\/p>\n","protected":false},"author":47,"featured_media":68183,"comment_status":"closed","ping_status":"open","sticky":false,"template":"","format":"standard","meta":{"_acf_changed":false,"inline_featured_image":false,"ngg_post_thumbnail":0,"footnotes":""},"categories":[62],"tags":[7665,7661,6723,2895,7663,7662,7664,7135],"ppma_author":[22580],"class_list":["post-68182","post","type-post","status-publish","format-standard","has-post-thumbnail","hentry","category-stiri","tag-agroalimentare","tag-cmei","tag-compania-municipala-eco-igienizare","tag-deratizare","tag-piete-2","tag-sobolani","tag-targuri","tag-tratament"],"acf":[],"yoast_head":"<!-- This site is optimized with the Yoast SEO Premium plugin v25.3 (Yoast SEO v27.5) - https:\/\/yoast.com\/product\/yoast-seo-premium-wordpress\/ -->\n<title>Valul patru de deratizare | A \u00eenceput \u201ev\u00e2n\u0103toarea\u201d de \u015fobolani \u00een pie\u0163ele bucure\u015ftene - Buletin de Bucure\u0219ti<\/title>\n<meta name=\"robots\" content=\"index, follow, max-snippet:-1, max-image-preview:large, max-video-preview:-1\" \/>\n<link rel=\"canonical\" href=\"https:\/\/buletin.de\/bucuresti\/valul-patru-de-deratizare-a-inceput-vanatoarea-de-sobolani-in-pietele-bucurestene\/\" \/>\n<meta property=\"og:locale\" content=\"en_GB\" \/>\n<meta property=\"og:type\" content=\"article\" \/>\n<meta property=\"og:title\" content=\"Valul patru de deratizare | A \u00eenceput \u201ev\u00e2n\u0103toarea\u201d de \u015fobolani \u00een pie\u0163ele bucure\u015ftene\" \/>\n<meta property=\"og:description\" content=\"A \u00eenceput deratizarea \u00een pie\u0163ele \u015fi t\u00e2rgurile agroalimentare bucure\u015ftene. \u00cen aceast\u0103 diminea\u0163\u0103, angaja\u0163ii Companiei Municipale Eco Igienizare au dat startul celei de-a patra campanii \u00eempotriva roz\u0103toarelor d\u0103un\u0103toare. Monteaz\u0103 cutii cu raticid, \u00een toate cele \u015fase sectoare ale Capitalei. Sumbstan\u021bele folosite pentru deratizare difer\u0103 \u00een func\u021bie de spa\u021biul \u00een care sunt folosite (\u00eenchis sau deschis) \u0219i [&hellip;]\" \/>\n<meta property=\"og:url\" content=\"https:\/\/buletin.de\/bucuresti\/valul-patru-de-deratizare-a-inceput-vanatoarea-de-sobolani-in-pietele-bucurestene\/\" \/>\n<meta property=\"og:site_name\" content=\"Buletin de Bucure\u0219ti\" \/>\n<meta property=\"article:publisher\" content=\"https:\/\/www.facebook.com\/buletin.de.buc\" \/>\n<meta property=\"article:published_time\" content=\"2023-11-06T08:06:30+00:00\" \/>\n<meta property=\"og:image\" content=\"https:\/\/buletin.de\/bucuresti\/wp-content\/uploads\/FB_IMG_1699255703599.jpg\" \/>\n\t<meta property=\"og:image:width\" content=\"1080\" \/>\n\t<meta property=\"og:image:height\" content=\"567\" \/>\n\t<meta property=\"og:image:type\" content=\"image\/jpeg\" \/>\n<meta name=\"author\" content=\"Adina C\u0103p\u00eelnean\" \/>\n<meta name=\"twitter:card\" content=\"summary_large_image\" \/>\n<meta name=\"twitter:label1\" content=\"Written by\" \/>\n\t<meta name=\"twitter:data1\" content=\"Adina C\u0103p\u00eelnean\" \/>\n\t<meta name=\"twitter:label2\" content=\"Estimated reading time\" \/>\n\t<meta name=\"twitter:data2\" content=\"1 minute\" \/>\n<script type=\"application\/ld+json\" class=\"yoast-schema-graph\">{\"@context\":\"https:\\\/\\\/schema.org\",\"@graph\":[{\"@type\":\"Article\",\"@id\":\"https:\\\/\\\/buletin.de\\\/bucuresti\\\/valul-patru-de-deratizare-a-inceput-vanatoarea-de-sobolani-in-pietele-bucurestene\\\/#article\",\"isPartOf\":{\"@id\":\"https:\\\/\\\/buletin.de\\\/bucuresti\\\/valul-patru-de-deratizare-a-inceput-vanatoarea-de-sobolani-in-pietele-bucurestene\\\/\"},\"author\":{\"name\":\"Adina C\u0103p\u00eelnean\",\"@id\":\"https:\\\/\\\/buletin.de\\\/bucuresti\\\/#\\\/schema\\\/person\\\/ab174cf6711728e4ee83d672acf9a912\"},\"headline\":\"Valul patru de deratizare | A \u00eenceput \u201ev\u00e2n\u0103toarea\u201d de \u015fobolani \u00een pie\u0163ele bucure\u015ftene\",\"datePublished\":\"2023-11-06T08:06:30+00:00\",\"mainEntityOfPage\":{\"@id\":\"https:\\\/\\\/buletin.de\\\/bucuresti\\\/valul-patru-de-deratizare-a-inceput-vanatoarea-de-sobolani-in-pietele-bucurestene\\\/\"},\"wordCount\":220,\"publisher\":{\"@id\":\"https:\\\/\\\/buletin.de\\\/bucuresti\\\/#organization\"},\"image\":{\"@id\":\"https:\\\/\\\/buletin.de\\\/bucuresti\\\/valul-patru-de-deratizare-a-inceput-vanatoarea-de-sobolani-in-pietele-bucurestene\\\/#primaryimage\"},\"thumbnailUrl\":\"https:\\\/\\\/buletin.de\\\/bucuresti\\\/wp-content\\\/uploads\\\/FB_IMG_1699255703599.jpg\",\"keywords\":[\"agroalimentare\",\"cmei\",\"compania municipala eco igienizare\",\"deratizare\",\"piete\",\"sobolani\",\"targuri\",\"tratament\"],\"articleSection\":[\"\u0218tiri\"],\"inLanguage\":\"en-GB\",\"copyrightYear\":\"2023\",\"copyrightHolder\":{\"@id\":\"https:\\\/\\\/buletin.de\\\/bucuresti\\\/#organization\"}},{\"@type\":\"WebPage\",\"@id\":\"https:\\\/\\\/buletin.de\\\/bucuresti\\\/valul-patru-de-deratizare-a-inceput-vanatoarea-de-sobolani-in-pietele-bucurestene\\\/\",\"url\":\"https:\\\/\\\/buletin.de\\\/bucuresti\\\/valul-patru-de-deratizare-a-inceput-vanatoarea-de-sobolani-in-pietele-bucurestene\\\/\",\"name\":\"Valul patru de deratizare | A \u00eenceput \u201ev\u00e2n\u0103toarea\u201d de \u015fobolani \u00een pie\u0163ele bucure\u015ftene - Buletin de Bucure\u0219ti\",\"isPartOf\":{\"@id\":\"https:\\\/\\\/buletin.de\\\/bucuresti\\\/#website\"},\"primaryImageOfPage\":{\"@id\":\"https:\\\/\\\/buletin.de\\\/bucuresti\\\/valul-patru-de-deratizare-a-inceput-vanatoarea-de-sobolani-in-pietele-bucurestene\\\/#primaryimage\"},\"image\":{\"@id\":\"https:\\\/\\\/buletin.de\\\/bucuresti\\\/valul-patru-de-deratizare-a-inceput-vanatoarea-de-sobolani-in-pietele-bucurestene\\\/#primaryimage\"},\"thumbnailUrl\":\"https:\\\/\\\/buletin.de\\\/bucuresti\\\/wp-content\\\/uploads\\\/FB_IMG_1699255703599.jpg\",\"datePublished\":\"2023-11-06T08:06:30+00:00\",\"breadcrumb\":{\"@id\":\"https:\\\/\\\/buletin.de\\\/bucuresti\\\/valul-patru-de-deratizare-a-inceput-vanatoarea-de-sobolani-in-pietele-bucurestene\\\/#breadcrumb\"},\"inLanguage\":\"en-GB\",\"potentialAction\":[{\"@type\":\"ReadAction\",\"target\":[\"https:\\\/\\\/buletin.de\\\/bucuresti\\\/valul-patru-de-deratizare-a-inceput-vanatoarea-de-sobolani-in-pietele-bucurestene\\\/\"]}]},{\"@type\":\"ImageObject\",\"inLanguage\":\"en-GB\",\"@id\":\"https:\\\/\\\/buletin.de\\\/bucuresti\\\/valul-patru-de-deratizare-a-inceput-vanatoarea-de-sobolani-in-pietele-bucurestene\\\/#primaryimage\",\"url\":\"https:\\\/\\\/buletin.de\\\/bucuresti\\\/wp-content\\\/uploads\\\/FB_IMG_1699255703599.jpg\",\"contentUrl\":\"https:\\\/\\\/buletin.de\\\/bucuresti\\\/wp-content\\\/uploads\\\/FB_IMG_1699255703599.jpg\",\"width\":1080,\"height\":567,\"caption\":\"Surs\u0103: Compania Municipal\u0103 Eco Igienizare, Facebook\"},{\"@type\":\"BreadcrumbList\",\"@id\":\"https:\\\/\\\/buletin.de\\\/bucuresti\\\/valul-patru-de-deratizare-a-inceput-vanatoarea-de-sobolani-in-pietele-bucurestene\\\/#breadcrumb\",\"itemListElement\":[{\"@type\":\"ListItem\",\"position\":1,\"name\":\"Acas\u0103\",\"item\":\"https:\\\/\\\/buletin.de\\\/bucuresti\\\/\"},{\"@type\":\"ListItem\",\"position\":2,\"name\":\"Valul patru de deratizare | A \u00eenceput \u201ev\u00e2n\u0103toarea\u201d de \u015fobolani \u00een pie\u0163ele bucure\u015ftene\"}]},{\"@type\":\"WebSite\",\"@id\":\"https:\\\/\\\/buletin.de\\\/bucuresti\\\/#website\",\"url\":\"https:\\\/\\\/buletin.de\\\/bucuresti\\\/\",\"name\":\"Buletin de Bucure\u0219ti\",\"description\":\"\u0218tiri \u0219i investiga\u021bii esen\u021biale din capital\u0103\",\"publisher\":{\"@id\":\"https:\\\/\\\/buletin.de\\\/bucuresti\\\/#organization\"},\"potentialAction\":[{\"@type\":\"SearchAction\",\"target\":{\"@type\":\"EntryPoint\",\"urlTemplate\":\"https:\\\/\\\/buletin.de\\\/bucuresti\\\/?s={search_term_string}\"},\"query-input\":{\"@type\":\"PropertyValueSpecification\",\"valueRequired\":true,\"valueName\":\"search_term_string\"}}],\"inLanguage\":\"en-GB\"},{\"@type\":\"Organization\",\"@id\":\"https:\\\/\\\/buletin.de\\\/bucuresti\\\/#organization\",\"name\":\"Buletin de Bucure\u0219ti\",\"url\":\"https:\\\/\\\/buletin.de\\\/bucuresti\\\/\",\"logo\":{\"@type\":\"ImageObject\",\"inLanguage\":\"en-GB\",\"@id\":\"https:\\\/\\\/buletin.de\\\/bucuresti\\\/#\\\/schema\\\/logo\\\/image\\\/\",\"url\":\"https:\\\/\\\/buletin.de\\\/bucuresti\\\/wp-content\\\/uploads\\\/logo-bdb-full-wide-vernil-transparent.png\",\"contentUrl\":\"https:\\\/\\\/buletin.de\\\/bucuresti\\\/wp-content\\\/uploads\\\/logo-bdb-full-wide-vernil-transparent.png\",\"width\":1782,\"height\":626,\"caption\":\"Buletin de Bucure\u0219ti\"},\"image\":{\"@id\":\"https:\\\/\\\/buletin.de\\\/bucuresti\\\/#\\\/schema\\\/logo\\\/image\\\/\"},\"sameAs\":[\"https:\\\/\\\/www.facebook.com\\\/buletin.de.buc\",\"https:\\\/\\\/www.instagram.com\\\/buletinde.bucuresti\\\/\"]},{\"@type\":\"Person\",\"@id\":\"https:\\\/\\\/buletin.de\\\/bucuresti\\\/#\\\/schema\\\/person\\\/ab174cf6711728e4ee83d672acf9a912\",\"name\":\"Adina C\u0103p\u00eelnean\",\"image\":{\"@type\":\"ImageObject\",\"inLanguage\":\"en-GB\",\"@id\":\"https:\\\/\\\/secure.gravatar.com\\\/avatar\\\/4fe9675d6282fd7c1aa4e486a037d532d5728fc16a30360f293eb6126b2e73ad?s=96&d=monsterid&r=ge2b23868508aec3460d3c6a11d3b599a\",\"url\":\"https:\\\/\\\/secure.gravatar.com\\\/avatar\\\/4fe9675d6282fd7c1aa4e486a037d532d5728fc16a30360f293eb6126b2e73ad?s=96&d=monsterid&r=g\",\"contentUrl\":\"https:\\\/\\\/secure.gravatar.com\\\/avatar\\\/4fe9675d6282fd7c1aa4e486a037d532d5728fc16a30360f293eb6126b2e73ad?s=96&d=monsterid&r=g\",\"caption\":\"Adina C\u0103p\u00eelnean\"},\"url\":\"https:\\\/\\\/buletin.de\\\/bucuresti\\\/author\\\/adinacapilnean\\\/\"}]}<\/script>\n<!-- \/ Yoast SEO Premium plugin. -->","yoast_head_json":{"title":"Valul patru de deratizare | A \u00eenceput \u201ev\u00e2n\u0103toarea\u201d de \u015fobolani \u00een pie\u0163ele bucure\u015ftene - Buletin de Bucure\u0219ti","robots":{"index":"index","follow":"follow","max-snippet":"max-snippet:-1","max-image-preview":"max-image-preview:large","max-video-preview":"max-video-preview:-1"},"canonical":"https:\/\/buletin.de\/bucuresti\/valul-patru-de-deratizare-a-inceput-vanatoarea-de-sobolani-in-pietele-bucurestene\/","og_locale":"en_GB","og_type":"article","og_title":"Valul patru de deratizare | A \u00eenceput \u201ev\u00e2n\u0103toarea\u201d de \u015fobolani \u00een pie\u0163ele bucure\u015ftene","og_description":"A \u00eenceput deratizarea \u00een pie\u0163ele \u015fi t\u00e2rgurile agroalimentare bucure\u015ftene. \u00cen aceast\u0103 diminea\u0163\u0103, angaja\u0163ii Companiei Municipale Eco Igienizare au dat startul celei de-a patra campanii \u00eempotriva roz\u0103toarelor d\u0103un\u0103toare. Monteaz\u0103 cutii cu raticid, \u00een toate cele \u015fase sectoare ale Capitalei. Sumbstan\u021bele folosite pentru deratizare difer\u0103 \u00een func\u021bie de spa\u021biul \u00een care sunt folosite (\u00eenchis sau deschis) \u0219i [&hellip;]","og_url":"https:\/\/buletin.de\/bucuresti\/valul-patru-de-deratizare-a-inceput-vanatoarea-de-sobolani-in-pietele-bucurestene\/","og_site_name":"Buletin de Bucure\u0219ti","article_publisher":"https:\/\/www.facebook.com\/buletin.de.buc","article_published_time":"2023-11-06T08:06:30+00:00","og_image":[{"width":1080,"height":567,"url":"https:\/\/buletin.de\/bucuresti\/wp-content\/uploads\/FB_IMG_1699255703599.jpg","type":"image\/jpeg"}],"author":"Adina C\u0103p\u00eelnean","twitter_card":"summary_large_image","twitter_misc":{"Written by":"Adina C\u0103p\u00eelnean","Estimated reading time":"1 minute"},"schema":{"@context":"https:\/\/schema.org","@graph":[{"@type":"Article","@id":"https:\/\/buletin.de\/bucuresti\/valul-patru-de-deratizare-a-inceput-vanatoarea-de-sobolani-in-pietele-bucurestene\/#article","isPartOf":{"@id":"https:\/\/buletin.de\/bucuresti\/valul-patru-de-deratizare-a-inceput-vanatoarea-de-sobolani-in-pietele-bucurestene\/"},"author":{"name":"Adina C\u0103p\u00eelnean","@id":"https:\/\/buletin.de\/bucuresti\/#\/schema\/person\/ab174cf6711728e4ee83d672acf9a912"},"headline":"Valul patru de deratizare | A \u00eenceput \u201ev\u00e2n\u0103toarea\u201d de \u015fobolani \u00een pie\u0163ele bucure\u015ftene","datePublished":"2023-11-06T08:06:30+00:00","mainEntityOfPage":{"@id":"https:\/\/buletin.de\/bucuresti\/valul-patru-de-deratizare-a-inceput-vanatoarea-de-sobolani-in-pietele-bucurestene\/"},"wordCount":220,"publisher":{"@id":"https:\/\/buletin.de\/bucuresti\/#organization"},"image":{"@id":"https:\/\/buletin.de\/bucuresti\/valul-patru-de-deratizare-a-inceput-vanatoarea-de-sobolani-in-pietele-bucurestene\/#primaryimage"},"thumbnailUrl":"https:\/\/buletin.de\/bucuresti\/wp-content\/uploads\/FB_IMG_1699255703599.jpg","keywords":["agroalimentare","cmei","compania municipala eco igienizare","deratizare","piete","sobolani","targuri","tratament"],"articleSection":["\u0218tiri"],"inLanguage":"en-GB","copyrightYear":"2023","copyrightHolder":{"@id":"https:\/\/buletin.de\/bucuresti\/#organization"}},{"@type":"WebPage","@id":"https:\/\/buletin.de\/bucuresti\/valul-patru-de-deratizare-a-inceput-vanatoarea-de-sobolani-in-pietele-bucurestene\/","url":"https:\/\/buletin.de\/bucuresti\/valul-patru-de-deratizare-a-inceput-vanatoarea-de-sobolani-in-pietele-bucurestene\/","name":"Valul patru de deratizare | A \u00eenceput \u201ev\u00e2n\u0103toarea\u201d de \u015fobolani \u00een pie\u0163ele bucure\u015ftene - Buletin de Bucure\u0219ti","isPartOf":{"@id":"https:\/\/buletin.de\/bucuresti\/#website"},"primaryImageOfPage":{"@id":"https:\/\/buletin.de\/bucuresti\/valul-patru-de-deratizare-a-inceput-vanatoarea-de-sobolani-in-pietele-bucurestene\/#primaryimage"},"image":{"@id":"https:\/\/buletin.de\/bucuresti\/valul-patru-de-deratizare-a-inceput-vanatoarea-de-sobolani-in-pietele-bucurestene\/#primaryimage"},"thumbnailUrl":"https:\/\/buletin.de\/bucuresti\/wp-content\/uploads\/FB_IMG_1699255703599.jpg","datePublished":"2023-11-06T08:06:30+00:00","breadcrumb":{"@id":"https:\/\/buletin.de\/bucuresti\/valul-patru-de-deratizare-a-inceput-vanatoarea-de-sobolani-in-pietele-bucurestene\/#breadcrumb"},"inLanguage":"en-GB","potentialAction":[{"@type":"ReadAction","target":["https:\/\/buletin.de\/bucuresti\/valul-patru-de-deratizare-a-inceput-vanatoarea-de-sobolani-in-pietele-bucurestene\/"]}]},{"@type":"ImageObject","inLanguage":"en-GB","@id":"https:\/\/buletin.de\/bucuresti\/valul-patru-de-deratizare-a-inceput-vanatoarea-de-sobolani-in-pietele-bucurestene\/#primaryimage","url":"https:\/\/buletin.de\/bucuresti\/wp-content\/uploads\/FB_IMG_1699255703599.jpg","contentUrl":"https:\/\/buletin.de\/bucuresti\/wp-content\/uploads\/FB_IMG_1699255703599.jpg","width":1080,"height":567,"caption":"Surs\u0103: Compania Municipal\u0103 Eco Igienizare, Facebook"},{"@type":"BreadcrumbList","@id":"https:\/\/buletin.de\/bucuresti\/valul-patru-de-deratizare-a-inceput-vanatoarea-de-sobolani-in-pietele-bucurestene\/#breadcrumb","itemListElement":[{"@type":"ListItem","position":1,"name":"Acas\u0103","item":"https:\/\/buletin.de\/bucuresti\/"},{"@type":"ListItem","position":2,"name":"Valul patru de deratizare | A \u00eenceput \u201ev\u00e2n\u0103toarea\u201d de \u015fobolani \u00een pie\u0163ele bucure\u015ftene"}]},{"@type":"WebSite","@id":"https:\/\/buletin.de\/bucuresti\/#website","url":"https:\/\/buletin.de\/bucuresti\/","name":"Buletin de Bucure\u0219ti","description":"\u0218tiri \u0219i investiga\u021bii esen\u021biale din capital\u0103","publisher":{"@id":"https:\/\/buletin.de\/bucuresti\/#organization"},"potentialAction":[{"@type":"SearchAction","target":{"@type":"EntryPoint","urlTemplate":"https:\/\/buletin.de\/bucuresti\/?s={search_term_string}"},"query-input":{"@type":"PropertyValueSpecification","valueRequired":true,"valueName":"search_term_string"}}],"inLanguage":"en-GB"},{"@type":"Organization","@id":"https:\/\/buletin.de\/bucuresti\/#organization","name":"Buletin de Bucure\u0219ti","url":"https:\/\/buletin.de\/bucuresti\/","logo":{"@type":"ImageObject","inLanguage":"en-GB","@id":"https:\/\/buletin.de\/bucuresti\/#\/schema\/logo\/image\/","url":"https:\/\/buletin.de\/bucuresti\/wp-content\/uploads\/logo-bdb-full-wide-vernil-transparent.png","contentUrl":"https:\/\/buletin.de\/bucuresti\/wp-content\/uploads\/logo-bdb-full-wide-vernil-transparent.png","width":1782,"height":626,"caption":"Buletin de Bucure\u0219ti"},"image":{"@id":"https:\/\/buletin.de\/bucuresti\/#\/schema\/logo\/image\/"},"sameAs":["https:\/\/www.facebook.com\/buletin.de.buc","https:\/\/www.instagram.com\/buletinde.bucuresti\/"]},{"@type":"Person","@id":"https:\/\/buletin.de\/bucuresti\/#\/schema\/person\/ab174cf6711728e4ee83d672acf9a912","name":"Adina C\u0103p\u00eelnean","image":{"@type":"ImageObject","inLanguage":"en-GB","@id":"https:\/\/secure.gravatar.com\/avatar\/4fe9675d6282fd7c1aa4e486a037d532d5728fc16a30360f293eb6126b2e73ad?s=96&d=monsterid&r=ge2b23868508aec3460d3c6a11d3b599a","url":"https:\/\/secure.gravatar.com\/avatar\/4fe9675d6282fd7c1aa4e486a037d532d5728fc16a30360f293eb6126b2e73ad?s=96&d=monsterid&r=g","contentUrl":"https:\/\/secure.gravatar.com\/avatar\/4fe9675d6282fd7c1aa4e486a037d532d5728fc16a30360f293eb6126b2e73ad?s=96&d=monsterid&r=g","caption":"Adina C\u0103p\u00eelnean"},"url":"https:\/\/buletin.de\/bucuresti\/author\/adinacapilnean\/"}]}},"authors":[{"term_id":22580,"user_id":47,"is_guest":0,"slug":"adinacapilnean","display_name":"Adina C\u0103p\u00eelnean","avatar_url":"https:\/\/secure.gravatar.com\/avatar\/4fe9675d6282fd7c1aa4e486a037d532d5728fc16a30360f293eb6126b2e73ad?s=96&d=monsterid&r=g","0":null,"1":"","2":"","3":"","4":"","5":"","6":"","7":"","8":""}],"_links":{"self":[{"href":"https:\/\/buletin.de\/bucuresti\/wp-json\/wp\/v2\/posts\/68182","targetHints":{"allow":["GET"]}}],"collection":[{"href":"https:\/\/buletin.de\/bucuresti\/wp-json\/wp\/v2\/posts"}],"about":[{"href":"https:\/\/buletin.de\/bucuresti\/wp-json\/wp\/v2\/types\/post"}],"author":[{"embeddable":true,"href":"https:\/\/buletin.de\/bucuresti\/wp-json\/wp\/v2\/users\/47"}],"replies":[{"embeddable":true,"href":"https:\/\/buletin.de\/bucuresti\/wp-json\/wp\/v2\/comments?post=68182"}],"version-history":[{"count":6,"href":"https:\/\/buletin.de\/bucuresti\/wp-json\/wp\/v2\/posts\/68182\/revisions"}],"predecessor-version":[{"id":68192,"href":"https:\/\/buletin.de\/bucuresti\/wp-json\/wp\/v2\/posts\/68182\/revisions\/68192"}],"wp:featuredmedia":[{"embeddable":true,"href":"https:\/\/buletin.de\/bucuresti\/wp-json\/wp\/v2\/media\/68183"}],"wp:attachment":[{"href":"https:\/\/buletin.de\/bucuresti\/wp-json\/wp\/v2\/media?parent=68182"}],"wp:term":[{"taxonomy":"category","embeddable":true,"href":"https:\/\/buletin.de\/bucuresti\/wp-json\/wp\/v2\/categories?post=68182"},{"taxonomy":"post_tag","embeddable":true,"href":"https:\/\/buletin.de\/bucuresti\/wp-json\/wp\/v2\/tags?post=68182"},{"taxonomy":"author","embeddable":true,"href":"https:\/\/buletin.de\/bucuresti\/wp-json\/wp\/v2\/ppma_author?post=68182"}],"curies":[{"name":"wp","href":"https:\/\/api.w.org\/{rel}","templated":true}]}}