{"id":68121,"date":"2023-11-04T21:55:32","date_gmt":"2023-11-04T19:55:32","guid":{"rendered":"https:\/\/buletin.de\/bucuresti\/?p=68121"},"modified":"2023-11-04T21:55:32","modified_gmt":"2023-11-04T19:55:32","slug":"petarda-si-spray-lacrimogen-gasite-la-protestatarii-de-la-mitingul-pro-palestina-trei-persoane-duse-la-politie-pentru-audieri","status":"publish","type":"post","link":"https:\/\/buletin.de\/bucuresti\/petarda-si-spray-lacrimogen-gasite-la-protestatarii-de-la-mitingul-pro-palestina-trei-persoane-duse-la-politie-pentru-audieri\/","title":{"rendered":"Petard\u0103 \u015fi spray lacrimogen g\u0103site la protestatarii de la mitingul pro-Palestina | Trei persoane duse la Poli\u0163ie pentru audieri"},"content":{"rendered":"\n<p><strong>Un b\u0103rbat de 29 de ani \u015fi o femeie de 20 de ani au fost prin\u015fi de jandarmi cu un spray lacrimogen la mitingul pro-Palestina, organizat ast\u0103zi, centrul Bucure\u015ftiului. Un alt b\u0103iat, de 18 ani, a fost perchezi\u0163ionat, iar jandarmii au descoperit c\u0103 avea o petard\u0103. Cei trei au fost du\u015fi la sec\u0163iile de poli\u0163ie 1 \u015fi 17, pentru mai multe cercet\u0103ri. <\/strong><\/p>\n\n\n\n<p>Iat\u0103 \u00eentregul comunicat al jandarmilor bucure\u015fteni:<\/p>\n\n\n\n<blockquote class=\"wp-block-quote is-layout-flow wp-block-quote-is-layout-flow\">\n<p>Cu ocazia adun\u0103rii publice organizate de Asocia\u021bia Comunit\u0103\u021bii Palestiniene din Rom\u00e2nia, ast\u0103zi, 04 noiembrie 2023, \u00eentre orele 12:30-15:30, Direc\u021bia General\u0103 de Jandarmi a Municipiului Bucure\u0219ti face urm\u0103toarele preciz\u0103ri:<\/p>\n\n\n\n<p>Au fost constatate \u0219i \u00eentocmite 3 acte de sesizare \u00een vederea \u00eenaint\u0103rii c\u0103tre organele abilitate, \u00een conformitate cu prevederile art. 372 Cod Penal ( Portul sau folosirea f\u0103r\u0103 drept de obiecte periculoase ) \u0219i cu prevederile Legii nr. 126\/1995 privind regimul materiilor explozive.<\/p>\n\n\n\n<p>\u00cen concret, o femeie, \u00een v\u00e2rst\u0103 de 20 de ani \u0219i un b\u0103rbat, \u00een v\u00e2rst\u0103 de 29 de ani, au fost depista\u021bi, \u00een zona de acces, av\u00e2nd asupra lor c\u00e2te un spray cu substan\u021b\u0103 iritant-lacrimogen\u0103.<\/p>\n\n\n\n<p>De asemenea, pe timpul mar\u0219ului, un b\u0103rbat, \u00een v\u00e2rst\u0103 de 18 ani, a fost depistat cu un material pirotehnic (o petard\u0103).<\/p>\n\n\n\n<p>Cele trei persoane au fost conduse la sediile Sec\u021biilor de Poli\u021bie 1 \u0219i 17 pentru continuarea cercet\u0103rilor.<\/p>\n\n\n\n<p>Pe timpul desf\u0103\u0219ur\u0103rii adun\u0103rii publice, Jandarmeria Capitalei, al\u0103turi de celelalte institu\u021bii cu atribu\u021bii \u00een domeniu, a luat toate m\u0103surile necesare pentru asigurarea unui climat de siguran\u0163\u0103 la nivelul Capitalei, respectiv pentru asigurarea ordinii publice \u015fi protec\u0163iei participan\u0163ilor.<\/p>\n<\/blockquote>\n\n\n\n<p>De la \u00eenceperea conflictului Israel-Palestina, reprezentan\u0163ii ambelor comunit\u0103\u0163i au organizat mai multe mitinguri \/ proteste \u00een Bucure\u015fti, pentru a-\u015fi sus\u0163ine tab\u0103ra. P\u00e2n\u0103 acum, la niciuna dintre aceste organiz\u0103ri publice nu au fost incidente violente. <\/p>\n\n\n\n<p><\/p>\n","protected":false},"excerpt":{"rendered":"<p>Un b\u0103rbat de 29 de ani \u015fi o femeie de 20 de ani au fost prin\u015fi de jandarmi cu un spray lacrimogen la mitingul pro-Palestina, organizat ast\u0103zi, centrul Bucure\u015ftiului. Un alt b\u0103iat, de 18 ani, a fost perchezi\u0163ionat, iar jandarmii au descoperit c\u0103 avea o petard\u0103. Cei trei au fost du\u015fi la sec\u0163iile de poli\u0163ie [&hellip;]<\/p>\n","protected":false},"author":8,"featured_media":68122,"comment_status":"closed","ping_status":"open","sticky":false,"template":"","format":"standard","meta":{"_acf_changed":false,"inline_featured_image":false,"ngg_post_thumbnail":0,"footnotes":""},"categories":[6994,62],"tags":[7648,7646,7647],"ppma_author":[22586],"class_list":["post-68121","post","type-post","status-publish","format-standard","has-post-thumbnail","hentry","category-stiri-2","category-stiri","tag-miting-pro-palestina","tag-petarda","tag-spray-lacrimogen"],"acf":[],"yoast_head":"<!-- This site is optimized with the Yoast SEO Premium plugin v25.3 (Yoast SEO v27.5) - https:\/\/yoast.com\/product\/yoast-seo-premium-wordpress\/ -->\n<title>Petard\u0103 \u015fi spray lacrimogen g\u0103site la protestatarii de la mitingul pro-Palestina | Trei persoane duse la Poli\u0163ie pentru audieri - Buletin de Bucure\u0219ti<\/title>\n<meta name=\"robots\" content=\"index, follow, max-snippet:-1, max-image-preview:large, max-video-preview:-1\" \/>\n<link rel=\"canonical\" href=\"https:\/\/buletin.de\/bucuresti\/petarda-si-spray-lacrimogen-gasite-la-protestatarii-de-la-mitingul-pro-palestina-trei-persoane-duse-la-politie-pentru-audieri\/\" \/>\n<meta property=\"og:locale\" content=\"en_GB\" \/>\n<meta property=\"og:type\" content=\"article\" \/>\n<meta property=\"og:title\" content=\"Petard\u0103 \u015fi spray lacrimogen g\u0103site la protestatarii de la mitingul pro-Palestina | Trei persoane duse la Poli\u0163ie pentru audieri\" \/>\n<meta property=\"og:description\" content=\"Un b\u0103rbat de 29 de ani \u015fi o femeie de 20 de ani au fost prin\u015fi de jandarmi cu un spray lacrimogen la mitingul pro-Palestina, organizat ast\u0103zi, centrul Bucure\u015ftiului. Un alt b\u0103iat, de 18 ani, a fost perchezi\u0163ionat, iar jandarmii au descoperit c\u0103 avea o petard\u0103. Cei trei au fost du\u015fi la sec\u0163iile de poli\u0163ie [&hellip;]\" \/>\n<meta property=\"og:url\" content=\"https:\/\/buletin.de\/bucuresti\/petarda-si-spray-lacrimogen-gasite-la-protestatarii-de-la-mitingul-pro-palestina-trei-persoane-duse-la-politie-pentru-audieri\/\" \/>\n<meta property=\"og:site_name\" content=\"Buletin de Bucure\u0219ti\" \/>\n<meta property=\"article:publisher\" content=\"https:\/\/www.facebook.com\/buletin.de.buc\" \/>\n<meta property=\"article:published_time\" content=\"2023-11-04T19:55:32+00:00\" \/>\n<meta property=\"og:image\" content=\"https:\/\/buletin.de\/bucuresti\/wp-content\/uploads\/ID236466_INQUAM_Photos_Octav_Ganea.jpg\" \/>\n\t<meta property=\"og:image:width\" content=\"2000\" \/>\n\t<meta property=\"og:image:height\" content=\"1333\" \/>\n\t<meta property=\"og:image:type\" content=\"image\/jpeg\" \/>\n<meta name=\"author\" content=\"Ionu\u021b Lepa\" \/>\n<meta name=\"twitter:card\" content=\"summary_large_image\" \/>\n<meta name=\"twitter:label1\" content=\"Written by\" \/>\n\t<meta name=\"twitter:data1\" content=\"Ionu\u021b Lepa\" \/>\n\t<meta name=\"twitter:label2\" content=\"Estimated reading time\" \/>\n\t<meta name=\"twitter:data2\" content=\"2 minutes\" \/>\n<script type=\"application\/ld+json\" class=\"yoast-schema-graph\">{\"@context\":\"https:\\\/\\\/schema.org\",\"@graph\":[{\"@type\":\"Article\",\"@id\":\"https:\\\/\\\/buletin.de\\\/bucuresti\\\/petarda-si-spray-lacrimogen-gasite-la-protestatarii-de-la-mitingul-pro-palestina-trei-persoane-duse-la-politie-pentru-audieri\\\/#article\",\"isPartOf\":{\"@id\":\"https:\\\/\\\/buletin.de\\\/bucuresti\\\/petarda-si-spray-lacrimogen-gasite-la-protestatarii-de-la-mitingul-pro-palestina-trei-persoane-duse-la-politie-pentru-audieri\\\/\"},\"author\":{\"name\":\"Ionu\u021b Lepa\",\"@id\":\"https:\\\/\\\/buletin.de\\\/bucuresti\\\/#\\\/schema\\\/person\\\/5272b8a057b33890940b57b837fc4ce6\"},\"headline\":\"Petard\u0103 \u015fi spray lacrimogen g\u0103site la protestatarii de la mitingul pro-Palestina | Trei persoane duse la Poli\u0163ie pentru audieri\",\"datePublished\":\"2023-11-04T19:55:32+00:00\",\"mainEntityOfPage\":{\"@id\":\"https:\\\/\\\/buletin.de\\\/bucuresti\\\/petarda-si-spray-lacrimogen-gasite-la-protestatarii-de-la-mitingul-pro-palestina-trei-persoane-duse-la-politie-pentru-audieri\\\/\"},\"wordCount\":337,\"publisher\":{\"@id\":\"https:\\\/\\\/buletin.de\\\/bucuresti\\\/#organization\"},\"image\":{\"@id\":\"https:\\\/\\\/buletin.de\\\/bucuresti\\\/petarda-si-spray-lacrimogen-gasite-la-protestatarii-de-la-mitingul-pro-palestina-trei-persoane-duse-la-politie-pentru-audieri\\\/#primaryimage\"},\"thumbnailUrl\":\"https:\\\/\\\/buletin.de\\\/bucuresti\\\/wp-content\\\/uploads\\\/ID236466_INQUAM_Photos_Octav_Ganea.jpg\",\"keywords\":[\"miting pro-palestina\",\"petarda\",\"spray lacrimogen\"],\"articleSection\":[\"Articole\",\"\u0218tiri\"],\"inLanguage\":\"en-GB\",\"copyrightYear\":\"2023\",\"copyrightHolder\":{\"@id\":\"https:\\\/\\\/buletin.de\\\/bucuresti\\\/#organization\"}},{\"@type\":\"WebPage\",\"@id\":\"https:\\\/\\\/buletin.de\\\/bucuresti\\\/petarda-si-spray-lacrimogen-gasite-la-protestatarii-de-la-mitingul-pro-palestina-trei-persoane-duse-la-politie-pentru-audieri\\\/\",\"url\":\"https:\\\/\\\/buletin.de\\\/bucuresti\\\/petarda-si-spray-lacrimogen-gasite-la-protestatarii-de-la-mitingul-pro-palestina-trei-persoane-duse-la-politie-pentru-audieri\\\/\",\"name\":\"Petard\u0103 \u015fi spray lacrimogen g\u0103site la protestatarii de la mitingul pro-Palestina | Trei persoane duse la Poli\u0163ie pentru audieri - Buletin de Bucure\u0219ti\",\"isPartOf\":{\"@id\":\"https:\\\/\\\/buletin.de\\\/bucuresti\\\/#website\"},\"primaryImageOfPage\":{\"@id\":\"https:\\\/\\\/buletin.de\\\/bucuresti\\\/petarda-si-spray-lacrimogen-gasite-la-protestatarii-de-la-mitingul-pro-palestina-trei-persoane-duse-la-politie-pentru-audieri\\\/#primaryimage\"},\"image\":{\"@id\":\"https:\\\/\\\/buletin.de\\\/bucuresti\\\/petarda-si-spray-lacrimogen-gasite-la-protestatarii-de-la-mitingul-pro-palestina-trei-persoane-duse-la-politie-pentru-audieri\\\/#primaryimage\"},\"thumbnailUrl\":\"https:\\\/\\\/buletin.de\\\/bucuresti\\\/wp-content\\\/uploads\\\/ID236466_INQUAM_Photos_Octav_Ganea.jpg\",\"datePublished\":\"2023-11-04T19:55:32+00:00\",\"breadcrumb\":{\"@id\":\"https:\\\/\\\/buletin.de\\\/bucuresti\\\/petarda-si-spray-lacrimogen-gasite-la-protestatarii-de-la-mitingul-pro-palestina-trei-persoane-duse-la-politie-pentru-audieri\\\/#breadcrumb\"},\"inLanguage\":\"en-GB\",\"potentialAction\":[{\"@type\":\"ReadAction\",\"target\":[\"https:\\\/\\\/buletin.de\\\/bucuresti\\\/petarda-si-spray-lacrimogen-gasite-la-protestatarii-de-la-mitingul-pro-palestina-trei-persoane-duse-la-politie-pentru-audieri\\\/\"]}]},{\"@type\":\"ImageObject\",\"inLanguage\":\"en-GB\",\"@id\":\"https:\\\/\\\/buletin.de\\\/bucuresti\\\/petarda-si-spray-lacrimogen-gasite-la-protestatarii-de-la-mitingul-pro-palestina-trei-persoane-duse-la-politie-pentru-audieri\\\/#primaryimage\",\"url\":\"https:\\\/\\\/buletin.de\\\/bucuresti\\\/wp-content\\\/uploads\\\/ID236466_INQUAM_Photos_Octav_Ganea.jpg\",\"contentUrl\":\"https:\\\/\\\/buletin.de\\\/bucuresti\\\/wp-content\\\/uploads\\\/ID236466_INQUAM_Photos_Octav_Ganea.jpg\",\"width\":2000,\"height\":1333,\"caption\":\"sursa: INQUAM \\\/ Octav Ganea\"},{\"@type\":\"BreadcrumbList\",\"@id\":\"https:\\\/\\\/buletin.de\\\/bucuresti\\\/petarda-si-spray-lacrimogen-gasite-la-protestatarii-de-la-mitingul-pro-palestina-trei-persoane-duse-la-politie-pentru-audieri\\\/#breadcrumb\",\"itemListElement\":[{\"@type\":\"ListItem\",\"position\":1,\"name\":\"Acas\u0103\",\"item\":\"https:\\\/\\\/buletin.de\\\/bucuresti\\\/\"},{\"@type\":\"ListItem\",\"position\":2,\"name\":\"Petard\u0103 \u015fi spray lacrimogen g\u0103site la protestatarii de la mitingul pro-Palestina | Trei persoane duse la Poli\u0163ie pentru audieri\"}]},{\"@type\":\"WebSite\",\"@id\":\"https:\\\/\\\/buletin.de\\\/bucuresti\\\/#website\",\"url\":\"https:\\\/\\\/buletin.de\\\/bucuresti\\\/\",\"name\":\"Buletin de Bucure\u0219ti\",\"description\":\"\u0218tiri \u0219i investiga\u021bii esen\u021biale din capital\u0103\",\"publisher\":{\"@id\":\"https:\\\/\\\/buletin.de\\\/bucuresti\\\/#organization\"},\"potentialAction\":[{\"@type\":\"SearchAction\",\"target\":{\"@type\":\"EntryPoint\",\"urlTemplate\":\"https:\\\/\\\/buletin.de\\\/bucuresti\\\/?s={search_term_string}\"},\"query-input\":{\"@type\":\"PropertyValueSpecification\",\"valueRequired\":true,\"valueName\":\"search_term_string\"}}],\"inLanguage\":\"en-GB\"},{\"@type\":\"Organization\",\"@id\":\"https:\\\/\\\/buletin.de\\\/bucuresti\\\/#organization\",\"name\":\"Buletin de Bucure\u0219ti\",\"url\":\"https:\\\/\\\/buletin.de\\\/bucuresti\\\/\",\"logo\":{\"@type\":\"ImageObject\",\"inLanguage\":\"en-GB\",\"@id\":\"https:\\\/\\\/buletin.de\\\/bucuresti\\\/#\\\/schema\\\/logo\\\/image\\\/\",\"url\":\"https:\\\/\\\/buletin.de\\\/bucuresti\\\/wp-content\\\/uploads\\\/logo-bdb-full-wide-vernil-transparent.png\",\"contentUrl\":\"https:\\\/\\\/buletin.de\\\/bucuresti\\\/wp-content\\\/uploads\\\/logo-bdb-full-wide-vernil-transparent.png\",\"width\":1782,\"height\":626,\"caption\":\"Buletin de Bucure\u0219ti\"},\"image\":{\"@id\":\"https:\\\/\\\/buletin.de\\\/bucuresti\\\/#\\\/schema\\\/logo\\\/image\\\/\"},\"sameAs\":[\"https:\\\/\\\/www.facebook.com\\\/buletin.de.buc\",\"https:\\\/\\\/www.instagram.com\\\/buletinde.bucuresti\\\/\"]},{\"@type\":\"Person\",\"@id\":\"https:\\\/\\\/buletin.de\\\/bucuresti\\\/#\\\/schema\\\/person\\\/5272b8a057b33890940b57b837fc4ce6\",\"name\":\"Ionu\u021b Lepa\",\"image\":{\"@type\":\"ImageObject\",\"inLanguage\":\"en-GB\",\"@id\":\"https:\\\/\\\/buletin.de\\\/bucuresti\\\/wp-content\\\/uploads\\\/Ionut-Lepa-96x96.jpg5c4e4d9e049808799a8821652d2410a4\",\"url\":\"https:\\\/\\\/buletin.de\\\/bucuresti\\\/wp-content\\\/uploads\\\/Ionut-Lepa-96x96.jpg\",\"contentUrl\":\"https:\\\/\\\/buletin.de\\\/bucuresti\\\/wp-content\\\/uploads\\\/Ionut-Lepa-96x96.jpg\",\"caption\":\"Ionu\u021b Lepa\"},\"url\":\"https:\\\/\\\/buletin.de\\\/bucuresti\\\/author\\\/ionutlepa\\\/\"}]}<\/script>\n<!-- \/ Yoast SEO Premium plugin. -->","yoast_head_json":{"title":"Petard\u0103 \u015fi spray lacrimogen g\u0103site la protestatarii de la mitingul pro-Palestina | Trei persoane duse la Poli\u0163ie pentru audieri - Buletin de Bucure\u0219ti","robots":{"index":"index","follow":"follow","max-snippet":"max-snippet:-1","max-image-preview":"max-image-preview:large","max-video-preview":"max-video-preview:-1"},"canonical":"https:\/\/buletin.de\/bucuresti\/petarda-si-spray-lacrimogen-gasite-la-protestatarii-de-la-mitingul-pro-palestina-trei-persoane-duse-la-politie-pentru-audieri\/","og_locale":"en_GB","og_type":"article","og_title":"Petard\u0103 \u015fi spray lacrimogen g\u0103site la protestatarii de la mitingul pro-Palestina | Trei persoane duse la Poli\u0163ie pentru audieri","og_description":"Un b\u0103rbat de 29 de ani \u015fi o femeie de 20 de ani au fost prin\u015fi de jandarmi cu un spray lacrimogen la mitingul pro-Palestina, organizat ast\u0103zi, centrul Bucure\u015ftiului. Un alt b\u0103iat, de 18 ani, a fost perchezi\u0163ionat, iar jandarmii au descoperit c\u0103 avea o petard\u0103. Cei trei au fost du\u015fi la sec\u0163iile de poli\u0163ie [&hellip;]","og_url":"https:\/\/buletin.de\/bucuresti\/petarda-si-spray-lacrimogen-gasite-la-protestatarii-de-la-mitingul-pro-palestina-trei-persoane-duse-la-politie-pentru-audieri\/","og_site_name":"Buletin de Bucure\u0219ti","article_publisher":"https:\/\/www.facebook.com\/buletin.de.buc","article_published_time":"2023-11-04T19:55:32+00:00","og_image":[{"width":2000,"height":1333,"url":"https:\/\/buletin.de\/bucuresti\/wp-content\/uploads\/ID236466_INQUAM_Photos_Octav_Ganea.jpg","type":"image\/jpeg"}],"author":"Ionu\u021b Lepa","twitter_card":"summary_large_image","twitter_misc":{"Written by":"Ionu\u021b Lepa","Estimated reading time":"2 minutes"},"schema":{"@context":"https:\/\/schema.org","@graph":[{"@type":"Article","@id":"https:\/\/buletin.de\/bucuresti\/petarda-si-spray-lacrimogen-gasite-la-protestatarii-de-la-mitingul-pro-palestina-trei-persoane-duse-la-politie-pentru-audieri\/#article","isPartOf":{"@id":"https:\/\/buletin.de\/bucuresti\/petarda-si-spray-lacrimogen-gasite-la-protestatarii-de-la-mitingul-pro-palestina-trei-persoane-duse-la-politie-pentru-audieri\/"},"author":{"name":"Ionu\u021b Lepa","@id":"https:\/\/buletin.de\/bucuresti\/#\/schema\/person\/5272b8a057b33890940b57b837fc4ce6"},"headline":"Petard\u0103 \u015fi spray lacrimogen g\u0103site la protestatarii de la mitingul pro-Palestina | Trei persoane duse la Poli\u0163ie pentru audieri","datePublished":"2023-11-04T19:55:32+00:00","mainEntityOfPage":{"@id":"https:\/\/buletin.de\/bucuresti\/petarda-si-spray-lacrimogen-gasite-la-protestatarii-de-la-mitingul-pro-palestina-trei-persoane-duse-la-politie-pentru-audieri\/"},"wordCount":337,"publisher":{"@id":"https:\/\/buletin.de\/bucuresti\/#organization"},"image":{"@id":"https:\/\/buletin.de\/bucuresti\/petarda-si-spray-lacrimogen-gasite-la-protestatarii-de-la-mitingul-pro-palestina-trei-persoane-duse-la-politie-pentru-audieri\/#primaryimage"},"thumbnailUrl":"https:\/\/buletin.de\/bucuresti\/wp-content\/uploads\/ID236466_INQUAM_Photos_Octav_Ganea.jpg","keywords":["miting pro-palestina","petarda","spray lacrimogen"],"articleSection":["Articole","\u0218tiri"],"inLanguage":"en-GB","copyrightYear":"2023","copyrightHolder":{"@id":"https:\/\/buletin.de\/bucuresti\/#organization"}},{"@type":"WebPage","@id":"https:\/\/buletin.de\/bucuresti\/petarda-si-spray-lacrimogen-gasite-la-protestatarii-de-la-mitingul-pro-palestina-trei-persoane-duse-la-politie-pentru-audieri\/","url":"https:\/\/buletin.de\/bucuresti\/petarda-si-spray-lacrimogen-gasite-la-protestatarii-de-la-mitingul-pro-palestina-trei-persoane-duse-la-politie-pentru-audieri\/","name":"Petard\u0103 \u015fi spray lacrimogen g\u0103site la protestatarii de la mitingul pro-Palestina | Trei persoane duse la Poli\u0163ie pentru audieri - Buletin de Bucure\u0219ti","isPartOf":{"@id":"https:\/\/buletin.de\/bucuresti\/#website"},"primaryImageOfPage":{"@id":"https:\/\/buletin.de\/bucuresti\/petarda-si-spray-lacrimogen-gasite-la-protestatarii-de-la-mitingul-pro-palestina-trei-persoane-duse-la-politie-pentru-audieri\/#primaryimage"},"image":{"@id":"https:\/\/buletin.de\/bucuresti\/petarda-si-spray-lacrimogen-gasite-la-protestatarii-de-la-mitingul-pro-palestina-trei-persoane-duse-la-politie-pentru-audieri\/#primaryimage"},"thumbnailUrl":"https:\/\/buletin.de\/bucuresti\/wp-content\/uploads\/ID236466_INQUAM_Photos_Octav_Ganea.jpg","datePublished":"2023-11-04T19:55:32+00:00","breadcrumb":{"@id":"https:\/\/buletin.de\/bucuresti\/petarda-si-spray-lacrimogen-gasite-la-protestatarii-de-la-mitingul-pro-palestina-trei-persoane-duse-la-politie-pentru-audieri\/#breadcrumb"},"inLanguage":"en-GB","potentialAction":[{"@type":"ReadAction","target":["https:\/\/buletin.de\/bucuresti\/petarda-si-spray-lacrimogen-gasite-la-protestatarii-de-la-mitingul-pro-palestina-trei-persoane-duse-la-politie-pentru-audieri\/"]}]},{"@type":"ImageObject","inLanguage":"en-GB","@id":"https:\/\/buletin.de\/bucuresti\/petarda-si-spray-lacrimogen-gasite-la-protestatarii-de-la-mitingul-pro-palestina-trei-persoane-duse-la-politie-pentru-audieri\/#primaryimage","url":"https:\/\/buletin.de\/bucuresti\/wp-content\/uploads\/ID236466_INQUAM_Photos_Octav_Ganea.jpg","contentUrl":"https:\/\/buletin.de\/bucuresti\/wp-content\/uploads\/ID236466_INQUAM_Photos_Octav_Ganea.jpg","width":2000,"height":1333,"caption":"sursa: INQUAM \/ Octav Ganea"},{"@type":"BreadcrumbList","@id":"https:\/\/buletin.de\/bucuresti\/petarda-si-spray-lacrimogen-gasite-la-protestatarii-de-la-mitingul-pro-palestina-trei-persoane-duse-la-politie-pentru-audieri\/#breadcrumb","itemListElement":[{"@type":"ListItem","position":1,"name":"Acas\u0103","item":"https:\/\/buletin.de\/bucuresti\/"},{"@type":"ListItem","position":2,"name":"Petard\u0103 \u015fi spray lacrimogen g\u0103site la protestatarii de la mitingul pro-Palestina | Trei persoane duse la Poli\u0163ie pentru audieri"}]},{"@type":"WebSite","@id":"https:\/\/buletin.de\/bucuresti\/#website","url":"https:\/\/buletin.de\/bucuresti\/","name":"Buletin de Bucure\u0219ti","description":"\u0218tiri \u0219i investiga\u021bii esen\u021biale din capital\u0103","publisher":{"@id":"https:\/\/buletin.de\/bucuresti\/#organization"},"potentialAction":[{"@type":"SearchAction","target":{"@type":"EntryPoint","urlTemplate":"https:\/\/buletin.de\/bucuresti\/?s={search_term_string}"},"query-input":{"@type":"PropertyValueSpecification","valueRequired":true,"valueName":"search_term_string"}}],"inLanguage":"en-GB"},{"@type":"Organization","@id":"https:\/\/buletin.de\/bucuresti\/#organization","name":"Buletin de Bucure\u0219ti","url":"https:\/\/buletin.de\/bucuresti\/","logo":{"@type":"ImageObject","inLanguage":"en-GB","@id":"https:\/\/buletin.de\/bucuresti\/#\/schema\/logo\/image\/","url":"https:\/\/buletin.de\/bucuresti\/wp-content\/uploads\/logo-bdb-full-wide-vernil-transparent.png","contentUrl":"https:\/\/buletin.de\/bucuresti\/wp-content\/uploads\/logo-bdb-full-wide-vernil-transparent.png","width":1782,"height":626,"caption":"Buletin de Bucure\u0219ti"},"image":{"@id":"https:\/\/buletin.de\/bucuresti\/#\/schema\/logo\/image\/"},"sameAs":["https:\/\/www.facebook.com\/buletin.de.buc","https:\/\/www.instagram.com\/buletinde.bucuresti\/"]},{"@type":"Person","@id":"https:\/\/buletin.de\/bucuresti\/#\/schema\/person\/5272b8a057b33890940b57b837fc4ce6","name":"Ionu\u021b Lepa","image":{"@type":"ImageObject","inLanguage":"en-GB","@id":"https:\/\/buletin.de\/bucuresti\/wp-content\/uploads\/Ionut-Lepa-96x96.jpg5c4e4d9e049808799a8821652d2410a4","url":"https:\/\/buletin.de\/bucuresti\/wp-content\/uploads\/Ionut-Lepa-96x96.jpg","contentUrl":"https:\/\/buletin.de\/bucuresti\/wp-content\/uploads\/Ionut-Lepa-96x96.jpg","caption":"Ionu\u021b Lepa"},"url":"https:\/\/buletin.de\/bucuresti\/author\/ionutlepa\/"}]}},"authors":[{"term_id":22586,"user_id":8,"is_guest":0,"slug":"ionutlepa","display_name":"Ionu\u021b Lepa","avatar_url":"https:\/\/buletin.de\/bucuresti\/wp-content\/uploads\/Ionut-Lepa-96x96.jpg","0":null,"1":"","2":"","3":"","4":"","5":"","6":"","7":"","8":""}],"_links":{"self":[{"href":"https:\/\/buletin.de\/bucuresti\/wp-json\/wp\/v2\/posts\/68121","targetHints":{"allow":["GET"]}}],"collection":[{"href":"https:\/\/buletin.de\/bucuresti\/wp-json\/wp\/v2\/posts"}],"about":[{"href":"https:\/\/buletin.de\/bucuresti\/wp-json\/wp\/v2\/types\/post"}],"author":[{"embeddable":true,"href":"https:\/\/buletin.de\/bucuresti\/wp-json\/wp\/v2\/users\/8"}],"replies":[{"embeddable":true,"href":"https:\/\/buletin.de\/bucuresti\/wp-json\/wp\/v2\/comments?post=68121"}],"version-history":[{"count":1,"href":"https:\/\/buletin.de\/bucuresti\/wp-json\/wp\/v2\/posts\/68121\/revisions"}],"predecessor-version":[{"id":68123,"href":"https:\/\/buletin.de\/bucuresti\/wp-json\/wp\/v2\/posts\/68121\/revisions\/68123"}],"wp:featuredmedia":[{"embeddable":true,"href":"https:\/\/buletin.de\/bucuresti\/wp-json\/wp\/v2\/media\/68122"}],"wp:attachment":[{"href":"https:\/\/buletin.de\/bucuresti\/wp-json\/wp\/v2\/media?parent=68121"}],"wp:term":[{"taxonomy":"category","embeddable":true,"href":"https:\/\/buletin.de\/bucuresti\/wp-json\/wp\/v2\/categories?post=68121"},{"taxonomy":"post_tag","embeddable":true,"href":"https:\/\/buletin.de\/bucuresti\/wp-json\/wp\/v2\/tags?post=68121"},{"taxonomy":"author","embeddable":true,"href":"https:\/\/buletin.de\/bucuresti\/wp-json\/wp\/v2\/ppma_author?post=68121"}],"curies":[{"name":"wp","href":"https:\/\/api.w.org\/{rel}","templated":true}]}}