{"id":67619,"date":"2023-10-30T09:33:49","date_gmt":"2023-10-30T07:33:49","guid":{"rendered":"https:\/\/buletin.de\/bucuresti\/?p=67619"},"modified":"2023-10-30T09:33:49","modified_gmt":"2023-10-30T07:33:49","slug":"meteo-maxime-de-pana-la-26-de-grade-celsius-saptamana-aceasta","status":"publish","type":"post","link":"https:\/\/buletin.de\/bucuresti\/meteo-maxime-de-pana-la-26-de-grade-celsius-saptamana-aceasta\/","title":{"rendered":"METEO | Maxime de p\u00e2n\u0103 la 26 de grade Celsius, s\u0103pt\u0103m\u00e2na aceasta"},"content":{"rendered":"\n<p>Cu toate c\u0103 valorile termice scad treptat, tot caracterizeaz\u0103 <em>\u201eo vreme mult mai cald\u0103 dec\u00e2t \u00een mod normal pentru aceast\u0103 perioad\u0103\u201d<\/em>, conform Agen\u021biei Na\u021bionale de Meteorologie. Media temperaturilor maxime la \u00eenceputul lunii noiembrie va fi de 17 &#8211; 20\u00b0C.  <\/p>\n\n\n\n<p><strong>Luni, 30 octombrie, <\/strong>cerul va fi senin, iar temperatura maxim\u0103 va atinge 26\u00b0C, iar temperatura minim\u0103 11\u00b0C. V\u00e2ntul va adia u\u0219or, cu 4 m\/s.<\/p>\n\n\n\n<p><strong>Mar\u021bi, 31 octombrie,<\/strong> temperatura se men\u021bine \u00eentre 11\u00b0C \u0219i 26\u00b0C, iar viteza v\u00e2ntului tot la 4 m\/s. \u00cen schimb, cerul este posibil s\u0103 fie mai \u00eennorat.<\/p>\n\n\n\n<p><strong>Miercuri, 1 noiembrie,<\/strong> temperatura maxim\u0103 scade u\u0219or, la 23\u00b0C, iar minima va fi de 12\u00b0C. Cerul r\u0103m\u00e2ne variabil, iar viteza v\u00e2ntului se men\u021bine la 4 m\/s.<\/p>\n\n\n\n<p><strong>Joi, 2 noiembrie,<\/strong> vremea se r\u0103ce\u0219te \u0219i mai mult, temperatura maxim\u0103 ating\u00e2nd 17\u00b0C, iar cea minim\u0103 fiind de 8\u00b0C. V\u00e2ntul se \u00eente\u021be\u0219te la 12 m\/s, iar cerul va fi par\u021bial noros.<\/p>\n\n\n\n<p><strong>Vineri, 3 noiembrie,<\/strong> temperatura maxim\u0103 va fi de 21\u00b0C, \u00een timp ce cea minim\u0103 va atinge 9\u00b0C. Viteza v\u00e2ntului scade, fa\u021b\u0103 de ziua anterioar\u0103, la 8 m\/s. Cerul va fi variabil.   <\/p>\n\n\n\n<p>Potrivit caracteriz\u0103rii lunii noiembrie, realizat\u0103 de ANM, luna p\u0103streaz\u0103, \u00een prima sa parte, caracteristici ale sezonului de toamn\u0103, dar, spre sf\u00e2r\u0219it, lapovi\u021ba \u0219i, posibil, ninsoarea, vor anun\u021ba \u00eenceputul iernii. \u00cen nop\u021bile senine, frigul este <em>\u201ep\u0103trunz\u0103tor, iar bruma \u015fi \u00eenghe\u0163ul la sol sunt fenomene des \u00eent\u00e2lnite\u201d<\/em>:<\/p>\n\n\n\n<p><em>\u201eMasele de aer umed \u015fi cele reci continentale ce se deplaseaz\u0103 dinspre C\u00e2mpia Rus\u0103 se \u00eent\u00e2lnesc deseori, deasupra \u0163\u0103rii noastre, astfel c\u0103 vremea se men\u0163ine \u00eenchis\u0103 \u015fi umed\u0103 zile \u00een \u0219ir\u201d<\/em>, potrivit ANM.<\/p>\n","protected":false},"excerpt":{"rendered":"<p>Cu toate c\u0103 valorile termice scad treptat, tot caracterizeaz\u0103 \u201eo vreme mult mai cald\u0103 dec\u00e2t \u00een mod normal pentru aceast\u0103 perioad\u0103\u201d, conform Agen\u021biei Na\u021bionale de Meteorologie. Media temperaturilor maxime la \u00eenceputul lunii noiembrie va fi de 17 &#8211; 20\u00b0C. Luni, 30 octombrie, cerul va fi senin, iar temperatura maxim\u0103 va atinge 26\u00b0C, iar temperatura minim\u0103 [&hellip;]<\/p>\n","protected":false},"author":47,"featured_media":67621,"comment_status":"closed","ping_status":"open","sticky":false,"template":"","format":"standard","meta":{"_acf_changed":false,"inline_featured_image":false,"ngg_post_thumbnail":0,"footnotes":""},"categories":[6994,62],"tags":[5228,7558,6867,4308,5441],"ppma_author":[22580],"class_list":["post-67619","post","type-post","status-publish","format-standard","has-post-thumbnail","hentry","category-stiri-2","category-stiri","tag-meteo","tag-noiembrie","tag-saptamana","tag-temperaturi","tag-vremea"],"acf":[],"yoast_head":"<!-- This site is optimized with the Yoast SEO Premium plugin v25.3 (Yoast SEO v27.4) - https:\/\/yoast.com\/product\/yoast-seo-premium-wordpress\/ -->\n<title>METEO | Maxime de p\u00e2n\u0103 la 26 de grade Celsius, s\u0103pt\u0103m\u00e2na aceasta - Buletin de Bucure\u0219ti<\/title>\n<meta name=\"robots\" content=\"index, follow, max-snippet:-1, max-image-preview:large, max-video-preview:-1\" \/>\n<link rel=\"canonical\" href=\"https:\/\/buletin.de\/bucuresti\/meteo-maxime-de-pana-la-26-de-grade-celsius-saptamana-aceasta\/\" \/>\n<meta property=\"og:locale\" content=\"en_GB\" \/>\n<meta property=\"og:type\" content=\"article\" \/>\n<meta property=\"og:title\" content=\"METEO | Maxime de p\u00e2n\u0103 la 26 de grade Celsius, s\u0103pt\u0103m\u00e2na aceasta\" \/>\n<meta property=\"og:description\" content=\"Cu toate c\u0103 valorile termice scad treptat, tot caracterizeaz\u0103 \u201eo vreme mult mai cald\u0103 dec\u00e2t \u00een mod normal pentru aceast\u0103 perioad\u0103\u201d, conform Agen\u021biei Na\u021bionale de Meteorologie. Media temperaturilor maxime la \u00eenceputul lunii noiembrie va fi de 17 &#8211; 20\u00b0C. Luni, 30 octombrie, cerul va fi senin, iar temperatura maxim\u0103 va atinge 26\u00b0C, iar temperatura minim\u0103 [&hellip;]\" \/>\n<meta property=\"og:url\" content=\"https:\/\/buletin.de\/bucuresti\/meteo-maxime-de-pana-la-26-de-grade-celsius-saptamana-aceasta\/\" \/>\n<meta property=\"og:site_name\" content=\"Buletin de Bucure\u0219ti\" \/>\n<meta property=\"article:publisher\" content=\"https:\/\/www.facebook.com\/buletin.de.buc\" \/>\n<meta property=\"article:published_time\" content=\"2023-10-30T07:33:49+00:00\" \/>\n<meta property=\"og:image\" content=\"https:\/\/buletin.de\/bucuresti\/wp-content\/uploads\/spd9csowcky.jpg\" \/>\n\t<meta property=\"og:image:width\" content=\"800\" \/>\n\t<meta property=\"og:image:height\" content=\"1200\" \/>\n\t<meta property=\"og:image:type\" content=\"image\/jpeg\" \/>\n<meta name=\"author\" content=\"Adina C\u0103p\u00eelnean\" \/>\n<meta name=\"twitter:card\" content=\"summary_large_image\" \/>\n<meta name=\"twitter:label1\" content=\"Written by\" \/>\n\t<meta name=\"twitter:data1\" content=\"Adina C\u0103p\u00eelnean\" \/>\n\t<meta name=\"twitter:label2\" content=\"Estimated reading time\" \/>\n\t<meta name=\"twitter:data2\" content=\"1 minute\" \/>\n<script type=\"application\/ld+json\" class=\"yoast-schema-graph\">{\"@context\":\"https:\\\/\\\/schema.org\",\"@graph\":[{\"@type\":\"Article\",\"@id\":\"https:\\\/\\\/buletin.de\\\/bucuresti\\\/meteo-maxime-de-pana-la-26-de-grade-celsius-saptamana-aceasta\\\/#article\",\"isPartOf\":{\"@id\":\"https:\\\/\\\/buletin.de\\\/bucuresti\\\/meteo-maxime-de-pana-la-26-de-grade-celsius-saptamana-aceasta\\\/\"},\"author\":{\"name\":\"Adina C\u0103p\u00eelnean\",\"@id\":\"https:\\\/\\\/buletin.de\\\/bucuresti\\\/#\\\/schema\\\/person\\\/ab174cf6711728e4ee83d672acf9a912\"},\"headline\":\"METEO | Maxime de p\u00e2n\u0103 la 26 de grade Celsius, s\u0103pt\u0103m\u00e2na aceasta\",\"datePublished\":\"2023-10-30T07:33:49+00:00\",\"mainEntityOfPage\":{\"@id\":\"https:\\\/\\\/buletin.de\\\/bucuresti\\\/meteo-maxime-de-pana-la-26-de-grade-celsius-saptamana-aceasta\\\/\"},\"wordCount\":298,\"publisher\":{\"@id\":\"https:\\\/\\\/buletin.de\\\/bucuresti\\\/#organization\"},\"image\":{\"@id\":\"https:\\\/\\\/buletin.de\\\/bucuresti\\\/meteo-maxime-de-pana-la-26-de-grade-celsius-saptamana-aceasta\\\/#primaryimage\"},\"thumbnailUrl\":\"https:\\\/\\\/buletin.de\\\/bucuresti\\\/wp-content\\\/uploads\\\/spd9csowcky.jpg\",\"keywords\":[\"Meteo\",\"noiembrie\",\"saptamana\",\"temperaturi\",\"vremea\"],\"articleSection\":[\"Articole\",\"\u0218tiri\"],\"inLanguage\":\"en-GB\",\"copyrightYear\":\"2023\",\"copyrightHolder\":{\"@id\":\"https:\\\/\\\/buletin.de\\\/bucuresti\\\/#organization\"}},{\"@type\":\"WebPage\",\"@id\":\"https:\\\/\\\/buletin.de\\\/bucuresti\\\/meteo-maxime-de-pana-la-26-de-grade-celsius-saptamana-aceasta\\\/\",\"url\":\"https:\\\/\\\/buletin.de\\\/bucuresti\\\/meteo-maxime-de-pana-la-26-de-grade-celsius-saptamana-aceasta\\\/\",\"name\":\"METEO | Maxime de p\u00e2n\u0103 la 26 de grade Celsius, s\u0103pt\u0103m\u00e2na aceasta - Buletin de Bucure\u0219ti\",\"isPartOf\":{\"@id\":\"https:\\\/\\\/buletin.de\\\/bucuresti\\\/#website\"},\"primaryImageOfPage\":{\"@id\":\"https:\\\/\\\/buletin.de\\\/bucuresti\\\/meteo-maxime-de-pana-la-26-de-grade-celsius-saptamana-aceasta\\\/#primaryimage\"},\"image\":{\"@id\":\"https:\\\/\\\/buletin.de\\\/bucuresti\\\/meteo-maxime-de-pana-la-26-de-grade-celsius-saptamana-aceasta\\\/#primaryimage\"},\"thumbnailUrl\":\"https:\\\/\\\/buletin.de\\\/bucuresti\\\/wp-content\\\/uploads\\\/spd9csowcky.jpg\",\"datePublished\":\"2023-10-30T07:33:49+00:00\",\"breadcrumb\":{\"@id\":\"https:\\\/\\\/buletin.de\\\/bucuresti\\\/meteo-maxime-de-pana-la-26-de-grade-celsius-saptamana-aceasta\\\/#breadcrumb\"},\"inLanguage\":\"en-GB\",\"potentialAction\":[{\"@type\":\"ReadAction\",\"target\":[\"https:\\\/\\\/buletin.de\\\/bucuresti\\\/meteo-maxime-de-pana-la-26-de-grade-celsius-saptamana-aceasta\\\/\"]}]},{\"@type\":\"ImageObject\",\"inLanguage\":\"en-GB\",\"@id\":\"https:\\\/\\\/buletin.de\\\/bucuresti\\\/meteo-maxime-de-pana-la-26-de-grade-celsius-saptamana-aceasta\\\/#primaryimage\",\"url\":\"https:\\\/\\\/buletin.de\\\/bucuresti\\\/wp-content\\\/uploads\\\/spd9csowcky.jpg\",\"contentUrl\":\"https:\\\/\\\/buletin.de\\\/bucuresti\\\/wp-content\\\/uploads\\\/spd9csowcky.jpg\",\"width\":800,\"height\":1200,\"caption\":\"selective focus photography of orange and brown falling maple leaves\"},{\"@type\":\"BreadcrumbList\",\"@id\":\"https:\\\/\\\/buletin.de\\\/bucuresti\\\/meteo-maxime-de-pana-la-26-de-grade-celsius-saptamana-aceasta\\\/#breadcrumb\",\"itemListElement\":[{\"@type\":\"ListItem\",\"position\":1,\"name\":\"Acas\u0103\",\"item\":\"https:\\\/\\\/buletin.de\\\/bucuresti\\\/\"},{\"@type\":\"ListItem\",\"position\":2,\"name\":\"METEO | Maxime de p\u00e2n\u0103 la 26 de grade Celsius, s\u0103pt\u0103m\u00e2na aceasta\"}]},{\"@type\":\"WebSite\",\"@id\":\"https:\\\/\\\/buletin.de\\\/bucuresti\\\/#website\",\"url\":\"https:\\\/\\\/buletin.de\\\/bucuresti\\\/\",\"name\":\"Buletin de Bucure\u0219ti\",\"description\":\"\u0218tiri \u0219i investiga\u021bii esen\u021biale din capital\u0103\",\"publisher\":{\"@id\":\"https:\\\/\\\/buletin.de\\\/bucuresti\\\/#organization\"},\"potentialAction\":[{\"@type\":\"SearchAction\",\"target\":{\"@type\":\"EntryPoint\",\"urlTemplate\":\"https:\\\/\\\/buletin.de\\\/bucuresti\\\/?s={search_term_string}\"},\"query-input\":{\"@type\":\"PropertyValueSpecification\",\"valueRequired\":true,\"valueName\":\"search_term_string\"}}],\"inLanguage\":\"en-GB\"},{\"@type\":\"Organization\",\"@id\":\"https:\\\/\\\/buletin.de\\\/bucuresti\\\/#organization\",\"name\":\"Buletin de Bucure\u0219ti\",\"url\":\"https:\\\/\\\/buletin.de\\\/bucuresti\\\/\",\"logo\":{\"@type\":\"ImageObject\",\"inLanguage\":\"en-GB\",\"@id\":\"https:\\\/\\\/buletin.de\\\/bucuresti\\\/#\\\/schema\\\/logo\\\/image\\\/\",\"url\":\"https:\\\/\\\/buletin.de\\\/bucuresti\\\/wp-content\\\/uploads\\\/logo-bdb-full-wide-vernil-transparent.png\",\"contentUrl\":\"https:\\\/\\\/buletin.de\\\/bucuresti\\\/wp-content\\\/uploads\\\/logo-bdb-full-wide-vernil-transparent.png\",\"width\":1782,\"height\":626,\"caption\":\"Buletin de Bucure\u0219ti\"},\"image\":{\"@id\":\"https:\\\/\\\/buletin.de\\\/bucuresti\\\/#\\\/schema\\\/logo\\\/image\\\/\"},\"sameAs\":[\"https:\\\/\\\/www.facebook.com\\\/buletin.de.buc\",\"https:\\\/\\\/www.instagram.com\\\/buletinde.bucuresti\\\/\"]},{\"@type\":\"Person\",\"@id\":\"https:\\\/\\\/buletin.de\\\/bucuresti\\\/#\\\/schema\\\/person\\\/ab174cf6711728e4ee83d672acf9a912\",\"name\":\"Adina C\u0103p\u00eelnean\",\"image\":{\"@type\":\"ImageObject\",\"inLanguage\":\"en-GB\",\"@id\":\"https:\\\/\\\/secure.gravatar.com\\\/avatar\\\/4fe9675d6282fd7c1aa4e486a037d532d5728fc16a30360f293eb6126b2e73ad?s=96&d=monsterid&r=ge2b23868508aec3460d3c6a11d3b599a\",\"url\":\"https:\\\/\\\/secure.gravatar.com\\\/avatar\\\/4fe9675d6282fd7c1aa4e486a037d532d5728fc16a30360f293eb6126b2e73ad?s=96&d=monsterid&r=g\",\"contentUrl\":\"https:\\\/\\\/secure.gravatar.com\\\/avatar\\\/4fe9675d6282fd7c1aa4e486a037d532d5728fc16a30360f293eb6126b2e73ad?s=96&d=monsterid&r=g\",\"caption\":\"Adina C\u0103p\u00eelnean\"},\"url\":\"https:\\\/\\\/buletin.de\\\/bucuresti\\\/author\\\/adinacapilnean\\\/\"}]}<\/script>\n<!-- \/ Yoast SEO Premium plugin. -->","yoast_head_json":{"title":"METEO | Maxime de p\u00e2n\u0103 la 26 de grade Celsius, s\u0103pt\u0103m\u00e2na aceasta - Buletin de Bucure\u0219ti","robots":{"index":"index","follow":"follow","max-snippet":"max-snippet:-1","max-image-preview":"max-image-preview:large","max-video-preview":"max-video-preview:-1"},"canonical":"https:\/\/buletin.de\/bucuresti\/meteo-maxime-de-pana-la-26-de-grade-celsius-saptamana-aceasta\/","og_locale":"en_GB","og_type":"article","og_title":"METEO | Maxime de p\u00e2n\u0103 la 26 de grade Celsius, s\u0103pt\u0103m\u00e2na aceasta","og_description":"Cu toate c\u0103 valorile termice scad treptat, tot caracterizeaz\u0103 \u201eo vreme mult mai cald\u0103 dec\u00e2t \u00een mod normal pentru aceast\u0103 perioad\u0103\u201d, conform Agen\u021biei Na\u021bionale de Meteorologie. Media temperaturilor maxime la \u00eenceputul lunii noiembrie va fi de 17 &#8211; 20\u00b0C. Luni, 30 octombrie, cerul va fi senin, iar temperatura maxim\u0103 va atinge 26\u00b0C, iar temperatura minim\u0103 [&hellip;]","og_url":"https:\/\/buletin.de\/bucuresti\/meteo-maxime-de-pana-la-26-de-grade-celsius-saptamana-aceasta\/","og_site_name":"Buletin de Bucure\u0219ti","article_publisher":"https:\/\/www.facebook.com\/buletin.de.buc","article_published_time":"2023-10-30T07:33:49+00:00","og_image":[{"width":800,"height":1200,"url":"https:\/\/buletin.de\/bucuresti\/wp-content\/uploads\/spd9csowcky.jpg","type":"image\/jpeg"}],"author":"Adina C\u0103p\u00eelnean","twitter_card":"summary_large_image","twitter_misc":{"Written by":"Adina C\u0103p\u00eelnean","Estimated reading time":"1 minute"},"schema":{"@context":"https:\/\/schema.org","@graph":[{"@type":"Article","@id":"https:\/\/buletin.de\/bucuresti\/meteo-maxime-de-pana-la-26-de-grade-celsius-saptamana-aceasta\/#article","isPartOf":{"@id":"https:\/\/buletin.de\/bucuresti\/meteo-maxime-de-pana-la-26-de-grade-celsius-saptamana-aceasta\/"},"author":{"name":"Adina C\u0103p\u00eelnean","@id":"https:\/\/buletin.de\/bucuresti\/#\/schema\/person\/ab174cf6711728e4ee83d672acf9a912"},"headline":"METEO | Maxime de p\u00e2n\u0103 la 26 de grade Celsius, s\u0103pt\u0103m\u00e2na aceasta","datePublished":"2023-10-30T07:33:49+00:00","mainEntityOfPage":{"@id":"https:\/\/buletin.de\/bucuresti\/meteo-maxime-de-pana-la-26-de-grade-celsius-saptamana-aceasta\/"},"wordCount":298,"publisher":{"@id":"https:\/\/buletin.de\/bucuresti\/#organization"},"image":{"@id":"https:\/\/buletin.de\/bucuresti\/meteo-maxime-de-pana-la-26-de-grade-celsius-saptamana-aceasta\/#primaryimage"},"thumbnailUrl":"https:\/\/buletin.de\/bucuresti\/wp-content\/uploads\/spd9csowcky.jpg","keywords":["Meteo","noiembrie","saptamana","temperaturi","vremea"],"articleSection":["Articole","\u0218tiri"],"inLanguage":"en-GB","copyrightYear":"2023","copyrightHolder":{"@id":"https:\/\/buletin.de\/bucuresti\/#organization"}},{"@type":"WebPage","@id":"https:\/\/buletin.de\/bucuresti\/meteo-maxime-de-pana-la-26-de-grade-celsius-saptamana-aceasta\/","url":"https:\/\/buletin.de\/bucuresti\/meteo-maxime-de-pana-la-26-de-grade-celsius-saptamana-aceasta\/","name":"METEO | Maxime de p\u00e2n\u0103 la 26 de grade Celsius, s\u0103pt\u0103m\u00e2na aceasta - Buletin de Bucure\u0219ti","isPartOf":{"@id":"https:\/\/buletin.de\/bucuresti\/#website"},"primaryImageOfPage":{"@id":"https:\/\/buletin.de\/bucuresti\/meteo-maxime-de-pana-la-26-de-grade-celsius-saptamana-aceasta\/#primaryimage"},"image":{"@id":"https:\/\/buletin.de\/bucuresti\/meteo-maxime-de-pana-la-26-de-grade-celsius-saptamana-aceasta\/#primaryimage"},"thumbnailUrl":"https:\/\/buletin.de\/bucuresti\/wp-content\/uploads\/spd9csowcky.jpg","datePublished":"2023-10-30T07:33:49+00:00","breadcrumb":{"@id":"https:\/\/buletin.de\/bucuresti\/meteo-maxime-de-pana-la-26-de-grade-celsius-saptamana-aceasta\/#breadcrumb"},"inLanguage":"en-GB","potentialAction":[{"@type":"ReadAction","target":["https:\/\/buletin.de\/bucuresti\/meteo-maxime-de-pana-la-26-de-grade-celsius-saptamana-aceasta\/"]}]},{"@type":"ImageObject","inLanguage":"en-GB","@id":"https:\/\/buletin.de\/bucuresti\/meteo-maxime-de-pana-la-26-de-grade-celsius-saptamana-aceasta\/#primaryimage","url":"https:\/\/buletin.de\/bucuresti\/wp-content\/uploads\/spd9csowcky.jpg","contentUrl":"https:\/\/buletin.de\/bucuresti\/wp-content\/uploads\/spd9csowcky.jpg","width":800,"height":1200,"caption":"selective focus photography of orange and brown falling maple leaves"},{"@type":"BreadcrumbList","@id":"https:\/\/buletin.de\/bucuresti\/meteo-maxime-de-pana-la-26-de-grade-celsius-saptamana-aceasta\/#breadcrumb","itemListElement":[{"@type":"ListItem","position":1,"name":"Acas\u0103","item":"https:\/\/buletin.de\/bucuresti\/"},{"@type":"ListItem","position":2,"name":"METEO | Maxime de p\u00e2n\u0103 la 26 de grade Celsius, s\u0103pt\u0103m\u00e2na aceasta"}]},{"@type":"WebSite","@id":"https:\/\/buletin.de\/bucuresti\/#website","url":"https:\/\/buletin.de\/bucuresti\/","name":"Buletin de Bucure\u0219ti","description":"\u0218tiri \u0219i investiga\u021bii esen\u021biale din capital\u0103","publisher":{"@id":"https:\/\/buletin.de\/bucuresti\/#organization"},"potentialAction":[{"@type":"SearchAction","target":{"@type":"EntryPoint","urlTemplate":"https:\/\/buletin.de\/bucuresti\/?s={search_term_string}"},"query-input":{"@type":"PropertyValueSpecification","valueRequired":true,"valueName":"search_term_string"}}],"inLanguage":"en-GB"},{"@type":"Organization","@id":"https:\/\/buletin.de\/bucuresti\/#organization","name":"Buletin de Bucure\u0219ti","url":"https:\/\/buletin.de\/bucuresti\/","logo":{"@type":"ImageObject","inLanguage":"en-GB","@id":"https:\/\/buletin.de\/bucuresti\/#\/schema\/logo\/image\/","url":"https:\/\/buletin.de\/bucuresti\/wp-content\/uploads\/logo-bdb-full-wide-vernil-transparent.png","contentUrl":"https:\/\/buletin.de\/bucuresti\/wp-content\/uploads\/logo-bdb-full-wide-vernil-transparent.png","width":1782,"height":626,"caption":"Buletin de Bucure\u0219ti"},"image":{"@id":"https:\/\/buletin.de\/bucuresti\/#\/schema\/logo\/image\/"},"sameAs":["https:\/\/www.facebook.com\/buletin.de.buc","https:\/\/www.instagram.com\/buletinde.bucuresti\/"]},{"@type":"Person","@id":"https:\/\/buletin.de\/bucuresti\/#\/schema\/person\/ab174cf6711728e4ee83d672acf9a912","name":"Adina C\u0103p\u00eelnean","image":{"@type":"ImageObject","inLanguage":"en-GB","@id":"https:\/\/secure.gravatar.com\/avatar\/4fe9675d6282fd7c1aa4e486a037d532d5728fc16a30360f293eb6126b2e73ad?s=96&d=monsterid&r=ge2b23868508aec3460d3c6a11d3b599a","url":"https:\/\/secure.gravatar.com\/avatar\/4fe9675d6282fd7c1aa4e486a037d532d5728fc16a30360f293eb6126b2e73ad?s=96&d=monsterid&r=g","contentUrl":"https:\/\/secure.gravatar.com\/avatar\/4fe9675d6282fd7c1aa4e486a037d532d5728fc16a30360f293eb6126b2e73ad?s=96&d=monsterid&r=g","caption":"Adina C\u0103p\u00eelnean"},"url":"https:\/\/buletin.de\/bucuresti\/author\/adinacapilnean\/"}]}},"authors":[{"term_id":22580,"user_id":47,"is_guest":0,"slug":"adinacapilnean","display_name":"Adina C\u0103p\u00eelnean","avatar_url":"https:\/\/secure.gravatar.com\/avatar\/4fe9675d6282fd7c1aa4e486a037d532d5728fc16a30360f293eb6126b2e73ad?s=96&d=monsterid&r=g","0":null,"1":"","2":"","3":"","4":"","5":"","6":"","7":"","8":""}],"_links":{"self":[{"href":"https:\/\/buletin.de\/bucuresti\/wp-json\/wp\/v2\/posts\/67619","targetHints":{"allow":["GET"]}}],"collection":[{"href":"https:\/\/buletin.de\/bucuresti\/wp-json\/wp\/v2\/posts"}],"about":[{"href":"https:\/\/buletin.de\/bucuresti\/wp-json\/wp\/v2\/types\/post"}],"author":[{"embeddable":true,"href":"https:\/\/buletin.de\/bucuresti\/wp-json\/wp\/v2\/users\/47"}],"replies":[{"embeddable":true,"href":"https:\/\/buletin.de\/bucuresti\/wp-json\/wp\/v2\/comments?post=67619"}],"version-history":[{"count":2,"href":"https:\/\/buletin.de\/bucuresti\/wp-json\/wp\/v2\/posts\/67619\/revisions"}],"predecessor-version":[{"id":67623,"href":"https:\/\/buletin.de\/bucuresti\/wp-json\/wp\/v2\/posts\/67619\/revisions\/67623"}],"wp:featuredmedia":[{"embeddable":true,"href":"https:\/\/buletin.de\/bucuresti\/wp-json\/wp\/v2\/media\/67621"}],"wp:attachment":[{"href":"https:\/\/buletin.de\/bucuresti\/wp-json\/wp\/v2\/media?parent=67619"}],"wp:term":[{"taxonomy":"category","embeddable":true,"href":"https:\/\/buletin.de\/bucuresti\/wp-json\/wp\/v2\/categories?post=67619"},{"taxonomy":"post_tag","embeddable":true,"href":"https:\/\/buletin.de\/bucuresti\/wp-json\/wp\/v2\/tags?post=67619"},{"taxonomy":"author","embeddable":true,"href":"https:\/\/buletin.de\/bucuresti\/wp-json\/wp\/v2\/ppma_author?post=67619"}],"curies":[{"name":"wp","href":"https:\/\/api.w.org\/{rel}","templated":true}]}}