{"id":67500,"date":"2023-10-27T13:06:11","date_gmt":"2023-10-27T11:06:11","guid":{"rendered":"https:\/\/buletin.de\/bucuresti\/?p=67500"},"modified":"2023-10-29T15:18:26","modified_gmt":"2023-10-29T13:18:26","slug":"aurelian-badulescu-pleaca-din-cgmb-in-locul-lui-vine-marian-artimon-urmasul-lui-ion-radoi-de-la-sindicatul-metrorex","status":"publish","type":"post","link":"https:\/\/buletin.de\/bucuresti\/aurelian-badulescu-pleaca-din-cgmb-in-locul-lui-vine-marian-artimon-urmasul-lui-ion-radoi-de-la-sindicatul-metrorex\/","title":{"rendered":"Aurelian B\u0103dulescu pleac\u0103 din CGMB. \u00cen locul lui vine Marian Artimon, urma\u0219ul lui Ion R\u0103doi de la sindicatul Metrorex"},"content":{"rendered":"\n<p><strong>Fostul viceprimar al Capitalei, Aurelian B\u0103dulescu, urmeaz\u0103 ca la \u0219edin\u021ba de mar\u021bi s\u0103 se retrag\u0103 din func\u021bia de consilier general al Municipiului Bucure\u0219ti, potrivit unui proiect de pe ordinea de zi. La aceea\u0219i \u0219edin\u021b\u0103 va depune jur\u0103m\u00e2ntul Marian Artimon, care-i va lua locul prim-vicepre\u0219edintelui PSD Sector 3, care a fost \u0219i liderul social democra\u021bilor \u00een cadrul CGMB. <\/strong><\/p>\n\n\n\n<p>Marian Artimon nu este pentru prima dat\u0103 \u00een pozi\u021bia de a reprezenta interesele bucure\u0219tenilor \u00een forul legislativ de decizie de la nivelul Capitalei, Consiliul General. Conform <a href=\"https:\/\/www.libertatea.ro\/stiri\/exclusiv-face-legea-n-doua-locuri-numarul-doi-din-sindicatul-metrorex-e-reprezentantul-psd-companiile-municipale-infiintate-de-gabriela-firea-2458661\">Libertatea<\/a>, pe timpul administra\u021biei Gabriela Firea, nu doar c\u0103 a fost consilier general, dar a fost \u0219i reprezentantul Adun\u0103rii Generale a Ac\u021bionarilor la STB (fosta RATB) \u0219i \u00een alte cinci companii municipale controlate de PMB.<\/p>\n\n\n\n<p>Reporterii Libertatea au descoperit \u0219i c\u0103 Marian Artimon, ca secretar general, era unul dintre cei cinci membri ai nucleul dur al Uniunii Sindicatelor Libere de la Metrou, f\u0103c\u00e2nd parte din Biroul Permanent. Numele s\u0103u aparea pe toate documentele oficiale ale sindicatului, imediat dup\u0103 numele liderului Ion R\u0103doi. Este un membru cu greutate, mai ales se num\u0103r\u0103 \u0219i printre cei trei administratori care au grij\u0103 de finan\u021bele firmei de\u021binute de sindicat \u2013 Sindomet Servcom SRL, companie care a \u00eencasat bani direct de la Metrorex \u00een 2018. <\/p>\n\n\n\n<p>Surse din interiorul ULSM au confirmat c\u0103 Marian Artimon este \u00een c\u0103r\u021bi pentru a prelua conducerea sindicatului, dup\u0103 mazilirea lui Ion R\u0103doi. Acesta din urma este suspendat din func\u021bia de pre\u0219edinte al sindicatului.<\/p>\n\n\n\n<h2 class=\"wp-block-heading\"><strong>Aurelian B\u0103dulescu \u0219i Marian Artimon, interese \u0219i averi <\/strong><\/h2>\n\n\n\n<p>Din ultima declara\u021bie de interese publicat\u0103 de Aurelian B\u0103dulescu reiese c\u0103 ocup\u0103 func\u021bia de pre\u0219edinte al Ligii Ale\u0219ilor Locali Bucure\u0219ti a Partidului Social Democrat. \u00cen cadrul partidului este \u0219i prim-vicepre\u0219edinte PSD Sector 3. Pe l\u00e2ng\u0103 func\u021biile politice, B\u0103dulescu este \u0219i Vicepre\u0219edintele Federa\u021biei Rom\u00e2ne de Judo.  <\/p>\n\n\n\n<p>\u00cen ceea ce prive\u0219te averea politicianului local, acesta sus\u021bine, \u00een ultima declara\u021bie de avere, c\u0103 este co-proprietar al unui teren agricol de 4.500 mp, are dou\u0103 ma\u0219ini, cea mai recent\u0103 fiind cump\u0103rat\u0103 \u00een 2015 \u0219i economii de 80 de mii de lei. Nunta din Voluntari cu Andreea Laura B\u0103dulescu a ridicat considerabil veniturile familiei, aduc\u00e2nd 25 de mii de euro \u00een conturile celor doi. <\/p>\n\n\n\n<figure class=\"wp-block-image size-large\"><img fetchpriority=\"high\" decoding=\"async\" width=\"900\" height=\"322\" src=\"data:image\/gif;base64,R0lGODlhAQABAAAAACH5BAEKAAEALAAAAAABAAEAAAICTAEAOw==\" data-src=\"https:\/\/buletin.de\/bucuresti\/wp-content\/uploads\/Screen-Shot-2023-10-27-at-11.15.47-AM-900x322.png\" alt=\"\" class=\"wp-image-67501 lazyload\" data-sizes=\"auto\" data-srcset=\"https:\/\/buletin.de\/bucuresti\/wp-content\/uploads\/Screen-Shot-2023-10-27-at-11.15.47-AM-900x322.png 900w, https:\/\/buletin.de\/bucuresti\/wp-content\/uploads\/Screen-Shot-2023-10-27-at-11.15.47-AM-300x107.png 300w, https:\/\/buletin.de\/bucuresti\/wp-content\/uploads\/Screen-Shot-2023-10-27-at-11.15.47-AM-768x275.png 768w, https:\/\/buletin.de\/bucuresti\/wp-content\/uploads\/Screen-Shot-2023-10-27-at-11.15.47-AM-600x215.png 600w, https:\/\/buletin.de\/bucuresti\/wp-content\/uploads\/Screen-Shot-2023-10-27-at-11.15.47-AM-20x7.png 20w, https:\/\/buletin.de\/bucuresti\/wp-content\/uploads\/Screen-Shot-2023-10-27-at-11.15.47-AM.png 1068w\" sizes=\"(max-width: 900px) 100vw, 900px\" \/><\/figure>\n\n\n\n<p>\u00cen ceea ce-l prive\u0219te pe Marian Artimon, ultima declara\u021bie de interese publicat\u0103 a fost \u00een 2020, c\u00e2nd \u00eenc\u0103 avea toate func\u021biile descoperite de reporterii Libertatea \u00een 2018.<\/p>\n\n\n\n<p>Acesta era \u00een continuare \u0219i administrator cu atribu\u021bii de director \u00een compania Sindomet Servcom SRL, de unde a \u00eencasat 73 de mii de lei. <\/p>\n\n\n\n<p>Ultima declara\u021bie de avere public\u0103 a viitorului consilier local a fost publicat\u0103 \u00een acela\u0219i an, 2020, iar conform acesteia avea un cot cu 10.000 de lei, iar pe l\u00e2ng\u0103 banii primi\u021bi de la compania pe care o conduce, primea 75 de mii de lei de la Metrorex, pentru postul de Instructor instala\u021bii. \u00cen declara\u021bia din 2020 apar \u0219i 14 mii de lei primi\u021bi \u00een urma indemniza\u021biei de consilier general. <\/p>\n","protected":false},"excerpt":{"rendered":"<p>Fostul viceprimar al Capitalei, Aurelian B\u0103dulescu, urmeaz\u0103 ca la \u0219edin\u021ba de mar\u021bi s\u0103 se retrag\u0103 din func\u021bia de consilier general al Municipiului Bucure\u0219ti, potrivit unui proiect de pe ordinea de zi. La aceea\u0219i \u0219edin\u021b\u0103 va depune jur\u0103m\u00e2ntul Marian Artimon, care-i va lua locul prim-vicepre\u0219edintelui PSD Sector 3, care a fost \u0219i liderul social democra\u021bilor \u00een [&hellip;]<\/p>\n","protected":false},"author":17,"featured_media":67508,"comment_status":"closed","ping_status":"open","sticky":false,"template":"","format":"standard","meta":{"_acf_changed":false,"inline_featured_image":false,"ngg_post_thumbnail":0,"footnotes":""},"categories":[6994,5762,24],"tags":[66,148,7536,1814,7533,377,7534],"ppma_author":[22576],"class_list":["post-67500","post","type-post","status-publish","format-standard","has-post-thumbnail","hentry","category-stiri-2","category-main","category-primarie","tag-aurelian-badulescu","tag-cgmb","tag-colnsilieri-generali","tag-juramant","tag-marian-artinom","tag-metrorex","tag-sindicatul-metrorex"],"acf":[],"yoast_head":"<!-- This site is optimized with the Yoast SEO Premium plugin v25.3 (Yoast SEO v27.4) - https:\/\/yoast.com\/product\/yoast-seo-premium-wordpress\/ -->\n<title>Aurelian B\u0103dulescu pleac\u0103 din CGMB. \u00cen locul lui vine Marian Artimon, urma\u0219ul lui Ion R\u0103doi de la sindicatul Metrorex - Buletin de Bucure\u0219ti<\/title>\n<meta name=\"robots\" content=\"index, follow, max-snippet:-1, max-image-preview:large, max-video-preview:-1\" \/>\n<link rel=\"canonical\" href=\"https:\/\/buletin.de\/bucuresti\/aurelian-badulescu-pleaca-din-cgmb-in-locul-lui-vine-marian-artimon-urmasul-lui-ion-radoi-de-la-sindicatul-metrorex\/\" \/>\n<meta property=\"og:locale\" content=\"en_GB\" \/>\n<meta property=\"og:type\" content=\"article\" \/>\n<meta property=\"og:title\" content=\"Aurelian B\u0103dulescu pleac\u0103 din CGMB. \u00cen locul lui vine Marian Artimon, urma\u0219ul lui Ion R\u0103doi de la sindicatul Metrorex\" \/>\n<meta property=\"og:description\" content=\"Fostul viceprimar al Capitalei, Aurelian B\u0103dulescu, urmeaz\u0103 ca la \u0219edin\u021ba de mar\u021bi s\u0103 se retrag\u0103 din func\u021bia de consilier general al Municipiului Bucure\u0219ti, potrivit unui proiect de pe ordinea de zi. La aceea\u0219i \u0219edin\u021b\u0103 va depune jur\u0103m\u00e2ntul Marian Artimon, care-i va lua locul prim-vicepre\u0219edintelui PSD Sector 3, care a fost \u0219i liderul social democra\u021bilor \u00een [&hellip;]\" \/>\n<meta property=\"og:url\" content=\"https:\/\/buletin.de\/bucuresti\/aurelian-badulescu-pleaca-din-cgmb-in-locul-lui-vine-marian-artimon-urmasul-lui-ion-radoi-de-la-sindicatul-metrorex\/\" \/>\n<meta property=\"og:site_name\" content=\"Buletin de Bucure\u0219ti\" \/>\n<meta property=\"article:publisher\" content=\"https:\/\/www.facebook.com\/buletin.de.buc\" \/>\n<meta property=\"article:published_time\" content=\"2023-10-27T11:06:11+00:00\" \/>\n<meta property=\"article:modified_time\" content=\"2023-10-29T13:18:26+00:00\" \/>\n<meta property=\"og:image\" content=\"https:\/\/buletin.de\/bucuresti\/wp-content\/uploads\/BdB-AC-uri-900x506.png\" \/>\n\t<meta property=\"og:image:width\" content=\"900\" \/>\n\t<meta property=\"og:image:height\" content=\"506\" \/>\n\t<meta property=\"og:image:type\" content=\"image\/png\" \/>\n<meta name=\"author\" content=\"Florin R\u00e2\u0219teiu\" \/>\n<meta name=\"twitter:card\" content=\"summary_large_image\" \/>\n<meta name=\"twitter:label1\" content=\"Written by\" \/>\n\t<meta name=\"twitter:data1\" content=\"Florin R\u00e2\u0219teiu\" \/>\n\t<meta name=\"twitter:label2\" content=\"Estimated reading time\" \/>\n\t<meta name=\"twitter:data2\" content=\"3 minutes\" \/>\n<script type=\"application\/ld+json\" class=\"yoast-schema-graph\">{\"@context\":\"https:\\\/\\\/schema.org\",\"@graph\":[{\"@type\":\"Article\",\"@id\":\"https:\\\/\\\/buletin.de\\\/bucuresti\\\/aurelian-badulescu-pleaca-din-cgmb-in-locul-lui-vine-marian-artimon-urmasul-lui-ion-radoi-de-la-sindicatul-metrorex\\\/#article\",\"isPartOf\":{\"@id\":\"https:\\\/\\\/buletin.de\\\/bucuresti\\\/aurelian-badulescu-pleaca-din-cgmb-in-locul-lui-vine-marian-artimon-urmasul-lui-ion-radoi-de-la-sindicatul-metrorex\\\/\"},\"author\":{\"name\":\"Florin R\u00e2\u0219teiu\",\"@id\":\"https:\\\/\\\/buletin.de\\\/bucuresti\\\/#\\\/schema\\\/person\\\/b0686d7a8b666c6afc78239777fd8a89\"},\"headline\":\"Aurelian B\u0103dulescu pleac\u0103 din CGMB. \u00cen locul lui vine Marian Artimon, urma\u0219ul lui Ion R\u0103doi de la sindicatul Metrorex\",\"datePublished\":\"2023-10-27T11:06:11+00:00\",\"dateModified\":\"2023-10-29T13:18:26+00:00\",\"mainEntityOfPage\":{\"@id\":\"https:\\\/\\\/buletin.de\\\/bucuresti\\\/aurelian-badulescu-pleaca-din-cgmb-in-locul-lui-vine-marian-artimon-urmasul-lui-ion-radoi-de-la-sindicatul-metrorex\\\/\"},\"wordCount\":540,\"publisher\":{\"@id\":\"https:\\\/\\\/buletin.de\\\/bucuresti\\\/#organization\"},\"image\":{\"@id\":\"https:\\\/\\\/buletin.de\\\/bucuresti\\\/aurelian-badulescu-pleaca-din-cgmb-in-locul-lui-vine-marian-artimon-urmasul-lui-ion-radoi-de-la-sindicatul-metrorex\\\/#primaryimage\"},\"thumbnailUrl\":\"https:\\\/\\\/buletin.de\\\/bucuresti\\\/wp-content\\\/uploads\\\/BdB-AC-uri.png\",\"keywords\":[\"aurelian badulescu\",\"cgmb\",\"colnsilieri Generali\",\"juramant\",\"Marian Artinom\",\"metrorex\",\"sindicatul metrorex\"],\"articleSection\":[\"Articole\",\"Main\",\"Prim\u0103rie\"],\"inLanguage\":\"en-GB\",\"copyrightYear\":\"2023\",\"copyrightHolder\":{\"@id\":\"https:\\\/\\\/buletin.de\\\/bucuresti\\\/#organization\"}},{\"@type\":\"WebPage\",\"@id\":\"https:\\\/\\\/buletin.de\\\/bucuresti\\\/aurelian-badulescu-pleaca-din-cgmb-in-locul-lui-vine-marian-artimon-urmasul-lui-ion-radoi-de-la-sindicatul-metrorex\\\/\",\"url\":\"https:\\\/\\\/buletin.de\\\/bucuresti\\\/aurelian-badulescu-pleaca-din-cgmb-in-locul-lui-vine-marian-artimon-urmasul-lui-ion-radoi-de-la-sindicatul-metrorex\\\/\",\"name\":\"Aurelian B\u0103dulescu pleac\u0103 din CGMB. \u00cen locul lui vine Marian Artimon, urma\u0219ul lui Ion R\u0103doi de la sindicatul Metrorex - Buletin de Bucure\u0219ti\",\"isPartOf\":{\"@id\":\"https:\\\/\\\/buletin.de\\\/bucuresti\\\/#website\"},\"primaryImageOfPage\":{\"@id\":\"https:\\\/\\\/buletin.de\\\/bucuresti\\\/aurelian-badulescu-pleaca-din-cgmb-in-locul-lui-vine-marian-artimon-urmasul-lui-ion-radoi-de-la-sindicatul-metrorex\\\/#primaryimage\"},\"image\":{\"@id\":\"https:\\\/\\\/buletin.de\\\/bucuresti\\\/aurelian-badulescu-pleaca-din-cgmb-in-locul-lui-vine-marian-artimon-urmasul-lui-ion-radoi-de-la-sindicatul-metrorex\\\/#primaryimage\"},\"thumbnailUrl\":\"https:\\\/\\\/buletin.de\\\/bucuresti\\\/wp-content\\\/uploads\\\/BdB-AC-uri.png\",\"datePublished\":\"2023-10-27T11:06:11+00:00\",\"dateModified\":\"2023-10-29T13:18:26+00:00\",\"breadcrumb\":{\"@id\":\"https:\\\/\\\/buletin.de\\\/bucuresti\\\/aurelian-badulescu-pleaca-din-cgmb-in-locul-lui-vine-marian-artimon-urmasul-lui-ion-radoi-de-la-sindicatul-metrorex\\\/#breadcrumb\"},\"inLanguage\":\"en-GB\",\"potentialAction\":[{\"@type\":\"ReadAction\",\"target\":[\"https:\\\/\\\/buletin.de\\\/bucuresti\\\/aurelian-badulescu-pleaca-din-cgmb-in-locul-lui-vine-marian-artimon-urmasul-lui-ion-radoi-de-la-sindicatul-metrorex\\\/\"]}]},{\"@type\":\"ImageObject\",\"inLanguage\":\"en-GB\",\"@id\":\"https:\\\/\\\/buletin.de\\\/bucuresti\\\/aurelian-badulescu-pleaca-din-cgmb-in-locul-lui-vine-marian-artimon-urmasul-lui-ion-radoi-de-la-sindicatul-metrorex\\\/#primaryimage\",\"url\":\"https:\\\/\\\/buletin.de\\\/bucuresti\\\/wp-content\\\/uploads\\\/BdB-AC-uri.png\",\"contentUrl\":\"https:\\\/\\\/buletin.de\\\/bucuresti\\\/wp-content\\\/uploads\\\/BdB-AC-uri.png\",\"width\":1920,\"height\":1080},{\"@type\":\"BreadcrumbList\",\"@id\":\"https:\\\/\\\/buletin.de\\\/bucuresti\\\/aurelian-badulescu-pleaca-din-cgmb-in-locul-lui-vine-marian-artimon-urmasul-lui-ion-radoi-de-la-sindicatul-metrorex\\\/#breadcrumb\",\"itemListElement\":[{\"@type\":\"ListItem\",\"position\":1,\"name\":\"Acas\u0103\",\"item\":\"https:\\\/\\\/buletin.de\\\/bucuresti\\\/\"},{\"@type\":\"ListItem\",\"position\":2,\"name\":\"Aurelian B\u0103dulescu pleac\u0103 din CGMB. \u00cen locul lui vine Marian Artimon, urma\u0219ul lui Ion R\u0103doi de la sindicatul Metrorex\"}]},{\"@type\":\"WebSite\",\"@id\":\"https:\\\/\\\/buletin.de\\\/bucuresti\\\/#website\",\"url\":\"https:\\\/\\\/buletin.de\\\/bucuresti\\\/\",\"name\":\"Buletin de Bucure\u0219ti\",\"description\":\"\u0218tiri \u0219i investiga\u021bii esen\u021biale din capital\u0103\",\"publisher\":{\"@id\":\"https:\\\/\\\/buletin.de\\\/bucuresti\\\/#organization\"},\"potentialAction\":[{\"@type\":\"SearchAction\",\"target\":{\"@type\":\"EntryPoint\",\"urlTemplate\":\"https:\\\/\\\/buletin.de\\\/bucuresti\\\/?s={search_term_string}\"},\"query-input\":{\"@type\":\"PropertyValueSpecification\",\"valueRequired\":true,\"valueName\":\"search_term_string\"}}],\"inLanguage\":\"en-GB\"},{\"@type\":\"Organization\",\"@id\":\"https:\\\/\\\/buletin.de\\\/bucuresti\\\/#organization\",\"name\":\"Buletin de Bucure\u0219ti\",\"url\":\"https:\\\/\\\/buletin.de\\\/bucuresti\\\/\",\"logo\":{\"@type\":\"ImageObject\",\"inLanguage\":\"en-GB\",\"@id\":\"https:\\\/\\\/buletin.de\\\/bucuresti\\\/#\\\/schema\\\/logo\\\/image\\\/\",\"url\":\"https:\\\/\\\/buletin.de\\\/bucuresti\\\/wp-content\\\/uploads\\\/logo-bdb-full-wide-vernil-transparent.png\",\"contentUrl\":\"https:\\\/\\\/buletin.de\\\/bucuresti\\\/wp-content\\\/uploads\\\/logo-bdb-full-wide-vernil-transparent.png\",\"width\":1782,\"height\":626,\"caption\":\"Buletin de Bucure\u0219ti\"},\"image\":{\"@id\":\"https:\\\/\\\/buletin.de\\\/bucuresti\\\/#\\\/schema\\\/logo\\\/image\\\/\"},\"sameAs\":[\"https:\\\/\\\/www.facebook.com\\\/buletin.de.buc\",\"https:\\\/\\\/www.instagram.com\\\/buletinde.bucuresti\\\/\"]},{\"@type\":\"Person\",\"@id\":\"https:\\\/\\\/buletin.de\\\/bucuresti\\\/#\\\/schema\\\/person\\\/b0686d7a8b666c6afc78239777fd8a89\",\"name\":\"Florin R\u00e2\u0219teiu\",\"image\":{\"@type\":\"ImageObject\",\"inLanguage\":\"en-GB\",\"@id\":\"https:\\\/\\\/buletin.de\\\/bucuresti\\\/wp-content\\\/uploads\\\/Florin-Rasteiu-96x96.jpgf0a6fe28453aa12f0a60e4d0a2e3a78c\",\"url\":\"https:\\\/\\\/buletin.de\\\/bucuresti\\\/wp-content\\\/uploads\\\/Florin-Rasteiu-96x96.jpg\",\"contentUrl\":\"https:\\\/\\\/buletin.de\\\/bucuresti\\\/wp-content\\\/uploads\\\/Florin-Rasteiu-96x96.jpg\",\"caption\":\"Florin R\u00e2\u0219teiu\"},\"description\":\"Jurnalist de investiga\u021bie. Lucreaz\u0103 de aproape 6 ani la Buletin de Bucure\u0219ti, unde a publicat articole care scot la suprafa\u021b\u0103 corup\u021bia din Capital\u0103. Analizeaz\u0103 baze de date zilnic \u0219i scoate pove\u0219ti din exceluri pline de cifre. Pune reflectorul pe adev\u0103r cu fiecare ocazie. A c\u00e2\u0219tigat premiul I la categoria Pres\u0103 Local\u0103 \u00een 2025 \u0219i locul al II-lea la aceea\u0219i categorie \u00een 2024 \u00een cadrul Premiilor Superscrieri pentru jurnalism independent.\",\"url\":\"https:\\\/\\\/buletin.de\\\/bucuresti\\\/author\\\/florinrasteiu\\\/\"}]}<\/script>\n<!-- \/ Yoast SEO Premium plugin. -->","yoast_head_json":{"title":"Aurelian B\u0103dulescu pleac\u0103 din CGMB. \u00cen locul lui vine Marian Artimon, urma\u0219ul lui Ion R\u0103doi de la sindicatul Metrorex - Buletin de Bucure\u0219ti","robots":{"index":"index","follow":"follow","max-snippet":"max-snippet:-1","max-image-preview":"max-image-preview:large","max-video-preview":"max-video-preview:-1"},"canonical":"https:\/\/buletin.de\/bucuresti\/aurelian-badulescu-pleaca-din-cgmb-in-locul-lui-vine-marian-artimon-urmasul-lui-ion-radoi-de-la-sindicatul-metrorex\/","og_locale":"en_GB","og_type":"article","og_title":"Aurelian B\u0103dulescu pleac\u0103 din CGMB. \u00cen locul lui vine Marian Artimon, urma\u0219ul lui Ion R\u0103doi de la sindicatul Metrorex","og_description":"Fostul viceprimar al Capitalei, Aurelian B\u0103dulescu, urmeaz\u0103 ca la \u0219edin\u021ba de mar\u021bi s\u0103 se retrag\u0103 din func\u021bia de consilier general al Municipiului Bucure\u0219ti, potrivit unui proiect de pe ordinea de zi. La aceea\u0219i \u0219edin\u021b\u0103 va depune jur\u0103m\u00e2ntul Marian Artimon, care-i va lua locul prim-vicepre\u0219edintelui PSD Sector 3, care a fost \u0219i liderul social democra\u021bilor \u00een [&hellip;]","og_url":"https:\/\/buletin.de\/bucuresti\/aurelian-badulescu-pleaca-din-cgmb-in-locul-lui-vine-marian-artimon-urmasul-lui-ion-radoi-de-la-sindicatul-metrorex\/","og_site_name":"Buletin de Bucure\u0219ti","article_publisher":"https:\/\/www.facebook.com\/buletin.de.buc","article_published_time":"2023-10-27T11:06:11+00:00","article_modified_time":"2023-10-29T13:18:26+00:00","og_image":[{"width":900,"height":506,"url":"https:\/\/buletin.de\/bucuresti\/wp-content\/uploads\/BdB-AC-uri-900x506.png","type":"image\/png"}],"author":"Florin R\u00e2\u0219teiu","twitter_card":"summary_large_image","twitter_misc":{"Written by":"Florin R\u00e2\u0219teiu","Estimated reading time":"3 minutes"},"schema":{"@context":"https:\/\/schema.org","@graph":[{"@type":"Article","@id":"https:\/\/buletin.de\/bucuresti\/aurelian-badulescu-pleaca-din-cgmb-in-locul-lui-vine-marian-artimon-urmasul-lui-ion-radoi-de-la-sindicatul-metrorex\/#article","isPartOf":{"@id":"https:\/\/buletin.de\/bucuresti\/aurelian-badulescu-pleaca-din-cgmb-in-locul-lui-vine-marian-artimon-urmasul-lui-ion-radoi-de-la-sindicatul-metrorex\/"},"author":{"name":"Florin R\u00e2\u0219teiu","@id":"https:\/\/buletin.de\/bucuresti\/#\/schema\/person\/b0686d7a8b666c6afc78239777fd8a89"},"headline":"Aurelian B\u0103dulescu pleac\u0103 din CGMB. \u00cen locul lui vine Marian Artimon, urma\u0219ul lui Ion R\u0103doi de la sindicatul Metrorex","datePublished":"2023-10-27T11:06:11+00:00","dateModified":"2023-10-29T13:18:26+00:00","mainEntityOfPage":{"@id":"https:\/\/buletin.de\/bucuresti\/aurelian-badulescu-pleaca-din-cgmb-in-locul-lui-vine-marian-artimon-urmasul-lui-ion-radoi-de-la-sindicatul-metrorex\/"},"wordCount":540,"publisher":{"@id":"https:\/\/buletin.de\/bucuresti\/#organization"},"image":{"@id":"https:\/\/buletin.de\/bucuresti\/aurelian-badulescu-pleaca-din-cgmb-in-locul-lui-vine-marian-artimon-urmasul-lui-ion-radoi-de-la-sindicatul-metrorex\/#primaryimage"},"thumbnailUrl":"https:\/\/buletin.de\/bucuresti\/wp-content\/uploads\/BdB-AC-uri.png","keywords":["aurelian badulescu","cgmb","colnsilieri Generali","juramant","Marian Artinom","metrorex","sindicatul metrorex"],"articleSection":["Articole","Main","Prim\u0103rie"],"inLanguage":"en-GB","copyrightYear":"2023","copyrightHolder":{"@id":"https:\/\/buletin.de\/bucuresti\/#organization"}},{"@type":"WebPage","@id":"https:\/\/buletin.de\/bucuresti\/aurelian-badulescu-pleaca-din-cgmb-in-locul-lui-vine-marian-artimon-urmasul-lui-ion-radoi-de-la-sindicatul-metrorex\/","url":"https:\/\/buletin.de\/bucuresti\/aurelian-badulescu-pleaca-din-cgmb-in-locul-lui-vine-marian-artimon-urmasul-lui-ion-radoi-de-la-sindicatul-metrorex\/","name":"Aurelian B\u0103dulescu pleac\u0103 din CGMB. \u00cen locul lui vine Marian Artimon, urma\u0219ul lui Ion R\u0103doi de la sindicatul Metrorex - Buletin de Bucure\u0219ti","isPartOf":{"@id":"https:\/\/buletin.de\/bucuresti\/#website"},"primaryImageOfPage":{"@id":"https:\/\/buletin.de\/bucuresti\/aurelian-badulescu-pleaca-din-cgmb-in-locul-lui-vine-marian-artimon-urmasul-lui-ion-radoi-de-la-sindicatul-metrorex\/#primaryimage"},"image":{"@id":"https:\/\/buletin.de\/bucuresti\/aurelian-badulescu-pleaca-din-cgmb-in-locul-lui-vine-marian-artimon-urmasul-lui-ion-radoi-de-la-sindicatul-metrorex\/#primaryimage"},"thumbnailUrl":"https:\/\/buletin.de\/bucuresti\/wp-content\/uploads\/BdB-AC-uri.png","datePublished":"2023-10-27T11:06:11+00:00","dateModified":"2023-10-29T13:18:26+00:00","breadcrumb":{"@id":"https:\/\/buletin.de\/bucuresti\/aurelian-badulescu-pleaca-din-cgmb-in-locul-lui-vine-marian-artimon-urmasul-lui-ion-radoi-de-la-sindicatul-metrorex\/#breadcrumb"},"inLanguage":"en-GB","potentialAction":[{"@type":"ReadAction","target":["https:\/\/buletin.de\/bucuresti\/aurelian-badulescu-pleaca-din-cgmb-in-locul-lui-vine-marian-artimon-urmasul-lui-ion-radoi-de-la-sindicatul-metrorex\/"]}]},{"@type":"ImageObject","inLanguage":"en-GB","@id":"https:\/\/buletin.de\/bucuresti\/aurelian-badulescu-pleaca-din-cgmb-in-locul-lui-vine-marian-artimon-urmasul-lui-ion-radoi-de-la-sindicatul-metrorex\/#primaryimage","url":"https:\/\/buletin.de\/bucuresti\/wp-content\/uploads\/BdB-AC-uri.png","contentUrl":"https:\/\/buletin.de\/bucuresti\/wp-content\/uploads\/BdB-AC-uri.png","width":1920,"height":1080},{"@type":"BreadcrumbList","@id":"https:\/\/buletin.de\/bucuresti\/aurelian-badulescu-pleaca-din-cgmb-in-locul-lui-vine-marian-artimon-urmasul-lui-ion-radoi-de-la-sindicatul-metrorex\/#breadcrumb","itemListElement":[{"@type":"ListItem","position":1,"name":"Acas\u0103","item":"https:\/\/buletin.de\/bucuresti\/"},{"@type":"ListItem","position":2,"name":"Aurelian B\u0103dulescu pleac\u0103 din CGMB. \u00cen locul lui vine Marian Artimon, urma\u0219ul lui Ion R\u0103doi de la sindicatul Metrorex"}]},{"@type":"WebSite","@id":"https:\/\/buletin.de\/bucuresti\/#website","url":"https:\/\/buletin.de\/bucuresti\/","name":"Buletin de Bucure\u0219ti","description":"\u0218tiri \u0219i investiga\u021bii esen\u021biale din capital\u0103","publisher":{"@id":"https:\/\/buletin.de\/bucuresti\/#organization"},"potentialAction":[{"@type":"SearchAction","target":{"@type":"EntryPoint","urlTemplate":"https:\/\/buletin.de\/bucuresti\/?s={search_term_string}"},"query-input":{"@type":"PropertyValueSpecification","valueRequired":true,"valueName":"search_term_string"}}],"inLanguage":"en-GB"},{"@type":"Organization","@id":"https:\/\/buletin.de\/bucuresti\/#organization","name":"Buletin de Bucure\u0219ti","url":"https:\/\/buletin.de\/bucuresti\/","logo":{"@type":"ImageObject","inLanguage":"en-GB","@id":"https:\/\/buletin.de\/bucuresti\/#\/schema\/logo\/image\/","url":"https:\/\/buletin.de\/bucuresti\/wp-content\/uploads\/logo-bdb-full-wide-vernil-transparent.png","contentUrl":"https:\/\/buletin.de\/bucuresti\/wp-content\/uploads\/logo-bdb-full-wide-vernil-transparent.png","width":1782,"height":626,"caption":"Buletin de Bucure\u0219ti"},"image":{"@id":"https:\/\/buletin.de\/bucuresti\/#\/schema\/logo\/image\/"},"sameAs":["https:\/\/www.facebook.com\/buletin.de.buc","https:\/\/www.instagram.com\/buletinde.bucuresti\/"]},{"@type":"Person","@id":"https:\/\/buletin.de\/bucuresti\/#\/schema\/person\/b0686d7a8b666c6afc78239777fd8a89","name":"Florin R\u00e2\u0219teiu","image":{"@type":"ImageObject","inLanguage":"en-GB","@id":"https:\/\/buletin.de\/bucuresti\/wp-content\/uploads\/Florin-Rasteiu-96x96.jpgf0a6fe28453aa12f0a60e4d0a2e3a78c","url":"https:\/\/buletin.de\/bucuresti\/wp-content\/uploads\/Florin-Rasteiu-96x96.jpg","contentUrl":"https:\/\/buletin.de\/bucuresti\/wp-content\/uploads\/Florin-Rasteiu-96x96.jpg","caption":"Florin R\u00e2\u0219teiu"},"description":"Jurnalist de investiga\u021bie. Lucreaz\u0103 de aproape 6 ani la Buletin de Bucure\u0219ti, unde a publicat articole care scot la suprafa\u021b\u0103 corup\u021bia din Capital\u0103. Analizeaz\u0103 baze de date zilnic \u0219i scoate pove\u0219ti din exceluri pline de cifre. Pune reflectorul pe adev\u0103r cu fiecare ocazie. A c\u00e2\u0219tigat premiul I la categoria Pres\u0103 Local\u0103 \u00een 2025 \u0219i locul al II-lea la aceea\u0219i categorie \u00een 2024 \u00een cadrul Premiilor Superscrieri pentru jurnalism independent.","url":"https:\/\/buletin.de\/bucuresti\/author\/florinrasteiu\/"}]}},"authors":[{"term_id":22576,"user_id":17,"is_guest":0,"slug":"florinrasteiu","display_name":"Florin R\u00e2\u0219teiu","avatar_url":"https:\/\/buletin.de\/bucuresti\/wp-content\/uploads\/Florin-Rasteiu-96x96.jpg","0":null,"1":"","2":"","3":"","4":"","5":"","6":"","7":"","8":""}],"_links":{"self":[{"href":"https:\/\/buletin.de\/bucuresti\/wp-json\/wp\/v2\/posts\/67500","targetHints":{"allow":["GET"]}}],"collection":[{"href":"https:\/\/buletin.de\/bucuresti\/wp-json\/wp\/v2\/posts"}],"about":[{"href":"https:\/\/buletin.de\/bucuresti\/wp-json\/wp\/v2\/types\/post"}],"author":[{"embeddable":true,"href":"https:\/\/buletin.de\/bucuresti\/wp-json\/wp\/v2\/users\/17"}],"replies":[{"embeddable":true,"href":"https:\/\/buletin.de\/bucuresti\/wp-json\/wp\/v2\/comments?post=67500"}],"version-history":[{"count":4,"href":"https:\/\/buletin.de\/bucuresti\/wp-json\/wp\/v2\/posts\/67500\/revisions"}],"predecessor-version":[{"id":67509,"href":"https:\/\/buletin.de\/bucuresti\/wp-json\/wp\/v2\/posts\/67500\/revisions\/67509"}],"wp:featuredmedia":[{"embeddable":true,"href":"https:\/\/buletin.de\/bucuresti\/wp-json\/wp\/v2\/media\/67508"}],"wp:attachment":[{"href":"https:\/\/buletin.de\/bucuresti\/wp-json\/wp\/v2\/media?parent=67500"}],"wp:term":[{"taxonomy":"category","embeddable":true,"href":"https:\/\/buletin.de\/bucuresti\/wp-json\/wp\/v2\/categories?post=67500"},{"taxonomy":"post_tag","embeddable":true,"href":"https:\/\/buletin.de\/bucuresti\/wp-json\/wp\/v2\/tags?post=67500"},{"taxonomy":"author","embeddable":true,"href":"https:\/\/buletin.de\/bucuresti\/wp-json\/wp\/v2\/ppma_author?post=67500"}],"curies":[{"name":"wp","href":"https:\/\/api.w.org\/{rel}","templated":true}]}}