{"id":67347,"date":"2023-10-26T06:44:23","date_gmt":"2023-10-26T04:44:23","guid":{"rendered":"https:\/\/buletin.de\/bucuresti\/?p=67347"},"modified":"2023-10-26T06:44:23","modified_gmt":"2023-10-26T04:44:23","slug":"ilfov-complexul-sportiv-din-otopeni-al-lui-ion-tiriac-va-cuprinde-si-o-zona-rezidentiala","status":"publish","type":"post","link":"https:\/\/buletin.de\/bucuresti\/ilfov-complexul-sportiv-din-otopeni-al-lui-ion-tiriac-va-cuprinde-si-o-zona-rezidentiala\/","title":{"rendered":"ILFOV | Complexul sportiv din Otopeni\u00a0al lui Ion \u021airiac va cuprinde \u0219i o zon\u0103 reziden\u021bial\u0103\u00a0"},"content":{"rendered":"\n<p><strong><em>Proiectul dezvoltat de \u021airiac Imobiliare din Otopeni va integra \u201eo zon\u0103 mixt\u0103 de comer\u021b, servicii, activit\u0103\u021bi productive mici, nepoluante \u0219i locuin\u021b<\/em>e&#8221;<em>, conform Planului Urbanistic Zonal (PUZ). Omul de afaceri a anun\u021bat \u00eenc\u0103 de acum doi ani investi\u021bii de 150 de milioane de euro \u00een complexul sportiv, \u00eens\u0103 este pentru prima dat\u0103 c\u00e2nd proiectul prevede \u0219i o component\u0103 reziden\u021bial\u0103, potrivit <a href=\"https:\/\/www.economica.net\/complex-sportiv-locuinte-tiriac_701684.html\">Economica.net<\/a>.<\/em><\/strong><\/p>\n\n\n\n<p>Proiectul este \u00eenc\u0103 \u00een faza de ob\u021binere a aprob\u0103rilor necesare construc\u021biei, cele patru firme care vor s\u0103 ob\u021bin\u0103 un PUZ pentru terenul de 500.000 de mp fiind: Airport Retail Park Otopeni, Daneridge Rom\u00e2nia, Dongo BV Real Estate \u0219i Central Ice Rink.<\/p>\n\n\n\n<p>Potrivit inten\u021biei de PUZ a celor patru firme pentru ob\u021binerea avizului de oportunitate, proiectul ar include \u0219i o zon\u0103 reziden\u021bial\u0103 \u0219i de \u00eenv\u0103\u021b\u0103m\u00e2nt, \u00een cadrul c\u0103reia s-ar putea construi locuin\u021be cu \u00een\u0103l\u021bime de P+2 sau P+4, arat\u0103 <a href=\"https:\/\/www.economica.net\/complex-sportiv-locuinte-tiriac_701684.html\">Economica.net.<\/a><\/p>\n\n\n\n<p>C\u00e2t despre componenta sportiv\u0103,&nbsp; proiectul va cuprinde piscina olimpic\u0103 denumit\u0103 dup\u0103 celebra \u00eenot\u0103toare Camelia Potec,&nbsp; o sal\u0103 de gimnastic\u0103&nbsp; \u201eNadia Com\u0103neci\u201d, dar \u0219i o academie de tenis, cu 30 de terenuri, un hotel \u0219i o sal\u0103 polivalent\u0103. Pentru complexul sportiv \u0219i terenurile de tenis, certificatele de urbanism au fost ob\u021binute anul trecut.<\/p>\n\n\n\n<p>Complexul urmeaz\u0103 s\u0103 fie construit pe un teren de 500.000 mp, localizat pe strada Drumul G\u0103rii Od\u0103i din Otopeni. \u00cen aceea\u0219i zon\u0103, se situeaz\u0103 acum Patinoarul Allianz-\u021airiac Arena, inaugurat pe 7 decembrie 2016.\u00a0<\/p>\n\n\n\n<p>De la 1 iunie 2021, este func\u021bional\u0103 \u0219i sta\u021bia de tren Patinoar PO care, de\u0219i nu era inclus\u0103 ini\u021bial \u00een proiectul liniei ferate Gara de Nord-Aeroport Henri Coand\u0103, a reprezentat o condi\u021bie a omului de afaceri\u00a0 Ion \u021airiac, pentru a renun\u021ba la contestarea \u00een instan\u021b\u0103 a proiectului conexiunii feroviare, potrivit <a href=\"https:\/\/clubferoviar.ro\/gara-lui-ion-tiriac-2\/\">clubferoviar.ro<\/a>.\u00a0<\/p>\n","protected":false},"excerpt":{"rendered":"<p>Proiectul dezvoltat de \u021airiac Imobiliare din Otopeni va integra \u201eo zon\u0103 mixt\u0103 de comer\u021b, servicii, activit\u0103\u021bi productive mici, nepoluante \u0219i locuin\u021be&#8221;, conform Planului Urbanistic Zonal (PUZ). Omul de afaceri a anun\u021bat \u00eenc\u0103 de acum doi ani investi\u021bii de 150 de milioane de euro \u00een complexul sportiv, \u00eens\u0103 este pentru prima dat\u0103 c\u00e2nd proiectul prevede \u0219i [&hellip;]<\/p>\n","protected":false},"author":55,"featured_media":67391,"comment_status":"closed","ping_status":"open","sticky":false,"template":"","format":"standard","meta":{"_acf_changed":false,"inline_featured_image":false,"ngg_post_thumbnail":0,"footnotes":""},"categories":[6994,1432,62],"tags":[4119,5395,750,7511],"ppma_author":[22573],"class_list":["post-67347","post","type-post","status-publish","format-standard","has-post-thumbnail","hentry","category-stiri-2","category-buletin-de-ilfov","category-stiri","tag-complex","tag-imobiliare","tag-otopeni","tag-tiriac"],"acf":[],"yoast_head":"<!-- This site is optimized with the Yoast SEO Premium plugin v25.3 (Yoast SEO v27.5) - https:\/\/yoast.com\/product\/yoast-seo-premium-wordpress\/ -->\n<title>ILFOV | Complexul sportiv din Otopeni\u00a0al lui Ion \u021airiac va cuprinde \u0219i o zon\u0103 reziden\u021bial\u0103\u00a0 - Buletin de Bucure\u0219ti<\/title>\n<meta name=\"robots\" content=\"index, follow, max-snippet:-1, max-image-preview:large, max-video-preview:-1\" \/>\n<link rel=\"canonical\" href=\"https:\/\/buletin.de\/bucuresti\/ilfov-complexul-sportiv-din-otopeni-al-lui-ion-tiriac-va-cuprinde-si-o-zona-rezidentiala\/\" \/>\n<meta property=\"og:locale\" content=\"en_GB\" \/>\n<meta property=\"og:type\" content=\"article\" \/>\n<meta property=\"og:title\" content=\"ILFOV | Complexul sportiv din Otopeni\u00a0al lui Ion \u021airiac va cuprinde \u0219i o zon\u0103 reziden\u021bial\u0103\u00a0\" \/>\n<meta property=\"og:description\" content=\"Proiectul dezvoltat de \u021airiac Imobiliare din Otopeni va integra \u201eo zon\u0103 mixt\u0103 de comer\u021b, servicii, activit\u0103\u021bi productive mici, nepoluante \u0219i locuin\u021be&#8221;, conform Planului Urbanistic Zonal (PUZ). Omul de afaceri a anun\u021bat \u00eenc\u0103 de acum doi ani investi\u021bii de 150 de milioane de euro \u00een complexul sportiv, \u00eens\u0103 este pentru prima dat\u0103 c\u00e2nd proiectul prevede \u0219i [&hellip;]\" \/>\n<meta property=\"og:url\" content=\"https:\/\/buletin.de\/bucuresti\/ilfov-complexul-sportiv-din-otopeni-al-lui-ion-tiriac-va-cuprinde-si-o-zona-rezidentiala\/\" \/>\n<meta property=\"og:site_name\" content=\"Buletin de Bucure\u0219ti\" \/>\n<meta property=\"article:publisher\" content=\"https:\/\/www.facebook.com\/buletin.de.buc\" \/>\n<meta property=\"article:published_time\" content=\"2023-10-26T04:44:23+00:00\" \/>\n<meta property=\"og:image\" content=\"https:\/\/buletin.de\/bucuresti\/wp-content\/uploads\/otopeni.jpg\" \/>\n\t<meta property=\"og:image:width\" content=\"1815\" \/>\n\t<meta property=\"og:image:height\" content=\"1086\" \/>\n\t<meta property=\"og:image:type\" content=\"image\/jpeg\" \/>\n<meta name=\"author\" content=\"Andreea Tudor\" \/>\n<meta name=\"twitter:card\" content=\"summary_large_image\" \/>\n<meta name=\"twitter:label1\" content=\"Written by\" \/>\n\t<meta name=\"twitter:data1\" content=\"Andreea Tudor\" \/>\n\t<meta name=\"twitter:label2\" content=\"Estimated reading time\" \/>\n\t<meta name=\"twitter:data2\" content=\"2 minutes\" \/>\n<script type=\"application\/ld+json\" class=\"yoast-schema-graph\">{\"@context\":\"https:\\\/\\\/schema.org\",\"@graph\":[{\"@type\":\"Article\",\"@id\":\"https:\\\/\\\/buletin.de\\\/bucuresti\\\/ilfov-complexul-sportiv-din-otopeni-al-lui-ion-tiriac-va-cuprinde-si-o-zona-rezidentiala\\\/#article\",\"isPartOf\":{\"@id\":\"https:\\\/\\\/buletin.de\\\/bucuresti\\\/ilfov-complexul-sportiv-din-otopeni-al-lui-ion-tiriac-va-cuprinde-si-o-zona-rezidentiala\\\/\"},\"author\":{\"name\":\"Andreea Tudor\",\"@id\":\"https:\\\/\\\/buletin.de\\\/bucuresti\\\/#\\\/schema\\\/person\\\/150590659efde715459d159da012f501\"},\"headline\":\"ILFOV | Complexul sportiv din Otopeni\u00a0al lui Ion \u021airiac va cuprinde \u0219i o zon\u0103 reziden\u021bial\u0103\u00a0\",\"datePublished\":\"2023-10-26T04:44:23+00:00\",\"mainEntityOfPage\":{\"@id\":\"https:\\\/\\\/buletin.de\\\/bucuresti\\\/ilfov-complexul-sportiv-din-otopeni-al-lui-ion-tiriac-va-cuprinde-si-o-zona-rezidentiala\\\/\"},\"wordCount\":323,\"publisher\":{\"@id\":\"https:\\\/\\\/buletin.de\\\/bucuresti\\\/#organization\"},\"image\":{\"@id\":\"https:\\\/\\\/buletin.de\\\/bucuresti\\\/ilfov-complexul-sportiv-din-otopeni-al-lui-ion-tiriac-va-cuprinde-si-o-zona-rezidentiala\\\/#primaryimage\"},\"thumbnailUrl\":\"https:\\\/\\\/buletin.de\\\/bucuresti\\\/wp-content\\\/uploads\\\/otopeni.jpg\",\"keywords\":[\"complex\",\"imobiliare\",\"otopeni\",\"tiriac\"],\"articleSection\":[\"Articole\",\"Buletin de Ilfov\",\"\u0218tiri\"],\"inLanguage\":\"en-GB\",\"copyrightYear\":\"2023\",\"copyrightHolder\":{\"@id\":\"https:\\\/\\\/buletin.de\\\/bucuresti\\\/#organization\"}},{\"@type\":\"WebPage\",\"@id\":\"https:\\\/\\\/buletin.de\\\/bucuresti\\\/ilfov-complexul-sportiv-din-otopeni-al-lui-ion-tiriac-va-cuprinde-si-o-zona-rezidentiala\\\/\",\"url\":\"https:\\\/\\\/buletin.de\\\/bucuresti\\\/ilfov-complexul-sportiv-din-otopeni-al-lui-ion-tiriac-va-cuprinde-si-o-zona-rezidentiala\\\/\",\"name\":\"ILFOV | Complexul sportiv din Otopeni\u00a0al lui Ion \u021airiac va cuprinde \u0219i o zon\u0103 reziden\u021bial\u0103\u00a0 - Buletin de Bucure\u0219ti\",\"isPartOf\":{\"@id\":\"https:\\\/\\\/buletin.de\\\/bucuresti\\\/#website\"},\"primaryImageOfPage\":{\"@id\":\"https:\\\/\\\/buletin.de\\\/bucuresti\\\/ilfov-complexul-sportiv-din-otopeni-al-lui-ion-tiriac-va-cuprinde-si-o-zona-rezidentiala\\\/#primaryimage\"},\"image\":{\"@id\":\"https:\\\/\\\/buletin.de\\\/bucuresti\\\/ilfov-complexul-sportiv-din-otopeni-al-lui-ion-tiriac-va-cuprinde-si-o-zona-rezidentiala\\\/#primaryimage\"},\"thumbnailUrl\":\"https:\\\/\\\/buletin.de\\\/bucuresti\\\/wp-content\\\/uploads\\\/otopeni.jpg\",\"datePublished\":\"2023-10-26T04:44:23+00:00\",\"breadcrumb\":{\"@id\":\"https:\\\/\\\/buletin.de\\\/bucuresti\\\/ilfov-complexul-sportiv-din-otopeni-al-lui-ion-tiriac-va-cuprinde-si-o-zona-rezidentiala\\\/#breadcrumb\"},\"inLanguage\":\"en-GB\",\"potentialAction\":[{\"@type\":\"ReadAction\",\"target\":[\"https:\\\/\\\/buletin.de\\\/bucuresti\\\/ilfov-complexul-sportiv-din-otopeni-al-lui-ion-tiriac-va-cuprinde-si-o-zona-rezidentiala\\\/\"]}]},{\"@type\":\"ImageObject\",\"inLanguage\":\"en-GB\",\"@id\":\"https:\\\/\\\/buletin.de\\\/bucuresti\\\/ilfov-complexul-sportiv-din-otopeni-al-lui-ion-tiriac-va-cuprinde-si-o-zona-rezidentiala\\\/#primaryimage\",\"url\":\"https:\\\/\\\/buletin.de\\\/bucuresti\\\/wp-content\\\/uploads\\\/otopeni.jpg\",\"contentUrl\":\"https:\\\/\\\/buletin.de\\\/bucuresti\\\/wp-content\\\/uploads\\\/otopeni.jpg\",\"width\":1815,\"height\":1086,\"caption\":\"FOTO: wga.ro\"},{\"@type\":\"BreadcrumbList\",\"@id\":\"https:\\\/\\\/buletin.de\\\/bucuresti\\\/ilfov-complexul-sportiv-din-otopeni-al-lui-ion-tiriac-va-cuprinde-si-o-zona-rezidentiala\\\/#breadcrumb\",\"itemListElement\":[{\"@type\":\"ListItem\",\"position\":1,\"name\":\"Acas\u0103\",\"item\":\"https:\\\/\\\/buletin.de\\\/bucuresti\\\/\"},{\"@type\":\"ListItem\",\"position\":2,\"name\":\"ILFOV | Complexul sportiv din Otopeni\u00a0al lui Ion \u021airiac va cuprinde \u0219i o zon\u0103 reziden\u021bial\u0103\u00a0\"}]},{\"@type\":\"WebSite\",\"@id\":\"https:\\\/\\\/buletin.de\\\/bucuresti\\\/#website\",\"url\":\"https:\\\/\\\/buletin.de\\\/bucuresti\\\/\",\"name\":\"Buletin de Bucure\u0219ti\",\"description\":\"\u0218tiri \u0219i investiga\u021bii esen\u021biale din capital\u0103\",\"publisher\":{\"@id\":\"https:\\\/\\\/buletin.de\\\/bucuresti\\\/#organization\"},\"potentialAction\":[{\"@type\":\"SearchAction\",\"target\":{\"@type\":\"EntryPoint\",\"urlTemplate\":\"https:\\\/\\\/buletin.de\\\/bucuresti\\\/?s={search_term_string}\"},\"query-input\":{\"@type\":\"PropertyValueSpecification\",\"valueRequired\":true,\"valueName\":\"search_term_string\"}}],\"inLanguage\":\"en-GB\"},{\"@type\":\"Organization\",\"@id\":\"https:\\\/\\\/buletin.de\\\/bucuresti\\\/#organization\",\"name\":\"Buletin de Bucure\u0219ti\",\"url\":\"https:\\\/\\\/buletin.de\\\/bucuresti\\\/\",\"logo\":{\"@type\":\"ImageObject\",\"inLanguage\":\"en-GB\",\"@id\":\"https:\\\/\\\/buletin.de\\\/bucuresti\\\/#\\\/schema\\\/logo\\\/image\\\/\",\"url\":\"https:\\\/\\\/buletin.de\\\/bucuresti\\\/wp-content\\\/uploads\\\/logo-bdb-full-wide-vernil-transparent.png\",\"contentUrl\":\"https:\\\/\\\/buletin.de\\\/bucuresti\\\/wp-content\\\/uploads\\\/logo-bdb-full-wide-vernil-transparent.png\",\"width\":1782,\"height\":626,\"caption\":\"Buletin de Bucure\u0219ti\"},\"image\":{\"@id\":\"https:\\\/\\\/buletin.de\\\/bucuresti\\\/#\\\/schema\\\/logo\\\/image\\\/\"},\"sameAs\":[\"https:\\\/\\\/www.facebook.com\\\/buletin.de.buc\",\"https:\\\/\\\/www.instagram.com\\\/buletinde.bucuresti\\\/\"]},{\"@type\":\"Person\",\"@id\":\"https:\\\/\\\/buletin.de\\\/bucuresti\\\/#\\\/schema\\\/person\\\/150590659efde715459d159da012f501\",\"name\":\"Andreea Tudor\",\"image\":{\"@type\":\"ImageObject\",\"inLanguage\":\"en-GB\",\"@id\":\"https:\\\/\\\/secure.gravatar.com\\\/avatar\\\/a88705a186ab0b67f3349bcbced506c09e37256fbaad0e7f3bd1a79b4599f589?s=96&d=monsterid&r=g79290610aa1a65c2b86eebc2ca5aee8f\",\"url\":\"https:\\\/\\\/secure.gravatar.com\\\/avatar\\\/a88705a186ab0b67f3349bcbced506c09e37256fbaad0e7f3bd1a79b4599f589?s=96&d=monsterid&r=g\",\"contentUrl\":\"https:\\\/\\\/secure.gravatar.com\\\/avatar\\\/a88705a186ab0b67f3349bcbced506c09e37256fbaad0e7f3bd1a79b4599f589?s=96&d=monsterid&r=g\",\"caption\":\"Andreea Tudor\"},\"description\":\"N\u0103scut\u0103 \u0219i crescut\u0103 \u00een Bucure\u0219ti, sus\u021bin\u0103toare a presei independente. A\u0219a am ajuns redactor la Buletin de Bucure\u0219ti. Fiind eu, \u00eens\u0103mi, parte a sistemului de \u00eenv\u0103\u021b\u0103m\u00e2nt rom\u00e2nesc \u0219i pasionat\u0103 de domeniul social, pun sub lup\u0103 tot ceea ce se \u00eent\u00e2mpl\u0103 \u00een sfera educa\u021biei. Cred cu t\u0103rie c\u0103 presa \u201epentru cet\u0103\u021beni\u201d este presa independent\u0103. Oamenii au nevoie de o informare corect\u0103 pentru a \u00een\u021belege pe deplin ce se \u00eent\u00e2mpl\u0103 \u00een jurul lor \u0219i pentru a lua ac\u021biune \u00eempotriva nedrept\u0103\u021bilor.\",\"url\":\"https:\\\/\\\/buletin.de\\\/bucuresti\\\/author\\\/andreeatudor\\\/\"}]}<\/script>\n<!-- \/ Yoast SEO Premium plugin. -->","yoast_head_json":{"title":"ILFOV | Complexul sportiv din Otopeni\u00a0al lui Ion \u021airiac va cuprinde \u0219i o zon\u0103 reziden\u021bial\u0103\u00a0 - Buletin de Bucure\u0219ti","robots":{"index":"index","follow":"follow","max-snippet":"max-snippet:-1","max-image-preview":"max-image-preview:large","max-video-preview":"max-video-preview:-1"},"canonical":"https:\/\/buletin.de\/bucuresti\/ilfov-complexul-sportiv-din-otopeni-al-lui-ion-tiriac-va-cuprinde-si-o-zona-rezidentiala\/","og_locale":"en_GB","og_type":"article","og_title":"ILFOV | Complexul sportiv din Otopeni\u00a0al lui Ion \u021airiac va cuprinde \u0219i o zon\u0103 reziden\u021bial\u0103\u00a0","og_description":"Proiectul dezvoltat de \u021airiac Imobiliare din Otopeni va integra \u201eo zon\u0103 mixt\u0103 de comer\u021b, servicii, activit\u0103\u021bi productive mici, nepoluante \u0219i locuin\u021be&#8221;, conform Planului Urbanistic Zonal (PUZ). Omul de afaceri a anun\u021bat \u00eenc\u0103 de acum doi ani investi\u021bii de 150 de milioane de euro \u00een complexul sportiv, \u00eens\u0103 este pentru prima dat\u0103 c\u00e2nd proiectul prevede \u0219i [&hellip;]","og_url":"https:\/\/buletin.de\/bucuresti\/ilfov-complexul-sportiv-din-otopeni-al-lui-ion-tiriac-va-cuprinde-si-o-zona-rezidentiala\/","og_site_name":"Buletin de Bucure\u0219ti","article_publisher":"https:\/\/www.facebook.com\/buletin.de.buc","article_published_time":"2023-10-26T04:44:23+00:00","og_image":[{"width":1815,"height":1086,"url":"https:\/\/buletin.de\/bucuresti\/wp-content\/uploads\/otopeni.jpg","type":"image\/jpeg"}],"author":"Andreea Tudor","twitter_card":"summary_large_image","twitter_misc":{"Written by":"Andreea Tudor","Estimated reading time":"2 minutes"},"schema":{"@context":"https:\/\/schema.org","@graph":[{"@type":"Article","@id":"https:\/\/buletin.de\/bucuresti\/ilfov-complexul-sportiv-din-otopeni-al-lui-ion-tiriac-va-cuprinde-si-o-zona-rezidentiala\/#article","isPartOf":{"@id":"https:\/\/buletin.de\/bucuresti\/ilfov-complexul-sportiv-din-otopeni-al-lui-ion-tiriac-va-cuprinde-si-o-zona-rezidentiala\/"},"author":{"name":"Andreea Tudor","@id":"https:\/\/buletin.de\/bucuresti\/#\/schema\/person\/150590659efde715459d159da012f501"},"headline":"ILFOV | Complexul sportiv din Otopeni\u00a0al lui Ion \u021airiac va cuprinde \u0219i o zon\u0103 reziden\u021bial\u0103\u00a0","datePublished":"2023-10-26T04:44:23+00:00","mainEntityOfPage":{"@id":"https:\/\/buletin.de\/bucuresti\/ilfov-complexul-sportiv-din-otopeni-al-lui-ion-tiriac-va-cuprinde-si-o-zona-rezidentiala\/"},"wordCount":323,"publisher":{"@id":"https:\/\/buletin.de\/bucuresti\/#organization"},"image":{"@id":"https:\/\/buletin.de\/bucuresti\/ilfov-complexul-sportiv-din-otopeni-al-lui-ion-tiriac-va-cuprinde-si-o-zona-rezidentiala\/#primaryimage"},"thumbnailUrl":"https:\/\/buletin.de\/bucuresti\/wp-content\/uploads\/otopeni.jpg","keywords":["complex","imobiliare","otopeni","tiriac"],"articleSection":["Articole","Buletin de Ilfov","\u0218tiri"],"inLanguage":"en-GB","copyrightYear":"2023","copyrightHolder":{"@id":"https:\/\/buletin.de\/bucuresti\/#organization"}},{"@type":"WebPage","@id":"https:\/\/buletin.de\/bucuresti\/ilfov-complexul-sportiv-din-otopeni-al-lui-ion-tiriac-va-cuprinde-si-o-zona-rezidentiala\/","url":"https:\/\/buletin.de\/bucuresti\/ilfov-complexul-sportiv-din-otopeni-al-lui-ion-tiriac-va-cuprinde-si-o-zona-rezidentiala\/","name":"ILFOV | Complexul sportiv din Otopeni\u00a0al lui Ion \u021airiac va cuprinde \u0219i o zon\u0103 reziden\u021bial\u0103\u00a0 - Buletin de Bucure\u0219ti","isPartOf":{"@id":"https:\/\/buletin.de\/bucuresti\/#website"},"primaryImageOfPage":{"@id":"https:\/\/buletin.de\/bucuresti\/ilfov-complexul-sportiv-din-otopeni-al-lui-ion-tiriac-va-cuprinde-si-o-zona-rezidentiala\/#primaryimage"},"image":{"@id":"https:\/\/buletin.de\/bucuresti\/ilfov-complexul-sportiv-din-otopeni-al-lui-ion-tiriac-va-cuprinde-si-o-zona-rezidentiala\/#primaryimage"},"thumbnailUrl":"https:\/\/buletin.de\/bucuresti\/wp-content\/uploads\/otopeni.jpg","datePublished":"2023-10-26T04:44:23+00:00","breadcrumb":{"@id":"https:\/\/buletin.de\/bucuresti\/ilfov-complexul-sportiv-din-otopeni-al-lui-ion-tiriac-va-cuprinde-si-o-zona-rezidentiala\/#breadcrumb"},"inLanguage":"en-GB","potentialAction":[{"@type":"ReadAction","target":["https:\/\/buletin.de\/bucuresti\/ilfov-complexul-sportiv-din-otopeni-al-lui-ion-tiriac-va-cuprinde-si-o-zona-rezidentiala\/"]}]},{"@type":"ImageObject","inLanguage":"en-GB","@id":"https:\/\/buletin.de\/bucuresti\/ilfov-complexul-sportiv-din-otopeni-al-lui-ion-tiriac-va-cuprinde-si-o-zona-rezidentiala\/#primaryimage","url":"https:\/\/buletin.de\/bucuresti\/wp-content\/uploads\/otopeni.jpg","contentUrl":"https:\/\/buletin.de\/bucuresti\/wp-content\/uploads\/otopeni.jpg","width":1815,"height":1086,"caption":"FOTO: wga.ro"},{"@type":"BreadcrumbList","@id":"https:\/\/buletin.de\/bucuresti\/ilfov-complexul-sportiv-din-otopeni-al-lui-ion-tiriac-va-cuprinde-si-o-zona-rezidentiala\/#breadcrumb","itemListElement":[{"@type":"ListItem","position":1,"name":"Acas\u0103","item":"https:\/\/buletin.de\/bucuresti\/"},{"@type":"ListItem","position":2,"name":"ILFOV | Complexul sportiv din Otopeni\u00a0al lui Ion \u021airiac va cuprinde \u0219i o zon\u0103 reziden\u021bial\u0103\u00a0"}]},{"@type":"WebSite","@id":"https:\/\/buletin.de\/bucuresti\/#website","url":"https:\/\/buletin.de\/bucuresti\/","name":"Buletin de Bucure\u0219ti","description":"\u0218tiri \u0219i investiga\u021bii esen\u021biale din capital\u0103","publisher":{"@id":"https:\/\/buletin.de\/bucuresti\/#organization"},"potentialAction":[{"@type":"SearchAction","target":{"@type":"EntryPoint","urlTemplate":"https:\/\/buletin.de\/bucuresti\/?s={search_term_string}"},"query-input":{"@type":"PropertyValueSpecification","valueRequired":true,"valueName":"search_term_string"}}],"inLanguage":"en-GB"},{"@type":"Organization","@id":"https:\/\/buletin.de\/bucuresti\/#organization","name":"Buletin de Bucure\u0219ti","url":"https:\/\/buletin.de\/bucuresti\/","logo":{"@type":"ImageObject","inLanguage":"en-GB","@id":"https:\/\/buletin.de\/bucuresti\/#\/schema\/logo\/image\/","url":"https:\/\/buletin.de\/bucuresti\/wp-content\/uploads\/logo-bdb-full-wide-vernil-transparent.png","contentUrl":"https:\/\/buletin.de\/bucuresti\/wp-content\/uploads\/logo-bdb-full-wide-vernil-transparent.png","width":1782,"height":626,"caption":"Buletin de Bucure\u0219ti"},"image":{"@id":"https:\/\/buletin.de\/bucuresti\/#\/schema\/logo\/image\/"},"sameAs":["https:\/\/www.facebook.com\/buletin.de.buc","https:\/\/www.instagram.com\/buletinde.bucuresti\/"]},{"@type":"Person","@id":"https:\/\/buletin.de\/bucuresti\/#\/schema\/person\/150590659efde715459d159da012f501","name":"Andreea Tudor","image":{"@type":"ImageObject","inLanguage":"en-GB","@id":"https:\/\/secure.gravatar.com\/avatar\/a88705a186ab0b67f3349bcbced506c09e37256fbaad0e7f3bd1a79b4599f589?s=96&d=monsterid&r=g79290610aa1a65c2b86eebc2ca5aee8f","url":"https:\/\/secure.gravatar.com\/avatar\/a88705a186ab0b67f3349bcbced506c09e37256fbaad0e7f3bd1a79b4599f589?s=96&d=monsterid&r=g","contentUrl":"https:\/\/secure.gravatar.com\/avatar\/a88705a186ab0b67f3349bcbced506c09e37256fbaad0e7f3bd1a79b4599f589?s=96&d=monsterid&r=g","caption":"Andreea Tudor"},"description":"N\u0103scut\u0103 \u0219i crescut\u0103 \u00een Bucure\u0219ti, sus\u021bin\u0103toare a presei independente. A\u0219a am ajuns redactor la Buletin de Bucure\u0219ti. Fiind eu, \u00eens\u0103mi, parte a sistemului de \u00eenv\u0103\u021b\u0103m\u00e2nt rom\u00e2nesc \u0219i pasionat\u0103 de domeniul social, pun sub lup\u0103 tot ceea ce se \u00eent\u00e2mpl\u0103 \u00een sfera educa\u021biei. Cred cu t\u0103rie c\u0103 presa \u201epentru cet\u0103\u021beni\u201d este presa independent\u0103. Oamenii au nevoie de o informare corect\u0103 pentru a \u00een\u021belege pe deplin ce se \u00eent\u00e2mpl\u0103 \u00een jurul lor \u0219i pentru a lua ac\u021biune \u00eempotriva nedrept\u0103\u021bilor.","url":"https:\/\/buletin.de\/bucuresti\/author\/andreeatudor\/"}]}},"authors":[{"term_id":22573,"user_id":55,"is_guest":0,"slug":"andreeatudor","display_name":"Andreea Tudor","avatar_url":"https:\/\/secure.gravatar.com\/avatar\/a88705a186ab0b67f3349bcbced506c09e37256fbaad0e7f3bd1a79b4599f589?s=96&d=monsterid&r=g","0":null,"1":"","2":"","3":"","4":"","5":"","6":"","7":"","8":""}],"_links":{"self":[{"href":"https:\/\/buletin.de\/bucuresti\/wp-json\/wp\/v2\/posts\/67347","targetHints":{"allow":["GET"]}}],"collection":[{"href":"https:\/\/buletin.de\/bucuresti\/wp-json\/wp\/v2\/posts"}],"about":[{"href":"https:\/\/buletin.de\/bucuresti\/wp-json\/wp\/v2\/types\/post"}],"author":[{"embeddable":true,"href":"https:\/\/buletin.de\/bucuresti\/wp-json\/wp\/v2\/users\/55"}],"replies":[{"embeddable":true,"href":"https:\/\/buletin.de\/bucuresti\/wp-json\/wp\/v2\/comments?post=67347"}],"version-history":[{"count":4,"href":"https:\/\/buletin.de\/bucuresti\/wp-json\/wp\/v2\/posts\/67347\/revisions"}],"predecessor-version":[{"id":67392,"href":"https:\/\/buletin.de\/bucuresti\/wp-json\/wp\/v2\/posts\/67347\/revisions\/67392"}],"wp:featuredmedia":[{"embeddable":true,"href":"https:\/\/buletin.de\/bucuresti\/wp-json\/wp\/v2\/media\/67391"}],"wp:attachment":[{"href":"https:\/\/buletin.de\/bucuresti\/wp-json\/wp\/v2\/media?parent=67347"}],"wp:term":[{"taxonomy":"category","embeddable":true,"href":"https:\/\/buletin.de\/bucuresti\/wp-json\/wp\/v2\/categories?post=67347"},{"taxonomy":"post_tag","embeddable":true,"href":"https:\/\/buletin.de\/bucuresti\/wp-json\/wp\/v2\/tags?post=67347"},{"taxonomy":"author","embeddable":true,"href":"https:\/\/buletin.de\/bucuresti\/wp-json\/wp\/v2\/ppma_author?post=67347"}],"curies":[{"name":"wp","href":"https:\/\/api.w.org\/{rel}","templated":true}]}}