{"id":67286,"date":"2023-10-24T17:27:52","date_gmt":"2023-10-24T15:27:52","guid":{"rendered":"https:\/\/buletin.de\/bucuresti\/?p=67286"},"modified":"2023-10-24T17:28:13","modified_gmt":"2023-10-24T15:28:13","slug":"fostul-director-cnab-trimis-in-judecata-de-dna-in-dosarul-spatiilor-comerciale-de-la-otopeni","status":"publish","type":"post","link":"https:\/\/buletin.de\/bucuresti\/fostul-director-cnab-trimis-in-judecata-de-dna-in-dosarul-spatiilor-comerciale-de-la-otopeni\/","title":{"rendered":"Fostul director CNAB, trimis \u00een judecat\u0103 de DNA \u00een dosarul spa\u021biilor comerciale de la Otopeni"},"content":{"rendered":"\n<p>Fostul director al Companiei Na\u021bionale Aeroporturi Bucure\u0219ti (CNAB), Ivan George Alexandru, a fost trimis \u00een judecat\u0103 de c\u0103tre procurorii Direc\u021biei Na\u021bionale Anticorup\u021bie, fiind acuzat de <em>trafic de influen\u021b\u0103 \u0219i complicitate la trafic de influen\u021b\u0103, \u0219i permiterea accesului persoanelor neautorizate la informa\u021bii care nu erau destinate publicului, \u00een scopul ob\u021binerii de foloase \u00een scop personal.\u00a0<\/em><\/p>\n\n\n\n<p>Acesta, <a href=\"https:\/\/buletin.de\/bucuresti\/fost-director-al-companiei-nationale-aeroporturi-bucuresti-si-trei-oameni-de-afaceri-retinuti-de-dna-dosarul-vizeaza-inchirierea-spatiilor-comerciale-din-aeroport\/\">\u00eempreun\u0103 cu al\u021bi trei oameni de afaceri cerceta\u021bi \u00een acela\u0219i dosar<\/a>, care au leg\u0103tur\u0103 cu o parte din spa\u021biile comerciale de tip duty free din aeroport, se aflau \u00een arest la domiciliu din luna martie a acestui an.&nbsp;<\/p>\n\n\n\n<h2 class=\"wp-block-heading\">Con\u021binutul rechizitoriului<\/h2>\n\n\n\n<p>\u00centre zilele de 11 \u0219i 14 ianuarie ale anului 2022, o persoan\u0103 trimis\u0103 \u00een judecat\u0103 anterior, \u00een cadrul aceluia\u0219i dosar, ar fi pretins de la un angajat, (martor \u00een acest dosar) al unei societ\u0103\u021bi comerciale suma de 10.000.000 euro, <em>\u201el\u0103s\u00e2nd s\u0103 se cread\u0103 c\u0103 ar avea influen\u021b\u0103 asupra ministrului transporturilor \u0219i promi\u021b\u00e2nd c\u0103 \u00eel va determina pe acesta\u201d <\/em>s\u0103 \u00eei prelungeasc\u0103 contractului de asociere dintre societatea unde lucra angajatul \u0219i CNAB, pentru exploatarea unor spa\u021bii comerciale, se arat\u0103 \u00een comunicatul DNA. Acest\u0103 \u201eafacere\u201d ar fi fost realizat\u0103 prin intermediul lui Ivan George Alexandru.\u00a0<\/p>\n\n\n\n<p>\u00cen 3 octombrie 2022, fostul director CNAB, \u00eempreun\u0103 cu aceea\u0219i persoan\u0103, ar fi pretins \u00eenc\u0103 o dat\u0103 o sum\u0103 de bani de la martorul din dosar, o sum\u0103 <em>\u201enecuantificat\u0103 ini\u021bial\u201d<\/em>, pentru a influen\u021ba at\u00e2t ministrul transporturilor c\u00e2t \u0219i directorul general CNAB pentru a prelungi contractul dintre asocia\u021bia la care lucra martorul \u0219i CNAB. Pe 5 octombrie, cei doi s-au decis asupra sumei, iar Ivan George Alexandru a fost cel care i-a comunicat martorului sume, 1.200.000 euro.\u00a0<\/p>\n\n\n\n<p>\u00cen zilele de 14 februarie 2022 \u0219i peste un an, \u00een 15 februarie 2023, Ivan George Alexandru a permis accesul unui al martor din dosar la informa\u021bii din cadrul unui caiet de sarcini pentru o viitoare achizi\u021bie a CNAB pentru servicii de consultan\u021b\u0103. \u00cen momentul respectiv, achizi\u021bia era \u00een etapa de redactare a caietului de sarcini, etap\u0103 intern\u0103 \u0219i privat\u0103.&nbsp;<\/p>\n\n\n\n<h2 class=\"wp-block-heading\">Dosarul a fost trimis spre judecare Tribunalului Bucure\u0219ti<\/h2>\n\n\n\n<p>Alexandru Ivan are 36 de ani \u0219i a ocupat \u015fi a ocupat \u00een trecut func\u021bii de conducere \u00een ElectricaServ, Electricitate CFR SA, CNAB \u0219i Radet. Acesta a fost director general al Companiei Na\u021bionale Aeroporturi Bucure\u0219ti p\u00e2n\u0103 \u00een 2020, c\u00e2nd a demisionat.<\/p>\n\n\n\n<p>Despre modul \u00een care a fost angajat \u00een CNAB, \u00een 2017, au scris jurnali\u0219tii de la G4media.ro. Ace\u0219tia au prezentat un raport al Cur\u021bii de Conturi \u00een care se men\u021biona c\u0103 pentru el s-a creat special un post \u0219i s-a organizat pe repede \u00eenainte un concurs la care doar el s-a \u00eenscris.<\/p>\n","protected":false},"excerpt":{"rendered":"<p>Fostul director al Companiei Na\u021bionale Aeroporturi Bucure\u0219ti (CNAB), Ivan George Alexandru, a fost trimis \u00een judecat\u0103 de c\u0103tre procurorii Direc\u021biei Na\u021bionale Anticorup\u021bie, fiind acuzat de trafic de influen\u021b\u0103 \u0219i complicitate la trafic de influen\u021b\u0103, \u0219i permiterea accesului persoanelor neautorizate la informa\u021bii care nu erau destinate publicului, \u00een scopul ob\u021binerii de foloase \u00een scop personal.\u00a0 Acesta, [&hellip;]<\/p>\n","protected":false},"author":47,"featured_media":67287,"comment_status":"closed","ping_status":"open","sticky":false,"template":"","format":"standard","meta":{"_acf_changed":false,"inline_featured_image":false,"ngg_post_thumbnail":0,"footnotes":""},"categories":[6994,62],"tags":[7497,2964,49,875,1460,4170],"ppma_author":[22580],"class_list":["post-67286","post","type-post","status-publish","format-standard","has-post-thumbnail","hentry","category-stiri-2","category-stiri","tag-alexandru-george-ivan","tag-cnab","tag-director","tag-dna","tag-dosar","tag-rechizitoriu"],"acf":[],"yoast_head":"<!-- This site is optimized with the Yoast SEO Premium plugin v25.3 (Yoast SEO v27.4) - https:\/\/yoast.com\/product\/yoast-seo-premium-wordpress\/ -->\n<title>Fostul director CNAB, trimis \u00een judecat\u0103 de DNA \u00een dosarul spa\u021biilor comerciale de la Otopeni - Buletin de Bucure\u0219ti<\/title>\n<meta name=\"robots\" content=\"index, follow, max-snippet:-1, max-image-preview:large, max-video-preview:-1\" \/>\n<link rel=\"canonical\" href=\"https:\/\/buletin.de\/bucuresti\/fostul-director-cnab-trimis-in-judecata-de-dna-in-dosarul-spatiilor-comerciale-de-la-otopeni\/\" \/>\n<meta property=\"og:locale\" content=\"en_GB\" \/>\n<meta property=\"og:type\" content=\"article\" \/>\n<meta property=\"og:title\" content=\"Fostul director CNAB, trimis \u00een judecat\u0103 de DNA \u00een dosarul spa\u021biilor comerciale de la Otopeni\" \/>\n<meta property=\"og:description\" content=\"Fostul director al Companiei Na\u021bionale Aeroporturi Bucure\u0219ti (CNAB), Ivan George Alexandru, a fost trimis \u00een judecat\u0103 de c\u0103tre procurorii Direc\u021biei Na\u021bionale Anticorup\u021bie, fiind acuzat de trafic de influen\u021b\u0103 \u0219i complicitate la trafic de influen\u021b\u0103, \u0219i permiterea accesului persoanelor neautorizate la informa\u021bii care nu erau destinate publicului, \u00een scopul ob\u021binerii de foloase \u00een scop personal.\u00a0 Acesta, [&hellip;]\" \/>\n<meta property=\"og:url\" content=\"https:\/\/buletin.de\/bucuresti\/fostul-director-cnab-trimis-in-judecata-de-dna-in-dosarul-spatiilor-comerciale-de-la-otopeni\/\" \/>\n<meta property=\"og:site_name\" content=\"Buletin de Bucure\u0219ti\" \/>\n<meta property=\"article:publisher\" content=\"https:\/\/www.facebook.com\/buletin.de.buc\" \/>\n<meta property=\"article:published_time\" content=\"2023-10-24T15:27:52+00:00\" \/>\n<meta property=\"article:modified_time\" content=\"2023-10-24T15:28:13+00:00\" \/>\n<meta property=\"og:image\" content=\"https:\/\/buletin.de\/bucuresti\/wp-content\/uploads\/48125584_10155821277382483_7368359538405146624_n.jpg\" \/>\n\t<meta property=\"og:image:width\" content=\"1080\" \/>\n\t<meta property=\"og:image:height\" content=\"810\" \/>\n\t<meta property=\"og:image:type\" content=\"image\/jpeg\" \/>\n<meta name=\"author\" content=\"Adina C\u0103p\u00eelnean\" \/>\n<meta name=\"twitter:card\" content=\"summary_large_image\" \/>\n<meta name=\"twitter:label1\" content=\"Written by\" \/>\n\t<meta name=\"twitter:data1\" content=\"Adina C\u0103p\u00eelnean\" \/>\n\t<meta name=\"twitter:label2\" content=\"Estimated reading time\" \/>\n\t<meta name=\"twitter:data2\" content=\"2 minutes\" \/>\n<script type=\"application\/ld+json\" class=\"yoast-schema-graph\">{\"@context\":\"https:\\\/\\\/schema.org\",\"@graph\":[{\"@type\":\"Article\",\"@id\":\"https:\\\/\\\/buletin.de\\\/bucuresti\\\/fostul-director-cnab-trimis-in-judecata-de-dna-in-dosarul-spatiilor-comerciale-de-la-otopeni\\\/#article\",\"isPartOf\":{\"@id\":\"https:\\\/\\\/buletin.de\\\/bucuresti\\\/fostul-director-cnab-trimis-in-judecata-de-dna-in-dosarul-spatiilor-comerciale-de-la-otopeni\\\/\"},\"author\":{\"name\":\"Adina C\u0103p\u00eelnean\",\"@id\":\"https:\\\/\\\/buletin.de\\\/bucuresti\\\/#\\\/schema\\\/person\\\/ab174cf6711728e4ee83d672acf9a912\"},\"headline\":\"Fostul director CNAB, trimis \u00een judecat\u0103 de DNA \u00een dosarul spa\u021biilor comerciale de la Otopeni\",\"datePublished\":\"2023-10-24T15:27:52+00:00\",\"dateModified\":\"2023-10-24T15:28:13+00:00\",\"mainEntityOfPage\":{\"@id\":\"https:\\\/\\\/buletin.de\\\/bucuresti\\\/fostul-director-cnab-trimis-in-judecata-de-dna-in-dosarul-spatiilor-comerciale-de-la-otopeni\\\/\"},\"wordCount\":469,\"publisher\":{\"@id\":\"https:\\\/\\\/buletin.de\\\/bucuresti\\\/#organization\"},\"image\":{\"@id\":\"https:\\\/\\\/buletin.de\\\/bucuresti\\\/fostul-director-cnab-trimis-in-judecata-de-dna-in-dosarul-spatiilor-comerciale-de-la-otopeni\\\/#primaryimage\"},\"thumbnailUrl\":\"https:\\\/\\\/buletin.de\\\/bucuresti\\\/wp-content\\\/uploads\\\/48125584_10155821277382483_7368359538405146624_n.jpg\",\"keywords\":[\"alexandru george ivan\",\"cnab\",\"director\",\"dna\",\"dosar\",\"rechizitoriu\"],\"articleSection\":[\"Articole\",\"\u0218tiri\"],\"inLanguage\":\"en-GB\",\"copyrightYear\":\"2023\",\"copyrightHolder\":{\"@id\":\"https:\\\/\\\/buletin.de\\\/bucuresti\\\/#organization\"}},{\"@type\":\"WebPage\",\"@id\":\"https:\\\/\\\/buletin.de\\\/bucuresti\\\/fostul-director-cnab-trimis-in-judecata-de-dna-in-dosarul-spatiilor-comerciale-de-la-otopeni\\\/\",\"url\":\"https:\\\/\\\/buletin.de\\\/bucuresti\\\/fostul-director-cnab-trimis-in-judecata-de-dna-in-dosarul-spatiilor-comerciale-de-la-otopeni\\\/\",\"name\":\"Fostul director CNAB, trimis \u00een judecat\u0103 de DNA \u00een dosarul spa\u021biilor comerciale de la Otopeni - Buletin de Bucure\u0219ti\",\"isPartOf\":{\"@id\":\"https:\\\/\\\/buletin.de\\\/bucuresti\\\/#website\"},\"primaryImageOfPage\":{\"@id\":\"https:\\\/\\\/buletin.de\\\/bucuresti\\\/fostul-director-cnab-trimis-in-judecata-de-dna-in-dosarul-spatiilor-comerciale-de-la-otopeni\\\/#primaryimage\"},\"image\":{\"@id\":\"https:\\\/\\\/buletin.de\\\/bucuresti\\\/fostul-director-cnab-trimis-in-judecata-de-dna-in-dosarul-spatiilor-comerciale-de-la-otopeni\\\/#primaryimage\"},\"thumbnailUrl\":\"https:\\\/\\\/buletin.de\\\/bucuresti\\\/wp-content\\\/uploads\\\/48125584_10155821277382483_7368359538405146624_n.jpg\",\"datePublished\":\"2023-10-24T15:27:52+00:00\",\"dateModified\":\"2023-10-24T15:28:13+00:00\",\"breadcrumb\":{\"@id\":\"https:\\\/\\\/buletin.de\\\/bucuresti\\\/fostul-director-cnab-trimis-in-judecata-de-dna-in-dosarul-spatiilor-comerciale-de-la-otopeni\\\/#breadcrumb\"},\"inLanguage\":\"en-GB\",\"potentialAction\":[{\"@type\":\"ReadAction\",\"target\":[\"https:\\\/\\\/buletin.de\\\/bucuresti\\\/fostul-director-cnab-trimis-in-judecata-de-dna-in-dosarul-spatiilor-comerciale-de-la-otopeni\\\/\"]}]},{\"@type\":\"ImageObject\",\"inLanguage\":\"en-GB\",\"@id\":\"https:\\\/\\\/buletin.de\\\/bucuresti\\\/fostul-director-cnab-trimis-in-judecata-de-dna-in-dosarul-spatiilor-comerciale-de-la-otopeni\\\/#primaryimage\",\"url\":\"https:\\\/\\\/buletin.de\\\/bucuresti\\\/wp-content\\\/uploads\\\/48125584_10155821277382483_7368359538405146624_n.jpg\",\"contentUrl\":\"https:\\\/\\\/buletin.de\\\/bucuresti\\\/wp-content\\\/uploads\\\/48125584_10155821277382483_7368359538405146624_n.jpg\",\"width\":1080,\"height\":810},{\"@type\":\"BreadcrumbList\",\"@id\":\"https:\\\/\\\/buletin.de\\\/bucuresti\\\/fostul-director-cnab-trimis-in-judecata-de-dna-in-dosarul-spatiilor-comerciale-de-la-otopeni\\\/#breadcrumb\",\"itemListElement\":[{\"@type\":\"ListItem\",\"position\":1,\"name\":\"Acas\u0103\",\"item\":\"https:\\\/\\\/buletin.de\\\/bucuresti\\\/\"},{\"@type\":\"ListItem\",\"position\":2,\"name\":\"Fostul director CNAB, trimis \u00een judecat\u0103 de DNA \u00een dosarul spa\u021biilor comerciale de la Otopeni\"}]},{\"@type\":\"WebSite\",\"@id\":\"https:\\\/\\\/buletin.de\\\/bucuresti\\\/#website\",\"url\":\"https:\\\/\\\/buletin.de\\\/bucuresti\\\/\",\"name\":\"Buletin de Bucure\u0219ti\",\"description\":\"\u0218tiri \u0219i investiga\u021bii esen\u021biale din capital\u0103\",\"publisher\":{\"@id\":\"https:\\\/\\\/buletin.de\\\/bucuresti\\\/#organization\"},\"potentialAction\":[{\"@type\":\"SearchAction\",\"target\":{\"@type\":\"EntryPoint\",\"urlTemplate\":\"https:\\\/\\\/buletin.de\\\/bucuresti\\\/?s={search_term_string}\"},\"query-input\":{\"@type\":\"PropertyValueSpecification\",\"valueRequired\":true,\"valueName\":\"search_term_string\"}}],\"inLanguage\":\"en-GB\"},{\"@type\":\"Organization\",\"@id\":\"https:\\\/\\\/buletin.de\\\/bucuresti\\\/#organization\",\"name\":\"Buletin de Bucure\u0219ti\",\"url\":\"https:\\\/\\\/buletin.de\\\/bucuresti\\\/\",\"logo\":{\"@type\":\"ImageObject\",\"inLanguage\":\"en-GB\",\"@id\":\"https:\\\/\\\/buletin.de\\\/bucuresti\\\/#\\\/schema\\\/logo\\\/image\\\/\",\"url\":\"https:\\\/\\\/buletin.de\\\/bucuresti\\\/wp-content\\\/uploads\\\/logo-bdb-full-wide-vernil-transparent.png\",\"contentUrl\":\"https:\\\/\\\/buletin.de\\\/bucuresti\\\/wp-content\\\/uploads\\\/logo-bdb-full-wide-vernil-transparent.png\",\"width\":1782,\"height\":626,\"caption\":\"Buletin de Bucure\u0219ti\"},\"image\":{\"@id\":\"https:\\\/\\\/buletin.de\\\/bucuresti\\\/#\\\/schema\\\/logo\\\/image\\\/\"},\"sameAs\":[\"https:\\\/\\\/www.facebook.com\\\/buletin.de.buc\",\"https:\\\/\\\/www.instagram.com\\\/buletinde.bucuresti\\\/\"]},{\"@type\":\"Person\",\"@id\":\"https:\\\/\\\/buletin.de\\\/bucuresti\\\/#\\\/schema\\\/person\\\/ab174cf6711728e4ee83d672acf9a912\",\"name\":\"Adina C\u0103p\u00eelnean\",\"image\":{\"@type\":\"ImageObject\",\"inLanguage\":\"en-GB\",\"@id\":\"https:\\\/\\\/secure.gravatar.com\\\/avatar\\\/4fe9675d6282fd7c1aa4e486a037d532d5728fc16a30360f293eb6126b2e73ad?s=96&d=monsterid&r=ge2b23868508aec3460d3c6a11d3b599a\",\"url\":\"https:\\\/\\\/secure.gravatar.com\\\/avatar\\\/4fe9675d6282fd7c1aa4e486a037d532d5728fc16a30360f293eb6126b2e73ad?s=96&d=monsterid&r=g\",\"contentUrl\":\"https:\\\/\\\/secure.gravatar.com\\\/avatar\\\/4fe9675d6282fd7c1aa4e486a037d532d5728fc16a30360f293eb6126b2e73ad?s=96&d=monsterid&r=g\",\"caption\":\"Adina C\u0103p\u00eelnean\"},\"url\":\"https:\\\/\\\/buletin.de\\\/bucuresti\\\/author\\\/adinacapilnean\\\/\"}]}<\/script>\n<!-- \/ Yoast SEO Premium plugin. -->","yoast_head_json":{"title":"Fostul director CNAB, trimis \u00een judecat\u0103 de DNA \u00een dosarul spa\u021biilor comerciale de la Otopeni - Buletin de Bucure\u0219ti","robots":{"index":"index","follow":"follow","max-snippet":"max-snippet:-1","max-image-preview":"max-image-preview:large","max-video-preview":"max-video-preview:-1"},"canonical":"https:\/\/buletin.de\/bucuresti\/fostul-director-cnab-trimis-in-judecata-de-dna-in-dosarul-spatiilor-comerciale-de-la-otopeni\/","og_locale":"en_GB","og_type":"article","og_title":"Fostul director CNAB, trimis \u00een judecat\u0103 de DNA \u00een dosarul spa\u021biilor comerciale de la Otopeni","og_description":"Fostul director al Companiei Na\u021bionale Aeroporturi Bucure\u0219ti (CNAB), Ivan George Alexandru, a fost trimis \u00een judecat\u0103 de c\u0103tre procurorii Direc\u021biei Na\u021bionale Anticorup\u021bie, fiind acuzat de trafic de influen\u021b\u0103 \u0219i complicitate la trafic de influen\u021b\u0103, \u0219i permiterea accesului persoanelor neautorizate la informa\u021bii care nu erau destinate publicului, \u00een scopul ob\u021binerii de foloase \u00een scop personal.\u00a0 Acesta, [&hellip;]","og_url":"https:\/\/buletin.de\/bucuresti\/fostul-director-cnab-trimis-in-judecata-de-dna-in-dosarul-spatiilor-comerciale-de-la-otopeni\/","og_site_name":"Buletin de Bucure\u0219ti","article_publisher":"https:\/\/www.facebook.com\/buletin.de.buc","article_published_time":"2023-10-24T15:27:52+00:00","article_modified_time":"2023-10-24T15:28:13+00:00","og_image":[{"width":1080,"height":810,"url":"https:\/\/buletin.de\/bucuresti\/wp-content\/uploads\/48125584_10155821277382483_7368359538405146624_n.jpg","type":"image\/jpeg"}],"author":"Adina C\u0103p\u00eelnean","twitter_card":"summary_large_image","twitter_misc":{"Written by":"Adina C\u0103p\u00eelnean","Estimated reading time":"2 minutes"},"schema":{"@context":"https:\/\/schema.org","@graph":[{"@type":"Article","@id":"https:\/\/buletin.de\/bucuresti\/fostul-director-cnab-trimis-in-judecata-de-dna-in-dosarul-spatiilor-comerciale-de-la-otopeni\/#article","isPartOf":{"@id":"https:\/\/buletin.de\/bucuresti\/fostul-director-cnab-trimis-in-judecata-de-dna-in-dosarul-spatiilor-comerciale-de-la-otopeni\/"},"author":{"name":"Adina C\u0103p\u00eelnean","@id":"https:\/\/buletin.de\/bucuresti\/#\/schema\/person\/ab174cf6711728e4ee83d672acf9a912"},"headline":"Fostul director CNAB, trimis \u00een judecat\u0103 de DNA \u00een dosarul spa\u021biilor comerciale de la Otopeni","datePublished":"2023-10-24T15:27:52+00:00","dateModified":"2023-10-24T15:28:13+00:00","mainEntityOfPage":{"@id":"https:\/\/buletin.de\/bucuresti\/fostul-director-cnab-trimis-in-judecata-de-dna-in-dosarul-spatiilor-comerciale-de-la-otopeni\/"},"wordCount":469,"publisher":{"@id":"https:\/\/buletin.de\/bucuresti\/#organization"},"image":{"@id":"https:\/\/buletin.de\/bucuresti\/fostul-director-cnab-trimis-in-judecata-de-dna-in-dosarul-spatiilor-comerciale-de-la-otopeni\/#primaryimage"},"thumbnailUrl":"https:\/\/buletin.de\/bucuresti\/wp-content\/uploads\/48125584_10155821277382483_7368359538405146624_n.jpg","keywords":["alexandru george ivan","cnab","director","dna","dosar","rechizitoriu"],"articleSection":["Articole","\u0218tiri"],"inLanguage":"en-GB","copyrightYear":"2023","copyrightHolder":{"@id":"https:\/\/buletin.de\/bucuresti\/#organization"}},{"@type":"WebPage","@id":"https:\/\/buletin.de\/bucuresti\/fostul-director-cnab-trimis-in-judecata-de-dna-in-dosarul-spatiilor-comerciale-de-la-otopeni\/","url":"https:\/\/buletin.de\/bucuresti\/fostul-director-cnab-trimis-in-judecata-de-dna-in-dosarul-spatiilor-comerciale-de-la-otopeni\/","name":"Fostul director CNAB, trimis \u00een judecat\u0103 de DNA \u00een dosarul spa\u021biilor comerciale de la Otopeni - Buletin de Bucure\u0219ti","isPartOf":{"@id":"https:\/\/buletin.de\/bucuresti\/#website"},"primaryImageOfPage":{"@id":"https:\/\/buletin.de\/bucuresti\/fostul-director-cnab-trimis-in-judecata-de-dna-in-dosarul-spatiilor-comerciale-de-la-otopeni\/#primaryimage"},"image":{"@id":"https:\/\/buletin.de\/bucuresti\/fostul-director-cnab-trimis-in-judecata-de-dna-in-dosarul-spatiilor-comerciale-de-la-otopeni\/#primaryimage"},"thumbnailUrl":"https:\/\/buletin.de\/bucuresti\/wp-content\/uploads\/48125584_10155821277382483_7368359538405146624_n.jpg","datePublished":"2023-10-24T15:27:52+00:00","dateModified":"2023-10-24T15:28:13+00:00","breadcrumb":{"@id":"https:\/\/buletin.de\/bucuresti\/fostul-director-cnab-trimis-in-judecata-de-dna-in-dosarul-spatiilor-comerciale-de-la-otopeni\/#breadcrumb"},"inLanguage":"en-GB","potentialAction":[{"@type":"ReadAction","target":["https:\/\/buletin.de\/bucuresti\/fostul-director-cnab-trimis-in-judecata-de-dna-in-dosarul-spatiilor-comerciale-de-la-otopeni\/"]}]},{"@type":"ImageObject","inLanguage":"en-GB","@id":"https:\/\/buletin.de\/bucuresti\/fostul-director-cnab-trimis-in-judecata-de-dna-in-dosarul-spatiilor-comerciale-de-la-otopeni\/#primaryimage","url":"https:\/\/buletin.de\/bucuresti\/wp-content\/uploads\/48125584_10155821277382483_7368359538405146624_n.jpg","contentUrl":"https:\/\/buletin.de\/bucuresti\/wp-content\/uploads\/48125584_10155821277382483_7368359538405146624_n.jpg","width":1080,"height":810},{"@type":"BreadcrumbList","@id":"https:\/\/buletin.de\/bucuresti\/fostul-director-cnab-trimis-in-judecata-de-dna-in-dosarul-spatiilor-comerciale-de-la-otopeni\/#breadcrumb","itemListElement":[{"@type":"ListItem","position":1,"name":"Acas\u0103","item":"https:\/\/buletin.de\/bucuresti\/"},{"@type":"ListItem","position":2,"name":"Fostul director CNAB, trimis \u00een judecat\u0103 de DNA \u00een dosarul spa\u021biilor comerciale de la Otopeni"}]},{"@type":"WebSite","@id":"https:\/\/buletin.de\/bucuresti\/#website","url":"https:\/\/buletin.de\/bucuresti\/","name":"Buletin de Bucure\u0219ti","description":"\u0218tiri \u0219i investiga\u021bii esen\u021biale din capital\u0103","publisher":{"@id":"https:\/\/buletin.de\/bucuresti\/#organization"},"potentialAction":[{"@type":"SearchAction","target":{"@type":"EntryPoint","urlTemplate":"https:\/\/buletin.de\/bucuresti\/?s={search_term_string}"},"query-input":{"@type":"PropertyValueSpecification","valueRequired":true,"valueName":"search_term_string"}}],"inLanguage":"en-GB"},{"@type":"Organization","@id":"https:\/\/buletin.de\/bucuresti\/#organization","name":"Buletin de Bucure\u0219ti","url":"https:\/\/buletin.de\/bucuresti\/","logo":{"@type":"ImageObject","inLanguage":"en-GB","@id":"https:\/\/buletin.de\/bucuresti\/#\/schema\/logo\/image\/","url":"https:\/\/buletin.de\/bucuresti\/wp-content\/uploads\/logo-bdb-full-wide-vernil-transparent.png","contentUrl":"https:\/\/buletin.de\/bucuresti\/wp-content\/uploads\/logo-bdb-full-wide-vernil-transparent.png","width":1782,"height":626,"caption":"Buletin de Bucure\u0219ti"},"image":{"@id":"https:\/\/buletin.de\/bucuresti\/#\/schema\/logo\/image\/"},"sameAs":["https:\/\/www.facebook.com\/buletin.de.buc","https:\/\/www.instagram.com\/buletinde.bucuresti\/"]},{"@type":"Person","@id":"https:\/\/buletin.de\/bucuresti\/#\/schema\/person\/ab174cf6711728e4ee83d672acf9a912","name":"Adina C\u0103p\u00eelnean","image":{"@type":"ImageObject","inLanguage":"en-GB","@id":"https:\/\/secure.gravatar.com\/avatar\/4fe9675d6282fd7c1aa4e486a037d532d5728fc16a30360f293eb6126b2e73ad?s=96&d=monsterid&r=ge2b23868508aec3460d3c6a11d3b599a","url":"https:\/\/secure.gravatar.com\/avatar\/4fe9675d6282fd7c1aa4e486a037d532d5728fc16a30360f293eb6126b2e73ad?s=96&d=monsterid&r=g","contentUrl":"https:\/\/secure.gravatar.com\/avatar\/4fe9675d6282fd7c1aa4e486a037d532d5728fc16a30360f293eb6126b2e73ad?s=96&d=monsterid&r=g","caption":"Adina C\u0103p\u00eelnean"},"url":"https:\/\/buletin.de\/bucuresti\/author\/adinacapilnean\/"}]}},"authors":[{"term_id":22580,"user_id":47,"is_guest":0,"slug":"adinacapilnean","display_name":"Adina C\u0103p\u00eelnean","avatar_url":"https:\/\/secure.gravatar.com\/avatar\/4fe9675d6282fd7c1aa4e486a037d532d5728fc16a30360f293eb6126b2e73ad?s=96&d=monsterid&r=g","0":null,"1":"","2":"","3":"","4":"","5":"","6":"","7":"","8":""}],"_links":{"self":[{"href":"https:\/\/buletin.de\/bucuresti\/wp-json\/wp\/v2\/posts\/67286","targetHints":{"allow":["GET"]}}],"collection":[{"href":"https:\/\/buletin.de\/bucuresti\/wp-json\/wp\/v2\/posts"}],"about":[{"href":"https:\/\/buletin.de\/bucuresti\/wp-json\/wp\/v2\/types\/post"}],"author":[{"embeddable":true,"href":"https:\/\/buletin.de\/bucuresti\/wp-json\/wp\/v2\/users\/47"}],"replies":[{"embeddable":true,"href":"https:\/\/buletin.de\/bucuresti\/wp-json\/wp\/v2\/comments?post=67286"}],"version-history":[{"count":3,"href":"https:\/\/buletin.de\/bucuresti\/wp-json\/wp\/v2\/posts\/67286\/revisions"}],"predecessor-version":[{"id":67292,"href":"https:\/\/buletin.de\/bucuresti\/wp-json\/wp\/v2\/posts\/67286\/revisions\/67292"}],"wp:featuredmedia":[{"embeddable":true,"href":"https:\/\/buletin.de\/bucuresti\/wp-json\/wp\/v2\/media\/67287"}],"wp:attachment":[{"href":"https:\/\/buletin.de\/bucuresti\/wp-json\/wp\/v2\/media?parent=67286"}],"wp:term":[{"taxonomy":"category","embeddable":true,"href":"https:\/\/buletin.de\/bucuresti\/wp-json\/wp\/v2\/categories?post=67286"},{"taxonomy":"post_tag","embeddable":true,"href":"https:\/\/buletin.de\/bucuresti\/wp-json\/wp\/v2\/tags?post=67286"},{"taxonomy":"author","embeddable":true,"href":"https:\/\/buletin.de\/bucuresti\/wp-json\/wp\/v2\/ppma_author?post=67286"}],"curies":[{"name":"wp","href":"https:\/\/api.w.org\/{rel}","templated":true}]}}