{"id":67147,"date":"2023-10-23T13:07:58","date_gmt":"2023-10-23T11:07:58","guid":{"rendered":"https:\/\/buletin.de\/bucuresti\/?p=67147"},"modified":"2023-10-23T15:26:50","modified_gmt":"2023-10-23T13:26:50","slug":"termoficare-lucrari-la-conducta-mamut-care-alimenteaza-cartierele-titan-salajan-si-ozana","status":"publish","type":"post","link":"https:\/\/buletin.de\/bucuresti\/termoficare-lucrari-la-conducta-mamut-care-alimenteaza-cartierele-titan-salajan-si-ozana\/","title":{"rendered":"TERMOFICARE | Lucr\u0103ri la &#8220;conducta-mamut&#8221; care alimenteaz\u0103 cartierele Titan, S\u0103lajan \u0219i Ozana"},"content":{"rendered":"\n<p><strong>Termoenergetica anun\u021b<strong>\u0103<\/strong> lucr\u0103ri de \u00eenlocuire unui tronson de aproximativ 300 de metri de conduct\u0103, pe str\u0103zile Soldat \u0218tefan Constantin, Prevederii \u0219i Trapezului. Acestea au fost impuse de starea avansat\u0103 de degradare a conductelor \u0219i de necesitatea func\u021bion\u0103rii \u00een bune condi\u021bii a punctelor termice alimentate din acest tronson.<\/strong><\/p>\n\n\n\n<p>Por\u021biunea de conduct\u0103 pe care se lucreaz\u0103 face leg\u0103tura \u00eentre Magistrala I Sud \u0219i zona industrial\u0103 C\u0103\u021belu. Prin ea, se alimenteaz\u0103 cu agent termic primar cartierele Titan, S\u0103lajan, Ozana, imobilele aflate pe Bulevardul 1 Decembrie 1918.<\/p>\n\n\n\n<p>\u00cen perioada execut\u0103rii acestor lucr\u0103ri, bucure\u0219tenii din aceste zone nu vor r\u0103m\u00e2ne f\u0103r\u0103 ap\u0103 cald\u0103\u00a0iar termenul estimat pentru finalizarea interven\u021biilor din aceast\u0103 etap\u0103 este 15 noiembrie 2023. <\/p>\n\n\n\n<p>Clien\u021bii au la dispozi\u021bie informa\u021bii prin mesajele pre\u00eenregistrate la num\u0103rul de telefon 031.9442 sau alte detalii la 0800.820.002, precum \u0219i prin aplica\u021bia Termoalert.<\/p>\n","protected":false},"excerpt":{"rendered":"<p>Termoenergetica anun\u021b\u0103 lucr\u0103ri de \u00eenlocuire unui tronson de aproximativ 300 de metri de conduct\u0103, pe str\u0103zile Soldat \u0218tefan Constantin, Prevederii \u0219i Trapezului. Acestea au fost impuse de starea avansat\u0103 de degradare a conductelor \u0219i de necesitatea func\u021bion\u0103rii \u00een bune condi\u021bii a punctelor termice alimentate din acest tronson. Por\u021biunea de conduct\u0103 pe care se lucreaz\u0103 face [&hellip;]<\/p>\n","protected":false},"author":49,"featured_media":67159,"comment_status":"closed","ping_status":"open","sticky":false,"template":"","format":"standard","meta":{"_acf_changed":false,"inline_featured_image":false,"ngg_post_thumbnail":0,"footnotes":""},"categories":[6994,5762,6214],"tags":[7178,7462,2178,6658],"ppma_author":[22574],"class_list":["post-67147","post","type-post","status-publish","format-standard","has-post-thumbnail","hentry","category-stiri-2","category-main","category-termo","tag-magistrala-1-sud","tag-salajan","tag-termoenegertica","tag-titan"],"acf":[],"yoast_head":"<!-- This site is optimized with the Yoast SEO Premium plugin v25.3 (Yoast SEO v27.4) - https:\/\/yoast.com\/product\/yoast-seo-premium-wordpress\/ -->\n<title>TERMOFICARE | Lucr\u0103ri la &quot;conducta-mamut&quot; care alimenteaz\u0103 cartierele Titan, S\u0103lajan \u0219i Ozana - Buletin de Bucure\u0219ti<\/title>\n<meta name=\"robots\" content=\"index, follow, max-snippet:-1, max-image-preview:large, max-video-preview:-1\" \/>\n<link rel=\"canonical\" href=\"https:\/\/buletin.de\/bucuresti\/termoficare-lucrari-la-conducta-mamut-care-alimenteaza-cartierele-titan-salajan-si-ozana\/\" \/>\n<meta property=\"og:locale\" content=\"en_GB\" \/>\n<meta property=\"og:type\" content=\"article\" \/>\n<meta property=\"og:title\" content=\"TERMOFICARE | Lucr\u0103ri la &quot;conducta-mamut&quot; care alimenteaz\u0103 cartierele Titan, S\u0103lajan \u0219i Ozana\" \/>\n<meta property=\"og:description\" content=\"Termoenergetica anun\u021b\u0103 lucr\u0103ri de \u00eenlocuire unui tronson de aproximativ 300 de metri de conduct\u0103, pe str\u0103zile Soldat \u0218tefan Constantin, Prevederii \u0219i Trapezului. Acestea au fost impuse de starea avansat\u0103 de degradare a conductelor \u0219i de necesitatea func\u021bion\u0103rii \u00een bune condi\u021bii a punctelor termice alimentate din acest tronson. Por\u021biunea de conduct\u0103 pe care se lucreaz\u0103 face [&hellip;]\" \/>\n<meta property=\"og:url\" content=\"https:\/\/buletin.de\/bucuresti\/termoficare-lucrari-la-conducta-mamut-care-alimenteaza-cartierele-titan-salajan-si-ozana\/\" \/>\n<meta property=\"og:site_name\" content=\"Buletin de Bucure\u0219ti\" \/>\n<meta property=\"article:publisher\" content=\"https:\/\/www.facebook.com\/buletin.de.buc\" \/>\n<meta property=\"article:published_time\" content=\"2023-10-23T11:07:58+00:00\" \/>\n<meta property=\"article:modified_time\" content=\"2023-10-23T13:26:50+00:00\" \/>\n<meta property=\"og:image\" content=\"https:\/\/buletin.de\/bucuresti\/wp-content\/uploads\/termoficare.png\" \/>\n\t<meta property=\"og:image:width\" content=\"1221\" \/>\n\t<meta property=\"og:image:height\" content=\"917\" \/>\n\t<meta property=\"og:image:type\" content=\"image\/png\" \/>\n<meta name=\"author\" content=\"Diana Matei\" \/>\n<meta name=\"twitter:card\" content=\"summary_large_image\" \/>\n<meta name=\"twitter:label1\" content=\"Written by\" \/>\n\t<meta name=\"twitter:data1\" content=\"Diana Matei\" \/>\n\t<meta name=\"twitter:label2\" content=\"Estimated reading time\" \/>\n\t<meta name=\"twitter:data2\" content=\"1 minute\" \/>\n<script type=\"application\/ld+json\" class=\"yoast-schema-graph\">{\"@context\":\"https:\\\/\\\/schema.org\",\"@graph\":[{\"@type\":\"Article\",\"@id\":\"https:\\\/\\\/buletin.de\\\/bucuresti\\\/termoficare-lucrari-la-conducta-mamut-care-alimenteaza-cartierele-titan-salajan-si-ozana\\\/#article\",\"isPartOf\":{\"@id\":\"https:\\\/\\\/buletin.de\\\/bucuresti\\\/termoficare-lucrari-la-conducta-mamut-care-alimenteaza-cartierele-titan-salajan-si-ozana\\\/\"},\"author\":{\"name\":\"Diana Matei\",\"@id\":\"https:\\\/\\\/buletin.de\\\/bucuresti\\\/#\\\/schema\\\/person\\\/7e46040573290777280a0835d81ea4ea\"},\"headline\":\"TERMOFICARE | Lucr\u0103ri la &#8220;conducta-mamut&#8221; care alimenteaz\u0103 cartierele Titan, S\u0103lajan \u0219i Ozana\",\"datePublished\":\"2023-10-23T11:07:58+00:00\",\"dateModified\":\"2023-10-23T13:26:50+00:00\",\"mainEntityOfPage\":{\"@id\":\"https:\\\/\\\/buletin.de\\\/bucuresti\\\/termoficare-lucrari-la-conducta-mamut-care-alimenteaza-cartierele-titan-salajan-si-ozana\\\/\"},\"wordCount\":162,\"publisher\":{\"@id\":\"https:\\\/\\\/buletin.de\\\/bucuresti\\\/#organization\"},\"image\":{\"@id\":\"https:\\\/\\\/buletin.de\\\/bucuresti\\\/termoficare-lucrari-la-conducta-mamut-care-alimenteaza-cartierele-titan-salajan-si-ozana\\\/#primaryimage\"},\"thumbnailUrl\":\"https:\\\/\\\/buletin.de\\\/bucuresti\\\/wp-content\\\/uploads\\\/termoficare.png\",\"keywords\":[\"Magistrala 1 Sud\",\"salajan\",\"termoenegertica\",\"titan\"],\"articleSection\":[\"Articole\",\"Main\",\"Termoficare\"],\"inLanguage\":\"en-GB\",\"copyrightYear\":\"2023\",\"copyrightHolder\":{\"@id\":\"https:\\\/\\\/buletin.de\\\/bucuresti\\\/#organization\"}},{\"@type\":\"WebPage\",\"@id\":\"https:\\\/\\\/buletin.de\\\/bucuresti\\\/termoficare-lucrari-la-conducta-mamut-care-alimenteaza-cartierele-titan-salajan-si-ozana\\\/\",\"url\":\"https:\\\/\\\/buletin.de\\\/bucuresti\\\/termoficare-lucrari-la-conducta-mamut-care-alimenteaza-cartierele-titan-salajan-si-ozana\\\/\",\"name\":\"TERMOFICARE | Lucr\u0103ri la \\\"conducta-mamut\\\" care alimenteaz\u0103 cartierele Titan, S\u0103lajan \u0219i Ozana - Buletin de Bucure\u0219ti\",\"isPartOf\":{\"@id\":\"https:\\\/\\\/buletin.de\\\/bucuresti\\\/#website\"},\"primaryImageOfPage\":{\"@id\":\"https:\\\/\\\/buletin.de\\\/bucuresti\\\/termoficare-lucrari-la-conducta-mamut-care-alimenteaza-cartierele-titan-salajan-si-ozana\\\/#primaryimage\"},\"image\":{\"@id\":\"https:\\\/\\\/buletin.de\\\/bucuresti\\\/termoficare-lucrari-la-conducta-mamut-care-alimenteaza-cartierele-titan-salajan-si-ozana\\\/#primaryimage\"},\"thumbnailUrl\":\"https:\\\/\\\/buletin.de\\\/bucuresti\\\/wp-content\\\/uploads\\\/termoficare.png\",\"datePublished\":\"2023-10-23T11:07:58+00:00\",\"dateModified\":\"2023-10-23T13:26:50+00:00\",\"breadcrumb\":{\"@id\":\"https:\\\/\\\/buletin.de\\\/bucuresti\\\/termoficare-lucrari-la-conducta-mamut-care-alimenteaza-cartierele-titan-salajan-si-ozana\\\/#breadcrumb\"},\"inLanguage\":\"en-GB\",\"potentialAction\":[{\"@type\":\"ReadAction\",\"target\":[\"https:\\\/\\\/buletin.de\\\/bucuresti\\\/termoficare-lucrari-la-conducta-mamut-care-alimenteaza-cartierele-titan-salajan-si-ozana\\\/\"]}]},{\"@type\":\"ImageObject\",\"inLanguage\":\"en-GB\",\"@id\":\"https:\\\/\\\/buletin.de\\\/bucuresti\\\/termoficare-lucrari-la-conducta-mamut-care-alimenteaza-cartierele-titan-salajan-si-ozana\\\/#primaryimage\",\"url\":\"https:\\\/\\\/buletin.de\\\/bucuresti\\\/wp-content\\\/uploads\\\/termoficare.png\",\"contentUrl\":\"https:\\\/\\\/buletin.de\\\/bucuresti\\\/wp-content\\\/uploads\\\/termoficare.png\",\"width\":1221,\"height\":917,\"caption\":\"De ce s-a oprit apa cald\u0103 \u00een Capital\u0103. FOTO: Termoenergetica\\\/ Arhiv\u0103\"},{\"@type\":\"BreadcrumbList\",\"@id\":\"https:\\\/\\\/buletin.de\\\/bucuresti\\\/termoficare-lucrari-la-conducta-mamut-care-alimenteaza-cartierele-titan-salajan-si-ozana\\\/#breadcrumb\",\"itemListElement\":[{\"@type\":\"ListItem\",\"position\":1,\"name\":\"Acas\u0103\",\"item\":\"https:\\\/\\\/buletin.de\\\/bucuresti\\\/\"},{\"@type\":\"ListItem\",\"position\":2,\"name\":\"TERMOFICARE | Lucr\u0103ri la &#8220;conducta-mamut&#8221; care alimenteaz\u0103 cartierele Titan, S\u0103lajan \u0219i Ozana\"}]},{\"@type\":\"WebSite\",\"@id\":\"https:\\\/\\\/buletin.de\\\/bucuresti\\\/#website\",\"url\":\"https:\\\/\\\/buletin.de\\\/bucuresti\\\/\",\"name\":\"Buletin de Bucure\u0219ti\",\"description\":\"\u0218tiri \u0219i investiga\u021bii esen\u021biale din capital\u0103\",\"publisher\":{\"@id\":\"https:\\\/\\\/buletin.de\\\/bucuresti\\\/#organization\"},\"potentialAction\":[{\"@type\":\"SearchAction\",\"target\":{\"@type\":\"EntryPoint\",\"urlTemplate\":\"https:\\\/\\\/buletin.de\\\/bucuresti\\\/?s={search_term_string}\"},\"query-input\":{\"@type\":\"PropertyValueSpecification\",\"valueRequired\":true,\"valueName\":\"search_term_string\"}}],\"inLanguage\":\"en-GB\"},{\"@type\":\"Organization\",\"@id\":\"https:\\\/\\\/buletin.de\\\/bucuresti\\\/#organization\",\"name\":\"Buletin de Bucure\u0219ti\",\"url\":\"https:\\\/\\\/buletin.de\\\/bucuresti\\\/\",\"logo\":{\"@type\":\"ImageObject\",\"inLanguage\":\"en-GB\",\"@id\":\"https:\\\/\\\/buletin.de\\\/bucuresti\\\/#\\\/schema\\\/logo\\\/image\\\/\",\"url\":\"https:\\\/\\\/buletin.de\\\/bucuresti\\\/wp-content\\\/uploads\\\/logo-bdb-full-wide-vernil-transparent.png\",\"contentUrl\":\"https:\\\/\\\/buletin.de\\\/bucuresti\\\/wp-content\\\/uploads\\\/logo-bdb-full-wide-vernil-transparent.png\",\"width\":1782,\"height\":626,\"caption\":\"Buletin de Bucure\u0219ti\"},\"image\":{\"@id\":\"https:\\\/\\\/buletin.de\\\/bucuresti\\\/#\\\/schema\\\/logo\\\/image\\\/\"},\"sameAs\":[\"https:\\\/\\\/www.facebook.com\\\/buletin.de.buc\",\"https:\\\/\\\/www.instagram.com\\\/buletinde.bucuresti\\\/\"]},{\"@type\":\"Person\",\"@id\":\"https:\\\/\\\/buletin.de\\\/bucuresti\\\/#\\\/schema\\\/person\\\/7e46040573290777280a0835d81ea4ea\",\"name\":\"Diana Matei\",\"image\":{\"@type\":\"ImageObject\",\"inLanguage\":\"en-GB\",\"@id\":\"https:\\\/\\\/buletin.de\\\/bucuresti\\\/wp-content\\\/uploads\\\/9-2-96x96.jpg1e8590b30871d70e62ebcdaf2eff570c\",\"url\":\"https:\\\/\\\/buletin.de\\\/bucuresti\\\/wp-content\\\/uploads\\\/9-2-96x96.jpg\",\"contentUrl\":\"https:\\\/\\\/buletin.de\\\/bucuresti\\\/wp-content\\\/uploads\\\/9-2-96x96.jpg\",\"caption\":\"Diana Matei\"},\"url\":\"https:\\\/\\\/buletin.de\\\/bucuresti\\\/author\\\/dianamatei\\\/\"}]}<\/script>\n<!-- \/ Yoast SEO Premium plugin. -->","yoast_head_json":{"title":"TERMOFICARE | Lucr\u0103ri la \"conducta-mamut\" care alimenteaz\u0103 cartierele Titan, S\u0103lajan \u0219i Ozana - Buletin de Bucure\u0219ti","robots":{"index":"index","follow":"follow","max-snippet":"max-snippet:-1","max-image-preview":"max-image-preview:large","max-video-preview":"max-video-preview:-1"},"canonical":"https:\/\/buletin.de\/bucuresti\/termoficare-lucrari-la-conducta-mamut-care-alimenteaza-cartierele-titan-salajan-si-ozana\/","og_locale":"en_GB","og_type":"article","og_title":"TERMOFICARE | Lucr\u0103ri la \"conducta-mamut\" care alimenteaz\u0103 cartierele Titan, S\u0103lajan \u0219i Ozana","og_description":"Termoenergetica anun\u021b\u0103 lucr\u0103ri de \u00eenlocuire unui tronson de aproximativ 300 de metri de conduct\u0103, pe str\u0103zile Soldat \u0218tefan Constantin, Prevederii \u0219i Trapezului. Acestea au fost impuse de starea avansat\u0103 de degradare a conductelor \u0219i de necesitatea func\u021bion\u0103rii \u00een bune condi\u021bii a punctelor termice alimentate din acest tronson. Por\u021biunea de conduct\u0103 pe care se lucreaz\u0103 face [&hellip;]","og_url":"https:\/\/buletin.de\/bucuresti\/termoficare-lucrari-la-conducta-mamut-care-alimenteaza-cartierele-titan-salajan-si-ozana\/","og_site_name":"Buletin de Bucure\u0219ti","article_publisher":"https:\/\/www.facebook.com\/buletin.de.buc","article_published_time":"2023-10-23T11:07:58+00:00","article_modified_time":"2023-10-23T13:26:50+00:00","og_image":[{"width":1221,"height":917,"url":"https:\/\/buletin.de\/bucuresti\/wp-content\/uploads\/termoficare.png","type":"image\/png"}],"author":"Diana Matei","twitter_card":"summary_large_image","twitter_misc":{"Written by":"Diana Matei","Estimated reading time":"1 minute"},"schema":{"@context":"https:\/\/schema.org","@graph":[{"@type":"Article","@id":"https:\/\/buletin.de\/bucuresti\/termoficare-lucrari-la-conducta-mamut-care-alimenteaza-cartierele-titan-salajan-si-ozana\/#article","isPartOf":{"@id":"https:\/\/buletin.de\/bucuresti\/termoficare-lucrari-la-conducta-mamut-care-alimenteaza-cartierele-titan-salajan-si-ozana\/"},"author":{"name":"Diana Matei","@id":"https:\/\/buletin.de\/bucuresti\/#\/schema\/person\/7e46040573290777280a0835d81ea4ea"},"headline":"TERMOFICARE | Lucr\u0103ri la &#8220;conducta-mamut&#8221; care alimenteaz\u0103 cartierele Titan, S\u0103lajan \u0219i Ozana","datePublished":"2023-10-23T11:07:58+00:00","dateModified":"2023-10-23T13:26:50+00:00","mainEntityOfPage":{"@id":"https:\/\/buletin.de\/bucuresti\/termoficare-lucrari-la-conducta-mamut-care-alimenteaza-cartierele-titan-salajan-si-ozana\/"},"wordCount":162,"publisher":{"@id":"https:\/\/buletin.de\/bucuresti\/#organization"},"image":{"@id":"https:\/\/buletin.de\/bucuresti\/termoficare-lucrari-la-conducta-mamut-care-alimenteaza-cartierele-titan-salajan-si-ozana\/#primaryimage"},"thumbnailUrl":"https:\/\/buletin.de\/bucuresti\/wp-content\/uploads\/termoficare.png","keywords":["Magistrala 1 Sud","salajan","termoenegertica","titan"],"articleSection":["Articole","Main","Termoficare"],"inLanguage":"en-GB","copyrightYear":"2023","copyrightHolder":{"@id":"https:\/\/buletin.de\/bucuresti\/#organization"}},{"@type":"WebPage","@id":"https:\/\/buletin.de\/bucuresti\/termoficare-lucrari-la-conducta-mamut-care-alimenteaza-cartierele-titan-salajan-si-ozana\/","url":"https:\/\/buletin.de\/bucuresti\/termoficare-lucrari-la-conducta-mamut-care-alimenteaza-cartierele-titan-salajan-si-ozana\/","name":"TERMOFICARE | Lucr\u0103ri la \"conducta-mamut\" care alimenteaz\u0103 cartierele Titan, S\u0103lajan \u0219i Ozana - Buletin de Bucure\u0219ti","isPartOf":{"@id":"https:\/\/buletin.de\/bucuresti\/#website"},"primaryImageOfPage":{"@id":"https:\/\/buletin.de\/bucuresti\/termoficare-lucrari-la-conducta-mamut-care-alimenteaza-cartierele-titan-salajan-si-ozana\/#primaryimage"},"image":{"@id":"https:\/\/buletin.de\/bucuresti\/termoficare-lucrari-la-conducta-mamut-care-alimenteaza-cartierele-titan-salajan-si-ozana\/#primaryimage"},"thumbnailUrl":"https:\/\/buletin.de\/bucuresti\/wp-content\/uploads\/termoficare.png","datePublished":"2023-10-23T11:07:58+00:00","dateModified":"2023-10-23T13:26:50+00:00","breadcrumb":{"@id":"https:\/\/buletin.de\/bucuresti\/termoficare-lucrari-la-conducta-mamut-care-alimenteaza-cartierele-titan-salajan-si-ozana\/#breadcrumb"},"inLanguage":"en-GB","potentialAction":[{"@type":"ReadAction","target":["https:\/\/buletin.de\/bucuresti\/termoficare-lucrari-la-conducta-mamut-care-alimenteaza-cartierele-titan-salajan-si-ozana\/"]}]},{"@type":"ImageObject","inLanguage":"en-GB","@id":"https:\/\/buletin.de\/bucuresti\/termoficare-lucrari-la-conducta-mamut-care-alimenteaza-cartierele-titan-salajan-si-ozana\/#primaryimage","url":"https:\/\/buletin.de\/bucuresti\/wp-content\/uploads\/termoficare.png","contentUrl":"https:\/\/buletin.de\/bucuresti\/wp-content\/uploads\/termoficare.png","width":1221,"height":917,"caption":"De ce s-a oprit apa cald\u0103 \u00een Capital\u0103. FOTO: Termoenergetica\/ Arhiv\u0103"},{"@type":"BreadcrumbList","@id":"https:\/\/buletin.de\/bucuresti\/termoficare-lucrari-la-conducta-mamut-care-alimenteaza-cartierele-titan-salajan-si-ozana\/#breadcrumb","itemListElement":[{"@type":"ListItem","position":1,"name":"Acas\u0103","item":"https:\/\/buletin.de\/bucuresti\/"},{"@type":"ListItem","position":2,"name":"TERMOFICARE | Lucr\u0103ri la &#8220;conducta-mamut&#8221; care alimenteaz\u0103 cartierele Titan, S\u0103lajan \u0219i Ozana"}]},{"@type":"WebSite","@id":"https:\/\/buletin.de\/bucuresti\/#website","url":"https:\/\/buletin.de\/bucuresti\/","name":"Buletin de Bucure\u0219ti","description":"\u0218tiri \u0219i investiga\u021bii esen\u021biale din capital\u0103","publisher":{"@id":"https:\/\/buletin.de\/bucuresti\/#organization"},"potentialAction":[{"@type":"SearchAction","target":{"@type":"EntryPoint","urlTemplate":"https:\/\/buletin.de\/bucuresti\/?s={search_term_string}"},"query-input":{"@type":"PropertyValueSpecification","valueRequired":true,"valueName":"search_term_string"}}],"inLanguage":"en-GB"},{"@type":"Organization","@id":"https:\/\/buletin.de\/bucuresti\/#organization","name":"Buletin de Bucure\u0219ti","url":"https:\/\/buletin.de\/bucuresti\/","logo":{"@type":"ImageObject","inLanguage":"en-GB","@id":"https:\/\/buletin.de\/bucuresti\/#\/schema\/logo\/image\/","url":"https:\/\/buletin.de\/bucuresti\/wp-content\/uploads\/logo-bdb-full-wide-vernil-transparent.png","contentUrl":"https:\/\/buletin.de\/bucuresti\/wp-content\/uploads\/logo-bdb-full-wide-vernil-transparent.png","width":1782,"height":626,"caption":"Buletin de Bucure\u0219ti"},"image":{"@id":"https:\/\/buletin.de\/bucuresti\/#\/schema\/logo\/image\/"},"sameAs":["https:\/\/www.facebook.com\/buletin.de.buc","https:\/\/www.instagram.com\/buletinde.bucuresti\/"]},{"@type":"Person","@id":"https:\/\/buletin.de\/bucuresti\/#\/schema\/person\/7e46040573290777280a0835d81ea4ea","name":"Diana Matei","image":{"@type":"ImageObject","inLanguage":"en-GB","@id":"https:\/\/buletin.de\/bucuresti\/wp-content\/uploads\/9-2-96x96.jpg1e8590b30871d70e62ebcdaf2eff570c","url":"https:\/\/buletin.de\/bucuresti\/wp-content\/uploads\/9-2-96x96.jpg","contentUrl":"https:\/\/buletin.de\/bucuresti\/wp-content\/uploads\/9-2-96x96.jpg","caption":"Diana Matei"},"url":"https:\/\/buletin.de\/bucuresti\/author\/dianamatei\/"}]}},"authors":[{"term_id":22574,"user_id":49,"is_guest":0,"slug":"dianamatei","display_name":"Diana Matei","avatar_url":"https:\/\/buletin.de\/bucuresti\/wp-content\/uploads\/9-2-96x96.jpg","0":null,"1":"","2":"","3":"","4":"","5":"","6":"","7":"","8":""}],"_links":{"self":[{"href":"https:\/\/buletin.de\/bucuresti\/wp-json\/wp\/v2\/posts\/67147","targetHints":{"allow":["GET"]}}],"collection":[{"href":"https:\/\/buletin.de\/bucuresti\/wp-json\/wp\/v2\/posts"}],"about":[{"href":"https:\/\/buletin.de\/bucuresti\/wp-json\/wp\/v2\/types\/post"}],"author":[{"embeddable":true,"href":"https:\/\/buletin.de\/bucuresti\/wp-json\/wp\/v2\/users\/49"}],"replies":[{"embeddable":true,"href":"https:\/\/buletin.de\/bucuresti\/wp-json\/wp\/v2\/comments?post=67147"}],"version-history":[{"count":3,"href":"https:\/\/buletin.de\/bucuresti\/wp-json\/wp\/v2\/posts\/67147\/revisions"}],"predecessor-version":[{"id":67215,"href":"https:\/\/buletin.de\/bucuresti\/wp-json\/wp\/v2\/posts\/67147\/revisions\/67215"}],"wp:featuredmedia":[{"embeddable":true,"href":"https:\/\/buletin.de\/bucuresti\/wp-json\/wp\/v2\/media\/67159"}],"wp:attachment":[{"href":"https:\/\/buletin.de\/bucuresti\/wp-json\/wp\/v2\/media?parent=67147"}],"wp:term":[{"taxonomy":"category","embeddable":true,"href":"https:\/\/buletin.de\/bucuresti\/wp-json\/wp\/v2\/categories?post=67147"},{"taxonomy":"post_tag","embeddable":true,"href":"https:\/\/buletin.de\/bucuresti\/wp-json\/wp\/v2\/tags?post=67147"},{"taxonomy":"author","embeddable":true,"href":"https:\/\/buletin.de\/bucuresti\/wp-json\/wp\/v2\/ppma_author?post=67147"}],"curies":[{"name":"wp","href":"https:\/\/api.w.org\/{rel}","templated":true}]}}