{"id":67040,"date":"2023-10-25T08:45:14","date_gmt":"2023-10-25T06:45:14","guid":{"rendered":"https:\/\/buletin.de\/bucuresti\/?p=67040"},"modified":"2023-10-27T08:03:09","modified_gmt":"2023-10-27T06:03:09","slug":"firma-care-a-dat-foc-tramvaiului-de-la-eroii-revolutiei-reabiliteaza-linia-5-cu-63-milioane-de-euro-per-kilometru","status":"publish","type":"post","link":"https:\/\/buletin.de\/bucuresti\/firma-care-a-dat-foc-tramvaiului-de-la-eroii-revolutiei-reabiliteaza-linia-5-cu-63-milioane-de-euro-per-kilometru\/","title":{"rendered":"Firma care \u201ea dat foc\u201c tramvaiului de la Eroii Revolu\u021biei reabiliteaz\u0103 Linia 5, cu 6,3 milioane de euro per kilometru"},"content":{"rendered":"\n<p>\/\/\/\/UPDATE<\/p>\n\n\n\n<p><em>La scurt timp dup\u0103 publicarea articolului, Marin M\u00e2ndril\u0103, patronul Mari-Vila Com, a revenit cu un punct de vedere \u00een care sus\u021bine c\u0103 firma pe care o conduce a ofertat cu 20 de milioane de lei mai pu\u021bin fa\u021b\u0103 de valoarea estimat\u0103 a lucr\u0103rii pentru c\u0103 produce, \u00een cadrul firmei, aproape 50% din ce-i trebuie pentru a face o linie de tramvai. Acesta a spus \u0219i c\u0103 are \u00een\u021belegeri cu al\u021bi produc\u0103tori care-i dau piese la pre\u021b preferen\u021bial. <\/em><\/p>\n\n\n\n<p>\u201e<em>Mari Vila face cam 50% din ce intr\u0103 \u00eentr-o linie de tramvai. Lumea cump\u0103r\u0103 tot de la noi. Piese de cale. (&#8230;) &nbsp;St\u00e2lpii de iluminat, tot a\u0219a, \u00eei producem noi. \u00cen Rom\u00e2nia suntem singurii care-i producem.To\u021bi ceilal\u021bi care fac linii de tramvai vin \u0219i cump\u0103r\u0103 st\u00e2lpii de la noi. (&#8230;) Produc\u0103torii care sunt ori austriecii Alpine, ori polonezii sunt firme care lucreaz\u0103 cu noi \u0219i ne dau la un pre\u021b preferen\u021bial. (&#8230;) Trebuie s\u0103 fur\u0103m to\u021bi ca s\u0103 d\u0103m bine? Adic\u0103 v\u0103 sup\u0103ra\u021bi c\u0103 fac la pre\u021b mic. V\u0103d c\u0103 v\u0103 sup\u0103ra\u021bi. Uite c\u0103 vreau eu s\u0103 fac la pre\u021b mic. Vreau s\u0103 fac dona\u021bii c\u0103tre prim\u0103rie<\/em>\u201c, a declarat Marin M\u00e2ndril\u0103. <\/p>\n\n\n\n<p><em>Acesta sus\u021bine c\u0103 nu exist\u0103 niciun document din care reiese faptul c\u0103 Mari-Vila Com ar fi vinovat\u0103 de incendiul produs la acel tramvai \u00een noiembrie 2022. Totu\u0219i, \u00een acest articol au fost luate date dintr-un proces-vrbal semnat de comisia tehnic\u0103 a STB \u00een decembrie 2022 din care reiese c\u0103 incendiul s-a produs \u0219i din cauza sistemului de prindere a aparatului de aer condi\u021bionat montat de Mari-Vila Com. Afaceristul sus\u021bine c\u0103 incendiul s-ar fi putut produce \u0219i din cauza faptului c\u0103 tramvaiele care intr\u0103 \u00een revizie sunt demontate \u0219i montate la loc. <\/em><\/p>\n\n\n\n<p><em>\u201eTramvaiele intr\u0103 \u00een revizie. C\u00e2nd se face revizie la un tramvai, ele se demonteaz\u0103 pentru c\u0103 sunt din 3 tronsoane. Ele se demonteaz\u0103 pe tronsoane ca s\u0103 se repare, dup\u0103 care c\u00e2nd le pun pe loc nimeni nu mai verific\u0103 cum le-a pus \u0219i a\u0219a mai departe. E complicat s\u0103 spui: da, domnule, e vina lui. (&#8230;) Nu \u0219tiu de unde a\u021bi luat noti\u021ba, eu nu o am. Nu era normal ca primul care s\u0103 aib\u0103 acea h\u00e2rtie s\u0103 fiu eu? Eu nu am asemenea h\u00e2rtii. C\u0103 \u0219i-au dat unii cu p\u0103rerea. Am v\u0103zut \u0219i eu c\u0103 au scris asta acum 6-7 luni. Cineva c\u0103 comisia a constatat. Eu nu am acest document. Niciun om de-al meu nu a semnat documentul \u0103sta\u201c<\/em>, a ad\u0103ugat Marin M\u00e2ndril\u0103. <\/p>\n\n\n\n<p><em>De asemenea, patronul Mari Vila sus\u021bine c\u0103 toat lucr\u0103rile f\u0103cute de firma sa au fost de calitate \u0219i c\u0103 nu a avut nicio abatere de la legile din Rom\u00e2nia. <\/em><\/p>\n\n\n\n<p><em>\u201eSuntem unul dintre constructorii cei mai importan\u021bi. De fapt, suntem singurii care am mai r\u0103mas \u00een ultimii 7 ani, pentru c\u0103 restul, \u00eemi pare r\u0103u s\u0103 o spun c\u0103 sunt colegii mei, ori au intrat \u00een faliment, ori s-au dus la pu\u0219c\u0103rie. Eu n-am ajuns nici colo, nici colo pentru c\u0103 mi-am v\u0103zut de treaba mea. Toate lucr\u0103rile pe care le-am f\u0103cut, le-am f\u0103cut de calitate\u201c, a completat afaceristul.<\/em><\/p>\n\n\n\n<p>\/\/\/\/\/\/\/\/\/ <\/p>\n\n\n\n<p><strong>Linia 5 de tramvai din Nordul Capitalei urmeaz\u0103 s\u0103 fie reabilitat\u0103 a anun\u021bat Prim\u0103ria General\u0103. Licita\u021bia a fost atribuit\u0103 iar durata contractului este de 12 luni, timp \u00een care o asociere de firme \u0219i subcontractori vor executa lucrarea \u00een schimbul a peste 27 de milioane de euro. Un calcul simplu ne arat\u0103 c\u0103 pentru fiecare km de linie de tramvai reabilitat, din conturile Prim\u0103riei Generale pleac\u0103 6,3 milioane de euro. Pre\u021bul ar fi mic pentru o lucrare scump\u0103 care necesit\u0103 multe resurse. Mai mult, firma de construc\u021bii, lider de asociere, care a c\u00e2\u0219tigat contractul, a montat \u00een trecut aparate de aer condi\u021bionat pe tramvaiele STB. Unul dintre acestea a luat foc \u00een mers, anul trecut, \u00een zona Eroii Revolu\u021biei. <\/strong><\/p>\n\n\n\n<p>De\u0219i anun\u021bul privind reabilitarea Liniei 5 a fost f\u0103cut s\u0103pt\u0103m\u00e2na trecut\u0103 de primarul general Nicu\u0219or Dan, pe Sistemul Electronic de Achizi\u021bii Publice licita\u021bia nu apare ca fiind atribuit\u0103, deci nu pot fi g\u0103site detalii despre cine urmeaz\u0103 s\u0103 se ocupe de \u00eentregul proiect. <\/p>\n\n\n\n<figure class=\"wp-block-image size-large\"><a href=\"https:\/\/buletin.de\/bucuresti\/wp-content\/uploads\/WhatsApp-Image-2023-10-19-at-12.36.01.jpeg\"><img fetchpriority=\"high\" decoding=\"async\" width=\"900\" height=\"373\" src=\"data:image\/gif;base64,R0lGODlhAQABAAAAACH5BAEKAAEALAAAAAABAAEAAAICTAEAOw==\" data-src=\"https:\/\/buletin.de\/bucuresti\/wp-content\/uploads\/WhatsApp-Image-2023-10-19-at-12.36.01-900x373.jpeg\" alt=\"\" class=\"wp-image-67041 lazyload\" data-sizes=\"auto\" data-srcset=\"https:\/\/buletin.de\/bucuresti\/wp-content\/uploads\/WhatsApp-Image-2023-10-19-at-12.36.01-900x373.jpeg 900w, https:\/\/buletin.de\/bucuresti\/wp-content\/uploads\/WhatsApp-Image-2023-10-19-at-12.36.01-300x124.jpeg 300w, https:\/\/buletin.de\/bucuresti\/wp-content\/uploads\/WhatsApp-Image-2023-10-19-at-12.36.01-768x318.jpeg 768w, https:\/\/buletin.de\/bucuresti\/wp-content\/uploads\/WhatsApp-Image-2023-10-19-at-12.36.01-1100x456.jpeg 1100w, https:\/\/buletin.de\/bucuresti\/wp-content\/uploads\/WhatsApp-Image-2023-10-19-at-12.36.01-600x249.jpeg 600w, https:\/\/buletin.de\/bucuresti\/wp-content\/uploads\/WhatsApp-Image-2023-10-19-at-12.36.01-20x8.jpeg 20w, https:\/\/buletin.de\/bucuresti\/wp-content\/uploads\/WhatsApp-Image-2023-10-19-at-12.36.01.jpeg 1382w\" sizes=\"(max-width: 900px) 100vw, 900px\" \/><\/a><\/figure>\n\n\n\n<p>Reprezentan\u021bii Prim\u0103riei Generale ne-au comunicat oficial c\u0103 lucr\u0103rile nu vor fi executate de o singur\u0103 firm\u0103, ci de o asociere de companii dup\u0103 cum urmeaz\u0103: <\/p>\n\n\n\n<ul class=\"wp-block-list\">\n<li>Mari Vila Com(lider de asociere) <\/li>\n\n\n\n<li>Luxten Lighting Company SA <\/li>\n\n\n\n<li>Electromontaj SA<\/li>\n\n\n\n<li>Baicons Impex SRL &#8211; Subcontractant<\/li>\n<\/ul>\n\n\n\n<h2 class=\"wp-block-heading\"><strong>Un pre\u021b \u201esuspect\u201c de mic<\/strong> pentru o lucrare scump\u0103<\/h2>\n\n\n\n<p>Pu\u021bin peste 27 de milioane de euro se vor duce \u00een proiectarea \u0219i execu\u021bia a unor lucr\u0103ri care presupun reabilitarea a 4,23 km de cale de rulare dubl\u0103, modernizarea substa\u021biei de tensiune \u0219i reconstruc\u021bia bulevardului cu totul, inclusiv semaforizare. <\/p>\n\n\n\n<p>Prim\u0103ria Municipiului Bucure\u0219ti a evaluat lucrarea la 154 de milioane de lei, \u00eens\u0103 asocierea de firme condus\u0103 de Mari-Vila Com a licitat o sum\u0103 cu 20 de milioane lei mai mic\u0103 \u0219i a c\u00e2\u0219tigat licita\u021bia pentru c\u0103 principalul criteriu de atribuire a fost <em>\u201epre\u021bul cel mai mic\u201c<\/em>.<\/p>\n\n\n\n<figure class=\"wp-block-image size-large\"><img decoding=\"async\" width=\"900\" height=\"245\" src=\"data:image\/gif;base64,R0lGODlhAQABAAAAACH5BAEKAAEALAAAAAABAAEAAAICTAEAOw==\" data-src=\"https:\/\/buletin.de\/bucuresti\/wp-content\/uploads\/Screen-Shot-2023-10-24-at-11.45.45-AM-900x245.png\" alt=\"\" class=\"wp-image-67246 lazyload\" data-sizes=\"auto\" data-srcset=\"https:\/\/buletin.de\/bucuresti\/wp-content\/uploads\/Screen-Shot-2023-10-24-at-11.45.45-AM-900x245.png 900w, https:\/\/buletin.de\/bucuresti\/wp-content\/uploads\/Screen-Shot-2023-10-24-at-11.45.45-AM-300x82.png 300w, https:\/\/buletin.de\/bucuresti\/wp-content\/uploads\/Screen-Shot-2023-10-24-at-11.45.45-AM-768x209.png 768w, https:\/\/buletin.de\/bucuresti\/wp-content\/uploads\/Screen-Shot-2023-10-24-at-11.45.45-AM-1100x299.png 1100w, https:\/\/buletin.de\/bucuresti\/wp-content\/uploads\/Screen-Shot-2023-10-24-at-11.45.45-AM-600x163.png 600w, https:\/\/buletin.de\/bucuresti\/wp-content\/uploads\/Screen-Shot-2023-10-24-at-11.45.45-AM-20x5.png 20w, https:\/\/buletin.de\/bucuresti\/wp-content\/uploads\/Screen-Shot-2023-10-24-at-11.45.45-AM.png 1359w\" sizes=\"(max-width: 900px) 100vw, 900px\" \/><\/figure>\n\n\n\n<p>Mai mult, un calcul simplu arat\u0103 c\u0103 suma ofertat\u0103 de aceste firme reprezint\u0103 doar 86% din valoarea pe care institu\u021bia a estimat-o. Fondatorul Asocia\u021biei Construim Rom\u00e2nia, Mihai Alexandru Cr\u0103ciun, a declarat pentru Buletin de Bucure\u0219ti c\u0103 societatea Mari-Vila Com a folosit o strategie des utilizat\u0103 \u00een domeniu pentru a c\u00e2\u0219tiga licita\u021bia. Mai exact, au licitat mai pu\u021bin pentru a se asigura c\u0103 primesc contractul, cu riscul de a face un compromis la calitatea lucr\u0103rii. <\/p>\n\n\n\n<p><em>\u201eE o strategie tipic\u0103. De obicei se liciteaz\u0103 la 75-85% din pre\u021bul anun\u021bat de autoritate. Lucr\u0103rile la mai mult de 85% nu c\u00e2\u015ftig\u0103, iar cele sub 75% sunt suspecte, pentru c\u0103 \u00eenseamn\u0103 compromis la calitatea minim\u0103\u201c<\/em>, explic\u0103 Mihai Alexandru Cr\u0103ciun, fondatorul Asocia\u021biei Construim Rom\u00e2nia, pentru Buletin de Bucure\u0219ti. <\/p>\n\n\n\n<p>Pre\u021burile pentru astfel de lucr\u0103ri sunt mai mari \u00een alte \u021b\u0103ri din Europa, inclusiv \u00een \u021b\u0103ri din Europa Central\u0103 \u0219i de Est. De exemplu, o licita\u021bie similar\u0103 din ora\u0219ul Kosice din Slovacia, de la grani\u021ba cu Ungaria, organizat\u0103 \u00een 2018, a avut un pre\u021b mult mai ridicat de 11 milioane de euro per kilometru. <\/p>\n\n\n\n<p><\/p>\n\n\n\n<h2 class=\"wp-block-heading\">Linie reabilitat\u0103 de <strong>compania care \u201ea dat foc\u201c <\/strong>unui tramvai<\/h2>\n\n\n\n<p>Anul trecut, la jum\u0103tatea lunii noiembrie, pe toate televiziunile din Rom\u00e2nia rulau acelea\u0219i imagini de groaz\u0103 cu un tramvai care a luat foc \u00een mers \u00een zona Eroii Revolu\u021biei, pe \u0218oseaua Olteni\u021bei. <\/p>\n\n\n\n<iframe src=\"https:\/\/www.facebook.com\/plugins\/video.php?href=https%3A%2F%2Fwww.facebook.com%2Ffilea.daniel%2Fvideos%2F500567738798056%2F%3Fref%3Dembed_video&#038;show_text=0&#038;width=267\" width=\"267\" height=\"900\" style=\"border:none;overflow:hidden\" scrolling=\"no\" frameborder=\"0\" allowfullscreen=\"true\" allow=\"autoplay; clipboard-write; encrypted-media; picture-in-picture; web-share\" allowFullScreen=\"true\"><\/iframe>\n\n\n\n<p>Incendiul de atunci nu a produs victime din fericire, \u00eens\u0103 a reu\u0219it s\u0103 creeze pagube serioase \u0219i s\u0103 opreasc\u0103 traficul timp de 85 de minute pentru ca pompierii s\u0103 poat\u0103 intervenii \u0219i s\u0103 sting\u0103 fl\u0103c\u0103rile. <\/p>\n\n\n\n<figure class=\"wp-block-gallery has-nested-images columns-default is-cropped wp-block-gallery-1 is-layout-flex wp-block-gallery-is-layout-flex\">\n<figure class=\"wp-block-image size-large\"><img decoding=\"async\" width=\"900\" height=\"600\" data-id=\"67151\" src=\"data:image\/gif;base64,R0lGODlhAQABAAAAACH5BAEKAAEALAAAAAABAAEAAAICTAEAOw==\" data-src=\"https:\/\/buletin.de\/bucuresti\/wp-content\/uploads\/ID207608_INQUAM_Photos_George_Calin-900x600.jpg\" alt=\"\" class=\"wp-image-67151 lazyload\" data-sizes=\"auto\" data-srcset=\"https:\/\/buletin.de\/bucuresti\/wp-content\/uploads\/ID207608_INQUAM_Photos_George_Calin-900x600.jpg 900w, https:\/\/buletin.de\/bucuresti\/wp-content\/uploads\/ID207608_INQUAM_Photos_George_Calin-300x200.jpg 300w, https:\/\/buletin.de\/bucuresti\/wp-content\/uploads\/ID207608_INQUAM_Photos_George_Calin-768x512.jpg 768w, https:\/\/buletin.de\/bucuresti\/wp-content\/uploads\/ID207608_INQUAM_Photos_George_Calin-1536x1024.jpg 1536w, https:\/\/buletin.de\/bucuresti\/wp-content\/uploads\/ID207608_INQUAM_Photos_George_Calin-1600x1066.jpg 1600w, https:\/\/buletin.de\/bucuresti\/wp-content\/uploads\/ID207608_INQUAM_Photos_George_Calin-1100x733.jpg 1100w, https:\/\/buletin.de\/bucuresti\/wp-content\/uploads\/ID207608_INQUAM_Photos_George_Calin-600x400.jpg 600w, https:\/\/buletin.de\/bucuresti\/wp-content\/uploads\/ID207608_INQUAM_Photos_George_Calin-20x13.jpg 20w, https:\/\/buletin.de\/bucuresti\/wp-content\/uploads\/ID207608_INQUAM_Photos_George_Calin.jpg 2000w\" sizes=\"(max-width: 900px) 100vw, 900px\" \/><\/figure>\n\n\n\n<figure class=\"wp-block-image size-large\"><img loading=\"lazy\" decoding=\"async\" width=\"900\" height=\"600\" data-id=\"67148\" src=\"data:image\/gif;base64,R0lGODlhAQABAAAAACH5BAEKAAEALAAAAAABAAEAAAICTAEAOw==\" data-src=\"https:\/\/buletin.de\/bucuresti\/wp-content\/uploads\/ID207603_INQUAM_Photos_George_Calin-900x600.jpg\" alt=\"\" class=\"wp-image-67148 lazyload\" data-sizes=\"auto\" data-srcset=\"https:\/\/buletin.de\/bucuresti\/wp-content\/uploads\/ID207603_INQUAM_Photos_George_Calin-900x600.jpg 900w, https:\/\/buletin.de\/bucuresti\/wp-content\/uploads\/ID207603_INQUAM_Photos_George_Calin-300x200.jpg 300w, https:\/\/buletin.de\/bucuresti\/wp-content\/uploads\/ID207603_INQUAM_Photos_George_Calin-768x512.jpg 768w, https:\/\/buletin.de\/bucuresti\/wp-content\/uploads\/ID207603_INQUAM_Photos_George_Calin-1536x1024.jpg 1536w, https:\/\/buletin.de\/bucuresti\/wp-content\/uploads\/ID207603_INQUAM_Photos_George_Calin-1600x1066.jpg 1600w, https:\/\/buletin.de\/bucuresti\/wp-content\/uploads\/ID207603_INQUAM_Photos_George_Calin-1100x733.jpg 1100w, https:\/\/buletin.de\/bucuresti\/wp-content\/uploads\/ID207603_INQUAM_Photos_George_Calin-600x400.jpg 600w, https:\/\/buletin.de\/bucuresti\/wp-content\/uploads\/ID207603_INQUAM_Photos_George_Calin-20x13.jpg 20w, https:\/\/buletin.de\/bucuresti\/wp-content\/uploads\/ID207603_INQUAM_Photos_George_Calin.jpg 2000w\" sizes=\"(max-width: 900px) 100vw, 900px\" \/><\/figure>\n\n\n\n<figure class=\"wp-block-image size-large\"><img loading=\"lazy\" decoding=\"async\" width=\"900\" height=\"600\" data-id=\"67149\" src=\"data:image\/gif;base64,R0lGODlhAQABAAAAACH5BAEKAAEALAAAAAABAAEAAAICTAEAOw==\" data-src=\"https:\/\/buletin.de\/bucuresti\/wp-content\/uploads\/ID207607_INQUAM_Photos_George_Calin-900x600.jpg\" alt=\"\" class=\"wp-image-67149 lazyload\" data-sizes=\"auto\" data-srcset=\"https:\/\/buletin.de\/bucuresti\/wp-content\/uploads\/ID207607_INQUAM_Photos_George_Calin-900x600.jpg 900w, https:\/\/buletin.de\/bucuresti\/wp-content\/uploads\/ID207607_INQUAM_Photos_George_Calin-300x200.jpg 300w, https:\/\/buletin.de\/bucuresti\/wp-content\/uploads\/ID207607_INQUAM_Photos_George_Calin-768x512.jpg 768w, https:\/\/buletin.de\/bucuresti\/wp-content\/uploads\/ID207607_INQUAM_Photos_George_Calin-1536x1024.jpg 1536w, https:\/\/buletin.de\/bucuresti\/wp-content\/uploads\/ID207607_INQUAM_Photos_George_Calin-1600x1066.jpg 1600w, https:\/\/buletin.de\/bucuresti\/wp-content\/uploads\/ID207607_INQUAM_Photos_George_Calin-1100x733.jpg 1100w, https:\/\/buletin.de\/bucuresti\/wp-content\/uploads\/ID207607_INQUAM_Photos_George_Calin-600x400.jpg 600w, https:\/\/buletin.de\/bucuresti\/wp-content\/uploads\/ID207607_INQUAM_Photos_George_Calin-20x13.jpg 20w, https:\/\/buletin.de\/bucuresti\/wp-content\/uploads\/ID207607_INQUAM_Photos_George_Calin.jpg 2000w\" sizes=\"(max-width: 900px) 100vw, 900px\" \/><\/figure>\n\n\n\n<figure class=\"wp-block-image size-large\"><a href=\"https:\/\/buletin.de\/bucuresti\/wp-content\/uploads\/ID207605_INQUAM_Photos_George_Calin.jpg\"><img loading=\"lazy\" decoding=\"async\" width=\"900\" height=\"600\" data-id=\"67150\" src=\"data:image\/gif;base64,R0lGODlhAQABAAAAACH5BAEKAAEALAAAAAABAAEAAAICTAEAOw==\" data-src=\"https:\/\/buletin.de\/bucuresti\/wp-content\/uploads\/ID207605_INQUAM_Photos_George_Calin-900x600.jpg\" alt=\"\" class=\"wp-image-67150 lazyload\" data-sizes=\"auto\" data-srcset=\"https:\/\/buletin.de\/bucuresti\/wp-content\/uploads\/ID207605_INQUAM_Photos_George_Calin-900x600.jpg 900w, https:\/\/buletin.de\/bucuresti\/wp-content\/uploads\/ID207605_INQUAM_Photos_George_Calin-300x200.jpg 300w, https:\/\/buletin.de\/bucuresti\/wp-content\/uploads\/ID207605_INQUAM_Photos_George_Calin-768x512.jpg 768w, https:\/\/buletin.de\/bucuresti\/wp-content\/uploads\/ID207605_INQUAM_Photos_George_Calin-1536x1024.jpg 1536w, https:\/\/buletin.de\/bucuresti\/wp-content\/uploads\/ID207605_INQUAM_Photos_George_Calin-1600x1066.jpg 1600w, https:\/\/buletin.de\/bucuresti\/wp-content\/uploads\/ID207605_INQUAM_Photos_George_Calin-1100x733.jpg 1100w, https:\/\/buletin.de\/bucuresti\/wp-content\/uploads\/ID207605_INQUAM_Photos_George_Calin-600x400.jpg 600w, https:\/\/buletin.de\/bucuresti\/wp-content\/uploads\/ID207605_INQUAM_Photos_George_Calin-20x13.jpg 20w, https:\/\/buletin.de\/bucuresti\/wp-content\/uploads\/ID207605_INQUAM_Photos_George_Calin.jpg 2000w\" sizes=\"(max-width: 900px) 100vw, 900px\" \/><\/a><\/figure>\n<figcaption class=\"blocks-gallery-caption wp-element-caption\">Un tramvai a luat foc in zona Eroii Revolu\u021biei din Bucure\u0219ti, miercuri 16 noiembrie 2022. Inquam Photos \/ George Calin<\/figcaption><\/figure>\n\n\n\n<p>\u00cen pragul s\u0103rb\u0103torilor de Cr\u0103ciun din 2022, pe 21 decembrie, o comisie tehnic\u0103 din Societatea de Transport Public Bucure\u0219ti a \u00eencheiat un proces verbal \u00een care sunt stabilite cauzele incendiului de la tramvaiul din zona Eroii Revolu\u021biei. <\/p>\n\n\n\n<p>Documentul arat\u0103 c\u0103 \u00een acea dup\u0103-amiaz\u0103 s-a produs un scurtcircuit la instala\u021bia de \u00eenalt\u0103 tensiune de pe acoperi\u0219ul unui tronson al tramvaiului. <\/p>\n\n\n\n<p>Scurtcircuitul a fost produs &#8220;din cauza frec\u0103rii conductorului electric de \u00eenalt\u0103 tensiune de muchia suportului metalic a echipamentului de climatizare&#8221;, montat \u00een 2019 de c\u0103tre firma de construc\u021bii Mari Vila Com \u0219i care, \u00een 2022, la momentul accidentului se afla \u00eenc\u0103 \u00een garan\u021bie. Compania care a c\u00e2\u0219tigat licita\u021bia pentru reabilitarea Liniei 5 de tramvai are \u00een continuare ca obiect principal de activitate declarat la Ministerul de Finan\u021be &#8220;Lucr\u0103ri de construc\u021bii a cl\u0103dirilor reziden\u021biale si nereziden\u021biale.&nbsp;<\/p>\n\n\n<div class=\"wp-block-image\">\n<figure class=\"aligncenter size-full\"><a href=\"https:\/\/buletin.de\/bucuresti\/wp-content\/uploads\/Screen-Shot-2023-10-20-at-9.25.05-AM.png\"><img loading=\"lazy\" decoding=\"async\" width=\"670\" height=\"686\" src=\"data:image\/gif;base64,R0lGODlhAQABAAAAACH5BAEKAAEALAAAAAABAAEAAAICTAEAOw==\" data-src=\"https:\/\/buletin.de\/bucuresti\/wp-content\/uploads\/Screen-Shot-2023-10-20-at-9.25.05-AM.png\" alt=\"\" class=\"wp-image-67042 lazyload\" data-sizes=\"auto\" data-srcset=\"https:\/\/buletin.de\/bucuresti\/wp-content\/uploads\/Screen-Shot-2023-10-20-at-9.25.05-AM.png 670w, https:\/\/buletin.de\/bucuresti\/wp-content\/uploads\/Screen-Shot-2023-10-20-at-9.25.05-AM-293x300.png 293w, https:\/\/buletin.de\/bucuresti\/wp-content\/uploads\/Screen-Shot-2023-10-20-at-9.25.05-AM-600x614.png 600w, https:\/\/buletin.de\/bucuresti\/wp-content\/uploads\/Screen-Shot-2023-10-20-at-9.25.05-AM-20x20.png 20w\" sizes=\"(max-width: 670px) 100vw, 670px\" \/><\/a><figcaption class=\"wp-element-caption\">Cauzele incendiului determinate de analiza Comisiei Tehnice a Societ\u0103\u021bii de Transport Public Bucure\u0219ti SA (STB)<\/figcaption><\/figure>\n<\/div>\n\n\n<p>Tot din acest document reiese \u0219i faptul c\u0103 STB urmeaz\u0103 s\u0103 cear\u0103 firmei Mari Vila Com s\u0103 refac\u0103 elementele metalice cu care a fixat echipamentul de climatizare pentru toate tramvaiele la care \u00een 2019 a montat aparatele de r\u0103cit, dar \u0219i c\u0103 Societatea de Transport va ac\u021biona pe cale legal\u0103 s\u0103 recupereze prejudiciul asupra tramvaiului cauzat de incendiu din noiembrie 2022.<\/p>\n\n\n<div class=\"wp-block-image\">\n<figure class=\"aligncenter size-full\"><a href=\"https:\/\/buletin.de\/bucuresti\/wp-content\/uploads\/Screen-Shot-2023-10-20-at-9.32.06-AM.png\"><img loading=\"lazy\" decoding=\"async\" width=\"526\" height=\"585\" src=\"data:image\/gif;base64,R0lGODlhAQABAAAAACH5BAEKAAEALAAAAAABAAEAAAICTAEAOw==\" data-src=\"https:\/\/buletin.de\/bucuresti\/wp-content\/uploads\/Screen-Shot-2023-10-20-at-9.32.06-AM.png\" alt=\"\" class=\"wp-image-67044 lazyload\" data-sizes=\"auto\" data-srcset=\"https:\/\/buletin.de\/bucuresti\/wp-content\/uploads\/Screen-Shot-2023-10-20-at-9.32.06-AM.png 526w, https:\/\/buletin.de\/bucuresti\/wp-content\/uploads\/Screen-Shot-2023-10-20-at-9.32.06-AM-270x300.png 270w, https:\/\/buletin.de\/bucuresti\/wp-content\/uploads\/Screen-Shot-2023-10-20-at-9.32.06-AM-20x22.png 20w\" sizes=\"(max-width: 526px) 100vw, 526px\" \/><\/a><figcaption class=\"wp-element-caption\">O parte dintre m\u0103surile luate de STB pentru evitarea viitoarelor astfel de incidente \u0219i pentru recuperarea prejudiciului de la tramvaiul care a ars <\/figcaption><\/figure>\n<\/div>\n\n\n<h2 class=\"wp-block-heading\">Un contract prea mare pentru bugetul STB <\/h2>\n\n\n\n<p>Compania Mari-Vila Com a montat aparatur\u0103 de climatizare pe 46 de tramvaie de\u021binute de Societatea de Transport Public Bucure\u0219ti, \u00een baza unui contract semnat \u00een 2018. <\/p>\n\n\n\n<p>Valoarea dep\u0103\u0219ea 3,3 milioane de euro, ceea ce \u00eenseamn\u0103 c\u0103 pentru fiecare tramvai modernizarea a costat peste 72 de mii de euro. <\/p>\n\n\n\n<p>Contractul a fost semnat, de\u0219i STB nu ar fi avut suficien\u021bi bani pentru a pl\u0103ti integral facturile emise de companie. Din acest motiv, \u00een 2021, Mari-Vila Com a cerut \u00een instan\u021b\u0103 acest lucru. <\/p>\n\n\n\n<p>Ini\u021bial, firma a cerut plata sumei de 5.677.668,40 lei, reprezent\u00e2nd contravaloarea facturilor pl\u0103tite par\u0163ial \u0219i a sumei de 3.459.305,18 lei, reprezent\u00e2nd penalit\u0103\u021bi de \u00eent\u00e2rziere aferente acelora\u0219i facturi. Plus 42 de mii de lei cheltuieli de judecat\u0103. <\/p>\n\n\n\n<p>STB a sus\u021binut \u00een fa\u021ba instan\u021bei c\u0103 penalit\u0103\u021bile pe care le cere firma de construc\u021bii nu au temei legal \u0219i c\u0103 nu datoreaz\u0103 nicio sum\u0103 \u00een plus fa\u021b\u0103 facturile t\u0103iate. <\/p>\n\n\n\n<p><em>\u201eAv\u00e2nd \u00een vedere c\u0103 acest contract are ca surs\u0103 de finan\u0163are aloca\u0163ii bugetare de la C.G.M.B., STB SA nu are posibilitatea achit\u0103rii sumei restante din alte fonduri dec\u00e2t prin cele alocate de c\u0103tre ordonatorul de credite &#8211; Prim\u0103ria Municipiului Bucure\u015fti. Pe fondul reducerii substan\u0163iale a bugetului aferent acestei perioade \u015fi din cauza mecanismului greoi care face ca aloc\u0103rile de fonduri s\u0103 fie primite cu \u00eent\u00e2rziere, apar dificult\u0103\u0163i nedorite \u00een plata facturilor\u201c<\/em>, se arat\u0103 \u00een argumetarea f\u0103cut\u0103 de juri\u0219tii STB \u00een fa\u021ba instan\u021bei. <\/p>\n\n\n\n<p>\u00centr-un final, STB a fost obligat\u0103 de instan\u021b\u0103 s\u0103 pl\u0103teasc\u0103 suma de 4.217.122 lei \u0219i penalit\u0103\u021bi de \u00eent\u00e2rziere \u00een cuantum de 1.897.704 lei, dar \u0219i cheltuieli \u00een cuantum de 48.000 lei pentru lucr\u0103rile care au dus la incendierea tramvaiului. La toate acestea se adaug\u0103 concluzia c\u0103 Mari-Vila Com trebuie s\u0103 refac\u0103 toate elementele de prindere a echipamentului de aer condi\u021bionat pentru a evita posibile tragedii. <\/p>\n\n\n\n<p>Reporterii Buletin de Bucure\u0219ti au \u00eencercat s\u0103-l contacteze pe Marin M\u00e2ndril\u0103, patronul Mari-Vila Com, \u00een leg\u0103tur\u0103 cu licita\u021bia pentru reabilitarea Liniei 5 dar \u0219i cu privire incidentul de la Eroii Revolu\u021biei. P\u00e2n\u0103 la ora public\u0103rii articolului, acesta nu a putut fi contactat.<\/p>\n\n\n\n<p><strong>ACTUALIZARE<em>: <\/em><\/strong>Ulterior public\u0103rii articolului, reprezentan\u021bii Mari Vila Com au r\u0103spuns solicit\u0103rii reporterilor Buletin de Bucure\u0219ti. Ace\u0219tia sus\u021bin c\u0103 pre\u021bul mai mic al lucr\u0103rii a fost determinat de faptul c\u0103 muncitorii lor sunt din Bucure\u0219ti \u0219i nu au costuri suplimentare cu ace\u0219tia. <\/p>\n\n\n\n<p>Compania a spus \u0219i c\u0103 toate lucr\u0103rile executate au fost de calitate \u0219i nu au fost neconformit\u0103\u021bi pe perioada de garan\u021bie a niciunei lucr\u0103ri, de\u0219i tramvaiul din zona Eroii Revolu\u021biei a luat foc c\u00e2nd lucr\u0103ile executate de Mari Vila Com erau \u00eenc\u0103 \u00een Garan\u021bie. <\/p>\n\n\n\n<p>Mai mult, reporterii Buletin de Bucure\u0219ti au \u00eentrebat \u0219i despre incendiul cauzat de sistemul de montare al aparatului de aer condi\u021bionat. Mari Vila Com nu a r\u0103spuns la nicio \u00eentrebare pe acest subiect. <\/p>\n\n\n\n<p>Red\u0103m mai jos, integral, r\u0103spunsul primit. <\/p>\n\n\n\n<figure class=\"wp-block-image size-large\"><a href=\"https:\/\/buletin.de\/bucuresti\/wp-content\/uploads\/Screen-Shot-2023-10-25-at-10.45.23-AM.png\"><img loading=\"lazy\" decoding=\"async\" width=\"900\" height=\"445\" src=\"data:image\/gif;base64,R0lGODlhAQABAAAAACH5BAEKAAEALAAAAAABAAEAAAICTAEAOw==\" data-src=\"https:\/\/buletin.de\/bucuresti\/wp-content\/uploads\/Screen-Shot-2023-10-25-at-10.45.23-AM-900x445.png\" alt=\"\" class=\"wp-image-67324 lazyload\" data-sizes=\"auto\" data-srcset=\"https:\/\/buletin.de\/bucuresti\/wp-content\/uploads\/Screen-Shot-2023-10-25-at-10.45.23-AM-900x445.png 900w, https:\/\/buletin.de\/bucuresti\/wp-content\/uploads\/Screen-Shot-2023-10-25-at-10.45.23-AM-300x148.png 300w, https:\/\/buletin.de\/bucuresti\/wp-content\/uploads\/Screen-Shot-2023-10-25-at-10.45.23-AM-768x379.png 768w, https:\/\/buletin.de\/bucuresti\/wp-content\/uploads\/Screen-Shot-2023-10-25-at-10.45.23-AM-1100x543.png 1100w, https:\/\/buletin.de\/bucuresti\/wp-content\/uploads\/Screen-Shot-2023-10-25-at-10.45.23-AM-600x296.png 600w, https:\/\/buletin.de\/bucuresti\/wp-content\/uploads\/Screen-Shot-2023-10-25-at-10.45.23-AM-20x10.png 20w, https:\/\/buletin.de\/bucuresti\/wp-content\/uploads\/Screen-Shot-2023-10-25-at-10.45.23-AM.png 1156w\" sizes=\"(max-width: 900px) 100vw, 900px\" \/><\/a><\/figure>\n","protected":false},"excerpt":{"rendered":"<p>\/\/\/\/UPDATE La scurt timp dup\u0103 publicarea articolului, Marin M\u00e2ndril\u0103, patronul Mari-Vila Com, a revenit cu un punct de vedere \u00een care sus\u021bine c\u0103 firma pe care o conduce a ofertat cu 20 de milioane de lei mai pu\u021bin fa\u021b\u0103 de valoarea estimat\u0103 a lucr\u0103rii pentru c\u0103 produce, \u00een cadrul firmei, aproape 50% din ce-i trebuie [&hellip;]<\/p>\n","protected":false},"author":17,"featured_media":67311,"comment_status":"closed","ping_status":"open","sticky":false,"template":"","format":"standard","meta":{"_acf_changed":false,"inline_featured_image":false,"ngg_post_thumbnail":0,"footnotes":""},"categories":[6994,6213,5762],"tags":[6679,7467,341,4226,7465,7466,7464,7463],"ppma_author":[22576],"class_list":["post-67040","post","type-post","status-publish","format-standard","has-post-thumbnail","hentry","category-stiri-2","category-investigatii","category-main","tag-aer-conditionat","tag-eroii-revolutiei-2","tag-incendiu","tag-linia-5","tag-mari-vila-com","tag-milioane-de-euro","tag-reabilitare-linii-tramvai","tag-tramvai-incendiat"],"acf":[],"yoast_head":"<!-- This site is optimized with the Yoast SEO Premium plugin v25.3 (Yoast SEO v27.4) - https:\/\/yoast.com\/product\/yoast-seo-premium-wordpress\/ -->\n<title>Firma care \u201ea dat foc\u201c tramvaiului de la Eroii Revolu\u021biei reabiliteaz\u0103 Linia 5, cu 6,3 milioane de euro per kilometru - Buletin de Bucure\u0219ti<\/title>\n<meta name=\"robots\" content=\"index, follow, max-snippet:-1, max-image-preview:large, max-video-preview:-1\" \/>\n<link rel=\"canonical\" href=\"https:\/\/buletin.de\/bucuresti\/firma-care-a-dat-foc-tramvaiului-de-la-eroii-revolutiei-reabiliteaza-linia-5-cu-63-milioane-de-euro-per-kilometru\/\" \/>\n<meta property=\"og:locale\" content=\"en_GB\" \/>\n<meta property=\"og:type\" content=\"article\" \/>\n<meta property=\"og:title\" content=\"Firma care \u201ea dat foc\u201c tramvaiului de la Eroii Revolu\u021biei reabiliteaz\u0103 Linia 5, cu 6,3 milioane de euro per kilometru\" \/>\n<meta property=\"og:description\" content=\"\/\/\/\/UPDATE La scurt timp dup\u0103 publicarea articolului, Marin M\u00e2ndril\u0103, patronul Mari-Vila Com, a revenit cu un punct de vedere \u00een care sus\u021bine c\u0103 firma pe care o conduce a ofertat cu 20 de milioane de lei mai pu\u021bin fa\u021b\u0103 de valoarea estimat\u0103 a lucr\u0103rii pentru c\u0103 produce, \u00een cadrul firmei, aproape 50% din ce-i trebuie [&hellip;]\" \/>\n<meta property=\"og:url\" content=\"https:\/\/buletin.de\/bucuresti\/firma-care-a-dat-foc-tramvaiului-de-la-eroii-revolutiei-reabiliteaza-linia-5-cu-63-milioane-de-euro-per-kilometru\/\" \/>\n<meta property=\"og:site_name\" content=\"Buletin de Bucure\u0219ti\" \/>\n<meta property=\"article:publisher\" content=\"https:\/\/www.facebook.com\/buletin.de.buc\" \/>\n<meta property=\"article:published_time\" content=\"2023-10-25T06:45:14+00:00\" \/>\n<meta property=\"article:modified_time\" content=\"2023-10-27T06:03:09+00:00\" \/>\n<meta property=\"og:image\" content=\"https:\/\/buletin.de\/bucuresti\/wp-content\/uploads\/Screenshot-2022-11-16-151440-c-1260x709-1.webp\" \/>\n\t<meta property=\"og:image:width\" content=\"1260\" \/>\n\t<meta property=\"og:image:height\" content=\"709\" \/>\n\t<meta property=\"og:image:type\" content=\"image\/webp\" \/>\n<meta name=\"author\" content=\"Florin R\u00e2\u0219teiu\" \/>\n<meta name=\"twitter:card\" content=\"summary_large_image\" \/>\n<meta name=\"twitter:label1\" content=\"Written by\" \/>\n\t<meta name=\"twitter:data1\" content=\"Florin R\u00e2\u0219teiu\" \/>\n\t<meta name=\"twitter:label2\" content=\"Estimated reading time\" \/>\n\t<meta name=\"twitter:data2\" content=\"10 minutes\" \/>\n<script type=\"application\/ld+json\" class=\"yoast-schema-graph\">{\"@context\":\"https:\\\/\\\/schema.org\",\"@graph\":[{\"@type\":\"Article\",\"@id\":\"https:\\\/\\\/buletin.de\\\/bucuresti\\\/firma-care-a-dat-foc-tramvaiului-de-la-eroii-revolutiei-reabiliteaza-linia-5-cu-63-milioane-de-euro-per-kilometru\\\/#article\",\"isPartOf\":{\"@id\":\"https:\\\/\\\/buletin.de\\\/bucuresti\\\/firma-care-a-dat-foc-tramvaiului-de-la-eroii-revolutiei-reabiliteaza-linia-5-cu-63-milioane-de-euro-per-kilometru\\\/\"},\"author\":{\"name\":\"Florin R\u00e2\u0219teiu\",\"@id\":\"https:\\\/\\\/buletin.de\\\/bucuresti\\\/#\\\/schema\\\/person\\\/b0686d7a8b666c6afc78239777fd8a89\"},\"headline\":\"Firma care \u201ea dat foc\u201c tramvaiului de la Eroii Revolu\u021biei reabiliteaz\u0103 Linia 5, cu 6,3 milioane de euro per kilometru\",\"datePublished\":\"2023-10-25T06:45:14+00:00\",\"dateModified\":\"2023-10-27T06:03:09+00:00\",\"mainEntityOfPage\":{\"@id\":\"https:\\\/\\\/buletin.de\\\/bucuresti\\\/firma-care-a-dat-foc-tramvaiului-de-la-eroii-revolutiei-reabiliteaza-linia-5-cu-63-milioane-de-euro-per-kilometru\\\/\"},\"wordCount\":1974,\"publisher\":{\"@id\":\"https:\\\/\\\/buletin.de\\\/bucuresti\\\/#organization\"},\"image\":{\"@id\":\"https:\\\/\\\/buletin.de\\\/bucuresti\\\/firma-care-a-dat-foc-tramvaiului-de-la-eroii-revolutiei-reabiliteaza-linia-5-cu-63-milioane-de-euro-per-kilometru\\\/#primaryimage\"},\"thumbnailUrl\":\"https:\\\/\\\/buletin.de\\\/bucuresti\\\/wp-content\\\/uploads\\\/Screenshot-2022-11-16-151440-c-1260x709-1.webp\",\"keywords\":[\"Aer condi\u021bionat\",\"Eroii Revolu\u021biei\",\"incendiu\",\"linia 5\",\"Mari Vila Com\",\"milioane de euro\",\"Reabilitare linii tramvai\",\"Tramvai incendiat\"],\"articleSection\":[\"Articole\",\"Investiga\u021bii\",\"Main\"],\"inLanguage\":\"en-GB\",\"copyrightYear\":\"2023\",\"copyrightHolder\":{\"@id\":\"https:\\\/\\\/buletin.de\\\/bucuresti\\\/#organization\"}},{\"@type\":\"WebPage\",\"@id\":\"https:\\\/\\\/buletin.de\\\/bucuresti\\\/firma-care-a-dat-foc-tramvaiului-de-la-eroii-revolutiei-reabiliteaza-linia-5-cu-63-milioane-de-euro-per-kilometru\\\/\",\"url\":\"https:\\\/\\\/buletin.de\\\/bucuresti\\\/firma-care-a-dat-foc-tramvaiului-de-la-eroii-revolutiei-reabiliteaza-linia-5-cu-63-milioane-de-euro-per-kilometru\\\/\",\"name\":\"Firma care \u201ea dat foc\u201c tramvaiului de la Eroii Revolu\u021biei reabiliteaz\u0103 Linia 5, cu 6,3 milioane de euro per kilometru - Buletin de Bucure\u0219ti\",\"isPartOf\":{\"@id\":\"https:\\\/\\\/buletin.de\\\/bucuresti\\\/#website\"},\"primaryImageOfPage\":{\"@id\":\"https:\\\/\\\/buletin.de\\\/bucuresti\\\/firma-care-a-dat-foc-tramvaiului-de-la-eroii-revolutiei-reabiliteaza-linia-5-cu-63-milioane-de-euro-per-kilometru\\\/#primaryimage\"},\"image\":{\"@id\":\"https:\\\/\\\/buletin.de\\\/bucuresti\\\/firma-care-a-dat-foc-tramvaiului-de-la-eroii-revolutiei-reabiliteaza-linia-5-cu-63-milioane-de-euro-per-kilometru\\\/#primaryimage\"},\"thumbnailUrl\":\"https:\\\/\\\/buletin.de\\\/bucuresti\\\/wp-content\\\/uploads\\\/Screenshot-2022-11-16-151440-c-1260x709-1.webp\",\"datePublished\":\"2023-10-25T06:45:14+00:00\",\"dateModified\":\"2023-10-27T06:03:09+00:00\",\"breadcrumb\":{\"@id\":\"https:\\\/\\\/buletin.de\\\/bucuresti\\\/firma-care-a-dat-foc-tramvaiului-de-la-eroii-revolutiei-reabiliteaza-linia-5-cu-63-milioane-de-euro-per-kilometru\\\/#breadcrumb\"},\"inLanguage\":\"en-GB\",\"potentialAction\":[{\"@type\":\"ReadAction\",\"target\":[\"https:\\\/\\\/buletin.de\\\/bucuresti\\\/firma-care-a-dat-foc-tramvaiului-de-la-eroii-revolutiei-reabiliteaza-linia-5-cu-63-milioane-de-euro-per-kilometru\\\/\"]}]},{\"@type\":\"ImageObject\",\"inLanguage\":\"en-GB\",\"@id\":\"https:\\\/\\\/buletin.de\\\/bucuresti\\\/firma-care-a-dat-foc-tramvaiului-de-la-eroii-revolutiei-reabiliteaza-linia-5-cu-63-milioane-de-euro-per-kilometru\\\/#primaryimage\",\"url\":\"https:\\\/\\\/buletin.de\\\/bucuresti\\\/wp-content\\\/uploads\\\/Screenshot-2022-11-16-151440-c-1260x709-1.webp\",\"contentUrl\":\"https:\\\/\\\/buletin.de\\\/bucuresti\\\/wp-content\\\/uploads\\\/Screenshot-2022-11-16-151440-c-1260x709-1.webp\",\"width\":1260,\"height\":709},{\"@type\":\"BreadcrumbList\",\"@id\":\"https:\\\/\\\/buletin.de\\\/bucuresti\\\/firma-care-a-dat-foc-tramvaiului-de-la-eroii-revolutiei-reabiliteaza-linia-5-cu-63-milioane-de-euro-per-kilometru\\\/#breadcrumb\",\"itemListElement\":[{\"@type\":\"ListItem\",\"position\":1,\"name\":\"Acas\u0103\",\"item\":\"https:\\\/\\\/buletin.de\\\/bucuresti\\\/\"},{\"@type\":\"ListItem\",\"position\":2,\"name\":\"Firma care \u201ea dat foc\u201c tramvaiului de la Eroii Revolu\u021biei reabiliteaz\u0103 Linia 5, cu 6,3 milioane de euro per kilometru\"}]},{\"@type\":\"WebSite\",\"@id\":\"https:\\\/\\\/buletin.de\\\/bucuresti\\\/#website\",\"url\":\"https:\\\/\\\/buletin.de\\\/bucuresti\\\/\",\"name\":\"Buletin de Bucure\u0219ti\",\"description\":\"\u0218tiri \u0219i investiga\u021bii esen\u021biale din capital\u0103\",\"publisher\":{\"@id\":\"https:\\\/\\\/buletin.de\\\/bucuresti\\\/#organization\"},\"potentialAction\":[{\"@type\":\"SearchAction\",\"target\":{\"@type\":\"EntryPoint\",\"urlTemplate\":\"https:\\\/\\\/buletin.de\\\/bucuresti\\\/?s={search_term_string}\"},\"query-input\":{\"@type\":\"PropertyValueSpecification\",\"valueRequired\":true,\"valueName\":\"search_term_string\"}}],\"inLanguage\":\"en-GB\"},{\"@type\":\"Organization\",\"@id\":\"https:\\\/\\\/buletin.de\\\/bucuresti\\\/#organization\",\"name\":\"Buletin de Bucure\u0219ti\",\"url\":\"https:\\\/\\\/buletin.de\\\/bucuresti\\\/\",\"logo\":{\"@type\":\"ImageObject\",\"inLanguage\":\"en-GB\",\"@id\":\"https:\\\/\\\/buletin.de\\\/bucuresti\\\/#\\\/schema\\\/logo\\\/image\\\/\",\"url\":\"https:\\\/\\\/buletin.de\\\/bucuresti\\\/wp-content\\\/uploads\\\/logo-bdb-full-wide-vernil-transparent.png\",\"contentUrl\":\"https:\\\/\\\/buletin.de\\\/bucuresti\\\/wp-content\\\/uploads\\\/logo-bdb-full-wide-vernil-transparent.png\",\"width\":1782,\"height\":626,\"caption\":\"Buletin de Bucure\u0219ti\"},\"image\":{\"@id\":\"https:\\\/\\\/buletin.de\\\/bucuresti\\\/#\\\/schema\\\/logo\\\/image\\\/\"},\"sameAs\":[\"https:\\\/\\\/www.facebook.com\\\/buletin.de.buc\",\"https:\\\/\\\/www.instagram.com\\\/buletinde.bucuresti\\\/\"]},{\"@type\":\"Person\",\"@id\":\"https:\\\/\\\/buletin.de\\\/bucuresti\\\/#\\\/schema\\\/person\\\/b0686d7a8b666c6afc78239777fd8a89\",\"name\":\"Florin R\u00e2\u0219teiu\",\"image\":{\"@type\":\"ImageObject\",\"inLanguage\":\"en-GB\",\"@id\":\"https:\\\/\\\/buletin.de\\\/bucuresti\\\/wp-content\\\/uploads\\\/Florin-Rasteiu-96x96.jpgf0a6fe28453aa12f0a60e4d0a2e3a78c\",\"url\":\"https:\\\/\\\/buletin.de\\\/bucuresti\\\/wp-content\\\/uploads\\\/Florin-Rasteiu-96x96.jpg\",\"contentUrl\":\"https:\\\/\\\/buletin.de\\\/bucuresti\\\/wp-content\\\/uploads\\\/Florin-Rasteiu-96x96.jpg\",\"caption\":\"Florin R\u00e2\u0219teiu\"},\"description\":\"Jurnalist de investiga\u021bie. Lucreaz\u0103 de aproape 6 ani la Buletin de Bucure\u0219ti, unde a publicat articole care scot la suprafa\u021b\u0103 corup\u021bia din Capital\u0103. Analizeaz\u0103 baze de date zilnic \u0219i scoate pove\u0219ti din exceluri pline de cifre. Pune reflectorul pe adev\u0103r cu fiecare ocazie. A c\u00e2\u0219tigat premiul I la categoria Pres\u0103 Local\u0103 \u00een 2025 \u0219i locul al II-lea la aceea\u0219i categorie \u00een 2024 \u00een cadrul Premiilor Superscrieri pentru jurnalism independent.\",\"url\":\"https:\\\/\\\/buletin.de\\\/bucuresti\\\/author\\\/florinrasteiu\\\/\"}]}<\/script>\n<!-- \/ Yoast SEO Premium plugin. -->","yoast_head_json":{"title":"Firma care \u201ea dat foc\u201c tramvaiului de la Eroii Revolu\u021biei reabiliteaz\u0103 Linia 5, cu 6,3 milioane de euro per kilometru - Buletin de Bucure\u0219ti","robots":{"index":"index","follow":"follow","max-snippet":"max-snippet:-1","max-image-preview":"max-image-preview:large","max-video-preview":"max-video-preview:-1"},"canonical":"https:\/\/buletin.de\/bucuresti\/firma-care-a-dat-foc-tramvaiului-de-la-eroii-revolutiei-reabiliteaza-linia-5-cu-63-milioane-de-euro-per-kilometru\/","og_locale":"en_GB","og_type":"article","og_title":"Firma care \u201ea dat foc\u201c tramvaiului de la Eroii Revolu\u021biei reabiliteaz\u0103 Linia 5, cu 6,3 milioane de euro per kilometru","og_description":"\/\/\/\/UPDATE La scurt timp dup\u0103 publicarea articolului, Marin M\u00e2ndril\u0103, patronul Mari-Vila Com, a revenit cu un punct de vedere \u00een care sus\u021bine c\u0103 firma pe care o conduce a ofertat cu 20 de milioane de lei mai pu\u021bin fa\u021b\u0103 de valoarea estimat\u0103 a lucr\u0103rii pentru c\u0103 produce, \u00een cadrul firmei, aproape 50% din ce-i trebuie [&hellip;]","og_url":"https:\/\/buletin.de\/bucuresti\/firma-care-a-dat-foc-tramvaiului-de-la-eroii-revolutiei-reabiliteaza-linia-5-cu-63-milioane-de-euro-per-kilometru\/","og_site_name":"Buletin de Bucure\u0219ti","article_publisher":"https:\/\/www.facebook.com\/buletin.de.buc","article_published_time":"2023-10-25T06:45:14+00:00","article_modified_time":"2023-10-27T06:03:09+00:00","og_image":[{"width":1260,"height":709,"url":"https:\/\/buletin.de\/bucuresti\/wp-content\/uploads\/Screenshot-2022-11-16-151440-c-1260x709-1.webp","type":"image\/webp"}],"author":"Florin R\u00e2\u0219teiu","twitter_card":"summary_large_image","twitter_misc":{"Written by":"Florin R\u00e2\u0219teiu","Estimated reading time":"10 minutes"},"schema":{"@context":"https:\/\/schema.org","@graph":[{"@type":"Article","@id":"https:\/\/buletin.de\/bucuresti\/firma-care-a-dat-foc-tramvaiului-de-la-eroii-revolutiei-reabiliteaza-linia-5-cu-63-milioane-de-euro-per-kilometru\/#article","isPartOf":{"@id":"https:\/\/buletin.de\/bucuresti\/firma-care-a-dat-foc-tramvaiului-de-la-eroii-revolutiei-reabiliteaza-linia-5-cu-63-milioane-de-euro-per-kilometru\/"},"author":{"name":"Florin R\u00e2\u0219teiu","@id":"https:\/\/buletin.de\/bucuresti\/#\/schema\/person\/b0686d7a8b666c6afc78239777fd8a89"},"headline":"Firma care \u201ea dat foc\u201c tramvaiului de la Eroii Revolu\u021biei reabiliteaz\u0103 Linia 5, cu 6,3 milioane de euro per kilometru","datePublished":"2023-10-25T06:45:14+00:00","dateModified":"2023-10-27T06:03:09+00:00","mainEntityOfPage":{"@id":"https:\/\/buletin.de\/bucuresti\/firma-care-a-dat-foc-tramvaiului-de-la-eroii-revolutiei-reabiliteaza-linia-5-cu-63-milioane-de-euro-per-kilometru\/"},"wordCount":1974,"publisher":{"@id":"https:\/\/buletin.de\/bucuresti\/#organization"},"image":{"@id":"https:\/\/buletin.de\/bucuresti\/firma-care-a-dat-foc-tramvaiului-de-la-eroii-revolutiei-reabiliteaza-linia-5-cu-63-milioane-de-euro-per-kilometru\/#primaryimage"},"thumbnailUrl":"https:\/\/buletin.de\/bucuresti\/wp-content\/uploads\/Screenshot-2022-11-16-151440-c-1260x709-1.webp","keywords":["Aer condi\u021bionat","Eroii Revolu\u021biei","incendiu","linia 5","Mari Vila Com","milioane de euro","Reabilitare linii tramvai","Tramvai incendiat"],"articleSection":["Articole","Investiga\u021bii","Main"],"inLanguage":"en-GB","copyrightYear":"2023","copyrightHolder":{"@id":"https:\/\/buletin.de\/bucuresti\/#organization"}},{"@type":"WebPage","@id":"https:\/\/buletin.de\/bucuresti\/firma-care-a-dat-foc-tramvaiului-de-la-eroii-revolutiei-reabiliteaza-linia-5-cu-63-milioane-de-euro-per-kilometru\/","url":"https:\/\/buletin.de\/bucuresti\/firma-care-a-dat-foc-tramvaiului-de-la-eroii-revolutiei-reabiliteaza-linia-5-cu-63-milioane-de-euro-per-kilometru\/","name":"Firma care \u201ea dat foc\u201c tramvaiului de la Eroii Revolu\u021biei reabiliteaz\u0103 Linia 5, cu 6,3 milioane de euro per kilometru - Buletin de Bucure\u0219ti","isPartOf":{"@id":"https:\/\/buletin.de\/bucuresti\/#website"},"primaryImageOfPage":{"@id":"https:\/\/buletin.de\/bucuresti\/firma-care-a-dat-foc-tramvaiului-de-la-eroii-revolutiei-reabiliteaza-linia-5-cu-63-milioane-de-euro-per-kilometru\/#primaryimage"},"image":{"@id":"https:\/\/buletin.de\/bucuresti\/firma-care-a-dat-foc-tramvaiului-de-la-eroii-revolutiei-reabiliteaza-linia-5-cu-63-milioane-de-euro-per-kilometru\/#primaryimage"},"thumbnailUrl":"https:\/\/buletin.de\/bucuresti\/wp-content\/uploads\/Screenshot-2022-11-16-151440-c-1260x709-1.webp","datePublished":"2023-10-25T06:45:14+00:00","dateModified":"2023-10-27T06:03:09+00:00","breadcrumb":{"@id":"https:\/\/buletin.de\/bucuresti\/firma-care-a-dat-foc-tramvaiului-de-la-eroii-revolutiei-reabiliteaza-linia-5-cu-63-milioane-de-euro-per-kilometru\/#breadcrumb"},"inLanguage":"en-GB","potentialAction":[{"@type":"ReadAction","target":["https:\/\/buletin.de\/bucuresti\/firma-care-a-dat-foc-tramvaiului-de-la-eroii-revolutiei-reabiliteaza-linia-5-cu-63-milioane-de-euro-per-kilometru\/"]}]},{"@type":"ImageObject","inLanguage":"en-GB","@id":"https:\/\/buletin.de\/bucuresti\/firma-care-a-dat-foc-tramvaiului-de-la-eroii-revolutiei-reabiliteaza-linia-5-cu-63-milioane-de-euro-per-kilometru\/#primaryimage","url":"https:\/\/buletin.de\/bucuresti\/wp-content\/uploads\/Screenshot-2022-11-16-151440-c-1260x709-1.webp","contentUrl":"https:\/\/buletin.de\/bucuresti\/wp-content\/uploads\/Screenshot-2022-11-16-151440-c-1260x709-1.webp","width":1260,"height":709},{"@type":"BreadcrumbList","@id":"https:\/\/buletin.de\/bucuresti\/firma-care-a-dat-foc-tramvaiului-de-la-eroii-revolutiei-reabiliteaza-linia-5-cu-63-milioane-de-euro-per-kilometru\/#breadcrumb","itemListElement":[{"@type":"ListItem","position":1,"name":"Acas\u0103","item":"https:\/\/buletin.de\/bucuresti\/"},{"@type":"ListItem","position":2,"name":"Firma care \u201ea dat foc\u201c tramvaiului de la Eroii Revolu\u021biei reabiliteaz\u0103 Linia 5, cu 6,3 milioane de euro per kilometru"}]},{"@type":"WebSite","@id":"https:\/\/buletin.de\/bucuresti\/#website","url":"https:\/\/buletin.de\/bucuresti\/","name":"Buletin de Bucure\u0219ti","description":"\u0218tiri \u0219i investiga\u021bii esen\u021biale din capital\u0103","publisher":{"@id":"https:\/\/buletin.de\/bucuresti\/#organization"},"potentialAction":[{"@type":"SearchAction","target":{"@type":"EntryPoint","urlTemplate":"https:\/\/buletin.de\/bucuresti\/?s={search_term_string}"},"query-input":{"@type":"PropertyValueSpecification","valueRequired":true,"valueName":"search_term_string"}}],"inLanguage":"en-GB"},{"@type":"Organization","@id":"https:\/\/buletin.de\/bucuresti\/#organization","name":"Buletin de Bucure\u0219ti","url":"https:\/\/buletin.de\/bucuresti\/","logo":{"@type":"ImageObject","inLanguage":"en-GB","@id":"https:\/\/buletin.de\/bucuresti\/#\/schema\/logo\/image\/","url":"https:\/\/buletin.de\/bucuresti\/wp-content\/uploads\/logo-bdb-full-wide-vernil-transparent.png","contentUrl":"https:\/\/buletin.de\/bucuresti\/wp-content\/uploads\/logo-bdb-full-wide-vernil-transparent.png","width":1782,"height":626,"caption":"Buletin de Bucure\u0219ti"},"image":{"@id":"https:\/\/buletin.de\/bucuresti\/#\/schema\/logo\/image\/"},"sameAs":["https:\/\/www.facebook.com\/buletin.de.buc","https:\/\/www.instagram.com\/buletinde.bucuresti\/"]},{"@type":"Person","@id":"https:\/\/buletin.de\/bucuresti\/#\/schema\/person\/b0686d7a8b666c6afc78239777fd8a89","name":"Florin R\u00e2\u0219teiu","image":{"@type":"ImageObject","inLanguage":"en-GB","@id":"https:\/\/buletin.de\/bucuresti\/wp-content\/uploads\/Florin-Rasteiu-96x96.jpgf0a6fe28453aa12f0a60e4d0a2e3a78c","url":"https:\/\/buletin.de\/bucuresti\/wp-content\/uploads\/Florin-Rasteiu-96x96.jpg","contentUrl":"https:\/\/buletin.de\/bucuresti\/wp-content\/uploads\/Florin-Rasteiu-96x96.jpg","caption":"Florin R\u00e2\u0219teiu"},"description":"Jurnalist de investiga\u021bie. Lucreaz\u0103 de aproape 6 ani la Buletin de Bucure\u0219ti, unde a publicat articole care scot la suprafa\u021b\u0103 corup\u021bia din Capital\u0103. Analizeaz\u0103 baze de date zilnic \u0219i scoate pove\u0219ti din exceluri pline de cifre. Pune reflectorul pe adev\u0103r cu fiecare ocazie. A c\u00e2\u0219tigat premiul I la categoria Pres\u0103 Local\u0103 \u00een 2025 \u0219i locul al II-lea la aceea\u0219i categorie \u00een 2024 \u00een cadrul Premiilor Superscrieri pentru jurnalism independent.","url":"https:\/\/buletin.de\/bucuresti\/author\/florinrasteiu\/"}]}},"authors":[{"term_id":22576,"user_id":17,"is_guest":0,"slug":"florinrasteiu","display_name":"Florin R\u00e2\u0219teiu","avatar_url":"https:\/\/buletin.de\/bucuresti\/wp-content\/uploads\/Florin-Rasteiu-96x96.jpg","0":null,"1":"","2":"","3":"","4":"","5":"","6":"","7":"","8":""}],"_links":{"self":[{"href":"https:\/\/buletin.de\/bucuresti\/wp-json\/wp\/v2\/posts\/67040","targetHints":{"allow":["GET"]}}],"collection":[{"href":"https:\/\/buletin.de\/bucuresti\/wp-json\/wp\/v2\/posts"}],"about":[{"href":"https:\/\/buletin.de\/bucuresti\/wp-json\/wp\/v2\/types\/post"}],"author":[{"embeddable":true,"href":"https:\/\/buletin.de\/bucuresti\/wp-json\/wp\/v2\/users\/17"}],"replies":[{"embeddable":true,"href":"https:\/\/buletin.de\/bucuresti\/wp-json\/wp\/v2\/comments?post=67040"}],"version-history":[{"count":18,"href":"https:\/\/buletin.de\/bucuresti\/wp-json\/wp\/v2\/posts\/67040\/revisions"}],"predecessor-version":[{"id":67387,"href":"https:\/\/buletin.de\/bucuresti\/wp-json\/wp\/v2\/posts\/67040\/revisions\/67387"}],"wp:featuredmedia":[{"embeddable":true,"href":"https:\/\/buletin.de\/bucuresti\/wp-json\/wp\/v2\/media\/67311"}],"wp:attachment":[{"href":"https:\/\/buletin.de\/bucuresti\/wp-json\/wp\/v2\/media?parent=67040"}],"wp:term":[{"taxonomy":"category","embeddable":true,"href":"https:\/\/buletin.de\/bucuresti\/wp-json\/wp\/v2\/categories?post=67040"},{"taxonomy":"post_tag","embeddable":true,"href":"https:\/\/buletin.de\/bucuresti\/wp-json\/wp\/v2\/tags?post=67040"},{"taxonomy":"author","embeddable":true,"href":"https:\/\/buletin.de\/bucuresti\/wp-json\/wp\/v2\/ppma_author?post=67040"}],"curies":[{"name":"wp","href":"https:\/\/api.w.org\/{rel}","templated":true}]}}