{"id":67027,"date":"2023-10-20T06:36:25","date_gmt":"2023-10-20T04:36:25","guid":{"rendered":"https:\/\/buletin.de\/bucuresti\/?p=67027"},"modified":"2023-10-21T06:49:34","modified_gmt":"2023-10-21T04:49:34","slug":"infractor-sau-bolnav-cum-arata-chestionarele-privind-masurile-antidrog-care-vizeaza-introducerea-testarilor-in-scolile-din-capitala","status":"publish","type":"post","link":"https:\/\/buletin.de\/bucuresti\/infractor-sau-bolnav-cum-arata-chestionarele-privind-masurile-antidrog-care-vizeaza-introducerea-testarilor-in-scolile-din-capitala\/","title":{"rendered":"\u201eInfractor sau bolnav?\u201d | Cum arat\u0103 chestionarele privind m\u0103surile \u201eantidrog\u201d care vizeaz\u0103 introducerea test\u0103rilor \u00een \u0219colile din Capital\u0103"},"content":{"rendered":"\n<p><strong>Buletin de Bucure\u0219ti a ob\u021binut un draft al celor dou\u0103 versiuni de chestionar aflate \u00een lucru la nivelul Prefecturii Capitalei, privind consumul de droguri \u00een unit\u0103\u021bile de \u00eenv\u0103\u021b\u0103m\u00e2nt: cea destinat\u0103 p\u0103rin\u021bilor, respectiv cea pentru elevii majori. Chestionarele urmeaz\u0103 s\u0103 fie distribuite \u00eencep\u00e2nd cu 23 octombrie, ini\u021bial pe grupurile de WhatsApp ale p\u0103rin\u021bilor, iar ulterior \u00eentr-o form\u0103 printat\u0103, conform Prefectului Capitalei, Rare\u0219 Hopinc\u0103. Acestea cuprind 19 puncte, iar majoritatea vizeaz\u0103 introducerea test\u0103rii de droguri \u00een \u0219coli. O singur\u0103 \u00eentrebare este despre includerea educa\u021biei antidrog \u00een programa \u0219colar\u0103.<\/strong><\/p>\n\n\n\n<p>Ambele variante ale chestionarului includ acelea\u0219i seturi de \u00eentreb\u0103ri, formulate diferit \u00een func\u021bie de respondent:&nbsp;<\/p>\n\n\n\n<p><em>\u201eCum considera\u021bi c\u0103 este nivelul consumului de droguri \u00een \u0219coala \u00een care \u00eenv\u0103\u021ba\u021bi dvs., \u00een compara\u021bie cu alte \u0219coli din Bucure\u0219ti?\u201d<\/em> &#8211; exemplu de \u00eentrebare cuprins\u0103 \u00een chestionarul pentru elevi.<\/p>\n\n\n\n<p><em>\u201eCum considera\u021bi c\u0103 este nivelul consumului de droguri din \u0219coala \u00een care \u00eenva\u021b\u0103 copilul dvs., \u00een compara\u021bie cu alte \u0219coli din Bucure\u0219ti?\u201d<\/em> &#8211; exemplu de \u00eentrebare din chestionarul pentru p\u0103rin\u021bi.<\/p>\n\n\n<div class=\"wp-block-image\">\n<figure class=\"aligncenter size-large\"><img fetchpriority=\"high\" decoding=\"async\" width=\"647\" height=\"900\" src=\"data:image\/gif;base64,R0lGODlhAQABAAAAACH5BAEKAAEALAAAAAABAAEAAAICTAEAOw==\" data-src=\"https:\/\/buletin.de\/bucuresti\/wp-content\/uploads\/chestionar-1-647x900.png\" alt=\"\" class=\"wp-image-67028 lazyload\" data-sizes=\"auto\" data-srcset=\"https:\/\/buletin.de\/bucuresti\/wp-content\/uploads\/chestionar-1-647x900.png 647w, https:\/\/buletin.de\/bucuresti\/wp-content\/uploads\/chestionar-1-216x300.png 216w, https:\/\/buletin.de\/bucuresti\/wp-content\/uploads\/chestionar-1-600x835.png 600w, https:\/\/buletin.de\/bucuresti\/wp-content\/uploads\/chestionar-1-20x28.png 20w, https:\/\/buletin.de\/bucuresti\/wp-content\/uploads\/chestionar-1.png 760w\" sizes=\"(max-width: 647px) 100vw, 647px\" \/><\/figure>\n<\/div>\n\n\n<p>Chestionarul este structurat astfel: opt puncte despre testarea de droguri \u00een unit\u0103\u021bile de \u00eenv\u0103\u021b\u0103m\u00e2nt, un punct legat de posibilitatea introducerii unor analize de s\u00e2nge, un punct privind educa\u021bia antidrog, patru puncte privind percep\u021bia responden\u021bilor asupra consumului de droguri, respectiv cinci \u00eentreb\u0103ri care vizeaz\u0103 indici demografici.<\/p>\n\n\n<div class=\"wp-block-image\">\n<figure class=\"aligncenter size-large\"><img decoding=\"async\" width=\"651\" height=\"900\" src=\"data:image\/gif;base64,R0lGODlhAQABAAAAACH5BAEKAAEALAAAAAABAAEAAAICTAEAOw==\" data-src=\"https:\/\/buletin.de\/bucuresti\/wp-content\/uploads\/chestionar-2-651x900.png\" alt=\"\" class=\"wp-image-67029 lazyload\" data-sizes=\"auto\" data-srcset=\"https:\/\/buletin.de\/bucuresti\/wp-content\/uploads\/chestionar-2-651x900.png 651w, https:\/\/buletin.de\/bucuresti\/wp-content\/uploads\/chestionar-2-217x300.png 217w, https:\/\/buletin.de\/bucuresti\/wp-content\/uploads\/chestionar-2-768x1062.png 768w, https:\/\/buletin.de\/bucuresti\/wp-content\/uploads\/chestionar-2-600x830.png 600w, https:\/\/buletin.de\/bucuresti\/wp-content\/uploads\/chestionar-2-20x28.png 20w, https:\/\/buletin.de\/bucuresti\/wp-content\/uploads\/chestionar-2.png 775w\" sizes=\"(max-width: 651px) 100vw, 651px\" \/><\/figure>\n<\/div>\n\n\n<p>Consultarea \u00eencepe cu o serie de \u00eentreb\u0103ri introductive, pentru a afla dac\u0103 responden\u021bii au mai auzit despre posibilitatea introducerii test\u0103rii de droguri \u00een \u0219coli sau care este opinia acestora privind consumul de droguri \u00een unitatea \u0219colar\u0103 \u00een care \u00eenva\u021b\u0103 copilul lor\/ ei \u00een\u0219i\u0219i.<\/p>\n\n\n\n<h2 class=\"wp-block-heading\"><strong>\u201eAcord sau dezacord?\u201d<\/strong><\/h2>\n\n\n\n<p>De\u0219i \u00een spa\u021biul public s-a lansat ideea potrivit c\u0103reia testarea se va face doar \u00een prezen\u021ba sau cu acordul \u00een prealabil al p\u0103rin\u021bilor, una dintre \u00eentreb\u0103rile prezente \u00een chestionarul pentru p\u0103rin\u021bi sun\u0103 astfel: <em>\u201eCrede\u021bi c\u0103, \u00een cazul \u00een care un elev este selectat pentru testare,<\/em><strong><em> elevul, sau p\u0103rin\u021bii s\u0103i, ar trebui s\u0103 aib\u0103 dreptul de a refuza testarea?<\/em><\/strong><em>\u201d.<\/em><\/p>\n\n\n\n<p>\u00cen schimb, \u00een cel destinat elevilor, responden\u021bii sunt \u00eentreba\u021bi dac\u0103 doar ace\u0219tia ar trebui s\u0103 aib\u0103 posibilitatea de a refuza testarea: <em>\u201eCrede\u021bi c\u0103, \u00een cazul \u00een care un elev este selectat pentru testare, elevul ar trebui s\u0103 aib\u0103 dreptul de a refuza testarea?\u201d.<\/em><\/p>\n\n\n\n<p>Selec\u021bia elevilor ar urma s\u0103 fie realizat\u0103 de c\u0103tre profesori, potrivit punctului cinci, care descrie condi\u021biile \u00een care ar fi testa\u021bi elevii: la cererea unui cadru didactic, \u00een interiorul unit\u0103\u021bii de \u00eenv\u0103\u021b\u0103m\u00e2nt, folosindu-se teste antidrog similare cu cele utilizate de Poli\u021bia Rom\u00e2n\u0103. Punctul&nbsp; reitereaz\u0103 necesitatea existen\u021bei unui acord din partea p\u0103rin\u021bilor, \u00eentreb\u00e2nd responden\u021bii ce p\u0103rere au despre implementarea unui astfel de program \u00een \u0219coli.<\/p>\n\n\n<div class=\"wp-block-image\">\n<figure class=\"aligncenter\"><img decoding=\"async\" src=\"data:image\/gif;base64,R0lGODlhAQABAAAAACH5BAEKAAEALAAAAAABAAEAAAICTAEAOw==\" data-src=\"https:\/\/lh7-us.googleusercontent.com\/2v61791ZzVhvvgVw3uF1JPvoYQjTr8Cl3Cs-xDlFBkV6WDtuVP00xXlTuw-S9X6vnFku8lLLBxfqPjSuHb0I26rdRKuC2oRNt1JAmo-5TN2_rFFwvpR3Q1_TgScN36uY-8QXjvyWAtQgl9RGEIso_-U\" class=\"lazyload\" alt=\"\"\/><\/figure>\n<\/div>\n\n\n<h2 class=\"wp-block-heading\"><strong>\u201eInfractor sau bolnav?\u201d\u00a0<\/strong><\/h2>\n\n\n\n<p>O alt\u0103 \u00eentrebare se refer\u0103 la percep\u021bia p\u0103rin\u021bilor (\u0219i a elevilor majori) asupra persoanelor dependente de droguri \u0219i cum sunt v\u0103zute acestea \u00een societate, cele trei variante de r\u0103spuns fiind: ca infractori, ca persoane bolnave sau ambele (plus op\u021biunea Nu \u0219tiu\/ Nu r\u0103spund).<\/p>\n\n\n\n<p>\u201e<em>Crede\u021bi c\u0103 rezultatele testelor pot sa fie \u015fi FALS POZITIVE?<\/em>\u201d, este o alt\u0103 \u00eentrebare inclus\u0103 \u00een chestionare.&nbsp;<\/p>\n\n\n\n<p>Asta \u00een contextul \u00een care, \u00een urma discu\u021biilor ap\u0103rute \u00een spa\u021biul public, <a href=\"https:\/\/e-psihiatrie.ro\/comunicat-arpp-privind-problematica-drogurilor\/\">Asocia\u021bia Rom\u00e2n\u0103 de Psihiatrie \u0219i Psihoterapie (ARPP) a tras un semnal de alarm\u0103 privind acurate\u021bea testelor.<\/a><\/p>\n\n\n\n<p>O alt\u0103 \u00eentrebare vizeaz\u0103 domiciliul p\u0103rin\u021bilor \u0219i elevilor: \u201eEste vreo persoan\u0103 din gospod\u0103ria dvs. care \u00een momentul de fa\u021b\u0103 s\u0103 fie plecat\u0103 \u00een str\u0103in\u0103tate, pentru o perioad\u0103 mai lung\u0103 de timp (minim 3 luni de zile), \u00een afar\u0103 de c\u0103l\u0103torii de turism, pelerinaj sau \u00eengrijirea s\u0103n\u0103t\u0103\u021bii?\u201d.<\/p>\n\n\n\n<p>Chestionarele \u00eemp\u0103r\u021bite \u00een \u0219colile \u0219i liceele din Capital\u0103, \u00eencep\u00e2nd cu luni, 23 octombrie, sunt nenominale \u0219i, potrivit Prefecturii, \u201ctoate r\u0103spunsurile sunt strict confiden\u021biale\u201d.<\/p>\n\n\n\n<p>Contactat de Buletin de Bucure\u0219ti, prefectul Rare\u0219 Hopinc\u0103 a explicat c\u0103 cele dou\u0103 liste cu \u00eentreb\u0103ri nu reprezint\u0103 variantele finale care vor distribuite.<\/p>\n\n\n\n<p>\u201c<em>\u00cen prim\u0103 instan\u021b\u0103 chestionarele vor fi diseminate on-line, cu sprijinul profesorilor, pe grupurile de WhatsApp ale p\u0103rin\u0163ilor. Ulterior va exista \u015fi o variant\u0103 printat\u0103, pentru a acoperi toate zonele<\/em>\u201d, a explicat pentru Buletin de Bucure\u015fti, prefectul Capitalei, Rare\u015f Hopinc\u0103.<\/p>\n\n\n\n<h2 class=\"wp-block-heading\">\u201cChestiunea\u201d chestionarului<\/h2>\n\n\n\n<p>Consumul de droguri \u00een r\u00e2ndul tinerilor a revenit \u00een sfera dezbaterii publice odat\u0103 cu accidentul de la 2 Mai, care a avut loc \u00een luna august a acestui an.&nbsp;<\/p>\n\n\n\n<p>\u00cenc\u0103 de atunci, institu\u021biile anun\u021b\u0103 implementarea m\u0103surilor antidrog. De\u0219i menit\u0103 s\u0103 combat\u0103 consumul de droguri al elevilor, testarea \u00een \u0219coli ar putea fi ineficient\u0103, conform opiniilor \u00eenaintate de Comitetul Problemelor de Etic\u0103 \u0219i Standarde Profesionale.&nbsp;<\/p>\n\n\n\n<p>Lipsa unor dovezi \u0219tiin\u021bifice care s\u0103 ateste eficacitatea acestei m\u0103suri este eviden\u021biat\u0103 \u0219i \u00eentr-un studiu al Observatorului European pentru Droguri \u0219i Toxicomanie, publicat \u00een anul 2017. Concluzia studiului a fost c\u0103 testarea de consum de droguri nu are un efect cert, \u00een unele cazuri av\u00e2nd chiar un rezultat contrar: cre\u0219terea consumului propriu-zis \u0219i a riscurilor asociate.&nbsp;<\/p>\n\n\n\n<p>Tot anul acesta, cu c\u00e2teva luni \u00eenaintea tragediei de la 2 Mai, elevi \u0219i studen\u021bi din Capital\u0103 au fost cerceta\u021bi \u00een cadrul unui dosar de comercializare a drogurilor \u00een institu\u021biile de \u00eenv\u0103\u021b\u0103m\u00e2nt, cunoscut sub numele de \u201eOpera\u021biunea Medusa \u201d.&nbsp;<\/p>\n\n\n\n<p>\u00cenainte de acest incident, problema consumului de droguri \u00een r\u00e2ndul elevilor pare s\u0103 nu fi existat pentru autorit\u0103\u021bi, Inspectoratul \u0218colar din Bucure\u0219ti declar\u00e2nd, la acel moment, c\u0103 a aflat de destructurarea re\u021belei din pres\u0103, deoarece nu au existat sesiz\u0103ri privind traficul de droguri \u00een liceele din Capital\u0103.<\/p>\n\n\n\n<p>\u00cen Capital\u0103, aproximativ 150.000 de elevi sunt \u00eenscri\u0219i \u00een \u00eenv\u0103\u021b\u0103m\u00e2ntul gimnazial \u0219i liceal, dintre care circa 15.000 sunt majori, conform estim\u0103rilor institu\u021biei.\u00a0<\/p>\n\n\n\n<p>Autor: Andreea Tudor<\/p>\n\n\n\n<figure class=\"wp-block-embed is-type-wp-embed is-provider-buletin-de-bucure\u0219ti wp-block-embed-buletin-de-bucure\u0219ti\"><div class=\"wp-block-embed__wrapper\">\n<blockquote class=\"wp-embedded-content\" data-secret=\"w4D4NhBs6s\"><a href=\"https:\/\/buletin.de\/bucuresti\/analiza-drogurile-din-scolile-si-liceele-capitalei-problema-care-nu-exista-si-populismul-ciclic-al-politicienilor\/\">ANALIZ\u0102 | Drogurile din \u0219colile \u0219i liceele Capitalei: problema \u201ecare nu exist\u0103\u201d \u0219i populismul ciclic al politicienilor<\/a><\/blockquote><iframe class=\"wp-embedded-content\" sandbox=\"allow-scripts\" security=\"restricted\" style=\"position: absolute; clip: rect(1px, 1px, 1px, 1px);\" title=\"&#8220;ANALIZ\u0102 | Drogurile din \u0219colile \u0219i liceele Capitalei: problema \u201ecare nu exist\u0103\u201d \u0219i populismul ciclic al politicienilor&#8221; &#8212; Buletin de Bucure\u0219ti\" src=\"https:\/\/buletin.de\/bucuresti\/analiza-drogurile-din-scolile-si-liceele-capitalei-problema-care-nu-exista-si-populismul-ciclic-al-politicienilor\/embed\/#?secret=KSEQuNCZd6#?secret=w4D4NhBs6s\" data-secret=\"w4D4NhBs6s\" width=\"600\" height=\"338\" frameborder=\"0\" marginwidth=\"0\" marginheight=\"0\" scrolling=\"no\"><\/iframe>\n<\/div><\/figure>\n","protected":false},"excerpt":{"rendered":"<p>Buletin de Bucure\u0219ti a ob\u021binut un draft al celor dou\u0103 versiuni de chestionar aflate \u00een lucru la nivelul Prefecturii Capitalei, privind consumul de droguri \u00een unit\u0103\u021bile de \u00eenv\u0103\u021b\u0103m\u00e2nt: cea destinat\u0103 p\u0103rin\u021bilor, respectiv cea pentru elevii majori. Chestionarele urmeaz\u0103 s\u0103 fie distribuite \u00eencep\u00e2nd cu 23 octombrie, ini\u021bial pe grupurile de WhatsApp ale p\u0103rin\u021bilor, iar ulterior \u00eentr-o [&hellip;]<\/p>\n","protected":false},"author":1,"featured_media":67033,"comment_status":"closed","ping_status":"open","sticky":false,"template":"","format":"standard","meta":{"_acf_changed":false,"inline_featured_image":false,"ngg_post_thumbnail":0,"footnotes":""},"categories":[6994,3421,5762],"tags":[7436,7422,4598,1991,1407,160,1136],"ppma_author":[22583],"class_list":["post-67027","post","type-post","status-publish","format-standard","has-post-thumbnail","hentry","category-stiri-2","category-educatie","category-main","tag-antidrog","tag-chestionare","tag-droguri","tag-licee","tag-prefectura","tag-scoli","tag-testare"],"acf":[],"yoast_head":"<!-- This site is optimized with the Yoast SEO Premium plugin v25.3 (Yoast SEO v27.4) - https:\/\/yoast.com\/product\/yoast-seo-premium-wordpress\/ -->\n<title>\u201eInfractor sau bolnav?\u201d | Cum arat\u0103 chestionarele privind m\u0103surile \u201eantidrog\u201d care vizeaz\u0103 introducerea test\u0103rilor \u00een \u0219colile din Capital\u0103 - Buletin de Bucure\u0219ti<\/title>\n<meta name=\"robots\" content=\"index, follow, max-snippet:-1, max-image-preview:large, max-video-preview:-1\" \/>\n<link rel=\"canonical\" href=\"https:\/\/buletin.de\/bucuresti\/infractor-sau-bolnav-cum-arata-chestionarele-privind-masurile-antidrog-care-vizeaza-introducerea-testarilor-in-scolile-din-capitala\/\" \/>\n<meta property=\"og:locale\" content=\"en_GB\" \/>\n<meta property=\"og:type\" content=\"article\" \/>\n<meta property=\"og:title\" content=\"\u201eInfractor sau bolnav?\u201d | Cum arat\u0103 chestionarele privind m\u0103surile \u201eantidrog\u201d care vizeaz\u0103 introducerea test\u0103rilor \u00een \u0219colile din Capital\u0103\" \/>\n<meta property=\"og:description\" content=\"Buletin de Bucure\u0219ti a ob\u021binut un draft al celor dou\u0103 versiuni de chestionar aflate \u00een lucru la nivelul Prefecturii Capitalei, privind consumul de droguri \u00een unit\u0103\u021bile de \u00eenv\u0103\u021b\u0103m\u00e2nt: cea destinat\u0103 p\u0103rin\u021bilor, respectiv cea pentru elevii majori. Chestionarele urmeaz\u0103 s\u0103 fie distribuite \u00eencep\u00e2nd cu 23 octombrie, ini\u021bial pe grupurile de WhatsApp ale p\u0103rin\u021bilor, iar ulterior \u00eentr-o [&hellip;]\" \/>\n<meta property=\"og:url\" content=\"https:\/\/buletin.de\/bucuresti\/infractor-sau-bolnav-cum-arata-chestionarele-privind-masurile-antidrog-care-vizeaza-introducerea-testarilor-in-scolile-din-capitala\/\" \/>\n<meta property=\"og:site_name\" content=\"Buletin de Bucure\u0219ti\" \/>\n<meta property=\"article:publisher\" content=\"https:\/\/www.facebook.com\/buletin.de.buc\" \/>\n<meta property=\"article:published_time\" content=\"2023-10-20T04:36:25+00:00\" \/>\n<meta property=\"article:modified_time\" content=\"2023-10-21T04:49:34+00:00\" \/>\n<meta property=\"og:image\" content=\"https:\/\/buletin.de\/bucuresti\/wp-content\/uploads\/1000034732-1100x733-1.jpg\" \/>\n\t<meta property=\"og:image:width\" content=\"1100\" \/>\n\t<meta property=\"og:image:height\" content=\"733\" \/>\n\t<meta property=\"og:image:type\" content=\"image\/jpeg\" \/>\n<meta name=\"author\" content=\"Redac\u021bia Buletin de Bucure\u0219ti\" \/>\n<meta name=\"twitter:card\" content=\"summary_large_image\" \/>\n<meta name=\"twitter:label1\" content=\"Written by\" \/>\n\t<meta name=\"twitter:data1\" content=\"Redac\u021bia Buletin de Bucure\u0219ti\" \/>\n\t<meta name=\"twitter:label2\" content=\"Estimated reading time\" \/>\n\t<meta name=\"twitter:data2\" content=\"5 minutes\" \/>\n<script type=\"application\/ld+json\" class=\"yoast-schema-graph\">{\"@context\":\"https:\\\/\\\/schema.org\",\"@graph\":[{\"@type\":\"Article\",\"@id\":\"https:\\\/\\\/buletin.de\\\/bucuresti\\\/infractor-sau-bolnav-cum-arata-chestionarele-privind-masurile-antidrog-care-vizeaza-introducerea-testarilor-in-scolile-din-capitala\\\/#article\",\"isPartOf\":{\"@id\":\"https:\\\/\\\/buletin.de\\\/bucuresti\\\/infractor-sau-bolnav-cum-arata-chestionarele-privind-masurile-antidrog-care-vizeaza-introducerea-testarilor-in-scolile-din-capitala\\\/\"},\"author\":{\"name\":\"Redac\u021bia Buletin de Bucure\u0219ti\",\"@id\":\"https:\\\/\\\/buletin.de\\\/bucuresti\\\/#\\\/schema\\\/person\\\/2bbcf854e5f2419a13804af574d06ab1\"},\"headline\":\"\u201eInfractor sau bolnav?\u201d | Cum arat\u0103 chestionarele privind m\u0103surile \u201eantidrog\u201d care vizeaz\u0103 introducerea test\u0103rilor \u00een \u0219colile din Capital\u0103\",\"datePublished\":\"2023-10-20T04:36:25+00:00\",\"dateModified\":\"2023-10-21T04:49:34+00:00\",\"mainEntityOfPage\":{\"@id\":\"https:\\\/\\\/buletin.de\\\/bucuresti\\\/infractor-sau-bolnav-cum-arata-chestionarele-privind-masurile-antidrog-care-vizeaza-introducerea-testarilor-in-scolile-din-capitala\\\/\"},\"wordCount\":1025,\"publisher\":{\"@id\":\"https:\\\/\\\/buletin.de\\\/bucuresti\\\/#organization\"},\"image\":{\"@id\":\"https:\\\/\\\/buletin.de\\\/bucuresti\\\/infractor-sau-bolnav-cum-arata-chestionarele-privind-masurile-antidrog-care-vizeaza-introducerea-testarilor-in-scolile-din-capitala\\\/#primaryimage\"},\"thumbnailUrl\":\"https:\\\/\\\/buletin.de\\\/bucuresti\\\/wp-content\\\/uploads\\\/1000034732-1100x733-1.jpg\",\"keywords\":[\"antidrog\",\"chestionare\",\"droguri\",\"licee\",\"prefectura\",\"scoli\",\"testare\"],\"articleSection\":[\"Articole\",\"Educa\u021bie\",\"Main\"],\"inLanguage\":\"en-GB\",\"copyrightYear\":\"2023\",\"copyrightHolder\":{\"@id\":\"https:\\\/\\\/buletin.de\\\/bucuresti\\\/#organization\"}},{\"@type\":\"WebPage\",\"@id\":\"https:\\\/\\\/buletin.de\\\/bucuresti\\\/infractor-sau-bolnav-cum-arata-chestionarele-privind-masurile-antidrog-care-vizeaza-introducerea-testarilor-in-scolile-din-capitala\\\/\",\"url\":\"https:\\\/\\\/buletin.de\\\/bucuresti\\\/infractor-sau-bolnav-cum-arata-chestionarele-privind-masurile-antidrog-care-vizeaza-introducerea-testarilor-in-scolile-din-capitala\\\/\",\"name\":\"\u201eInfractor sau bolnav?\u201d | Cum arat\u0103 chestionarele privind m\u0103surile \u201eantidrog\u201d care vizeaz\u0103 introducerea test\u0103rilor \u00een \u0219colile din Capital\u0103 - Buletin de Bucure\u0219ti\",\"isPartOf\":{\"@id\":\"https:\\\/\\\/buletin.de\\\/bucuresti\\\/#website\"},\"primaryImageOfPage\":{\"@id\":\"https:\\\/\\\/buletin.de\\\/bucuresti\\\/infractor-sau-bolnav-cum-arata-chestionarele-privind-masurile-antidrog-care-vizeaza-introducerea-testarilor-in-scolile-din-capitala\\\/#primaryimage\"},\"image\":{\"@id\":\"https:\\\/\\\/buletin.de\\\/bucuresti\\\/infractor-sau-bolnav-cum-arata-chestionarele-privind-masurile-antidrog-care-vizeaza-introducerea-testarilor-in-scolile-din-capitala\\\/#primaryimage\"},\"thumbnailUrl\":\"https:\\\/\\\/buletin.de\\\/bucuresti\\\/wp-content\\\/uploads\\\/1000034732-1100x733-1.jpg\",\"datePublished\":\"2023-10-20T04:36:25+00:00\",\"dateModified\":\"2023-10-21T04:49:34+00:00\",\"breadcrumb\":{\"@id\":\"https:\\\/\\\/buletin.de\\\/bucuresti\\\/infractor-sau-bolnav-cum-arata-chestionarele-privind-masurile-antidrog-care-vizeaza-introducerea-testarilor-in-scolile-din-capitala\\\/#breadcrumb\"},\"inLanguage\":\"en-GB\",\"potentialAction\":[{\"@type\":\"ReadAction\",\"target\":[\"https:\\\/\\\/buletin.de\\\/bucuresti\\\/infractor-sau-bolnav-cum-arata-chestionarele-privind-masurile-antidrog-care-vizeaza-introducerea-testarilor-in-scolile-din-capitala\\\/\"]}]},{\"@type\":\"ImageObject\",\"inLanguage\":\"en-GB\",\"@id\":\"https:\\\/\\\/buletin.de\\\/bucuresti\\\/infractor-sau-bolnav-cum-arata-chestionarele-privind-masurile-antidrog-care-vizeaza-introducerea-testarilor-in-scolile-din-capitala\\\/#primaryimage\",\"url\":\"https:\\\/\\\/buletin.de\\\/bucuresti\\\/wp-content\\\/uploads\\\/1000034732-1100x733-1.jpg\",\"contentUrl\":\"https:\\\/\\\/buletin.de\\\/bucuresti\\\/wp-content\\\/uploads\\\/1000034732-1100x733-1.jpg\",\"width\":1100,\"height\":733},{\"@type\":\"BreadcrumbList\",\"@id\":\"https:\\\/\\\/buletin.de\\\/bucuresti\\\/infractor-sau-bolnav-cum-arata-chestionarele-privind-masurile-antidrog-care-vizeaza-introducerea-testarilor-in-scolile-din-capitala\\\/#breadcrumb\",\"itemListElement\":[{\"@type\":\"ListItem\",\"position\":1,\"name\":\"Acas\u0103\",\"item\":\"https:\\\/\\\/buletin.de\\\/bucuresti\\\/\"},{\"@type\":\"ListItem\",\"position\":2,\"name\":\"\u201eInfractor sau bolnav?\u201d | Cum arat\u0103 chestionarele privind m\u0103surile \u201eantidrog\u201d care vizeaz\u0103 introducerea test\u0103rilor \u00een \u0219colile din Capital\u0103\"}]},{\"@type\":\"WebSite\",\"@id\":\"https:\\\/\\\/buletin.de\\\/bucuresti\\\/#website\",\"url\":\"https:\\\/\\\/buletin.de\\\/bucuresti\\\/\",\"name\":\"Buletin de Bucure\u0219ti\",\"description\":\"\u0218tiri \u0219i investiga\u021bii esen\u021biale din capital\u0103\",\"publisher\":{\"@id\":\"https:\\\/\\\/buletin.de\\\/bucuresti\\\/#organization\"},\"potentialAction\":[{\"@type\":\"SearchAction\",\"target\":{\"@type\":\"EntryPoint\",\"urlTemplate\":\"https:\\\/\\\/buletin.de\\\/bucuresti\\\/?s={search_term_string}\"},\"query-input\":{\"@type\":\"PropertyValueSpecification\",\"valueRequired\":true,\"valueName\":\"search_term_string\"}}],\"inLanguage\":\"en-GB\"},{\"@type\":\"Organization\",\"@id\":\"https:\\\/\\\/buletin.de\\\/bucuresti\\\/#organization\",\"name\":\"Buletin de Bucure\u0219ti\",\"url\":\"https:\\\/\\\/buletin.de\\\/bucuresti\\\/\",\"logo\":{\"@type\":\"ImageObject\",\"inLanguage\":\"en-GB\",\"@id\":\"https:\\\/\\\/buletin.de\\\/bucuresti\\\/#\\\/schema\\\/logo\\\/image\\\/\",\"url\":\"https:\\\/\\\/buletin.de\\\/bucuresti\\\/wp-content\\\/uploads\\\/logo-bdb-full-wide-vernil-transparent.png\",\"contentUrl\":\"https:\\\/\\\/buletin.de\\\/bucuresti\\\/wp-content\\\/uploads\\\/logo-bdb-full-wide-vernil-transparent.png\",\"width\":1782,\"height\":626,\"caption\":\"Buletin de Bucure\u0219ti\"},\"image\":{\"@id\":\"https:\\\/\\\/buletin.de\\\/bucuresti\\\/#\\\/schema\\\/logo\\\/image\\\/\"},\"sameAs\":[\"https:\\\/\\\/www.facebook.com\\\/buletin.de.buc\",\"https:\\\/\\\/www.instagram.com\\\/buletinde.bucuresti\\\/\"]},{\"@type\":\"Person\",\"@id\":\"https:\\\/\\\/buletin.de\\\/bucuresti\\\/#\\\/schema\\\/person\\\/2bbcf854e5f2419a13804af574d06ab1\",\"name\":\"Redac\u021bia Buletin de Bucure\u0219ti\",\"image\":{\"@type\":\"ImageObject\",\"inLanguage\":\"en-GB\",\"@id\":\"https:\\\/\\\/secure.gravatar.com\\\/avatar\\\/18c5342381ed1a08620e6280424e3e5efc958618f5d67c522c9e44c1bc6f9226?s=96&d=monsterid&r=g60c7cd0ad92c68c049fcd4bb3504d609\",\"url\":\"https:\\\/\\\/secure.gravatar.com\\\/avatar\\\/18c5342381ed1a08620e6280424e3e5efc958618f5d67c522c9e44c1bc6f9226?s=96&d=monsterid&r=g\",\"contentUrl\":\"https:\\\/\\\/secure.gravatar.com\\\/avatar\\\/18c5342381ed1a08620e6280424e3e5efc958618f5d67c522c9e44c1bc6f9226?s=96&d=monsterid&r=g\",\"caption\":\"Redac\u021bia Buletin de Bucure\u0219ti\"},\"description\":\"Buletin de Bucure\u0219ti exist\u0103 din vara anului 2019.\",\"url\":\"https:\\\/\\\/buletin.de\\\/bucuresti\\\/author\\\/adminbuletin\\\/\"}]}<\/script>\n<!-- \/ Yoast SEO Premium plugin. -->","yoast_head_json":{"title":"\u201eInfractor sau bolnav?\u201d | Cum arat\u0103 chestionarele privind m\u0103surile \u201eantidrog\u201d care vizeaz\u0103 introducerea test\u0103rilor \u00een \u0219colile din Capital\u0103 - Buletin de Bucure\u0219ti","robots":{"index":"index","follow":"follow","max-snippet":"max-snippet:-1","max-image-preview":"max-image-preview:large","max-video-preview":"max-video-preview:-1"},"canonical":"https:\/\/buletin.de\/bucuresti\/infractor-sau-bolnav-cum-arata-chestionarele-privind-masurile-antidrog-care-vizeaza-introducerea-testarilor-in-scolile-din-capitala\/","og_locale":"en_GB","og_type":"article","og_title":"\u201eInfractor sau bolnav?\u201d | Cum arat\u0103 chestionarele privind m\u0103surile \u201eantidrog\u201d care vizeaz\u0103 introducerea test\u0103rilor \u00een \u0219colile din Capital\u0103","og_description":"Buletin de Bucure\u0219ti a ob\u021binut un draft al celor dou\u0103 versiuni de chestionar aflate \u00een lucru la nivelul Prefecturii Capitalei, privind consumul de droguri \u00een unit\u0103\u021bile de \u00eenv\u0103\u021b\u0103m\u00e2nt: cea destinat\u0103 p\u0103rin\u021bilor, respectiv cea pentru elevii majori. Chestionarele urmeaz\u0103 s\u0103 fie distribuite \u00eencep\u00e2nd cu 23 octombrie, ini\u021bial pe grupurile de WhatsApp ale p\u0103rin\u021bilor, iar ulterior \u00eentr-o [&hellip;]","og_url":"https:\/\/buletin.de\/bucuresti\/infractor-sau-bolnav-cum-arata-chestionarele-privind-masurile-antidrog-care-vizeaza-introducerea-testarilor-in-scolile-din-capitala\/","og_site_name":"Buletin de Bucure\u0219ti","article_publisher":"https:\/\/www.facebook.com\/buletin.de.buc","article_published_time":"2023-10-20T04:36:25+00:00","article_modified_time":"2023-10-21T04:49:34+00:00","og_image":[{"width":1100,"height":733,"url":"https:\/\/buletin.de\/bucuresti\/wp-content\/uploads\/1000034732-1100x733-1.jpg","type":"image\/jpeg"}],"author":"Redac\u021bia Buletin de Bucure\u0219ti","twitter_card":"summary_large_image","twitter_misc":{"Written by":"Redac\u021bia Buletin de Bucure\u0219ti","Estimated reading time":"5 minutes"},"schema":{"@context":"https:\/\/schema.org","@graph":[{"@type":"Article","@id":"https:\/\/buletin.de\/bucuresti\/infractor-sau-bolnav-cum-arata-chestionarele-privind-masurile-antidrog-care-vizeaza-introducerea-testarilor-in-scolile-din-capitala\/#article","isPartOf":{"@id":"https:\/\/buletin.de\/bucuresti\/infractor-sau-bolnav-cum-arata-chestionarele-privind-masurile-antidrog-care-vizeaza-introducerea-testarilor-in-scolile-din-capitala\/"},"author":{"name":"Redac\u021bia Buletin de Bucure\u0219ti","@id":"https:\/\/buletin.de\/bucuresti\/#\/schema\/person\/2bbcf854e5f2419a13804af574d06ab1"},"headline":"\u201eInfractor sau bolnav?\u201d | Cum arat\u0103 chestionarele privind m\u0103surile \u201eantidrog\u201d care vizeaz\u0103 introducerea test\u0103rilor \u00een \u0219colile din Capital\u0103","datePublished":"2023-10-20T04:36:25+00:00","dateModified":"2023-10-21T04:49:34+00:00","mainEntityOfPage":{"@id":"https:\/\/buletin.de\/bucuresti\/infractor-sau-bolnav-cum-arata-chestionarele-privind-masurile-antidrog-care-vizeaza-introducerea-testarilor-in-scolile-din-capitala\/"},"wordCount":1025,"publisher":{"@id":"https:\/\/buletin.de\/bucuresti\/#organization"},"image":{"@id":"https:\/\/buletin.de\/bucuresti\/infractor-sau-bolnav-cum-arata-chestionarele-privind-masurile-antidrog-care-vizeaza-introducerea-testarilor-in-scolile-din-capitala\/#primaryimage"},"thumbnailUrl":"https:\/\/buletin.de\/bucuresti\/wp-content\/uploads\/1000034732-1100x733-1.jpg","keywords":["antidrog","chestionare","droguri","licee","prefectura","scoli","testare"],"articleSection":["Articole","Educa\u021bie","Main"],"inLanguage":"en-GB","copyrightYear":"2023","copyrightHolder":{"@id":"https:\/\/buletin.de\/bucuresti\/#organization"}},{"@type":"WebPage","@id":"https:\/\/buletin.de\/bucuresti\/infractor-sau-bolnav-cum-arata-chestionarele-privind-masurile-antidrog-care-vizeaza-introducerea-testarilor-in-scolile-din-capitala\/","url":"https:\/\/buletin.de\/bucuresti\/infractor-sau-bolnav-cum-arata-chestionarele-privind-masurile-antidrog-care-vizeaza-introducerea-testarilor-in-scolile-din-capitala\/","name":"\u201eInfractor sau bolnav?\u201d | Cum arat\u0103 chestionarele privind m\u0103surile \u201eantidrog\u201d care vizeaz\u0103 introducerea test\u0103rilor \u00een \u0219colile din Capital\u0103 - Buletin de Bucure\u0219ti","isPartOf":{"@id":"https:\/\/buletin.de\/bucuresti\/#website"},"primaryImageOfPage":{"@id":"https:\/\/buletin.de\/bucuresti\/infractor-sau-bolnav-cum-arata-chestionarele-privind-masurile-antidrog-care-vizeaza-introducerea-testarilor-in-scolile-din-capitala\/#primaryimage"},"image":{"@id":"https:\/\/buletin.de\/bucuresti\/infractor-sau-bolnav-cum-arata-chestionarele-privind-masurile-antidrog-care-vizeaza-introducerea-testarilor-in-scolile-din-capitala\/#primaryimage"},"thumbnailUrl":"https:\/\/buletin.de\/bucuresti\/wp-content\/uploads\/1000034732-1100x733-1.jpg","datePublished":"2023-10-20T04:36:25+00:00","dateModified":"2023-10-21T04:49:34+00:00","breadcrumb":{"@id":"https:\/\/buletin.de\/bucuresti\/infractor-sau-bolnav-cum-arata-chestionarele-privind-masurile-antidrog-care-vizeaza-introducerea-testarilor-in-scolile-din-capitala\/#breadcrumb"},"inLanguage":"en-GB","potentialAction":[{"@type":"ReadAction","target":["https:\/\/buletin.de\/bucuresti\/infractor-sau-bolnav-cum-arata-chestionarele-privind-masurile-antidrog-care-vizeaza-introducerea-testarilor-in-scolile-din-capitala\/"]}]},{"@type":"ImageObject","inLanguage":"en-GB","@id":"https:\/\/buletin.de\/bucuresti\/infractor-sau-bolnav-cum-arata-chestionarele-privind-masurile-antidrog-care-vizeaza-introducerea-testarilor-in-scolile-din-capitala\/#primaryimage","url":"https:\/\/buletin.de\/bucuresti\/wp-content\/uploads\/1000034732-1100x733-1.jpg","contentUrl":"https:\/\/buletin.de\/bucuresti\/wp-content\/uploads\/1000034732-1100x733-1.jpg","width":1100,"height":733},{"@type":"BreadcrumbList","@id":"https:\/\/buletin.de\/bucuresti\/infractor-sau-bolnav-cum-arata-chestionarele-privind-masurile-antidrog-care-vizeaza-introducerea-testarilor-in-scolile-din-capitala\/#breadcrumb","itemListElement":[{"@type":"ListItem","position":1,"name":"Acas\u0103","item":"https:\/\/buletin.de\/bucuresti\/"},{"@type":"ListItem","position":2,"name":"\u201eInfractor sau bolnav?\u201d | Cum arat\u0103 chestionarele privind m\u0103surile \u201eantidrog\u201d care vizeaz\u0103 introducerea test\u0103rilor \u00een \u0219colile din Capital\u0103"}]},{"@type":"WebSite","@id":"https:\/\/buletin.de\/bucuresti\/#website","url":"https:\/\/buletin.de\/bucuresti\/","name":"Buletin de Bucure\u0219ti","description":"\u0218tiri \u0219i investiga\u021bii esen\u021biale din capital\u0103","publisher":{"@id":"https:\/\/buletin.de\/bucuresti\/#organization"},"potentialAction":[{"@type":"SearchAction","target":{"@type":"EntryPoint","urlTemplate":"https:\/\/buletin.de\/bucuresti\/?s={search_term_string}"},"query-input":{"@type":"PropertyValueSpecification","valueRequired":true,"valueName":"search_term_string"}}],"inLanguage":"en-GB"},{"@type":"Organization","@id":"https:\/\/buletin.de\/bucuresti\/#organization","name":"Buletin de Bucure\u0219ti","url":"https:\/\/buletin.de\/bucuresti\/","logo":{"@type":"ImageObject","inLanguage":"en-GB","@id":"https:\/\/buletin.de\/bucuresti\/#\/schema\/logo\/image\/","url":"https:\/\/buletin.de\/bucuresti\/wp-content\/uploads\/logo-bdb-full-wide-vernil-transparent.png","contentUrl":"https:\/\/buletin.de\/bucuresti\/wp-content\/uploads\/logo-bdb-full-wide-vernil-transparent.png","width":1782,"height":626,"caption":"Buletin de Bucure\u0219ti"},"image":{"@id":"https:\/\/buletin.de\/bucuresti\/#\/schema\/logo\/image\/"},"sameAs":["https:\/\/www.facebook.com\/buletin.de.buc","https:\/\/www.instagram.com\/buletinde.bucuresti\/"]},{"@type":"Person","@id":"https:\/\/buletin.de\/bucuresti\/#\/schema\/person\/2bbcf854e5f2419a13804af574d06ab1","name":"Redac\u021bia Buletin de Bucure\u0219ti","image":{"@type":"ImageObject","inLanguage":"en-GB","@id":"https:\/\/secure.gravatar.com\/avatar\/18c5342381ed1a08620e6280424e3e5efc958618f5d67c522c9e44c1bc6f9226?s=96&d=monsterid&r=g60c7cd0ad92c68c049fcd4bb3504d609","url":"https:\/\/secure.gravatar.com\/avatar\/18c5342381ed1a08620e6280424e3e5efc958618f5d67c522c9e44c1bc6f9226?s=96&d=monsterid&r=g","contentUrl":"https:\/\/secure.gravatar.com\/avatar\/18c5342381ed1a08620e6280424e3e5efc958618f5d67c522c9e44c1bc6f9226?s=96&d=monsterid&r=g","caption":"Redac\u021bia Buletin de Bucure\u0219ti"},"description":"Buletin de Bucure\u0219ti exist\u0103 din vara anului 2019.","url":"https:\/\/buletin.de\/bucuresti\/author\/adminbuletin\/"}]}},"authors":[{"term_id":22583,"user_id":1,"is_guest":0,"slug":"adminbuletin","display_name":"Redac\u021bia Buletin de Bucure\u0219ti","avatar_url":"https:\/\/secure.gravatar.com\/avatar\/18c5342381ed1a08620e6280424e3e5efc958618f5d67c522c9e44c1bc6f9226?s=96&d=monsterid&r=g","0":null,"1":"","2":"","3":"","4":"","5":"","6":"","7":"","8":""}],"_links":{"self":[{"href":"https:\/\/buletin.de\/bucuresti\/wp-json\/wp\/v2\/posts\/67027","targetHints":{"allow":["GET"]}}],"collection":[{"href":"https:\/\/buletin.de\/bucuresti\/wp-json\/wp\/v2\/posts"}],"about":[{"href":"https:\/\/buletin.de\/bucuresti\/wp-json\/wp\/v2\/types\/post"}],"author":[{"embeddable":true,"href":"https:\/\/buletin.de\/bucuresti\/wp-json\/wp\/v2\/users\/1"}],"replies":[{"embeddable":true,"href":"https:\/\/buletin.de\/bucuresti\/wp-json\/wp\/v2\/comments?post=67027"}],"version-history":[{"count":3,"href":"https:\/\/buletin.de\/bucuresti\/wp-json\/wp\/v2\/posts\/67027\/revisions"}],"predecessor-version":[{"id":67035,"href":"https:\/\/buletin.de\/bucuresti\/wp-json\/wp\/v2\/posts\/67027\/revisions\/67035"}],"wp:featuredmedia":[{"embeddable":true,"href":"https:\/\/buletin.de\/bucuresti\/wp-json\/wp\/v2\/media\/67033"}],"wp:attachment":[{"href":"https:\/\/buletin.de\/bucuresti\/wp-json\/wp\/v2\/media?parent=67027"}],"wp:term":[{"taxonomy":"category","embeddable":true,"href":"https:\/\/buletin.de\/bucuresti\/wp-json\/wp\/v2\/categories?post=67027"},{"taxonomy":"post_tag","embeddable":true,"href":"https:\/\/buletin.de\/bucuresti\/wp-json\/wp\/v2\/tags?post=67027"},{"taxonomy":"author","embeddable":true,"href":"https:\/\/buletin.de\/bucuresti\/wp-json\/wp\/v2\/ppma_author?post=67027"}],"curies":[{"name":"wp","href":"https:\/\/api.w.org\/{rel}","templated":true}]}}