{"id":66572,"date":"2023-10-11T10:51:28","date_gmt":"2023-10-11T08:51:28","guid":{"rendered":"https:\/\/buletin.de\/bucuresti\/?p=66572"},"modified":"2023-10-11T10:51:29","modified_gmt":"2023-10-11T08:51:29","slug":"un-judecator-si-un-ofiter-mai-acuzati-de-ani-ca-nu-pot-justifica-peste-6-milioane-de-euro-cei-doi-au-fost-cercetati-de-diicot-in-dosarul-creditelor-din-2015","status":"publish","type":"post","link":"https:\/\/buletin.de\/bucuresti\/un-judecator-si-un-ofiter-mai-acuzati-de-ani-ca-nu-pot-justifica-peste-6-milioane-de-euro-cei-doi-au-fost-cercetati-de-diicot-in-dosarul-creditelor-din-2015\/","title":{"rendered":"Un judec\u0103tor \u0219i un ofi\u021ber MAI, acuza\u021bi de ANI c\u0103 nu pot justifica peste 6 milioane de euro. Cei doi au fost cerceta\u021bi de DIICOT \u00een \u201edosarul creditelor\u201d din 2015"},"content":{"rendered":"\n<p><strong>Un judec\u0103tor din cadrul Tribunalului Bucure\u0219ti \u0219i un func\u021bionar public cu statut special\u00a0 \u00een cadrul\u00a0 Direc\u021biei Generale de Poli\u021bie a Municipiului Bucure\u0219ti sunt acuza\u021bi de Agen\u021bia Na\u021bional\u0103 de Integritate (ANI) de o diferen\u021b\u0103 nejustificabil\u0103 dintre venituri \u0219i avere: de 6 milioane de euro, respectiv 240 mii de euro, pe perioada exercit\u0103rii func\u021biilor publice. Cei doi au fost urm\u0103ri\u021bi penal \u00een cadrul dosarului creditelor bancare BRD din 2015.<\/strong><\/p>\n\n\n\n<p>ANI a sesizat Comisia de cercetare a averilor din cadrul Cur\u021bii de Apel Bucure\u0219ti pentru a controla averile judec\u0103toarei Mazilu Gabriela Cristina \u0219i ale ofi\u021berului Nicore\u0219teanu Ionu\u021b Victor.<\/p>\n\n\n\n<p><strong>Mazilu Gabriela Cristina<\/strong>, Judec\u0103tor \u00een cadrul Tribunalului Bucure\u0219ti \u0219i fost Judec\u0103tor \u00een cadrul Judec\u0103toriei Sector 4, este acuzat\u0103 c\u0103 nu poate s\u0103 justifice peste 30.300.000 lei. Conform celei mai recente declara\u021bii de avere ale acesteia, din 2023, singurele venituri anuale declarate ale acesteia, \u00eensumate, dau pu\u021bin sub 300.000 lei. De asemenea, \u00een declara\u021bie mai apare o sum\u0103 de 150.000 euro, \u00eemprumutat\u0103 de la Gabriel Mazilu, scadent\u0103 \u00een 2023. \u00cen rest, nu este declarat niciun imobil \u0219i niciun autoturism.<\/p>\n\n\n\n<p>Cei doi copii ai acesteia primesc anual, dintr-o pensie de \u00eentre\u021binere \u0219i aloca\u021bia de stat, aproximativ 50.000 lei, \u0219i mai primesc 22.000 euro anual de la Cristina \u0219i Gabriel Mazilu, pentru taxa de \u0219colarizare.&nbsp;<\/p>\n\n\n\n<p><strong>Nicore\u0219teanu Ionu\u021b Victor<\/strong>, func\u021bionar public cu statut special\u00a0 \u00een cadrul\u00a0 Direc\u021biei Generale de Poli\u021bie a Municipiului Bucure\u0219ti, este acuzat c\u0103 nu poate s\u0103 justifice peste 1.200.000 lei. Conform celei mai recente declara\u021bii de avere g\u0103site pe portalul ANI, din 2021, acesta de\u021bine o parte dintr-un apartament mo\u0219tenit, \u0219i a avut un \u00eemprumut la banc\u0103 de 3.000.000 euro scadent \u00een 2013. At\u00e2t salariul lui c\u00e2t \u0219i al so\u021biei nu sunt vizibile \u00een declara\u021bia de avere din 2021. \u00cen schimb, conform primei sume lizibile, verificate \u00een ordine cronologic\u0103 invers\u0103, \u00een 2020 so\u021bia acestuia avea un venit anual de 36.000 de lei, din indemniza\u021bia de cre\u0219tere a copiilor, iar Ionu\u021b Victor, \u00een 2017, avea un venit anual declarat de 44.400 lei. Copii acestuia, din aloca\u021bii, primesc anual 4579 lei.<\/p>\n\n\n\n<h2 class=\"wp-block-heading\">Dosarul Creditelor<\/h2>\n\n\n\n<p>Judec\u0103toarea Gabriela Cristina Mazilu \u015fi Ionel Victor Nicore\u015fteanu au fost cerceta\u0163i de DIICOT \u00een anul 2015 \u00eentr-un dosar privind credite frauduloase luate de la BRD, \u00een care era implicat \u015fi omul de afaceri Remus Truic\u0103, conform Agerpres.<\/p>\n\n\n\n<p>Conform DIICOT, la sf\u00e2r\u0219itul anului 2007, la nivelul conducerii executive a BRD a fost ini\u021biat \u0219i constituit un grup infrac\u021bional organizat \u00een scopul acord\u0103rii frauduloase de credite. Au fost aprobate 17 credite dintre care Remus Truic\u0103 a beneficiat de 15. Suma de 35 milioane euro, care a fost \u00een cea mai mare parte externalizat\u0103 prin includerea acesteia \u00een circuite financiare prin conturi deschise \u00een Monaco, Elve\u021bia, Austria \u0219i Cipru, conturi controlate direct de Remus Truic\u0103 \u0219i Cristian Aparaschivei (\u0219oferul lui Truic\u0103). Niciunul dintre cele 17 credite nu a fost restituit, fiind trecute \u00een categoria creditelor neperformante, potrivit unui articol din 2015 <a href=\"https:\/\/www.antena3.ro\/actualitate\/justitie\/remus-truica-citat-la-dna-in-dosarul-creditelor-frauduloase-luate-de-la-brd-324135.html\">Antena 3 CNN.<\/a><\/p>\n\n\n\n<p>\u00cen acest dosar DIICOT, conform unui <a href=\"https:\/\/diicot.ro\/mass-media\/1363-comunicat-de-presa-19-05-2015\">comunicat <\/a>din 19.05.2015, at\u00e2t so\u021bul ei, Aparaschivei Cristian-Relu, c\u00e2t \u0219i judec\u0103toarea Gabriela Cristina Mazilu \u0219i ofi\u021berul Nicore\u0219teanu Ionu\u021b Victor, au fost urm\u0103ri\u021bi penal pentru s\u0103v\u00e2r\u015firea infrac\u0163iunilor de constituire a unui grup infrac\u0163ional organizat, \u00een\u015fel\u0103ciune \u015fi&nbsp; sp\u0103lare de bani.<\/p>\n","protected":false},"excerpt":{"rendered":"<p>Un judec\u0103tor din cadrul Tribunalului Bucure\u0219ti \u0219i un func\u021bionar public cu statut special\u00a0 \u00een cadrul\u00a0 Direc\u021biei Generale de Poli\u021bie a Municipiului Bucure\u0219ti sunt acuza\u021bi de Agen\u021bia Na\u021bional\u0103 de Integritate (ANI) de o diferen\u021b\u0103 nejustificabil\u0103 dintre venituri \u0219i avere: de 6 milioane de euro, respectiv 240 mii de euro, pe perioada exercit\u0103rii func\u021biilor publice. Cei doi [&hellip;]<\/p>\n","protected":false},"author":47,"featured_media":66575,"comment_status":"closed","ping_status":"open","sticky":false,"template":"","format":"standard","meta":{"_acf_changed":false,"inline_featured_image":false,"ngg_post_thumbnail":0,"footnotes":""},"categories":[6994,5762],"tags":[7337,2800,7334,9,1367,7333,7331,7335,7336,7332,7083],"ppma_author":[22580],"class_list":["post-66572","post","type-post","status-publish","format-standard","has-post-thumbnail","hentry","category-stiri-2","category-main","tag-agentia-nationala-de-integritate","tag-ani","tag-brd","tag-bucuresti","tag-diicot","tag-dosarul-creditelor","tag-judecator","tag-mazilu","tag-nicorosteanu","tag-ofiter","tag-politist-2"],"acf":[],"yoast_head":"<!-- This site is optimized with the Yoast SEO Premium plugin v25.3 (Yoast SEO v27.4) - https:\/\/yoast.com\/product\/yoast-seo-premium-wordpress\/ -->\n<title>Un judec\u0103tor \u0219i un ofi\u021ber MAI, acuza\u021bi de ANI c\u0103 nu pot justifica peste 6 milioane de euro. Cei doi au fost cerceta\u021bi de DIICOT \u00een \u201edosarul creditelor\u201d din 2015 - Buletin de Bucure\u0219ti<\/title>\n<meta name=\"robots\" content=\"index, follow, max-snippet:-1, max-image-preview:large, max-video-preview:-1\" \/>\n<link rel=\"canonical\" href=\"https:\/\/buletin.de\/bucuresti\/un-judecator-si-un-ofiter-mai-acuzati-de-ani-ca-nu-pot-justifica-peste-6-milioane-de-euro-cei-doi-au-fost-cercetati-de-diicot-in-dosarul-creditelor-din-2015\/\" \/>\n<meta property=\"og:locale\" content=\"en_GB\" \/>\n<meta property=\"og:type\" content=\"article\" \/>\n<meta property=\"og:title\" content=\"Un judec\u0103tor \u0219i un ofi\u021ber MAI, acuza\u021bi de ANI c\u0103 nu pot justifica peste 6 milioane de euro. Cei doi au fost cerceta\u021bi de DIICOT \u00een \u201edosarul creditelor\u201d din 2015\" \/>\n<meta property=\"og:description\" content=\"Un judec\u0103tor din cadrul Tribunalului Bucure\u0219ti \u0219i un func\u021bionar public cu statut special\u00a0 \u00een cadrul\u00a0 Direc\u021biei Generale de Poli\u021bie a Municipiului Bucure\u0219ti sunt acuza\u021bi de Agen\u021bia Na\u021bional\u0103 de Integritate (ANI) de o diferen\u021b\u0103 nejustificabil\u0103 dintre venituri \u0219i avere: de 6 milioane de euro, respectiv 240 mii de euro, pe perioada exercit\u0103rii func\u021biilor publice. Cei doi [&hellip;]\" \/>\n<meta property=\"og:url\" content=\"https:\/\/buletin.de\/bucuresti\/un-judecator-si-un-ofiter-mai-acuzati-de-ani-ca-nu-pot-justifica-peste-6-milioane-de-euro-cei-doi-au-fost-cercetati-de-diicot-in-dosarul-creditelor-din-2015\/\" \/>\n<meta property=\"og:site_name\" content=\"Buletin de Bucure\u0219ti\" \/>\n<meta property=\"article:publisher\" content=\"https:\/\/www.facebook.com\/buletin.de.buc\" \/>\n<meta property=\"article:published_time\" content=\"2023-10-11T08:51:28+00:00\" \/>\n<meta property=\"article:modified_time\" content=\"2023-10-11T08:51:29+00:00\" \/>\n<meta property=\"og:image\" content=\"https:\/\/buletin.de\/bucuresti\/wp-content\/uploads\/mufid-majnun-LVcjYwuHQlg-unsplash-3.jpg\" \/>\n\t<meta property=\"og:image:width\" content=\"2000\" \/>\n\t<meta property=\"og:image:height\" content=\"1333\" \/>\n\t<meta property=\"og:image:type\" content=\"image\/jpeg\" \/>\n<meta name=\"author\" content=\"Adina C\u0103p\u00eelnean\" \/>\n<meta name=\"twitter:card\" content=\"summary_large_image\" \/>\n<meta name=\"twitter:label1\" content=\"Written by\" \/>\n\t<meta name=\"twitter:data1\" content=\"Adina C\u0103p\u00eelnean\" \/>\n\t<meta name=\"twitter:label2\" content=\"Estimated reading time\" \/>\n\t<meta name=\"twitter:data2\" content=\"3 minutes\" \/>\n<script type=\"application\/ld+json\" class=\"yoast-schema-graph\">{\"@context\":\"https:\\\/\\\/schema.org\",\"@graph\":[{\"@type\":\"Article\",\"@id\":\"https:\\\/\\\/buletin.de\\\/bucuresti\\\/un-judecator-si-un-ofiter-mai-acuzati-de-ani-ca-nu-pot-justifica-peste-6-milioane-de-euro-cei-doi-au-fost-cercetati-de-diicot-in-dosarul-creditelor-din-2015\\\/#article\",\"isPartOf\":{\"@id\":\"https:\\\/\\\/buletin.de\\\/bucuresti\\\/un-judecator-si-un-ofiter-mai-acuzati-de-ani-ca-nu-pot-justifica-peste-6-milioane-de-euro-cei-doi-au-fost-cercetati-de-diicot-in-dosarul-creditelor-din-2015\\\/\"},\"author\":{\"name\":\"Adina C\u0103p\u00eelnean\",\"@id\":\"https:\\\/\\\/buletin.de\\\/bucuresti\\\/#\\\/schema\\\/person\\\/ab174cf6711728e4ee83d672acf9a912\"},\"headline\":\"Un judec\u0103tor \u0219i un ofi\u021ber MAI, acuza\u021bi de ANI c\u0103 nu pot justifica peste 6 milioane de euro. Cei doi au fost cerceta\u021bi de DIICOT \u00een \u201edosarul creditelor\u201d din 2015\",\"datePublished\":\"2023-10-11T08:51:28+00:00\",\"dateModified\":\"2023-10-11T08:51:29+00:00\",\"mainEntityOfPage\":{\"@id\":\"https:\\\/\\\/buletin.de\\\/bucuresti\\\/un-judecator-si-un-ofiter-mai-acuzati-de-ani-ca-nu-pot-justifica-peste-6-milioane-de-euro-cei-doi-au-fost-cercetati-de-diicot-in-dosarul-creditelor-din-2015\\\/\"},\"wordCount\":593,\"publisher\":{\"@id\":\"https:\\\/\\\/buletin.de\\\/bucuresti\\\/#organization\"},\"image\":{\"@id\":\"https:\\\/\\\/buletin.de\\\/bucuresti\\\/un-judecator-si-un-ofiter-mai-acuzati-de-ani-ca-nu-pot-justifica-peste-6-milioane-de-euro-cei-doi-au-fost-cercetati-de-diicot-in-dosarul-creditelor-din-2015\\\/#primaryimage\"},\"thumbnailUrl\":\"https:\\\/\\\/buletin.de\\\/bucuresti\\\/wp-content\\\/uploads\\\/mufid-majnun-LVcjYwuHQlg-unsplash-3.jpg\",\"keywords\":[\"agentia nationala de integritate\",\"ani\",\"brd\",\"bucuresti\",\"diicot\",\"dosarul creditelor\",\"judecator\",\"mazilu\",\"nicorosteanu\",\"ofiter\",\"politist\"],\"articleSection\":[\"Articole\",\"Main\"],\"inLanguage\":\"en-GB\",\"copyrightYear\":\"2023\",\"copyrightHolder\":{\"@id\":\"https:\\\/\\\/buletin.de\\\/bucuresti\\\/#organization\"}},{\"@type\":\"WebPage\",\"@id\":\"https:\\\/\\\/buletin.de\\\/bucuresti\\\/un-judecator-si-un-ofiter-mai-acuzati-de-ani-ca-nu-pot-justifica-peste-6-milioane-de-euro-cei-doi-au-fost-cercetati-de-diicot-in-dosarul-creditelor-din-2015\\\/\",\"url\":\"https:\\\/\\\/buletin.de\\\/bucuresti\\\/un-judecator-si-un-ofiter-mai-acuzati-de-ani-ca-nu-pot-justifica-peste-6-milioane-de-euro-cei-doi-au-fost-cercetati-de-diicot-in-dosarul-creditelor-din-2015\\\/\",\"name\":\"Un judec\u0103tor \u0219i un ofi\u021ber MAI, acuza\u021bi de ANI c\u0103 nu pot justifica peste 6 milioane de euro. Cei doi au fost cerceta\u021bi de DIICOT \u00een \u201edosarul creditelor\u201d din 2015 - Buletin de Bucure\u0219ti\",\"isPartOf\":{\"@id\":\"https:\\\/\\\/buletin.de\\\/bucuresti\\\/#website\"},\"primaryImageOfPage\":{\"@id\":\"https:\\\/\\\/buletin.de\\\/bucuresti\\\/un-judecator-si-un-ofiter-mai-acuzati-de-ani-ca-nu-pot-justifica-peste-6-milioane-de-euro-cei-doi-au-fost-cercetati-de-diicot-in-dosarul-creditelor-din-2015\\\/#primaryimage\"},\"image\":{\"@id\":\"https:\\\/\\\/buletin.de\\\/bucuresti\\\/un-judecator-si-un-ofiter-mai-acuzati-de-ani-ca-nu-pot-justifica-peste-6-milioane-de-euro-cei-doi-au-fost-cercetati-de-diicot-in-dosarul-creditelor-din-2015\\\/#primaryimage\"},\"thumbnailUrl\":\"https:\\\/\\\/buletin.de\\\/bucuresti\\\/wp-content\\\/uploads\\\/mufid-majnun-LVcjYwuHQlg-unsplash-3.jpg\",\"datePublished\":\"2023-10-11T08:51:28+00:00\",\"dateModified\":\"2023-10-11T08:51:29+00:00\",\"breadcrumb\":{\"@id\":\"https:\\\/\\\/buletin.de\\\/bucuresti\\\/un-judecator-si-un-ofiter-mai-acuzati-de-ani-ca-nu-pot-justifica-peste-6-milioane-de-euro-cei-doi-au-fost-cercetati-de-diicot-in-dosarul-creditelor-din-2015\\\/#breadcrumb\"},\"inLanguage\":\"en-GB\",\"potentialAction\":[{\"@type\":\"ReadAction\",\"target\":[\"https:\\\/\\\/buletin.de\\\/bucuresti\\\/un-judecator-si-un-ofiter-mai-acuzati-de-ani-ca-nu-pot-justifica-peste-6-milioane-de-euro-cei-doi-au-fost-cercetati-de-diicot-in-dosarul-creditelor-din-2015\\\/\"]}]},{\"@type\":\"ImageObject\",\"inLanguage\":\"en-GB\",\"@id\":\"https:\\\/\\\/buletin.de\\\/bucuresti\\\/un-judecator-si-un-ofiter-mai-acuzati-de-ani-ca-nu-pot-justifica-peste-6-milioane-de-euro-cei-doi-au-fost-cercetati-de-diicot-in-dosarul-creditelor-din-2015\\\/#primaryimage\",\"url\":\"https:\\\/\\\/buletin.de\\\/bucuresti\\\/wp-content\\\/uploads\\\/mufid-majnun-LVcjYwuHQlg-unsplash-3.jpg\",\"contentUrl\":\"https:\\\/\\\/buletin.de\\\/bucuresti\\\/wp-content\\\/uploads\\\/mufid-majnun-LVcjYwuHQlg-unsplash-3.jpg\",\"width\":2000,\"height\":1333,\"caption\":\"FOTO: unsplash.com\"},{\"@type\":\"BreadcrumbList\",\"@id\":\"https:\\\/\\\/buletin.de\\\/bucuresti\\\/un-judecator-si-un-ofiter-mai-acuzati-de-ani-ca-nu-pot-justifica-peste-6-milioane-de-euro-cei-doi-au-fost-cercetati-de-diicot-in-dosarul-creditelor-din-2015\\\/#breadcrumb\",\"itemListElement\":[{\"@type\":\"ListItem\",\"position\":1,\"name\":\"Acas\u0103\",\"item\":\"https:\\\/\\\/buletin.de\\\/bucuresti\\\/\"},{\"@type\":\"ListItem\",\"position\":2,\"name\":\"Un judec\u0103tor \u0219i un ofi\u021ber MAI, acuza\u021bi de ANI c\u0103 nu pot justifica peste 6 milioane de euro. Cei doi au fost cerceta\u021bi de DIICOT \u00een \u201edosarul creditelor\u201d din 2015\"}]},{\"@type\":\"WebSite\",\"@id\":\"https:\\\/\\\/buletin.de\\\/bucuresti\\\/#website\",\"url\":\"https:\\\/\\\/buletin.de\\\/bucuresti\\\/\",\"name\":\"Buletin de Bucure\u0219ti\",\"description\":\"\u0218tiri \u0219i investiga\u021bii esen\u021biale din capital\u0103\",\"publisher\":{\"@id\":\"https:\\\/\\\/buletin.de\\\/bucuresti\\\/#organization\"},\"potentialAction\":[{\"@type\":\"SearchAction\",\"target\":{\"@type\":\"EntryPoint\",\"urlTemplate\":\"https:\\\/\\\/buletin.de\\\/bucuresti\\\/?s={search_term_string}\"},\"query-input\":{\"@type\":\"PropertyValueSpecification\",\"valueRequired\":true,\"valueName\":\"search_term_string\"}}],\"inLanguage\":\"en-GB\"},{\"@type\":\"Organization\",\"@id\":\"https:\\\/\\\/buletin.de\\\/bucuresti\\\/#organization\",\"name\":\"Buletin de Bucure\u0219ti\",\"url\":\"https:\\\/\\\/buletin.de\\\/bucuresti\\\/\",\"logo\":{\"@type\":\"ImageObject\",\"inLanguage\":\"en-GB\",\"@id\":\"https:\\\/\\\/buletin.de\\\/bucuresti\\\/#\\\/schema\\\/logo\\\/image\\\/\",\"url\":\"https:\\\/\\\/buletin.de\\\/bucuresti\\\/wp-content\\\/uploads\\\/logo-bdb-full-wide-vernil-transparent.png\",\"contentUrl\":\"https:\\\/\\\/buletin.de\\\/bucuresti\\\/wp-content\\\/uploads\\\/logo-bdb-full-wide-vernil-transparent.png\",\"width\":1782,\"height\":626,\"caption\":\"Buletin de Bucure\u0219ti\"},\"image\":{\"@id\":\"https:\\\/\\\/buletin.de\\\/bucuresti\\\/#\\\/schema\\\/logo\\\/image\\\/\"},\"sameAs\":[\"https:\\\/\\\/www.facebook.com\\\/buletin.de.buc\",\"https:\\\/\\\/www.instagram.com\\\/buletinde.bucuresti\\\/\"]},{\"@type\":\"Person\",\"@id\":\"https:\\\/\\\/buletin.de\\\/bucuresti\\\/#\\\/schema\\\/person\\\/ab174cf6711728e4ee83d672acf9a912\",\"name\":\"Adina C\u0103p\u00eelnean\",\"image\":{\"@type\":\"ImageObject\",\"inLanguage\":\"en-GB\",\"@id\":\"https:\\\/\\\/secure.gravatar.com\\\/avatar\\\/4fe9675d6282fd7c1aa4e486a037d532d5728fc16a30360f293eb6126b2e73ad?s=96&d=monsterid&r=ge2b23868508aec3460d3c6a11d3b599a\",\"url\":\"https:\\\/\\\/secure.gravatar.com\\\/avatar\\\/4fe9675d6282fd7c1aa4e486a037d532d5728fc16a30360f293eb6126b2e73ad?s=96&d=monsterid&r=g\",\"contentUrl\":\"https:\\\/\\\/secure.gravatar.com\\\/avatar\\\/4fe9675d6282fd7c1aa4e486a037d532d5728fc16a30360f293eb6126b2e73ad?s=96&d=monsterid&r=g\",\"caption\":\"Adina C\u0103p\u00eelnean\"},\"url\":\"https:\\\/\\\/buletin.de\\\/bucuresti\\\/author\\\/adinacapilnean\\\/\"}]}<\/script>\n<!-- \/ Yoast SEO Premium plugin. -->","yoast_head_json":{"title":"Un judec\u0103tor \u0219i un ofi\u021ber MAI, acuza\u021bi de ANI c\u0103 nu pot justifica peste 6 milioane de euro. Cei doi au fost cerceta\u021bi de DIICOT \u00een \u201edosarul creditelor\u201d din 2015 - Buletin de Bucure\u0219ti","robots":{"index":"index","follow":"follow","max-snippet":"max-snippet:-1","max-image-preview":"max-image-preview:large","max-video-preview":"max-video-preview:-1"},"canonical":"https:\/\/buletin.de\/bucuresti\/un-judecator-si-un-ofiter-mai-acuzati-de-ani-ca-nu-pot-justifica-peste-6-milioane-de-euro-cei-doi-au-fost-cercetati-de-diicot-in-dosarul-creditelor-din-2015\/","og_locale":"en_GB","og_type":"article","og_title":"Un judec\u0103tor \u0219i un ofi\u021ber MAI, acuza\u021bi de ANI c\u0103 nu pot justifica peste 6 milioane de euro. Cei doi au fost cerceta\u021bi de DIICOT \u00een \u201edosarul creditelor\u201d din 2015","og_description":"Un judec\u0103tor din cadrul Tribunalului Bucure\u0219ti \u0219i un func\u021bionar public cu statut special\u00a0 \u00een cadrul\u00a0 Direc\u021biei Generale de Poli\u021bie a Municipiului Bucure\u0219ti sunt acuza\u021bi de Agen\u021bia Na\u021bional\u0103 de Integritate (ANI) de o diferen\u021b\u0103 nejustificabil\u0103 dintre venituri \u0219i avere: de 6 milioane de euro, respectiv 240 mii de euro, pe perioada exercit\u0103rii func\u021biilor publice. Cei doi [&hellip;]","og_url":"https:\/\/buletin.de\/bucuresti\/un-judecator-si-un-ofiter-mai-acuzati-de-ani-ca-nu-pot-justifica-peste-6-milioane-de-euro-cei-doi-au-fost-cercetati-de-diicot-in-dosarul-creditelor-din-2015\/","og_site_name":"Buletin de Bucure\u0219ti","article_publisher":"https:\/\/www.facebook.com\/buletin.de.buc","article_published_time":"2023-10-11T08:51:28+00:00","article_modified_time":"2023-10-11T08:51:29+00:00","og_image":[{"width":2000,"height":1333,"url":"https:\/\/buletin.de\/bucuresti\/wp-content\/uploads\/mufid-majnun-LVcjYwuHQlg-unsplash-3.jpg","type":"image\/jpeg"}],"author":"Adina C\u0103p\u00eelnean","twitter_card":"summary_large_image","twitter_misc":{"Written by":"Adina C\u0103p\u00eelnean","Estimated reading time":"3 minutes"},"schema":{"@context":"https:\/\/schema.org","@graph":[{"@type":"Article","@id":"https:\/\/buletin.de\/bucuresti\/un-judecator-si-un-ofiter-mai-acuzati-de-ani-ca-nu-pot-justifica-peste-6-milioane-de-euro-cei-doi-au-fost-cercetati-de-diicot-in-dosarul-creditelor-din-2015\/#article","isPartOf":{"@id":"https:\/\/buletin.de\/bucuresti\/un-judecator-si-un-ofiter-mai-acuzati-de-ani-ca-nu-pot-justifica-peste-6-milioane-de-euro-cei-doi-au-fost-cercetati-de-diicot-in-dosarul-creditelor-din-2015\/"},"author":{"name":"Adina C\u0103p\u00eelnean","@id":"https:\/\/buletin.de\/bucuresti\/#\/schema\/person\/ab174cf6711728e4ee83d672acf9a912"},"headline":"Un judec\u0103tor \u0219i un ofi\u021ber MAI, acuza\u021bi de ANI c\u0103 nu pot justifica peste 6 milioane de euro. Cei doi au fost cerceta\u021bi de DIICOT \u00een \u201edosarul creditelor\u201d din 2015","datePublished":"2023-10-11T08:51:28+00:00","dateModified":"2023-10-11T08:51:29+00:00","mainEntityOfPage":{"@id":"https:\/\/buletin.de\/bucuresti\/un-judecator-si-un-ofiter-mai-acuzati-de-ani-ca-nu-pot-justifica-peste-6-milioane-de-euro-cei-doi-au-fost-cercetati-de-diicot-in-dosarul-creditelor-din-2015\/"},"wordCount":593,"publisher":{"@id":"https:\/\/buletin.de\/bucuresti\/#organization"},"image":{"@id":"https:\/\/buletin.de\/bucuresti\/un-judecator-si-un-ofiter-mai-acuzati-de-ani-ca-nu-pot-justifica-peste-6-milioane-de-euro-cei-doi-au-fost-cercetati-de-diicot-in-dosarul-creditelor-din-2015\/#primaryimage"},"thumbnailUrl":"https:\/\/buletin.de\/bucuresti\/wp-content\/uploads\/mufid-majnun-LVcjYwuHQlg-unsplash-3.jpg","keywords":["agentia nationala de integritate","ani","brd","bucuresti","diicot","dosarul creditelor","judecator","mazilu","nicorosteanu","ofiter","politist"],"articleSection":["Articole","Main"],"inLanguage":"en-GB","copyrightYear":"2023","copyrightHolder":{"@id":"https:\/\/buletin.de\/bucuresti\/#organization"}},{"@type":"WebPage","@id":"https:\/\/buletin.de\/bucuresti\/un-judecator-si-un-ofiter-mai-acuzati-de-ani-ca-nu-pot-justifica-peste-6-milioane-de-euro-cei-doi-au-fost-cercetati-de-diicot-in-dosarul-creditelor-din-2015\/","url":"https:\/\/buletin.de\/bucuresti\/un-judecator-si-un-ofiter-mai-acuzati-de-ani-ca-nu-pot-justifica-peste-6-milioane-de-euro-cei-doi-au-fost-cercetati-de-diicot-in-dosarul-creditelor-din-2015\/","name":"Un judec\u0103tor \u0219i un ofi\u021ber MAI, acuza\u021bi de ANI c\u0103 nu pot justifica peste 6 milioane de euro. Cei doi au fost cerceta\u021bi de DIICOT \u00een \u201edosarul creditelor\u201d din 2015 - Buletin de Bucure\u0219ti","isPartOf":{"@id":"https:\/\/buletin.de\/bucuresti\/#website"},"primaryImageOfPage":{"@id":"https:\/\/buletin.de\/bucuresti\/un-judecator-si-un-ofiter-mai-acuzati-de-ani-ca-nu-pot-justifica-peste-6-milioane-de-euro-cei-doi-au-fost-cercetati-de-diicot-in-dosarul-creditelor-din-2015\/#primaryimage"},"image":{"@id":"https:\/\/buletin.de\/bucuresti\/un-judecator-si-un-ofiter-mai-acuzati-de-ani-ca-nu-pot-justifica-peste-6-milioane-de-euro-cei-doi-au-fost-cercetati-de-diicot-in-dosarul-creditelor-din-2015\/#primaryimage"},"thumbnailUrl":"https:\/\/buletin.de\/bucuresti\/wp-content\/uploads\/mufid-majnun-LVcjYwuHQlg-unsplash-3.jpg","datePublished":"2023-10-11T08:51:28+00:00","dateModified":"2023-10-11T08:51:29+00:00","breadcrumb":{"@id":"https:\/\/buletin.de\/bucuresti\/un-judecator-si-un-ofiter-mai-acuzati-de-ani-ca-nu-pot-justifica-peste-6-milioane-de-euro-cei-doi-au-fost-cercetati-de-diicot-in-dosarul-creditelor-din-2015\/#breadcrumb"},"inLanguage":"en-GB","potentialAction":[{"@type":"ReadAction","target":["https:\/\/buletin.de\/bucuresti\/un-judecator-si-un-ofiter-mai-acuzati-de-ani-ca-nu-pot-justifica-peste-6-milioane-de-euro-cei-doi-au-fost-cercetati-de-diicot-in-dosarul-creditelor-din-2015\/"]}]},{"@type":"ImageObject","inLanguage":"en-GB","@id":"https:\/\/buletin.de\/bucuresti\/un-judecator-si-un-ofiter-mai-acuzati-de-ani-ca-nu-pot-justifica-peste-6-milioane-de-euro-cei-doi-au-fost-cercetati-de-diicot-in-dosarul-creditelor-din-2015\/#primaryimage","url":"https:\/\/buletin.de\/bucuresti\/wp-content\/uploads\/mufid-majnun-LVcjYwuHQlg-unsplash-3.jpg","contentUrl":"https:\/\/buletin.de\/bucuresti\/wp-content\/uploads\/mufid-majnun-LVcjYwuHQlg-unsplash-3.jpg","width":2000,"height":1333,"caption":"FOTO: unsplash.com"},{"@type":"BreadcrumbList","@id":"https:\/\/buletin.de\/bucuresti\/un-judecator-si-un-ofiter-mai-acuzati-de-ani-ca-nu-pot-justifica-peste-6-milioane-de-euro-cei-doi-au-fost-cercetati-de-diicot-in-dosarul-creditelor-din-2015\/#breadcrumb","itemListElement":[{"@type":"ListItem","position":1,"name":"Acas\u0103","item":"https:\/\/buletin.de\/bucuresti\/"},{"@type":"ListItem","position":2,"name":"Un judec\u0103tor \u0219i un ofi\u021ber MAI, acuza\u021bi de ANI c\u0103 nu pot justifica peste 6 milioane de euro. Cei doi au fost cerceta\u021bi de DIICOT \u00een \u201edosarul creditelor\u201d din 2015"}]},{"@type":"WebSite","@id":"https:\/\/buletin.de\/bucuresti\/#website","url":"https:\/\/buletin.de\/bucuresti\/","name":"Buletin de Bucure\u0219ti","description":"\u0218tiri \u0219i investiga\u021bii esen\u021biale din capital\u0103","publisher":{"@id":"https:\/\/buletin.de\/bucuresti\/#organization"},"potentialAction":[{"@type":"SearchAction","target":{"@type":"EntryPoint","urlTemplate":"https:\/\/buletin.de\/bucuresti\/?s={search_term_string}"},"query-input":{"@type":"PropertyValueSpecification","valueRequired":true,"valueName":"search_term_string"}}],"inLanguage":"en-GB"},{"@type":"Organization","@id":"https:\/\/buletin.de\/bucuresti\/#organization","name":"Buletin de Bucure\u0219ti","url":"https:\/\/buletin.de\/bucuresti\/","logo":{"@type":"ImageObject","inLanguage":"en-GB","@id":"https:\/\/buletin.de\/bucuresti\/#\/schema\/logo\/image\/","url":"https:\/\/buletin.de\/bucuresti\/wp-content\/uploads\/logo-bdb-full-wide-vernil-transparent.png","contentUrl":"https:\/\/buletin.de\/bucuresti\/wp-content\/uploads\/logo-bdb-full-wide-vernil-transparent.png","width":1782,"height":626,"caption":"Buletin de Bucure\u0219ti"},"image":{"@id":"https:\/\/buletin.de\/bucuresti\/#\/schema\/logo\/image\/"},"sameAs":["https:\/\/www.facebook.com\/buletin.de.buc","https:\/\/www.instagram.com\/buletinde.bucuresti\/"]},{"@type":"Person","@id":"https:\/\/buletin.de\/bucuresti\/#\/schema\/person\/ab174cf6711728e4ee83d672acf9a912","name":"Adina C\u0103p\u00eelnean","image":{"@type":"ImageObject","inLanguage":"en-GB","@id":"https:\/\/secure.gravatar.com\/avatar\/4fe9675d6282fd7c1aa4e486a037d532d5728fc16a30360f293eb6126b2e73ad?s=96&d=monsterid&r=ge2b23868508aec3460d3c6a11d3b599a","url":"https:\/\/secure.gravatar.com\/avatar\/4fe9675d6282fd7c1aa4e486a037d532d5728fc16a30360f293eb6126b2e73ad?s=96&d=monsterid&r=g","contentUrl":"https:\/\/secure.gravatar.com\/avatar\/4fe9675d6282fd7c1aa4e486a037d532d5728fc16a30360f293eb6126b2e73ad?s=96&d=monsterid&r=g","caption":"Adina C\u0103p\u00eelnean"},"url":"https:\/\/buletin.de\/bucuresti\/author\/adinacapilnean\/"}]}},"authors":[{"term_id":22580,"user_id":47,"is_guest":0,"slug":"adinacapilnean","display_name":"Adina C\u0103p\u00eelnean","avatar_url":"https:\/\/secure.gravatar.com\/avatar\/4fe9675d6282fd7c1aa4e486a037d532d5728fc16a30360f293eb6126b2e73ad?s=96&d=monsterid&r=g","0":null,"1":"","2":"","3":"","4":"","5":"","6":"","7":"","8":""}],"_links":{"self":[{"href":"https:\/\/buletin.de\/bucuresti\/wp-json\/wp\/v2\/posts\/66572","targetHints":{"allow":["GET"]}}],"collection":[{"href":"https:\/\/buletin.de\/bucuresti\/wp-json\/wp\/v2\/posts"}],"about":[{"href":"https:\/\/buletin.de\/bucuresti\/wp-json\/wp\/v2\/types\/post"}],"author":[{"embeddable":true,"href":"https:\/\/buletin.de\/bucuresti\/wp-json\/wp\/v2\/users\/47"}],"replies":[{"embeddable":true,"href":"https:\/\/buletin.de\/bucuresti\/wp-json\/wp\/v2\/comments?post=66572"}],"version-history":[{"count":2,"href":"https:\/\/buletin.de\/bucuresti\/wp-json\/wp\/v2\/posts\/66572\/revisions"}],"predecessor-version":[{"id":66576,"href":"https:\/\/buletin.de\/bucuresti\/wp-json\/wp\/v2\/posts\/66572\/revisions\/66576"}],"wp:featuredmedia":[{"embeddable":true,"href":"https:\/\/buletin.de\/bucuresti\/wp-json\/wp\/v2\/media\/66575"}],"wp:attachment":[{"href":"https:\/\/buletin.de\/bucuresti\/wp-json\/wp\/v2\/media?parent=66572"}],"wp:term":[{"taxonomy":"category","embeddable":true,"href":"https:\/\/buletin.de\/bucuresti\/wp-json\/wp\/v2\/categories?post=66572"},{"taxonomy":"post_tag","embeddable":true,"href":"https:\/\/buletin.de\/bucuresti\/wp-json\/wp\/v2\/tags?post=66572"},{"taxonomy":"author","embeddable":true,"href":"https:\/\/buletin.de\/bucuresti\/wp-json\/wp\/v2\/ppma_author?post=66572"}],"curies":[{"name":"wp","href":"https:\/\/api.w.org\/{rel}","templated":true}]}}