{"id":65999,"date":"2023-10-05T07:07:57","date_gmt":"2023-10-05T05:07:57","guid":{"rendered":"https:\/\/buletin.de\/bucuresti\/?p=65999"},"modified":"2023-10-05T13:47:51","modified_gmt":"2023-10-05T11:47:51","slug":"tarifele-pentru-cainii-adoptati-la-distanta-majorate-de-trei-ori-pmb-a-pus-in-dezbatere-publica-noile-preturi","status":"publish","type":"post","link":"https:\/\/buletin.de\/bucuresti\/tarifele-pentru-cainii-adoptati-la-distanta-majorate-de-trei-ori-pmb-a-pus-in-dezbatere-publica-noile-preturi\/","title":{"rendered":"Tarifele pentru c\u00e2inii adopta\u021bi la distan\u021b\u0103, majorate de trei ori. PMB a pus \u00een dezbatere public\u0103 noile pre\u021buri"},"content":{"rendered":"\n<p><strong>Prim\u0103ria Capitalei vrea s\u0103 creasc\u0103 tarifele pentru \u00eentre\u021binerea c\u00e2inilor f\u0103r\u0103 st\u0103p\u00e2n, adopta\u021bi la distan\u021b\u0103, din ad\u0103posturile Autorit\u0103\u021bii pentru Supravegherea \u0219i Protec\u021bia Animalelor. Scopul proiectului de hot\u0103r\u00e2re \u00eel reprezint\u0103 contribu\u021bia persoanelor fizice \u0219i juridice la \u00eengrijirea acestora.<\/strong><\/p>\n\n\n\n<p>Prin acest proiect se promoveaz\u0103 \u0219i adop\u021bia final\u0103 a c\u00e2inilor f\u0103r\u0103 st\u0103p\u00e2n.<\/p>\n\n\n\n<p><em>\u201eEvaluarea impactului cre\u0219terii pre\u021burilor la elementele de cost (hran\u0103, utilit\u0103\u021bi, materiale, precum \u0219i cre\u0219terea salariului minim brut pe economie din ultimii 6 ani) impune, implicit, necesitatea cre\u0219terii tarifului de \u00eentre\u021binere \u00een ad\u0103posturile Autorit\u0103\u021bii pentru Supravegherea \u0219i Protec\u021bia Animalelor a c\u00e2inilor adopta\u021bi la distan\u021b\u0103, \u00een sensul major\u0103rii tarifului de la 6,5 lei\/zi\/c\u00e2ine cazat Ia 21 lei\/zi\/c\u00e2ine cazat&#8221;,<\/em> se precizeaz\u0103 \u00een Proiectul de hot\u0103r\u00e2re.<\/p>\n\n\n\n<p>\u00cen prezent, tariful de \u00eentre\u021binere, \u00een ad\u0103posturile ASPA, a c\u00e2inilor f\u0103r\u0103 st\u0103p\u00e2n adopta\u021bi la distan\u021b\u0103 este de 6,5 lei\/zi\/c\u00e2ine cazat.<\/p>\n\n\n\n<p>Adop\u021bia la distan\u021b\u0103, conform legisla\u021biei \u00een vigoare, reprezint\u0103 procedura prin care persoanele fizice \u0219i\/sau juridice \u00ee\u0219i pot asuma responsabilitatea suport\u0103rii cheltuielilor necesare \u00eentre\u021binerii c\u00e2inilor f\u0103r\u0103 st\u0103p\u00e2n \u00een ad\u0103posturile publice peste perioada prev\u0103zut\u0103 \u00een actele normative. <\/p>\n\n\n\n<p>Propuneri, sugestii, opinii cu valoare de recomandare, privind proiectul de act normativ supus procedurii de transparen\u021b\u0103 decizional\u0103, se pot depune p\u00e2n\u0103 la data de 18.10.2023.<\/p>\n","protected":false},"excerpt":{"rendered":"<p>Prim\u0103ria Capitalei vrea s\u0103 creasc\u0103 tarifele pentru \u00eentre\u021binerea c\u00e2inilor f\u0103r\u0103 st\u0103p\u00e2n, adopta\u021bi la distan\u021b\u0103, din ad\u0103posturile Autorit\u0103\u021bii pentru Supravegherea \u0219i Protec\u021bia Animalelor. Scopul proiectului de hot\u0103r\u00e2re \u00eel reprezint\u0103 contribu\u021bia persoanelor fizice \u0219i juridice la \u00eengrijirea acestora. Prin acest proiect se promoveaz\u0103 \u0219i adop\u021bia final\u0103 a c\u00e2inilor f\u0103r\u0103 st\u0103p\u00e2n. \u201eEvaluarea impactului cre\u0219terii pre\u021burilor la elementele de [&hellip;]<\/p>\n","protected":false},"author":49,"featured_media":60908,"comment_status":"closed","ping_status":"open","sticky":false,"template":"","format":"standard","meta":{"_acf_changed":false,"inline_featured_image":false,"ngg_post_thumbnail":0,"footnotes":""},"categories":[6994,5762,24,62],"tags":[7251,7252,3229,104,2565],"ppma_author":[22574],"class_list":["post-65999","post","type-post","status-publish","format-standard","has-post-thumbnail","hentry","category-stiri-2","category-main","category-primarie","category-stiri","tag-adoptie-caini","tag-adoptie-la-distanta","tag-aspa","tag-pmb","tag-tarife"],"acf":[],"yoast_head":"<!-- This site is optimized with the Yoast SEO Premium plugin v25.3 (Yoast SEO v27.4) - https:\/\/yoast.com\/product\/yoast-seo-premium-wordpress\/ -->\n<title>Tarifele pentru c\u00e2inii adopta\u021bi la distan\u021b\u0103, majorate de trei ori. PMB a pus \u00een dezbatere public\u0103 noile pre\u021buri - Buletin de Bucure\u0219ti<\/title>\n<meta name=\"robots\" content=\"index, follow, max-snippet:-1, max-image-preview:large, max-video-preview:-1\" \/>\n<link rel=\"canonical\" href=\"https:\/\/buletin.de\/bucuresti\/tarifele-pentru-cainii-adoptati-la-distanta-majorate-de-trei-ori-pmb-a-pus-in-dezbatere-publica-noile-preturi\/\" \/>\n<meta property=\"og:locale\" content=\"en_GB\" \/>\n<meta property=\"og:type\" content=\"article\" \/>\n<meta property=\"og:title\" content=\"Tarifele pentru c\u00e2inii adopta\u021bi la distan\u021b\u0103, majorate de trei ori. PMB a pus \u00een dezbatere public\u0103 noile pre\u021buri\" \/>\n<meta property=\"og:description\" content=\"Prim\u0103ria Capitalei vrea s\u0103 creasc\u0103 tarifele pentru \u00eentre\u021binerea c\u00e2inilor f\u0103r\u0103 st\u0103p\u00e2n, adopta\u021bi la distan\u021b\u0103, din ad\u0103posturile Autorit\u0103\u021bii pentru Supravegherea \u0219i Protec\u021bia Animalelor. Scopul proiectului de hot\u0103r\u00e2re \u00eel reprezint\u0103 contribu\u021bia persoanelor fizice \u0219i juridice la \u00eengrijirea acestora. Prin acest proiect se promoveaz\u0103 \u0219i adop\u021bia final\u0103 a c\u00e2inilor f\u0103r\u0103 st\u0103p\u00e2n. \u201eEvaluarea impactului cre\u0219terii pre\u021burilor la elementele de [&hellip;]\" \/>\n<meta property=\"og:url\" content=\"https:\/\/buletin.de\/bucuresti\/tarifele-pentru-cainii-adoptati-la-distanta-majorate-de-trei-ori-pmb-a-pus-in-dezbatere-publica-noile-preturi\/\" \/>\n<meta property=\"og:site_name\" content=\"Buletin de Bucure\u0219ti\" \/>\n<meta property=\"article:publisher\" content=\"https:\/\/www.facebook.com\/buletin.de.buc\" \/>\n<meta property=\"article:published_time\" content=\"2023-10-05T05:07:57+00:00\" \/>\n<meta property=\"article:modified_time\" content=\"2023-10-05T11:47:51+00:00\" \/>\n<meta property=\"og:image\" content=\"https:\/\/buletin.de\/bucuresti\/wp-content\/uploads\/catei.jpg\" \/>\n\t<meta property=\"og:image:width\" content=\"1440\" \/>\n\t<meta property=\"og:image:height\" content=\"1370\" \/>\n\t<meta property=\"og:image:type\" content=\"image\/jpeg\" \/>\n<meta name=\"author\" content=\"Diana Matei\" \/>\n<meta name=\"twitter:card\" content=\"summary_large_image\" \/>\n<meta name=\"twitter:label1\" content=\"Written by\" \/>\n\t<meta name=\"twitter:data1\" content=\"Diana Matei\" \/>\n\t<meta name=\"twitter:label2\" content=\"Estimated reading time\" \/>\n\t<meta name=\"twitter:data2\" content=\"1 minute\" \/>\n<script type=\"application\/ld+json\" class=\"yoast-schema-graph\">{\"@context\":\"https:\\\/\\\/schema.org\",\"@graph\":[{\"@type\":\"Article\",\"@id\":\"https:\\\/\\\/buletin.de\\\/bucuresti\\\/tarifele-pentru-cainii-adoptati-la-distanta-majorate-de-trei-ori-pmb-a-pus-in-dezbatere-publica-noile-preturi\\\/#article\",\"isPartOf\":{\"@id\":\"https:\\\/\\\/buletin.de\\\/bucuresti\\\/tarifele-pentru-cainii-adoptati-la-distanta-majorate-de-trei-ori-pmb-a-pus-in-dezbatere-publica-noile-preturi\\\/\"},\"author\":{\"name\":\"Diana Matei\",\"@id\":\"https:\\\/\\\/buletin.de\\\/bucuresti\\\/#\\\/schema\\\/person\\\/7e46040573290777280a0835d81ea4ea\"},\"headline\":\"Tarifele pentru c\u00e2inii adopta\u021bi la distan\u021b\u0103, majorate de trei ori. PMB a pus \u00een dezbatere public\u0103 noile pre\u021buri\",\"datePublished\":\"2023-10-05T05:07:57+00:00\",\"dateModified\":\"2023-10-05T11:47:51+00:00\",\"mainEntityOfPage\":{\"@id\":\"https:\\\/\\\/buletin.de\\\/bucuresti\\\/tarifele-pentru-cainii-adoptati-la-distanta-majorate-de-trei-ori-pmb-a-pus-in-dezbatere-publica-noile-preturi\\\/\"},\"wordCount\":266,\"publisher\":{\"@id\":\"https:\\\/\\\/buletin.de\\\/bucuresti\\\/#organization\"},\"image\":{\"@id\":\"https:\\\/\\\/buletin.de\\\/bucuresti\\\/tarifele-pentru-cainii-adoptati-la-distanta-majorate-de-trei-ori-pmb-a-pus-in-dezbatere-publica-noile-preturi\\\/#primaryimage\"},\"thumbnailUrl\":\"https:\\\/\\\/buletin.de\\\/bucuresti\\\/wp-content\\\/uploads\\\/catei.jpg\",\"keywords\":[\"adoptie caini\",\"adoptie la distanta\",\"aspa\",\"pmb\",\"tarife\"],\"articleSection\":[\"Articole\",\"Main\",\"Prim\u0103rie\",\"\u0218tiri\"],\"inLanguage\":\"en-GB\",\"copyrightYear\":\"2023\",\"copyrightHolder\":{\"@id\":\"https:\\\/\\\/buletin.de\\\/bucuresti\\\/#organization\"}},{\"@type\":\"WebPage\",\"@id\":\"https:\\\/\\\/buletin.de\\\/bucuresti\\\/tarifele-pentru-cainii-adoptati-la-distanta-majorate-de-trei-ori-pmb-a-pus-in-dezbatere-publica-noile-preturi\\\/\",\"url\":\"https:\\\/\\\/buletin.de\\\/bucuresti\\\/tarifele-pentru-cainii-adoptati-la-distanta-majorate-de-trei-ori-pmb-a-pus-in-dezbatere-publica-noile-preturi\\\/\",\"name\":\"Tarifele pentru c\u00e2inii adopta\u021bi la distan\u021b\u0103, majorate de trei ori. PMB a pus \u00een dezbatere public\u0103 noile pre\u021buri - Buletin de Bucure\u0219ti\",\"isPartOf\":{\"@id\":\"https:\\\/\\\/buletin.de\\\/bucuresti\\\/#website\"},\"primaryImageOfPage\":{\"@id\":\"https:\\\/\\\/buletin.de\\\/bucuresti\\\/tarifele-pentru-cainii-adoptati-la-distanta-majorate-de-trei-ori-pmb-a-pus-in-dezbatere-publica-noile-preturi\\\/#primaryimage\"},\"image\":{\"@id\":\"https:\\\/\\\/buletin.de\\\/bucuresti\\\/tarifele-pentru-cainii-adoptati-la-distanta-majorate-de-trei-ori-pmb-a-pus-in-dezbatere-publica-noile-preturi\\\/#primaryimage\"},\"thumbnailUrl\":\"https:\\\/\\\/buletin.de\\\/bucuresti\\\/wp-content\\\/uploads\\\/catei.jpg\",\"datePublished\":\"2023-10-05T05:07:57+00:00\",\"dateModified\":\"2023-10-05T11:47:51+00:00\",\"breadcrumb\":{\"@id\":\"https:\\\/\\\/buletin.de\\\/bucuresti\\\/tarifele-pentru-cainii-adoptati-la-distanta-majorate-de-trei-ori-pmb-a-pus-in-dezbatere-publica-noile-preturi\\\/#breadcrumb\"},\"inLanguage\":\"en-GB\",\"potentialAction\":[{\"@type\":\"ReadAction\",\"target\":[\"https:\\\/\\\/buletin.de\\\/bucuresti\\\/tarifele-pentru-cainii-adoptati-la-distanta-majorate-de-trei-ori-pmb-a-pus-in-dezbatere-publica-noile-preturi\\\/\"]}]},{\"@type\":\"ImageObject\",\"inLanguage\":\"en-GB\",\"@id\":\"https:\\\/\\\/buletin.de\\\/bucuresti\\\/tarifele-pentru-cainii-adoptati-la-distanta-majorate-de-trei-ori-pmb-a-pus-in-dezbatere-publica-noile-preturi\\\/#primaryimage\",\"url\":\"https:\\\/\\\/buletin.de\\\/bucuresti\\\/wp-content\\\/uploads\\\/catei.jpg\",\"contentUrl\":\"https:\\\/\\\/buletin.de\\\/bucuresti\\\/wp-content\\\/uploads\\\/catei.jpg\",\"width\":1440,\"height\":1370,\"caption\":\"Foto: ASPA\"},{\"@type\":\"BreadcrumbList\",\"@id\":\"https:\\\/\\\/buletin.de\\\/bucuresti\\\/tarifele-pentru-cainii-adoptati-la-distanta-majorate-de-trei-ori-pmb-a-pus-in-dezbatere-publica-noile-preturi\\\/#breadcrumb\",\"itemListElement\":[{\"@type\":\"ListItem\",\"position\":1,\"name\":\"Acas\u0103\",\"item\":\"https:\\\/\\\/buletin.de\\\/bucuresti\\\/\"},{\"@type\":\"ListItem\",\"position\":2,\"name\":\"Tarifele pentru c\u00e2inii adopta\u021bi la distan\u021b\u0103, majorate de trei ori. PMB a pus \u00een dezbatere public\u0103 noile pre\u021buri\"}]},{\"@type\":\"WebSite\",\"@id\":\"https:\\\/\\\/buletin.de\\\/bucuresti\\\/#website\",\"url\":\"https:\\\/\\\/buletin.de\\\/bucuresti\\\/\",\"name\":\"Buletin de Bucure\u0219ti\",\"description\":\"\u0218tiri \u0219i investiga\u021bii esen\u021biale din capital\u0103\",\"publisher\":{\"@id\":\"https:\\\/\\\/buletin.de\\\/bucuresti\\\/#organization\"},\"potentialAction\":[{\"@type\":\"SearchAction\",\"target\":{\"@type\":\"EntryPoint\",\"urlTemplate\":\"https:\\\/\\\/buletin.de\\\/bucuresti\\\/?s={search_term_string}\"},\"query-input\":{\"@type\":\"PropertyValueSpecification\",\"valueRequired\":true,\"valueName\":\"search_term_string\"}}],\"inLanguage\":\"en-GB\"},{\"@type\":\"Organization\",\"@id\":\"https:\\\/\\\/buletin.de\\\/bucuresti\\\/#organization\",\"name\":\"Buletin de Bucure\u0219ti\",\"url\":\"https:\\\/\\\/buletin.de\\\/bucuresti\\\/\",\"logo\":{\"@type\":\"ImageObject\",\"inLanguage\":\"en-GB\",\"@id\":\"https:\\\/\\\/buletin.de\\\/bucuresti\\\/#\\\/schema\\\/logo\\\/image\\\/\",\"url\":\"https:\\\/\\\/buletin.de\\\/bucuresti\\\/wp-content\\\/uploads\\\/logo-bdb-full-wide-vernil-transparent.png\",\"contentUrl\":\"https:\\\/\\\/buletin.de\\\/bucuresti\\\/wp-content\\\/uploads\\\/logo-bdb-full-wide-vernil-transparent.png\",\"width\":1782,\"height\":626,\"caption\":\"Buletin de Bucure\u0219ti\"},\"image\":{\"@id\":\"https:\\\/\\\/buletin.de\\\/bucuresti\\\/#\\\/schema\\\/logo\\\/image\\\/\"},\"sameAs\":[\"https:\\\/\\\/www.facebook.com\\\/buletin.de.buc\",\"https:\\\/\\\/www.instagram.com\\\/buletinde.bucuresti\\\/\"]},{\"@type\":\"Person\",\"@id\":\"https:\\\/\\\/buletin.de\\\/bucuresti\\\/#\\\/schema\\\/person\\\/7e46040573290777280a0835d81ea4ea\",\"name\":\"Diana Matei\",\"image\":{\"@type\":\"ImageObject\",\"inLanguage\":\"en-GB\",\"@id\":\"https:\\\/\\\/buletin.de\\\/bucuresti\\\/wp-content\\\/uploads\\\/9-2-96x96.jpg1e8590b30871d70e62ebcdaf2eff570c\",\"url\":\"https:\\\/\\\/buletin.de\\\/bucuresti\\\/wp-content\\\/uploads\\\/9-2-96x96.jpg\",\"contentUrl\":\"https:\\\/\\\/buletin.de\\\/bucuresti\\\/wp-content\\\/uploads\\\/9-2-96x96.jpg\",\"caption\":\"Diana Matei\"},\"url\":\"https:\\\/\\\/buletin.de\\\/bucuresti\\\/author\\\/dianamatei\\\/\"}]}<\/script>\n<!-- \/ Yoast SEO Premium plugin. -->","yoast_head_json":{"title":"Tarifele pentru c\u00e2inii adopta\u021bi la distan\u021b\u0103, majorate de trei ori. PMB a pus \u00een dezbatere public\u0103 noile pre\u021buri - Buletin de Bucure\u0219ti","robots":{"index":"index","follow":"follow","max-snippet":"max-snippet:-1","max-image-preview":"max-image-preview:large","max-video-preview":"max-video-preview:-1"},"canonical":"https:\/\/buletin.de\/bucuresti\/tarifele-pentru-cainii-adoptati-la-distanta-majorate-de-trei-ori-pmb-a-pus-in-dezbatere-publica-noile-preturi\/","og_locale":"en_GB","og_type":"article","og_title":"Tarifele pentru c\u00e2inii adopta\u021bi la distan\u021b\u0103, majorate de trei ori. PMB a pus \u00een dezbatere public\u0103 noile pre\u021buri","og_description":"Prim\u0103ria Capitalei vrea s\u0103 creasc\u0103 tarifele pentru \u00eentre\u021binerea c\u00e2inilor f\u0103r\u0103 st\u0103p\u00e2n, adopta\u021bi la distan\u021b\u0103, din ad\u0103posturile Autorit\u0103\u021bii pentru Supravegherea \u0219i Protec\u021bia Animalelor. Scopul proiectului de hot\u0103r\u00e2re \u00eel reprezint\u0103 contribu\u021bia persoanelor fizice \u0219i juridice la \u00eengrijirea acestora. Prin acest proiect se promoveaz\u0103 \u0219i adop\u021bia final\u0103 a c\u00e2inilor f\u0103r\u0103 st\u0103p\u00e2n. \u201eEvaluarea impactului cre\u0219terii pre\u021burilor la elementele de [&hellip;]","og_url":"https:\/\/buletin.de\/bucuresti\/tarifele-pentru-cainii-adoptati-la-distanta-majorate-de-trei-ori-pmb-a-pus-in-dezbatere-publica-noile-preturi\/","og_site_name":"Buletin de Bucure\u0219ti","article_publisher":"https:\/\/www.facebook.com\/buletin.de.buc","article_published_time":"2023-10-05T05:07:57+00:00","article_modified_time":"2023-10-05T11:47:51+00:00","og_image":[{"width":1440,"height":1370,"url":"https:\/\/buletin.de\/bucuresti\/wp-content\/uploads\/catei.jpg","type":"image\/jpeg"}],"author":"Diana Matei","twitter_card":"summary_large_image","twitter_misc":{"Written by":"Diana Matei","Estimated reading time":"1 minute"},"schema":{"@context":"https:\/\/schema.org","@graph":[{"@type":"Article","@id":"https:\/\/buletin.de\/bucuresti\/tarifele-pentru-cainii-adoptati-la-distanta-majorate-de-trei-ori-pmb-a-pus-in-dezbatere-publica-noile-preturi\/#article","isPartOf":{"@id":"https:\/\/buletin.de\/bucuresti\/tarifele-pentru-cainii-adoptati-la-distanta-majorate-de-trei-ori-pmb-a-pus-in-dezbatere-publica-noile-preturi\/"},"author":{"name":"Diana Matei","@id":"https:\/\/buletin.de\/bucuresti\/#\/schema\/person\/7e46040573290777280a0835d81ea4ea"},"headline":"Tarifele pentru c\u00e2inii adopta\u021bi la distan\u021b\u0103, majorate de trei ori. PMB a pus \u00een dezbatere public\u0103 noile pre\u021buri","datePublished":"2023-10-05T05:07:57+00:00","dateModified":"2023-10-05T11:47:51+00:00","mainEntityOfPage":{"@id":"https:\/\/buletin.de\/bucuresti\/tarifele-pentru-cainii-adoptati-la-distanta-majorate-de-trei-ori-pmb-a-pus-in-dezbatere-publica-noile-preturi\/"},"wordCount":266,"publisher":{"@id":"https:\/\/buletin.de\/bucuresti\/#organization"},"image":{"@id":"https:\/\/buletin.de\/bucuresti\/tarifele-pentru-cainii-adoptati-la-distanta-majorate-de-trei-ori-pmb-a-pus-in-dezbatere-publica-noile-preturi\/#primaryimage"},"thumbnailUrl":"https:\/\/buletin.de\/bucuresti\/wp-content\/uploads\/catei.jpg","keywords":["adoptie caini","adoptie la distanta","aspa","pmb","tarife"],"articleSection":["Articole","Main","Prim\u0103rie","\u0218tiri"],"inLanguage":"en-GB","copyrightYear":"2023","copyrightHolder":{"@id":"https:\/\/buletin.de\/bucuresti\/#organization"}},{"@type":"WebPage","@id":"https:\/\/buletin.de\/bucuresti\/tarifele-pentru-cainii-adoptati-la-distanta-majorate-de-trei-ori-pmb-a-pus-in-dezbatere-publica-noile-preturi\/","url":"https:\/\/buletin.de\/bucuresti\/tarifele-pentru-cainii-adoptati-la-distanta-majorate-de-trei-ori-pmb-a-pus-in-dezbatere-publica-noile-preturi\/","name":"Tarifele pentru c\u00e2inii adopta\u021bi la distan\u021b\u0103, majorate de trei ori. PMB a pus \u00een dezbatere public\u0103 noile pre\u021buri - Buletin de Bucure\u0219ti","isPartOf":{"@id":"https:\/\/buletin.de\/bucuresti\/#website"},"primaryImageOfPage":{"@id":"https:\/\/buletin.de\/bucuresti\/tarifele-pentru-cainii-adoptati-la-distanta-majorate-de-trei-ori-pmb-a-pus-in-dezbatere-publica-noile-preturi\/#primaryimage"},"image":{"@id":"https:\/\/buletin.de\/bucuresti\/tarifele-pentru-cainii-adoptati-la-distanta-majorate-de-trei-ori-pmb-a-pus-in-dezbatere-publica-noile-preturi\/#primaryimage"},"thumbnailUrl":"https:\/\/buletin.de\/bucuresti\/wp-content\/uploads\/catei.jpg","datePublished":"2023-10-05T05:07:57+00:00","dateModified":"2023-10-05T11:47:51+00:00","breadcrumb":{"@id":"https:\/\/buletin.de\/bucuresti\/tarifele-pentru-cainii-adoptati-la-distanta-majorate-de-trei-ori-pmb-a-pus-in-dezbatere-publica-noile-preturi\/#breadcrumb"},"inLanguage":"en-GB","potentialAction":[{"@type":"ReadAction","target":["https:\/\/buletin.de\/bucuresti\/tarifele-pentru-cainii-adoptati-la-distanta-majorate-de-trei-ori-pmb-a-pus-in-dezbatere-publica-noile-preturi\/"]}]},{"@type":"ImageObject","inLanguage":"en-GB","@id":"https:\/\/buletin.de\/bucuresti\/tarifele-pentru-cainii-adoptati-la-distanta-majorate-de-trei-ori-pmb-a-pus-in-dezbatere-publica-noile-preturi\/#primaryimage","url":"https:\/\/buletin.de\/bucuresti\/wp-content\/uploads\/catei.jpg","contentUrl":"https:\/\/buletin.de\/bucuresti\/wp-content\/uploads\/catei.jpg","width":1440,"height":1370,"caption":"Foto: ASPA"},{"@type":"BreadcrumbList","@id":"https:\/\/buletin.de\/bucuresti\/tarifele-pentru-cainii-adoptati-la-distanta-majorate-de-trei-ori-pmb-a-pus-in-dezbatere-publica-noile-preturi\/#breadcrumb","itemListElement":[{"@type":"ListItem","position":1,"name":"Acas\u0103","item":"https:\/\/buletin.de\/bucuresti\/"},{"@type":"ListItem","position":2,"name":"Tarifele pentru c\u00e2inii adopta\u021bi la distan\u021b\u0103, majorate de trei ori. PMB a pus \u00een dezbatere public\u0103 noile pre\u021buri"}]},{"@type":"WebSite","@id":"https:\/\/buletin.de\/bucuresti\/#website","url":"https:\/\/buletin.de\/bucuresti\/","name":"Buletin de Bucure\u0219ti","description":"\u0218tiri \u0219i investiga\u021bii esen\u021biale din capital\u0103","publisher":{"@id":"https:\/\/buletin.de\/bucuresti\/#organization"},"potentialAction":[{"@type":"SearchAction","target":{"@type":"EntryPoint","urlTemplate":"https:\/\/buletin.de\/bucuresti\/?s={search_term_string}"},"query-input":{"@type":"PropertyValueSpecification","valueRequired":true,"valueName":"search_term_string"}}],"inLanguage":"en-GB"},{"@type":"Organization","@id":"https:\/\/buletin.de\/bucuresti\/#organization","name":"Buletin de Bucure\u0219ti","url":"https:\/\/buletin.de\/bucuresti\/","logo":{"@type":"ImageObject","inLanguage":"en-GB","@id":"https:\/\/buletin.de\/bucuresti\/#\/schema\/logo\/image\/","url":"https:\/\/buletin.de\/bucuresti\/wp-content\/uploads\/logo-bdb-full-wide-vernil-transparent.png","contentUrl":"https:\/\/buletin.de\/bucuresti\/wp-content\/uploads\/logo-bdb-full-wide-vernil-transparent.png","width":1782,"height":626,"caption":"Buletin de Bucure\u0219ti"},"image":{"@id":"https:\/\/buletin.de\/bucuresti\/#\/schema\/logo\/image\/"},"sameAs":["https:\/\/www.facebook.com\/buletin.de.buc","https:\/\/www.instagram.com\/buletinde.bucuresti\/"]},{"@type":"Person","@id":"https:\/\/buletin.de\/bucuresti\/#\/schema\/person\/7e46040573290777280a0835d81ea4ea","name":"Diana Matei","image":{"@type":"ImageObject","inLanguage":"en-GB","@id":"https:\/\/buletin.de\/bucuresti\/wp-content\/uploads\/9-2-96x96.jpg1e8590b30871d70e62ebcdaf2eff570c","url":"https:\/\/buletin.de\/bucuresti\/wp-content\/uploads\/9-2-96x96.jpg","contentUrl":"https:\/\/buletin.de\/bucuresti\/wp-content\/uploads\/9-2-96x96.jpg","caption":"Diana Matei"},"url":"https:\/\/buletin.de\/bucuresti\/author\/dianamatei\/"}]}},"authors":[{"term_id":22574,"user_id":49,"is_guest":0,"slug":"dianamatei","display_name":"Diana Matei","avatar_url":"https:\/\/buletin.de\/bucuresti\/wp-content\/uploads\/9-2-96x96.jpg","0":null,"1":"","2":"","3":"","4":"","5":"","6":"","7":"","8":""}],"_links":{"self":[{"href":"https:\/\/buletin.de\/bucuresti\/wp-json\/wp\/v2\/posts\/65999","targetHints":{"allow":["GET"]}}],"collection":[{"href":"https:\/\/buletin.de\/bucuresti\/wp-json\/wp\/v2\/posts"}],"about":[{"href":"https:\/\/buletin.de\/bucuresti\/wp-json\/wp\/v2\/types\/post"}],"author":[{"embeddable":true,"href":"https:\/\/buletin.de\/bucuresti\/wp-json\/wp\/v2\/users\/49"}],"replies":[{"embeddable":true,"href":"https:\/\/buletin.de\/bucuresti\/wp-json\/wp\/v2\/comments?post=65999"}],"version-history":[{"count":3,"href":"https:\/\/buletin.de\/bucuresti\/wp-json\/wp\/v2\/posts\/65999\/revisions"}],"predecessor-version":[{"id":66026,"href":"https:\/\/buletin.de\/bucuresti\/wp-json\/wp\/v2\/posts\/65999\/revisions\/66026"}],"wp:featuredmedia":[{"embeddable":true,"href":"https:\/\/buletin.de\/bucuresti\/wp-json\/wp\/v2\/media\/60908"}],"wp:attachment":[{"href":"https:\/\/buletin.de\/bucuresti\/wp-json\/wp\/v2\/media?parent=65999"}],"wp:term":[{"taxonomy":"category","embeddable":true,"href":"https:\/\/buletin.de\/bucuresti\/wp-json\/wp\/v2\/categories?post=65999"},{"taxonomy":"post_tag","embeddable":true,"href":"https:\/\/buletin.de\/bucuresti\/wp-json\/wp\/v2\/tags?post=65999"},{"taxonomy":"author","embeddable":true,"href":"https:\/\/buletin.de\/bucuresti\/wp-json\/wp\/v2\/ppma_author?post=65999"}],"curies":[{"name":"wp","href":"https:\/\/api.w.org\/{rel}","templated":true}]}}