{"id":65904,"date":"2023-10-04T06:02:22","date_gmt":"2023-10-04T04:02:22","guid":{"rendered":"https:\/\/buletin.de\/bucuresti\/?p=65904"},"modified":"2023-10-04T06:02:22","modified_gmt":"2023-10-04T04:02:22","slug":"noua-generatie-de-artisti-participa-la-festivalul-diploma-show","status":"publish","type":"post","link":"https:\/\/buletin.de\/bucuresti\/noua-generatie-de-artisti-participa-la-festivalul-diploma-show\/","title":{"rendered":"Noua genera\u021bie de arti\u0219ti particip\u0103 la Festivalul Diploma Show"},"content":{"rendered":"\n<p><strong>DIPLOMA Show 2023 a ajuns la edi\u021bia a X-a. Festivalul noii genera\u021bii de arti\u0219ti, arhitec\u021bi \u0219i designeri rom\u00e2ni, este organizat de The Institute  \u00eentre 7 \u0219i 15 octombrie, la Combinatul Fondului Plastic.<\/strong><\/p>\n\n\n\n<p>Organizatorii anun\u021b\u0103 c\u0103 131 de lucr\u0103ri de diplom\u0103, din 16 domenii creative, vor fi prezentate \u00een 10 locuri inedite din Capital\u0103. Lucr\u0103rile au fost selectate de 70 de exper\u021bi.<\/p>\n\n\n\n<p>Vizitatorii DIPLOMA vor avea acces la proiecte din domeniile: arhitectur\u0103, arhitectur\u0103 de interior, peisagistic\u0103, urbanism, art\u0103 mural\u0103, arte grafice, arte textile, ceramic\u0103-sticl\u0103-metal, design de produs, design grafic, fashion, foto-video, pedagogie, pictur\u0103, scenografie \u0219i sculptur\u0103.<\/p>\n\n\n\n<p> \u201e<em>Anul acesta preg\u0103tim o edi\u021bie aniversar\u0103 cu totul special\u0103, iar Combinatul Fondului Plastic este din nou locul \u00een care se vor \u00eent\u00e2lni comunitatea creativ\u0103, publicul larg, speciali\u0219ti cunoscu\u021bi \u0219i to\u021bi cei care caut\u0103 un mediu relaxat de petrecere a timpului liber<\/em>\u201d, a declarat Teodora Dinu, Director Proiect Diploma Show.<\/p>\n\n\n\n<p><strong>Programul festivalului:<\/strong><\/p>\n\n\n\n<p>L-V: 16:00 \u2013 22:00;<\/p>\n\n\n\n<p>S-D: 10:00 \u2013 22:00<\/p>\n\n\n\n<p>Publicul larg va g\u0103si lucr\u0103ri reprezentative din anii trecu\u021bi ai DIPLOMA Show la:  <\/p>\n\n\n\n<ul class=\"wp-block-list\">\n<li>C\u0103rture\u0219ti Carusel \u2013 Denisa Andreea Grosu;<\/li>\n\n\n\n<li>C\u0103rture\u0219ti Verona \u2013 Mihail Botnari;<\/li>\n\n\n\n<li>Cl\u0103direa Globalworth Tower \u2013 Livia Greaca;<\/li>\n\n\n\n<li>Beans &amp; Dots (Palatul Universul) \u2013 Irina Motroc;<\/li>\n\n\n\n<li>Aparterre \u2013 Heidi \u0218tefania Tradnik;<\/li>\n\n\n\n<li>Sneaker Industry \u2013 Gabriel Petre Arhire;<\/li>\n\n\n\n<li>Kraft Market \u2013 Radu Tudor Panait;<\/li>\n\n\n\n<li>Ototo Amzei \u2013 Miruna Gheordunescu;<\/li>\n\n\n\n<li>ALTRNTV \u2013 Ioana Preda;<\/li>\n\n\n\n<li>Mugshot \u2013 Christian Tudose.<\/li>\n<\/ul>\n\n\n\n<p>\u00cen cadrul festivalului vor fi organizate masterclass-uri \u0219i focus-grupuri dar \u0219i o expozi\u021bie-invitat\u0103: \u201e20 FAI\u201d, dezvoltat\u0103 de Universitatea de Arhitectur\u0103 \u0219i Urbanism \u201eIon Mincu\u201d, cu ocazia celebr\u0103rii a 20 de ani de Design de Produs \u0219i Arhitectur\u0103 de Interior din cadrul universit\u0103\u021bii.<\/p>\n","protected":false},"excerpt":{"rendered":"<p>DIPLOMA Show 2023 a ajuns la edi\u021bia a X-a. Festivalul noii genera\u021bii de arti\u0219ti, arhitec\u021bi \u0219i designeri rom\u00e2ni, este organizat de The Institute \u00eentre 7 \u0219i 15 octombrie, la Combinatul Fondului Plastic. Organizatorii anun\u021b\u0103 c\u0103 131 de lucr\u0103ri de diplom\u0103, din 16 domenii creative, vor fi prezentate \u00een 10 locuri inedite din Capital\u0103. Lucr\u0103rile au [&hellip;]<\/p>\n","protected":false},"author":49,"featured_media":65924,"comment_status":"closed","ping_status":"open","sticky":false,"template":"","format":"standard","meta":{"_acf_changed":false,"inline_featured_image":false,"ngg_post_thumbnail":0,"footnotes":""},"categories":[6994,81,62],"tags":[7232,7231,7227],"ppma_author":[22574],"class_list":["post-65904","post","type-post","status-publish","format-standard","has-post-thumbnail","hentry","category-stiri-2","category-cultura","category-stiri","tag-carturesti-verona","tag-combinatul-fondului-plastic","tag-diploma-show"],"acf":[],"yoast_head":"<!-- This site is optimized with the Yoast SEO Premium plugin v25.3 (Yoast SEO v27.4) - https:\/\/yoast.com\/product\/yoast-seo-premium-wordpress\/ -->\n<title>Noua genera\u021bie de arti\u0219ti particip\u0103 la Festivalul Diploma Show - Buletin de Bucure\u0219ti<\/title>\n<meta name=\"robots\" content=\"index, follow, max-snippet:-1, max-image-preview:large, max-video-preview:-1\" \/>\n<link rel=\"canonical\" href=\"https:\/\/buletin.de\/bucuresti\/noua-generatie-de-artisti-participa-la-festivalul-diploma-show\/\" \/>\n<meta property=\"og:locale\" content=\"en_GB\" \/>\n<meta property=\"og:type\" content=\"article\" \/>\n<meta property=\"og:title\" content=\"Noua genera\u021bie de arti\u0219ti particip\u0103 la Festivalul Diploma Show\" \/>\n<meta property=\"og:description\" content=\"DIPLOMA Show 2023 a ajuns la edi\u021bia a X-a. Festivalul noii genera\u021bii de arti\u0219ti, arhitec\u021bi \u0219i designeri rom\u00e2ni, este organizat de The Institute \u00eentre 7 \u0219i 15 octombrie, la Combinatul Fondului Plastic. Organizatorii anun\u021b\u0103 c\u0103 131 de lucr\u0103ri de diplom\u0103, din 16 domenii creative, vor fi prezentate \u00een 10 locuri inedite din Capital\u0103. Lucr\u0103rile au [&hellip;]\" \/>\n<meta property=\"og:url\" content=\"https:\/\/buletin.de\/bucuresti\/noua-generatie-de-artisti-participa-la-festivalul-diploma-show\/\" \/>\n<meta property=\"og:site_name\" content=\"Buletin de Bucure\u0219ti\" \/>\n<meta property=\"article:publisher\" content=\"https:\/\/www.facebook.com\/buletin.de.buc\" \/>\n<meta property=\"article:published_time\" content=\"2023-10-04T04:02:22+00:00\" \/>\n<meta property=\"og:image\" content=\"https:\/\/buletin.de\/bucuresti\/wp-content\/uploads\/diploma-show.jpg\" \/>\n\t<meta property=\"og:image:width\" content=\"2000\" \/>\n\t<meta property=\"og:image:height\" content=\"1333\" \/>\n\t<meta property=\"og:image:type\" content=\"image\/jpeg\" \/>\n<meta name=\"author\" content=\"Diana Matei\" \/>\n<meta name=\"twitter:card\" content=\"summary_large_image\" \/>\n<meta name=\"twitter:label1\" content=\"Written by\" \/>\n\t<meta name=\"twitter:data1\" content=\"Diana Matei\" \/>\n\t<meta name=\"twitter:label2\" content=\"Estimated reading time\" \/>\n\t<meta name=\"twitter:data2\" content=\"1 minute\" \/>\n<script type=\"application\/ld+json\" class=\"yoast-schema-graph\">{\"@context\":\"https:\\\/\\\/schema.org\",\"@graph\":[{\"@type\":\"Article\",\"@id\":\"https:\\\/\\\/buletin.de\\\/bucuresti\\\/noua-generatie-de-artisti-participa-la-festivalul-diploma-show\\\/#article\",\"isPartOf\":{\"@id\":\"https:\\\/\\\/buletin.de\\\/bucuresti\\\/noua-generatie-de-artisti-participa-la-festivalul-diploma-show\\\/\"},\"author\":{\"name\":\"Diana Matei\",\"@id\":\"https:\\\/\\\/buletin.de\\\/bucuresti\\\/#\\\/schema\\\/person\\\/7e46040573290777280a0835d81ea4ea\"},\"headline\":\"Noua genera\u021bie de arti\u0219ti particip\u0103 la Festivalul Diploma Show\",\"datePublished\":\"2023-10-04T04:02:22+00:00\",\"mainEntityOfPage\":{\"@id\":\"https:\\\/\\\/buletin.de\\\/bucuresti\\\/noua-generatie-de-artisti-participa-la-festivalul-diploma-show\\\/\"},\"wordCount\":277,\"publisher\":{\"@id\":\"https:\\\/\\\/buletin.de\\\/bucuresti\\\/#organization\"},\"image\":{\"@id\":\"https:\\\/\\\/buletin.de\\\/bucuresti\\\/noua-generatie-de-artisti-participa-la-festivalul-diploma-show\\\/#primaryimage\"},\"thumbnailUrl\":\"https:\\\/\\\/buletin.de\\\/bucuresti\\\/wp-content\\\/uploads\\\/diploma-show.jpg\",\"keywords\":[\"C\u0103rture\u0219ti Verona\",\"Combinatul Fondului Plastic\",\"DIPLOMA Show\"],\"articleSection\":[\"Articole\",\"Cultur\u0103\",\"\u0218tiri\"],\"inLanguage\":\"en-GB\",\"copyrightYear\":\"2023\",\"copyrightHolder\":{\"@id\":\"https:\\\/\\\/buletin.de\\\/bucuresti\\\/#organization\"}},{\"@type\":\"WebPage\",\"@id\":\"https:\\\/\\\/buletin.de\\\/bucuresti\\\/noua-generatie-de-artisti-participa-la-festivalul-diploma-show\\\/\",\"url\":\"https:\\\/\\\/buletin.de\\\/bucuresti\\\/noua-generatie-de-artisti-participa-la-festivalul-diploma-show\\\/\",\"name\":\"Noua genera\u021bie de arti\u0219ti particip\u0103 la Festivalul Diploma Show - Buletin de Bucure\u0219ti\",\"isPartOf\":{\"@id\":\"https:\\\/\\\/buletin.de\\\/bucuresti\\\/#website\"},\"primaryImageOfPage\":{\"@id\":\"https:\\\/\\\/buletin.de\\\/bucuresti\\\/noua-generatie-de-artisti-participa-la-festivalul-diploma-show\\\/#primaryimage\"},\"image\":{\"@id\":\"https:\\\/\\\/buletin.de\\\/bucuresti\\\/noua-generatie-de-artisti-participa-la-festivalul-diploma-show\\\/#primaryimage\"},\"thumbnailUrl\":\"https:\\\/\\\/buletin.de\\\/bucuresti\\\/wp-content\\\/uploads\\\/diploma-show.jpg\",\"datePublished\":\"2023-10-04T04:02:22+00:00\",\"breadcrumb\":{\"@id\":\"https:\\\/\\\/buletin.de\\\/bucuresti\\\/noua-generatie-de-artisti-participa-la-festivalul-diploma-show\\\/#breadcrumb\"},\"inLanguage\":\"en-GB\",\"potentialAction\":[{\"@type\":\"ReadAction\",\"target\":[\"https:\\\/\\\/buletin.de\\\/bucuresti\\\/noua-generatie-de-artisti-participa-la-festivalul-diploma-show\\\/\"]}]},{\"@type\":\"ImageObject\",\"inLanguage\":\"en-GB\",\"@id\":\"https:\\\/\\\/buletin.de\\\/bucuresti\\\/noua-generatie-de-artisti-participa-la-festivalul-diploma-show\\\/#primaryimage\",\"url\":\"https:\\\/\\\/buletin.de\\\/bucuresti\\\/wp-content\\\/uploads\\\/diploma-show.jpg\",\"contentUrl\":\"https:\\\/\\\/buletin.de\\\/bucuresti\\\/wp-content\\\/uploads\\\/diploma-show.jpg\",\"width\":2000,\"height\":1333,\"caption\":\"FOTO: diplomafestival.ro\"},{\"@type\":\"BreadcrumbList\",\"@id\":\"https:\\\/\\\/buletin.de\\\/bucuresti\\\/noua-generatie-de-artisti-participa-la-festivalul-diploma-show\\\/#breadcrumb\",\"itemListElement\":[{\"@type\":\"ListItem\",\"position\":1,\"name\":\"Acas\u0103\",\"item\":\"https:\\\/\\\/buletin.de\\\/bucuresti\\\/\"},{\"@type\":\"ListItem\",\"position\":2,\"name\":\"Noua genera\u021bie de arti\u0219ti particip\u0103 la Festivalul Diploma Show\"}]},{\"@type\":\"WebSite\",\"@id\":\"https:\\\/\\\/buletin.de\\\/bucuresti\\\/#website\",\"url\":\"https:\\\/\\\/buletin.de\\\/bucuresti\\\/\",\"name\":\"Buletin de Bucure\u0219ti\",\"description\":\"\u0218tiri \u0219i investiga\u021bii esen\u021biale din capital\u0103\",\"publisher\":{\"@id\":\"https:\\\/\\\/buletin.de\\\/bucuresti\\\/#organization\"},\"potentialAction\":[{\"@type\":\"SearchAction\",\"target\":{\"@type\":\"EntryPoint\",\"urlTemplate\":\"https:\\\/\\\/buletin.de\\\/bucuresti\\\/?s={search_term_string}\"},\"query-input\":{\"@type\":\"PropertyValueSpecification\",\"valueRequired\":true,\"valueName\":\"search_term_string\"}}],\"inLanguage\":\"en-GB\"},{\"@type\":\"Organization\",\"@id\":\"https:\\\/\\\/buletin.de\\\/bucuresti\\\/#organization\",\"name\":\"Buletin de Bucure\u0219ti\",\"url\":\"https:\\\/\\\/buletin.de\\\/bucuresti\\\/\",\"logo\":{\"@type\":\"ImageObject\",\"inLanguage\":\"en-GB\",\"@id\":\"https:\\\/\\\/buletin.de\\\/bucuresti\\\/#\\\/schema\\\/logo\\\/image\\\/\",\"url\":\"https:\\\/\\\/buletin.de\\\/bucuresti\\\/wp-content\\\/uploads\\\/logo-bdb-full-wide-vernil-transparent.png\",\"contentUrl\":\"https:\\\/\\\/buletin.de\\\/bucuresti\\\/wp-content\\\/uploads\\\/logo-bdb-full-wide-vernil-transparent.png\",\"width\":1782,\"height\":626,\"caption\":\"Buletin de Bucure\u0219ti\"},\"image\":{\"@id\":\"https:\\\/\\\/buletin.de\\\/bucuresti\\\/#\\\/schema\\\/logo\\\/image\\\/\"},\"sameAs\":[\"https:\\\/\\\/www.facebook.com\\\/buletin.de.buc\",\"https:\\\/\\\/www.instagram.com\\\/buletinde.bucuresti\\\/\"]},{\"@type\":\"Person\",\"@id\":\"https:\\\/\\\/buletin.de\\\/bucuresti\\\/#\\\/schema\\\/person\\\/7e46040573290777280a0835d81ea4ea\",\"name\":\"Diana Matei\",\"image\":{\"@type\":\"ImageObject\",\"inLanguage\":\"en-GB\",\"@id\":\"https:\\\/\\\/buletin.de\\\/bucuresti\\\/wp-content\\\/uploads\\\/9-2-96x96.jpg1e8590b30871d70e62ebcdaf2eff570c\",\"url\":\"https:\\\/\\\/buletin.de\\\/bucuresti\\\/wp-content\\\/uploads\\\/9-2-96x96.jpg\",\"contentUrl\":\"https:\\\/\\\/buletin.de\\\/bucuresti\\\/wp-content\\\/uploads\\\/9-2-96x96.jpg\",\"caption\":\"Diana Matei\"},\"url\":\"https:\\\/\\\/buletin.de\\\/bucuresti\\\/author\\\/dianamatei\\\/\"}]}<\/script>\n<!-- \/ Yoast SEO Premium plugin. -->","yoast_head_json":{"title":"Noua genera\u021bie de arti\u0219ti particip\u0103 la Festivalul Diploma Show - Buletin de Bucure\u0219ti","robots":{"index":"index","follow":"follow","max-snippet":"max-snippet:-1","max-image-preview":"max-image-preview:large","max-video-preview":"max-video-preview:-1"},"canonical":"https:\/\/buletin.de\/bucuresti\/noua-generatie-de-artisti-participa-la-festivalul-diploma-show\/","og_locale":"en_GB","og_type":"article","og_title":"Noua genera\u021bie de arti\u0219ti particip\u0103 la Festivalul Diploma Show","og_description":"DIPLOMA Show 2023 a ajuns la edi\u021bia a X-a. Festivalul noii genera\u021bii de arti\u0219ti, arhitec\u021bi \u0219i designeri rom\u00e2ni, este organizat de The Institute \u00eentre 7 \u0219i 15 octombrie, la Combinatul Fondului Plastic. Organizatorii anun\u021b\u0103 c\u0103 131 de lucr\u0103ri de diplom\u0103, din 16 domenii creative, vor fi prezentate \u00een 10 locuri inedite din Capital\u0103. Lucr\u0103rile au [&hellip;]","og_url":"https:\/\/buletin.de\/bucuresti\/noua-generatie-de-artisti-participa-la-festivalul-diploma-show\/","og_site_name":"Buletin de Bucure\u0219ti","article_publisher":"https:\/\/www.facebook.com\/buletin.de.buc","article_published_time":"2023-10-04T04:02:22+00:00","og_image":[{"width":2000,"height":1333,"url":"https:\/\/buletin.de\/bucuresti\/wp-content\/uploads\/diploma-show.jpg","type":"image\/jpeg"}],"author":"Diana Matei","twitter_card":"summary_large_image","twitter_misc":{"Written by":"Diana Matei","Estimated reading time":"1 minute"},"schema":{"@context":"https:\/\/schema.org","@graph":[{"@type":"Article","@id":"https:\/\/buletin.de\/bucuresti\/noua-generatie-de-artisti-participa-la-festivalul-diploma-show\/#article","isPartOf":{"@id":"https:\/\/buletin.de\/bucuresti\/noua-generatie-de-artisti-participa-la-festivalul-diploma-show\/"},"author":{"name":"Diana Matei","@id":"https:\/\/buletin.de\/bucuresti\/#\/schema\/person\/7e46040573290777280a0835d81ea4ea"},"headline":"Noua genera\u021bie de arti\u0219ti particip\u0103 la Festivalul Diploma Show","datePublished":"2023-10-04T04:02:22+00:00","mainEntityOfPage":{"@id":"https:\/\/buletin.de\/bucuresti\/noua-generatie-de-artisti-participa-la-festivalul-diploma-show\/"},"wordCount":277,"publisher":{"@id":"https:\/\/buletin.de\/bucuresti\/#organization"},"image":{"@id":"https:\/\/buletin.de\/bucuresti\/noua-generatie-de-artisti-participa-la-festivalul-diploma-show\/#primaryimage"},"thumbnailUrl":"https:\/\/buletin.de\/bucuresti\/wp-content\/uploads\/diploma-show.jpg","keywords":["C\u0103rture\u0219ti Verona","Combinatul Fondului Plastic","DIPLOMA Show"],"articleSection":["Articole","Cultur\u0103","\u0218tiri"],"inLanguage":"en-GB","copyrightYear":"2023","copyrightHolder":{"@id":"https:\/\/buletin.de\/bucuresti\/#organization"}},{"@type":"WebPage","@id":"https:\/\/buletin.de\/bucuresti\/noua-generatie-de-artisti-participa-la-festivalul-diploma-show\/","url":"https:\/\/buletin.de\/bucuresti\/noua-generatie-de-artisti-participa-la-festivalul-diploma-show\/","name":"Noua genera\u021bie de arti\u0219ti particip\u0103 la Festivalul Diploma Show - Buletin de Bucure\u0219ti","isPartOf":{"@id":"https:\/\/buletin.de\/bucuresti\/#website"},"primaryImageOfPage":{"@id":"https:\/\/buletin.de\/bucuresti\/noua-generatie-de-artisti-participa-la-festivalul-diploma-show\/#primaryimage"},"image":{"@id":"https:\/\/buletin.de\/bucuresti\/noua-generatie-de-artisti-participa-la-festivalul-diploma-show\/#primaryimage"},"thumbnailUrl":"https:\/\/buletin.de\/bucuresti\/wp-content\/uploads\/diploma-show.jpg","datePublished":"2023-10-04T04:02:22+00:00","breadcrumb":{"@id":"https:\/\/buletin.de\/bucuresti\/noua-generatie-de-artisti-participa-la-festivalul-diploma-show\/#breadcrumb"},"inLanguage":"en-GB","potentialAction":[{"@type":"ReadAction","target":["https:\/\/buletin.de\/bucuresti\/noua-generatie-de-artisti-participa-la-festivalul-diploma-show\/"]}]},{"@type":"ImageObject","inLanguage":"en-GB","@id":"https:\/\/buletin.de\/bucuresti\/noua-generatie-de-artisti-participa-la-festivalul-diploma-show\/#primaryimage","url":"https:\/\/buletin.de\/bucuresti\/wp-content\/uploads\/diploma-show.jpg","contentUrl":"https:\/\/buletin.de\/bucuresti\/wp-content\/uploads\/diploma-show.jpg","width":2000,"height":1333,"caption":"FOTO: diplomafestival.ro"},{"@type":"BreadcrumbList","@id":"https:\/\/buletin.de\/bucuresti\/noua-generatie-de-artisti-participa-la-festivalul-diploma-show\/#breadcrumb","itemListElement":[{"@type":"ListItem","position":1,"name":"Acas\u0103","item":"https:\/\/buletin.de\/bucuresti\/"},{"@type":"ListItem","position":2,"name":"Noua genera\u021bie de arti\u0219ti particip\u0103 la Festivalul Diploma Show"}]},{"@type":"WebSite","@id":"https:\/\/buletin.de\/bucuresti\/#website","url":"https:\/\/buletin.de\/bucuresti\/","name":"Buletin de Bucure\u0219ti","description":"\u0218tiri \u0219i investiga\u021bii esen\u021biale din capital\u0103","publisher":{"@id":"https:\/\/buletin.de\/bucuresti\/#organization"},"potentialAction":[{"@type":"SearchAction","target":{"@type":"EntryPoint","urlTemplate":"https:\/\/buletin.de\/bucuresti\/?s={search_term_string}"},"query-input":{"@type":"PropertyValueSpecification","valueRequired":true,"valueName":"search_term_string"}}],"inLanguage":"en-GB"},{"@type":"Organization","@id":"https:\/\/buletin.de\/bucuresti\/#organization","name":"Buletin de Bucure\u0219ti","url":"https:\/\/buletin.de\/bucuresti\/","logo":{"@type":"ImageObject","inLanguage":"en-GB","@id":"https:\/\/buletin.de\/bucuresti\/#\/schema\/logo\/image\/","url":"https:\/\/buletin.de\/bucuresti\/wp-content\/uploads\/logo-bdb-full-wide-vernil-transparent.png","contentUrl":"https:\/\/buletin.de\/bucuresti\/wp-content\/uploads\/logo-bdb-full-wide-vernil-transparent.png","width":1782,"height":626,"caption":"Buletin de Bucure\u0219ti"},"image":{"@id":"https:\/\/buletin.de\/bucuresti\/#\/schema\/logo\/image\/"},"sameAs":["https:\/\/www.facebook.com\/buletin.de.buc","https:\/\/www.instagram.com\/buletinde.bucuresti\/"]},{"@type":"Person","@id":"https:\/\/buletin.de\/bucuresti\/#\/schema\/person\/7e46040573290777280a0835d81ea4ea","name":"Diana Matei","image":{"@type":"ImageObject","inLanguage":"en-GB","@id":"https:\/\/buletin.de\/bucuresti\/wp-content\/uploads\/9-2-96x96.jpg1e8590b30871d70e62ebcdaf2eff570c","url":"https:\/\/buletin.de\/bucuresti\/wp-content\/uploads\/9-2-96x96.jpg","contentUrl":"https:\/\/buletin.de\/bucuresti\/wp-content\/uploads\/9-2-96x96.jpg","caption":"Diana Matei"},"url":"https:\/\/buletin.de\/bucuresti\/author\/dianamatei\/"}]}},"authors":[{"term_id":22574,"user_id":49,"is_guest":0,"slug":"dianamatei","display_name":"Diana Matei","avatar_url":"https:\/\/buletin.de\/bucuresti\/wp-content\/uploads\/9-2-96x96.jpg","0":null,"1":"","2":"","3":"","4":"","5":"","6":"","7":"","8":""}],"_links":{"self":[{"href":"https:\/\/buletin.de\/bucuresti\/wp-json\/wp\/v2\/posts\/65904","targetHints":{"allow":["GET"]}}],"collection":[{"href":"https:\/\/buletin.de\/bucuresti\/wp-json\/wp\/v2\/posts"}],"about":[{"href":"https:\/\/buletin.de\/bucuresti\/wp-json\/wp\/v2\/types\/post"}],"author":[{"embeddable":true,"href":"https:\/\/buletin.de\/bucuresti\/wp-json\/wp\/v2\/users\/49"}],"replies":[{"embeddable":true,"href":"https:\/\/buletin.de\/bucuresti\/wp-json\/wp\/v2\/comments?post=65904"}],"version-history":[{"count":2,"href":"https:\/\/buletin.de\/bucuresti\/wp-json\/wp\/v2\/posts\/65904\/revisions"}],"predecessor-version":[{"id":65925,"href":"https:\/\/buletin.de\/bucuresti\/wp-json\/wp\/v2\/posts\/65904\/revisions\/65925"}],"wp:featuredmedia":[{"embeddable":true,"href":"https:\/\/buletin.de\/bucuresti\/wp-json\/wp\/v2\/media\/65924"}],"wp:attachment":[{"href":"https:\/\/buletin.de\/bucuresti\/wp-json\/wp\/v2\/media?parent=65904"}],"wp:term":[{"taxonomy":"category","embeddable":true,"href":"https:\/\/buletin.de\/bucuresti\/wp-json\/wp\/v2\/categories?post=65904"},{"taxonomy":"post_tag","embeddable":true,"href":"https:\/\/buletin.de\/bucuresti\/wp-json\/wp\/v2\/tags?post=65904"},{"taxonomy":"author","embeddable":true,"href":"https:\/\/buletin.de\/bucuresti\/wp-json\/wp\/v2\/ppma_author?post=65904"}],"curies":[{"name":"wp","href":"https:\/\/api.w.org\/{rel}","templated":true}]}}