{"id":65892,"date":"2023-10-03T13:33:05","date_gmt":"2023-10-03T11:33:05","guid":{"rendered":"https:\/\/buletin.de\/bucuresti\/?p=65892"},"modified":"2023-10-03T13:47:30","modified_gmt":"2023-10-03T11:47:30","slug":"incendiu-la-camera-de-corpuri-delicte-a-politiei-capitalei","status":"publish","type":"post","link":"https:\/\/buletin.de\/bucuresti\/incendiu-la-camera-de-corpuri-delicte-a-politiei-capitalei\/","title":{"rendered":"Incendiu la camera de corpuri delicte a Poli\u021biei Capitalei"},"content":{"rendered":"\n<p><strong>Un<\/strong> <strong>incendiul a avut loc pe 2 octombrie la parterul unei cl\u0103diri din strada Boi\u0219oara, din Sectorul 6. Fl<strong>\u0103<\/strong>c<strong>\u0103<\/strong>rile au afectat camera de corpuri delicte ale Poli\u021biei Capitalei. <\/strong> <\/p>\n\n\n\n<p>Poli\u021bia Capitalei informeaz\u0103 c\u0103 Sec\u021bia 20 a fost sesizat\u0103 ieri, \u00een jurul orei 18.00, prin sistem 112, cu privire la faptul c\u0103, \u00eentr-o cl\u0103dire situat\u0103 \u00een Sectorul 6, ar fi izbucnit un incendiu.<\/p>\n\n\n\n<p><em>\u201eDeplas\u00e2nd-se cu operativitate la fa\u021ba locului, poli\u021bi\u0219tii au costatat faptul c\u0103 incendiul provine de la subsolul unei cl\u0103diri, unde se afla amenajata camera de corpuri delicte a Poli\u021biei Capitalei, (sectoarele 1-6), unde sunt depozitate bunuri ce se aflau \u00een custodia Direc\u021biei Generale de Poli\u021bie a Municipiului Bucure\u0219ti\u201d<\/em>.<\/p>\n\n\n\n<p>In zon\u0103 au fost trimise 10 autospeciale SMURD \u2013 Pompieri. Incendiul a izbucnit la subsolul cl\u0103dirii, \u00een aproximativ 50% din suprafa\u021ba acestuia.<\/p>\n\n\n\n<p>Poli\u021bia Capitalei informeaz\u0103 c\u0103 depozitul se afl\u0103 \u00een administrarea Direc\u021biei Generale Regionale a Finan\u021belor Publice Bucure\u0219ti \u0219i are o suprafa\u021b\u0103 de aproximativ 1.200m\u00b2, Direc\u021bia General\u0103 de Poli\u021bie a Municipiului Bucure\u0219ti pl\u0103tind doar o parte din utilit\u0103\u021bi.<\/p>\n\n\n\n<p>\u00cen camera de corpuri delicte a Poli\u021biei Capitalei, dup\u0103 o estimare preliminar\u0103, se aflau urm\u0103toarele bunuri:<\/p>\n\n\n\n<ul class=\"wp-block-list\">\n<li>\u021aig\u0103ri;<\/li>\n\n\n\n<li>Articole \u00eembr\u0103c\u0103minte, \u00eenc\u0103l\u021b\u0103minte, textile \u0219i accesorii vestimentare;<\/li>\n\n\n\n<li>Biciclete, triciclete, trotinete;<\/li>\n\n\n\n<li>Produse agrement ( juc\u0103rii, articole sportive etc);<\/li>\n\n\n\n<li>Alcool;<\/li>\n\n\n\n<li>Scule, unelte \u0219i obiecte folosite la s\u0103v\u00e2r\u0219irea infrac\u021biunilor;<\/li>\n\n\n\n<li>Arme albe ( cu\u021bite, s\u0103bii, arcuri );<\/li>\n\n\n\n<li>Telefoane;<\/li>\n\n\n\n<li>Laptopuri;<\/li>\n\n\n\n<li>Motociclete;<\/li>\n\n\n\n<li>Scutere;<\/li>\n\n\n\n<li>Dezinfectant;<\/li>\n\n\n\n<li>Produse cosmetice;<\/li>\n\n\n\n<li>Parfumuri;<\/li>\n\n\n\n<li>Componente PC.<\/li>\n<\/ul>\n\n\n\n<p>Cercet\u0103rile au fost preluate de c\u0103tre Serviciul de Investiga\u021bii Criminale \u2013 Sector 6, sub aspectul s\u0103v\u00e2r\u0219irii infrac\u021biunii de distrugere din culp\u0103, sub supravegherea Parchetului de pe l\u00e2ng\u0103 Judec\u0103toria Sectorului 6.<\/p>\n\n\n\n<p> <\/p>\n","protected":false},"excerpt":{"rendered":"<p>Un incendiul a avut loc pe 2 octombrie la parterul unei cl\u0103diri din strada Boi\u0219oara, din Sectorul 6. Fl\u0103c\u0103rile au afectat camera de corpuri delicte ale Poli\u021biei Capitalei. Poli\u021bia Capitalei informeaz\u0103 c\u0103 Sec\u021bia 20 a fost sesizat\u0103 ieri, \u00een jurul orei 18.00, prin sistem 112, cu privire la faptul c\u0103, \u00eentr-o cl\u0103dire situat\u0103 \u00een Sectorul [&hellip;]<\/p>\n","protected":false},"author":49,"featured_media":65893,"comment_status":"closed","ping_status":"open","sticky":false,"template":"","format":"standard","meta":{"_acf_changed":false,"inline_featured_image":false,"ngg_post_thumbnail":0,"footnotes":""},"categories":[6994,62],"tags":[7224,341,1144],"ppma_author":[22574],"class_list":["post-65892","post","type-post","status-publish","format-standard","has-post-thumbnail","hentry","category-stiri-2","category-stiri","tag-directiei-generale-regionale-a-finantelor-publice-bucuresti","tag-incendiu","tag-politia-capitalei"],"acf":[],"yoast_head":"<!-- This site is optimized with the Yoast SEO Premium plugin v25.3 (Yoast SEO v27.4) - https:\/\/yoast.com\/product\/yoast-seo-premium-wordpress\/ -->\n<title>Incendiu la camera de corpuri delicte a Poli\u021biei Capitalei - Buletin de Bucure\u0219ti<\/title>\n<meta name=\"robots\" content=\"index, follow, max-snippet:-1, max-image-preview:large, max-video-preview:-1\" \/>\n<link rel=\"canonical\" href=\"https:\/\/buletin.de\/bucuresti\/incendiu-la-camera-de-corpuri-delicte-a-politiei-capitalei\/\" \/>\n<meta property=\"og:locale\" content=\"en_GB\" \/>\n<meta property=\"og:type\" content=\"article\" \/>\n<meta property=\"og:title\" content=\"Incendiu la camera de corpuri delicte a Poli\u021biei Capitalei\" \/>\n<meta property=\"og:description\" content=\"Un incendiul a avut loc pe 2 octombrie la parterul unei cl\u0103diri din strada Boi\u0219oara, din Sectorul 6. Fl\u0103c\u0103rile au afectat camera de corpuri delicte ale Poli\u021biei Capitalei. Poli\u021bia Capitalei informeaz\u0103 c\u0103 Sec\u021bia 20 a fost sesizat\u0103 ieri, \u00een jurul orei 18.00, prin sistem 112, cu privire la faptul c\u0103, \u00eentr-o cl\u0103dire situat\u0103 \u00een Sectorul [&hellip;]\" \/>\n<meta property=\"og:url\" content=\"https:\/\/buletin.de\/bucuresti\/incendiu-la-camera-de-corpuri-delicte-a-politiei-capitalei\/\" \/>\n<meta property=\"og:site_name\" content=\"Buletin de Bucure\u0219ti\" \/>\n<meta property=\"article:publisher\" content=\"https:\/\/www.facebook.com\/buletin.de.buc\" \/>\n<meta property=\"article:published_time\" content=\"2023-10-03T11:33:05+00:00\" \/>\n<meta property=\"article:modified_time\" content=\"2023-10-03T11:47:30+00:00\" \/>\n<meta property=\"og:image\" content=\"https:\/\/buletin.de\/bucuresti\/wp-content\/uploads\/329852591_496910845975758_9015805889962267856_n.jpeg\" \/>\n\t<meta property=\"og:image:width\" content=\"768\" \/>\n\t<meta property=\"og:image:height\" content=\"883\" \/>\n\t<meta property=\"og:image:type\" content=\"image\/jpeg\" \/>\n<meta name=\"author\" content=\"Diana Matei\" \/>\n<meta name=\"twitter:card\" content=\"summary_large_image\" \/>\n<meta name=\"twitter:label1\" content=\"Written by\" \/>\n\t<meta name=\"twitter:data1\" content=\"Diana Matei\" \/>\n\t<meta name=\"twitter:label2\" content=\"Estimated reading time\" \/>\n\t<meta name=\"twitter:data2\" content=\"1 minute\" \/>\n<script type=\"application\/ld+json\" class=\"yoast-schema-graph\">{\"@context\":\"https:\\\/\\\/schema.org\",\"@graph\":[{\"@type\":\"Article\",\"@id\":\"https:\\\/\\\/buletin.de\\\/bucuresti\\\/incendiu-la-camera-de-corpuri-delicte-a-politiei-capitalei\\\/#article\",\"isPartOf\":{\"@id\":\"https:\\\/\\\/buletin.de\\\/bucuresti\\\/incendiu-la-camera-de-corpuri-delicte-a-politiei-capitalei\\\/\"},\"author\":{\"name\":\"Diana Matei\",\"@id\":\"https:\\\/\\\/buletin.de\\\/bucuresti\\\/#\\\/schema\\\/person\\\/7e46040573290777280a0835d81ea4ea\"},\"headline\":\"Incendiu la camera de corpuri delicte a Poli\u021biei Capitalei\",\"datePublished\":\"2023-10-03T11:33:05+00:00\",\"dateModified\":\"2023-10-03T11:47:30+00:00\",\"mainEntityOfPage\":{\"@id\":\"https:\\\/\\\/buletin.de\\\/bucuresti\\\/incendiu-la-camera-de-corpuri-delicte-a-politiei-capitalei\\\/\"},\"wordCount\":302,\"publisher\":{\"@id\":\"https:\\\/\\\/buletin.de\\\/bucuresti\\\/#organization\"},\"image\":{\"@id\":\"https:\\\/\\\/buletin.de\\\/bucuresti\\\/incendiu-la-camera-de-corpuri-delicte-a-politiei-capitalei\\\/#primaryimage\"},\"thumbnailUrl\":\"https:\\\/\\\/buletin.de\\\/bucuresti\\\/wp-content\\\/uploads\\\/329852591_496910845975758_9015805889962267856_n.jpeg\",\"keywords\":[\"Direc\u021biei Generale Regionale a Finan\u021belor Publice Bucure\u0219ti\",\"incendiu\",\"politia capitalei\"],\"articleSection\":[\"Articole\",\"\u0218tiri\"],\"inLanguage\":\"en-GB\",\"copyrightYear\":\"2023\",\"copyrightHolder\":{\"@id\":\"https:\\\/\\\/buletin.de\\\/bucuresti\\\/#organization\"}},{\"@type\":\"WebPage\",\"@id\":\"https:\\\/\\\/buletin.de\\\/bucuresti\\\/incendiu-la-camera-de-corpuri-delicte-a-politiei-capitalei\\\/\",\"url\":\"https:\\\/\\\/buletin.de\\\/bucuresti\\\/incendiu-la-camera-de-corpuri-delicte-a-politiei-capitalei\\\/\",\"name\":\"Incendiu la camera de corpuri delicte a Poli\u021biei Capitalei - Buletin de Bucure\u0219ti\",\"isPartOf\":{\"@id\":\"https:\\\/\\\/buletin.de\\\/bucuresti\\\/#website\"},\"primaryImageOfPage\":{\"@id\":\"https:\\\/\\\/buletin.de\\\/bucuresti\\\/incendiu-la-camera-de-corpuri-delicte-a-politiei-capitalei\\\/#primaryimage\"},\"image\":{\"@id\":\"https:\\\/\\\/buletin.de\\\/bucuresti\\\/incendiu-la-camera-de-corpuri-delicte-a-politiei-capitalei\\\/#primaryimage\"},\"thumbnailUrl\":\"https:\\\/\\\/buletin.de\\\/bucuresti\\\/wp-content\\\/uploads\\\/329852591_496910845975758_9015805889962267856_n.jpeg\",\"datePublished\":\"2023-10-03T11:33:05+00:00\",\"dateModified\":\"2023-10-03T11:47:30+00:00\",\"breadcrumb\":{\"@id\":\"https:\\\/\\\/buletin.de\\\/bucuresti\\\/incendiu-la-camera-de-corpuri-delicte-a-politiei-capitalei\\\/#breadcrumb\"},\"inLanguage\":\"en-GB\",\"potentialAction\":[{\"@type\":\"ReadAction\",\"target\":[\"https:\\\/\\\/buletin.de\\\/bucuresti\\\/incendiu-la-camera-de-corpuri-delicte-a-politiei-capitalei\\\/\"]}]},{\"@type\":\"ImageObject\",\"inLanguage\":\"en-GB\",\"@id\":\"https:\\\/\\\/buletin.de\\\/bucuresti\\\/incendiu-la-camera-de-corpuri-delicte-a-politiei-capitalei\\\/#primaryimage\",\"url\":\"https:\\\/\\\/buletin.de\\\/bucuresti\\\/wp-content\\\/uploads\\\/329852591_496910845975758_9015805889962267856_n.jpeg\",\"contentUrl\":\"https:\\\/\\\/buletin.de\\\/bucuresti\\\/wp-content\\\/uploads\\\/329852591_496910845975758_9015805889962267856_n.jpeg\",\"width\":768,\"height\":883,\"caption\":\"Facebook: SMURD\"},{\"@type\":\"BreadcrumbList\",\"@id\":\"https:\\\/\\\/buletin.de\\\/bucuresti\\\/incendiu-la-camera-de-corpuri-delicte-a-politiei-capitalei\\\/#breadcrumb\",\"itemListElement\":[{\"@type\":\"ListItem\",\"position\":1,\"name\":\"Acas\u0103\",\"item\":\"https:\\\/\\\/buletin.de\\\/bucuresti\\\/\"},{\"@type\":\"ListItem\",\"position\":2,\"name\":\"Incendiu la camera de corpuri delicte a Poli\u021biei Capitalei\"}]},{\"@type\":\"WebSite\",\"@id\":\"https:\\\/\\\/buletin.de\\\/bucuresti\\\/#website\",\"url\":\"https:\\\/\\\/buletin.de\\\/bucuresti\\\/\",\"name\":\"Buletin de Bucure\u0219ti\",\"description\":\"\u0218tiri \u0219i investiga\u021bii esen\u021biale din capital\u0103\",\"publisher\":{\"@id\":\"https:\\\/\\\/buletin.de\\\/bucuresti\\\/#organization\"},\"potentialAction\":[{\"@type\":\"SearchAction\",\"target\":{\"@type\":\"EntryPoint\",\"urlTemplate\":\"https:\\\/\\\/buletin.de\\\/bucuresti\\\/?s={search_term_string}\"},\"query-input\":{\"@type\":\"PropertyValueSpecification\",\"valueRequired\":true,\"valueName\":\"search_term_string\"}}],\"inLanguage\":\"en-GB\"},{\"@type\":\"Organization\",\"@id\":\"https:\\\/\\\/buletin.de\\\/bucuresti\\\/#organization\",\"name\":\"Buletin de Bucure\u0219ti\",\"url\":\"https:\\\/\\\/buletin.de\\\/bucuresti\\\/\",\"logo\":{\"@type\":\"ImageObject\",\"inLanguage\":\"en-GB\",\"@id\":\"https:\\\/\\\/buletin.de\\\/bucuresti\\\/#\\\/schema\\\/logo\\\/image\\\/\",\"url\":\"https:\\\/\\\/buletin.de\\\/bucuresti\\\/wp-content\\\/uploads\\\/logo-bdb-full-wide-vernil-transparent.png\",\"contentUrl\":\"https:\\\/\\\/buletin.de\\\/bucuresti\\\/wp-content\\\/uploads\\\/logo-bdb-full-wide-vernil-transparent.png\",\"width\":1782,\"height\":626,\"caption\":\"Buletin de Bucure\u0219ti\"},\"image\":{\"@id\":\"https:\\\/\\\/buletin.de\\\/bucuresti\\\/#\\\/schema\\\/logo\\\/image\\\/\"},\"sameAs\":[\"https:\\\/\\\/www.facebook.com\\\/buletin.de.buc\",\"https:\\\/\\\/www.instagram.com\\\/buletinde.bucuresti\\\/\"]},{\"@type\":\"Person\",\"@id\":\"https:\\\/\\\/buletin.de\\\/bucuresti\\\/#\\\/schema\\\/person\\\/7e46040573290777280a0835d81ea4ea\",\"name\":\"Diana Matei\",\"image\":{\"@type\":\"ImageObject\",\"inLanguage\":\"en-GB\",\"@id\":\"https:\\\/\\\/buletin.de\\\/bucuresti\\\/wp-content\\\/uploads\\\/9-2-96x96.jpg1e8590b30871d70e62ebcdaf2eff570c\",\"url\":\"https:\\\/\\\/buletin.de\\\/bucuresti\\\/wp-content\\\/uploads\\\/9-2-96x96.jpg\",\"contentUrl\":\"https:\\\/\\\/buletin.de\\\/bucuresti\\\/wp-content\\\/uploads\\\/9-2-96x96.jpg\",\"caption\":\"Diana Matei\"},\"url\":\"https:\\\/\\\/buletin.de\\\/bucuresti\\\/author\\\/dianamatei\\\/\"}]}<\/script>\n<!-- \/ Yoast SEO Premium plugin. -->","yoast_head_json":{"title":"Incendiu la camera de corpuri delicte a Poli\u021biei Capitalei - Buletin de Bucure\u0219ti","robots":{"index":"index","follow":"follow","max-snippet":"max-snippet:-1","max-image-preview":"max-image-preview:large","max-video-preview":"max-video-preview:-1"},"canonical":"https:\/\/buletin.de\/bucuresti\/incendiu-la-camera-de-corpuri-delicte-a-politiei-capitalei\/","og_locale":"en_GB","og_type":"article","og_title":"Incendiu la camera de corpuri delicte a Poli\u021biei Capitalei","og_description":"Un incendiul a avut loc pe 2 octombrie la parterul unei cl\u0103diri din strada Boi\u0219oara, din Sectorul 6. Fl\u0103c\u0103rile au afectat camera de corpuri delicte ale Poli\u021biei Capitalei. Poli\u021bia Capitalei informeaz\u0103 c\u0103 Sec\u021bia 20 a fost sesizat\u0103 ieri, \u00een jurul orei 18.00, prin sistem 112, cu privire la faptul c\u0103, \u00eentr-o cl\u0103dire situat\u0103 \u00een Sectorul [&hellip;]","og_url":"https:\/\/buletin.de\/bucuresti\/incendiu-la-camera-de-corpuri-delicte-a-politiei-capitalei\/","og_site_name":"Buletin de Bucure\u0219ti","article_publisher":"https:\/\/www.facebook.com\/buletin.de.buc","article_published_time":"2023-10-03T11:33:05+00:00","article_modified_time":"2023-10-03T11:47:30+00:00","og_image":[{"width":768,"height":883,"url":"https:\/\/buletin.de\/bucuresti\/wp-content\/uploads\/329852591_496910845975758_9015805889962267856_n.jpeg","type":"image\/jpeg"}],"author":"Diana Matei","twitter_card":"summary_large_image","twitter_misc":{"Written by":"Diana Matei","Estimated reading time":"1 minute"},"schema":{"@context":"https:\/\/schema.org","@graph":[{"@type":"Article","@id":"https:\/\/buletin.de\/bucuresti\/incendiu-la-camera-de-corpuri-delicte-a-politiei-capitalei\/#article","isPartOf":{"@id":"https:\/\/buletin.de\/bucuresti\/incendiu-la-camera-de-corpuri-delicte-a-politiei-capitalei\/"},"author":{"name":"Diana Matei","@id":"https:\/\/buletin.de\/bucuresti\/#\/schema\/person\/7e46040573290777280a0835d81ea4ea"},"headline":"Incendiu la camera de corpuri delicte a Poli\u021biei Capitalei","datePublished":"2023-10-03T11:33:05+00:00","dateModified":"2023-10-03T11:47:30+00:00","mainEntityOfPage":{"@id":"https:\/\/buletin.de\/bucuresti\/incendiu-la-camera-de-corpuri-delicte-a-politiei-capitalei\/"},"wordCount":302,"publisher":{"@id":"https:\/\/buletin.de\/bucuresti\/#organization"},"image":{"@id":"https:\/\/buletin.de\/bucuresti\/incendiu-la-camera-de-corpuri-delicte-a-politiei-capitalei\/#primaryimage"},"thumbnailUrl":"https:\/\/buletin.de\/bucuresti\/wp-content\/uploads\/329852591_496910845975758_9015805889962267856_n.jpeg","keywords":["Direc\u021biei Generale Regionale a Finan\u021belor Publice Bucure\u0219ti","incendiu","politia capitalei"],"articleSection":["Articole","\u0218tiri"],"inLanguage":"en-GB","copyrightYear":"2023","copyrightHolder":{"@id":"https:\/\/buletin.de\/bucuresti\/#organization"}},{"@type":"WebPage","@id":"https:\/\/buletin.de\/bucuresti\/incendiu-la-camera-de-corpuri-delicte-a-politiei-capitalei\/","url":"https:\/\/buletin.de\/bucuresti\/incendiu-la-camera-de-corpuri-delicte-a-politiei-capitalei\/","name":"Incendiu la camera de corpuri delicte a Poli\u021biei Capitalei - Buletin de Bucure\u0219ti","isPartOf":{"@id":"https:\/\/buletin.de\/bucuresti\/#website"},"primaryImageOfPage":{"@id":"https:\/\/buletin.de\/bucuresti\/incendiu-la-camera-de-corpuri-delicte-a-politiei-capitalei\/#primaryimage"},"image":{"@id":"https:\/\/buletin.de\/bucuresti\/incendiu-la-camera-de-corpuri-delicte-a-politiei-capitalei\/#primaryimage"},"thumbnailUrl":"https:\/\/buletin.de\/bucuresti\/wp-content\/uploads\/329852591_496910845975758_9015805889962267856_n.jpeg","datePublished":"2023-10-03T11:33:05+00:00","dateModified":"2023-10-03T11:47:30+00:00","breadcrumb":{"@id":"https:\/\/buletin.de\/bucuresti\/incendiu-la-camera-de-corpuri-delicte-a-politiei-capitalei\/#breadcrumb"},"inLanguage":"en-GB","potentialAction":[{"@type":"ReadAction","target":["https:\/\/buletin.de\/bucuresti\/incendiu-la-camera-de-corpuri-delicte-a-politiei-capitalei\/"]}]},{"@type":"ImageObject","inLanguage":"en-GB","@id":"https:\/\/buletin.de\/bucuresti\/incendiu-la-camera-de-corpuri-delicte-a-politiei-capitalei\/#primaryimage","url":"https:\/\/buletin.de\/bucuresti\/wp-content\/uploads\/329852591_496910845975758_9015805889962267856_n.jpeg","contentUrl":"https:\/\/buletin.de\/bucuresti\/wp-content\/uploads\/329852591_496910845975758_9015805889962267856_n.jpeg","width":768,"height":883,"caption":"Facebook: SMURD"},{"@type":"BreadcrumbList","@id":"https:\/\/buletin.de\/bucuresti\/incendiu-la-camera-de-corpuri-delicte-a-politiei-capitalei\/#breadcrumb","itemListElement":[{"@type":"ListItem","position":1,"name":"Acas\u0103","item":"https:\/\/buletin.de\/bucuresti\/"},{"@type":"ListItem","position":2,"name":"Incendiu la camera de corpuri delicte a Poli\u021biei Capitalei"}]},{"@type":"WebSite","@id":"https:\/\/buletin.de\/bucuresti\/#website","url":"https:\/\/buletin.de\/bucuresti\/","name":"Buletin de Bucure\u0219ti","description":"\u0218tiri \u0219i investiga\u021bii esen\u021biale din capital\u0103","publisher":{"@id":"https:\/\/buletin.de\/bucuresti\/#organization"},"potentialAction":[{"@type":"SearchAction","target":{"@type":"EntryPoint","urlTemplate":"https:\/\/buletin.de\/bucuresti\/?s={search_term_string}"},"query-input":{"@type":"PropertyValueSpecification","valueRequired":true,"valueName":"search_term_string"}}],"inLanguage":"en-GB"},{"@type":"Organization","@id":"https:\/\/buletin.de\/bucuresti\/#organization","name":"Buletin de Bucure\u0219ti","url":"https:\/\/buletin.de\/bucuresti\/","logo":{"@type":"ImageObject","inLanguage":"en-GB","@id":"https:\/\/buletin.de\/bucuresti\/#\/schema\/logo\/image\/","url":"https:\/\/buletin.de\/bucuresti\/wp-content\/uploads\/logo-bdb-full-wide-vernil-transparent.png","contentUrl":"https:\/\/buletin.de\/bucuresti\/wp-content\/uploads\/logo-bdb-full-wide-vernil-transparent.png","width":1782,"height":626,"caption":"Buletin de Bucure\u0219ti"},"image":{"@id":"https:\/\/buletin.de\/bucuresti\/#\/schema\/logo\/image\/"},"sameAs":["https:\/\/www.facebook.com\/buletin.de.buc","https:\/\/www.instagram.com\/buletinde.bucuresti\/"]},{"@type":"Person","@id":"https:\/\/buletin.de\/bucuresti\/#\/schema\/person\/7e46040573290777280a0835d81ea4ea","name":"Diana Matei","image":{"@type":"ImageObject","inLanguage":"en-GB","@id":"https:\/\/buletin.de\/bucuresti\/wp-content\/uploads\/9-2-96x96.jpg1e8590b30871d70e62ebcdaf2eff570c","url":"https:\/\/buletin.de\/bucuresti\/wp-content\/uploads\/9-2-96x96.jpg","contentUrl":"https:\/\/buletin.de\/bucuresti\/wp-content\/uploads\/9-2-96x96.jpg","caption":"Diana Matei"},"url":"https:\/\/buletin.de\/bucuresti\/author\/dianamatei\/"}]}},"authors":[{"term_id":22574,"user_id":49,"is_guest":0,"slug":"dianamatei","display_name":"Diana Matei","avatar_url":"https:\/\/buletin.de\/bucuresti\/wp-content\/uploads\/9-2-96x96.jpg","0":null,"1":"","2":"","3":"","4":"","5":"","6":"","7":"","8":""}],"_links":{"self":[{"href":"https:\/\/buletin.de\/bucuresti\/wp-json\/wp\/v2\/posts\/65892","targetHints":{"allow":["GET"]}}],"collection":[{"href":"https:\/\/buletin.de\/bucuresti\/wp-json\/wp\/v2\/posts"}],"about":[{"href":"https:\/\/buletin.de\/bucuresti\/wp-json\/wp\/v2\/types\/post"}],"author":[{"embeddable":true,"href":"https:\/\/buletin.de\/bucuresti\/wp-json\/wp\/v2\/users\/49"}],"replies":[{"embeddable":true,"href":"https:\/\/buletin.de\/bucuresti\/wp-json\/wp\/v2\/comments?post=65892"}],"version-history":[{"count":3,"href":"https:\/\/buletin.de\/bucuresti\/wp-json\/wp\/v2\/posts\/65892\/revisions"}],"predecessor-version":[{"id":65898,"href":"https:\/\/buletin.de\/bucuresti\/wp-json\/wp\/v2\/posts\/65892\/revisions\/65898"}],"wp:featuredmedia":[{"embeddable":true,"href":"https:\/\/buletin.de\/bucuresti\/wp-json\/wp\/v2\/media\/65893"}],"wp:attachment":[{"href":"https:\/\/buletin.de\/bucuresti\/wp-json\/wp\/v2\/media?parent=65892"}],"wp:term":[{"taxonomy":"category","embeddable":true,"href":"https:\/\/buletin.de\/bucuresti\/wp-json\/wp\/v2\/categories?post=65892"},{"taxonomy":"post_tag","embeddable":true,"href":"https:\/\/buletin.de\/bucuresti\/wp-json\/wp\/v2\/tags?post=65892"},{"taxonomy":"author","embeddable":true,"href":"https:\/\/buletin.de\/bucuresti\/wp-json\/wp\/v2\/ppma_author?post=65892"}],"curies":[{"name":"wp","href":"https:\/\/api.w.org\/{rel}","templated":true}]}}