{"id":6538,"date":"2020-04-30T18:48:01","date_gmt":"2020-04-30T15:48:01","guid":{"rendered":"https:\/\/buletin.de\/bucuresti\/?p=6538"},"modified":"2020-04-30T21:59:33","modified_gmt":"2020-04-30T18:59:33","slug":"buletindevestibune-filarmonica-din-sufragerie","status":"publish","type":"post","link":"https:\/\/buletin.de\/bucuresti\/buletindevestibune-filarmonica-din-sufragerie\/","title":{"rendered":"#buletindevestibune | Filarmonica din sufragerie"},"content":{"rendered":"\n<p>Sunt mii de melomani c\u0103rora le este dor de acordurile calde ale pianului sau de sunetul duios al vioarei. Cum de mers la filarmonic\u0103, Ateneu sau alte s\u0103li de concert \u00een aceast\u0103 perioad\u0103 nu se pune problema, un organizator de astfel de evenimente, Mihai Hristu, s-a hot\u0103r\u00e2t s\u0103 profite de porti\u021bele pe care le ofer\u0103 tehnologia \u0219i g\u0103zduie\u0219te serate pe Internet.<\/p>\n\n\n\n<p><a href=\"https:\/\/www.cluborfeu.live\/p\/calendar.html\">Programul<\/a> reprezenta\u021biilor artistice pe care le pune la punct este unul generos \u0219i, chiar \u00een aceast\u0103 sear\u0103, de la 20:00, un t\u00e2n\u0103r pianist e preg\u0103tit s\u0103 \u00ee\u0219i demonstreze virtuozitatea. <\/p>\n\n\n\n\n\n\n\n<p>MIhai Hristu consider\u0103 c\u0103 aceast\u0103 criz\u0103 este o oportunitate care deschide noi c\u0103i de a apropia publicul de muzica clasic\u0103. Ini\u021biativele de acest gen s-au \u00eenmul\u021bit \u0219i, cu timpul, se vor perfec\u021biona, iar oamenii se vor obi\u0219nui s\u0103 urm\u0103reasc\u0103 astfel de concerte, alt\u0103dat\u0103 poate inaccesibile, din propriul lor living. <\/p>\n\n\n\n<p>#concertdeacasa are \u0219i o surpriz\u0103 pentru seara de 1 Mai: <a href=\"https:\/\/www.facebook.com\/events\/2504860149777121\/\">un concert &#8220;astronomic&#8221; live \u0219i gratuit<\/a>, de la ora 18:00.<\/p>\n","protected":false},"excerpt":{"rendered":"<p>Sunt mii de melomani c\u0103rora le este dor de acordurile calde ale pianului sau de sunetul duios al vioarei. Cum de mers la filarmonic\u0103, Ateneu sau alte s\u0103li de concert \u00een aceast\u0103 perioad\u0103 nu se pune problema, un organizator de astfel de evenimente, Mihai Hristu, s-a hot\u0103r\u00e2t s\u0103 profite de porti\u021bele pe care le ofer\u0103 [&hellip;]<\/p>\n","protected":false},"author":8,"featured_media":6539,"comment_status":"closed","ping_status":"open","sticky":false,"template":"","format":"standard","meta":{"_acf_changed":false,"inline_featured_image":false,"ngg_post_thumbnail":0,"footnotes":""},"categories":[169],"tags":[805,969,529,640,968,970,645],"ppma_author":[22586],"class_list":["post-6538","post","type-post","status-publish","format-standard","has-post-thumbnail","hentry","category-reportaj","tag-buletin-de-vesti-bune","tag-concert-acasa","tag-coronavirus","tag-covid","tag-muzica-clasica","tag-muzica-pe-net","tag-pandemie"],"acf":[],"yoast_head":"<!-- This site is optimized with the Yoast SEO Premium plugin v25.3 (Yoast SEO v27.4) - https:\/\/yoast.com\/product\/yoast-seo-premium-wordpress\/ -->\n<title>#buletindevestibune | Filarmonica din sufragerie - Buletin de Bucure\u0219ti<\/title>\n<meta name=\"robots\" content=\"index, follow, max-snippet:-1, max-image-preview:large, max-video-preview:-1\" \/>\n<link rel=\"canonical\" href=\"https:\/\/buletin.de\/bucuresti\/buletindevestibune-filarmonica-din-sufragerie\/\" \/>\n<meta property=\"og:locale\" content=\"en_GB\" \/>\n<meta property=\"og:type\" content=\"article\" \/>\n<meta property=\"og:title\" content=\"#buletindevestibune | Filarmonica din sufragerie\" \/>\n<meta property=\"og:description\" content=\"Sunt mii de melomani c\u0103rora le este dor de acordurile calde ale pianului sau de sunetul duios al vioarei. Cum de mers la filarmonic\u0103, Ateneu sau alte s\u0103li de concert \u00een aceast\u0103 perioad\u0103 nu se pune problema, un organizator de astfel de evenimente, Mihai Hristu, s-a hot\u0103r\u00e2t s\u0103 profite de porti\u021bele pe care le ofer\u0103 [&hellip;]\" \/>\n<meta property=\"og:url\" content=\"https:\/\/buletin.de\/bucuresti\/buletindevestibune-filarmonica-din-sufragerie\/\" \/>\n<meta property=\"og:site_name\" content=\"Buletin de Bucure\u0219ti\" \/>\n<meta property=\"article:publisher\" content=\"https:\/\/www.facebook.com\/buletin.de.buc\" \/>\n<meta property=\"article:published_time\" content=\"2020-04-30T15:48:01+00:00\" \/>\n<meta property=\"article:modified_time\" content=\"2020-04-30T18:59:33+00:00\" \/>\n<meta property=\"og:image\" content=\"https:\/\/buletin.de\/bucuresti\/wp-content\/uploads\/hristu-cover.jpg\" \/>\n\t<meta property=\"og:image:width\" content=\"1280\" \/>\n\t<meta property=\"og:image:height\" content=\"720\" \/>\n\t<meta property=\"og:image:type\" content=\"image\/jpeg\" \/>\n<meta name=\"author\" content=\"Ionu\u021b Lepa\" \/>\n<meta name=\"twitter:card\" content=\"summary_large_image\" \/>\n<meta name=\"twitter:label1\" content=\"Written by\" \/>\n\t<meta name=\"twitter:data1\" content=\"Ionu\u021b Lepa\" \/>\n\t<meta name=\"twitter:label2\" content=\"Estimated reading time\" \/>\n\t<meta name=\"twitter:data2\" content=\"1 minute\" \/>\n<script type=\"application\/ld+json\" class=\"yoast-schema-graph\">{\"@context\":\"https:\\\/\\\/schema.org\",\"@graph\":[{\"@type\":\"Article\",\"@id\":\"https:\\\/\\\/buletin.de\\\/bucuresti\\\/buletindevestibune-filarmonica-din-sufragerie\\\/#article\",\"isPartOf\":{\"@id\":\"https:\\\/\\\/buletin.de\\\/bucuresti\\\/buletindevestibune-filarmonica-din-sufragerie\\\/\"},\"author\":{\"name\":\"Ionu\u021b Lepa\",\"@id\":\"https:\\\/\\\/buletin.de\\\/bucuresti\\\/#\\\/schema\\\/person\\\/5272b8a057b33890940b57b837fc4ce6\"},\"headline\":\"#buletindevestibune | Filarmonica din sufragerie\",\"datePublished\":\"2020-04-30T15:48:01+00:00\",\"dateModified\":\"2020-04-30T18:59:33+00:00\",\"mainEntityOfPage\":{\"@id\":\"https:\\\/\\\/buletin.de\\\/bucuresti\\\/buletindevestibune-filarmonica-din-sufragerie\\\/\"},\"wordCount\":178,\"publisher\":{\"@id\":\"https:\\\/\\\/buletin.de\\\/bucuresti\\\/#organization\"},\"image\":{\"@id\":\"https:\\\/\\\/buletin.de\\\/bucuresti\\\/buletindevestibune-filarmonica-din-sufragerie\\\/#primaryimage\"},\"thumbnailUrl\":\"https:\\\/\\\/buletin.de\\\/bucuresti\\\/wp-content\\\/uploads\\\/hristu-cover.jpg\",\"keywords\":[\"Buletin de ve\u0219ti bune\",\"concert acasa\",\"coronavirus\",\"covid\",\"muzica clasica\",\"muzica pe net\",\"pandemie\"],\"articleSection\":[\"Reportaj\"],\"inLanguage\":\"en-GB\",\"copyrightYear\":\"2020\",\"copyrightHolder\":{\"@id\":\"https:\\\/\\\/buletin.de\\\/bucuresti\\\/#organization\"}},{\"@type\":\"WebPage\",\"@id\":\"https:\\\/\\\/buletin.de\\\/bucuresti\\\/buletindevestibune-filarmonica-din-sufragerie\\\/\",\"url\":\"https:\\\/\\\/buletin.de\\\/bucuresti\\\/buletindevestibune-filarmonica-din-sufragerie\\\/\",\"name\":\"#buletindevestibune | Filarmonica din sufragerie - Buletin de Bucure\u0219ti\",\"isPartOf\":{\"@id\":\"https:\\\/\\\/buletin.de\\\/bucuresti\\\/#website\"},\"primaryImageOfPage\":{\"@id\":\"https:\\\/\\\/buletin.de\\\/bucuresti\\\/buletindevestibune-filarmonica-din-sufragerie\\\/#primaryimage\"},\"image\":{\"@id\":\"https:\\\/\\\/buletin.de\\\/bucuresti\\\/buletindevestibune-filarmonica-din-sufragerie\\\/#primaryimage\"},\"thumbnailUrl\":\"https:\\\/\\\/buletin.de\\\/bucuresti\\\/wp-content\\\/uploads\\\/hristu-cover.jpg\",\"datePublished\":\"2020-04-30T15:48:01+00:00\",\"dateModified\":\"2020-04-30T18:59:33+00:00\",\"breadcrumb\":{\"@id\":\"https:\\\/\\\/buletin.de\\\/bucuresti\\\/buletindevestibune-filarmonica-din-sufragerie\\\/#breadcrumb\"},\"inLanguage\":\"en-GB\",\"potentialAction\":[{\"@type\":\"ReadAction\",\"target\":[\"https:\\\/\\\/buletin.de\\\/bucuresti\\\/buletindevestibune-filarmonica-din-sufragerie\\\/\"]}]},{\"@type\":\"ImageObject\",\"inLanguage\":\"en-GB\",\"@id\":\"https:\\\/\\\/buletin.de\\\/bucuresti\\\/buletindevestibune-filarmonica-din-sufragerie\\\/#primaryimage\",\"url\":\"https:\\\/\\\/buletin.de\\\/bucuresti\\\/wp-content\\\/uploads\\\/hristu-cover.jpg\",\"contentUrl\":\"https:\\\/\\\/buletin.de\\\/bucuresti\\\/wp-content\\\/uploads\\\/hristu-cover.jpg\",\"width\":1280,\"height\":720},{\"@type\":\"BreadcrumbList\",\"@id\":\"https:\\\/\\\/buletin.de\\\/bucuresti\\\/buletindevestibune-filarmonica-din-sufragerie\\\/#breadcrumb\",\"itemListElement\":[{\"@type\":\"ListItem\",\"position\":1,\"name\":\"Acas\u0103\",\"item\":\"https:\\\/\\\/buletin.de\\\/bucuresti\\\/\"},{\"@type\":\"ListItem\",\"position\":2,\"name\":\"#buletindevestibune | Filarmonica din sufragerie\"}]},{\"@type\":\"WebSite\",\"@id\":\"https:\\\/\\\/buletin.de\\\/bucuresti\\\/#website\",\"url\":\"https:\\\/\\\/buletin.de\\\/bucuresti\\\/\",\"name\":\"Buletin de Bucure\u0219ti\",\"description\":\"\u0218tiri \u0219i investiga\u021bii esen\u021biale din capital\u0103\",\"publisher\":{\"@id\":\"https:\\\/\\\/buletin.de\\\/bucuresti\\\/#organization\"},\"potentialAction\":[{\"@type\":\"SearchAction\",\"target\":{\"@type\":\"EntryPoint\",\"urlTemplate\":\"https:\\\/\\\/buletin.de\\\/bucuresti\\\/?s={search_term_string}\"},\"query-input\":{\"@type\":\"PropertyValueSpecification\",\"valueRequired\":true,\"valueName\":\"search_term_string\"}}],\"inLanguage\":\"en-GB\"},{\"@type\":\"Organization\",\"@id\":\"https:\\\/\\\/buletin.de\\\/bucuresti\\\/#organization\",\"name\":\"Buletin de Bucure\u0219ti\",\"url\":\"https:\\\/\\\/buletin.de\\\/bucuresti\\\/\",\"logo\":{\"@type\":\"ImageObject\",\"inLanguage\":\"en-GB\",\"@id\":\"https:\\\/\\\/buletin.de\\\/bucuresti\\\/#\\\/schema\\\/logo\\\/image\\\/\",\"url\":\"https:\\\/\\\/buletin.de\\\/bucuresti\\\/wp-content\\\/uploads\\\/logo-bdb-full-wide-vernil-transparent.png\",\"contentUrl\":\"https:\\\/\\\/buletin.de\\\/bucuresti\\\/wp-content\\\/uploads\\\/logo-bdb-full-wide-vernil-transparent.png\",\"width\":1782,\"height\":626,\"caption\":\"Buletin de Bucure\u0219ti\"},\"image\":{\"@id\":\"https:\\\/\\\/buletin.de\\\/bucuresti\\\/#\\\/schema\\\/logo\\\/image\\\/\"},\"sameAs\":[\"https:\\\/\\\/www.facebook.com\\\/buletin.de.buc\",\"https:\\\/\\\/www.instagram.com\\\/buletinde.bucuresti\\\/\"]},{\"@type\":\"Person\",\"@id\":\"https:\\\/\\\/buletin.de\\\/bucuresti\\\/#\\\/schema\\\/person\\\/5272b8a057b33890940b57b837fc4ce6\",\"name\":\"Ionu\u021b Lepa\",\"image\":{\"@type\":\"ImageObject\",\"inLanguage\":\"en-GB\",\"@id\":\"https:\\\/\\\/buletin.de\\\/bucuresti\\\/wp-content\\\/uploads\\\/Ionut-Lepa-96x96.jpg5c4e4d9e049808799a8821652d2410a4\",\"url\":\"https:\\\/\\\/buletin.de\\\/bucuresti\\\/wp-content\\\/uploads\\\/Ionut-Lepa-96x96.jpg\",\"contentUrl\":\"https:\\\/\\\/buletin.de\\\/bucuresti\\\/wp-content\\\/uploads\\\/Ionut-Lepa-96x96.jpg\",\"caption\":\"Ionu\u021b Lepa\"},\"url\":\"https:\\\/\\\/buletin.de\\\/bucuresti\\\/author\\\/ionutlepa\\\/\"}]}<\/script>\n<!-- \/ Yoast SEO Premium plugin. -->","yoast_head_json":{"title":"#buletindevestibune | Filarmonica din sufragerie - Buletin de Bucure\u0219ti","robots":{"index":"index","follow":"follow","max-snippet":"max-snippet:-1","max-image-preview":"max-image-preview:large","max-video-preview":"max-video-preview:-1"},"canonical":"https:\/\/buletin.de\/bucuresti\/buletindevestibune-filarmonica-din-sufragerie\/","og_locale":"en_GB","og_type":"article","og_title":"#buletindevestibune | Filarmonica din sufragerie","og_description":"Sunt mii de melomani c\u0103rora le este dor de acordurile calde ale pianului sau de sunetul duios al vioarei. Cum de mers la filarmonic\u0103, Ateneu sau alte s\u0103li de concert \u00een aceast\u0103 perioad\u0103 nu se pune problema, un organizator de astfel de evenimente, Mihai Hristu, s-a hot\u0103r\u00e2t s\u0103 profite de porti\u021bele pe care le ofer\u0103 [&hellip;]","og_url":"https:\/\/buletin.de\/bucuresti\/buletindevestibune-filarmonica-din-sufragerie\/","og_site_name":"Buletin de Bucure\u0219ti","article_publisher":"https:\/\/www.facebook.com\/buletin.de.buc","article_published_time":"2020-04-30T15:48:01+00:00","article_modified_time":"2020-04-30T18:59:33+00:00","og_image":[{"width":1280,"height":720,"url":"https:\/\/buletin.de\/bucuresti\/wp-content\/uploads\/hristu-cover.jpg","type":"image\/jpeg"}],"author":"Ionu\u021b Lepa","twitter_card":"summary_large_image","twitter_misc":{"Written by":"Ionu\u021b Lepa","Estimated reading time":"1 minute"},"schema":{"@context":"https:\/\/schema.org","@graph":[{"@type":"Article","@id":"https:\/\/buletin.de\/bucuresti\/buletindevestibune-filarmonica-din-sufragerie\/#article","isPartOf":{"@id":"https:\/\/buletin.de\/bucuresti\/buletindevestibune-filarmonica-din-sufragerie\/"},"author":{"name":"Ionu\u021b Lepa","@id":"https:\/\/buletin.de\/bucuresti\/#\/schema\/person\/5272b8a057b33890940b57b837fc4ce6"},"headline":"#buletindevestibune | Filarmonica din sufragerie","datePublished":"2020-04-30T15:48:01+00:00","dateModified":"2020-04-30T18:59:33+00:00","mainEntityOfPage":{"@id":"https:\/\/buletin.de\/bucuresti\/buletindevestibune-filarmonica-din-sufragerie\/"},"wordCount":178,"publisher":{"@id":"https:\/\/buletin.de\/bucuresti\/#organization"},"image":{"@id":"https:\/\/buletin.de\/bucuresti\/buletindevestibune-filarmonica-din-sufragerie\/#primaryimage"},"thumbnailUrl":"https:\/\/buletin.de\/bucuresti\/wp-content\/uploads\/hristu-cover.jpg","keywords":["Buletin de ve\u0219ti bune","concert acasa","coronavirus","covid","muzica clasica","muzica pe net","pandemie"],"articleSection":["Reportaj"],"inLanguage":"en-GB","copyrightYear":"2020","copyrightHolder":{"@id":"https:\/\/buletin.de\/bucuresti\/#organization"}},{"@type":"WebPage","@id":"https:\/\/buletin.de\/bucuresti\/buletindevestibune-filarmonica-din-sufragerie\/","url":"https:\/\/buletin.de\/bucuresti\/buletindevestibune-filarmonica-din-sufragerie\/","name":"#buletindevestibune | Filarmonica din sufragerie - Buletin de Bucure\u0219ti","isPartOf":{"@id":"https:\/\/buletin.de\/bucuresti\/#website"},"primaryImageOfPage":{"@id":"https:\/\/buletin.de\/bucuresti\/buletindevestibune-filarmonica-din-sufragerie\/#primaryimage"},"image":{"@id":"https:\/\/buletin.de\/bucuresti\/buletindevestibune-filarmonica-din-sufragerie\/#primaryimage"},"thumbnailUrl":"https:\/\/buletin.de\/bucuresti\/wp-content\/uploads\/hristu-cover.jpg","datePublished":"2020-04-30T15:48:01+00:00","dateModified":"2020-04-30T18:59:33+00:00","breadcrumb":{"@id":"https:\/\/buletin.de\/bucuresti\/buletindevestibune-filarmonica-din-sufragerie\/#breadcrumb"},"inLanguage":"en-GB","potentialAction":[{"@type":"ReadAction","target":["https:\/\/buletin.de\/bucuresti\/buletindevestibune-filarmonica-din-sufragerie\/"]}]},{"@type":"ImageObject","inLanguage":"en-GB","@id":"https:\/\/buletin.de\/bucuresti\/buletindevestibune-filarmonica-din-sufragerie\/#primaryimage","url":"https:\/\/buletin.de\/bucuresti\/wp-content\/uploads\/hristu-cover.jpg","contentUrl":"https:\/\/buletin.de\/bucuresti\/wp-content\/uploads\/hristu-cover.jpg","width":1280,"height":720},{"@type":"BreadcrumbList","@id":"https:\/\/buletin.de\/bucuresti\/buletindevestibune-filarmonica-din-sufragerie\/#breadcrumb","itemListElement":[{"@type":"ListItem","position":1,"name":"Acas\u0103","item":"https:\/\/buletin.de\/bucuresti\/"},{"@type":"ListItem","position":2,"name":"#buletindevestibune | Filarmonica din sufragerie"}]},{"@type":"WebSite","@id":"https:\/\/buletin.de\/bucuresti\/#website","url":"https:\/\/buletin.de\/bucuresti\/","name":"Buletin de Bucure\u0219ti","description":"\u0218tiri \u0219i investiga\u021bii esen\u021biale din capital\u0103","publisher":{"@id":"https:\/\/buletin.de\/bucuresti\/#organization"},"potentialAction":[{"@type":"SearchAction","target":{"@type":"EntryPoint","urlTemplate":"https:\/\/buletin.de\/bucuresti\/?s={search_term_string}"},"query-input":{"@type":"PropertyValueSpecification","valueRequired":true,"valueName":"search_term_string"}}],"inLanguage":"en-GB"},{"@type":"Organization","@id":"https:\/\/buletin.de\/bucuresti\/#organization","name":"Buletin de Bucure\u0219ti","url":"https:\/\/buletin.de\/bucuresti\/","logo":{"@type":"ImageObject","inLanguage":"en-GB","@id":"https:\/\/buletin.de\/bucuresti\/#\/schema\/logo\/image\/","url":"https:\/\/buletin.de\/bucuresti\/wp-content\/uploads\/logo-bdb-full-wide-vernil-transparent.png","contentUrl":"https:\/\/buletin.de\/bucuresti\/wp-content\/uploads\/logo-bdb-full-wide-vernil-transparent.png","width":1782,"height":626,"caption":"Buletin de Bucure\u0219ti"},"image":{"@id":"https:\/\/buletin.de\/bucuresti\/#\/schema\/logo\/image\/"},"sameAs":["https:\/\/www.facebook.com\/buletin.de.buc","https:\/\/www.instagram.com\/buletinde.bucuresti\/"]},{"@type":"Person","@id":"https:\/\/buletin.de\/bucuresti\/#\/schema\/person\/5272b8a057b33890940b57b837fc4ce6","name":"Ionu\u021b Lepa","image":{"@type":"ImageObject","inLanguage":"en-GB","@id":"https:\/\/buletin.de\/bucuresti\/wp-content\/uploads\/Ionut-Lepa-96x96.jpg5c4e4d9e049808799a8821652d2410a4","url":"https:\/\/buletin.de\/bucuresti\/wp-content\/uploads\/Ionut-Lepa-96x96.jpg","contentUrl":"https:\/\/buletin.de\/bucuresti\/wp-content\/uploads\/Ionut-Lepa-96x96.jpg","caption":"Ionu\u021b Lepa"},"url":"https:\/\/buletin.de\/bucuresti\/author\/ionutlepa\/"}]}},"authors":[{"term_id":22586,"user_id":8,"is_guest":0,"slug":"ionutlepa","display_name":"Ionu\u021b Lepa","avatar_url":"https:\/\/buletin.de\/bucuresti\/wp-content\/uploads\/Ionut-Lepa-96x96.jpg","0":null,"1":"","2":"","3":"","4":"","5":"","6":"","7":"","8":""}],"_links":{"self":[{"href":"https:\/\/buletin.de\/bucuresti\/wp-json\/wp\/v2\/posts\/6538","targetHints":{"allow":["GET"]}}],"collection":[{"href":"https:\/\/buletin.de\/bucuresti\/wp-json\/wp\/v2\/posts"}],"about":[{"href":"https:\/\/buletin.de\/bucuresti\/wp-json\/wp\/v2\/types\/post"}],"author":[{"embeddable":true,"href":"https:\/\/buletin.de\/bucuresti\/wp-json\/wp\/v2\/users\/8"}],"replies":[{"embeddable":true,"href":"https:\/\/buletin.de\/bucuresti\/wp-json\/wp\/v2\/comments?post=6538"}],"version-history":[{"count":4,"href":"https:\/\/buletin.de\/bucuresti\/wp-json\/wp\/v2\/posts\/6538\/revisions"}],"predecessor-version":[{"id":6567,"href":"https:\/\/buletin.de\/bucuresti\/wp-json\/wp\/v2\/posts\/6538\/revisions\/6567"}],"wp:featuredmedia":[{"embeddable":true,"href":"https:\/\/buletin.de\/bucuresti\/wp-json\/wp\/v2\/media\/6539"}],"wp:attachment":[{"href":"https:\/\/buletin.de\/bucuresti\/wp-json\/wp\/v2\/media?parent=6538"}],"wp:term":[{"taxonomy":"category","embeddable":true,"href":"https:\/\/buletin.de\/bucuresti\/wp-json\/wp\/v2\/categories?post=6538"},{"taxonomy":"post_tag","embeddable":true,"href":"https:\/\/buletin.de\/bucuresti\/wp-json\/wp\/v2\/tags?post=6538"},{"taxonomy":"author","embeddable":true,"href":"https:\/\/buletin.de\/bucuresti\/wp-json\/wp\/v2\/ppma_author?post=6538"}],"curies":[{"name":"wp","href":"https:\/\/api.w.org\/{rel}","templated":true}]}}