{"id":65093,"date":"2023-09-22T05:23:05","date_gmt":"2023-09-22T03:23:05","guid":{"rendered":"https:\/\/buletin.de\/bucuresti\/?p=65093"},"modified":"2023-09-22T05:23:06","modified_gmt":"2023-09-22T03:23:06","slug":"trei-linii-de-tramvai-intra-in-reparatii","status":"publish","type":"post","link":"https:\/\/buletin.de\/bucuresti\/trei-linii-de-tramvai-intra-in-reparatii\/","title":{"rendered":"Trei linii de tramvai intr\u0103 \u00een repara\u021bii \u00a0"},"content":{"rendered":"\n<p><strong>Lucr\u0103rile de reabilitarea a altor trei loturi de linii de tramvai, dintre cele 11 pentru care s-au primit oferte, au fost atribuite. Anun\u021bul a fost f\u0103cut de primarul general al Capitalei, Nicu\u0219or Dan.<\/strong><\/p>\n\n\n\n<p>Acestea fac parte din proiectul de modernizare a liniilor de tramvai din Capital\u0103, pe o lungime total\u0103 de 50 de km.<\/p>\n\n\n\n<p>Astfel, va fi modernizat\u0103 calea de rulare a tramvaielor pentru urm\u0103toarele linii:<\/p>\n\n\n\n<ul class=\"wp-block-list\">\n<li><strong>Linia 3<\/strong> \u2013 pe arterele Bulevardul Expozi\u021biei, Strada Aviator Popi\u0219teanu, Strada Pu\u021bul lui Cr\u0103ciun, Strada Dornei \u0219i Strada Cl\u0103bucet<\/li>\n\n\n\n<li><strong>Linia 16<\/strong> \u2013 pe arterele Str. Paleologu, Str. Armand C\u0103linescu, Str. Vasile Lasc\u0103r, Str. Lizeanu \u0219i Intrarea Vagonului<\/li>\n\n\n\n<li><strong>Linia de tramvai de pe Bulevardul Timi\u0219oara, \u00eentre Str. Valea Cascadelor \u0219i terminal CET Vest.<\/strong> Aceast\u0103 linie nu este utilizat\u0103 \u00een prezent, iar dup\u0103 reabilitare va fi refunc\u021bionalizat\u0103.<\/li>\n<\/ul>\n\n\n\n<p>La \u00eenceputul lunii septembrie, Prim\u0103ria General\u0103 anun\u021bat atribuirea altor 6 loturi din total de 11 pentru care exist\u0103 oferte depuse. Acestea \u00eensumeaz\u0103 un total de 12 kilometri:<\/p>\n\n\n\n<ul class=\"wp-block-list\">\n<li><strong>Tramvaiele 23 \u0219i 27 <\/strong>\u2013 Bulevardul M\u0103r\u0103\u0219e\u0219ti (\u00eentre Dimitrie Cantemir \u0219i Strada 11 Iunie);<\/li>\n\n\n\n<li><strong>Tramvaiul 36<\/strong> \u2013 Bulevardul Chi\u0219in\u0103u;<\/li>\n\n\n\n<li><strong>Tramvaiele 36 si 40<\/strong> \u2013 Bulevardul Basarabia (de la intersec\u021bia cu B-dul 1 Decembrie 1918 p\u00e2n\u0103 la cap\u0103t terminal Republica);<\/li>\n\n\n\n<li><strong>Tramvaiele 16 \u0219i 36<\/strong> \u2013 Bulevardul Pompeiu \u2013 Petricani \u2013 Lacul Tei- Strada Re\u00eenvierii \u0219i Strada Turmelor;<\/li>\n\n\n\n<li><strong>Tramvaiele 44, 45<\/strong> \u2013 Gheorghe Duca \u2013 str. Alexandru Ioan Cuza \u2013 Calea Grivi\u021bei \u2013 Bd-ul. Dinicu Golescu;<\/li>\n\n\n\n<li><strong>Tramvaiele 14 \u0219i 36<\/strong> \u2013 Bulevardul G\u0103rii Obor \u2013 Ferdinand I \u2013 \u0218oseaua Pantelimon \u2013 Baicului.<\/li>\n<\/ul>\n\n\n\n<p><\/p>\n","protected":false},"excerpt":{"rendered":"<p>Lucr\u0103rile de reabilitarea a altor trei loturi de linii de tramvai, dintre cele 11 pentru care s-au primit oferte, au fost atribuite. Anun\u021bul a fost f\u0103cut de primarul general al Capitalei, Nicu\u0219or Dan. Acestea fac parte din proiectul de modernizare a liniilor de tramvai din Capital\u0103, pe o lungime total\u0103 de 50 de km. Astfel, [&hellip;]<\/p>\n","protected":false},"author":49,"featured_media":62389,"comment_status":"closed","ping_status":"open","sticky":false,"template":"","format":"standard","meta":{"_acf_changed":false,"inline_featured_image":false,"ngg_post_thumbnail":0,"footnotes":""},"categories":[6994,62,650],"tags":[223,258,6901],"ppma_author":[22574],"class_list":["post-65093","post","type-post","status-publish","format-standard","has-post-thumbnail","hentry","category-stiri-2","category-stiri","category-transport","tag-nicusor-dan","tag-primaria-capitalei","tag-reabilitare-tramvaie"],"acf":[],"yoast_head":"<!-- This site is optimized with the Yoast SEO Premium plugin v25.3 (Yoast SEO v27.4) - https:\/\/yoast.com\/product\/yoast-seo-premium-wordpress\/ -->\n<title>Trei linii de tramvai intr\u0103 \u00een repara\u021bii \u00a0 - Buletin de Bucure\u0219ti<\/title>\n<meta name=\"robots\" content=\"index, follow, max-snippet:-1, max-image-preview:large, max-video-preview:-1\" \/>\n<link rel=\"canonical\" href=\"https:\/\/buletin.de\/bucuresti\/trei-linii-de-tramvai-intra-in-reparatii\/\" \/>\n<meta property=\"og:locale\" content=\"en_GB\" \/>\n<meta property=\"og:type\" content=\"article\" \/>\n<meta property=\"og:title\" content=\"Trei linii de tramvai intr\u0103 \u00een repara\u021bii \u00a0\" \/>\n<meta property=\"og:description\" content=\"Lucr\u0103rile de reabilitarea a altor trei loturi de linii de tramvai, dintre cele 11 pentru care s-au primit oferte, au fost atribuite. Anun\u021bul a fost f\u0103cut de primarul general al Capitalei, Nicu\u0219or Dan. Acestea fac parte din proiectul de modernizare a liniilor de tramvai din Capital\u0103, pe o lungime total\u0103 de 50 de km. Astfel, [&hellip;]\" \/>\n<meta property=\"og:url\" content=\"https:\/\/buletin.de\/bucuresti\/trei-linii-de-tramvai-intra-in-reparatii\/\" \/>\n<meta property=\"og:site_name\" content=\"Buletin de Bucure\u0219ti\" \/>\n<meta property=\"article:publisher\" content=\"https:\/\/www.facebook.com\/buletin.de.buc\" \/>\n<meta property=\"article:published_time\" content=\"2023-09-22T03:23:05+00:00\" \/>\n<meta property=\"article:modified_time\" content=\"2023-09-22T03:23:06+00:00\" \/>\n<meta property=\"og:image\" content=\"https:\/\/buletin.de\/bucuresti\/wp-content\/uploads\/Tramvai_11_Bucuresti_1-scaled-1.jpg\" \/>\n\t<meta property=\"og:image:width\" content=\"2560\" \/>\n\t<meta property=\"og:image:height\" content=\"1440\" \/>\n\t<meta property=\"og:image:type\" content=\"image\/jpeg\" \/>\n<meta name=\"author\" content=\"Diana Matei\" \/>\n<meta name=\"twitter:card\" content=\"summary_large_image\" \/>\n<meta name=\"twitter:label1\" content=\"Written by\" \/>\n\t<meta name=\"twitter:data1\" content=\"Diana Matei\" \/>\n\t<meta name=\"twitter:label2\" content=\"Estimated reading time\" \/>\n\t<meta name=\"twitter:data2\" content=\"2 minutes\" \/>\n<script type=\"application\/ld+json\" class=\"yoast-schema-graph\">{\"@context\":\"https:\\\/\\\/schema.org\",\"@graph\":[{\"@type\":\"Article\",\"@id\":\"https:\\\/\\\/buletin.de\\\/bucuresti\\\/trei-linii-de-tramvai-intra-in-reparatii\\\/#article\",\"isPartOf\":{\"@id\":\"https:\\\/\\\/buletin.de\\\/bucuresti\\\/trei-linii-de-tramvai-intra-in-reparatii\\\/\"},\"author\":{\"name\":\"Diana Matei\",\"@id\":\"https:\\\/\\\/buletin.de\\\/bucuresti\\\/#\\\/schema\\\/person\\\/7e46040573290777280a0835d81ea4ea\"},\"headline\":\"Trei linii de tramvai intr\u0103 \u00een repara\u021bii \u00a0\",\"datePublished\":\"2023-09-22T03:23:05+00:00\",\"dateModified\":\"2023-09-22T03:23:06+00:00\",\"mainEntityOfPage\":{\"@id\":\"https:\\\/\\\/buletin.de\\\/bucuresti\\\/trei-linii-de-tramvai-intra-in-reparatii\\\/\"},\"wordCount\":246,\"publisher\":{\"@id\":\"https:\\\/\\\/buletin.de\\\/bucuresti\\\/#organization\"},\"image\":{\"@id\":\"https:\\\/\\\/buletin.de\\\/bucuresti\\\/trei-linii-de-tramvai-intra-in-reparatii\\\/#primaryimage\"},\"thumbnailUrl\":\"https:\\\/\\\/buletin.de\\\/bucuresti\\\/wp-content\\\/uploads\\\/Tramvai_11_Bucuresti_1-scaled-1.jpg\",\"keywords\":[\"nicusor dan\",\"primaria capitalei\",\"reabilitare tramvaie\"],\"articleSection\":[\"Articole\",\"\u0218tiri\",\"Transport\"],\"inLanguage\":\"en-GB\",\"copyrightYear\":\"2023\",\"copyrightHolder\":{\"@id\":\"https:\\\/\\\/buletin.de\\\/bucuresti\\\/#organization\"}},{\"@type\":\"WebPage\",\"@id\":\"https:\\\/\\\/buletin.de\\\/bucuresti\\\/trei-linii-de-tramvai-intra-in-reparatii\\\/\",\"url\":\"https:\\\/\\\/buletin.de\\\/bucuresti\\\/trei-linii-de-tramvai-intra-in-reparatii\\\/\",\"name\":\"Trei linii de tramvai intr\u0103 \u00een repara\u021bii \u00a0 - Buletin de Bucure\u0219ti\",\"isPartOf\":{\"@id\":\"https:\\\/\\\/buletin.de\\\/bucuresti\\\/#website\"},\"primaryImageOfPage\":{\"@id\":\"https:\\\/\\\/buletin.de\\\/bucuresti\\\/trei-linii-de-tramvai-intra-in-reparatii\\\/#primaryimage\"},\"image\":{\"@id\":\"https:\\\/\\\/buletin.de\\\/bucuresti\\\/trei-linii-de-tramvai-intra-in-reparatii\\\/#primaryimage\"},\"thumbnailUrl\":\"https:\\\/\\\/buletin.de\\\/bucuresti\\\/wp-content\\\/uploads\\\/Tramvai_11_Bucuresti_1-scaled-1.jpg\",\"datePublished\":\"2023-09-22T03:23:05+00:00\",\"dateModified\":\"2023-09-22T03:23:06+00:00\",\"breadcrumb\":{\"@id\":\"https:\\\/\\\/buletin.de\\\/bucuresti\\\/trei-linii-de-tramvai-intra-in-reparatii\\\/#breadcrumb\"},\"inLanguage\":\"en-GB\",\"potentialAction\":[{\"@type\":\"ReadAction\",\"target\":[\"https:\\\/\\\/buletin.de\\\/bucuresti\\\/trei-linii-de-tramvai-intra-in-reparatii\\\/\"]}]},{\"@type\":\"ImageObject\",\"inLanguage\":\"en-GB\",\"@id\":\"https:\\\/\\\/buletin.de\\\/bucuresti\\\/trei-linii-de-tramvai-intra-in-reparatii\\\/#primaryimage\",\"url\":\"https:\\\/\\\/buletin.de\\\/bucuresti\\\/wp-content\\\/uploads\\\/Tramvai_11_Bucuresti_1-scaled-1.jpg\",\"contentUrl\":\"https:\\\/\\\/buletin.de\\\/bucuresti\\\/wp-content\\\/uploads\\\/Tramvai_11_Bucuresti_1-scaled-1.jpg\",\"width\":2560,\"height\":1440,\"caption\":\"STB cump\u0103r\u0103 piese pentru tramvaie. FOTO: arhiv\u0103\"},{\"@type\":\"BreadcrumbList\",\"@id\":\"https:\\\/\\\/buletin.de\\\/bucuresti\\\/trei-linii-de-tramvai-intra-in-reparatii\\\/#breadcrumb\",\"itemListElement\":[{\"@type\":\"ListItem\",\"position\":1,\"name\":\"Acas\u0103\",\"item\":\"https:\\\/\\\/buletin.de\\\/bucuresti\\\/\"},{\"@type\":\"ListItem\",\"position\":2,\"name\":\"Trei linii de tramvai intr\u0103 \u00een repara\u021bii \u00a0\"}]},{\"@type\":\"WebSite\",\"@id\":\"https:\\\/\\\/buletin.de\\\/bucuresti\\\/#website\",\"url\":\"https:\\\/\\\/buletin.de\\\/bucuresti\\\/\",\"name\":\"Buletin de Bucure\u0219ti\",\"description\":\"\u0218tiri \u0219i investiga\u021bii esen\u021biale din capital\u0103\",\"publisher\":{\"@id\":\"https:\\\/\\\/buletin.de\\\/bucuresti\\\/#organization\"},\"potentialAction\":[{\"@type\":\"SearchAction\",\"target\":{\"@type\":\"EntryPoint\",\"urlTemplate\":\"https:\\\/\\\/buletin.de\\\/bucuresti\\\/?s={search_term_string}\"},\"query-input\":{\"@type\":\"PropertyValueSpecification\",\"valueRequired\":true,\"valueName\":\"search_term_string\"}}],\"inLanguage\":\"en-GB\"},{\"@type\":\"Organization\",\"@id\":\"https:\\\/\\\/buletin.de\\\/bucuresti\\\/#organization\",\"name\":\"Buletin de Bucure\u0219ti\",\"url\":\"https:\\\/\\\/buletin.de\\\/bucuresti\\\/\",\"logo\":{\"@type\":\"ImageObject\",\"inLanguage\":\"en-GB\",\"@id\":\"https:\\\/\\\/buletin.de\\\/bucuresti\\\/#\\\/schema\\\/logo\\\/image\\\/\",\"url\":\"https:\\\/\\\/buletin.de\\\/bucuresti\\\/wp-content\\\/uploads\\\/logo-bdb-full-wide-vernil-transparent.png\",\"contentUrl\":\"https:\\\/\\\/buletin.de\\\/bucuresti\\\/wp-content\\\/uploads\\\/logo-bdb-full-wide-vernil-transparent.png\",\"width\":1782,\"height\":626,\"caption\":\"Buletin de Bucure\u0219ti\"},\"image\":{\"@id\":\"https:\\\/\\\/buletin.de\\\/bucuresti\\\/#\\\/schema\\\/logo\\\/image\\\/\"},\"sameAs\":[\"https:\\\/\\\/www.facebook.com\\\/buletin.de.buc\",\"https:\\\/\\\/www.instagram.com\\\/buletinde.bucuresti\\\/\"]},{\"@type\":\"Person\",\"@id\":\"https:\\\/\\\/buletin.de\\\/bucuresti\\\/#\\\/schema\\\/person\\\/7e46040573290777280a0835d81ea4ea\",\"name\":\"Diana Matei\",\"image\":{\"@type\":\"ImageObject\",\"inLanguage\":\"en-GB\",\"@id\":\"https:\\\/\\\/buletin.de\\\/bucuresti\\\/wp-content\\\/uploads\\\/9-2-96x96.jpg1e8590b30871d70e62ebcdaf2eff570c\",\"url\":\"https:\\\/\\\/buletin.de\\\/bucuresti\\\/wp-content\\\/uploads\\\/9-2-96x96.jpg\",\"contentUrl\":\"https:\\\/\\\/buletin.de\\\/bucuresti\\\/wp-content\\\/uploads\\\/9-2-96x96.jpg\",\"caption\":\"Diana Matei\"},\"url\":\"https:\\\/\\\/buletin.de\\\/bucuresti\\\/author\\\/dianamatei\\\/\"}]}<\/script>\n<!-- \/ Yoast SEO Premium plugin. -->","yoast_head_json":{"title":"Trei linii de tramvai intr\u0103 \u00een repara\u021bii \u00a0 - Buletin de Bucure\u0219ti","robots":{"index":"index","follow":"follow","max-snippet":"max-snippet:-1","max-image-preview":"max-image-preview:large","max-video-preview":"max-video-preview:-1"},"canonical":"https:\/\/buletin.de\/bucuresti\/trei-linii-de-tramvai-intra-in-reparatii\/","og_locale":"en_GB","og_type":"article","og_title":"Trei linii de tramvai intr\u0103 \u00een repara\u021bii \u00a0","og_description":"Lucr\u0103rile de reabilitarea a altor trei loturi de linii de tramvai, dintre cele 11 pentru care s-au primit oferte, au fost atribuite. Anun\u021bul a fost f\u0103cut de primarul general al Capitalei, Nicu\u0219or Dan. Acestea fac parte din proiectul de modernizare a liniilor de tramvai din Capital\u0103, pe o lungime total\u0103 de 50 de km. Astfel, [&hellip;]","og_url":"https:\/\/buletin.de\/bucuresti\/trei-linii-de-tramvai-intra-in-reparatii\/","og_site_name":"Buletin de Bucure\u0219ti","article_publisher":"https:\/\/www.facebook.com\/buletin.de.buc","article_published_time":"2023-09-22T03:23:05+00:00","article_modified_time":"2023-09-22T03:23:06+00:00","og_image":[{"width":2560,"height":1440,"url":"https:\/\/buletin.de\/bucuresti\/wp-content\/uploads\/Tramvai_11_Bucuresti_1-scaled-1.jpg","type":"image\/jpeg"}],"author":"Diana Matei","twitter_card":"summary_large_image","twitter_misc":{"Written by":"Diana Matei","Estimated reading time":"2 minutes"},"schema":{"@context":"https:\/\/schema.org","@graph":[{"@type":"Article","@id":"https:\/\/buletin.de\/bucuresti\/trei-linii-de-tramvai-intra-in-reparatii\/#article","isPartOf":{"@id":"https:\/\/buletin.de\/bucuresti\/trei-linii-de-tramvai-intra-in-reparatii\/"},"author":{"name":"Diana Matei","@id":"https:\/\/buletin.de\/bucuresti\/#\/schema\/person\/7e46040573290777280a0835d81ea4ea"},"headline":"Trei linii de tramvai intr\u0103 \u00een repara\u021bii \u00a0","datePublished":"2023-09-22T03:23:05+00:00","dateModified":"2023-09-22T03:23:06+00:00","mainEntityOfPage":{"@id":"https:\/\/buletin.de\/bucuresti\/trei-linii-de-tramvai-intra-in-reparatii\/"},"wordCount":246,"publisher":{"@id":"https:\/\/buletin.de\/bucuresti\/#organization"},"image":{"@id":"https:\/\/buletin.de\/bucuresti\/trei-linii-de-tramvai-intra-in-reparatii\/#primaryimage"},"thumbnailUrl":"https:\/\/buletin.de\/bucuresti\/wp-content\/uploads\/Tramvai_11_Bucuresti_1-scaled-1.jpg","keywords":["nicusor dan","primaria capitalei","reabilitare tramvaie"],"articleSection":["Articole","\u0218tiri","Transport"],"inLanguage":"en-GB","copyrightYear":"2023","copyrightHolder":{"@id":"https:\/\/buletin.de\/bucuresti\/#organization"}},{"@type":"WebPage","@id":"https:\/\/buletin.de\/bucuresti\/trei-linii-de-tramvai-intra-in-reparatii\/","url":"https:\/\/buletin.de\/bucuresti\/trei-linii-de-tramvai-intra-in-reparatii\/","name":"Trei linii de tramvai intr\u0103 \u00een repara\u021bii \u00a0 - Buletin de Bucure\u0219ti","isPartOf":{"@id":"https:\/\/buletin.de\/bucuresti\/#website"},"primaryImageOfPage":{"@id":"https:\/\/buletin.de\/bucuresti\/trei-linii-de-tramvai-intra-in-reparatii\/#primaryimage"},"image":{"@id":"https:\/\/buletin.de\/bucuresti\/trei-linii-de-tramvai-intra-in-reparatii\/#primaryimage"},"thumbnailUrl":"https:\/\/buletin.de\/bucuresti\/wp-content\/uploads\/Tramvai_11_Bucuresti_1-scaled-1.jpg","datePublished":"2023-09-22T03:23:05+00:00","dateModified":"2023-09-22T03:23:06+00:00","breadcrumb":{"@id":"https:\/\/buletin.de\/bucuresti\/trei-linii-de-tramvai-intra-in-reparatii\/#breadcrumb"},"inLanguage":"en-GB","potentialAction":[{"@type":"ReadAction","target":["https:\/\/buletin.de\/bucuresti\/trei-linii-de-tramvai-intra-in-reparatii\/"]}]},{"@type":"ImageObject","inLanguage":"en-GB","@id":"https:\/\/buletin.de\/bucuresti\/trei-linii-de-tramvai-intra-in-reparatii\/#primaryimage","url":"https:\/\/buletin.de\/bucuresti\/wp-content\/uploads\/Tramvai_11_Bucuresti_1-scaled-1.jpg","contentUrl":"https:\/\/buletin.de\/bucuresti\/wp-content\/uploads\/Tramvai_11_Bucuresti_1-scaled-1.jpg","width":2560,"height":1440,"caption":"STB cump\u0103r\u0103 piese pentru tramvaie. FOTO: arhiv\u0103"},{"@type":"BreadcrumbList","@id":"https:\/\/buletin.de\/bucuresti\/trei-linii-de-tramvai-intra-in-reparatii\/#breadcrumb","itemListElement":[{"@type":"ListItem","position":1,"name":"Acas\u0103","item":"https:\/\/buletin.de\/bucuresti\/"},{"@type":"ListItem","position":2,"name":"Trei linii de tramvai intr\u0103 \u00een repara\u021bii \u00a0"}]},{"@type":"WebSite","@id":"https:\/\/buletin.de\/bucuresti\/#website","url":"https:\/\/buletin.de\/bucuresti\/","name":"Buletin de Bucure\u0219ti","description":"\u0218tiri \u0219i investiga\u021bii esen\u021biale din capital\u0103","publisher":{"@id":"https:\/\/buletin.de\/bucuresti\/#organization"},"potentialAction":[{"@type":"SearchAction","target":{"@type":"EntryPoint","urlTemplate":"https:\/\/buletin.de\/bucuresti\/?s={search_term_string}"},"query-input":{"@type":"PropertyValueSpecification","valueRequired":true,"valueName":"search_term_string"}}],"inLanguage":"en-GB"},{"@type":"Organization","@id":"https:\/\/buletin.de\/bucuresti\/#organization","name":"Buletin de Bucure\u0219ti","url":"https:\/\/buletin.de\/bucuresti\/","logo":{"@type":"ImageObject","inLanguage":"en-GB","@id":"https:\/\/buletin.de\/bucuresti\/#\/schema\/logo\/image\/","url":"https:\/\/buletin.de\/bucuresti\/wp-content\/uploads\/logo-bdb-full-wide-vernil-transparent.png","contentUrl":"https:\/\/buletin.de\/bucuresti\/wp-content\/uploads\/logo-bdb-full-wide-vernil-transparent.png","width":1782,"height":626,"caption":"Buletin de Bucure\u0219ti"},"image":{"@id":"https:\/\/buletin.de\/bucuresti\/#\/schema\/logo\/image\/"},"sameAs":["https:\/\/www.facebook.com\/buletin.de.buc","https:\/\/www.instagram.com\/buletinde.bucuresti\/"]},{"@type":"Person","@id":"https:\/\/buletin.de\/bucuresti\/#\/schema\/person\/7e46040573290777280a0835d81ea4ea","name":"Diana Matei","image":{"@type":"ImageObject","inLanguage":"en-GB","@id":"https:\/\/buletin.de\/bucuresti\/wp-content\/uploads\/9-2-96x96.jpg1e8590b30871d70e62ebcdaf2eff570c","url":"https:\/\/buletin.de\/bucuresti\/wp-content\/uploads\/9-2-96x96.jpg","contentUrl":"https:\/\/buletin.de\/bucuresti\/wp-content\/uploads\/9-2-96x96.jpg","caption":"Diana Matei"},"url":"https:\/\/buletin.de\/bucuresti\/author\/dianamatei\/"}]}},"authors":[{"term_id":22574,"user_id":49,"is_guest":0,"slug":"dianamatei","display_name":"Diana Matei","avatar_url":"https:\/\/buletin.de\/bucuresti\/wp-content\/uploads\/9-2-96x96.jpg","0":null,"1":"","2":"","3":"","4":"","5":"","6":"","7":"","8":""}],"_links":{"self":[{"href":"https:\/\/buletin.de\/bucuresti\/wp-json\/wp\/v2\/posts\/65093","targetHints":{"allow":["GET"]}}],"collection":[{"href":"https:\/\/buletin.de\/bucuresti\/wp-json\/wp\/v2\/posts"}],"about":[{"href":"https:\/\/buletin.de\/bucuresti\/wp-json\/wp\/v2\/types\/post"}],"author":[{"embeddable":true,"href":"https:\/\/buletin.de\/bucuresti\/wp-json\/wp\/v2\/users\/49"}],"replies":[{"embeddable":true,"href":"https:\/\/buletin.de\/bucuresti\/wp-json\/wp\/v2\/comments?post=65093"}],"version-history":[{"count":2,"href":"https:\/\/buletin.de\/bucuresti\/wp-json\/wp\/v2\/posts\/65093\/revisions"}],"predecessor-version":[{"id":65102,"href":"https:\/\/buletin.de\/bucuresti\/wp-json\/wp\/v2\/posts\/65093\/revisions\/65102"}],"wp:featuredmedia":[{"embeddable":true,"href":"https:\/\/buletin.de\/bucuresti\/wp-json\/wp\/v2\/media\/62389"}],"wp:attachment":[{"href":"https:\/\/buletin.de\/bucuresti\/wp-json\/wp\/v2\/media?parent=65093"}],"wp:term":[{"taxonomy":"category","embeddable":true,"href":"https:\/\/buletin.de\/bucuresti\/wp-json\/wp\/v2\/categories?post=65093"},{"taxonomy":"post_tag","embeddable":true,"href":"https:\/\/buletin.de\/bucuresti\/wp-json\/wp\/v2\/tags?post=65093"},{"taxonomy":"author","embeddable":true,"href":"https:\/\/buletin.de\/bucuresti\/wp-json\/wp\/v2\/ppma_author?post=65093"}],"curies":[{"name":"wp","href":"https:\/\/api.w.org\/{rel}","templated":true}]}}