{"id":65058,"date":"2023-09-21T14:57:57","date_gmt":"2023-09-21T12:57:57","guid":{"rendered":"https:\/\/buletin.de\/bucuresti\/?p=65058"},"modified":"2023-09-21T14:57:57","modified_gmt":"2023-09-21T12:57:57","slug":"saptamana-europeana-a-sportului-in-parcul-drumul-taberei","status":"publish","type":"post","link":"https:\/\/buletin.de\/bucuresti\/saptamana-europeana-a-sportului-in-parcul-drumul-taberei\/","title":{"rendered":"S\u0103pt\u0103m\u00e2na European\u0103 a Sportului, \u00een Parcul Drumul Taberei"},"content":{"rendered":"\n<p><strong>Un nou eveniment sportiv are loc \u00een Sectorul 6, #BeActive, din cadrul S\u0103pt\u0103m\u00e2nii Europene a Sportului. Evenimentul va fi concentrat \u00een Parcul Drumul Taberei<\/strong>, <strong>pe 23 septembrie.<\/strong><\/p>\n\n\n\n<p>S\u00e2mb\u0103t\u0103, Parcul Drumul Taberei devine Satul Sportiv #BeActive. De la ora 11.00 p\u00e2n\u0103 seara la 18.00 vor avea loc at\u00e2t la scen\u0103, c\u00e2t \u0219i \u00een restul parcului demonstra\u021bii inedite \u0219i flash mob-uri. De la 19.00 p\u00e2n\u0103 la 22.00 urmeaz\u0103 BeActive Night, cu alte spectacole \u0219i demonstra\u021bii din toate sporturile.<\/p>\n\n\n\n<p>La eveniment vor participa sportivi ai federa\u021biilor na\u021bionale de:&nbsp;Baschet, Fotbal-Tenis, Scrim\u0103, Bob \u0219i Sanie, Karting, Gimnastic\u0103, Dans sportiv, Tir cu arcul, Oin\u0103, Tenis de mas\u0103, Rugby, Judo, Airsoft, Atletism, Haltere, Kaiac-Canoe, Culturism \u0219i Fitness, Volei, Badminton, Box, Arte Mar\u021biale, Canotaj, \u0218ah, Sportul Pentru To\u021bi, Lupte, Modelism \u0219i Wushu Kungfu. Copiii vor primi c\u00e2te un pa\u0219aport #BeActive, care va fi \u0219tampilat pentru participarea la atelierele organizate \u00een parc.<\/p>\n\n\n\n<p>S\u0103pt\u0103m\u00e2na viitoare, pe 27 septembrie, Caravana Tinerii \u0219i Stilul de Via\u021b\u0103 S\u0103n\u0103tos va merge \u00een \u0219colile \u0219i liceele din Sectorul 6. Sportivi celebri vor sus\u021bine pe terenurile sau \u00een s\u0103lile de sport demonstra\u021bii de scrim\u0103, box, lupte, tir cu arcul, haltere, fotbal, tenis, judo, dar \u0219i \u0219ah.<\/p>\n\n\n\n<p>Evenimentul de lansare a edi\u021biei 2023 a S\u0103pt\u0103m\u00e2nii Europene a Sportului a avut loc miercuri, 20 septembrie, pe stadionul Complexului Sportiv Na\u021bional \u201eArcul de Triumf\u201d.<\/p>\n\n\n\n<p>S\u0103pt\u0103m\u00e2na European\u0103 a Sportului este o ini\u021biativ\u0103 a Comisiei Europene, menit\u0103 s\u0103 promoveze mi\u0219carea \u0219i activitatea fizic\u0103 \u00een \u00eentreaga Europ\u0103. <\/p>\n","protected":false},"excerpt":{"rendered":"<p>Un nou eveniment sportiv are loc \u00een Sectorul 6, #BeActive, din cadrul S\u0103pt\u0103m\u00e2nii Europene a Sportului. Evenimentul va fi concentrat \u00een Parcul Drumul Taberei, pe 23 septembrie. S\u00e2mb\u0103t\u0103, Parcul Drumul Taberei devine Satul Sportiv #BeActive. De la ora 11.00 p\u00e2n\u0103 seara la 18.00 vor avea loc at\u00e2t la scen\u0103, c\u00e2t \u0219i \u00een restul parcului demonstra\u021bii [&hellip;]<\/p>\n","protected":false},"author":49,"featured_media":65059,"comment_status":"closed","ping_status":"open","sticky":false,"template":"","format":"standard","meta":{"_acf_changed":false,"inline_featured_image":false,"ngg_post_thumbnail":0,"footnotes":""},"categories":[6994,62],"tags":[6349,7119,523],"ppma_author":[22574],"class_list":["post-65058","post","type-post","status-publish","format-standard","has-post-thumbnail","hentry","category-stiri-2","category-stiri","tag-parcul-drumul-taberei","tag-saptamana-europeana-a-sportului","tag-sector-6"],"acf":[],"yoast_head":"<!-- This site is optimized with the Yoast SEO Premium plugin v25.3 (Yoast SEO v27.4) - https:\/\/yoast.com\/product\/yoast-seo-premium-wordpress\/ -->\n<title>S\u0103pt\u0103m\u00e2na European\u0103 a Sportului, \u00een Parcul Drumul Taberei - Buletin de Bucure\u0219ti<\/title>\n<meta name=\"robots\" content=\"index, follow, max-snippet:-1, max-image-preview:large, max-video-preview:-1\" \/>\n<link rel=\"canonical\" href=\"https:\/\/buletin.de\/bucuresti\/saptamana-europeana-a-sportului-in-parcul-drumul-taberei\/\" \/>\n<meta property=\"og:locale\" content=\"en_GB\" \/>\n<meta property=\"og:type\" content=\"article\" \/>\n<meta property=\"og:title\" content=\"S\u0103pt\u0103m\u00e2na European\u0103 a Sportului, \u00een Parcul Drumul Taberei\" \/>\n<meta property=\"og:description\" content=\"Un nou eveniment sportiv are loc \u00een Sectorul 6, #BeActive, din cadrul S\u0103pt\u0103m\u00e2nii Europene a Sportului. Evenimentul va fi concentrat \u00een Parcul Drumul Taberei, pe 23 septembrie. S\u00e2mb\u0103t\u0103, Parcul Drumul Taberei devine Satul Sportiv #BeActive. De la ora 11.00 p\u00e2n\u0103 seara la 18.00 vor avea loc at\u00e2t la scen\u0103, c\u00e2t \u0219i \u00een restul parcului demonstra\u021bii [&hellip;]\" \/>\n<meta property=\"og:url\" content=\"https:\/\/buletin.de\/bucuresti\/saptamana-europeana-a-sportului-in-parcul-drumul-taberei\/\" \/>\n<meta property=\"og:site_name\" content=\"Buletin de Bucure\u0219ti\" \/>\n<meta property=\"article:publisher\" content=\"https:\/\/www.facebook.com\/buletin.de.buc\" \/>\n<meta property=\"article:published_time\" content=\"2023-09-21T12:57:57+00:00\" \/>\n<meta property=\"og:image\" content=\"https:\/\/buletin.de\/bucuresti\/wp-content\/uploads\/saptamana-sportului.jpeg\" \/>\n\t<meta property=\"og:image:width\" content=\"1599\" \/>\n\t<meta property=\"og:image:height\" content=\"1066\" \/>\n\t<meta property=\"og:image:type\" content=\"image\/jpeg\" \/>\n<meta name=\"author\" content=\"Diana Matei\" \/>\n<meta name=\"twitter:card\" content=\"summary_large_image\" \/>\n<meta name=\"twitter:label1\" content=\"Written by\" \/>\n\t<meta name=\"twitter:data1\" content=\"Diana Matei\" \/>\n\t<meta name=\"twitter:label2\" content=\"Estimated reading time\" \/>\n\t<meta name=\"twitter:data2\" content=\"2 minutes\" \/>\n<script type=\"application\/ld+json\" class=\"yoast-schema-graph\">{\"@context\":\"https:\\\/\\\/schema.org\",\"@graph\":[{\"@type\":\"Article\",\"@id\":\"https:\\\/\\\/buletin.de\\\/bucuresti\\\/saptamana-europeana-a-sportului-in-parcul-drumul-taberei\\\/#article\",\"isPartOf\":{\"@id\":\"https:\\\/\\\/buletin.de\\\/bucuresti\\\/saptamana-europeana-a-sportului-in-parcul-drumul-taberei\\\/\"},\"author\":{\"name\":\"Diana Matei\",\"@id\":\"https:\\\/\\\/buletin.de\\\/bucuresti\\\/#\\\/schema\\\/person\\\/7e46040573290777280a0835d81ea4ea\"},\"headline\":\"S\u0103pt\u0103m\u00e2na European\u0103 a Sportului, \u00een Parcul Drumul Taberei\",\"datePublished\":\"2023-09-21T12:57:57+00:00\",\"mainEntityOfPage\":{\"@id\":\"https:\\\/\\\/buletin.de\\\/bucuresti\\\/saptamana-europeana-a-sportului-in-parcul-drumul-taberei\\\/\"},\"wordCount\":273,\"publisher\":{\"@id\":\"https:\\\/\\\/buletin.de\\\/bucuresti\\\/#organization\"},\"image\":{\"@id\":\"https:\\\/\\\/buletin.de\\\/bucuresti\\\/saptamana-europeana-a-sportului-in-parcul-drumul-taberei\\\/#primaryimage\"},\"thumbnailUrl\":\"https:\\\/\\\/buletin.de\\\/bucuresti\\\/wp-content\\\/uploads\\\/saptamana-sportului.jpeg\",\"keywords\":[\"parcul drumul taberei\",\"saptamana europeana a sportului\",\"Sector 6\"],\"articleSection\":[\"Articole\",\"\u0218tiri\"],\"inLanguage\":\"en-GB\",\"copyrightYear\":\"2023\",\"copyrightHolder\":{\"@id\":\"https:\\\/\\\/buletin.de\\\/bucuresti\\\/#organization\"}},{\"@type\":\"WebPage\",\"@id\":\"https:\\\/\\\/buletin.de\\\/bucuresti\\\/saptamana-europeana-a-sportului-in-parcul-drumul-taberei\\\/\",\"url\":\"https:\\\/\\\/buletin.de\\\/bucuresti\\\/saptamana-europeana-a-sportului-in-parcul-drumul-taberei\\\/\",\"name\":\"S\u0103pt\u0103m\u00e2na European\u0103 a Sportului, \u00een Parcul Drumul Taberei - Buletin de Bucure\u0219ti\",\"isPartOf\":{\"@id\":\"https:\\\/\\\/buletin.de\\\/bucuresti\\\/#website\"},\"primaryImageOfPage\":{\"@id\":\"https:\\\/\\\/buletin.de\\\/bucuresti\\\/saptamana-europeana-a-sportului-in-parcul-drumul-taberei\\\/#primaryimage\"},\"image\":{\"@id\":\"https:\\\/\\\/buletin.de\\\/bucuresti\\\/saptamana-europeana-a-sportului-in-parcul-drumul-taberei\\\/#primaryimage\"},\"thumbnailUrl\":\"https:\\\/\\\/buletin.de\\\/bucuresti\\\/wp-content\\\/uploads\\\/saptamana-sportului.jpeg\",\"datePublished\":\"2023-09-21T12:57:57+00:00\",\"breadcrumb\":{\"@id\":\"https:\\\/\\\/buletin.de\\\/bucuresti\\\/saptamana-europeana-a-sportului-in-parcul-drumul-taberei\\\/#breadcrumb\"},\"inLanguage\":\"en-GB\",\"potentialAction\":[{\"@type\":\"ReadAction\",\"target\":[\"https:\\\/\\\/buletin.de\\\/bucuresti\\\/saptamana-europeana-a-sportului-in-parcul-drumul-taberei\\\/\"]}]},{\"@type\":\"ImageObject\",\"inLanguage\":\"en-GB\",\"@id\":\"https:\\\/\\\/buletin.de\\\/bucuresti\\\/saptamana-europeana-a-sportului-in-parcul-drumul-taberei\\\/#primaryimage\",\"url\":\"https:\\\/\\\/buletin.de\\\/bucuresti\\\/wp-content\\\/uploads\\\/saptamana-sportului.jpeg\",\"contentUrl\":\"https:\\\/\\\/buletin.de\\\/bucuresti\\\/wp-content\\\/uploads\\\/saptamana-sportului.jpeg\",\"width\":1599,\"height\":1066},{\"@type\":\"BreadcrumbList\",\"@id\":\"https:\\\/\\\/buletin.de\\\/bucuresti\\\/saptamana-europeana-a-sportului-in-parcul-drumul-taberei\\\/#breadcrumb\",\"itemListElement\":[{\"@type\":\"ListItem\",\"position\":1,\"name\":\"Acas\u0103\",\"item\":\"https:\\\/\\\/buletin.de\\\/bucuresti\\\/\"},{\"@type\":\"ListItem\",\"position\":2,\"name\":\"S\u0103pt\u0103m\u00e2na European\u0103 a Sportului, \u00een Parcul Drumul Taberei\"}]},{\"@type\":\"WebSite\",\"@id\":\"https:\\\/\\\/buletin.de\\\/bucuresti\\\/#website\",\"url\":\"https:\\\/\\\/buletin.de\\\/bucuresti\\\/\",\"name\":\"Buletin de Bucure\u0219ti\",\"description\":\"\u0218tiri \u0219i investiga\u021bii esen\u021biale din capital\u0103\",\"publisher\":{\"@id\":\"https:\\\/\\\/buletin.de\\\/bucuresti\\\/#organization\"},\"potentialAction\":[{\"@type\":\"SearchAction\",\"target\":{\"@type\":\"EntryPoint\",\"urlTemplate\":\"https:\\\/\\\/buletin.de\\\/bucuresti\\\/?s={search_term_string}\"},\"query-input\":{\"@type\":\"PropertyValueSpecification\",\"valueRequired\":true,\"valueName\":\"search_term_string\"}}],\"inLanguage\":\"en-GB\"},{\"@type\":\"Organization\",\"@id\":\"https:\\\/\\\/buletin.de\\\/bucuresti\\\/#organization\",\"name\":\"Buletin de Bucure\u0219ti\",\"url\":\"https:\\\/\\\/buletin.de\\\/bucuresti\\\/\",\"logo\":{\"@type\":\"ImageObject\",\"inLanguage\":\"en-GB\",\"@id\":\"https:\\\/\\\/buletin.de\\\/bucuresti\\\/#\\\/schema\\\/logo\\\/image\\\/\",\"url\":\"https:\\\/\\\/buletin.de\\\/bucuresti\\\/wp-content\\\/uploads\\\/logo-bdb-full-wide-vernil-transparent.png\",\"contentUrl\":\"https:\\\/\\\/buletin.de\\\/bucuresti\\\/wp-content\\\/uploads\\\/logo-bdb-full-wide-vernil-transparent.png\",\"width\":1782,\"height\":626,\"caption\":\"Buletin de Bucure\u0219ti\"},\"image\":{\"@id\":\"https:\\\/\\\/buletin.de\\\/bucuresti\\\/#\\\/schema\\\/logo\\\/image\\\/\"},\"sameAs\":[\"https:\\\/\\\/www.facebook.com\\\/buletin.de.buc\",\"https:\\\/\\\/www.instagram.com\\\/buletinde.bucuresti\\\/\"]},{\"@type\":\"Person\",\"@id\":\"https:\\\/\\\/buletin.de\\\/bucuresti\\\/#\\\/schema\\\/person\\\/7e46040573290777280a0835d81ea4ea\",\"name\":\"Diana Matei\",\"image\":{\"@type\":\"ImageObject\",\"inLanguage\":\"en-GB\",\"@id\":\"https:\\\/\\\/buletin.de\\\/bucuresti\\\/wp-content\\\/uploads\\\/9-2-96x96.jpg1e8590b30871d70e62ebcdaf2eff570c\",\"url\":\"https:\\\/\\\/buletin.de\\\/bucuresti\\\/wp-content\\\/uploads\\\/9-2-96x96.jpg\",\"contentUrl\":\"https:\\\/\\\/buletin.de\\\/bucuresti\\\/wp-content\\\/uploads\\\/9-2-96x96.jpg\",\"caption\":\"Diana Matei\"},\"url\":\"https:\\\/\\\/buletin.de\\\/bucuresti\\\/author\\\/dianamatei\\\/\"}]}<\/script>\n<!-- \/ Yoast SEO Premium plugin. -->","yoast_head_json":{"title":"S\u0103pt\u0103m\u00e2na European\u0103 a Sportului, \u00een Parcul Drumul Taberei - Buletin de Bucure\u0219ti","robots":{"index":"index","follow":"follow","max-snippet":"max-snippet:-1","max-image-preview":"max-image-preview:large","max-video-preview":"max-video-preview:-1"},"canonical":"https:\/\/buletin.de\/bucuresti\/saptamana-europeana-a-sportului-in-parcul-drumul-taberei\/","og_locale":"en_GB","og_type":"article","og_title":"S\u0103pt\u0103m\u00e2na European\u0103 a Sportului, \u00een Parcul Drumul Taberei","og_description":"Un nou eveniment sportiv are loc \u00een Sectorul 6, #BeActive, din cadrul S\u0103pt\u0103m\u00e2nii Europene a Sportului. Evenimentul va fi concentrat \u00een Parcul Drumul Taberei, pe 23 septembrie. S\u00e2mb\u0103t\u0103, Parcul Drumul Taberei devine Satul Sportiv #BeActive. De la ora 11.00 p\u00e2n\u0103 seara la 18.00 vor avea loc at\u00e2t la scen\u0103, c\u00e2t \u0219i \u00een restul parcului demonstra\u021bii [&hellip;]","og_url":"https:\/\/buletin.de\/bucuresti\/saptamana-europeana-a-sportului-in-parcul-drumul-taberei\/","og_site_name":"Buletin de Bucure\u0219ti","article_publisher":"https:\/\/www.facebook.com\/buletin.de.buc","article_published_time":"2023-09-21T12:57:57+00:00","og_image":[{"width":1599,"height":1066,"url":"https:\/\/buletin.de\/bucuresti\/wp-content\/uploads\/saptamana-sportului.jpeg","type":"image\/jpeg"}],"author":"Diana Matei","twitter_card":"summary_large_image","twitter_misc":{"Written by":"Diana Matei","Estimated reading time":"2 minutes"},"schema":{"@context":"https:\/\/schema.org","@graph":[{"@type":"Article","@id":"https:\/\/buletin.de\/bucuresti\/saptamana-europeana-a-sportului-in-parcul-drumul-taberei\/#article","isPartOf":{"@id":"https:\/\/buletin.de\/bucuresti\/saptamana-europeana-a-sportului-in-parcul-drumul-taberei\/"},"author":{"name":"Diana Matei","@id":"https:\/\/buletin.de\/bucuresti\/#\/schema\/person\/7e46040573290777280a0835d81ea4ea"},"headline":"S\u0103pt\u0103m\u00e2na European\u0103 a Sportului, \u00een Parcul Drumul Taberei","datePublished":"2023-09-21T12:57:57+00:00","mainEntityOfPage":{"@id":"https:\/\/buletin.de\/bucuresti\/saptamana-europeana-a-sportului-in-parcul-drumul-taberei\/"},"wordCount":273,"publisher":{"@id":"https:\/\/buletin.de\/bucuresti\/#organization"},"image":{"@id":"https:\/\/buletin.de\/bucuresti\/saptamana-europeana-a-sportului-in-parcul-drumul-taberei\/#primaryimage"},"thumbnailUrl":"https:\/\/buletin.de\/bucuresti\/wp-content\/uploads\/saptamana-sportului.jpeg","keywords":["parcul drumul taberei","saptamana europeana a sportului","Sector 6"],"articleSection":["Articole","\u0218tiri"],"inLanguage":"en-GB","copyrightYear":"2023","copyrightHolder":{"@id":"https:\/\/buletin.de\/bucuresti\/#organization"}},{"@type":"WebPage","@id":"https:\/\/buletin.de\/bucuresti\/saptamana-europeana-a-sportului-in-parcul-drumul-taberei\/","url":"https:\/\/buletin.de\/bucuresti\/saptamana-europeana-a-sportului-in-parcul-drumul-taberei\/","name":"S\u0103pt\u0103m\u00e2na European\u0103 a Sportului, \u00een Parcul Drumul Taberei - Buletin de Bucure\u0219ti","isPartOf":{"@id":"https:\/\/buletin.de\/bucuresti\/#website"},"primaryImageOfPage":{"@id":"https:\/\/buletin.de\/bucuresti\/saptamana-europeana-a-sportului-in-parcul-drumul-taberei\/#primaryimage"},"image":{"@id":"https:\/\/buletin.de\/bucuresti\/saptamana-europeana-a-sportului-in-parcul-drumul-taberei\/#primaryimage"},"thumbnailUrl":"https:\/\/buletin.de\/bucuresti\/wp-content\/uploads\/saptamana-sportului.jpeg","datePublished":"2023-09-21T12:57:57+00:00","breadcrumb":{"@id":"https:\/\/buletin.de\/bucuresti\/saptamana-europeana-a-sportului-in-parcul-drumul-taberei\/#breadcrumb"},"inLanguage":"en-GB","potentialAction":[{"@type":"ReadAction","target":["https:\/\/buletin.de\/bucuresti\/saptamana-europeana-a-sportului-in-parcul-drumul-taberei\/"]}]},{"@type":"ImageObject","inLanguage":"en-GB","@id":"https:\/\/buletin.de\/bucuresti\/saptamana-europeana-a-sportului-in-parcul-drumul-taberei\/#primaryimage","url":"https:\/\/buletin.de\/bucuresti\/wp-content\/uploads\/saptamana-sportului.jpeg","contentUrl":"https:\/\/buletin.de\/bucuresti\/wp-content\/uploads\/saptamana-sportului.jpeg","width":1599,"height":1066},{"@type":"BreadcrumbList","@id":"https:\/\/buletin.de\/bucuresti\/saptamana-europeana-a-sportului-in-parcul-drumul-taberei\/#breadcrumb","itemListElement":[{"@type":"ListItem","position":1,"name":"Acas\u0103","item":"https:\/\/buletin.de\/bucuresti\/"},{"@type":"ListItem","position":2,"name":"S\u0103pt\u0103m\u00e2na European\u0103 a Sportului, \u00een Parcul Drumul Taberei"}]},{"@type":"WebSite","@id":"https:\/\/buletin.de\/bucuresti\/#website","url":"https:\/\/buletin.de\/bucuresti\/","name":"Buletin de Bucure\u0219ti","description":"\u0218tiri \u0219i investiga\u021bii esen\u021biale din capital\u0103","publisher":{"@id":"https:\/\/buletin.de\/bucuresti\/#organization"},"potentialAction":[{"@type":"SearchAction","target":{"@type":"EntryPoint","urlTemplate":"https:\/\/buletin.de\/bucuresti\/?s={search_term_string}"},"query-input":{"@type":"PropertyValueSpecification","valueRequired":true,"valueName":"search_term_string"}}],"inLanguage":"en-GB"},{"@type":"Organization","@id":"https:\/\/buletin.de\/bucuresti\/#organization","name":"Buletin de Bucure\u0219ti","url":"https:\/\/buletin.de\/bucuresti\/","logo":{"@type":"ImageObject","inLanguage":"en-GB","@id":"https:\/\/buletin.de\/bucuresti\/#\/schema\/logo\/image\/","url":"https:\/\/buletin.de\/bucuresti\/wp-content\/uploads\/logo-bdb-full-wide-vernil-transparent.png","contentUrl":"https:\/\/buletin.de\/bucuresti\/wp-content\/uploads\/logo-bdb-full-wide-vernil-transparent.png","width":1782,"height":626,"caption":"Buletin de Bucure\u0219ti"},"image":{"@id":"https:\/\/buletin.de\/bucuresti\/#\/schema\/logo\/image\/"},"sameAs":["https:\/\/www.facebook.com\/buletin.de.buc","https:\/\/www.instagram.com\/buletinde.bucuresti\/"]},{"@type":"Person","@id":"https:\/\/buletin.de\/bucuresti\/#\/schema\/person\/7e46040573290777280a0835d81ea4ea","name":"Diana Matei","image":{"@type":"ImageObject","inLanguage":"en-GB","@id":"https:\/\/buletin.de\/bucuresti\/wp-content\/uploads\/9-2-96x96.jpg1e8590b30871d70e62ebcdaf2eff570c","url":"https:\/\/buletin.de\/bucuresti\/wp-content\/uploads\/9-2-96x96.jpg","contentUrl":"https:\/\/buletin.de\/bucuresti\/wp-content\/uploads\/9-2-96x96.jpg","caption":"Diana Matei"},"url":"https:\/\/buletin.de\/bucuresti\/author\/dianamatei\/"}]}},"authors":[{"term_id":22574,"user_id":49,"is_guest":0,"slug":"dianamatei","display_name":"Diana Matei","avatar_url":"https:\/\/buletin.de\/bucuresti\/wp-content\/uploads\/9-2-96x96.jpg","0":null,"1":"","2":"","3":"","4":"","5":"","6":"","7":"","8":""}],"_links":{"self":[{"href":"https:\/\/buletin.de\/bucuresti\/wp-json\/wp\/v2\/posts\/65058","targetHints":{"allow":["GET"]}}],"collection":[{"href":"https:\/\/buletin.de\/bucuresti\/wp-json\/wp\/v2\/posts"}],"about":[{"href":"https:\/\/buletin.de\/bucuresti\/wp-json\/wp\/v2\/types\/post"}],"author":[{"embeddable":true,"href":"https:\/\/buletin.de\/bucuresti\/wp-json\/wp\/v2\/users\/49"}],"replies":[{"embeddable":true,"href":"https:\/\/buletin.de\/bucuresti\/wp-json\/wp\/v2\/comments?post=65058"}],"version-history":[{"count":3,"href":"https:\/\/buletin.de\/bucuresti\/wp-json\/wp\/v2\/posts\/65058\/revisions"}],"predecessor-version":[{"id":65070,"href":"https:\/\/buletin.de\/bucuresti\/wp-json\/wp\/v2\/posts\/65058\/revisions\/65070"}],"wp:featuredmedia":[{"embeddable":true,"href":"https:\/\/buletin.de\/bucuresti\/wp-json\/wp\/v2\/media\/65059"}],"wp:attachment":[{"href":"https:\/\/buletin.de\/bucuresti\/wp-json\/wp\/v2\/media?parent=65058"}],"wp:term":[{"taxonomy":"category","embeddable":true,"href":"https:\/\/buletin.de\/bucuresti\/wp-json\/wp\/v2\/categories?post=65058"},{"taxonomy":"post_tag","embeddable":true,"href":"https:\/\/buletin.de\/bucuresti\/wp-json\/wp\/v2\/tags?post=65058"},{"taxonomy":"author","embeddable":true,"href":"https:\/\/buletin.de\/bucuresti\/wp-json\/wp\/v2\/ppma_author?post=65058"}],"curies":[{"name":"wp","href":"https:\/\/api.w.org\/{rel}","templated":true}]}}