{"id":65044,"date":"2023-09-21T14:55:10","date_gmt":"2023-09-21T12:55:10","guid":{"rendered":"https:\/\/buletin.de\/bucuresti\/?p=65044"},"modified":"2023-09-21T14:56:02","modified_gmt":"2023-09-21T12:56:02","slug":"politia-capitalei-barbat-de-62-ani-retinut-pentru-ca-si-a-aruncat-cainele-pe-geam","status":"publish","type":"post","link":"https:\/\/buletin.de\/bucuresti\/politia-capitalei-barbat-de-62-ani-retinut-pentru-ca-si-a-aruncat-cainele-pe-geam\/","title":{"rendered":"Poli\u021bia Capitalei: B\u0103rbat de 62 ani, re\u021binut pentru c\u0103 \u015fi-a aruncat c\u00e2inele pe geam"},"content":{"rendered":"\n<p><strong>Un b<strong>\u0103<\/strong>rbat de 62 de ani este cercetat  \u00eentr-un dosar penal privind s\u0103v\u00e2r\u0219irea infrac\u021biunii de ucidere a animalelor cu inten\u021bie f\u0103r\u0103 drept. Pe 20 septembrie 2023, acesta a fost re\u021binut de poli\u0163istii Direc\u0163iei Generale de Poli\u0163ie a Municipiului Bucure\u015fti &#8211; Serviciul pentru Protec\u021bia Animalelor.<\/strong><\/p>\n\n\n\n<p>\u00cen jurul orei 00.00, poli\u021bi\u0219ti din cadrul Sec\u021biei 8 Poli\u021bie \u0219i ai Serviciului pentru Protec\u021bia Animalelor au fost sesiza\u021bi, prin sistem 112, cu privire la faptul c\u0103 un b\u0103rbat \u0219i-ar fi aruncat c\u00e2inele, de la un etaj superior al unui bloc, din Sectorul 2.<\/p>\n\n\n\n<p>Anchetatorii precizeaz\u0103 c\u0103 incidentul s-a int\u00e2mplat \u00een urma unui conflict \u00eentre doi so\u021bi.<\/p>\n\n\n\n<p>&nbsp;\u201e<em>S-a stabilit faptul c\u0103, \u00een timp ce se aflau \u00een locuin\u021ba situat\u0103 la etajul 5 al unui bloc din Sectorul 2, \u00een urma unui conflict \u00eentre doi so\u021bi, b\u0103rbatul ar fi luat c\u00e2inele aflat \u00een imobil \u0219i l-ar fi aruncat de la fereastra balconului. De asemenea, din cauza leziunilor suferite, c\u00e2inele a decedat, acesta fiind trasportat la Institutul de Diagnostic \u0219i S\u0103n\u0103tate Animal\u0103<\/em>\u201d, precizeaz\u0103 anchetatorii.<\/p>\n\n\n\n<p>B\u0103rbatul a fost re\u021binut pentru 24 de ore, fa\u021b\u0103 de acesta fiind dispus\u0103, ulterior, m\u0103sura controlului judiciar, pentru 60 de zile.<\/p>\n\n\n\n<p>Cercet\u0103rile sunt continuate de Serviciul pentru Protec\u021bia Animalelor, sub supravegherea Parchetului de pe l\u00e2ng\u0103 Judec\u0103toria Sectorului 2, sub aspectul s\u0103v\u00e2r\u0219irii infrac\u021biunii de ucidere a animalelor cu inten\u021bie f\u0103r\u0103 drept.<\/p>\n\n\n\n<p> <\/p>\n","protected":false},"excerpt":{"rendered":"<p>Un b\u0103rbat de 62 de ani este cercetat \u00eentr-un dosar penal privind s\u0103v\u00e2r\u0219irea infrac\u021biunii de ucidere a animalelor cu inten\u021bie f\u0103r\u0103 drept. Pe 20 septembrie 2023, acesta a fost re\u021binut de poli\u0163istii Direc\u0163iei Generale de Poli\u0163ie a Municipiului Bucure\u015fti &#8211; Serviciul pentru Protec\u021bia Animalelor. \u00cen jurul orei 00.00, poli\u021bi\u0219ti din cadrul Sec\u021biei 8 Poli\u021bie \u0219i [&hellip;]<\/p>\n","protected":false},"author":49,"featured_media":65053,"comment_status":"closed","ping_status":"open","sticky":false,"template":"","format":"standard","meta":{"_acf_changed":false,"inline_featured_image":false,"ngg_post_thumbnail":0,"footnotes":""},"categories":[6994,62],"tags":[6634,3276,7118],"ppma_author":[22574],"class_list":["post-65044","post","type-post","status-publish","format-standard","has-post-thumbnail","hentry","category-stiri-2","category-stiri","tag-dgpmb","tag-protectia-animalelor","tag-uciderea-animalelor"],"acf":[],"yoast_head":"<!-- This site is optimized with the Yoast SEO Premium plugin v25.3 (Yoast SEO v27.4) - https:\/\/yoast.com\/product\/yoast-seo-premium-wordpress\/ -->\n<title>Poli\u021bia Capitalei: B\u0103rbat de 62 ani, re\u021binut pentru c\u0103 \u015fi-a aruncat c\u00e2inele pe geam - Buletin de Bucure\u0219ti<\/title>\n<meta name=\"robots\" content=\"index, follow, max-snippet:-1, max-image-preview:large, max-video-preview:-1\" \/>\n<link rel=\"canonical\" href=\"https:\/\/buletin.de\/bucuresti\/politia-capitalei-barbat-de-62-ani-retinut-pentru-ca-si-a-aruncat-cainele-pe-geam\/\" \/>\n<meta property=\"og:locale\" content=\"en_GB\" \/>\n<meta property=\"og:type\" content=\"article\" \/>\n<meta property=\"og:title\" content=\"Poli\u021bia Capitalei: B\u0103rbat de 62 ani, re\u021binut pentru c\u0103 \u015fi-a aruncat c\u00e2inele pe geam\" \/>\n<meta property=\"og:description\" content=\"Un b\u0103rbat de 62 de ani este cercetat \u00eentr-un dosar penal privind s\u0103v\u00e2r\u0219irea infrac\u021biunii de ucidere a animalelor cu inten\u021bie f\u0103r\u0103 drept. Pe 20 septembrie 2023, acesta a fost re\u021binut de poli\u0163istii Direc\u0163iei Generale de Poli\u0163ie a Municipiului Bucure\u015fti &#8211; Serviciul pentru Protec\u021bia Animalelor. \u00cen jurul orei 00.00, poli\u021bi\u0219ti din cadrul Sec\u021biei 8 Poli\u021bie \u0219i [&hellip;]\" \/>\n<meta property=\"og:url\" content=\"https:\/\/buletin.de\/bucuresti\/politia-capitalei-barbat-de-62-ani-retinut-pentru-ca-si-a-aruncat-cainele-pe-geam\/\" \/>\n<meta property=\"og:site_name\" content=\"Buletin de Bucure\u0219ti\" \/>\n<meta property=\"article:publisher\" content=\"https:\/\/www.facebook.com\/buletin.de.buc\" \/>\n<meta property=\"article:published_time\" content=\"2023-09-21T12:55:10+00:00\" \/>\n<meta property=\"article:modified_time\" content=\"2023-09-21T12:56:02+00:00\" \/>\n<meta property=\"og:image\" content=\"https:\/\/buletin.de\/bucuresti\/wp-content\/uploads\/photo-1582243310148-40a865f70c7f.jpeg\" \/>\n\t<meta property=\"og:image:width\" content=\"400\" \/>\n\t<meta property=\"og:image:height\" content=\"267\" \/>\n\t<meta property=\"og:image:type\" content=\"image\/jpeg\" \/>\n<meta name=\"author\" content=\"Diana Matei\" \/>\n<meta name=\"twitter:card\" content=\"summary_large_image\" \/>\n<meta name=\"twitter:label1\" content=\"Written by\" \/>\n\t<meta name=\"twitter:data1\" content=\"Diana Matei\" \/>\n\t<meta name=\"twitter:label2\" content=\"Estimated reading time\" \/>\n\t<meta name=\"twitter:data2\" content=\"2 minutes\" \/>\n<script type=\"application\/ld+json\" class=\"yoast-schema-graph\">{\"@context\":\"https:\\\/\\\/schema.org\",\"@graph\":[{\"@type\":\"Article\",\"@id\":\"https:\\\/\\\/buletin.de\\\/bucuresti\\\/politia-capitalei-barbat-de-62-ani-retinut-pentru-ca-si-a-aruncat-cainele-pe-geam\\\/#article\",\"isPartOf\":{\"@id\":\"https:\\\/\\\/buletin.de\\\/bucuresti\\\/politia-capitalei-barbat-de-62-ani-retinut-pentru-ca-si-a-aruncat-cainele-pe-geam\\\/\"},\"author\":{\"name\":\"Diana Matei\",\"@id\":\"https:\\\/\\\/buletin.de\\\/bucuresti\\\/#\\\/schema\\\/person\\\/7e46040573290777280a0835d81ea4ea\"},\"headline\":\"Poli\u021bia Capitalei: B\u0103rbat de 62 ani, re\u021binut pentru c\u0103 \u015fi-a aruncat c\u00e2inele pe geam\",\"datePublished\":\"2023-09-21T12:55:10+00:00\",\"dateModified\":\"2023-09-21T12:56:02+00:00\",\"mainEntityOfPage\":{\"@id\":\"https:\\\/\\\/buletin.de\\\/bucuresti\\\/politia-capitalei-barbat-de-62-ani-retinut-pentru-ca-si-a-aruncat-cainele-pe-geam\\\/\"},\"wordCount\":265,\"publisher\":{\"@id\":\"https:\\\/\\\/buletin.de\\\/bucuresti\\\/#organization\"},\"image\":{\"@id\":\"https:\\\/\\\/buletin.de\\\/bucuresti\\\/politia-capitalei-barbat-de-62-ani-retinut-pentru-ca-si-a-aruncat-cainele-pe-geam\\\/#primaryimage\"},\"thumbnailUrl\":\"https:\\\/\\\/buletin.de\\\/bucuresti\\\/wp-content\\\/uploads\\\/photo-1582243310148-40a865f70c7f.jpeg\",\"keywords\":[\"DGPMB\",\"protectia animalelor\",\"uciderea animalelor\"],\"articleSection\":[\"Articole\",\"\u0218tiri\"],\"inLanguage\":\"en-GB\",\"copyrightYear\":\"2023\",\"copyrightHolder\":{\"@id\":\"https:\\\/\\\/buletin.de\\\/bucuresti\\\/#organization\"}},{\"@type\":\"WebPage\",\"@id\":\"https:\\\/\\\/buletin.de\\\/bucuresti\\\/politia-capitalei-barbat-de-62-ani-retinut-pentru-ca-si-a-aruncat-cainele-pe-geam\\\/\",\"url\":\"https:\\\/\\\/buletin.de\\\/bucuresti\\\/politia-capitalei-barbat-de-62-ani-retinut-pentru-ca-si-a-aruncat-cainele-pe-geam\\\/\",\"name\":\"Poli\u021bia Capitalei: B\u0103rbat de 62 ani, re\u021binut pentru c\u0103 \u015fi-a aruncat c\u00e2inele pe geam - Buletin de Bucure\u0219ti\",\"isPartOf\":{\"@id\":\"https:\\\/\\\/buletin.de\\\/bucuresti\\\/#website\"},\"primaryImageOfPage\":{\"@id\":\"https:\\\/\\\/buletin.de\\\/bucuresti\\\/politia-capitalei-barbat-de-62-ani-retinut-pentru-ca-si-a-aruncat-cainele-pe-geam\\\/#primaryimage\"},\"image\":{\"@id\":\"https:\\\/\\\/buletin.de\\\/bucuresti\\\/politia-capitalei-barbat-de-62-ani-retinut-pentru-ca-si-a-aruncat-cainele-pe-geam\\\/#primaryimage\"},\"thumbnailUrl\":\"https:\\\/\\\/buletin.de\\\/bucuresti\\\/wp-content\\\/uploads\\\/photo-1582243310148-40a865f70c7f.jpeg\",\"datePublished\":\"2023-09-21T12:55:10+00:00\",\"dateModified\":\"2023-09-21T12:56:02+00:00\",\"breadcrumb\":{\"@id\":\"https:\\\/\\\/buletin.de\\\/bucuresti\\\/politia-capitalei-barbat-de-62-ani-retinut-pentru-ca-si-a-aruncat-cainele-pe-geam\\\/#breadcrumb\"},\"inLanguage\":\"en-GB\",\"potentialAction\":[{\"@type\":\"ReadAction\",\"target\":[\"https:\\\/\\\/buletin.de\\\/bucuresti\\\/politia-capitalei-barbat-de-62-ani-retinut-pentru-ca-si-a-aruncat-cainele-pe-geam\\\/\"]}]},{\"@type\":\"ImageObject\",\"inLanguage\":\"en-GB\",\"@id\":\"https:\\\/\\\/buletin.de\\\/bucuresti\\\/politia-capitalei-barbat-de-62-ani-retinut-pentru-ca-si-a-aruncat-cainele-pe-geam\\\/#primaryimage\",\"url\":\"https:\\\/\\\/buletin.de\\\/bucuresti\\\/wp-content\\\/uploads\\\/photo-1582243310148-40a865f70c7f.jpeg\",\"contentUrl\":\"https:\\\/\\\/buletin.de\\\/bucuresti\\\/wp-content\\\/uploads\\\/photo-1582243310148-40a865f70c7f.jpeg\",\"width\":400,\"height\":267},{\"@type\":\"BreadcrumbList\",\"@id\":\"https:\\\/\\\/buletin.de\\\/bucuresti\\\/politia-capitalei-barbat-de-62-ani-retinut-pentru-ca-si-a-aruncat-cainele-pe-geam\\\/#breadcrumb\",\"itemListElement\":[{\"@type\":\"ListItem\",\"position\":1,\"name\":\"Acas\u0103\",\"item\":\"https:\\\/\\\/buletin.de\\\/bucuresti\\\/\"},{\"@type\":\"ListItem\",\"position\":2,\"name\":\"Poli\u021bia Capitalei: B\u0103rbat de 62 ani, re\u021binut pentru c\u0103 \u015fi-a aruncat c\u00e2inele pe geam\"}]},{\"@type\":\"WebSite\",\"@id\":\"https:\\\/\\\/buletin.de\\\/bucuresti\\\/#website\",\"url\":\"https:\\\/\\\/buletin.de\\\/bucuresti\\\/\",\"name\":\"Buletin de Bucure\u0219ti\",\"description\":\"\u0218tiri \u0219i investiga\u021bii esen\u021biale din capital\u0103\",\"publisher\":{\"@id\":\"https:\\\/\\\/buletin.de\\\/bucuresti\\\/#organization\"},\"potentialAction\":[{\"@type\":\"SearchAction\",\"target\":{\"@type\":\"EntryPoint\",\"urlTemplate\":\"https:\\\/\\\/buletin.de\\\/bucuresti\\\/?s={search_term_string}\"},\"query-input\":{\"@type\":\"PropertyValueSpecification\",\"valueRequired\":true,\"valueName\":\"search_term_string\"}}],\"inLanguage\":\"en-GB\"},{\"@type\":\"Organization\",\"@id\":\"https:\\\/\\\/buletin.de\\\/bucuresti\\\/#organization\",\"name\":\"Buletin de Bucure\u0219ti\",\"url\":\"https:\\\/\\\/buletin.de\\\/bucuresti\\\/\",\"logo\":{\"@type\":\"ImageObject\",\"inLanguage\":\"en-GB\",\"@id\":\"https:\\\/\\\/buletin.de\\\/bucuresti\\\/#\\\/schema\\\/logo\\\/image\\\/\",\"url\":\"https:\\\/\\\/buletin.de\\\/bucuresti\\\/wp-content\\\/uploads\\\/logo-bdb-full-wide-vernil-transparent.png\",\"contentUrl\":\"https:\\\/\\\/buletin.de\\\/bucuresti\\\/wp-content\\\/uploads\\\/logo-bdb-full-wide-vernil-transparent.png\",\"width\":1782,\"height\":626,\"caption\":\"Buletin de Bucure\u0219ti\"},\"image\":{\"@id\":\"https:\\\/\\\/buletin.de\\\/bucuresti\\\/#\\\/schema\\\/logo\\\/image\\\/\"},\"sameAs\":[\"https:\\\/\\\/www.facebook.com\\\/buletin.de.buc\",\"https:\\\/\\\/www.instagram.com\\\/buletinde.bucuresti\\\/\"]},{\"@type\":\"Person\",\"@id\":\"https:\\\/\\\/buletin.de\\\/bucuresti\\\/#\\\/schema\\\/person\\\/7e46040573290777280a0835d81ea4ea\",\"name\":\"Diana Matei\",\"image\":{\"@type\":\"ImageObject\",\"inLanguage\":\"en-GB\",\"@id\":\"https:\\\/\\\/buletin.de\\\/bucuresti\\\/wp-content\\\/uploads\\\/9-2-96x96.jpg1e8590b30871d70e62ebcdaf2eff570c\",\"url\":\"https:\\\/\\\/buletin.de\\\/bucuresti\\\/wp-content\\\/uploads\\\/9-2-96x96.jpg\",\"contentUrl\":\"https:\\\/\\\/buletin.de\\\/bucuresti\\\/wp-content\\\/uploads\\\/9-2-96x96.jpg\",\"caption\":\"Diana Matei\"},\"url\":\"https:\\\/\\\/buletin.de\\\/bucuresti\\\/author\\\/dianamatei\\\/\"}]}<\/script>\n<!-- \/ Yoast SEO Premium plugin. -->","yoast_head_json":{"title":"Poli\u021bia Capitalei: B\u0103rbat de 62 ani, re\u021binut pentru c\u0103 \u015fi-a aruncat c\u00e2inele pe geam - Buletin de Bucure\u0219ti","robots":{"index":"index","follow":"follow","max-snippet":"max-snippet:-1","max-image-preview":"max-image-preview:large","max-video-preview":"max-video-preview:-1"},"canonical":"https:\/\/buletin.de\/bucuresti\/politia-capitalei-barbat-de-62-ani-retinut-pentru-ca-si-a-aruncat-cainele-pe-geam\/","og_locale":"en_GB","og_type":"article","og_title":"Poli\u021bia Capitalei: B\u0103rbat de 62 ani, re\u021binut pentru c\u0103 \u015fi-a aruncat c\u00e2inele pe geam","og_description":"Un b\u0103rbat de 62 de ani este cercetat \u00eentr-un dosar penal privind s\u0103v\u00e2r\u0219irea infrac\u021biunii de ucidere a animalelor cu inten\u021bie f\u0103r\u0103 drept. Pe 20 septembrie 2023, acesta a fost re\u021binut de poli\u0163istii Direc\u0163iei Generale de Poli\u0163ie a Municipiului Bucure\u015fti &#8211; Serviciul pentru Protec\u021bia Animalelor. \u00cen jurul orei 00.00, poli\u021bi\u0219ti din cadrul Sec\u021biei 8 Poli\u021bie \u0219i [&hellip;]","og_url":"https:\/\/buletin.de\/bucuresti\/politia-capitalei-barbat-de-62-ani-retinut-pentru-ca-si-a-aruncat-cainele-pe-geam\/","og_site_name":"Buletin de Bucure\u0219ti","article_publisher":"https:\/\/www.facebook.com\/buletin.de.buc","article_published_time":"2023-09-21T12:55:10+00:00","article_modified_time":"2023-09-21T12:56:02+00:00","og_image":[{"width":400,"height":267,"url":"https:\/\/buletin.de\/bucuresti\/wp-content\/uploads\/photo-1582243310148-40a865f70c7f.jpeg","type":"image\/jpeg"}],"author":"Diana Matei","twitter_card":"summary_large_image","twitter_misc":{"Written by":"Diana Matei","Estimated reading time":"2 minutes"},"schema":{"@context":"https:\/\/schema.org","@graph":[{"@type":"Article","@id":"https:\/\/buletin.de\/bucuresti\/politia-capitalei-barbat-de-62-ani-retinut-pentru-ca-si-a-aruncat-cainele-pe-geam\/#article","isPartOf":{"@id":"https:\/\/buletin.de\/bucuresti\/politia-capitalei-barbat-de-62-ani-retinut-pentru-ca-si-a-aruncat-cainele-pe-geam\/"},"author":{"name":"Diana Matei","@id":"https:\/\/buletin.de\/bucuresti\/#\/schema\/person\/7e46040573290777280a0835d81ea4ea"},"headline":"Poli\u021bia Capitalei: B\u0103rbat de 62 ani, re\u021binut pentru c\u0103 \u015fi-a aruncat c\u00e2inele pe geam","datePublished":"2023-09-21T12:55:10+00:00","dateModified":"2023-09-21T12:56:02+00:00","mainEntityOfPage":{"@id":"https:\/\/buletin.de\/bucuresti\/politia-capitalei-barbat-de-62-ani-retinut-pentru-ca-si-a-aruncat-cainele-pe-geam\/"},"wordCount":265,"publisher":{"@id":"https:\/\/buletin.de\/bucuresti\/#organization"},"image":{"@id":"https:\/\/buletin.de\/bucuresti\/politia-capitalei-barbat-de-62-ani-retinut-pentru-ca-si-a-aruncat-cainele-pe-geam\/#primaryimage"},"thumbnailUrl":"https:\/\/buletin.de\/bucuresti\/wp-content\/uploads\/photo-1582243310148-40a865f70c7f.jpeg","keywords":["DGPMB","protectia animalelor","uciderea animalelor"],"articleSection":["Articole","\u0218tiri"],"inLanguage":"en-GB","copyrightYear":"2023","copyrightHolder":{"@id":"https:\/\/buletin.de\/bucuresti\/#organization"}},{"@type":"WebPage","@id":"https:\/\/buletin.de\/bucuresti\/politia-capitalei-barbat-de-62-ani-retinut-pentru-ca-si-a-aruncat-cainele-pe-geam\/","url":"https:\/\/buletin.de\/bucuresti\/politia-capitalei-barbat-de-62-ani-retinut-pentru-ca-si-a-aruncat-cainele-pe-geam\/","name":"Poli\u021bia Capitalei: B\u0103rbat de 62 ani, re\u021binut pentru c\u0103 \u015fi-a aruncat c\u00e2inele pe geam - Buletin de Bucure\u0219ti","isPartOf":{"@id":"https:\/\/buletin.de\/bucuresti\/#website"},"primaryImageOfPage":{"@id":"https:\/\/buletin.de\/bucuresti\/politia-capitalei-barbat-de-62-ani-retinut-pentru-ca-si-a-aruncat-cainele-pe-geam\/#primaryimage"},"image":{"@id":"https:\/\/buletin.de\/bucuresti\/politia-capitalei-barbat-de-62-ani-retinut-pentru-ca-si-a-aruncat-cainele-pe-geam\/#primaryimage"},"thumbnailUrl":"https:\/\/buletin.de\/bucuresti\/wp-content\/uploads\/photo-1582243310148-40a865f70c7f.jpeg","datePublished":"2023-09-21T12:55:10+00:00","dateModified":"2023-09-21T12:56:02+00:00","breadcrumb":{"@id":"https:\/\/buletin.de\/bucuresti\/politia-capitalei-barbat-de-62-ani-retinut-pentru-ca-si-a-aruncat-cainele-pe-geam\/#breadcrumb"},"inLanguage":"en-GB","potentialAction":[{"@type":"ReadAction","target":["https:\/\/buletin.de\/bucuresti\/politia-capitalei-barbat-de-62-ani-retinut-pentru-ca-si-a-aruncat-cainele-pe-geam\/"]}]},{"@type":"ImageObject","inLanguage":"en-GB","@id":"https:\/\/buletin.de\/bucuresti\/politia-capitalei-barbat-de-62-ani-retinut-pentru-ca-si-a-aruncat-cainele-pe-geam\/#primaryimage","url":"https:\/\/buletin.de\/bucuresti\/wp-content\/uploads\/photo-1582243310148-40a865f70c7f.jpeg","contentUrl":"https:\/\/buletin.de\/bucuresti\/wp-content\/uploads\/photo-1582243310148-40a865f70c7f.jpeg","width":400,"height":267},{"@type":"BreadcrumbList","@id":"https:\/\/buletin.de\/bucuresti\/politia-capitalei-barbat-de-62-ani-retinut-pentru-ca-si-a-aruncat-cainele-pe-geam\/#breadcrumb","itemListElement":[{"@type":"ListItem","position":1,"name":"Acas\u0103","item":"https:\/\/buletin.de\/bucuresti\/"},{"@type":"ListItem","position":2,"name":"Poli\u021bia Capitalei: B\u0103rbat de 62 ani, re\u021binut pentru c\u0103 \u015fi-a aruncat c\u00e2inele pe geam"}]},{"@type":"WebSite","@id":"https:\/\/buletin.de\/bucuresti\/#website","url":"https:\/\/buletin.de\/bucuresti\/","name":"Buletin de Bucure\u0219ti","description":"\u0218tiri \u0219i investiga\u021bii esen\u021biale din capital\u0103","publisher":{"@id":"https:\/\/buletin.de\/bucuresti\/#organization"},"potentialAction":[{"@type":"SearchAction","target":{"@type":"EntryPoint","urlTemplate":"https:\/\/buletin.de\/bucuresti\/?s={search_term_string}"},"query-input":{"@type":"PropertyValueSpecification","valueRequired":true,"valueName":"search_term_string"}}],"inLanguage":"en-GB"},{"@type":"Organization","@id":"https:\/\/buletin.de\/bucuresti\/#organization","name":"Buletin de Bucure\u0219ti","url":"https:\/\/buletin.de\/bucuresti\/","logo":{"@type":"ImageObject","inLanguage":"en-GB","@id":"https:\/\/buletin.de\/bucuresti\/#\/schema\/logo\/image\/","url":"https:\/\/buletin.de\/bucuresti\/wp-content\/uploads\/logo-bdb-full-wide-vernil-transparent.png","contentUrl":"https:\/\/buletin.de\/bucuresti\/wp-content\/uploads\/logo-bdb-full-wide-vernil-transparent.png","width":1782,"height":626,"caption":"Buletin de Bucure\u0219ti"},"image":{"@id":"https:\/\/buletin.de\/bucuresti\/#\/schema\/logo\/image\/"},"sameAs":["https:\/\/www.facebook.com\/buletin.de.buc","https:\/\/www.instagram.com\/buletinde.bucuresti\/"]},{"@type":"Person","@id":"https:\/\/buletin.de\/bucuresti\/#\/schema\/person\/7e46040573290777280a0835d81ea4ea","name":"Diana Matei","image":{"@type":"ImageObject","inLanguage":"en-GB","@id":"https:\/\/buletin.de\/bucuresti\/wp-content\/uploads\/9-2-96x96.jpg1e8590b30871d70e62ebcdaf2eff570c","url":"https:\/\/buletin.de\/bucuresti\/wp-content\/uploads\/9-2-96x96.jpg","contentUrl":"https:\/\/buletin.de\/bucuresti\/wp-content\/uploads\/9-2-96x96.jpg","caption":"Diana Matei"},"url":"https:\/\/buletin.de\/bucuresti\/author\/dianamatei\/"}]}},"authors":[{"term_id":22574,"user_id":49,"is_guest":0,"slug":"dianamatei","display_name":"Diana Matei","avatar_url":"https:\/\/buletin.de\/bucuresti\/wp-content\/uploads\/9-2-96x96.jpg","0":null,"1":"","2":"","3":"","4":"","5":"","6":"","7":"","8":""}],"_links":{"self":[{"href":"https:\/\/buletin.de\/bucuresti\/wp-json\/wp\/v2\/posts\/65044","targetHints":{"allow":["GET"]}}],"collection":[{"href":"https:\/\/buletin.de\/bucuresti\/wp-json\/wp\/v2\/posts"}],"about":[{"href":"https:\/\/buletin.de\/bucuresti\/wp-json\/wp\/v2\/types\/post"}],"author":[{"embeddable":true,"href":"https:\/\/buletin.de\/bucuresti\/wp-json\/wp\/v2\/users\/49"}],"replies":[{"embeddable":true,"href":"https:\/\/buletin.de\/bucuresti\/wp-json\/wp\/v2\/comments?post=65044"}],"version-history":[{"count":5,"href":"https:\/\/buletin.de\/bucuresti\/wp-json\/wp\/v2\/posts\/65044\/revisions"}],"predecessor-version":[{"id":65065,"href":"https:\/\/buletin.de\/bucuresti\/wp-json\/wp\/v2\/posts\/65044\/revisions\/65065"}],"wp:featuredmedia":[{"embeddable":true,"href":"https:\/\/buletin.de\/bucuresti\/wp-json\/wp\/v2\/media\/65053"}],"wp:attachment":[{"href":"https:\/\/buletin.de\/bucuresti\/wp-json\/wp\/v2\/media?parent=65044"}],"wp:term":[{"taxonomy":"category","embeddable":true,"href":"https:\/\/buletin.de\/bucuresti\/wp-json\/wp\/v2\/categories?post=65044"},{"taxonomy":"post_tag","embeddable":true,"href":"https:\/\/buletin.de\/bucuresti\/wp-json\/wp\/v2\/tags?post=65044"},{"taxonomy":"author","embeddable":true,"href":"https:\/\/buletin.de\/bucuresti\/wp-json\/wp\/v2\/ppma_author?post=65044"}],"curies":[{"name":"wp","href":"https:\/\/api.w.org\/{rel}","templated":true}]}}