{"id":64978,"date":"2023-09-21T09:18:59","date_gmt":"2023-09-21T07:18:59","guid":{"rendered":"https:\/\/buletin.de\/bucuresti\/?p=64978"},"modified":"2023-09-21T10:14:10","modified_gmt":"2023-09-21T08:14:10","slug":"sectorul-4-parcul-tudor-arghezi-inaugurat-de-zilele-bucurestiului","status":"publish","type":"post","link":"https:\/\/buletin.de\/bucuresti\/sectorul-4-parcul-tudor-arghezi-inaugurat-de-zilele-bucurestiului\/","title":{"rendered":"Sectorul 4 | Parcul Tudor Arghezi, inaugurat de Zilele Bucure\u0219tiului"},"content":{"rendered":"\n<p><strong><strong>Parcul Tudor Arghezi, de pe bd. Metalurgiei, a fost deschis pe 20 septembrie, de ziua Bucure\u0219tiului, a anuntat Prim\u0103ria Sectorului 4. Spa\u021biul verde \u00eensumeaz\u0103 patru hectare<\/strong><\/strong>.<\/p>\n\n\n\n<p>Parcul Tudor Arghezi este situat pe bulevardul Metalurgiei iar \u00een zon\u0103 vor fi amenajate \u0219i 14 terenuri de sport. <\/p>\n\n\n\n<p>\u201e<em>Continu\u0103m procedurile de expropriere, astfel \u00eenc\u00e2t s\u0103 reu\u0219im cel pu\u021bin dublarea suprafe\u021bei actuale. Imediat ce reu\u0219im acest lucru, spa\u021biul pe care \u00eel vom ob\u021bine \u00eel vom dedica sportului, pentru c\u0103 acesta este \u0219i specificul acestui nou par<\/em>\u201d, a declarat primarul Daniel B\u0103lu\u021b\u0103.<\/p>\n\n\n\n<figure class=\"wp-block-image size-large\"><img fetchpriority=\"high\" decoding=\"async\" width=\"900\" height=\"599\" src=\"data:image\/gif;base64,R0lGODlhAQABAAAAACH5BAEKAAEALAAAAAABAAEAAAICTAEAOw==\" data-src=\"https:\/\/buletin.de\/bucuresti\/wp-content\/uploads\/DSC_2891-900x599.jpg\" alt=\"\" class=\"wp-image-65006 lazyload\" data-sizes=\"auto\" data-srcset=\"https:\/\/buletin.de\/bucuresti\/wp-content\/uploads\/DSC_2891-900x599.jpg 900w, https:\/\/buletin.de\/bucuresti\/wp-content\/uploads\/DSC_2891-300x200.jpg 300w, https:\/\/buletin.de\/bucuresti\/wp-content\/uploads\/DSC_2891-768x511.jpg 768w, https:\/\/buletin.de\/bucuresti\/wp-content\/uploads\/DSC_2891-1536x1021.jpg 1536w, https:\/\/buletin.de\/bucuresti\/wp-content\/uploads\/DSC_2891-1600x1064.jpg 1600w, https:\/\/buletin.de\/bucuresti\/wp-content\/uploads\/DSC_2891-1100x732.jpg 1100w, https:\/\/buletin.de\/bucuresti\/wp-content\/uploads\/DSC_2891-600x399.jpg 600w, https:\/\/buletin.de\/bucuresti\/wp-content\/uploads\/DSC_2891-20x13.jpg 20w, https:\/\/buletin.de\/bucuresti\/wp-content\/uploads\/DSC_2891.jpg 2000w\" sizes=\"(max-width: 900px) 100vw, 900px\" \/><\/figure>\n\n\n\n<p>Parcul are zone dedicate activit\u0103\u021bilor sporturilor \u00een aer liber:<\/p>\n\n\n\n<ul class=\"wp-block-list\">\n<li> pist\u0103 de atletism cu o lungime de 1.670 metri;<\/li>\n\n\n\n<li> pist\u0103 pentru biciclete; <\/li>\n\n\n\n<li>zon\u0103 de fitness.<\/li>\n<\/ul>\n\n\n\n<figure class=\"wp-block-image size-large\"><img decoding=\"async\" width=\"900\" height=\"667\" src=\"data:image\/gif;base64,R0lGODlhAQABAAAAACH5BAEKAAEALAAAAAABAAEAAAICTAEAOw==\" data-src=\"https:\/\/buletin.de\/bucuresti\/wp-content\/uploads\/DSC_2969-900x667.jpg\" alt=\"\" class=\"wp-image-65007 lazyload\" data-sizes=\"auto\" data-srcset=\"https:\/\/buletin.de\/bucuresti\/wp-content\/uploads\/DSC_2969-900x667.jpg 900w, https:\/\/buletin.de\/bucuresti\/wp-content\/uploads\/DSC_2969-300x222.jpg 300w, https:\/\/buletin.de\/bucuresti\/wp-content\/uploads\/DSC_2969-768x569.jpg 768w, https:\/\/buletin.de\/bucuresti\/wp-content\/uploads\/DSC_2969-1536x1138.jpg 1536w, https:\/\/buletin.de\/bucuresti\/wp-content\/uploads\/DSC_2969-1600x1186.jpg 1600w, https:\/\/buletin.de\/bucuresti\/wp-content\/uploads\/DSC_2969-1100x815.jpg 1100w, https:\/\/buletin.de\/bucuresti\/wp-content\/uploads\/DSC_2969-600x445.jpg 600w, https:\/\/buletin.de\/bucuresti\/wp-content\/uploads\/DSC_2969-20x15.jpg 20w, https:\/\/buletin.de\/bucuresti\/wp-content\/uploads\/DSC_2969.jpg 2000w\" sizes=\"(max-width: 900px) 100vw, 900px\" \/><\/figure>\n\n\n\n<p>De asemenea, \u00een parc exist\u0103 o f\u00e2nt\u00e2n\u0103 artezian\u0103 muzical\u0103, o plaj\u0103 ecologic\u0103, un spa\u021biu special pentru animalele de companie \u0219i o parcare supraetajat\u0103 de 150 de locuri.&nbsp;<\/p>\n\n\n\n<p id=\"20\">Amenajarea Parcului Tudor Arghezi au \u00eenceput \u00een februarie 2022 \u0219i avea termen de finalizare 18 luni iar investi\u021bia se ridic\u0103 la circa 40 milioane lei.<\/p>\n\n\n\n<p>FOTO: Prim\u0103ria Sectorului 4<\/p>\n\n\n\n<p id=\"21\"> <\/p>\n\n\n\n<p id=\"22\"><\/p>\n","protected":false},"excerpt":{"rendered":"<p>Parcul Tudor Arghezi, de pe bd. Metalurgiei, a fost deschis pe 20 septembrie, de ziua Bucure\u0219tiului, a anuntat Prim\u0103ria Sectorului 4. Spa\u021biul verde \u00eensumeaz\u0103 patru hectare. Parcul Tudor Arghezi este situat pe bulevardul Metalurgiei iar \u00een zon\u0103 vor fi amenajate \u0219i 14 terenuri de sport. \u201eContinu\u0103m procedurile de expropriere, astfel \u00eenc\u00e2t s\u0103 reu\u0219im cel pu\u021bin [&hellip;]<\/p>\n","protected":false},"author":49,"featured_media":64979,"comment_status":"closed","ping_status":"open","sticky":false,"template":"","format":"standard","meta":{"_acf_changed":false,"inline_featured_image":false,"ngg_post_thumbnail":0,"footnotes":""},"categories":[24,62],"tags":[1204,7113,765],"ppma_author":[22574],"class_list":["post-64978","post","type-post","status-publish","format-standard","has-post-thumbnail","hentry","category-primarie","category-stiri","tag-daniel-baluta","tag-parc-arghezi","tag-sector-4"],"acf":[],"yoast_head":"<!-- This site is optimized with the Yoast SEO Premium plugin v25.3 (Yoast SEO v27.5) - https:\/\/yoast.com\/product\/yoast-seo-premium-wordpress\/ -->\n<title>Sectorul 4 | Parcul Tudor Arghezi, inaugurat de Zilele Bucure\u0219tiului - Buletin de Bucure\u0219ti<\/title>\n<meta name=\"robots\" content=\"index, follow, max-snippet:-1, max-image-preview:large, max-video-preview:-1\" \/>\n<link rel=\"canonical\" href=\"https:\/\/buletin.de\/bucuresti\/sectorul-4-parcul-tudor-arghezi-inaugurat-de-zilele-bucurestiului\/\" \/>\n<meta property=\"og:locale\" content=\"en_GB\" \/>\n<meta property=\"og:type\" content=\"article\" \/>\n<meta property=\"og:title\" content=\"Sectorul 4 | Parcul Tudor Arghezi, inaugurat de Zilele Bucure\u0219tiului\" \/>\n<meta property=\"og:description\" content=\"Parcul Tudor Arghezi, de pe bd. Metalurgiei, a fost deschis pe 20 septembrie, de ziua Bucure\u0219tiului, a anuntat Prim\u0103ria Sectorului 4. Spa\u021biul verde \u00eensumeaz\u0103 patru hectare. Parcul Tudor Arghezi este situat pe bulevardul Metalurgiei iar \u00een zon\u0103 vor fi amenajate \u0219i 14 terenuri de sport. \u201eContinu\u0103m procedurile de expropriere, astfel \u00eenc\u00e2t s\u0103 reu\u0219im cel pu\u021bin [&hellip;]\" \/>\n<meta property=\"og:url\" content=\"https:\/\/buletin.de\/bucuresti\/sectorul-4-parcul-tudor-arghezi-inaugurat-de-zilele-bucurestiului\/\" \/>\n<meta property=\"og:site_name\" content=\"Buletin de Bucure\u0219ti\" \/>\n<meta property=\"article:publisher\" content=\"https:\/\/www.facebook.com\/buletin.de.buc\" \/>\n<meta property=\"article:published_time\" content=\"2023-09-21T07:18:59+00:00\" \/>\n<meta property=\"article:modified_time\" content=\"2023-09-21T08:14:10+00:00\" \/>\n<meta property=\"og:image\" content=\"https:\/\/buletin.de\/bucuresti\/wp-content\/uploads\/Screenshot-2023-09-21-at-09.48.22.png\" \/>\n\t<meta property=\"og:image:width\" content=\"1269\" \/>\n\t<meta property=\"og:image:height\" content=\"701\" \/>\n\t<meta property=\"og:image:type\" content=\"image\/png\" \/>\n<meta name=\"author\" content=\"Diana Matei\" \/>\n<meta name=\"twitter:card\" content=\"summary_large_image\" \/>\n<meta name=\"twitter:label1\" content=\"Written by\" \/>\n\t<meta name=\"twitter:data1\" content=\"Diana Matei\" \/>\n\t<meta name=\"twitter:label2\" content=\"Estimated reading time\" \/>\n\t<meta name=\"twitter:data2\" content=\"2 minutes\" \/>\n<script type=\"application\/ld+json\" class=\"yoast-schema-graph\">{\"@context\":\"https:\\\/\\\/schema.org\",\"@graph\":[{\"@type\":\"Article\",\"@id\":\"https:\\\/\\\/buletin.de\\\/bucuresti\\\/sectorul-4-parcul-tudor-arghezi-inaugurat-de-zilele-bucurestiului\\\/#article\",\"isPartOf\":{\"@id\":\"https:\\\/\\\/buletin.de\\\/bucuresti\\\/sectorul-4-parcul-tudor-arghezi-inaugurat-de-zilele-bucurestiului\\\/\"},\"author\":{\"name\":\"Diana Matei\",\"@id\":\"https:\\\/\\\/buletin.de\\\/bucuresti\\\/#\\\/schema\\\/person\\\/7e46040573290777280a0835d81ea4ea\"},\"headline\":\"Sectorul 4 | Parcul Tudor Arghezi, inaugurat de Zilele Bucure\u0219tiului\",\"datePublished\":\"2023-09-21T07:18:59+00:00\",\"dateModified\":\"2023-09-21T08:14:10+00:00\",\"mainEntityOfPage\":{\"@id\":\"https:\\\/\\\/buletin.de\\\/bucuresti\\\/sectorul-4-parcul-tudor-arghezi-inaugurat-de-zilele-bucurestiului\\\/\"},\"wordCount\":186,\"publisher\":{\"@id\":\"https:\\\/\\\/buletin.de\\\/bucuresti\\\/#organization\"},\"image\":{\"@id\":\"https:\\\/\\\/buletin.de\\\/bucuresti\\\/sectorul-4-parcul-tudor-arghezi-inaugurat-de-zilele-bucurestiului\\\/#primaryimage\"},\"thumbnailUrl\":\"https:\\\/\\\/buletin.de\\\/bucuresti\\\/wp-content\\\/uploads\\\/Screenshot-2023-09-21-at-09.48.22.png\",\"keywords\":[\"daniel baluta\",\"parc arghezi\",\"Sector 4\"],\"articleSection\":[\"Prim\u0103rie\",\"\u0218tiri\"],\"inLanguage\":\"en-GB\",\"copyrightYear\":\"2023\",\"copyrightHolder\":{\"@id\":\"https:\\\/\\\/buletin.de\\\/bucuresti\\\/#organization\"}},{\"@type\":\"WebPage\",\"@id\":\"https:\\\/\\\/buletin.de\\\/bucuresti\\\/sectorul-4-parcul-tudor-arghezi-inaugurat-de-zilele-bucurestiului\\\/\",\"url\":\"https:\\\/\\\/buletin.de\\\/bucuresti\\\/sectorul-4-parcul-tudor-arghezi-inaugurat-de-zilele-bucurestiului\\\/\",\"name\":\"Sectorul 4 | Parcul Tudor Arghezi, inaugurat de Zilele Bucure\u0219tiului - Buletin de Bucure\u0219ti\",\"isPartOf\":{\"@id\":\"https:\\\/\\\/buletin.de\\\/bucuresti\\\/#website\"},\"primaryImageOfPage\":{\"@id\":\"https:\\\/\\\/buletin.de\\\/bucuresti\\\/sectorul-4-parcul-tudor-arghezi-inaugurat-de-zilele-bucurestiului\\\/#primaryimage\"},\"image\":{\"@id\":\"https:\\\/\\\/buletin.de\\\/bucuresti\\\/sectorul-4-parcul-tudor-arghezi-inaugurat-de-zilele-bucurestiului\\\/#primaryimage\"},\"thumbnailUrl\":\"https:\\\/\\\/buletin.de\\\/bucuresti\\\/wp-content\\\/uploads\\\/Screenshot-2023-09-21-at-09.48.22.png\",\"datePublished\":\"2023-09-21T07:18:59+00:00\",\"dateModified\":\"2023-09-21T08:14:10+00:00\",\"breadcrumb\":{\"@id\":\"https:\\\/\\\/buletin.de\\\/bucuresti\\\/sectorul-4-parcul-tudor-arghezi-inaugurat-de-zilele-bucurestiului\\\/#breadcrumb\"},\"inLanguage\":\"en-GB\",\"potentialAction\":[{\"@type\":\"ReadAction\",\"target\":[\"https:\\\/\\\/buletin.de\\\/bucuresti\\\/sectorul-4-parcul-tudor-arghezi-inaugurat-de-zilele-bucurestiului\\\/\"]}]},{\"@type\":\"ImageObject\",\"inLanguage\":\"en-GB\",\"@id\":\"https:\\\/\\\/buletin.de\\\/bucuresti\\\/sectorul-4-parcul-tudor-arghezi-inaugurat-de-zilele-bucurestiului\\\/#primaryimage\",\"url\":\"https:\\\/\\\/buletin.de\\\/bucuresti\\\/wp-content\\\/uploads\\\/Screenshot-2023-09-21-at-09.48.22.png\",\"contentUrl\":\"https:\\\/\\\/buletin.de\\\/bucuresti\\\/wp-content\\\/uploads\\\/Screenshot-2023-09-21-at-09.48.22.png\",\"width\":1269,\"height\":701},{\"@type\":\"BreadcrumbList\",\"@id\":\"https:\\\/\\\/buletin.de\\\/bucuresti\\\/sectorul-4-parcul-tudor-arghezi-inaugurat-de-zilele-bucurestiului\\\/#breadcrumb\",\"itemListElement\":[{\"@type\":\"ListItem\",\"position\":1,\"name\":\"Acas\u0103\",\"item\":\"https:\\\/\\\/buletin.de\\\/bucuresti\\\/\"},{\"@type\":\"ListItem\",\"position\":2,\"name\":\"Sectorul 4 | Parcul Tudor Arghezi, inaugurat de Zilele Bucure\u0219tiului\"}]},{\"@type\":\"WebSite\",\"@id\":\"https:\\\/\\\/buletin.de\\\/bucuresti\\\/#website\",\"url\":\"https:\\\/\\\/buletin.de\\\/bucuresti\\\/\",\"name\":\"Buletin de Bucure\u0219ti\",\"description\":\"\u0218tiri \u0219i investiga\u021bii esen\u021biale din capital\u0103\",\"publisher\":{\"@id\":\"https:\\\/\\\/buletin.de\\\/bucuresti\\\/#organization\"},\"potentialAction\":[{\"@type\":\"SearchAction\",\"target\":{\"@type\":\"EntryPoint\",\"urlTemplate\":\"https:\\\/\\\/buletin.de\\\/bucuresti\\\/?s={search_term_string}\"},\"query-input\":{\"@type\":\"PropertyValueSpecification\",\"valueRequired\":true,\"valueName\":\"search_term_string\"}}],\"inLanguage\":\"en-GB\"},{\"@type\":\"Organization\",\"@id\":\"https:\\\/\\\/buletin.de\\\/bucuresti\\\/#organization\",\"name\":\"Buletin de Bucure\u0219ti\",\"url\":\"https:\\\/\\\/buletin.de\\\/bucuresti\\\/\",\"logo\":{\"@type\":\"ImageObject\",\"inLanguage\":\"en-GB\",\"@id\":\"https:\\\/\\\/buletin.de\\\/bucuresti\\\/#\\\/schema\\\/logo\\\/image\\\/\",\"url\":\"https:\\\/\\\/buletin.de\\\/bucuresti\\\/wp-content\\\/uploads\\\/logo-bdb-full-wide-vernil-transparent.png\",\"contentUrl\":\"https:\\\/\\\/buletin.de\\\/bucuresti\\\/wp-content\\\/uploads\\\/logo-bdb-full-wide-vernil-transparent.png\",\"width\":1782,\"height\":626,\"caption\":\"Buletin de Bucure\u0219ti\"},\"image\":{\"@id\":\"https:\\\/\\\/buletin.de\\\/bucuresti\\\/#\\\/schema\\\/logo\\\/image\\\/\"},\"sameAs\":[\"https:\\\/\\\/www.facebook.com\\\/buletin.de.buc\",\"https:\\\/\\\/www.instagram.com\\\/buletinde.bucuresti\\\/\"]},{\"@type\":\"Person\",\"@id\":\"https:\\\/\\\/buletin.de\\\/bucuresti\\\/#\\\/schema\\\/person\\\/7e46040573290777280a0835d81ea4ea\",\"name\":\"Diana Matei\",\"image\":{\"@type\":\"ImageObject\",\"inLanguage\":\"en-GB\",\"@id\":\"https:\\\/\\\/buletin.de\\\/bucuresti\\\/wp-content\\\/uploads\\\/9-2-96x96.jpg1e8590b30871d70e62ebcdaf2eff570c\",\"url\":\"https:\\\/\\\/buletin.de\\\/bucuresti\\\/wp-content\\\/uploads\\\/9-2-96x96.jpg\",\"contentUrl\":\"https:\\\/\\\/buletin.de\\\/bucuresti\\\/wp-content\\\/uploads\\\/9-2-96x96.jpg\",\"caption\":\"Diana Matei\"},\"url\":\"https:\\\/\\\/buletin.de\\\/bucuresti\\\/author\\\/dianamatei\\\/\"}]}<\/script>\n<!-- \/ Yoast SEO Premium plugin. -->","yoast_head_json":{"title":"Sectorul 4 | Parcul Tudor Arghezi, inaugurat de Zilele Bucure\u0219tiului - Buletin de Bucure\u0219ti","robots":{"index":"index","follow":"follow","max-snippet":"max-snippet:-1","max-image-preview":"max-image-preview:large","max-video-preview":"max-video-preview:-1"},"canonical":"https:\/\/buletin.de\/bucuresti\/sectorul-4-parcul-tudor-arghezi-inaugurat-de-zilele-bucurestiului\/","og_locale":"en_GB","og_type":"article","og_title":"Sectorul 4 | Parcul Tudor Arghezi, inaugurat de Zilele Bucure\u0219tiului","og_description":"Parcul Tudor Arghezi, de pe bd. Metalurgiei, a fost deschis pe 20 septembrie, de ziua Bucure\u0219tiului, a anuntat Prim\u0103ria Sectorului 4. Spa\u021biul verde \u00eensumeaz\u0103 patru hectare. Parcul Tudor Arghezi este situat pe bulevardul Metalurgiei iar \u00een zon\u0103 vor fi amenajate \u0219i 14 terenuri de sport. \u201eContinu\u0103m procedurile de expropriere, astfel \u00eenc\u00e2t s\u0103 reu\u0219im cel pu\u021bin [&hellip;]","og_url":"https:\/\/buletin.de\/bucuresti\/sectorul-4-parcul-tudor-arghezi-inaugurat-de-zilele-bucurestiului\/","og_site_name":"Buletin de Bucure\u0219ti","article_publisher":"https:\/\/www.facebook.com\/buletin.de.buc","article_published_time":"2023-09-21T07:18:59+00:00","article_modified_time":"2023-09-21T08:14:10+00:00","og_image":[{"width":1269,"height":701,"url":"https:\/\/buletin.de\/bucuresti\/wp-content\/uploads\/Screenshot-2023-09-21-at-09.48.22.png","type":"image\/png"}],"author":"Diana Matei","twitter_card":"summary_large_image","twitter_misc":{"Written by":"Diana Matei","Estimated reading time":"2 minutes"},"schema":{"@context":"https:\/\/schema.org","@graph":[{"@type":"Article","@id":"https:\/\/buletin.de\/bucuresti\/sectorul-4-parcul-tudor-arghezi-inaugurat-de-zilele-bucurestiului\/#article","isPartOf":{"@id":"https:\/\/buletin.de\/bucuresti\/sectorul-4-parcul-tudor-arghezi-inaugurat-de-zilele-bucurestiului\/"},"author":{"name":"Diana Matei","@id":"https:\/\/buletin.de\/bucuresti\/#\/schema\/person\/7e46040573290777280a0835d81ea4ea"},"headline":"Sectorul 4 | Parcul Tudor Arghezi, inaugurat de Zilele Bucure\u0219tiului","datePublished":"2023-09-21T07:18:59+00:00","dateModified":"2023-09-21T08:14:10+00:00","mainEntityOfPage":{"@id":"https:\/\/buletin.de\/bucuresti\/sectorul-4-parcul-tudor-arghezi-inaugurat-de-zilele-bucurestiului\/"},"wordCount":186,"publisher":{"@id":"https:\/\/buletin.de\/bucuresti\/#organization"},"image":{"@id":"https:\/\/buletin.de\/bucuresti\/sectorul-4-parcul-tudor-arghezi-inaugurat-de-zilele-bucurestiului\/#primaryimage"},"thumbnailUrl":"https:\/\/buletin.de\/bucuresti\/wp-content\/uploads\/Screenshot-2023-09-21-at-09.48.22.png","keywords":["daniel baluta","parc arghezi","Sector 4"],"articleSection":["Prim\u0103rie","\u0218tiri"],"inLanguage":"en-GB","copyrightYear":"2023","copyrightHolder":{"@id":"https:\/\/buletin.de\/bucuresti\/#organization"}},{"@type":"WebPage","@id":"https:\/\/buletin.de\/bucuresti\/sectorul-4-parcul-tudor-arghezi-inaugurat-de-zilele-bucurestiului\/","url":"https:\/\/buletin.de\/bucuresti\/sectorul-4-parcul-tudor-arghezi-inaugurat-de-zilele-bucurestiului\/","name":"Sectorul 4 | Parcul Tudor Arghezi, inaugurat de Zilele Bucure\u0219tiului - Buletin de Bucure\u0219ti","isPartOf":{"@id":"https:\/\/buletin.de\/bucuresti\/#website"},"primaryImageOfPage":{"@id":"https:\/\/buletin.de\/bucuresti\/sectorul-4-parcul-tudor-arghezi-inaugurat-de-zilele-bucurestiului\/#primaryimage"},"image":{"@id":"https:\/\/buletin.de\/bucuresti\/sectorul-4-parcul-tudor-arghezi-inaugurat-de-zilele-bucurestiului\/#primaryimage"},"thumbnailUrl":"https:\/\/buletin.de\/bucuresti\/wp-content\/uploads\/Screenshot-2023-09-21-at-09.48.22.png","datePublished":"2023-09-21T07:18:59+00:00","dateModified":"2023-09-21T08:14:10+00:00","breadcrumb":{"@id":"https:\/\/buletin.de\/bucuresti\/sectorul-4-parcul-tudor-arghezi-inaugurat-de-zilele-bucurestiului\/#breadcrumb"},"inLanguage":"en-GB","potentialAction":[{"@type":"ReadAction","target":["https:\/\/buletin.de\/bucuresti\/sectorul-4-parcul-tudor-arghezi-inaugurat-de-zilele-bucurestiului\/"]}]},{"@type":"ImageObject","inLanguage":"en-GB","@id":"https:\/\/buletin.de\/bucuresti\/sectorul-4-parcul-tudor-arghezi-inaugurat-de-zilele-bucurestiului\/#primaryimage","url":"https:\/\/buletin.de\/bucuresti\/wp-content\/uploads\/Screenshot-2023-09-21-at-09.48.22.png","contentUrl":"https:\/\/buletin.de\/bucuresti\/wp-content\/uploads\/Screenshot-2023-09-21-at-09.48.22.png","width":1269,"height":701},{"@type":"BreadcrumbList","@id":"https:\/\/buletin.de\/bucuresti\/sectorul-4-parcul-tudor-arghezi-inaugurat-de-zilele-bucurestiului\/#breadcrumb","itemListElement":[{"@type":"ListItem","position":1,"name":"Acas\u0103","item":"https:\/\/buletin.de\/bucuresti\/"},{"@type":"ListItem","position":2,"name":"Sectorul 4 | Parcul Tudor Arghezi, inaugurat de Zilele Bucure\u0219tiului"}]},{"@type":"WebSite","@id":"https:\/\/buletin.de\/bucuresti\/#website","url":"https:\/\/buletin.de\/bucuresti\/","name":"Buletin de Bucure\u0219ti","description":"\u0218tiri \u0219i investiga\u021bii esen\u021biale din capital\u0103","publisher":{"@id":"https:\/\/buletin.de\/bucuresti\/#organization"},"potentialAction":[{"@type":"SearchAction","target":{"@type":"EntryPoint","urlTemplate":"https:\/\/buletin.de\/bucuresti\/?s={search_term_string}"},"query-input":{"@type":"PropertyValueSpecification","valueRequired":true,"valueName":"search_term_string"}}],"inLanguage":"en-GB"},{"@type":"Organization","@id":"https:\/\/buletin.de\/bucuresti\/#organization","name":"Buletin de Bucure\u0219ti","url":"https:\/\/buletin.de\/bucuresti\/","logo":{"@type":"ImageObject","inLanguage":"en-GB","@id":"https:\/\/buletin.de\/bucuresti\/#\/schema\/logo\/image\/","url":"https:\/\/buletin.de\/bucuresti\/wp-content\/uploads\/logo-bdb-full-wide-vernil-transparent.png","contentUrl":"https:\/\/buletin.de\/bucuresti\/wp-content\/uploads\/logo-bdb-full-wide-vernil-transparent.png","width":1782,"height":626,"caption":"Buletin de Bucure\u0219ti"},"image":{"@id":"https:\/\/buletin.de\/bucuresti\/#\/schema\/logo\/image\/"},"sameAs":["https:\/\/www.facebook.com\/buletin.de.buc","https:\/\/www.instagram.com\/buletinde.bucuresti\/"]},{"@type":"Person","@id":"https:\/\/buletin.de\/bucuresti\/#\/schema\/person\/7e46040573290777280a0835d81ea4ea","name":"Diana Matei","image":{"@type":"ImageObject","inLanguage":"en-GB","@id":"https:\/\/buletin.de\/bucuresti\/wp-content\/uploads\/9-2-96x96.jpg1e8590b30871d70e62ebcdaf2eff570c","url":"https:\/\/buletin.de\/bucuresti\/wp-content\/uploads\/9-2-96x96.jpg","contentUrl":"https:\/\/buletin.de\/bucuresti\/wp-content\/uploads\/9-2-96x96.jpg","caption":"Diana Matei"},"url":"https:\/\/buletin.de\/bucuresti\/author\/dianamatei\/"}]}},"authors":[{"term_id":22574,"user_id":49,"is_guest":0,"slug":"dianamatei","display_name":"Diana Matei","avatar_url":"https:\/\/buletin.de\/bucuresti\/wp-content\/uploads\/9-2-96x96.jpg","0":null,"1":"","2":"","3":"","4":"","5":"","6":"","7":"","8":""}],"_links":{"self":[{"href":"https:\/\/buletin.de\/bucuresti\/wp-json\/wp\/v2\/posts\/64978","targetHints":{"allow":["GET"]}}],"collection":[{"href":"https:\/\/buletin.de\/bucuresti\/wp-json\/wp\/v2\/posts"}],"about":[{"href":"https:\/\/buletin.de\/bucuresti\/wp-json\/wp\/v2\/types\/post"}],"author":[{"embeddable":true,"href":"https:\/\/buletin.de\/bucuresti\/wp-json\/wp\/v2\/users\/49"}],"replies":[{"embeddable":true,"href":"https:\/\/buletin.de\/bucuresti\/wp-json\/wp\/v2\/comments?post=64978"}],"version-history":[{"count":4,"href":"https:\/\/buletin.de\/bucuresti\/wp-json\/wp\/v2\/posts\/64978\/revisions"}],"predecessor-version":[{"id":65009,"href":"https:\/\/buletin.de\/bucuresti\/wp-json\/wp\/v2\/posts\/64978\/revisions\/65009"}],"wp:featuredmedia":[{"embeddable":true,"href":"https:\/\/buletin.de\/bucuresti\/wp-json\/wp\/v2\/media\/64979"}],"wp:attachment":[{"href":"https:\/\/buletin.de\/bucuresti\/wp-json\/wp\/v2\/media?parent=64978"}],"wp:term":[{"taxonomy":"category","embeddable":true,"href":"https:\/\/buletin.de\/bucuresti\/wp-json\/wp\/v2\/categories?post=64978"},{"taxonomy":"post_tag","embeddable":true,"href":"https:\/\/buletin.de\/bucuresti\/wp-json\/wp\/v2\/tags?post=64978"},{"taxonomy":"author","embeddable":true,"href":"https:\/\/buletin.de\/bucuresti\/wp-json\/wp\/v2\/ppma_author?post=64978"}],"curies":[{"name":"wp","href":"https:\/\/api.w.org\/{rel}","templated":true}]}}