{"id":64960,"date":"2023-09-21T05:07:14","date_gmt":"2023-09-21T03:07:14","guid":{"rendered":"https:\/\/buletin.de\/bucuresti\/?p=64960"},"modified":"2023-09-21T05:07:14","modified_gmt":"2023-09-21T03:07:14","slug":"asia-fest-la-arena-nationala-timp-de-trei-zile","status":"publish","type":"post","link":"https:\/\/buletin.de\/bucuresti\/asia-fest-la-arena-nationala-timp-de-trei-zile\/","title":{"rendered":"Asia Fest la Arena Na\u021bional\u0103, timp de trei zile"},"content":{"rendered":"\n<p><strong>Asia Fest, festivalul care promoveaz\u0103 cultura \u0219i tradi\u021biile orientale, revine cu o nou\u0103 edi\u021bie. Evenimentul va avea loc \u00eentre&nbsp;22-24 septembrie \u00een zona exterioar\u0103 a Arenei Na\u021bionale Bucure\u0219ti, cu acces din Strada Maior Coravu.<\/strong><\/p>\n\n\n\n<p>Edi\u021bia din acest an va g\u0103zdui  un concert sus\u021binut de artistul japonez MI Ishihara Takamasa, cunoscut sub numele de scen\u0103&nbsp;<strong>MIYAVI<\/strong>. Recitatul va avea loc pe 23 septembrie, de la ora 20:00.<\/p>\n\n\n\n<p>\u00cen cadrul evenimentului vor avea loc ceremonii ale ceaiului, ateliere de caligrafie \u0219i desene manga, origami, prezentare de costume tradi\u021bionale \u0219i de Kitsuke (arta de a \u00eembr\u0103ca un kimono) \u0219i un concurs de Cosplay.\u00a0<\/p>\n\n\n\n<p>Pasiona\u021bii de India tradi\u021bional\u0103 se vor bucura de antrenantele dansuri \u0219i muzici indiene \u0219i vor putea participa zilnic la ateliere de tatuaje cu henna sau de art\u0103 rangoli (diferite forme \u0219i&nbsp;modele&nbsp;sunt create prin folosirea unor materiale precum piatr\u0103 de var pudr\u0103, f\u0103in\u0103 de orez, nisip colorat, pulbere de cuar\u021b, petale de flori, pietre, semin\u021be).<\/p>\n\n\n\n<p>O expozi\u021bie fotografic\u0103 va fi pus\u0103 \u00een scen\u0103 la Asia Fest de Ambasada Republicii Populare Chineze \u00een Rom\u00e2nia. Pe 30 de \u0219evalete vor fi expuse fotografii cu peisaje unice din China.<\/p>\n\n\n\n<p>Asia Fest 2023 este un eveniment cofinan\u021bat de Prim\u0103ria Sectorului 2 iar intrarea este gratuit\u0103.<\/p>\n\n\n\n<p>Programul complet al Asia Fest 2023 poate fi accesat&nbsp;<strong><a href=\"https:\/\/asiafest.eu\/\">AICI<\/a><\/strong>.<\/p>\n","protected":false},"excerpt":{"rendered":"<p>Asia Fest, festivalul care promoveaz\u0103 cultura \u0219i tradi\u021biile orientale, revine cu o nou\u0103 edi\u021bie. Evenimentul va avea loc \u00eentre&nbsp;22-24 septembrie \u00een zona exterioar\u0103 a Arenei Na\u021bionale Bucure\u0219ti, cu acces din Strada Maior Coravu. Edi\u021bia din acest an va g\u0103zdui un concert sus\u021binut de artistul japonez MI Ishihara Takamasa, cunoscut sub numele de scen\u0103&nbsp;MIYAVI. Recitatul va [&hellip;]<\/p>\n","protected":false},"author":49,"featured_media":64961,"comment_status":"closed","ping_status":"open","sticky":false,"template":"","format":"standard","meta":{"_acf_changed":false,"inline_featured_image":false,"ngg_post_thumbnail":0,"footnotes":""},"categories":[62],"tags":[261,7016,3808],"ppma_author":[22574],"class_list":["post-64960","post","type-post","status-publish","format-standard","has-post-thumbnail","hentry","category-stiri","tag-arena-nationala","tag-asia-fest","tag-primaria-sector-2-2"],"acf":[],"yoast_head":"<!-- This site is optimized with the Yoast SEO Premium plugin v25.3 (Yoast SEO v27.4) - https:\/\/yoast.com\/product\/yoast-seo-premium-wordpress\/ -->\n<title>Asia Fest la Arena Na\u021bional\u0103, timp de trei zile - Buletin de Bucure\u0219ti<\/title>\n<meta name=\"robots\" content=\"index, follow, max-snippet:-1, max-image-preview:large, max-video-preview:-1\" \/>\n<link rel=\"canonical\" href=\"https:\/\/buletin.de\/bucuresti\/asia-fest-la-arena-nationala-timp-de-trei-zile\/\" \/>\n<meta property=\"og:locale\" content=\"en_GB\" \/>\n<meta property=\"og:type\" content=\"article\" \/>\n<meta property=\"og:title\" content=\"Asia Fest la Arena Na\u021bional\u0103, timp de trei zile\" \/>\n<meta property=\"og:description\" content=\"Asia Fest, festivalul care promoveaz\u0103 cultura \u0219i tradi\u021biile orientale, revine cu o nou\u0103 edi\u021bie. Evenimentul va avea loc \u00eentre&nbsp;22-24 septembrie \u00een zona exterioar\u0103 a Arenei Na\u021bionale Bucure\u0219ti, cu acces din Strada Maior Coravu. Edi\u021bia din acest an va g\u0103zdui un concert sus\u021binut de artistul japonez MI Ishihara Takamasa, cunoscut sub numele de scen\u0103&nbsp;MIYAVI. Recitatul va [&hellip;]\" \/>\n<meta property=\"og:url\" content=\"https:\/\/buletin.de\/bucuresti\/asia-fest-la-arena-nationala-timp-de-trei-zile\/\" \/>\n<meta property=\"og:site_name\" content=\"Buletin de Bucure\u0219ti\" \/>\n<meta property=\"article:publisher\" content=\"https:\/\/www.facebook.com\/buletin.de.buc\" \/>\n<meta property=\"article:published_time\" content=\"2023-09-21T03:07:14+00:00\" \/>\n<meta property=\"og:image\" content=\"https:\/\/buletin.de\/bucuresti\/wp-content\/uploads\/308563494_1906199539577920_3123881670518219622_n-1.jpeg\" \/>\n\t<meta property=\"og:image:width\" content=\"2000\" \/>\n\t<meta property=\"og:image:height\" content=\"1125\" \/>\n\t<meta property=\"og:image:type\" content=\"image\/jpeg\" \/>\n<meta name=\"author\" content=\"Diana Matei\" \/>\n<meta name=\"twitter:card\" content=\"summary_large_image\" \/>\n<meta name=\"twitter:label1\" content=\"Written by\" \/>\n\t<meta name=\"twitter:data1\" content=\"Diana Matei\" \/>\n\t<meta name=\"twitter:label2\" content=\"Estimated reading time\" \/>\n\t<meta name=\"twitter:data2\" content=\"2 minutes\" \/>\n<script type=\"application\/ld+json\" class=\"yoast-schema-graph\">{\"@context\":\"https:\\\/\\\/schema.org\",\"@graph\":[{\"@type\":\"Article\",\"@id\":\"https:\\\/\\\/buletin.de\\\/bucuresti\\\/asia-fest-la-arena-nationala-timp-de-trei-zile\\\/#article\",\"isPartOf\":{\"@id\":\"https:\\\/\\\/buletin.de\\\/bucuresti\\\/asia-fest-la-arena-nationala-timp-de-trei-zile\\\/\"},\"author\":{\"name\":\"Diana Matei\",\"@id\":\"https:\\\/\\\/buletin.de\\\/bucuresti\\\/#\\\/schema\\\/person\\\/7e46040573290777280a0835d81ea4ea\"},\"headline\":\"Asia Fest la Arena Na\u021bional\u0103, timp de trei zile\",\"datePublished\":\"2023-09-21T03:07:14+00:00\",\"mainEntityOfPage\":{\"@id\":\"https:\\\/\\\/buletin.de\\\/bucuresti\\\/asia-fest-la-arena-nationala-timp-de-trei-zile\\\/\"},\"wordCount\":238,\"publisher\":{\"@id\":\"https:\\\/\\\/buletin.de\\\/bucuresti\\\/#organization\"},\"image\":{\"@id\":\"https:\\\/\\\/buletin.de\\\/bucuresti\\\/asia-fest-la-arena-nationala-timp-de-trei-zile\\\/#primaryimage\"},\"thumbnailUrl\":\"https:\\\/\\\/buletin.de\\\/bucuresti\\\/wp-content\\\/uploads\\\/308563494_1906199539577920_3123881670518219622_n-1.jpeg\",\"keywords\":[\"arena nationala\",\"asia fest\",\"primaria sector 2\"],\"articleSection\":[\"\u0218tiri\"],\"inLanguage\":\"en-GB\",\"copyrightYear\":\"2023\",\"copyrightHolder\":{\"@id\":\"https:\\\/\\\/buletin.de\\\/bucuresti\\\/#organization\"}},{\"@type\":\"WebPage\",\"@id\":\"https:\\\/\\\/buletin.de\\\/bucuresti\\\/asia-fest-la-arena-nationala-timp-de-trei-zile\\\/\",\"url\":\"https:\\\/\\\/buletin.de\\\/bucuresti\\\/asia-fest-la-arena-nationala-timp-de-trei-zile\\\/\",\"name\":\"Asia Fest la Arena Na\u021bional\u0103, timp de trei zile - Buletin de Bucure\u0219ti\",\"isPartOf\":{\"@id\":\"https:\\\/\\\/buletin.de\\\/bucuresti\\\/#website\"},\"primaryImageOfPage\":{\"@id\":\"https:\\\/\\\/buletin.de\\\/bucuresti\\\/asia-fest-la-arena-nationala-timp-de-trei-zile\\\/#primaryimage\"},\"image\":{\"@id\":\"https:\\\/\\\/buletin.de\\\/bucuresti\\\/asia-fest-la-arena-nationala-timp-de-trei-zile\\\/#primaryimage\"},\"thumbnailUrl\":\"https:\\\/\\\/buletin.de\\\/bucuresti\\\/wp-content\\\/uploads\\\/308563494_1906199539577920_3123881670518219622_n-1.jpeg\",\"datePublished\":\"2023-09-21T03:07:14+00:00\",\"breadcrumb\":{\"@id\":\"https:\\\/\\\/buletin.de\\\/bucuresti\\\/asia-fest-la-arena-nationala-timp-de-trei-zile\\\/#breadcrumb\"},\"inLanguage\":\"en-GB\",\"potentialAction\":[{\"@type\":\"ReadAction\",\"target\":[\"https:\\\/\\\/buletin.de\\\/bucuresti\\\/asia-fest-la-arena-nationala-timp-de-trei-zile\\\/\"]}]},{\"@type\":\"ImageObject\",\"inLanguage\":\"en-GB\",\"@id\":\"https:\\\/\\\/buletin.de\\\/bucuresti\\\/asia-fest-la-arena-nationala-timp-de-trei-zile\\\/#primaryimage\",\"url\":\"https:\\\/\\\/buletin.de\\\/bucuresti\\\/wp-content\\\/uploads\\\/308563494_1906199539577920_3123881670518219622_n-1.jpeg\",\"contentUrl\":\"https:\\\/\\\/buletin.de\\\/bucuresti\\\/wp-content\\\/uploads\\\/308563494_1906199539577920_3123881670518219622_n-1.jpeg\",\"width\":2000,\"height\":1125},{\"@type\":\"BreadcrumbList\",\"@id\":\"https:\\\/\\\/buletin.de\\\/bucuresti\\\/asia-fest-la-arena-nationala-timp-de-trei-zile\\\/#breadcrumb\",\"itemListElement\":[{\"@type\":\"ListItem\",\"position\":1,\"name\":\"Acas\u0103\",\"item\":\"https:\\\/\\\/buletin.de\\\/bucuresti\\\/\"},{\"@type\":\"ListItem\",\"position\":2,\"name\":\"Asia Fest la Arena Na\u021bional\u0103, timp de trei zile\"}]},{\"@type\":\"WebSite\",\"@id\":\"https:\\\/\\\/buletin.de\\\/bucuresti\\\/#website\",\"url\":\"https:\\\/\\\/buletin.de\\\/bucuresti\\\/\",\"name\":\"Buletin de Bucure\u0219ti\",\"description\":\"\u0218tiri \u0219i investiga\u021bii esen\u021biale din capital\u0103\",\"publisher\":{\"@id\":\"https:\\\/\\\/buletin.de\\\/bucuresti\\\/#organization\"},\"potentialAction\":[{\"@type\":\"SearchAction\",\"target\":{\"@type\":\"EntryPoint\",\"urlTemplate\":\"https:\\\/\\\/buletin.de\\\/bucuresti\\\/?s={search_term_string}\"},\"query-input\":{\"@type\":\"PropertyValueSpecification\",\"valueRequired\":true,\"valueName\":\"search_term_string\"}}],\"inLanguage\":\"en-GB\"},{\"@type\":\"Organization\",\"@id\":\"https:\\\/\\\/buletin.de\\\/bucuresti\\\/#organization\",\"name\":\"Buletin de Bucure\u0219ti\",\"url\":\"https:\\\/\\\/buletin.de\\\/bucuresti\\\/\",\"logo\":{\"@type\":\"ImageObject\",\"inLanguage\":\"en-GB\",\"@id\":\"https:\\\/\\\/buletin.de\\\/bucuresti\\\/#\\\/schema\\\/logo\\\/image\\\/\",\"url\":\"https:\\\/\\\/buletin.de\\\/bucuresti\\\/wp-content\\\/uploads\\\/logo-bdb-full-wide-vernil-transparent.png\",\"contentUrl\":\"https:\\\/\\\/buletin.de\\\/bucuresti\\\/wp-content\\\/uploads\\\/logo-bdb-full-wide-vernil-transparent.png\",\"width\":1782,\"height\":626,\"caption\":\"Buletin de Bucure\u0219ti\"},\"image\":{\"@id\":\"https:\\\/\\\/buletin.de\\\/bucuresti\\\/#\\\/schema\\\/logo\\\/image\\\/\"},\"sameAs\":[\"https:\\\/\\\/www.facebook.com\\\/buletin.de.buc\",\"https:\\\/\\\/www.instagram.com\\\/buletinde.bucuresti\\\/\"]},{\"@type\":\"Person\",\"@id\":\"https:\\\/\\\/buletin.de\\\/bucuresti\\\/#\\\/schema\\\/person\\\/7e46040573290777280a0835d81ea4ea\",\"name\":\"Diana Matei\",\"image\":{\"@type\":\"ImageObject\",\"inLanguage\":\"en-GB\",\"@id\":\"https:\\\/\\\/buletin.de\\\/bucuresti\\\/wp-content\\\/uploads\\\/9-2-96x96.jpg1e8590b30871d70e62ebcdaf2eff570c\",\"url\":\"https:\\\/\\\/buletin.de\\\/bucuresti\\\/wp-content\\\/uploads\\\/9-2-96x96.jpg\",\"contentUrl\":\"https:\\\/\\\/buletin.de\\\/bucuresti\\\/wp-content\\\/uploads\\\/9-2-96x96.jpg\",\"caption\":\"Diana Matei\"},\"url\":\"https:\\\/\\\/buletin.de\\\/bucuresti\\\/author\\\/dianamatei\\\/\"}]}<\/script>\n<!-- \/ Yoast SEO Premium plugin. -->","yoast_head_json":{"title":"Asia Fest la Arena Na\u021bional\u0103, timp de trei zile - Buletin de Bucure\u0219ti","robots":{"index":"index","follow":"follow","max-snippet":"max-snippet:-1","max-image-preview":"max-image-preview:large","max-video-preview":"max-video-preview:-1"},"canonical":"https:\/\/buletin.de\/bucuresti\/asia-fest-la-arena-nationala-timp-de-trei-zile\/","og_locale":"en_GB","og_type":"article","og_title":"Asia Fest la Arena Na\u021bional\u0103, timp de trei zile","og_description":"Asia Fest, festivalul care promoveaz\u0103 cultura \u0219i tradi\u021biile orientale, revine cu o nou\u0103 edi\u021bie. Evenimentul va avea loc \u00eentre&nbsp;22-24 septembrie \u00een zona exterioar\u0103 a Arenei Na\u021bionale Bucure\u0219ti, cu acces din Strada Maior Coravu. Edi\u021bia din acest an va g\u0103zdui un concert sus\u021binut de artistul japonez MI Ishihara Takamasa, cunoscut sub numele de scen\u0103&nbsp;MIYAVI. Recitatul va [&hellip;]","og_url":"https:\/\/buletin.de\/bucuresti\/asia-fest-la-arena-nationala-timp-de-trei-zile\/","og_site_name":"Buletin de Bucure\u0219ti","article_publisher":"https:\/\/www.facebook.com\/buletin.de.buc","article_published_time":"2023-09-21T03:07:14+00:00","og_image":[{"width":2000,"height":1125,"url":"https:\/\/buletin.de\/bucuresti\/wp-content\/uploads\/308563494_1906199539577920_3123881670518219622_n-1.jpeg","type":"image\/jpeg"}],"author":"Diana Matei","twitter_card":"summary_large_image","twitter_misc":{"Written by":"Diana Matei","Estimated reading time":"2 minutes"},"schema":{"@context":"https:\/\/schema.org","@graph":[{"@type":"Article","@id":"https:\/\/buletin.de\/bucuresti\/asia-fest-la-arena-nationala-timp-de-trei-zile\/#article","isPartOf":{"@id":"https:\/\/buletin.de\/bucuresti\/asia-fest-la-arena-nationala-timp-de-trei-zile\/"},"author":{"name":"Diana Matei","@id":"https:\/\/buletin.de\/bucuresti\/#\/schema\/person\/7e46040573290777280a0835d81ea4ea"},"headline":"Asia Fest la Arena Na\u021bional\u0103, timp de trei zile","datePublished":"2023-09-21T03:07:14+00:00","mainEntityOfPage":{"@id":"https:\/\/buletin.de\/bucuresti\/asia-fest-la-arena-nationala-timp-de-trei-zile\/"},"wordCount":238,"publisher":{"@id":"https:\/\/buletin.de\/bucuresti\/#organization"},"image":{"@id":"https:\/\/buletin.de\/bucuresti\/asia-fest-la-arena-nationala-timp-de-trei-zile\/#primaryimage"},"thumbnailUrl":"https:\/\/buletin.de\/bucuresti\/wp-content\/uploads\/308563494_1906199539577920_3123881670518219622_n-1.jpeg","keywords":["arena nationala","asia fest","primaria sector 2"],"articleSection":["\u0218tiri"],"inLanguage":"en-GB","copyrightYear":"2023","copyrightHolder":{"@id":"https:\/\/buletin.de\/bucuresti\/#organization"}},{"@type":"WebPage","@id":"https:\/\/buletin.de\/bucuresti\/asia-fest-la-arena-nationala-timp-de-trei-zile\/","url":"https:\/\/buletin.de\/bucuresti\/asia-fest-la-arena-nationala-timp-de-trei-zile\/","name":"Asia Fest la Arena Na\u021bional\u0103, timp de trei zile - Buletin de Bucure\u0219ti","isPartOf":{"@id":"https:\/\/buletin.de\/bucuresti\/#website"},"primaryImageOfPage":{"@id":"https:\/\/buletin.de\/bucuresti\/asia-fest-la-arena-nationala-timp-de-trei-zile\/#primaryimage"},"image":{"@id":"https:\/\/buletin.de\/bucuresti\/asia-fest-la-arena-nationala-timp-de-trei-zile\/#primaryimage"},"thumbnailUrl":"https:\/\/buletin.de\/bucuresti\/wp-content\/uploads\/308563494_1906199539577920_3123881670518219622_n-1.jpeg","datePublished":"2023-09-21T03:07:14+00:00","breadcrumb":{"@id":"https:\/\/buletin.de\/bucuresti\/asia-fest-la-arena-nationala-timp-de-trei-zile\/#breadcrumb"},"inLanguage":"en-GB","potentialAction":[{"@type":"ReadAction","target":["https:\/\/buletin.de\/bucuresti\/asia-fest-la-arena-nationala-timp-de-trei-zile\/"]}]},{"@type":"ImageObject","inLanguage":"en-GB","@id":"https:\/\/buletin.de\/bucuresti\/asia-fest-la-arena-nationala-timp-de-trei-zile\/#primaryimage","url":"https:\/\/buletin.de\/bucuresti\/wp-content\/uploads\/308563494_1906199539577920_3123881670518219622_n-1.jpeg","contentUrl":"https:\/\/buletin.de\/bucuresti\/wp-content\/uploads\/308563494_1906199539577920_3123881670518219622_n-1.jpeg","width":2000,"height":1125},{"@type":"BreadcrumbList","@id":"https:\/\/buletin.de\/bucuresti\/asia-fest-la-arena-nationala-timp-de-trei-zile\/#breadcrumb","itemListElement":[{"@type":"ListItem","position":1,"name":"Acas\u0103","item":"https:\/\/buletin.de\/bucuresti\/"},{"@type":"ListItem","position":2,"name":"Asia Fest la Arena Na\u021bional\u0103, timp de trei zile"}]},{"@type":"WebSite","@id":"https:\/\/buletin.de\/bucuresti\/#website","url":"https:\/\/buletin.de\/bucuresti\/","name":"Buletin de Bucure\u0219ti","description":"\u0218tiri \u0219i investiga\u021bii esen\u021biale din capital\u0103","publisher":{"@id":"https:\/\/buletin.de\/bucuresti\/#organization"},"potentialAction":[{"@type":"SearchAction","target":{"@type":"EntryPoint","urlTemplate":"https:\/\/buletin.de\/bucuresti\/?s={search_term_string}"},"query-input":{"@type":"PropertyValueSpecification","valueRequired":true,"valueName":"search_term_string"}}],"inLanguage":"en-GB"},{"@type":"Organization","@id":"https:\/\/buletin.de\/bucuresti\/#organization","name":"Buletin de Bucure\u0219ti","url":"https:\/\/buletin.de\/bucuresti\/","logo":{"@type":"ImageObject","inLanguage":"en-GB","@id":"https:\/\/buletin.de\/bucuresti\/#\/schema\/logo\/image\/","url":"https:\/\/buletin.de\/bucuresti\/wp-content\/uploads\/logo-bdb-full-wide-vernil-transparent.png","contentUrl":"https:\/\/buletin.de\/bucuresti\/wp-content\/uploads\/logo-bdb-full-wide-vernil-transparent.png","width":1782,"height":626,"caption":"Buletin de Bucure\u0219ti"},"image":{"@id":"https:\/\/buletin.de\/bucuresti\/#\/schema\/logo\/image\/"},"sameAs":["https:\/\/www.facebook.com\/buletin.de.buc","https:\/\/www.instagram.com\/buletinde.bucuresti\/"]},{"@type":"Person","@id":"https:\/\/buletin.de\/bucuresti\/#\/schema\/person\/7e46040573290777280a0835d81ea4ea","name":"Diana Matei","image":{"@type":"ImageObject","inLanguage":"en-GB","@id":"https:\/\/buletin.de\/bucuresti\/wp-content\/uploads\/9-2-96x96.jpg1e8590b30871d70e62ebcdaf2eff570c","url":"https:\/\/buletin.de\/bucuresti\/wp-content\/uploads\/9-2-96x96.jpg","contentUrl":"https:\/\/buletin.de\/bucuresti\/wp-content\/uploads\/9-2-96x96.jpg","caption":"Diana Matei"},"url":"https:\/\/buletin.de\/bucuresti\/author\/dianamatei\/"}]}},"authors":[{"term_id":22574,"user_id":49,"is_guest":0,"slug":"dianamatei","display_name":"Diana Matei","avatar_url":"https:\/\/buletin.de\/bucuresti\/wp-content\/uploads\/9-2-96x96.jpg","0":null,"1":"","2":"","3":"","4":"","5":"","6":"","7":"","8":""}],"_links":{"self":[{"href":"https:\/\/buletin.de\/bucuresti\/wp-json\/wp\/v2\/posts\/64960","targetHints":{"allow":["GET"]}}],"collection":[{"href":"https:\/\/buletin.de\/bucuresti\/wp-json\/wp\/v2\/posts"}],"about":[{"href":"https:\/\/buletin.de\/bucuresti\/wp-json\/wp\/v2\/types\/post"}],"author":[{"embeddable":true,"href":"https:\/\/buletin.de\/bucuresti\/wp-json\/wp\/v2\/users\/49"}],"replies":[{"embeddable":true,"href":"https:\/\/buletin.de\/bucuresti\/wp-json\/wp\/v2\/comments?post=64960"}],"version-history":[{"count":1,"href":"https:\/\/buletin.de\/bucuresti\/wp-json\/wp\/v2\/posts\/64960\/revisions"}],"predecessor-version":[{"id":64973,"href":"https:\/\/buletin.de\/bucuresti\/wp-json\/wp\/v2\/posts\/64960\/revisions\/64973"}],"wp:featuredmedia":[{"embeddable":true,"href":"https:\/\/buletin.de\/bucuresti\/wp-json\/wp\/v2\/media\/64961"}],"wp:attachment":[{"href":"https:\/\/buletin.de\/bucuresti\/wp-json\/wp\/v2\/media?parent=64960"}],"wp:term":[{"taxonomy":"category","embeddable":true,"href":"https:\/\/buletin.de\/bucuresti\/wp-json\/wp\/v2\/categories?post=64960"},{"taxonomy":"post_tag","embeddable":true,"href":"https:\/\/buletin.de\/bucuresti\/wp-json\/wp\/v2\/tags?post=64960"},{"taxonomy":"author","embeddable":true,"href":"https:\/\/buletin.de\/bucuresti\/wp-json\/wp\/v2\/ppma_author?post=64960"}],"curies":[{"name":"wp","href":"https:\/\/api.w.org\/{rel}","templated":true}]}}