{"id":64950,"date":"2023-09-20T15:32:18","date_gmt":"2023-09-20T13:32:18","guid":{"rendered":"https:\/\/buletin.de\/bucuresti\/?p=64950"},"modified":"2023-09-21T10:08:12","modified_gmt":"2023-09-21T08:08:12","slug":"largirea-la-patru-benzi-a-prelungirii-ghencea-in-linie-dreapta-contractul-de-executie-poate-fi-semnat","status":"publish","type":"post","link":"https:\/\/buletin.de\/bucuresti\/largirea-la-patru-benzi-a-prelungirii-ghencea-in-linie-dreapta-contractul-de-executie-poate-fi-semnat\/","title":{"rendered":"L\u0103rgirea la patru benzi a Prelungirii Ghencea, \u00een linie dreapt\u0103. Contractul de execu\u021bie poate fi semnat"},"content":{"rendered":"\n<p><strong>Contractul pentru supral\u0103rgirea Prelungirii Ghencea \u00eentre Cartierul Latin \u015fi Pasajul Domne\u0219ti poate fi semnat, anun<strong>\u021b\u0103<\/strong> secretarul de stat, Ionel Scrio\u0219teanu. \u00cen termenul legal de 10 zile, nu au fost depuse contesta\u021bii la procedura de atribuire a contractului. <\/strong><\/p>\n\n\n\n<p>Tronsonul de drum a fost preluat de Compania <a href=\"https:\/\/www.facebook.com\/hashtag\/cnair?__eep__=6&amp;__cft__[0]=AZU3c-SRqAZKC2fn2UTPZ-PFNyTN_YMEVame_R_579-X4K5Gq5UbT8HUlssmS0FwKI-zuLU7nXrLn28R71RbaIE-6soN_wc-7_4bzMfnZimO8-I7AmkkoFes0YQC_LDF3paD5b76epiB_Mq189UU0mm7FiWrAFCUpRkHCYj_ub0LPxepQ4hn90fROyq-u4h2TKk&amp;__tn__=*NK-R\"><\/a>Na\u021bional\u0103 de Administrare a Infrastructurii Rutiere. Astfel,  CNAIR poate semna contractul, dup\u0103 aducerea documentelor solicitate de c\u0103tre c\u00e2\u0219tig\u0103torul Asocierea TRACON S.R.L. \u2013 ACVATOT S.R.L. Este vorba despre acela\u0219i constructor care a finalizat Pasajul Domne\u0219ti. <\/p>\n\n\n\n<p>Valoarea contractului este de 41,91 milioane lei, f\u0103r\u0103 TVA, iar sursa de finan\u021bare este din fonduri externe nerambursabile. Durata contractului este de 12 luni, din care 2 luni perioada de proiectare \u0219i 10 luni perioada de execu\u021bie a lucr\u0103rilor.<\/p>\n\n\n\n<p><strong>Proiectul prevede:<\/strong><\/p>\n\n\n\n<ul class=\"wp-block-list\">\n<li>l\u0103rgirea la 4 benzi a str\u0103zii Prelungirea Ghencea, \u00eentre strada M\u0103r\u0103cineni \u0219i Pasajul Domne\u0219ti; precum \u0219i conexiunea cu infrastructura existent\u0103 (pasajul Domne\u0219ti);<\/li>\n\n\n\n<li>realizarea pistelor pentru biciclete;<\/li>\n\n\n\n<li>amenajarea trotuarelor pe ambele p\u0103r\u021bi ale drumului, cu l\u0103\u021bimea de 3 m \u0219i piste de biciclete cu l\u0103\u021bimea de 1,5 m;<\/li>\n\n\n\n<li>modernizarea sistemului de iluminat;<\/li>\n\n\n\n<li>realizarea sistemului de canalizare pluvial\u0103;<\/li>\n\n\n\n<li>amenajarea a 2 sta\u021bii de autobuz;<\/li>\n\n\n\n<li>amenajarea unei zone median\u0103 2 x 4 m, pentru dezvoltarea ulterioar\u0103 cu cale dubl\u0103 de tramvai printr-o investi\u021bie viitoare a Prim\u0103riei Municipiului Bucure\u0219ti.<\/li>\n<\/ul>\n\n\n\n<p>De asemenea, se vor amenaja intersec\u021bii semaforizate:<\/p>\n\n\n\n<ul class=\"wp-block-list\">\n<li>intersec\u021bia dintre Prelungirea Ghencea &#8211; Acces Cartierul Latin (km 4+710);<\/li>\n\n\n\n<li>intersec\u021bia dintre Prelungirea Ghencea &#8211; Accese (km 4+850);<\/li>\n\n\n\n<li>trecerea de pietoni pe Prelungirea Ghencea (km 5+220).<\/li>\n<\/ul>\n\n\n\n<p>Proiectul<em>&nbsp;\u201ePenetra\u021bie Prelungire Ghencea \u2013 Domne\u0219ti \u0219i Supral\u0103rgire Bulevardul<\/em>&nbsp;<em>Ghencea\u201d<\/em>, la fel ca Pasajul Doamna Ghica, a fost una dintre promisiunile candida\u021bilor la fotoliul de edil din campania electoral\u0103 din 2016.<\/p>\n\n\n\n<p>Bulevardul Prelungirea Ghencea urma s\u0103 fie l\u0103rgit pe \u00eentreaga distan\u021b\u0103 la dou\u0103 benzi pe sens \u0219i trei benzi \u00een zona intersec\u021biilor, cu semaforizarea tronsonului \u0219i o cale dubl\u0103 de tramvai \u00eentre Strada Bra\u0219ov \u0219i Centura Bucure\u0219ti, potrivit proiectului.<\/p>\n\n\n\n<p>La 7 iulie, exproprierile nu erau \u00eenc\u0103 finalizate. La fel ca \u00een cazul Pasajului Doamna Ghica, Prim\u0103ria de Sector pe raza c\u0103reia se afl\u0103 proiectul a intervenit cu sprijin financiar. \u00cen acest caz, Sectorul 6 a pus o parte din bani \u00eenc\u0103 de anul trecut, 10 milioane de lei.<\/p>\n\n\n\n<p>Traseul sectorului de drum se afl\u0103 pe teritoriul administrativ al Municipiului Bucure\u0219ti (Sectorul 6) \u0219i al jude\u021bului Ilfov (Bragadiru \u0219i Clinceni) \u0219i este cuprins \u00eentre strada M\u0103r\u0103cineni \u0219i Pasajul Domne\u0219ti.<\/p>\n\n\n\n<p><\/p>\n","protected":false},"excerpt":{"rendered":"<p>Contractul pentru supral\u0103rgirea Prelungirii Ghencea \u00eentre Cartierul Latin \u015fi Pasajul Domne\u0219ti poate fi semnat, anun\u021b\u0103 secretarul de stat, Ionel Scrio\u0219teanu. \u00cen termenul legal de 10 zile, nu au fost depuse contesta\u021bii la procedura de atribuire a contractului. Tronsonul de drum a fost preluat de Compania Na\u021bional\u0103 de Administrare a Infrastructurii Rutiere. Astfel, CNAIR poate semna [&hellip;]<\/p>\n","protected":false},"author":49,"featured_media":64951,"comment_status":"closed","ping_status":"open","sticky":false,"template":"","format":"standard","meta":{"_acf_changed":false,"inline_featured_image":false,"ngg_post_thumbnail":0,"footnotes":""},"categories":[6994,650],"tags":[1238,820,1480,1345,1948],"ppma_author":[22574],"class_list":["post-64950","post","type-post","status-publish","format-standard","has-post-thumbnail","hentry","category-stiri-2","category-transport","tag-cnair","tag-ilfov","tag-ionel-scriosteanu","tag-prelungirea-ghencea","tag-sectorul-6"],"acf":[],"yoast_head":"<!-- This site is optimized with the Yoast SEO Premium plugin v25.3 (Yoast SEO v27.4) - https:\/\/yoast.com\/product\/yoast-seo-premium-wordpress\/ -->\n<title>L\u0103rgirea la patru benzi a Prelungirii Ghencea, \u00een linie dreapt\u0103. Contractul de execu\u021bie poate fi semnat - Buletin de Bucure\u0219ti<\/title>\n<meta name=\"robots\" content=\"index, follow, max-snippet:-1, max-image-preview:large, max-video-preview:-1\" \/>\n<link rel=\"canonical\" href=\"https:\/\/buletin.de\/bucuresti\/largirea-la-patru-benzi-a-prelungirii-ghencea-in-linie-dreapta-contractul-de-executie-poate-fi-semnat\/\" \/>\n<meta property=\"og:locale\" content=\"en_GB\" \/>\n<meta property=\"og:type\" content=\"article\" \/>\n<meta property=\"og:title\" content=\"L\u0103rgirea la patru benzi a Prelungirii Ghencea, \u00een linie dreapt\u0103. Contractul de execu\u021bie poate fi semnat\" \/>\n<meta property=\"og:description\" content=\"Contractul pentru supral\u0103rgirea Prelungirii Ghencea \u00eentre Cartierul Latin \u015fi Pasajul Domne\u0219ti poate fi semnat, anun\u021b\u0103 secretarul de stat, Ionel Scrio\u0219teanu. \u00cen termenul legal de 10 zile, nu au fost depuse contesta\u021bii la procedura de atribuire a contractului. Tronsonul de drum a fost preluat de Compania Na\u021bional\u0103 de Administrare a Infrastructurii Rutiere. Astfel, CNAIR poate semna [&hellip;]\" \/>\n<meta property=\"og:url\" content=\"https:\/\/buletin.de\/bucuresti\/largirea-la-patru-benzi-a-prelungirii-ghencea-in-linie-dreapta-contractul-de-executie-poate-fi-semnat\/\" \/>\n<meta property=\"og:site_name\" content=\"Buletin de Bucure\u0219ti\" \/>\n<meta property=\"article:publisher\" content=\"https:\/\/www.facebook.com\/buletin.de.buc\" \/>\n<meta property=\"article:published_time\" content=\"2023-09-20T13:32:18+00:00\" \/>\n<meta property=\"article:modified_time\" content=\"2023-09-21T08:08:12+00:00\" \/>\n<meta property=\"og:image\" content=\"https:\/\/buletin.de\/bucuresti\/wp-content\/uploads\/prelungirea-ghencea-1.jpeg\" \/>\n\t<meta property=\"og:image:width\" content=\"1284\" \/>\n\t<meta property=\"og:image:height\" content=\"723\" \/>\n\t<meta property=\"og:image:type\" content=\"image\/jpeg\" \/>\n<meta name=\"author\" content=\"Diana Matei\" \/>\n<meta name=\"twitter:card\" content=\"summary_large_image\" \/>\n<meta name=\"twitter:label1\" content=\"Written by\" \/>\n\t<meta name=\"twitter:data1\" content=\"Diana Matei\" \/>\n\t<meta name=\"twitter:label2\" content=\"Estimated reading time\" \/>\n\t<meta name=\"twitter:data2\" content=\"2 minutes\" \/>\n<script type=\"application\/ld+json\" class=\"yoast-schema-graph\">{\"@context\":\"https:\\\/\\\/schema.org\",\"@graph\":[{\"@type\":\"Article\",\"@id\":\"https:\\\/\\\/buletin.de\\\/bucuresti\\\/largirea-la-patru-benzi-a-prelungirii-ghencea-in-linie-dreapta-contractul-de-executie-poate-fi-semnat\\\/#article\",\"isPartOf\":{\"@id\":\"https:\\\/\\\/buletin.de\\\/bucuresti\\\/largirea-la-patru-benzi-a-prelungirii-ghencea-in-linie-dreapta-contractul-de-executie-poate-fi-semnat\\\/\"},\"author\":{\"name\":\"Diana Matei\",\"@id\":\"https:\\\/\\\/buletin.de\\\/bucuresti\\\/#\\\/schema\\\/person\\\/7e46040573290777280a0835d81ea4ea\"},\"headline\":\"L\u0103rgirea la patru benzi a Prelungirii Ghencea, \u00een linie dreapt\u0103. Contractul de execu\u021bie poate fi semnat\",\"datePublished\":\"2023-09-20T13:32:18+00:00\",\"dateModified\":\"2023-09-21T08:08:12+00:00\",\"mainEntityOfPage\":{\"@id\":\"https:\\\/\\\/buletin.de\\\/bucuresti\\\/largirea-la-patru-benzi-a-prelungirii-ghencea-in-linie-dreapta-contractul-de-executie-poate-fi-semnat\\\/\"},\"wordCount\":435,\"publisher\":{\"@id\":\"https:\\\/\\\/buletin.de\\\/bucuresti\\\/#organization\"},\"image\":{\"@id\":\"https:\\\/\\\/buletin.de\\\/bucuresti\\\/largirea-la-patru-benzi-a-prelungirii-ghencea-in-linie-dreapta-contractul-de-executie-poate-fi-semnat\\\/#primaryimage\"},\"thumbnailUrl\":\"https:\\\/\\\/buletin.de\\\/bucuresti\\\/wp-content\\\/uploads\\\/prelungirea-ghencea-1.jpeg\",\"keywords\":[\"cnair\",\"Ilfov\",\"ionel scriosteanu\",\"prelungirea ghencea\",\"sectorul 6\"],\"articleSection\":[\"Articole\",\"Transport\"],\"inLanguage\":\"en-GB\",\"copyrightYear\":\"2023\",\"copyrightHolder\":{\"@id\":\"https:\\\/\\\/buletin.de\\\/bucuresti\\\/#organization\"}},{\"@type\":\"WebPage\",\"@id\":\"https:\\\/\\\/buletin.de\\\/bucuresti\\\/largirea-la-patru-benzi-a-prelungirii-ghencea-in-linie-dreapta-contractul-de-executie-poate-fi-semnat\\\/\",\"url\":\"https:\\\/\\\/buletin.de\\\/bucuresti\\\/largirea-la-patru-benzi-a-prelungirii-ghencea-in-linie-dreapta-contractul-de-executie-poate-fi-semnat\\\/\",\"name\":\"L\u0103rgirea la patru benzi a Prelungirii Ghencea, \u00een linie dreapt\u0103. Contractul de execu\u021bie poate fi semnat - Buletin de Bucure\u0219ti\",\"isPartOf\":{\"@id\":\"https:\\\/\\\/buletin.de\\\/bucuresti\\\/#website\"},\"primaryImageOfPage\":{\"@id\":\"https:\\\/\\\/buletin.de\\\/bucuresti\\\/largirea-la-patru-benzi-a-prelungirii-ghencea-in-linie-dreapta-contractul-de-executie-poate-fi-semnat\\\/#primaryimage\"},\"image\":{\"@id\":\"https:\\\/\\\/buletin.de\\\/bucuresti\\\/largirea-la-patru-benzi-a-prelungirii-ghencea-in-linie-dreapta-contractul-de-executie-poate-fi-semnat\\\/#primaryimage\"},\"thumbnailUrl\":\"https:\\\/\\\/buletin.de\\\/bucuresti\\\/wp-content\\\/uploads\\\/prelungirea-ghencea-1.jpeg\",\"datePublished\":\"2023-09-20T13:32:18+00:00\",\"dateModified\":\"2023-09-21T08:08:12+00:00\",\"breadcrumb\":{\"@id\":\"https:\\\/\\\/buletin.de\\\/bucuresti\\\/largirea-la-patru-benzi-a-prelungirii-ghencea-in-linie-dreapta-contractul-de-executie-poate-fi-semnat\\\/#breadcrumb\"},\"inLanguage\":\"en-GB\",\"potentialAction\":[{\"@type\":\"ReadAction\",\"target\":[\"https:\\\/\\\/buletin.de\\\/bucuresti\\\/largirea-la-patru-benzi-a-prelungirii-ghencea-in-linie-dreapta-contractul-de-executie-poate-fi-semnat\\\/\"]}]},{\"@type\":\"ImageObject\",\"inLanguage\":\"en-GB\",\"@id\":\"https:\\\/\\\/buletin.de\\\/bucuresti\\\/largirea-la-patru-benzi-a-prelungirii-ghencea-in-linie-dreapta-contractul-de-executie-poate-fi-semnat\\\/#primaryimage\",\"url\":\"https:\\\/\\\/buletin.de\\\/bucuresti\\\/wp-content\\\/uploads\\\/prelungirea-ghencea-1.jpeg\",\"contentUrl\":\"https:\\\/\\\/buletin.de\\\/bucuresti\\\/wp-content\\\/uploads\\\/prelungirea-ghencea-1.jpeg\",\"width\":1284,\"height\":723},{\"@type\":\"BreadcrumbList\",\"@id\":\"https:\\\/\\\/buletin.de\\\/bucuresti\\\/largirea-la-patru-benzi-a-prelungirii-ghencea-in-linie-dreapta-contractul-de-executie-poate-fi-semnat\\\/#breadcrumb\",\"itemListElement\":[{\"@type\":\"ListItem\",\"position\":1,\"name\":\"Acas\u0103\",\"item\":\"https:\\\/\\\/buletin.de\\\/bucuresti\\\/\"},{\"@type\":\"ListItem\",\"position\":2,\"name\":\"L\u0103rgirea la patru benzi a Prelungirii Ghencea, \u00een linie dreapt\u0103. Contractul de execu\u021bie poate fi semnat\"}]},{\"@type\":\"WebSite\",\"@id\":\"https:\\\/\\\/buletin.de\\\/bucuresti\\\/#website\",\"url\":\"https:\\\/\\\/buletin.de\\\/bucuresti\\\/\",\"name\":\"Buletin de Bucure\u0219ti\",\"description\":\"\u0218tiri \u0219i investiga\u021bii esen\u021biale din capital\u0103\",\"publisher\":{\"@id\":\"https:\\\/\\\/buletin.de\\\/bucuresti\\\/#organization\"},\"potentialAction\":[{\"@type\":\"SearchAction\",\"target\":{\"@type\":\"EntryPoint\",\"urlTemplate\":\"https:\\\/\\\/buletin.de\\\/bucuresti\\\/?s={search_term_string}\"},\"query-input\":{\"@type\":\"PropertyValueSpecification\",\"valueRequired\":true,\"valueName\":\"search_term_string\"}}],\"inLanguage\":\"en-GB\"},{\"@type\":\"Organization\",\"@id\":\"https:\\\/\\\/buletin.de\\\/bucuresti\\\/#organization\",\"name\":\"Buletin de Bucure\u0219ti\",\"url\":\"https:\\\/\\\/buletin.de\\\/bucuresti\\\/\",\"logo\":{\"@type\":\"ImageObject\",\"inLanguage\":\"en-GB\",\"@id\":\"https:\\\/\\\/buletin.de\\\/bucuresti\\\/#\\\/schema\\\/logo\\\/image\\\/\",\"url\":\"https:\\\/\\\/buletin.de\\\/bucuresti\\\/wp-content\\\/uploads\\\/logo-bdb-full-wide-vernil-transparent.png\",\"contentUrl\":\"https:\\\/\\\/buletin.de\\\/bucuresti\\\/wp-content\\\/uploads\\\/logo-bdb-full-wide-vernil-transparent.png\",\"width\":1782,\"height\":626,\"caption\":\"Buletin de Bucure\u0219ti\"},\"image\":{\"@id\":\"https:\\\/\\\/buletin.de\\\/bucuresti\\\/#\\\/schema\\\/logo\\\/image\\\/\"},\"sameAs\":[\"https:\\\/\\\/www.facebook.com\\\/buletin.de.buc\",\"https:\\\/\\\/www.instagram.com\\\/buletinde.bucuresti\\\/\"]},{\"@type\":\"Person\",\"@id\":\"https:\\\/\\\/buletin.de\\\/bucuresti\\\/#\\\/schema\\\/person\\\/7e46040573290777280a0835d81ea4ea\",\"name\":\"Diana Matei\",\"image\":{\"@type\":\"ImageObject\",\"inLanguage\":\"en-GB\",\"@id\":\"https:\\\/\\\/buletin.de\\\/bucuresti\\\/wp-content\\\/uploads\\\/9-2-96x96.jpg1e8590b30871d70e62ebcdaf2eff570c\",\"url\":\"https:\\\/\\\/buletin.de\\\/bucuresti\\\/wp-content\\\/uploads\\\/9-2-96x96.jpg\",\"contentUrl\":\"https:\\\/\\\/buletin.de\\\/bucuresti\\\/wp-content\\\/uploads\\\/9-2-96x96.jpg\",\"caption\":\"Diana Matei\"},\"url\":\"https:\\\/\\\/buletin.de\\\/bucuresti\\\/author\\\/dianamatei\\\/\"}]}<\/script>\n<!-- \/ Yoast SEO Premium plugin. -->","yoast_head_json":{"title":"L\u0103rgirea la patru benzi a Prelungirii Ghencea, \u00een linie dreapt\u0103. Contractul de execu\u021bie poate fi semnat - Buletin de Bucure\u0219ti","robots":{"index":"index","follow":"follow","max-snippet":"max-snippet:-1","max-image-preview":"max-image-preview:large","max-video-preview":"max-video-preview:-1"},"canonical":"https:\/\/buletin.de\/bucuresti\/largirea-la-patru-benzi-a-prelungirii-ghencea-in-linie-dreapta-contractul-de-executie-poate-fi-semnat\/","og_locale":"en_GB","og_type":"article","og_title":"L\u0103rgirea la patru benzi a Prelungirii Ghencea, \u00een linie dreapt\u0103. Contractul de execu\u021bie poate fi semnat","og_description":"Contractul pentru supral\u0103rgirea Prelungirii Ghencea \u00eentre Cartierul Latin \u015fi Pasajul Domne\u0219ti poate fi semnat, anun\u021b\u0103 secretarul de stat, Ionel Scrio\u0219teanu. \u00cen termenul legal de 10 zile, nu au fost depuse contesta\u021bii la procedura de atribuire a contractului. Tronsonul de drum a fost preluat de Compania Na\u021bional\u0103 de Administrare a Infrastructurii Rutiere. Astfel, CNAIR poate semna [&hellip;]","og_url":"https:\/\/buletin.de\/bucuresti\/largirea-la-patru-benzi-a-prelungirii-ghencea-in-linie-dreapta-contractul-de-executie-poate-fi-semnat\/","og_site_name":"Buletin de Bucure\u0219ti","article_publisher":"https:\/\/www.facebook.com\/buletin.de.buc","article_published_time":"2023-09-20T13:32:18+00:00","article_modified_time":"2023-09-21T08:08:12+00:00","og_image":[{"width":1284,"height":723,"url":"https:\/\/buletin.de\/bucuresti\/wp-content\/uploads\/prelungirea-ghencea-1.jpeg","type":"image\/jpeg"}],"author":"Diana Matei","twitter_card":"summary_large_image","twitter_misc":{"Written by":"Diana Matei","Estimated reading time":"2 minutes"},"schema":{"@context":"https:\/\/schema.org","@graph":[{"@type":"Article","@id":"https:\/\/buletin.de\/bucuresti\/largirea-la-patru-benzi-a-prelungirii-ghencea-in-linie-dreapta-contractul-de-executie-poate-fi-semnat\/#article","isPartOf":{"@id":"https:\/\/buletin.de\/bucuresti\/largirea-la-patru-benzi-a-prelungirii-ghencea-in-linie-dreapta-contractul-de-executie-poate-fi-semnat\/"},"author":{"name":"Diana Matei","@id":"https:\/\/buletin.de\/bucuresti\/#\/schema\/person\/7e46040573290777280a0835d81ea4ea"},"headline":"L\u0103rgirea la patru benzi a Prelungirii Ghencea, \u00een linie dreapt\u0103. Contractul de execu\u021bie poate fi semnat","datePublished":"2023-09-20T13:32:18+00:00","dateModified":"2023-09-21T08:08:12+00:00","mainEntityOfPage":{"@id":"https:\/\/buletin.de\/bucuresti\/largirea-la-patru-benzi-a-prelungirii-ghencea-in-linie-dreapta-contractul-de-executie-poate-fi-semnat\/"},"wordCount":435,"publisher":{"@id":"https:\/\/buletin.de\/bucuresti\/#organization"},"image":{"@id":"https:\/\/buletin.de\/bucuresti\/largirea-la-patru-benzi-a-prelungirii-ghencea-in-linie-dreapta-contractul-de-executie-poate-fi-semnat\/#primaryimage"},"thumbnailUrl":"https:\/\/buletin.de\/bucuresti\/wp-content\/uploads\/prelungirea-ghencea-1.jpeg","keywords":["cnair","Ilfov","ionel scriosteanu","prelungirea ghencea","sectorul 6"],"articleSection":["Articole","Transport"],"inLanguage":"en-GB","copyrightYear":"2023","copyrightHolder":{"@id":"https:\/\/buletin.de\/bucuresti\/#organization"}},{"@type":"WebPage","@id":"https:\/\/buletin.de\/bucuresti\/largirea-la-patru-benzi-a-prelungirii-ghencea-in-linie-dreapta-contractul-de-executie-poate-fi-semnat\/","url":"https:\/\/buletin.de\/bucuresti\/largirea-la-patru-benzi-a-prelungirii-ghencea-in-linie-dreapta-contractul-de-executie-poate-fi-semnat\/","name":"L\u0103rgirea la patru benzi a Prelungirii Ghencea, \u00een linie dreapt\u0103. Contractul de execu\u021bie poate fi semnat - Buletin de Bucure\u0219ti","isPartOf":{"@id":"https:\/\/buletin.de\/bucuresti\/#website"},"primaryImageOfPage":{"@id":"https:\/\/buletin.de\/bucuresti\/largirea-la-patru-benzi-a-prelungirii-ghencea-in-linie-dreapta-contractul-de-executie-poate-fi-semnat\/#primaryimage"},"image":{"@id":"https:\/\/buletin.de\/bucuresti\/largirea-la-patru-benzi-a-prelungirii-ghencea-in-linie-dreapta-contractul-de-executie-poate-fi-semnat\/#primaryimage"},"thumbnailUrl":"https:\/\/buletin.de\/bucuresti\/wp-content\/uploads\/prelungirea-ghencea-1.jpeg","datePublished":"2023-09-20T13:32:18+00:00","dateModified":"2023-09-21T08:08:12+00:00","breadcrumb":{"@id":"https:\/\/buletin.de\/bucuresti\/largirea-la-patru-benzi-a-prelungirii-ghencea-in-linie-dreapta-contractul-de-executie-poate-fi-semnat\/#breadcrumb"},"inLanguage":"en-GB","potentialAction":[{"@type":"ReadAction","target":["https:\/\/buletin.de\/bucuresti\/largirea-la-patru-benzi-a-prelungirii-ghencea-in-linie-dreapta-contractul-de-executie-poate-fi-semnat\/"]}]},{"@type":"ImageObject","inLanguage":"en-GB","@id":"https:\/\/buletin.de\/bucuresti\/largirea-la-patru-benzi-a-prelungirii-ghencea-in-linie-dreapta-contractul-de-executie-poate-fi-semnat\/#primaryimage","url":"https:\/\/buletin.de\/bucuresti\/wp-content\/uploads\/prelungirea-ghencea-1.jpeg","contentUrl":"https:\/\/buletin.de\/bucuresti\/wp-content\/uploads\/prelungirea-ghencea-1.jpeg","width":1284,"height":723},{"@type":"BreadcrumbList","@id":"https:\/\/buletin.de\/bucuresti\/largirea-la-patru-benzi-a-prelungirii-ghencea-in-linie-dreapta-contractul-de-executie-poate-fi-semnat\/#breadcrumb","itemListElement":[{"@type":"ListItem","position":1,"name":"Acas\u0103","item":"https:\/\/buletin.de\/bucuresti\/"},{"@type":"ListItem","position":2,"name":"L\u0103rgirea la patru benzi a Prelungirii Ghencea, \u00een linie dreapt\u0103. Contractul de execu\u021bie poate fi semnat"}]},{"@type":"WebSite","@id":"https:\/\/buletin.de\/bucuresti\/#website","url":"https:\/\/buletin.de\/bucuresti\/","name":"Buletin de Bucure\u0219ti","description":"\u0218tiri \u0219i investiga\u021bii esen\u021biale din capital\u0103","publisher":{"@id":"https:\/\/buletin.de\/bucuresti\/#organization"},"potentialAction":[{"@type":"SearchAction","target":{"@type":"EntryPoint","urlTemplate":"https:\/\/buletin.de\/bucuresti\/?s={search_term_string}"},"query-input":{"@type":"PropertyValueSpecification","valueRequired":true,"valueName":"search_term_string"}}],"inLanguage":"en-GB"},{"@type":"Organization","@id":"https:\/\/buletin.de\/bucuresti\/#organization","name":"Buletin de Bucure\u0219ti","url":"https:\/\/buletin.de\/bucuresti\/","logo":{"@type":"ImageObject","inLanguage":"en-GB","@id":"https:\/\/buletin.de\/bucuresti\/#\/schema\/logo\/image\/","url":"https:\/\/buletin.de\/bucuresti\/wp-content\/uploads\/logo-bdb-full-wide-vernil-transparent.png","contentUrl":"https:\/\/buletin.de\/bucuresti\/wp-content\/uploads\/logo-bdb-full-wide-vernil-transparent.png","width":1782,"height":626,"caption":"Buletin de Bucure\u0219ti"},"image":{"@id":"https:\/\/buletin.de\/bucuresti\/#\/schema\/logo\/image\/"},"sameAs":["https:\/\/www.facebook.com\/buletin.de.buc","https:\/\/www.instagram.com\/buletinde.bucuresti\/"]},{"@type":"Person","@id":"https:\/\/buletin.de\/bucuresti\/#\/schema\/person\/7e46040573290777280a0835d81ea4ea","name":"Diana Matei","image":{"@type":"ImageObject","inLanguage":"en-GB","@id":"https:\/\/buletin.de\/bucuresti\/wp-content\/uploads\/9-2-96x96.jpg1e8590b30871d70e62ebcdaf2eff570c","url":"https:\/\/buletin.de\/bucuresti\/wp-content\/uploads\/9-2-96x96.jpg","contentUrl":"https:\/\/buletin.de\/bucuresti\/wp-content\/uploads\/9-2-96x96.jpg","caption":"Diana Matei"},"url":"https:\/\/buletin.de\/bucuresti\/author\/dianamatei\/"}]}},"authors":[{"term_id":22574,"user_id":49,"is_guest":0,"slug":"dianamatei","display_name":"Diana Matei","avatar_url":"https:\/\/buletin.de\/bucuresti\/wp-content\/uploads\/9-2-96x96.jpg","0":null,"1":"","2":"","3":"","4":"","5":"","6":"","7":"","8":""}],"_links":{"self":[{"href":"https:\/\/buletin.de\/bucuresti\/wp-json\/wp\/v2\/posts\/64950","targetHints":{"allow":["GET"]}}],"collection":[{"href":"https:\/\/buletin.de\/bucuresti\/wp-json\/wp\/v2\/posts"}],"about":[{"href":"https:\/\/buletin.de\/bucuresti\/wp-json\/wp\/v2\/types\/post"}],"author":[{"embeddable":true,"href":"https:\/\/buletin.de\/bucuresti\/wp-json\/wp\/v2\/users\/49"}],"replies":[{"embeddable":true,"href":"https:\/\/buletin.de\/bucuresti\/wp-json\/wp\/v2\/comments?post=64950"}],"version-history":[{"count":1,"href":"https:\/\/buletin.de\/bucuresti\/wp-json\/wp\/v2\/posts\/64950\/revisions"}],"predecessor-version":[{"id":65003,"href":"https:\/\/buletin.de\/bucuresti\/wp-json\/wp\/v2\/posts\/64950\/revisions\/65003"}],"wp:featuredmedia":[{"embeddable":true,"href":"https:\/\/buletin.de\/bucuresti\/wp-json\/wp\/v2\/media\/64951"}],"wp:attachment":[{"href":"https:\/\/buletin.de\/bucuresti\/wp-json\/wp\/v2\/media?parent=64950"}],"wp:term":[{"taxonomy":"category","embeddable":true,"href":"https:\/\/buletin.de\/bucuresti\/wp-json\/wp\/v2\/categories?post=64950"},{"taxonomy":"post_tag","embeddable":true,"href":"https:\/\/buletin.de\/bucuresti\/wp-json\/wp\/v2\/tags?post=64950"},{"taxonomy":"author","embeddable":true,"href":"https:\/\/buletin.de\/bucuresti\/wp-json\/wp\/v2\/ppma_author?post=64950"}],"curies":[{"name":"wp","href":"https:\/\/api.w.org\/{rel}","templated":true}]}}