{"id":64940,"date":"2023-09-20T13:47:23","date_gmt":"2023-09-20T11:47:23","guid":{"rendered":"https:\/\/buletin.de\/bucuresti\/?p=64940"},"modified":"2023-09-21T09:20:12","modified_gmt":"2023-09-21T07:20:12","slug":"sectorul-3-i-modificari-in-platforma-de-gestionare-a-parcarilor-de-resedinta","status":"publish","type":"post","link":"https:\/\/buletin.de\/bucuresti\/sectorul-3-i-modificari-in-platforma-de-gestionare-a-parcarilor-de-resedinta\/","title":{"rendered":"Sectorul 3 I Modific\u0103ri \u00een platforma de gestionare a parc\u0103rilor de re\u0219edin\u021b\u0103"},"content":{"rendered":"\n<p><strong>Cea mai important\u0103 modificare permite atribuirea automat\u0103 a autoriza\u021biilor noi pentru parcare, \u00een c\u00e2teva minute de la depunerea solicit\u0103rii. \u00cen acest fel sunt eliminate perioadele de a\u0219teptare.<\/strong><\/p>\n\n\n\n<p>Pentru aceasta este nevoie de crearea unui cont pentru fiecare solicitant. Acesta va avea posibilitatea s\u0103 completeze necesarul de acte, s\u0103 fac\u0103 actualiz\u0103ri, sesiz\u0103ri \u0219i va avea disponibil\u0103 inclusiv autoriza\u021bia de parcare.<\/p>\n\n\n\n<p>Dup\u0103 depunerea solicit\u0103rii pe email \u0219i confirmarea acesteia, solicitan\u021bii vor primi, la aceea\u0219i adres\u0103 de email, datele de acces \u00een cont. Acestea vor fi introduse \u00een platform\u0103 cu butonul \u201eAutentificare\u201d, aflat pe pagina principal\u0103.<\/p>\n\n\n\n<p>Mai mult, \u00ee\u0219i pot crea conturi \u00een aceast\u0103 platform\u0103 \u0219i cei care deja posed\u0103 o autoriza\u021bie pentru parcare, fie ea nominal\u0103 sau nenominal\u0103. Cu ajutorul acestor conturi vor putea actualiza date, vor putea face sesiz\u0103ri sau alte solicit\u0103ri.<\/p>\n\n\n\n<p>Prim\u0103ria Sectorului 3 emite un num\u0103r de autoriza\u021bii nenominale egal cu num\u0103rul locurilor disponibile din fiecare zon\u0103. Concret, dac\u0103 \u00eentr-o zon\u0103 exist\u0103 un num\u0103r de 1.629 de locuri nenominale disponibile, marcate cu galben \u00een teren, num\u0103rul maxim de autoriza\u021bii emise va fi de 1.629, transmite prim\u0103ria local\u0103.<\/p>\n\n\n\n<p>Dac\u0103 dup\u0103 atribuirea automat\u0103, respectiv emiterea autoriza\u021biilor de parcare aferente locurilor de parcare nenominale, se va constata faptul c\u0103 solicitantul nu \u00eendepline\u0219te una dintre condi\u021biile prev\u0103zute \u00een regulament, autoriza\u021bia de parcare \u00ee\u0219i va \u00eenceta de drept valabilitatea.<\/p>\n","protected":false},"excerpt":{"rendered":"<p>Cea mai important\u0103 modificare permite atribuirea automat\u0103 a autoriza\u021biilor noi pentru parcare, \u00een c\u00e2teva minute de la depunerea solicit\u0103rii. \u00cen acest fel sunt eliminate perioadele de a\u0219teptare. Pentru aceasta este nevoie de crearea unui cont pentru fiecare solicitant. Acesta va avea posibilitatea s\u0103 completeze necesarul de acte, s\u0103 fac\u0103 actualiz\u0103ri, sesiz\u0103ri \u0219i va avea disponibil\u0103 [&hellip;]<\/p>\n","protected":false},"author":49,"featured_media":47706,"comment_status":"closed","ping_status":"open","sticky":false,"template":"","format":"standard","meta":{"_acf_changed":false,"inline_featured_image":false,"ngg_post_thumbnail":0,"footnotes":""},"categories":[6994,62],"tags":[2135,2694],"ppma_author":[22574],"class_list":["post-64940","post","type-post","status-publish","format-standard","has-post-thumbnail","hentry","category-stiri-2","category-stiri","tag-parcare","tag-sectorul-3"],"acf":[],"yoast_head":"<!-- This site is optimized with the Yoast SEO Premium plugin v25.3 (Yoast SEO v27.5) - https:\/\/yoast.com\/product\/yoast-seo-premium-wordpress\/ -->\n<title>Sectorul 3 I Modific\u0103ri \u00een platforma de gestionare a parc\u0103rilor de re\u0219edin\u021b\u0103 - Buletin de Bucure\u0219ti<\/title>\n<meta name=\"robots\" content=\"index, follow, max-snippet:-1, max-image-preview:large, max-video-preview:-1\" \/>\n<link rel=\"canonical\" href=\"https:\/\/buletin.de\/bucuresti\/sectorul-3-i-modificari-in-platforma-de-gestionare-a-parcarilor-de-resedinta\/\" \/>\n<meta property=\"og:locale\" content=\"en_GB\" \/>\n<meta property=\"og:type\" content=\"article\" \/>\n<meta property=\"og:title\" content=\"Sectorul 3 I Modific\u0103ri \u00een platforma de gestionare a parc\u0103rilor de re\u0219edin\u021b\u0103\" \/>\n<meta property=\"og:description\" content=\"Cea mai important\u0103 modificare permite atribuirea automat\u0103 a autoriza\u021biilor noi pentru parcare, \u00een c\u00e2teva minute de la depunerea solicit\u0103rii. \u00cen acest fel sunt eliminate perioadele de a\u0219teptare. Pentru aceasta este nevoie de crearea unui cont pentru fiecare solicitant. Acesta va avea posibilitatea s\u0103 completeze necesarul de acte, s\u0103 fac\u0103 actualiz\u0103ri, sesiz\u0103ri \u0219i va avea disponibil\u0103 [&hellip;]\" \/>\n<meta property=\"og:url\" content=\"https:\/\/buletin.de\/bucuresti\/sectorul-3-i-modificari-in-platforma-de-gestionare-a-parcarilor-de-resedinta\/\" \/>\n<meta property=\"og:site_name\" content=\"Buletin de Bucure\u0219ti\" \/>\n<meta property=\"article:publisher\" content=\"https:\/\/www.facebook.com\/buletin.de.buc\" \/>\n<meta property=\"article:published_time\" content=\"2023-09-20T11:47:23+00:00\" \/>\n<meta property=\"article:modified_time\" content=\"2023-09-21T07:20:12+00:00\" \/>\n<meta property=\"og:image\" content=\"https:\/\/buletin.de\/bucuresti\/wp-content\/uploads\/parcare-sector-3.jpg\" \/>\n\t<meta property=\"og:image:width\" content=\"2048\" \/>\n\t<meta property=\"og:image:height\" content=\"1536\" \/>\n\t<meta property=\"og:image:type\" content=\"image\/jpeg\" \/>\n<meta name=\"author\" content=\"Diana Matei\" \/>\n<meta name=\"twitter:card\" content=\"summary_large_image\" \/>\n<meta name=\"twitter:label1\" content=\"Written by\" \/>\n\t<meta name=\"twitter:data1\" content=\"Diana Matei\" \/>\n\t<meta name=\"twitter:label2\" content=\"Estimated reading time\" \/>\n\t<meta name=\"twitter:data2\" content=\"2 minutes\" \/>\n<script type=\"application\/ld+json\" class=\"yoast-schema-graph\">{\"@context\":\"https:\\\/\\\/schema.org\",\"@graph\":[{\"@type\":\"Article\",\"@id\":\"https:\\\/\\\/buletin.de\\\/bucuresti\\\/sectorul-3-i-modificari-in-platforma-de-gestionare-a-parcarilor-de-resedinta\\\/#article\",\"isPartOf\":{\"@id\":\"https:\\\/\\\/buletin.de\\\/bucuresti\\\/sectorul-3-i-modificari-in-platforma-de-gestionare-a-parcarilor-de-resedinta\\\/\"},\"author\":{\"name\":\"Diana Matei\",\"@id\":\"https:\\\/\\\/buletin.de\\\/bucuresti\\\/#\\\/schema\\\/person\\\/7e46040573290777280a0835d81ea4ea\"},\"headline\":\"Sectorul 3 I Modific\u0103ri \u00een platforma de gestionare a parc\u0103rilor de re\u0219edin\u021b\u0103\",\"datePublished\":\"2023-09-20T11:47:23+00:00\",\"dateModified\":\"2023-09-21T07:20:12+00:00\",\"mainEntityOfPage\":{\"@id\":\"https:\\\/\\\/buletin.de\\\/bucuresti\\\/sectorul-3-i-modificari-in-platforma-de-gestionare-a-parcarilor-de-resedinta\\\/\"},\"wordCount\":252,\"publisher\":{\"@id\":\"https:\\\/\\\/buletin.de\\\/bucuresti\\\/#organization\"},\"image\":{\"@id\":\"https:\\\/\\\/buletin.de\\\/bucuresti\\\/sectorul-3-i-modificari-in-platforma-de-gestionare-a-parcarilor-de-resedinta\\\/#primaryimage\"},\"thumbnailUrl\":\"https:\\\/\\\/buletin.de\\\/bucuresti\\\/wp-content\\\/uploads\\\/parcare-sector-3.jpg\",\"keywords\":[\"parcare\",\"sectorul 3\"],\"articleSection\":[\"Articole\",\"\u0218tiri\"],\"inLanguage\":\"en-GB\",\"copyrightYear\":\"2023\",\"copyrightHolder\":{\"@id\":\"https:\\\/\\\/buletin.de\\\/bucuresti\\\/#organization\"}},{\"@type\":\"WebPage\",\"@id\":\"https:\\\/\\\/buletin.de\\\/bucuresti\\\/sectorul-3-i-modificari-in-platforma-de-gestionare-a-parcarilor-de-resedinta\\\/\",\"url\":\"https:\\\/\\\/buletin.de\\\/bucuresti\\\/sectorul-3-i-modificari-in-platforma-de-gestionare-a-parcarilor-de-resedinta\\\/\",\"name\":\"Sectorul 3 I Modific\u0103ri \u00een platforma de gestionare a parc\u0103rilor de re\u0219edin\u021b\u0103 - Buletin de Bucure\u0219ti\",\"isPartOf\":{\"@id\":\"https:\\\/\\\/buletin.de\\\/bucuresti\\\/#website\"},\"primaryImageOfPage\":{\"@id\":\"https:\\\/\\\/buletin.de\\\/bucuresti\\\/sectorul-3-i-modificari-in-platforma-de-gestionare-a-parcarilor-de-resedinta\\\/#primaryimage\"},\"image\":{\"@id\":\"https:\\\/\\\/buletin.de\\\/bucuresti\\\/sectorul-3-i-modificari-in-platforma-de-gestionare-a-parcarilor-de-resedinta\\\/#primaryimage\"},\"thumbnailUrl\":\"https:\\\/\\\/buletin.de\\\/bucuresti\\\/wp-content\\\/uploads\\\/parcare-sector-3.jpg\",\"datePublished\":\"2023-09-20T11:47:23+00:00\",\"dateModified\":\"2023-09-21T07:20:12+00:00\",\"breadcrumb\":{\"@id\":\"https:\\\/\\\/buletin.de\\\/bucuresti\\\/sectorul-3-i-modificari-in-platforma-de-gestionare-a-parcarilor-de-resedinta\\\/#breadcrumb\"},\"inLanguage\":\"en-GB\",\"potentialAction\":[{\"@type\":\"ReadAction\",\"target\":[\"https:\\\/\\\/buletin.de\\\/bucuresti\\\/sectorul-3-i-modificari-in-platforma-de-gestionare-a-parcarilor-de-resedinta\\\/\"]}]},{\"@type\":\"ImageObject\",\"inLanguage\":\"en-GB\",\"@id\":\"https:\\\/\\\/buletin.de\\\/bucuresti\\\/sectorul-3-i-modificari-in-platforma-de-gestionare-a-parcarilor-de-resedinta\\\/#primaryimage\",\"url\":\"https:\\\/\\\/buletin.de\\\/bucuresti\\\/wp-content\\\/uploads\\\/parcare-sector-3.jpg\",\"contentUrl\":\"https:\\\/\\\/buletin.de\\\/bucuresti\\\/wp-content\\\/uploads\\\/parcare-sector-3.jpg\",\"width\":2048,\"height\":1536},{\"@type\":\"BreadcrumbList\",\"@id\":\"https:\\\/\\\/buletin.de\\\/bucuresti\\\/sectorul-3-i-modificari-in-platforma-de-gestionare-a-parcarilor-de-resedinta\\\/#breadcrumb\",\"itemListElement\":[{\"@type\":\"ListItem\",\"position\":1,\"name\":\"Acas\u0103\",\"item\":\"https:\\\/\\\/buletin.de\\\/bucuresti\\\/\"},{\"@type\":\"ListItem\",\"position\":2,\"name\":\"Sectorul 3 I Modific\u0103ri \u00een platforma de gestionare a parc\u0103rilor de re\u0219edin\u021b\u0103\"}]},{\"@type\":\"WebSite\",\"@id\":\"https:\\\/\\\/buletin.de\\\/bucuresti\\\/#website\",\"url\":\"https:\\\/\\\/buletin.de\\\/bucuresti\\\/\",\"name\":\"Buletin de Bucure\u0219ti\",\"description\":\"\u0218tiri \u0219i investiga\u021bii esen\u021biale din capital\u0103\",\"publisher\":{\"@id\":\"https:\\\/\\\/buletin.de\\\/bucuresti\\\/#organization\"},\"potentialAction\":[{\"@type\":\"SearchAction\",\"target\":{\"@type\":\"EntryPoint\",\"urlTemplate\":\"https:\\\/\\\/buletin.de\\\/bucuresti\\\/?s={search_term_string}\"},\"query-input\":{\"@type\":\"PropertyValueSpecification\",\"valueRequired\":true,\"valueName\":\"search_term_string\"}}],\"inLanguage\":\"en-GB\"},{\"@type\":\"Organization\",\"@id\":\"https:\\\/\\\/buletin.de\\\/bucuresti\\\/#organization\",\"name\":\"Buletin de Bucure\u0219ti\",\"url\":\"https:\\\/\\\/buletin.de\\\/bucuresti\\\/\",\"logo\":{\"@type\":\"ImageObject\",\"inLanguage\":\"en-GB\",\"@id\":\"https:\\\/\\\/buletin.de\\\/bucuresti\\\/#\\\/schema\\\/logo\\\/image\\\/\",\"url\":\"https:\\\/\\\/buletin.de\\\/bucuresti\\\/wp-content\\\/uploads\\\/logo-bdb-full-wide-vernil-transparent.png\",\"contentUrl\":\"https:\\\/\\\/buletin.de\\\/bucuresti\\\/wp-content\\\/uploads\\\/logo-bdb-full-wide-vernil-transparent.png\",\"width\":1782,\"height\":626,\"caption\":\"Buletin de Bucure\u0219ti\"},\"image\":{\"@id\":\"https:\\\/\\\/buletin.de\\\/bucuresti\\\/#\\\/schema\\\/logo\\\/image\\\/\"},\"sameAs\":[\"https:\\\/\\\/www.facebook.com\\\/buletin.de.buc\",\"https:\\\/\\\/www.instagram.com\\\/buletinde.bucuresti\\\/\"]},{\"@type\":\"Person\",\"@id\":\"https:\\\/\\\/buletin.de\\\/bucuresti\\\/#\\\/schema\\\/person\\\/7e46040573290777280a0835d81ea4ea\",\"name\":\"Diana Matei\",\"image\":{\"@type\":\"ImageObject\",\"inLanguage\":\"en-GB\",\"@id\":\"https:\\\/\\\/buletin.de\\\/bucuresti\\\/wp-content\\\/uploads\\\/9-2-96x96.jpg1e8590b30871d70e62ebcdaf2eff570c\",\"url\":\"https:\\\/\\\/buletin.de\\\/bucuresti\\\/wp-content\\\/uploads\\\/9-2-96x96.jpg\",\"contentUrl\":\"https:\\\/\\\/buletin.de\\\/bucuresti\\\/wp-content\\\/uploads\\\/9-2-96x96.jpg\",\"caption\":\"Diana Matei\"},\"url\":\"https:\\\/\\\/buletin.de\\\/bucuresti\\\/author\\\/dianamatei\\\/\"}]}<\/script>\n<!-- \/ Yoast SEO Premium plugin. -->","yoast_head_json":{"title":"Sectorul 3 I Modific\u0103ri \u00een platforma de gestionare a parc\u0103rilor de re\u0219edin\u021b\u0103 - Buletin de Bucure\u0219ti","robots":{"index":"index","follow":"follow","max-snippet":"max-snippet:-1","max-image-preview":"max-image-preview:large","max-video-preview":"max-video-preview:-1"},"canonical":"https:\/\/buletin.de\/bucuresti\/sectorul-3-i-modificari-in-platforma-de-gestionare-a-parcarilor-de-resedinta\/","og_locale":"en_GB","og_type":"article","og_title":"Sectorul 3 I Modific\u0103ri \u00een platforma de gestionare a parc\u0103rilor de re\u0219edin\u021b\u0103","og_description":"Cea mai important\u0103 modificare permite atribuirea automat\u0103 a autoriza\u021biilor noi pentru parcare, \u00een c\u00e2teva minute de la depunerea solicit\u0103rii. \u00cen acest fel sunt eliminate perioadele de a\u0219teptare. Pentru aceasta este nevoie de crearea unui cont pentru fiecare solicitant. Acesta va avea posibilitatea s\u0103 completeze necesarul de acte, s\u0103 fac\u0103 actualiz\u0103ri, sesiz\u0103ri \u0219i va avea disponibil\u0103 [&hellip;]","og_url":"https:\/\/buletin.de\/bucuresti\/sectorul-3-i-modificari-in-platforma-de-gestionare-a-parcarilor-de-resedinta\/","og_site_name":"Buletin de Bucure\u0219ti","article_publisher":"https:\/\/www.facebook.com\/buletin.de.buc","article_published_time":"2023-09-20T11:47:23+00:00","article_modified_time":"2023-09-21T07:20:12+00:00","og_image":[{"width":2048,"height":1536,"url":"https:\/\/buletin.de\/bucuresti\/wp-content\/uploads\/parcare-sector-3.jpg","type":"image\/jpeg"}],"author":"Diana Matei","twitter_card":"summary_large_image","twitter_misc":{"Written by":"Diana Matei","Estimated reading time":"2 minutes"},"schema":{"@context":"https:\/\/schema.org","@graph":[{"@type":"Article","@id":"https:\/\/buletin.de\/bucuresti\/sectorul-3-i-modificari-in-platforma-de-gestionare-a-parcarilor-de-resedinta\/#article","isPartOf":{"@id":"https:\/\/buletin.de\/bucuresti\/sectorul-3-i-modificari-in-platforma-de-gestionare-a-parcarilor-de-resedinta\/"},"author":{"name":"Diana Matei","@id":"https:\/\/buletin.de\/bucuresti\/#\/schema\/person\/7e46040573290777280a0835d81ea4ea"},"headline":"Sectorul 3 I Modific\u0103ri \u00een platforma de gestionare a parc\u0103rilor de re\u0219edin\u021b\u0103","datePublished":"2023-09-20T11:47:23+00:00","dateModified":"2023-09-21T07:20:12+00:00","mainEntityOfPage":{"@id":"https:\/\/buletin.de\/bucuresti\/sectorul-3-i-modificari-in-platforma-de-gestionare-a-parcarilor-de-resedinta\/"},"wordCount":252,"publisher":{"@id":"https:\/\/buletin.de\/bucuresti\/#organization"},"image":{"@id":"https:\/\/buletin.de\/bucuresti\/sectorul-3-i-modificari-in-platforma-de-gestionare-a-parcarilor-de-resedinta\/#primaryimage"},"thumbnailUrl":"https:\/\/buletin.de\/bucuresti\/wp-content\/uploads\/parcare-sector-3.jpg","keywords":["parcare","sectorul 3"],"articleSection":["Articole","\u0218tiri"],"inLanguage":"en-GB","copyrightYear":"2023","copyrightHolder":{"@id":"https:\/\/buletin.de\/bucuresti\/#organization"}},{"@type":"WebPage","@id":"https:\/\/buletin.de\/bucuresti\/sectorul-3-i-modificari-in-platforma-de-gestionare-a-parcarilor-de-resedinta\/","url":"https:\/\/buletin.de\/bucuresti\/sectorul-3-i-modificari-in-platforma-de-gestionare-a-parcarilor-de-resedinta\/","name":"Sectorul 3 I Modific\u0103ri \u00een platforma de gestionare a parc\u0103rilor de re\u0219edin\u021b\u0103 - Buletin de Bucure\u0219ti","isPartOf":{"@id":"https:\/\/buletin.de\/bucuresti\/#website"},"primaryImageOfPage":{"@id":"https:\/\/buletin.de\/bucuresti\/sectorul-3-i-modificari-in-platforma-de-gestionare-a-parcarilor-de-resedinta\/#primaryimage"},"image":{"@id":"https:\/\/buletin.de\/bucuresti\/sectorul-3-i-modificari-in-platforma-de-gestionare-a-parcarilor-de-resedinta\/#primaryimage"},"thumbnailUrl":"https:\/\/buletin.de\/bucuresti\/wp-content\/uploads\/parcare-sector-3.jpg","datePublished":"2023-09-20T11:47:23+00:00","dateModified":"2023-09-21T07:20:12+00:00","breadcrumb":{"@id":"https:\/\/buletin.de\/bucuresti\/sectorul-3-i-modificari-in-platforma-de-gestionare-a-parcarilor-de-resedinta\/#breadcrumb"},"inLanguage":"en-GB","potentialAction":[{"@type":"ReadAction","target":["https:\/\/buletin.de\/bucuresti\/sectorul-3-i-modificari-in-platforma-de-gestionare-a-parcarilor-de-resedinta\/"]}]},{"@type":"ImageObject","inLanguage":"en-GB","@id":"https:\/\/buletin.de\/bucuresti\/sectorul-3-i-modificari-in-platforma-de-gestionare-a-parcarilor-de-resedinta\/#primaryimage","url":"https:\/\/buletin.de\/bucuresti\/wp-content\/uploads\/parcare-sector-3.jpg","contentUrl":"https:\/\/buletin.de\/bucuresti\/wp-content\/uploads\/parcare-sector-3.jpg","width":2048,"height":1536},{"@type":"BreadcrumbList","@id":"https:\/\/buletin.de\/bucuresti\/sectorul-3-i-modificari-in-platforma-de-gestionare-a-parcarilor-de-resedinta\/#breadcrumb","itemListElement":[{"@type":"ListItem","position":1,"name":"Acas\u0103","item":"https:\/\/buletin.de\/bucuresti\/"},{"@type":"ListItem","position":2,"name":"Sectorul 3 I Modific\u0103ri \u00een platforma de gestionare a parc\u0103rilor de re\u0219edin\u021b\u0103"}]},{"@type":"WebSite","@id":"https:\/\/buletin.de\/bucuresti\/#website","url":"https:\/\/buletin.de\/bucuresti\/","name":"Buletin de Bucure\u0219ti","description":"\u0218tiri \u0219i investiga\u021bii esen\u021biale din capital\u0103","publisher":{"@id":"https:\/\/buletin.de\/bucuresti\/#organization"},"potentialAction":[{"@type":"SearchAction","target":{"@type":"EntryPoint","urlTemplate":"https:\/\/buletin.de\/bucuresti\/?s={search_term_string}"},"query-input":{"@type":"PropertyValueSpecification","valueRequired":true,"valueName":"search_term_string"}}],"inLanguage":"en-GB"},{"@type":"Organization","@id":"https:\/\/buletin.de\/bucuresti\/#organization","name":"Buletin de Bucure\u0219ti","url":"https:\/\/buletin.de\/bucuresti\/","logo":{"@type":"ImageObject","inLanguage":"en-GB","@id":"https:\/\/buletin.de\/bucuresti\/#\/schema\/logo\/image\/","url":"https:\/\/buletin.de\/bucuresti\/wp-content\/uploads\/logo-bdb-full-wide-vernil-transparent.png","contentUrl":"https:\/\/buletin.de\/bucuresti\/wp-content\/uploads\/logo-bdb-full-wide-vernil-transparent.png","width":1782,"height":626,"caption":"Buletin de Bucure\u0219ti"},"image":{"@id":"https:\/\/buletin.de\/bucuresti\/#\/schema\/logo\/image\/"},"sameAs":["https:\/\/www.facebook.com\/buletin.de.buc","https:\/\/www.instagram.com\/buletinde.bucuresti\/"]},{"@type":"Person","@id":"https:\/\/buletin.de\/bucuresti\/#\/schema\/person\/7e46040573290777280a0835d81ea4ea","name":"Diana Matei","image":{"@type":"ImageObject","inLanguage":"en-GB","@id":"https:\/\/buletin.de\/bucuresti\/wp-content\/uploads\/9-2-96x96.jpg1e8590b30871d70e62ebcdaf2eff570c","url":"https:\/\/buletin.de\/bucuresti\/wp-content\/uploads\/9-2-96x96.jpg","contentUrl":"https:\/\/buletin.de\/bucuresti\/wp-content\/uploads\/9-2-96x96.jpg","caption":"Diana Matei"},"url":"https:\/\/buletin.de\/bucuresti\/author\/dianamatei\/"}]}},"authors":[{"term_id":22574,"user_id":49,"is_guest":0,"slug":"dianamatei","display_name":"Diana Matei","avatar_url":"https:\/\/buletin.de\/bucuresti\/wp-content\/uploads\/9-2-96x96.jpg","0":null,"1":"","2":"","3":"","4":"","5":"","6":"","7":"","8":""}],"_links":{"self":[{"href":"https:\/\/buletin.de\/bucuresti\/wp-json\/wp\/v2\/posts\/64940","targetHints":{"allow":["GET"]}}],"collection":[{"href":"https:\/\/buletin.de\/bucuresti\/wp-json\/wp\/v2\/posts"}],"about":[{"href":"https:\/\/buletin.de\/bucuresti\/wp-json\/wp\/v2\/types\/post"}],"author":[{"embeddable":true,"href":"https:\/\/buletin.de\/bucuresti\/wp-json\/wp\/v2\/users\/49"}],"replies":[{"embeddable":true,"href":"https:\/\/buletin.de\/bucuresti\/wp-json\/wp\/v2\/comments?post=64940"}],"version-history":[{"count":1,"href":"https:\/\/buletin.de\/bucuresti\/wp-json\/wp\/v2\/posts\/64940\/revisions"}],"predecessor-version":[{"id":64985,"href":"https:\/\/buletin.de\/bucuresti\/wp-json\/wp\/v2\/posts\/64940\/revisions\/64985"}],"wp:featuredmedia":[{"embeddable":true,"href":"https:\/\/buletin.de\/bucuresti\/wp-json\/wp\/v2\/media\/47706"}],"wp:attachment":[{"href":"https:\/\/buletin.de\/bucuresti\/wp-json\/wp\/v2\/media?parent=64940"}],"wp:term":[{"taxonomy":"category","embeddable":true,"href":"https:\/\/buletin.de\/bucuresti\/wp-json\/wp\/v2\/categories?post=64940"},{"taxonomy":"post_tag","embeddable":true,"href":"https:\/\/buletin.de\/bucuresti\/wp-json\/wp\/v2\/tags?post=64940"},{"taxonomy":"author","embeddable":true,"href":"https:\/\/buletin.de\/bucuresti\/wp-json\/wp\/v2\/ppma_author?post=64940"}],"curies":[{"name":"wp","href":"https:\/\/api.w.org\/{rel}","templated":true}]}}