{"id":64931,"date":"2023-09-20T12:52:50","date_gmt":"2023-09-20T10:52:50","guid":{"rendered":"https:\/\/buletin.de\/bucuresti\/?p=64931"},"modified":"2023-09-20T22:00:54","modified_gmt":"2023-09-20T20:00:54","slug":"zilele-bucurestiului-2023-i-programul-evenimentelor-pentru-perioada-20-24-septembrie","status":"publish","type":"post","link":"https:\/\/buletin.de\/bucuresti\/zilele-bucurestiului-2023-i-programul-evenimentelor-pentru-perioada-20-24-septembrie\/","title":{"rendered":"Zilele Bucure\u0219tiului 2023 I Programul evenimentelor pentru perioada 20-24 septembrie"},"content":{"rendered":"\n<p><strong>Zilele Bucure\u0219tiului vor fi s\u0103rb\u0103torite \u00een perioada 20-24 septembrie 2023. Prim\u0103ria Capitalei organizeaz\u0103 mai multe evenimente, la 564 de ani de la atestarea documentar\u0103 a ora\u0219ului.<\/strong><\/p>\n\n\n\n<p><strong>Programul evenimentelor:<\/strong><\/p>\n\n\n\n<p><strong>Miercuri, 20 septembrie &#8211; Biblioteca Metropolitan\u0103 Bucure\u0219ti<\/strong><\/p>\n\n\n\n<p>Pe 20 septembrie, Zilele Bucure\u0219tiului se s\u0103rb\u0103toresc  la Sediul Central \u201eMihail Sadoveanu\u201d al BMB, din str. Tache Ionescu, nr. 4 \u00eencep\u00e2nd cu ora 16:00 \u0219i la Mediateca BMB, din \u0218oseaua Mihai Bravu, nr. 4, \u00eencep\u00e2nd cu ora 12:00.&nbsp;<\/p>\n\n\n\n<p>La Sediul Central va avea loc o expozi\u021bie de art\u0103 fotografic\u0103 \u201eBucure\u0219ti \u2013 Case Vechi \u2013 Elemente de arhitectur\u0103\u201d. La ora 17:30, Sala Auditorium va g\u0103zdui un&nbsp;spectacol de muzic\u0103 si poezie cu melodii din Bucure\u0219tiul de altadat\u0103.<\/p>\n\n\n\n<p><strong>Vineri, 22 septembrie &#8211; Expozitie la Palatul Su\u021bu<\/strong><\/p>\n\n\n\n<p>Muzeul Municipiului Bucure\u0219ti organizeaz\u0103 expozi\u021bia \u201eDona\u021bia Ioana \u0219i Alexandru Beldiman: Colec\u021bia Nicolae (Nicholaus) Mi\u0219u \u0219i Fondul Familiei Beldiman\u201d, de la ora 18:00, la Palatul Su\u021bu (Bd.Ion C. Br\u0103tianu, nr. 2).<\/p>\n\n\n\n<p><strong>S\u00e2mb\u0103t\u0103, 23 septembrie- iMapp Bucharest- Winners League&nbsp;<\/strong><\/p>\n\n\n\n<p>Prim\u0103ria Capitalei, organizeaz\u0103 prin CREART, unul dintre cele mai a\u0219teptate concursuri ale toamnei: iMapp Bucharest- Winners League.&nbsp; Cea de-a 8-a edi\u021bie a concursului interna\u021bional de 3D va avea loc \u00een Pia\u021ba Constitu\u021biei.<\/p>\n\n\n\n<p><strong>Programul evenimentului:<\/strong><\/p>\n\n\n\n<ul class=\"wp-block-list\">\n<li>Ora 11:00- DJ CS84 va aduce publicului ritmuri electronice pe scena din Pia\u021ba Constitu\u021biei.<\/li>\n\n\n\n<li>Ora 17:00- KOV va ocupa scena cu muzic\u0103 \u0219i dans;<\/li>\n\n\n\n<li>Ora 19:00- DJ Ravin, creator de compila\u021bii Buddha Bar, va completa atmosfera cu muzic\u0103 electrizant\u0103;<\/li>\n\n\n\n<li> iMapp Bucharest- Winners League: 5 echipe, c\u00e2\u0219tig\u0103toare ale festivalurilor de video mapping din Fran\u021ba, Germania, Grecia, Ungaria \u0219i Japonia, vor concura \u0219i vor proiecta lucr\u0103rile pe fa\u021bada de 23.000 mp a Palatului Parlamentului.<\/li>\n<\/ul>\n\n\n\n<p>Atmosfera Micului Paris este evocat\u0103 la &#8220;Zilele Bucure\u015ftiului&#8221; de&nbsp;<strong>c<\/strong>oncertul &#8220;Poveste din Bucure\u015ftiul de odinioar\u0103&#8221;&nbsp;programat s\u00e2mb\u0103t\u0103, 23 septembrie, de la ora 20:00, pe scena Pie\u0163ei Festivalului Enescu. <\/p>\n\n\n\n<p>Cel de-al 21-lea weekend pietonal din seria &#8220;Str\u0103zi deschise &#8211; Bucure\u015fti, Promenad\u0103 urban\u0103&#8221; are loc \u00een contextul aniversar &#8220;Zilele Bucure\u015ftiului&#8221;. Astfel, pe&nbsp;23 septembrie, &#8220;Str\u0103zi deschise&nbsp;&#8211;&nbsp;Bucure\u015fti, Promenad\u0103&#8221;&nbsp;propune bucure\u015ftenilor \u0219i turi\u0219tilor a doua edi\u0163ie &#8220;Noaptea Dansului&#8221;, organizat\u0103 de Creator Media Team. Peste 200 de dansatori, de la peste 15 \u015fcoli de dans, au preg\u0103tit trei ore de flash-mob-uri, community dance \u015fi momente de interac\u021biune cu trec\u0103torii.<\/p>\n\n\n\n<p>Expozi\u0163ia documentar\u0103 \u201eBucure\u0219ti. O stratigrafie \u00een h\u0103r\u021bi \u0219i planuri\u201d&nbsp;are loc p\u00e2n\u0103 pe 1 octombrie 2023 la ARCUB \u2013 Hanul Gabroveni, Sala Bol\u0163ilor. Expozi\u0163ia beneficiaz\u0103 de&nbsp;acces gratuit doar \u00een perioada 20-24 septembrie, cu ocazia&nbsp;\u201eZilelor Bucure\u015ftiului\u201d \u0219i poate fi vizitat\u0103 \u00eentre orele 12.00 \u015fi 20.00.<\/p>\n\n\n\n<p>Tot p\u00e2n\u0103&nbsp;pe 1 octombrie, pot fi vizitate si expozi\u0163iile de fotografie \u201eVremuri blurate\u201d \u015fi \u201eArhiva foto 1992-1993\u201d, la ARCUB \u2013 Hanul Gabroveni, la Sala Librarie si Sala Arcelor. Cele dou\u0103 expozi\u0163ii pot fi vizitate gratuit doar \u00een cadrul evenimentului \u201eZilele Bucure\u015ftiului\u201d, \u00eentre orele 12.00 \u015fi 20.00.<\/p>\n\n\n\n<p>Zilele Bucure\u0219tiului 2023, desf\u0103\u0219urate \u00een perioada 20-24 septembrie, \u00eencep programul \u00een jurul orei 10:00 \u0219i \u00eel \u00eencheie \u00een jurul orei 21:00, \u00een fiecare zi. <\/p>\n\n\n\n<p>Seria de evenimente \u201eZilele Bucure\u015ftiului\u201d este ini\u0163iat\u0103 de Prim\u0103ria Capitalei, prin Direc\u0163ia Cultur\u0103, \u00cenv\u0103\u0163\u0103m\u00e2nt, Turism a Municipiului Bucure\u015fti \u015fi ARCUB \u2013 Centrul Cultural al Municipiului Bucure\u015fti.<\/p>\n","protected":false},"excerpt":{"rendered":"<p>Zilele Bucure\u0219tiului vor fi s\u0103rb\u0103torite \u00een perioada 20-24 septembrie 2023. Prim\u0103ria Capitalei organizeaz\u0103 mai multe evenimente, la 564 de ani de la atestarea documentar\u0103 a ora\u0219ului. Programul evenimentelor: Miercuri, 20 septembrie &#8211; Biblioteca Metropolitan\u0103 Bucure\u0219ti Pe 20 septembrie, Zilele Bucure\u0219tiului se s\u0103rb\u0103toresc la Sediul Central \u201eMihail Sadoveanu\u201d al BMB, din str. Tache Ionescu, nr. 4 [&hellip;]<\/p>\n","protected":false},"author":49,"featured_media":64938,"comment_status":"closed","ping_status":"open","sticky":false,"template":"","format":"standard","meta":{"_acf_changed":false,"inline_featured_image":false,"ngg_post_thumbnail":0,"footnotes":""},"categories":[5762],"tags":[3602,7022,214],"ppma_author":[22574],"class_list":["post-64931","post","type-post","status-publish","format-standard","has-post-thumbnail","hentry","category-main","tag-arcub","tag-biblioteca-metropolitana","tag-zilele-bucurestiului"],"acf":[],"yoast_head":"<!-- This site is optimized with the Yoast SEO Premium plugin v25.3 (Yoast SEO v27.5) - https:\/\/yoast.com\/product\/yoast-seo-premium-wordpress\/ -->\n<title>Zilele Bucure\u0219tiului 2023 I Programul evenimentelor pentru perioada 20-24 septembrie - Buletin de Bucure\u0219ti<\/title>\n<meta name=\"robots\" content=\"index, follow, max-snippet:-1, max-image-preview:large, max-video-preview:-1\" \/>\n<link rel=\"canonical\" href=\"https:\/\/buletin.de\/bucuresti\/zilele-bucurestiului-2023-i-programul-evenimentelor-pentru-perioada-20-24-septembrie\/\" \/>\n<meta property=\"og:locale\" content=\"en_GB\" \/>\n<meta property=\"og:type\" content=\"article\" \/>\n<meta property=\"og:title\" content=\"Zilele Bucure\u0219tiului 2023 I Programul evenimentelor pentru perioada 20-24 septembrie\" \/>\n<meta property=\"og:description\" content=\"Zilele Bucure\u0219tiului vor fi s\u0103rb\u0103torite \u00een perioada 20-24 septembrie 2023. Prim\u0103ria Capitalei organizeaz\u0103 mai multe evenimente, la 564 de ani de la atestarea documentar\u0103 a ora\u0219ului. Programul evenimentelor: Miercuri, 20 septembrie &#8211; Biblioteca Metropolitan\u0103 Bucure\u0219ti Pe 20 septembrie, Zilele Bucure\u0219tiului se s\u0103rb\u0103toresc la Sediul Central \u201eMihail Sadoveanu\u201d al BMB, din str. Tache Ionescu, nr. 4 [&hellip;]\" \/>\n<meta property=\"og:url\" content=\"https:\/\/buletin.de\/bucuresti\/zilele-bucurestiului-2023-i-programul-evenimentelor-pentru-perioada-20-24-septembrie\/\" \/>\n<meta property=\"og:site_name\" content=\"Buletin de Bucure\u0219ti\" \/>\n<meta property=\"article:publisher\" content=\"https:\/\/www.facebook.com\/buletin.de.buc\" \/>\n<meta property=\"article:published_time\" content=\"2023-09-20T10:52:50+00:00\" \/>\n<meta property=\"article:modified_time\" content=\"2023-09-20T20:00:54+00:00\" \/>\n<meta property=\"og:image\" content=\"https:\/\/buletin.de\/bucuresti\/wp-content\/uploads\/379929849_816980117096801_4689331741184900714_n-1.jpg\" \/>\n\t<meta property=\"og:image:width\" content=\"2048\" \/>\n\t<meta property=\"og:image:height\" content=\"1365\" \/>\n\t<meta property=\"og:image:type\" content=\"image\/jpeg\" \/>\n<meta name=\"author\" content=\"Diana Matei\" \/>\n<meta name=\"twitter:card\" content=\"summary_large_image\" \/>\n<meta name=\"twitter:label1\" content=\"Written by\" \/>\n\t<meta name=\"twitter:data1\" content=\"Diana Matei\" \/>\n\t<meta name=\"twitter:label2\" content=\"Estimated reading time\" \/>\n\t<meta name=\"twitter:data2\" content=\"3 minutes\" \/>\n<script type=\"application\/ld+json\" class=\"yoast-schema-graph\">{\"@context\":\"https:\\\/\\\/schema.org\",\"@graph\":[{\"@type\":\"Article\",\"@id\":\"https:\\\/\\\/buletin.de\\\/bucuresti\\\/zilele-bucurestiului-2023-i-programul-evenimentelor-pentru-perioada-20-24-septembrie\\\/#article\",\"isPartOf\":{\"@id\":\"https:\\\/\\\/buletin.de\\\/bucuresti\\\/zilele-bucurestiului-2023-i-programul-evenimentelor-pentru-perioada-20-24-septembrie\\\/\"},\"author\":{\"name\":\"Diana Matei\",\"@id\":\"https:\\\/\\\/buletin.de\\\/bucuresti\\\/#\\\/schema\\\/person\\\/7e46040573290777280a0835d81ea4ea\"},\"headline\":\"Zilele Bucure\u0219tiului 2023 I Programul evenimentelor pentru perioada 20-24 septembrie\",\"datePublished\":\"2023-09-20T10:52:50+00:00\",\"dateModified\":\"2023-09-20T20:00:54+00:00\",\"mainEntityOfPage\":{\"@id\":\"https:\\\/\\\/buletin.de\\\/bucuresti\\\/zilele-bucurestiului-2023-i-programul-evenimentelor-pentru-perioada-20-24-septembrie\\\/\"},\"wordCount\":568,\"publisher\":{\"@id\":\"https:\\\/\\\/buletin.de\\\/bucuresti\\\/#organization\"},\"image\":{\"@id\":\"https:\\\/\\\/buletin.de\\\/bucuresti\\\/zilele-bucurestiului-2023-i-programul-evenimentelor-pentru-perioada-20-24-septembrie\\\/#primaryimage\"},\"thumbnailUrl\":\"https:\\\/\\\/buletin.de\\\/bucuresti\\\/wp-content\\\/uploads\\\/379929849_816980117096801_4689331741184900714_n-1.jpg\",\"keywords\":[\"arcub\",\"biblioteca metropolitana\",\"zilele bucurestiului\"],\"articleSection\":[\"Main\"],\"inLanguage\":\"en-GB\",\"copyrightYear\":\"2023\",\"copyrightHolder\":{\"@id\":\"https:\\\/\\\/buletin.de\\\/bucuresti\\\/#organization\"}},{\"@type\":\"WebPage\",\"@id\":\"https:\\\/\\\/buletin.de\\\/bucuresti\\\/zilele-bucurestiului-2023-i-programul-evenimentelor-pentru-perioada-20-24-septembrie\\\/\",\"url\":\"https:\\\/\\\/buletin.de\\\/bucuresti\\\/zilele-bucurestiului-2023-i-programul-evenimentelor-pentru-perioada-20-24-septembrie\\\/\",\"name\":\"Zilele Bucure\u0219tiului 2023 I Programul evenimentelor pentru perioada 20-24 septembrie - Buletin de Bucure\u0219ti\",\"isPartOf\":{\"@id\":\"https:\\\/\\\/buletin.de\\\/bucuresti\\\/#website\"},\"primaryImageOfPage\":{\"@id\":\"https:\\\/\\\/buletin.de\\\/bucuresti\\\/zilele-bucurestiului-2023-i-programul-evenimentelor-pentru-perioada-20-24-septembrie\\\/#primaryimage\"},\"image\":{\"@id\":\"https:\\\/\\\/buletin.de\\\/bucuresti\\\/zilele-bucurestiului-2023-i-programul-evenimentelor-pentru-perioada-20-24-septembrie\\\/#primaryimage\"},\"thumbnailUrl\":\"https:\\\/\\\/buletin.de\\\/bucuresti\\\/wp-content\\\/uploads\\\/379929849_816980117096801_4689331741184900714_n-1.jpg\",\"datePublished\":\"2023-09-20T10:52:50+00:00\",\"dateModified\":\"2023-09-20T20:00:54+00:00\",\"breadcrumb\":{\"@id\":\"https:\\\/\\\/buletin.de\\\/bucuresti\\\/zilele-bucurestiului-2023-i-programul-evenimentelor-pentru-perioada-20-24-septembrie\\\/#breadcrumb\"},\"inLanguage\":\"en-GB\",\"potentialAction\":[{\"@type\":\"ReadAction\",\"target\":[\"https:\\\/\\\/buletin.de\\\/bucuresti\\\/zilele-bucurestiului-2023-i-programul-evenimentelor-pentru-perioada-20-24-septembrie\\\/\"]}]},{\"@type\":\"ImageObject\",\"inLanguage\":\"en-GB\",\"@id\":\"https:\\\/\\\/buletin.de\\\/bucuresti\\\/zilele-bucurestiului-2023-i-programul-evenimentelor-pentru-perioada-20-24-septembrie\\\/#primaryimage\",\"url\":\"https:\\\/\\\/buletin.de\\\/bucuresti\\\/wp-content\\\/uploads\\\/379929849_816980117096801_4689331741184900714_n-1.jpg\",\"contentUrl\":\"https:\\\/\\\/buletin.de\\\/bucuresti\\\/wp-content\\\/uploads\\\/379929849_816980117096801_4689331741184900714_n-1.jpg\",\"width\":2048,\"height\":1365},{\"@type\":\"BreadcrumbList\",\"@id\":\"https:\\\/\\\/buletin.de\\\/bucuresti\\\/zilele-bucurestiului-2023-i-programul-evenimentelor-pentru-perioada-20-24-septembrie\\\/#breadcrumb\",\"itemListElement\":[{\"@type\":\"ListItem\",\"position\":1,\"name\":\"Acas\u0103\",\"item\":\"https:\\\/\\\/buletin.de\\\/bucuresti\\\/\"},{\"@type\":\"ListItem\",\"position\":2,\"name\":\"Zilele Bucure\u0219tiului 2023 I Programul evenimentelor pentru perioada 20-24 septembrie\"}]},{\"@type\":\"WebSite\",\"@id\":\"https:\\\/\\\/buletin.de\\\/bucuresti\\\/#website\",\"url\":\"https:\\\/\\\/buletin.de\\\/bucuresti\\\/\",\"name\":\"Buletin de Bucure\u0219ti\",\"description\":\"\u0218tiri \u0219i investiga\u021bii esen\u021biale din capital\u0103\",\"publisher\":{\"@id\":\"https:\\\/\\\/buletin.de\\\/bucuresti\\\/#organization\"},\"potentialAction\":[{\"@type\":\"SearchAction\",\"target\":{\"@type\":\"EntryPoint\",\"urlTemplate\":\"https:\\\/\\\/buletin.de\\\/bucuresti\\\/?s={search_term_string}\"},\"query-input\":{\"@type\":\"PropertyValueSpecification\",\"valueRequired\":true,\"valueName\":\"search_term_string\"}}],\"inLanguage\":\"en-GB\"},{\"@type\":\"Organization\",\"@id\":\"https:\\\/\\\/buletin.de\\\/bucuresti\\\/#organization\",\"name\":\"Buletin de Bucure\u0219ti\",\"url\":\"https:\\\/\\\/buletin.de\\\/bucuresti\\\/\",\"logo\":{\"@type\":\"ImageObject\",\"inLanguage\":\"en-GB\",\"@id\":\"https:\\\/\\\/buletin.de\\\/bucuresti\\\/#\\\/schema\\\/logo\\\/image\\\/\",\"url\":\"https:\\\/\\\/buletin.de\\\/bucuresti\\\/wp-content\\\/uploads\\\/logo-bdb-full-wide-vernil-transparent.png\",\"contentUrl\":\"https:\\\/\\\/buletin.de\\\/bucuresti\\\/wp-content\\\/uploads\\\/logo-bdb-full-wide-vernil-transparent.png\",\"width\":1782,\"height\":626,\"caption\":\"Buletin de Bucure\u0219ti\"},\"image\":{\"@id\":\"https:\\\/\\\/buletin.de\\\/bucuresti\\\/#\\\/schema\\\/logo\\\/image\\\/\"},\"sameAs\":[\"https:\\\/\\\/www.facebook.com\\\/buletin.de.buc\",\"https:\\\/\\\/www.instagram.com\\\/buletinde.bucuresti\\\/\"]},{\"@type\":\"Person\",\"@id\":\"https:\\\/\\\/buletin.de\\\/bucuresti\\\/#\\\/schema\\\/person\\\/7e46040573290777280a0835d81ea4ea\",\"name\":\"Diana Matei\",\"image\":{\"@type\":\"ImageObject\",\"inLanguage\":\"en-GB\",\"@id\":\"https:\\\/\\\/buletin.de\\\/bucuresti\\\/wp-content\\\/uploads\\\/9-2-96x96.jpg1e8590b30871d70e62ebcdaf2eff570c\",\"url\":\"https:\\\/\\\/buletin.de\\\/bucuresti\\\/wp-content\\\/uploads\\\/9-2-96x96.jpg\",\"contentUrl\":\"https:\\\/\\\/buletin.de\\\/bucuresti\\\/wp-content\\\/uploads\\\/9-2-96x96.jpg\",\"caption\":\"Diana Matei\"},\"url\":\"https:\\\/\\\/buletin.de\\\/bucuresti\\\/author\\\/dianamatei\\\/\"}]}<\/script>\n<!-- \/ Yoast SEO Premium plugin. -->","yoast_head_json":{"title":"Zilele Bucure\u0219tiului 2023 I Programul evenimentelor pentru perioada 20-24 septembrie - Buletin de Bucure\u0219ti","robots":{"index":"index","follow":"follow","max-snippet":"max-snippet:-1","max-image-preview":"max-image-preview:large","max-video-preview":"max-video-preview:-1"},"canonical":"https:\/\/buletin.de\/bucuresti\/zilele-bucurestiului-2023-i-programul-evenimentelor-pentru-perioada-20-24-septembrie\/","og_locale":"en_GB","og_type":"article","og_title":"Zilele Bucure\u0219tiului 2023 I Programul evenimentelor pentru perioada 20-24 septembrie","og_description":"Zilele Bucure\u0219tiului vor fi s\u0103rb\u0103torite \u00een perioada 20-24 septembrie 2023. Prim\u0103ria Capitalei organizeaz\u0103 mai multe evenimente, la 564 de ani de la atestarea documentar\u0103 a ora\u0219ului. Programul evenimentelor: Miercuri, 20 septembrie &#8211; Biblioteca Metropolitan\u0103 Bucure\u0219ti Pe 20 septembrie, Zilele Bucure\u0219tiului se s\u0103rb\u0103toresc la Sediul Central \u201eMihail Sadoveanu\u201d al BMB, din str. Tache Ionescu, nr. 4 [&hellip;]","og_url":"https:\/\/buletin.de\/bucuresti\/zilele-bucurestiului-2023-i-programul-evenimentelor-pentru-perioada-20-24-septembrie\/","og_site_name":"Buletin de Bucure\u0219ti","article_publisher":"https:\/\/www.facebook.com\/buletin.de.buc","article_published_time":"2023-09-20T10:52:50+00:00","article_modified_time":"2023-09-20T20:00:54+00:00","og_image":[{"width":2048,"height":1365,"url":"https:\/\/buletin.de\/bucuresti\/wp-content\/uploads\/379929849_816980117096801_4689331741184900714_n-1.jpg","type":"image\/jpeg"}],"author":"Diana Matei","twitter_card":"summary_large_image","twitter_misc":{"Written by":"Diana Matei","Estimated reading time":"3 minutes"},"schema":{"@context":"https:\/\/schema.org","@graph":[{"@type":"Article","@id":"https:\/\/buletin.de\/bucuresti\/zilele-bucurestiului-2023-i-programul-evenimentelor-pentru-perioada-20-24-septembrie\/#article","isPartOf":{"@id":"https:\/\/buletin.de\/bucuresti\/zilele-bucurestiului-2023-i-programul-evenimentelor-pentru-perioada-20-24-septembrie\/"},"author":{"name":"Diana Matei","@id":"https:\/\/buletin.de\/bucuresti\/#\/schema\/person\/7e46040573290777280a0835d81ea4ea"},"headline":"Zilele Bucure\u0219tiului 2023 I Programul evenimentelor pentru perioada 20-24 septembrie","datePublished":"2023-09-20T10:52:50+00:00","dateModified":"2023-09-20T20:00:54+00:00","mainEntityOfPage":{"@id":"https:\/\/buletin.de\/bucuresti\/zilele-bucurestiului-2023-i-programul-evenimentelor-pentru-perioada-20-24-septembrie\/"},"wordCount":568,"publisher":{"@id":"https:\/\/buletin.de\/bucuresti\/#organization"},"image":{"@id":"https:\/\/buletin.de\/bucuresti\/zilele-bucurestiului-2023-i-programul-evenimentelor-pentru-perioada-20-24-septembrie\/#primaryimage"},"thumbnailUrl":"https:\/\/buletin.de\/bucuresti\/wp-content\/uploads\/379929849_816980117096801_4689331741184900714_n-1.jpg","keywords":["arcub","biblioteca metropolitana","zilele bucurestiului"],"articleSection":["Main"],"inLanguage":"en-GB","copyrightYear":"2023","copyrightHolder":{"@id":"https:\/\/buletin.de\/bucuresti\/#organization"}},{"@type":"WebPage","@id":"https:\/\/buletin.de\/bucuresti\/zilele-bucurestiului-2023-i-programul-evenimentelor-pentru-perioada-20-24-septembrie\/","url":"https:\/\/buletin.de\/bucuresti\/zilele-bucurestiului-2023-i-programul-evenimentelor-pentru-perioada-20-24-septembrie\/","name":"Zilele Bucure\u0219tiului 2023 I Programul evenimentelor pentru perioada 20-24 septembrie - Buletin de Bucure\u0219ti","isPartOf":{"@id":"https:\/\/buletin.de\/bucuresti\/#website"},"primaryImageOfPage":{"@id":"https:\/\/buletin.de\/bucuresti\/zilele-bucurestiului-2023-i-programul-evenimentelor-pentru-perioada-20-24-septembrie\/#primaryimage"},"image":{"@id":"https:\/\/buletin.de\/bucuresti\/zilele-bucurestiului-2023-i-programul-evenimentelor-pentru-perioada-20-24-septembrie\/#primaryimage"},"thumbnailUrl":"https:\/\/buletin.de\/bucuresti\/wp-content\/uploads\/379929849_816980117096801_4689331741184900714_n-1.jpg","datePublished":"2023-09-20T10:52:50+00:00","dateModified":"2023-09-20T20:00:54+00:00","breadcrumb":{"@id":"https:\/\/buletin.de\/bucuresti\/zilele-bucurestiului-2023-i-programul-evenimentelor-pentru-perioada-20-24-septembrie\/#breadcrumb"},"inLanguage":"en-GB","potentialAction":[{"@type":"ReadAction","target":["https:\/\/buletin.de\/bucuresti\/zilele-bucurestiului-2023-i-programul-evenimentelor-pentru-perioada-20-24-septembrie\/"]}]},{"@type":"ImageObject","inLanguage":"en-GB","@id":"https:\/\/buletin.de\/bucuresti\/zilele-bucurestiului-2023-i-programul-evenimentelor-pentru-perioada-20-24-septembrie\/#primaryimage","url":"https:\/\/buletin.de\/bucuresti\/wp-content\/uploads\/379929849_816980117096801_4689331741184900714_n-1.jpg","contentUrl":"https:\/\/buletin.de\/bucuresti\/wp-content\/uploads\/379929849_816980117096801_4689331741184900714_n-1.jpg","width":2048,"height":1365},{"@type":"BreadcrumbList","@id":"https:\/\/buletin.de\/bucuresti\/zilele-bucurestiului-2023-i-programul-evenimentelor-pentru-perioada-20-24-septembrie\/#breadcrumb","itemListElement":[{"@type":"ListItem","position":1,"name":"Acas\u0103","item":"https:\/\/buletin.de\/bucuresti\/"},{"@type":"ListItem","position":2,"name":"Zilele Bucure\u0219tiului 2023 I Programul evenimentelor pentru perioada 20-24 septembrie"}]},{"@type":"WebSite","@id":"https:\/\/buletin.de\/bucuresti\/#website","url":"https:\/\/buletin.de\/bucuresti\/","name":"Buletin de Bucure\u0219ti","description":"\u0218tiri \u0219i investiga\u021bii esen\u021biale din capital\u0103","publisher":{"@id":"https:\/\/buletin.de\/bucuresti\/#organization"},"potentialAction":[{"@type":"SearchAction","target":{"@type":"EntryPoint","urlTemplate":"https:\/\/buletin.de\/bucuresti\/?s={search_term_string}"},"query-input":{"@type":"PropertyValueSpecification","valueRequired":true,"valueName":"search_term_string"}}],"inLanguage":"en-GB"},{"@type":"Organization","@id":"https:\/\/buletin.de\/bucuresti\/#organization","name":"Buletin de Bucure\u0219ti","url":"https:\/\/buletin.de\/bucuresti\/","logo":{"@type":"ImageObject","inLanguage":"en-GB","@id":"https:\/\/buletin.de\/bucuresti\/#\/schema\/logo\/image\/","url":"https:\/\/buletin.de\/bucuresti\/wp-content\/uploads\/logo-bdb-full-wide-vernil-transparent.png","contentUrl":"https:\/\/buletin.de\/bucuresti\/wp-content\/uploads\/logo-bdb-full-wide-vernil-transparent.png","width":1782,"height":626,"caption":"Buletin de Bucure\u0219ti"},"image":{"@id":"https:\/\/buletin.de\/bucuresti\/#\/schema\/logo\/image\/"},"sameAs":["https:\/\/www.facebook.com\/buletin.de.buc","https:\/\/www.instagram.com\/buletinde.bucuresti\/"]},{"@type":"Person","@id":"https:\/\/buletin.de\/bucuresti\/#\/schema\/person\/7e46040573290777280a0835d81ea4ea","name":"Diana Matei","image":{"@type":"ImageObject","inLanguage":"en-GB","@id":"https:\/\/buletin.de\/bucuresti\/wp-content\/uploads\/9-2-96x96.jpg1e8590b30871d70e62ebcdaf2eff570c","url":"https:\/\/buletin.de\/bucuresti\/wp-content\/uploads\/9-2-96x96.jpg","contentUrl":"https:\/\/buletin.de\/bucuresti\/wp-content\/uploads\/9-2-96x96.jpg","caption":"Diana Matei"},"url":"https:\/\/buletin.de\/bucuresti\/author\/dianamatei\/"}]}},"authors":[{"term_id":22574,"user_id":49,"is_guest":0,"slug":"dianamatei","display_name":"Diana Matei","avatar_url":"https:\/\/buletin.de\/bucuresti\/wp-content\/uploads\/9-2-96x96.jpg","0":null,"1":"","2":"","3":"","4":"","5":"","6":"","7":"","8":""}],"_links":{"self":[{"href":"https:\/\/buletin.de\/bucuresti\/wp-json\/wp\/v2\/posts\/64931","targetHints":{"allow":["GET"]}}],"collection":[{"href":"https:\/\/buletin.de\/bucuresti\/wp-json\/wp\/v2\/posts"}],"about":[{"href":"https:\/\/buletin.de\/bucuresti\/wp-json\/wp\/v2\/types\/post"}],"author":[{"embeddable":true,"href":"https:\/\/buletin.de\/bucuresti\/wp-json\/wp\/v2\/users\/49"}],"replies":[{"embeddable":true,"href":"https:\/\/buletin.de\/bucuresti\/wp-json\/wp\/v2\/comments?post=64931"}],"version-history":[{"count":1,"href":"https:\/\/buletin.de\/bucuresti\/wp-json\/wp\/v2\/posts\/64931\/revisions"}],"predecessor-version":[{"id":64962,"href":"https:\/\/buletin.de\/bucuresti\/wp-json\/wp\/v2\/posts\/64931\/revisions\/64962"}],"wp:featuredmedia":[{"embeddable":true,"href":"https:\/\/buletin.de\/bucuresti\/wp-json\/wp\/v2\/media\/64938"}],"wp:attachment":[{"href":"https:\/\/buletin.de\/bucuresti\/wp-json\/wp\/v2\/media?parent=64931"}],"wp:term":[{"taxonomy":"category","embeddable":true,"href":"https:\/\/buletin.de\/bucuresti\/wp-json\/wp\/v2\/categories?post=64931"},{"taxonomy":"post_tag","embeddable":true,"href":"https:\/\/buletin.de\/bucuresti\/wp-json\/wp\/v2\/tags?post=64931"},{"taxonomy":"author","embeddable":true,"href":"https:\/\/buletin.de\/bucuresti\/wp-json\/wp\/v2\/ppma_author?post=64931"}],"curies":[{"name":"wp","href":"https:\/\/api.w.org\/{rel}","templated":true}]}}