{"id":6472,"date":"2020-04-28T19:16:31","date_gmt":"2020-04-28T16:16:31","guid":{"rendered":"https:\/\/buletin.de\/bucuresti\/?p=6472"},"modified":"2020-04-28T19:16:31","modified_gmt":"2020-04-28T16:16:31","slug":"buletindevestibune-fapte-bune-pe-doua-roti","status":"publish","type":"post","link":"https:\/\/buletin.de\/bucuresti\/buletindevestibune-fapte-bune-pe-doua-roti\/","title":{"rendered":"#buletindevestibune | Fapte bune pe dou\u0103 ro\u021bi"},"content":{"rendered":"\n<p>Sute de cicli\u0219ti &#8211; amatori \u0219i profesioni\u0219ti deopotriv\u0103 &#8211; au pus m\u00e2n\u0103 de la m\u00e2n\u0103 \u0219i au organizat o <a href=\"https:\/\/pedalampentruviata.ro\">competi\u021bie virtual\u0103<\/a> \u00een aceast\u0103 perioad\u0103, cu dublu scop: s\u0103 se men\u021bin\u0103 \u00een form\u0103 \u0219i s\u0103 ajute la lupta \u00eempotriva coronavirusului.<\/p>\n\n\n\n<p>Competi\u021bia e virtual\u0103, \u00eens\u0103 efortul participan\u021bilor e c\u00e2t se poate de real! Cu o biciclet\u0103 conectat\u0103 la un aparat \u0219i o aplica\u021bie, cicli\u0219tii particip\u0103 la o curs\u0103 cu acela\u0219i nivel de dificultate ca \u00een realitate, doar c\u0103 dau la pedale \u00een propria lor cas\u0103. <\/p>\n\n\n\n<p>Partea caritabil\u0103 e simpl\u0103: taxele de \u00eenscriere au fost str\u00e2nse \u0219i vor ajunge \u00een conturile Asocia\u021biei Magic, iar sumele vor ajuta la dotarea spitalelor. P\u00e2n\u0103 \u00een acest moment s-au str\u00e2ns 27.000 lei, dar organizatorii mai au \u00een plan curse p\u00e2n\u0103 la jum\u0103tatea lunii mai.<\/p>\n\n\n\n<iframe style=\"width: 100%; height: 430px;\" src=\"https:\/\/www.youtube.com\/embed\/dLFWB6WcAzw\" frameborder=\"0\" allow=\"accelerometer; autoplay; encrypted-media; gyroscope; picture-in-picture\" allowfullscreen><\/iframe>\n\n\n\n<p>De la \u00eenceputul lunii aprilie \u0219i p\u00e2n\u0103 acum, sutele de cicli\u0219ti \u00eenscri\u0219i au participat la <a href=\"https:\/\/pedalampentruviata.ro\/calendar\/\">10 curse<\/a>, cu trasee transpuse virtual \u00eentocmai cu cele din realitate.<\/p>\n","protected":false},"excerpt":{"rendered":"<p>Sute de cicli\u0219ti &#8211; amatori \u0219i profesioni\u0219ti deopotriv\u0103 &#8211; au pus m\u00e2n\u0103 de la m\u00e2n\u0103 \u0219i au organizat o competi\u021bie virtual\u0103 \u00een aceast\u0103 perioad\u0103, cu dublu scop: s\u0103 se men\u021bin\u0103 \u00een form\u0103 \u0219i s\u0103 ajute la lupta \u00eempotriva coronavirusului. Competi\u021bia e virtual\u0103, \u00eens\u0103 efortul participan\u021bilor e c\u00e2t se poate de real! Cu o biciclet\u0103 conectat\u0103 [&hellip;]<\/p>\n","protected":false},"author":8,"featured_media":6473,"comment_status":"closed","ping_status":"open","sticky":false,"template":"","format":"standard","meta":{"_acf_changed":false,"inline_featured_image":false,"ngg_post_thumbnail":0,"footnotes":""},"categories":[169],"tags":[805,955,956,529,640,957,921],"ppma_author":[22586],"class_list":["post-6472","post","type-post","status-publish","format-standard","has-post-thumbnail","hentry","category-reportaj","tag-buletin-de-vesti-bune","tag-ciclism","tag-ciclism-virtual","tag-coronavirus","tag-covid","tag-cursa-caritabila","tag-fapte-bune"],"acf":[],"yoast_head":"<!-- This site is optimized with the Yoast SEO Premium plugin v25.3 (Yoast SEO v27.4) - https:\/\/yoast.com\/product\/yoast-seo-premium-wordpress\/ -->\n<title>#buletindevestibune | Fapte bune pe dou\u0103 ro\u021bi - Buletin de Bucure\u0219ti<\/title>\n<meta name=\"robots\" content=\"index, follow, max-snippet:-1, max-image-preview:large, max-video-preview:-1\" \/>\n<link rel=\"canonical\" href=\"https:\/\/buletin.de\/bucuresti\/buletindevestibune-fapte-bune-pe-doua-roti\/\" \/>\n<meta property=\"og:locale\" content=\"en_GB\" \/>\n<meta property=\"og:type\" content=\"article\" \/>\n<meta property=\"og:title\" content=\"#buletindevestibune | Fapte bune pe dou\u0103 ro\u021bi\" \/>\n<meta property=\"og:description\" content=\"Sute de cicli\u0219ti &#8211; amatori \u0219i profesioni\u0219ti deopotriv\u0103 &#8211; au pus m\u00e2n\u0103 de la m\u00e2n\u0103 \u0219i au organizat o competi\u021bie virtual\u0103 \u00een aceast\u0103 perioad\u0103, cu dublu scop: s\u0103 se men\u021bin\u0103 \u00een form\u0103 \u0219i s\u0103 ajute la lupta \u00eempotriva coronavirusului. Competi\u021bia e virtual\u0103, \u00eens\u0103 efortul participan\u021bilor e c\u00e2t se poate de real! Cu o biciclet\u0103 conectat\u0103 [&hellip;]\" \/>\n<meta property=\"og:url\" content=\"https:\/\/buletin.de\/bucuresti\/buletindevestibune-fapte-bune-pe-doua-roti\/\" \/>\n<meta property=\"og:site_name\" content=\"Buletin de Bucure\u0219ti\" \/>\n<meta property=\"article:publisher\" content=\"https:\/\/www.facebook.com\/buletin.de.buc\" \/>\n<meta property=\"article:published_time\" content=\"2020-04-28T16:16:31+00:00\" \/>\n<meta property=\"og:image\" content=\"https:\/\/buletin.de\/bucuresti\/wp-content\/uploads\/biciclete.jpg\" \/>\n\t<meta property=\"og:image:width\" content=\"1200\" \/>\n\t<meta property=\"og:image:height\" content=\"802\" \/>\n\t<meta property=\"og:image:type\" content=\"image\/jpeg\" \/>\n<meta name=\"author\" content=\"Ionu\u021b Lepa\" \/>\n<meta name=\"twitter:card\" content=\"summary_large_image\" \/>\n<meta name=\"twitter:label1\" content=\"Written by\" \/>\n\t<meta name=\"twitter:data1\" content=\"Ionu\u021b Lepa\" \/>\n\t<meta name=\"twitter:label2\" content=\"Estimated reading time\" \/>\n\t<meta name=\"twitter:data2\" content=\"1 minute\" \/>\n<script type=\"application\/ld+json\" class=\"yoast-schema-graph\">{\"@context\":\"https:\\\/\\\/schema.org\",\"@graph\":[{\"@type\":\"Article\",\"@id\":\"https:\\\/\\\/buletin.de\\\/bucuresti\\\/buletindevestibune-fapte-bune-pe-doua-roti\\\/#article\",\"isPartOf\":{\"@id\":\"https:\\\/\\\/buletin.de\\\/bucuresti\\\/buletindevestibune-fapte-bune-pe-doua-roti\\\/\"},\"author\":{\"name\":\"Ionu\u021b Lepa\",\"@id\":\"https:\\\/\\\/buletin.de\\\/bucuresti\\\/#\\\/schema\\\/person\\\/5272b8a057b33890940b57b837fc4ce6\"},\"headline\":\"#buletindevestibune | Fapte bune pe dou\u0103 ro\u021bi\",\"datePublished\":\"2020-04-28T16:16:31+00:00\",\"mainEntityOfPage\":{\"@id\":\"https:\\\/\\\/buletin.de\\\/bucuresti\\\/buletindevestibune-fapte-bune-pe-doua-roti\\\/\"},\"wordCount\":179,\"publisher\":{\"@id\":\"https:\\\/\\\/buletin.de\\\/bucuresti\\\/#organization\"},\"image\":{\"@id\":\"https:\\\/\\\/buletin.de\\\/bucuresti\\\/buletindevestibune-fapte-bune-pe-doua-roti\\\/#primaryimage\"},\"thumbnailUrl\":\"https:\\\/\\\/buletin.de\\\/bucuresti\\\/wp-content\\\/uploads\\\/biciclete.jpg\",\"keywords\":[\"Buletin de ve\u0219ti bune\",\"ciclism\",\"ciclism virtual\",\"coronavirus\",\"covid\",\"cursa caritabila\",\"fapte bune\"],\"articleSection\":[\"Reportaj\"],\"inLanguage\":\"en-GB\",\"copyrightYear\":\"2020\",\"copyrightHolder\":{\"@id\":\"https:\\\/\\\/buletin.de\\\/bucuresti\\\/#organization\"}},{\"@type\":\"WebPage\",\"@id\":\"https:\\\/\\\/buletin.de\\\/bucuresti\\\/buletindevestibune-fapte-bune-pe-doua-roti\\\/\",\"url\":\"https:\\\/\\\/buletin.de\\\/bucuresti\\\/buletindevestibune-fapte-bune-pe-doua-roti\\\/\",\"name\":\"#buletindevestibune | Fapte bune pe dou\u0103 ro\u021bi - Buletin de Bucure\u0219ti\",\"isPartOf\":{\"@id\":\"https:\\\/\\\/buletin.de\\\/bucuresti\\\/#website\"},\"primaryImageOfPage\":{\"@id\":\"https:\\\/\\\/buletin.de\\\/bucuresti\\\/buletindevestibune-fapte-bune-pe-doua-roti\\\/#primaryimage\"},\"image\":{\"@id\":\"https:\\\/\\\/buletin.de\\\/bucuresti\\\/buletindevestibune-fapte-bune-pe-doua-roti\\\/#primaryimage\"},\"thumbnailUrl\":\"https:\\\/\\\/buletin.de\\\/bucuresti\\\/wp-content\\\/uploads\\\/biciclete.jpg\",\"datePublished\":\"2020-04-28T16:16:31+00:00\",\"breadcrumb\":{\"@id\":\"https:\\\/\\\/buletin.de\\\/bucuresti\\\/buletindevestibune-fapte-bune-pe-doua-roti\\\/#breadcrumb\"},\"inLanguage\":\"en-GB\",\"potentialAction\":[{\"@type\":\"ReadAction\",\"target\":[\"https:\\\/\\\/buletin.de\\\/bucuresti\\\/buletindevestibune-fapte-bune-pe-doua-roti\\\/\"]}]},{\"@type\":\"ImageObject\",\"inLanguage\":\"en-GB\",\"@id\":\"https:\\\/\\\/buletin.de\\\/bucuresti\\\/buletindevestibune-fapte-bune-pe-doua-roti\\\/#primaryimage\",\"url\":\"https:\\\/\\\/buletin.de\\\/bucuresti\\\/wp-content\\\/uploads\\\/biciclete.jpg\",\"contentUrl\":\"https:\\\/\\\/buletin.de\\\/bucuresti\\\/wp-content\\\/uploads\\\/biciclete.jpg\",\"width\":1200,\"height\":802},{\"@type\":\"BreadcrumbList\",\"@id\":\"https:\\\/\\\/buletin.de\\\/bucuresti\\\/buletindevestibune-fapte-bune-pe-doua-roti\\\/#breadcrumb\",\"itemListElement\":[{\"@type\":\"ListItem\",\"position\":1,\"name\":\"Acas\u0103\",\"item\":\"https:\\\/\\\/buletin.de\\\/bucuresti\\\/\"},{\"@type\":\"ListItem\",\"position\":2,\"name\":\"#buletindevestibune | Fapte bune pe dou\u0103 ro\u021bi\"}]},{\"@type\":\"WebSite\",\"@id\":\"https:\\\/\\\/buletin.de\\\/bucuresti\\\/#website\",\"url\":\"https:\\\/\\\/buletin.de\\\/bucuresti\\\/\",\"name\":\"Buletin de Bucure\u0219ti\",\"description\":\"\u0218tiri \u0219i investiga\u021bii esen\u021biale din capital\u0103\",\"publisher\":{\"@id\":\"https:\\\/\\\/buletin.de\\\/bucuresti\\\/#organization\"},\"potentialAction\":[{\"@type\":\"SearchAction\",\"target\":{\"@type\":\"EntryPoint\",\"urlTemplate\":\"https:\\\/\\\/buletin.de\\\/bucuresti\\\/?s={search_term_string}\"},\"query-input\":{\"@type\":\"PropertyValueSpecification\",\"valueRequired\":true,\"valueName\":\"search_term_string\"}}],\"inLanguage\":\"en-GB\"},{\"@type\":\"Organization\",\"@id\":\"https:\\\/\\\/buletin.de\\\/bucuresti\\\/#organization\",\"name\":\"Buletin de Bucure\u0219ti\",\"url\":\"https:\\\/\\\/buletin.de\\\/bucuresti\\\/\",\"logo\":{\"@type\":\"ImageObject\",\"inLanguage\":\"en-GB\",\"@id\":\"https:\\\/\\\/buletin.de\\\/bucuresti\\\/#\\\/schema\\\/logo\\\/image\\\/\",\"url\":\"https:\\\/\\\/buletin.de\\\/bucuresti\\\/wp-content\\\/uploads\\\/logo-bdb-full-wide-vernil-transparent.png\",\"contentUrl\":\"https:\\\/\\\/buletin.de\\\/bucuresti\\\/wp-content\\\/uploads\\\/logo-bdb-full-wide-vernil-transparent.png\",\"width\":1782,\"height\":626,\"caption\":\"Buletin de Bucure\u0219ti\"},\"image\":{\"@id\":\"https:\\\/\\\/buletin.de\\\/bucuresti\\\/#\\\/schema\\\/logo\\\/image\\\/\"},\"sameAs\":[\"https:\\\/\\\/www.facebook.com\\\/buletin.de.buc\",\"https:\\\/\\\/www.instagram.com\\\/buletinde.bucuresti\\\/\"]},{\"@type\":\"Person\",\"@id\":\"https:\\\/\\\/buletin.de\\\/bucuresti\\\/#\\\/schema\\\/person\\\/5272b8a057b33890940b57b837fc4ce6\",\"name\":\"Ionu\u021b Lepa\",\"image\":{\"@type\":\"ImageObject\",\"inLanguage\":\"en-GB\",\"@id\":\"https:\\\/\\\/buletin.de\\\/bucuresti\\\/wp-content\\\/uploads\\\/Ionut-Lepa-96x96.jpg5c4e4d9e049808799a8821652d2410a4\",\"url\":\"https:\\\/\\\/buletin.de\\\/bucuresti\\\/wp-content\\\/uploads\\\/Ionut-Lepa-96x96.jpg\",\"contentUrl\":\"https:\\\/\\\/buletin.de\\\/bucuresti\\\/wp-content\\\/uploads\\\/Ionut-Lepa-96x96.jpg\",\"caption\":\"Ionu\u021b Lepa\"},\"url\":\"https:\\\/\\\/buletin.de\\\/bucuresti\\\/author\\\/ionutlepa\\\/\"}]}<\/script>\n<!-- \/ Yoast SEO Premium plugin. -->","yoast_head_json":{"title":"#buletindevestibune | Fapte bune pe dou\u0103 ro\u021bi - Buletin de Bucure\u0219ti","robots":{"index":"index","follow":"follow","max-snippet":"max-snippet:-1","max-image-preview":"max-image-preview:large","max-video-preview":"max-video-preview:-1"},"canonical":"https:\/\/buletin.de\/bucuresti\/buletindevestibune-fapte-bune-pe-doua-roti\/","og_locale":"en_GB","og_type":"article","og_title":"#buletindevestibune | Fapte bune pe dou\u0103 ro\u021bi","og_description":"Sute de cicli\u0219ti &#8211; amatori \u0219i profesioni\u0219ti deopotriv\u0103 &#8211; au pus m\u00e2n\u0103 de la m\u00e2n\u0103 \u0219i au organizat o competi\u021bie virtual\u0103 \u00een aceast\u0103 perioad\u0103, cu dublu scop: s\u0103 se men\u021bin\u0103 \u00een form\u0103 \u0219i s\u0103 ajute la lupta \u00eempotriva coronavirusului. Competi\u021bia e virtual\u0103, \u00eens\u0103 efortul participan\u021bilor e c\u00e2t se poate de real! Cu o biciclet\u0103 conectat\u0103 [&hellip;]","og_url":"https:\/\/buletin.de\/bucuresti\/buletindevestibune-fapte-bune-pe-doua-roti\/","og_site_name":"Buletin de Bucure\u0219ti","article_publisher":"https:\/\/www.facebook.com\/buletin.de.buc","article_published_time":"2020-04-28T16:16:31+00:00","og_image":[{"width":1200,"height":802,"url":"https:\/\/buletin.de\/bucuresti\/wp-content\/uploads\/biciclete.jpg","type":"image\/jpeg"}],"author":"Ionu\u021b Lepa","twitter_card":"summary_large_image","twitter_misc":{"Written by":"Ionu\u021b Lepa","Estimated reading time":"1 minute"},"schema":{"@context":"https:\/\/schema.org","@graph":[{"@type":"Article","@id":"https:\/\/buletin.de\/bucuresti\/buletindevestibune-fapte-bune-pe-doua-roti\/#article","isPartOf":{"@id":"https:\/\/buletin.de\/bucuresti\/buletindevestibune-fapte-bune-pe-doua-roti\/"},"author":{"name":"Ionu\u021b Lepa","@id":"https:\/\/buletin.de\/bucuresti\/#\/schema\/person\/5272b8a057b33890940b57b837fc4ce6"},"headline":"#buletindevestibune | Fapte bune pe dou\u0103 ro\u021bi","datePublished":"2020-04-28T16:16:31+00:00","mainEntityOfPage":{"@id":"https:\/\/buletin.de\/bucuresti\/buletindevestibune-fapte-bune-pe-doua-roti\/"},"wordCount":179,"publisher":{"@id":"https:\/\/buletin.de\/bucuresti\/#organization"},"image":{"@id":"https:\/\/buletin.de\/bucuresti\/buletindevestibune-fapte-bune-pe-doua-roti\/#primaryimage"},"thumbnailUrl":"https:\/\/buletin.de\/bucuresti\/wp-content\/uploads\/biciclete.jpg","keywords":["Buletin de ve\u0219ti bune","ciclism","ciclism virtual","coronavirus","covid","cursa caritabila","fapte bune"],"articleSection":["Reportaj"],"inLanguage":"en-GB","copyrightYear":"2020","copyrightHolder":{"@id":"https:\/\/buletin.de\/bucuresti\/#organization"}},{"@type":"WebPage","@id":"https:\/\/buletin.de\/bucuresti\/buletindevestibune-fapte-bune-pe-doua-roti\/","url":"https:\/\/buletin.de\/bucuresti\/buletindevestibune-fapte-bune-pe-doua-roti\/","name":"#buletindevestibune | Fapte bune pe dou\u0103 ro\u021bi - Buletin de Bucure\u0219ti","isPartOf":{"@id":"https:\/\/buletin.de\/bucuresti\/#website"},"primaryImageOfPage":{"@id":"https:\/\/buletin.de\/bucuresti\/buletindevestibune-fapte-bune-pe-doua-roti\/#primaryimage"},"image":{"@id":"https:\/\/buletin.de\/bucuresti\/buletindevestibune-fapte-bune-pe-doua-roti\/#primaryimage"},"thumbnailUrl":"https:\/\/buletin.de\/bucuresti\/wp-content\/uploads\/biciclete.jpg","datePublished":"2020-04-28T16:16:31+00:00","breadcrumb":{"@id":"https:\/\/buletin.de\/bucuresti\/buletindevestibune-fapte-bune-pe-doua-roti\/#breadcrumb"},"inLanguage":"en-GB","potentialAction":[{"@type":"ReadAction","target":["https:\/\/buletin.de\/bucuresti\/buletindevestibune-fapte-bune-pe-doua-roti\/"]}]},{"@type":"ImageObject","inLanguage":"en-GB","@id":"https:\/\/buletin.de\/bucuresti\/buletindevestibune-fapte-bune-pe-doua-roti\/#primaryimage","url":"https:\/\/buletin.de\/bucuresti\/wp-content\/uploads\/biciclete.jpg","contentUrl":"https:\/\/buletin.de\/bucuresti\/wp-content\/uploads\/biciclete.jpg","width":1200,"height":802},{"@type":"BreadcrumbList","@id":"https:\/\/buletin.de\/bucuresti\/buletindevestibune-fapte-bune-pe-doua-roti\/#breadcrumb","itemListElement":[{"@type":"ListItem","position":1,"name":"Acas\u0103","item":"https:\/\/buletin.de\/bucuresti\/"},{"@type":"ListItem","position":2,"name":"#buletindevestibune | Fapte bune pe dou\u0103 ro\u021bi"}]},{"@type":"WebSite","@id":"https:\/\/buletin.de\/bucuresti\/#website","url":"https:\/\/buletin.de\/bucuresti\/","name":"Buletin de Bucure\u0219ti","description":"\u0218tiri \u0219i investiga\u021bii esen\u021biale din capital\u0103","publisher":{"@id":"https:\/\/buletin.de\/bucuresti\/#organization"},"potentialAction":[{"@type":"SearchAction","target":{"@type":"EntryPoint","urlTemplate":"https:\/\/buletin.de\/bucuresti\/?s={search_term_string}"},"query-input":{"@type":"PropertyValueSpecification","valueRequired":true,"valueName":"search_term_string"}}],"inLanguage":"en-GB"},{"@type":"Organization","@id":"https:\/\/buletin.de\/bucuresti\/#organization","name":"Buletin de Bucure\u0219ti","url":"https:\/\/buletin.de\/bucuresti\/","logo":{"@type":"ImageObject","inLanguage":"en-GB","@id":"https:\/\/buletin.de\/bucuresti\/#\/schema\/logo\/image\/","url":"https:\/\/buletin.de\/bucuresti\/wp-content\/uploads\/logo-bdb-full-wide-vernil-transparent.png","contentUrl":"https:\/\/buletin.de\/bucuresti\/wp-content\/uploads\/logo-bdb-full-wide-vernil-transparent.png","width":1782,"height":626,"caption":"Buletin de Bucure\u0219ti"},"image":{"@id":"https:\/\/buletin.de\/bucuresti\/#\/schema\/logo\/image\/"},"sameAs":["https:\/\/www.facebook.com\/buletin.de.buc","https:\/\/www.instagram.com\/buletinde.bucuresti\/"]},{"@type":"Person","@id":"https:\/\/buletin.de\/bucuresti\/#\/schema\/person\/5272b8a057b33890940b57b837fc4ce6","name":"Ionu\u021b Lepa","image":{"@type":"ImageObject","inLanguage":"en-GB","@id":"https:\/\/buletin.de\/bucuresti\/wp-content\/uploads\/Ionut-Lepa-96x96.jpg5c4e4d9e049808799a8821652d2410a4","url":"https:\/\/buletin.de\/bucuresti\/wp-content\/uploads\/Ionut-Lepa-96x96.jpg","contentUrl":"https:\/\/buletin.de\/bucuresti\/wp-content\/uploads\/Ionut-Lepa-96x96.jpg","caption":"Ionu\u021b Lepa"},"url":"https:\/\/buletin.de\/bucuresti\/author\/ionutlepa\/"}]}},"authors":[{"term_id":22586,"user_id":8,"is_guest":0,"slug":"ionutlepa","display_name":"Ionu\u021b Lepa","avatar_url":"https:\/\/buletin.de\/bucuresti\/wp-content\/uploads\/Ionut-Lepa-96x96.jpg","0":null,"1":"","2":"","3":"","4":"","5":"","6":"","7":"","8":""}],"_links":{"self":[{"href":"https:\/\/buletin.de\/bucuresti\/wp-json\/wp\/v2\/posts\/6472","targetHints":{"allow":["GET"]}}],"collection":[{"href":"https:\/\/buletin.de\/bucuresti\/wp-json\/wp\/v2\/posts"}],"about":[{"href":"https:\/\/buletin.de\/bucuresti\/wp-json\/wp\/v2\/types\/post"}],"author":[{"embeddable":true,"href":"https:\/\/buletin.de\/bucuresti\/wp-json\/wp\/v2\/users\/8"}],"replies":[{"embeddable":true,"href":"https:\/\/buletin.de\/bucuresti\/wp-json\/wp\/v2\/comments?post=6472"}],"version-history":[{"count":2,"href":"https:\/\/buletin.de\/bucuresti\/wp-json\/wp\/v2\/posts\/6472\/revisions"}],"predecessor-version":[{"id":6476,"href":"https:\/\/buletin.de\/bucuresti\/wp-json\/wp\/v2\/posts\/6472\/revisions\/6476"}],"wp:featuredmedia":[{"embeddable":true,"href":"https:\/\/buletin.de\/bucuresti\/wp-json\/wp\/v2\/media\/6473"}],"wp:attachment":[{"href":"https:\/\/buletin.de\/bucuresti\/wp-json\/wp\/v2\/media?parent=6472"}],"wp:term":[{"taxonomy":"category","embeddable":true,"href":"https:\/\/buletin.de\/bucuresti\/wp-json\/wp\/v2\/categories?post=6472"},{"taxonomy":"post_tag","embeddable":true,"href":"https:\/\/buletin.de\/bucuresti\/wp-json\/wp\/v2\/tags?post=6472"},{"taxonomy":"author","embeddable":true,"href":"https:\/\/buletin.de\/bucuresti\/wp-json\/wp\/v2\/ppma_author?post=6472"}],"curies":[{"name":"wp","href":"https:\/\/api.w.org\/{rel}","templated":true}]}}