{"id":6463,"date":"2020-04-28T16:30:17","date_gmt":"2020-04-28T13:30:17","guid":{"rendered":"https:\/\/buletin.de\/bucuresti\/?p=6463"},"modified":"2020-04-28T16:30:18","modified_gmt":"2020-04-28T13:30:18","slug":"impreuna-salvam-fabrica-peste-6-000-de-oameni-au-semnat-o-petitie-impotriva-demolarii-cladirii-istorice","status":"publish","type":"post","link":"https:\/\/buletin.de\/bucuresti\/impreuna-salvam-fabrica-peste-6-000-de-oameni-au-semnat-o-petitie-impotriva-demolarii-cladirii-istorice\/","title":{"rendered":"\u201e\u00cempreun\u0103 salv\u0103m Fabrica\u201d &#8211; Peste 6.000 de oameni au semnat o peti\u021bie \u00eempotriva demol\u0103rii cl\u0103dirii istorice"},"content":{"rendered":"\n<p><strong>Peste 6.000 de cet\u0103\u021beni \u0219i-au ad\u0103ugat numele la peti\u021bia online \u201e\u00cempreun\u0103 salv\u0103m Fabrica\u201d care cere Consiliului General al Municipiului Bucure\u0219ti s\u0103 blocheze demolarea cl\u0103dirii Fabrica, o hal\u0103 din secolul XIX devenit\u0103 nod cultural al Capitalei.<\/strong><br><\/p>\n\n\n\n<p><a href=\"https:\/\/www.petitieonline.com\/impreun_alvm_fabrica?uv=23563499\">Peti\u021bia<\/a> vine ca r\u0103spuns la noul Plan Urbanistic Zonal (PUZ) al Companiei Municipale de Dezvoltare Durabil\u0103 care aprob\u0103 construirea unui complex imobiliar pe terenul din strada 11 Iunie unde se afl\u0103 acum clubul Fabrica, \u00een cl\u0103direa fostei fabrici de ciorapi \u0219i tricotaje Apollo, construit\u0103 \u00een 1898. De\u0219i cl\u0103direa face parte dintr-o zon\u0103 \u00een care \u00een\u0103l\u021bimea maxim\u0103 permis\u0103 este de 16 metri, PUZ-ul include \u0219i blocuri de opt etaje care ar avea 34 metri.&nbsp;<br><\/p>\n\n\n\n<p>PUZ-ul este \u201ebrutal cu cl\u0103dirile de patrimoniu \u0219i \u021besutul urban protejat \u00een care se propune\u201d, scriu organizatorii peti\u021biei.&nbsp;<br><\/p>\n\n\n\n<p>Ini\u021biat\u0103 de un grup format din locuitori ai cartierului, arhitec\u021bi, arti\u0219ti, antropologi \u0219i clien\u021bi ai clubului Fabrica, peti\u021bia cere Consiliului General s\u0103 voteze \u00eempotriva noului PUZ care ar aproba demolarea halei din secolul XIX.<br><\/p>\n\n\n\n<p>Proiectul a primit deja avizul Prim\u0103riei Capitalei \u0219i va ajunge la Consiliul General dup\u0103 1 iunie, c\u00e2nd se va termina etapa de dezbatere public\u0103.&nbsp;<br><\/p>\n\n\n\n<p>D\u0103r\u00e2marea halei istorice ar putea \u00eensemna \u0219i sf\u00e2r\u0219itul clubului Fabrica &#8211; cel pu\u021bin \u00een forma sa actual\u0103. Deschis \u00een 2007 \u0219i transformat \u00eentr-un important spa\u021biu cultural al Bucure\u0219tiului de un grup de antreprenori locali, identitatea clubului este str\u00e2ns legat\u0103 de cl\u0103direa de c\u0103r\u0103mid\u0103 decorat\u0103 cu graffiti care \u00eel g\u0103zduie\u0219te.<\/p>\n\n\n\n<p>\u201eLocuiesc aici \u0219i nu \u00eemi doresc un bloc de 8 etaje \u00eentre case interbelice. Fabrica e (&#8230;) deja un loc viu, vibrant, cu poveste\u201d, scrie unul dintre semnatarii peti\u021biei pe platforma <a href=\"https:\/\/www.petitieonline.com\/signatures\/impreun_alvm_fabrica\/?uv=23563499\">petitieonline.com<\/a>. \u201eNu vreau betoane \u0219i sticla aici. Este un precedent periculos \u0219i toxic pentru cartier.\u201d<\/p>\n\n\n\n<p><a href=\"https:\/\/www.petitieonline.com\/impreun_alvm_fabrica?uv=23563499\">Sursa cover<\/a><\/p>\n","protected":false},"excerpt":{"rendered":"<p>Peste 6.000 de cet\u0103\u021beni \u0219i-au ad\u0103ugat numele la peti\u021bia online \u201e\u00cempreun\u0103 salv\u0103m Fabrica\u201d care cere Consiliului General al Municipiului Bucure\u0219ti s\u0103 blocheze demolarea cl\u0103dirii Fabrica, o hal\u0103 din secolul XIX devenit\u0103 nod cultural al Capitalei. Peti\u021bia vine ca r\u0103spuns la noul Plan Urbanistic Zonal (PUZ) al Companiei Municipale de Dezvoltare Durabil\u0103 care aprob\u0103 construirea unui [&hellip;]<\/p>\n","protected":false},"author":15,"featured_media":6466,"comment_status":"closed","ping_status":"open","sticky":false,"template":"","format":"standard","meta":{"_acf_changed":false,"inline_featured_image":false,"ngg_post_thumbnail":0,"footnotes":""},"categories":[169,62],"tags":[246,944,163,946,945,250],"ppma_author":[22592],"class_list":["post-6463","post","type-post","status-publish","format-standard","has-post-thumbnail","hentry","category-reportaj","category-stiri","tag-blocuri","tag-club","tag-demolare","tag-dezvoltare-durabila","tag-fabrica","tag-petitie"],"acf":[],"yoast_head":"<!-- This site is optimized with the Yoast SEO Premium plugin v25.3 (Yoast SEO v27.4) - https:\/\/yoast.com\/product\/yoast-seo-premium-wordpress\/ -->\n<title>\u201e\u00cempreun\u0103 salv\u0103m Fabrica\u201d - Peste 6.000 de oameni au semnat o peti\u021bie \u00eempotriva demol\u0103rii cl\u0103dirii istorice - Buletin de Bucure\u0219ti<\/title>\n<meta name=\"robots\" content=\"index, follow, max-snippet:-1, max-image-preview:large, max-video-preview:-1\" \/>\n<link rel=\"canonical\" href=\"https:\/\/buletin.de\/bucuresti\/impreuna-salvam-fabrica-peste-6-000-de-oameni-au-semnat-o-petitie-impotriva-demolarii-cladirii-istorice\/\" \/>\n<meta property=\"og:locale\" content=\"en_GB\" \/>\n<meta property=\"og:type\" content=\"article\" \/>\n<meta property=\"og:title\" content=\"\u201e\u00cempreun\u0103 salv\u0103m Fabrica\u201d - Peste 6.000 de oameni au semnat o peti\u021bie \u00eempotriva demol\u0103rii cl\u0103dirii istorice\" \/>\n<meta property=\"og:description\" content=\"Peste 6.000 de cet\u0103\u021beni \u0219i-au ad\u0103ugat numele la peti\u021bia online \u201e\u00cempreun\u0103 salv\u0103m Fabrica\u201d care cere Consiliului General al Municipiului Bucure\u0219ti s\u0103 blocheze demolarea cl\u0103dirii Fabrica, o hal\u0103 din secolul XIX devenit\u0103 nod cultural al Capitalei. Peti\u021bia vine ca r\u0103spuns la noul Plan Urbanistic Zonal (PUZ) al Companiei Municipale de Dezvoltare Durabil\u0103 care aprob\u0103 construirea unui [&hellip;]\" \/>\n<meta property=\"og:url\" content=\"https:\/\/buletin.de\/bucuresti\/impreuna-salvam-fabrica-peste-6-000-de-oameni-au-semnat-o-petitie-impotriva-demolarii-cladirii-istorice\/\" \/>\n<meta property=\"og:site_name\" content=\"Buletin de Bucure\u0219ti\" \/>\n<meta property=\"article:publisher\" content=\"https:\/\/www.facebook.com\/buletin.de.buc\" \/>\n<meta property=\"article:published_time\" content=\"2020-04-28T13:30:17+00:00\" \/>\n<meta property=\"article:modified_time\" content=\"2020-04-28T13:30:18+00:00\" \/>\n<meta property=\"og:image\" content=\"https:\/\/buletin.de\/bucuresti\/wp-content\/uploads\/WhatsApp_Image_2020-04-24_at_20.23_.08_2.jpg\" \/>\n\t<meta property=\"og:image:width\" content=\"1600\" \/>\n\t<meta property=\"og:image:height\" content=\"686\" \/>\n\t<meta property=\"og:image:type\" content=\"image\/jpeg\" \/>\n<meta name=\"author\" content=\"Irina Anghel\" \/>\n<meta name=\"twitter:card\" content=\"summary_large_image\" \/>\n<meta name=\"twitter:label1\" content=\"Written by\" \/>\n\t<meta name=\"twitter:data1\" content=\"Irina Anghel\" \/>\n\t<meta name=\"twitter:label2\" content=\"Estimated reading time\" \/>\n\t<meta name=\"twitter:data2\" content=\"2 minutes\" \/>\n<script type=\"application\/ld+json\" class=\"yoast-schema-graph\">{\"@context\":\"https:\\\/\\\/schema.org\",\"@graph\":[{\"@type\":\"Article\",\"@id\":\"https:\\\/\\\/buletin.de\\\/bucuresti\\\/impreuna-salvam-fabrica-peste-6-000-de-oameni-au-semnat-o-petitie-impotriva-demolarii-cladirii-istorice\\\/#article\",\"isPartOf\":{\"@id\":\"https:\\\/\\\/buletin.de\\\/bucuresti\\\/impreuna-salvam-fabrica-peste-6-000-de-oameni-au-semnat-o-petitie-impotriva-demolarii-cladirii-istorice\\\/\"},\"author\":{\"name\":\"Irina Anghel\",\"@id\":\"https:\\\/\\\/buletin.de\\\/bucuresti\\\/#\\\/schema\\\/person\\\/7a01591ad05c4d2c7261fe7f0383d2af\"},\"headline\":\"\u201e\u00cempreun\u0103 salv\u0103m Fabrica\u201d &#8211; Peste 6.000 de oameni au semnat o peti\u021bie \u00eempotriva demol\u0103rii cl\u0103dirii istorice\",\"datePublished\":\"2020-04-28T13:30:17+00:00\",\"dateModified\":\"2020-04-28T13:30:18+00:00\",\"mainEntityOfPage\":{\"@id\":\"https:\\\/\\\/buletin.de\\\/bucuresti\\\/impreuna-salvam-fabrica-peste-6-000-de-oameni-au-semnat-o-petitie-impotriva-demolarii-cladirii-istorice\\\/\"},\"wordCount\":331,\"publisher\":{\"@id\":\"https:\\\/\\\/buletin.de\\\/bucuresti\\\/#organization\"},\"image\":{\"@id\":\"https:\\\/\\\/buletin.de\\\/bucuresti\\\/impreuna-salvam-fabrica-peste-6-000-de-oameni-au-semnat-o-petitie-impotriva-demolarii-cladirii-istorice\\\/#primaryimage\"},\"thumbnailUrl\":\"https:\\\/\\\/buletin.de\\\/bucuresti\\\/wp-content\\\/uploads\\\/WhatsApp_Image_2020-04-24_at_20.23_.08_2.jpg\",\"keywords\":[\"blocuri\",\"club\",\"demolare\",\"dezvoltare durabila\",\"fabrica\",\"petitie\"],\"articleSection\":[\"Reportaj\",\"\u0218tiri\"],\"inLanguage\":\"en-GB\",\"copyrightYear\":\"2020\",\"copyrightHolder\":{\"@id\":\"https:\\\/\\\/buletin.de\\\/bucuresti\\\/#organization\"}},{\"@type\":\"WebPage\",\"@id\":\"https:\\\/\\\/buletin.de\\\/bucuresti\\\/impreuna-salvam-fabrica-peste-6-000-de-oameni-au-semnat-o-petitie-impotriva-demolarii-cladirii-istorice\\\/\",\"url\":\"https:\\\/\\\/buletin.de\\\/bucuresti\\\/impreuna-salvam-fabrica-peste-6-000-de-oameni-au-semnat-o-petitie-impotriva-demolarii-cladirii-istorice\\\/\",\"name\":\"\u201e\u00cempreun\u0103 salv\u0103m Fabrica\u201d - Peste 6.000 de oameni au semnat o peti\u021bie \u00eempotriva demol\u0103rii cl\u0103dirii istorice - Buletin de Bucure\u0219ti\",\"isPartOf\":{\"@id\":\"https:\\\/\\\/buletin.de\\\/bucuresti\\\/#website\"},\"primaryImageOfPage\":{\"@id\":\"https:\\\/\\\/buletin.de\\\/bucuresti\\\/impreuna-salvam-fabrica-peste-6-000-de-oameni-au-semnat-o-petitie-impotriva-demolarii-cladirii-istorice\\\/#primaryimage\"},\"image\":{\"@id\":\"https:\\\/\\\/buletin.de\\\/bucuresti\\\/impreuna-salvam-fabrica-peste-6-000-de-oameni-au-semnat-o-petitie-impotriva-demolarii-cladirii-istorice\\\/#primaryimage\"},\"thumbnailUrl\":\"https:\\\/\\\/buletin.de\\\/bucuresti\\\/wp-content\\\/uploads\\\/WhatsApp_Image_2020-04-24_at_20.23_.08_2.jpg\",\"datePublished\":\"2020-04-28T13:30:17+00:00\",\"dateModified\":\"2020-04-28T13:30:18+00:00\",\"breadcrumb\":{\"@id\":\"https:\\\/\\\/buletin.de\\\/bucuresti\\\/impreuna-salvam-fabrica-peste-6-000-de-oameni-au-semnat-o-petitie-impotriva-demolarii-cladirii-istorice\\\/#breadcrumb\"},\"inLanguage\":\"en-GB\",\"potentialAction\":[{\"@type\":\"ReadAction\",\"target\":[\"https:\\\/\\\/buletin.de\\\/bucuresti\\\/impreuna-salvam-fabrica-peste-6-000-de-oameni-au-semnat-o-petitie-impotriva-demolarii-cladirii-istorice\\\/\"]}]},{\"@type\":\"ImageObject\",\"inLanguage\":\"en-GB\",\"@id\":\"https:\\\/\\\/buletin.de\\\/bucuresti\\\/impreuna-salvam-fabrica-peste-6-000-de-oameni-au-semnat-o-petitie-impotriva-demolarii-cladirii-istorice\\\/#primaryimage\",\"url\":\"https:\\\/\\\/buletin.de\\\/bucuresti\\\/wp-content\\\/uploads\\\/WhatsApp_Image_2020-04-24_at_20.23_.08_2.jpg\",\"contentUrl\":\"https:\\\/\\\/buletin.de\\\/bucuresti\\\/wp-content\\\/uploads\\\/WhatsApp_Image_2020-04-24_at_20.23_.08_2.jpg\",\"width\":1600,\"height\":686},{\"@type\":\"BreadcrumbList\",\"@id\":\"https:\\\/\\\/buletin.de\\\/bucuresti\\\/impreuna-salvam-fabrica-peste-6-000-de-oameni-au-semnat-o-petitie-impotriva-demolarii-cladirii-istorice\\\/#breadcrumb\",\"itemListElement\":[{\"@type\":\"ListItem\",\"position\":1,\"name\":\"Acas\u0103\",\"item\":\"https:\\\/\\\/buletin.de\\\/bucuresti\\\/\"},{\"@type\":\"ListItem\",\"position\":2,\"name\":\"\u201e\u00cempreun\u0103 salv\u0103m Fabrica\u201d &#8211; Peste 6.000 de oameni au semnat o peti\u021bie \u00eempotriva demol\u0103rii cl\u0103dirii istorice\"}]},{\"@type\":\"WebSite\",\"@id\":\"https:\\\/\\\/buletin.de\\\/bucuresti\\\/#website\",\"url\":\"https:\\\/\\\/buletin.de\\\/bucuresti\\\/\",\"name\":\"Buletin de Bucure\u0219ti\",\"description\":\"\u0218tiri \u0219i investiga\u021bii esen\u021biale din capital\u0103\",\"publisher\":{\"@id\":\"https:\\\/\\\/buletin.de\\\/bucuresti\\\/#organization\"},\"potentialAction\":[{\"@type\":\"SearchAction\",\"target\":{\"@type\":\"EntryPoint\",\"urlTemplate\":\"https:\\\/\\\/buletin.de\\\/bucuresti\\\/?s={search_term_string}\"},\"query-input\":{\"@type\":\"PropertyValueSpecification\",\"valueRequired\":true,\"valueName\":\"search_term_string\"}}],\"inLanguage\":\"en-GB\"},{\"@type\":\"Organization\",\"@id\":\"https:\\\/\\\/buletin.de\\\/bucuresti\\\/#organization\",\"name\":\"Buletin de Bucure\u0219ti\",\"url\":\"https:\\\/\\\/buletin.de\\\/bucuresti\\\/\",\"logo\":{\"@type\":\"ImageObject\",\"inLanguage\":\"en-GB\",\"@id\":\"https:\\\/\\\/buletin.de\\\/bucuresti\\\/#\\\/schema\\\/logo\\\/image\\\/\",\"url\":\"https:\\\/\\\/buletin.de\\\/bucuresti\\\/wp-content\\\/uploads\\\/logo-bdb-full-wide-vernil-transparent.png\",\"contentUrl\":\"https:\\\/\\\/buletin.de\\\/bucuresti\\\/wp-content\\\/uploads\\\/logo-bdb-full-wide-vernil-transparent.png\",\"width\":1782,\"height\":626,\"caption\":\"Buletin de Bucure\u0219ti\"},\"image\":{\"@id\":\"https:\\\/\\\/buletin.de\\\/bucuresti\\\/#\\\/schema\\\/logo\\\/image\\\/\"},\"sameAs\":[\"https:\\\/\\\/www.facebook.com\\\/buletin.de.buc\",\"https:\\\/\\\/www.instagram.com\\\/buletinde.bucuresti\\\/\"]},{\"@type\":\"Person\",\"@id\":\"https:\\\/\\\/buletin.de\\\/bucuresti\\\/#\\\/schema\\\/person\\\/7a01591ad05c4d2c7261fe7f0383d2af\",\"name\":\"Irina Anghel\",\"image\":{\"@type\":\"ImageObject\",\"inLanguage\":\"en-GB\",\"@id\":\"https:\\\/\\\/secure.gravatar.com\\\/avatar\\\/e7d429cbd0c7fe915f817961c0ffb96b407bc87e15aa35cee85f77146f8cce7e?s=96&d=monsterid&r=g693374df2a66e3f4935d210ea15b95ff\",\"url\":\"https:\\\/\\\/secure.gravatar.com\\\/avatar\\\/e7d429cbd0c7fe915f817961c0ffb96b407bc87e15aa35cee85f77146f8cce7e?s=96&d=monsterid&r=g\",\"contentUrl\":\"https:\\\/\\\/secure.gravatar.com\\\/avatar\\\/e7d429cbd0c7fe915f817961c0ffb96b407bc87e15aa35cee85f77146f8cce7e?s=96&d=monsterid&r=g\",\"caption\":\"Irina Anghel\"},\"url\":\"https:\\\/\\\/buletin.de\\\/bucuresti\\\/author\\\/irina\\\/\"}]}<\/script>\n<!-- \/ Yoast SEO Premium plugin. -->","yoast_head_json":{"title":"\u201e\u00cempreun\u0103 salv\u0103m Fabrica\u201d - Peste 6.000 de oameni au semnat o peti\u021bie \u00eempotriva demol\u0103rii cl\u0103dirii istorice - Buletin de Bucure\u0219ti","robots":{"index":"index","follow":"follow","max-snippet":"max-snippet:-1","max-image-preview":"max-image-preview:large","max-video-preview":"max-video-preview:-1"},"canonical":"https:\/\/buletin.de\/bucuresti\/impreuna-salvam-fabrica-peste-6-000-de-oameni-au-semnat-o-petitie-impotriva-demolarii-cladirii-istorice\/","og_locale":"en_GB","og_type":"article","og_title":"\u201e\u00cempreun\u0103 salv\u0103m Fabrica\u201d - Peste 6.000 de oameni au semnat o peti\u021bie \u00eempotriva demol\u0103rii cl\u0103dirii istorice","og_description":"Peste 6.000 de cet\u0103\u021beni \u0219i-au ad\u0103ugat numele la peti\u021bia online \u201e\u00cempreun\u0103 salv\u0103m Fabrica\u201d care cere Consiliului General al Municipiului Bucure\u0219ti s\u0103 blocheze demolarea cl\u0103dirii Fabrica, o hal\u0103 din secolul XIX devenit\u0103 nod cultural al Capitalei. Peti\u021bia vine ca r\u0103spuns la noul Plan Urbanistic Zonal (PUZ) al Companiei Municipale de Dezvoltare Durabil\u0103 care aprob\u0103 construirea unui [&hellip;]","og_url":"https:\/\/buletin.de\/bucuresti\/impreuna-salvam-fabrica-peste-6-000-de-oameni-au-semnat-o-petitie-impotriva-demolarii-cladirii-istorice\/","og_site_name":"Buletin de Bucure\u0219ti","article_publisher":"https:\/\/www.facebook.com\/buletin.de.buc","article_published_time":"2020-04-28T13:30:17+00:00","article_modified_time":"2020-04-28T13:30:18+00:00","og_image":[{"width":1600,"height":686,"url":"https:\/\/buletin.de\/bucuresti\/wp-content\/uploads\/WhatsApp_Image_2020-04-24_at_20.23_.08_2.jpg","type":"image\/jpeg"}],"author":"Irina Anghel","twitter_card":"summary_large_image","twitter_misc":{"Written by":"Irina Anghel","Estimated reading time":"2 minutes"},"schema":{"@context":"https:\/\/schema.org","@graph":[{"@type":"Article","@id":"https:\/\/buletin.de\/bucuresti\/impreuna-salvam-fabrica-peste-6-000-de-oameni-au-semnat-o-petitie-impotriva-demolarii-cladirii-istorice\/#article","isPartOf":{"@id":"https:\/\/buletin.de\/bucuresti\/impreuna-salvam-fabrica-peste-6-000-de-oameni-au-semnat-o-petitie-impotriva-demolarii-cladirii-istorice\/"},"author":{"name":"Irina Anghel","@id":"https:\/\/buletin.de\/bucuresti\/#\/schema\/person\/7a01591ad05c4d2c7261fe7f0383d2af"},"headline":"\u201e\u00cempreun\u0103 salv\u0103m Fabrica\u201d &#8211; Peste 6.000 de oameni au semnat o peti\u021bie \u00eempotriva demol\u0103rii cl\u0103dirii istorice","datePublished":"2020-04-28T13:30:17+00:00","dateModified":"2020-04-28T13:30:18+00:00","mainEntityOfPage":{"@id":"https:\/\/buletin.de\/bucuresti\/impreuna-salvam-fabrica-peste-6-000-de-oameni-au-semnat-o-petitie-impotriva-demolarii-cladirii-istorice\/"},"wordCount":331,"publisher":{"@id":"https:\/\/buletin.de\/bucuresti\/#organization"},"image":{"@id":"https:\/\/buletin.de\/bucuresti\/impreuna-salvam-fabrica-peste-6-000-de-oameni-au-semnat-o-petitie-impotriva-demolarii-cladirii-istorice\/#primaryimage"},"thumbnailUrl":"https:\/\/buletin.de\/bucuresti\/wp-content\/uploads\/WhatsApp_Image_2020-04-24_at_20.23_.08_2.jpg","keywords":["blocuri","club","demolare","dezvoltare durabila","fabrica","petitie"],"articleSection":["Reportaj","\u0218tiri"],"inLanguage":"en-GB","copyrightYear":"2020","copyrightHolder":{"@id":"https:\/\/buletin.de\/bucuresti\/#organization"}},{"@type":"WebPage","@id":"https:\/\/buletin.de\/bucuresti\/impreuna-salvam-fabrica-peste-6-000-de-oameni-au-semnat-o-petitie-impotriva-demolarii-cladirii-istorice\/","url":"https:\/\/buletin.de\/bucuresti\/impreuna-salvam-fabrica-peste-6-000-de-oameni-au-semnat-o-petitie-impotriva-demolarii-cladirii-istorice\/","name":"\u201e\u00cempreun\u0103 salv\u0103m Fabrica\u201d - Peste 6.000 de oameni au semnat o peti\u021bie \u00eempotriva demol\u0103rii cl\u0103dirii istorice - Buletin de Bucure\u0219ti","isPartOf":{"@id":"https:\/\/buletin.de\/bucuresti\/#website"},"primaryImageOfPage":{"@id":"https:\/\/buletin.de\/bucuresti\/impreuna-salvam-fabrica-peste-6-000-de-oameni-au-semnat-o-petitie-impotriva-demolarii-cladirii-istorice\/#primaryimage"},"image":{"@id":"https:\/\/buletin.de\/bucuresti\/impreuna-salvam-fabrica-peste-6-000-de-oameni-au-semnat-o-petitie-impotriva-demolarii-cladirii-istorice\/#primaryimage"},"thumbnailUrl":"https:\/\/buletin.de\/bucuresti\/wp-content\/uploads\/WhatsApp_Image_2020-04-24_at_20.23_.08_2.jpg","datePublished":"2020-04-28T13:30:17+00:00","dateModified":"2020-04-28T13:30:18+00:00","breadcrumb":{"@id":"https:\/\/buletin.de\/bucuresti\/impreuna-salvam-fabrica-peste-6-000-de-oameni-au-semnat-o-petitie-impotriva-demolarii-cladirii-istorice\/#breadcrumb"},"inLanguage":"en-GB","potentialAction":[{"@type":"ReadAction","target":["https:\/\/buletin.de\/bucuresti\/impreuna-salvam-fabrica-peste-6-000-de-oameni-au-semnat-o-petitie-impotriva-demolarii-cladirii-istorice\/"]}]},{"@type":"ImageObject","inLanguage":"en-GB","@id":"https:\/\/buletin.de\/bucuresti\/impreuna-salvam-fabrica-peste-6-000-de-oameni-au-semnat-o-petitie-impotriva-demolarii-cladirii-istorice\/#primaryimage","url":"https:\/\/buletin.de\/bucuresti\/wp-content\/uploads\/WhatsApp_Image_2020-04-24_at_20.23_.08_2.jpg","contentUrl":"https:\/\/buletin.de\/bucuresti\/wp-content\/uploads\/WhatsApp_Image_2020-04-24_at_20.23_.08_2.jpg","width":1600,"height":686},{"@type":"BreadcrumbList","@id":"https:\/\/buletin.de\/bucuresti\/impreuna-salvam-fabrica-peste-6-000-de-oameni-au-semnat-o-petitie-impotriva-demolarii-cladirii-istorice\/#breadcrumb","itemListElement":[{"@type":"ListItem","position":1,"name":"Acas\u0103","item":"https:\/\/buletin.de\/bucuresti\/"},{"@type":"ListItem","position":2,"name":"\u201e\u00cempreun\u0103 salv\u0103m Fabrica\u201d &#8211; Peste 6.000 de oameni au semnat o peti\u021bie \u00eempotriva demol\u0103rii cl\u0103dirii istorice"}]},{"@type":"WebSite","@id":"https:\/\/buletin.de\/bucuresti\/#website","url":"https:\/\/buletin.de\/bucuresti\/","name":"Buletin de Bucure\u0219ti","description":"\u0218tiri \u0219i investiga\u021bii esen\u021biale din capital\u0103","publisher":{"@id":"https:\/\/buletin.de\/bucuresti\/#organization"},"potentialAction":[{"@type":"SearchAction","target":{"@type":"EntryPoint","urlTemplate":"https:\/\/buletin.de\/bucuresti\/?s={search_term_string}"},"query-input":{"@type":"PropertyValueSpecification","valueRequired":true,"valueName":"search_term_string"}}],"inLanguage":"en-GB"},{"@type":"Organization","@id":"https:\/\/buletin.de\/bucuresti\/#organization","name":"Buletin de Bucure\u0219ti","url":"https:\/\/buletin.de\/bucuresti\/","logo":{"@type":"ImageObject","inLanguage":"en-GB","@id":"https:\/\/buletin.de\/bucuresti\/#\/schema\/logo\/image\/","url":"https:\/\/buletin.de\/bucuresti\/wp-content\/uploads\/logo-bdb-full-wide-vernil-transparent.png","contentUrl":"https:\/\/buletin.de\/bucuresti\/wp-content\/uploads\/logo-bdb-full-wide-vernil-transparent.png","width":1782,"height":626,"caption":"Buletin de Bucure\u0219ti"},"image":{"@id":"https:\/\/buletin.de\/bucuresti\/#\/schema\/logo\/image\/"},"sameAs":["https:\/\/www.facebook.com\/buletin.de.buc","https:\/\/www.instagram.com\/buletinde.bucuresti\/"]},{"@type":"Person","@id":"https:\/\/buletin.de\/bucuresti\/#\/schema\/person\/7a01591ad05c4d2c7261fe7f0383d2af","name":"Irina Anghel","image":{"@type":"ImageObject","inLanguage":"en-GB","@id":"https:\/\/secure.gravatar.com\/avatar\/e7d429cbd0c7fe915f817961c0ffb96b407bc87e15aa35cee85f77146f8cce7e?s=96&d=monsterid&r=g693374df2a66e3f4935d210ea15b95ff","url":"https:\/\/secure.gravatar.com\/avatar\/e7d429cbd0c7fe915f817961c0ffb96b407bc87e15aa35cee85f77146f8cce7e?s=96&d=monsterid&r=g","contentUrl":"https:\/\/secure.gravatar.com\/avatar\/e7d429cbd0c7fe915f817961c0ffb96b407bc87e15aa35cee85f77146f8cce7e?s=96&d=monsterid&r=g","caption":"Irina Anghel"},"url":"https:\/\/buletin.de\/bucuresti\/author\/irina\/"}]}},"authors":[{"term_id":22592,"user_id":15,"is_guest":0,"slug":"irina","display_name":"Irina Anghel","avatar_url":"https:\/\/secure.gravatar.com\/avatar\/e7d429cbd0c7fe915f817961c0ffb96b407bc87e15aa35cee85f77146f8cce7e?s=96&d=monsterid&r=g","0":null,"1":"","2":"","3":"","4":"","5":"","6":"","7":"","8":""}],"_links":{"self":[{"href":"https:\/\/buletin.de\/bucuresti\/wp-json\/wp\/v2\/posts\/6463","targetHints":{"allow":["GET"]}}],"collection":[{"href":"https:\/\/buletin.de\/bucuresti\/wp-json\/wp\/v2\/posts"}],"about":[{"href":"https:\/\/buletin.de\/bucuresti\/wp-json\/wp\/v2\/types\/post"}],"author":[{"embeddable":true,"href":"https:\/\/buletin.de\/bucuresti\/wp-json\/wp\/v2\/users\/15"}],"replies":[{"embeddable":true,"href":"https:\/\/buletin.de\/bucuresti\/wp-json\/wp\/v2\/comments?post=6463"}],"version-history":[{"count":3,"href":"https:\/\/buletin.de\/bucuresti\/wp-json\/wp\/v2\/posts\/6463\/revisions"}],"predecessor-version":[{"id":6469,"href":"https:\/\/buletin.de\/bucuresti\/wp-json\/wp\/v2\/posts\/6463\/revisions\/6469"}],"wp:featuredmedia":[{"embeddable":true,"href":"https:\/\/buletin.de\/bucuresti\/wp-json\/wp\/v2\/media\/6466"}],"wp:attachment":[{"href":"https:\/\/buletin.de\/bucuresti\/wp-json\/wp\/v2\/media?parent=6463"}],"wp:term":[{"taxonomy":"category","embeddable":true,"href":"https:\/\/buletin.de\/bucuresti\/wp-json\/wp\/v2\/categories?post=6463"},{"taxonomy":"post_tag","embeddable":true,"href":"https:\/\/buletin.de\/bucuresti\/wp-json\/wp\/v2\/tags?post=6463"},{"taxonomy":"author","embeddable":true,"href":"https:\/\/buletin.de\/bucuresti\/wp-json\/wp\/v2\/ppma_author?post=6463"}],"curies":[{"name":"wp","href":"https:\/\/api.w.org\/{rel}","templated":true}]}}