{"id":6451,"date":"2020-04-28T16:30:13","date_gmt":"2020-04-28T13:30:13","guid":{"rendered":"https:\/\/buletin.de\/bucuresti\/?p=6451"},"modified":"2020-04-28T16:30:14","modified_gmt":"2020-04-28T13:30:14","slug":"in-locul-spatiilor-verzi-un-hypermarket-puz-ul-ilegal-avizat-de-pmb-ridica-nemultumiri","status":"publish","type":"post","link":"https:\/\/buletin.de\/bucuresti\/in-locul-spatiilor-verzi-un-hypermarket-puz-ul-ilegal-avizat-de-pmb-ridica-nemultumiri\/","title":{"rendered":"\u00cen locul spa\u021biilor verzi un hypermarket. PUZ-ul ilegal avizat de PMB ridic\u0103 nemul\u021bumiri"},"content":{"rendered":"\n<p><em>Arhitectul \u0219ef al Capitalei a avizat un PUZ care nu respect\u0103 legea prin care se \u00eencearc\u0103 construirea unui hipermarket \u00een locul fostei baze sportive Girueta. Cet\u0103\u021benii din zon\u0103 sunt nemul\u021bumi\u021bi \u0219i cer mai multe spa\u021bii verzi. \u00cen spatele ini\u021biativei g\u0103sim un om de afaceri din industria publicit\u0103\u021bii stradale.<\/em><\/p>\n\n\n\n<p>\u00centr-un cartier din Sudul Bucure\u0219tiului \u00eenn\u0103bu\u0219it de blocuri cu multe etaje Prim\u0103ria prefer\u0103 s\u0103 construiasc\u0103 centre comerciale \u00een loc de parcuri. Asta se \u00eent\u00e2mpl\u0103 acum \u00een Giurgiului, pe strada Drumul G\u0103zarului 26B. Fosta baz\u0103 sportiv\u0103 Girueta ar putea fi transformat\u0103 \u00eentr-un hypermarket Kaufland, conform unui <a href=\"http:\/\/www4.pmb.ro\/wwwt\/institutii\/CGMB\/sedinte\/ordinea_de_zi\/db\/20200430_66.pdf\">Plan Urbanistic Zonal (PUZ) <\/a>pus pe ordinea de zi a \u0219edin\u021bei Consiliului General al Municipiului Bucure\u0219ti (CGMB) din 30 aprilie. Candidatul la Prim\u0103ria Bucure\u0219ti Nicu\u0219or Dan <a href=\"https:\/\/www.facebook.com\/NicusorDan.ro\/photos\/a.249076588503295\/2921954374548823\/?type=3&amp;theater\">a atras aten\u021bia<\/a> asupra faptului c\u0103<strong> proiectul \u00eencalc\u0103 Legea Sportului 69\/2000<\/strong> care prevede c\u0103 desfiin\u021barea unor baze sportive se poate face numai prin hot\u0103r\u00e2re a Guvernului \u0219i cu construirea a altor baze sportive similare.<\/p>\n\n\n\n<p>\u00cen aceast\u0103 idee,\nini\u021biatorul proiectului a convenit ca l\u00e2ng\u0103 marele hypermarket s\u0103 amenajeze o\nsal\u0103 de sport care ocup\u0103 6% din \u00eentreaga suprafa\u021b\u0103. Totu\u0219i, o sal\u0103 de sport de\n1000 mp cu greu ar putea fi considerat\u0103 \u201ebaz\u0103 sportiv\u0103 similar\u0103\u201d cu fosta Girueta\ncare se \u00eentindea pe 15.000 mp. Chiar \u0219i a\u0219a, arhitectul \u0219ef \u0219i Prim\u0103ria\nMunicipiului Bucure\u0219ti (PMB) e emis toate avizele necesare. <\/p>\n\n\n\n<p>Pe platforma urbanism.pmb.ro prima dezbatere public\u0103 referitoare la acest PUZ este din iunie 2018. Anun\u021bul de inten\u021bie depus de beneficiar la momentul respectiv nu prevedea nicio baz\u0103 sportiv\u0103, ci doar un centru comercial. Planul de a construi hipermarketul a ap\u0103rut, \u00eens\u0103, cu ani \u00een urm\u0103, \u00een 2014, conform unui <a href=\"https:\/\/ps4.ro\/wp-content\/uploads\/2017\/07\/certificate_trimIV.2014.pdf\">registru de eviden\u021b\u0103<\/a> al certificatelor de urbanism emise de Prim\u0103ria Sectorului 4.<\/p>\n\n\n\n<figure class=\"wp-block-image size-large is-resized\"><img fetchpriority=\"high\" decoding=\"async\" src=\"data:image\/gif;base64,R0lGODlhAQABAAAAACH5BAEKAAEALAAAAAABAAEAAAICTAEAOw==\" data-src=\"https:\/\/buletin.de\/bucuresti\/wp-content\/uploads\/Screenshot_43-900x411.png\" alt=\"\" class=\"wp-image-6452 lazyload\" width=\"900\" height=\"411\" data-sizes=\"auto\" data-srcset=\"https:\/\/buletin.de\/bucuresti\/wp-content\/uploads\/Screenshot_43-900x411.png 900w, https:\/\/buletin.de\/bucuresti\/wp-content\/uploads\/Screenshot_43-600x274.png 600w, https:\/\/buletin.de\/bucuresti\/wp-content\/uploads\/Screenshot_43-300x137.png 300w, https:\/\/buletin.de\/bucuresti\/wp-content\/uploads\/Screenshot_43-768x351.png 768w, https:\/\/buletin.de\/bucuresti\/wp-content\/uploads\/Screenshot_43-1536x702.png 1536w, https:\/\/buletin.de\/bucuresti\/wp-content\/uploads\/Screenshot_43-1060x484.png 1060w, https:\/\/buletin.de\/bucuresti\/wp-content\/uploads\/Screenshot_43-550x251.png 550w, https:\/\/buletin.de\/bucuresti\/wp-content\/uploads\/Screenshot_43-1095x500.png 1095w, https:\/\/buletin.de\/bucuresti\/wp-content\/uploads\/Screenshot_43.png 1679w\" sizes=\"(max-width: 900px) 100vw, 900px\" \/><figcaption>Surs\u0103: PUZ-ul ini\u021bial din iunie 2018 care nu prevede sala de sport<\/figcaption><\/figure>\n\n\n\n<p><\/p>\n\n\n\n<p>\u00cen 2018 au\n\u00eenceput \u0219i nemul\u021bumirile. O sesizare trimis\u0103 de un cet\u0103\u021bean c\u0103tre PMB scoate \u00een\neviden\u021b\u0103 mul\u021bimea de magazine care se afl\u0103 deja \u00een zon\u0103 \u0219i nevoia unui spa\u021biu\nverde \u00een cartier. \u201e<em>La nici 50 de metri se afl\u0103 un alt Centru Comercial,\nrespectiv magazinul LIDL, la al\u021bi 50 de metri, tot pe Drumul G\u0103zarului se afl\u0103\nintersec\u021bia cu \u0218os. Giurgiului, unde pe intervalul de 2 sta\u021bii \u00een oricare sens\nse mai g\u0103sesc cel pu\u021bin 40-50 magazine de acest fel. Dac\u0103 urc\u0103m pe Drumul\nG\u0103zarului, pe prima strada la dreapta, \u00een cap\u0103tul str\u0103zii Straja se afl\u0103 iar un\nalt Centru Comercial, cu magazin de tip Carrefour. Dac\u0103 mergem drept pe Drumul\nG\u0103zarului aproape 500-1000 m se afl\u0103 (incredibil) un alt Centru Comercial \u2013 Cora\nSun Plaza<\/em>.\u201d<\/p>\n\n\n\n<h2 class=\"wp-block-heading\">Cine e \u00een spate?<\/h2>\n\n\n\n<p>Ini\u021biatorul PUZ-ului\n\u0219i cel care vrea s\u0103 construiasc\u0103 hypermarket-ul Kaufland \u00een locul fostei baze\nsportive este firma Polymas Media Investment de\u021binut\u0103 de Mihai Lucian Palaz,\ncet\u0103\u021bean rom\u00e2n domiciliat \u00een Monaco. Acum Polymas Media de\u021bine \u00eempreun\u0103 cu un\noffshore din Cipru societatea R.E.I. Management Services, care are sediul\n\u00eentr-o camer\u0103 dintr-un subsol din Sectorul 1 \u0219i care se ocup\u0103 de \u00eenchirierea\nbunurilor imobiliare proprii sau \u00eenchiriate. De\u0219i are doar un singur angajat \u0219i\no prezen\u021b\u0103 invizibil\u0103 \u00een online, R.E.I. Management a avut \u00een 2019 o cifr\u0103 de\nafaceri de aproape 485.000\nmii de lei.<\/p>\n\n\n\n<p>Mihai Palaz a fost CEO al Affichage Romania, un nume puternic din industria publicit\u0103\u021bii stradale din Rom\u00e2nia, iar acum, conform paginii lui de Linkedin, este antreprenor la First Outdoor Holding. A \u00eenfiin\u021bat firma Polymas Media \u00een 2006 \u00eempreun\u0103 cu so\u021bia lui, Georgiana Hagima Palaz, care a de\u021binut mai multe func\u021bii de conducere la Orange \u0219i la \u021airiac Holdings. O fotografie de pe Agerpres \u00eei surprinde pe cei doi merg\u00e2nd la evenimentul organizat cu ocazia anivers\u0103rii a 51 de ani de c\u0103tre Mircea Geoan\u0103, la momentul respectiv pre\u0219edinte PSD. <\/p>\n\n\n\n<p>PUZ-ul urmeaz\u0103 s\u0103 fie votat \u00een \u0219edin\u021ba de consiliu de pe 30 aprilie. <\/p>\n\n\n\n<p>Surs\u0103 cover foto: Google Maps<\/p>\n","protected":false},"excerpt":{"rendered":"<p>Arhitectul \u0219ef al Capitalei a avizat un PUZ care nu respect\u0103 legea prin care se \u00eencearc\u0103 construirea unui hipermarket \u00een locul fostei baze sportive Girueta. Cet\u0103\u021benii din zon\u0103 sunt nemul\u021bumi\u021bi \u0219i cer mai multe spa\u021bii verzi. \u00cen spatele ini\u021biativei g\u0103sim un om de afaceri din industria publicit\u0103\u021bii stradale. \u00centr-un cartier din Sudul Bucure\u0219tiului \u00eenn\u0103bu\u0219it de [&hellip;]<\/p>\n","protected":false},"author":6,"featured_media":6454,"comment_status":"closed","ping_status":"open","sticky":false,"template":"","format":"standard","meta":{"_acf_changed":false,"inline_featured_image":false,"ngg_post_thumbnail":0,"footnotes":""},"categories":[24,62],"tags":[953,952],"ppma_author":[22588],"class_list":["post-6451","post","type-post","status-publish","format-standard","has-post-thumbnail","hentry","category-primarie","category-stiri","tag-fosta-baza-sportiva-girueta","tag-puz-ilegal"],"acf":[],"yoast_head":"<!-- This site is optimized with the Yoast SEO Premium plugin v25.3 (Yoast SEO v27.4) - https:\/\/yoast.com\/product\/yoast-seo-premium-wordpress\/ -->\n<title>\u00cen locul spa\u021biilor verzi un hypermarket. PUZ-ul ilegal avizat de PMB ridic\u0103 nemul\u021bumiri - Buletin de Bucure\u0219ti<\/title>\n<meta name=\"robots\" content=\"index, follow, max-snippet:-1, max-image-preview:large, max-video-preview:-1\" \/>\n<link rel=\"canonical\" href=\"https:\/\/buletin.de\/bucuresti\/in-locul-spatiilor-verzi-un-hypermarket-puz-ul-ilegal-avizat-de-pmb-ridica-nemultumiri\/\" \/>\n<meta property=\"og:locale\" content=\"en_GB\" \/>\n<meta property=\"og:type\" content=\"article\" \/>\n<meta property=\"og:title\" content=\"\u00cen locul spa\u021biilor verzi un hypermarket. PUZ-ul ilegal avizat de PMB ridic\u0103 nemul\u021bumiri\" \/>\n<meta property=\"og:description\" content=\"Arhitectul \u0219ef al Capitalei a avizat un PUZ care nu respect\u0103 legea prin care se \u00eencearc\u0103 construirea unui hipermarket \u00een locul fostei baze sportive Girueta. Cet\u0103\u021benii din zon\u0103 sunt nemul\u021bumi\u021bi \u0219i cer mai multe spa\u021bii verzi. \u00cen spatele ini\u021biativei g\u0103sim un om de afaceri din industria publicit\u0103\u021bii stradale. \u00centr-un cartier din Sudul Bucure\u0219tiului \u00eenn\u0103bu\u0219it de [&hellip;]\" \/>\n<meta property=\"og:url\" content=\"https:\/\/buletin.de\/bucuresti\/in-locul-spatiilor-verzi-un-hypermarket-puz-ul-ilegal-avizat-de-pmb-ridica-nemultumiri\/\" \/>\n<meta property=\"og:site_name\" content=\"Buletin de Bucure\u0219ti\" \/>\n<meta property=\"article:publisher\" content=\"https:\/\/www.facebook.com\/buletin.de.buc\" \/>\n<meta property=\"article:published_time\" content=\"2020-04-28T13:30:13+00:00\" \/>\n<meta property=\"article:modified_time\" content=\"2020-04-28T13:30:14+00:00\" \/>\n<meta property=\"og:image\" content=\"https:\/\/buletin.de\/bucuresti\/wp-content\/uploads\/Screenshot_2-5-900x418.png\" \/>\n\t<meta property=\"og:image:width\" content=\"900\" \/>\n\t<meta property=\"og:image:height\" content=\"418\" \/>\n\t<meta property=\"og:image:type\" content=\"image\/png\" \/>\n<meta name=\"author\" content=\"Bianca Albu\" \/>\n<meta name=\"twitter:card\" content=\"summary_large_image\" \/>\n<meta name=\"twitter:label1\" content=\"Written by\" \/>\n\t<meta name=\"twitter:data1\" content=\"Bianca Albu\" \/>\n\t<meta name=\"twitter:label2\" content=\"Estimated reading time\" \/>\n\t<meta name=\"twitter:data2\" content=\"3 minutes\" \/>\n<script type=\"application\/ld+json\" class=\"yoast-schema-graph\">{\"@context\":\"https:\\\/\\\/schema.org\",\"@graph\":[{\"@type\":\"Article\",\"@id\":\"https:\\\/\\\/buletin.de\\\/bucuresti\\\/in-locul-spatiilor-verzi-un-hypermarket-puz-ul-ilegal-avizat-de-pmb-ridica-nemultumiri\\\/#article\",\"isPartOf\":{\"@id\":\"https:\\\/\\\/buletin.de\\\/bucuresti\\\/in-locul-spatiilor-verzi-un-hypermarket-puz-ul-ilegal-avizat-de-pmb-ridica-nemultumiri\\\/\"},\"author\":{\"name\":\"Bianca Albu\",\"@id\":\"https:\\\/\\\/buletin.de\\\/bucuresti\\\/#\\\/schema\\\/person\\\/295dc2228d2dc79294d636619468dc7f\"},\"headline\":\"\u00cen locul spa\u021biilor verzi un hypermarket. PUZ-ul ilegal avizat de PMB ridic\u0103 nemul\u021bumiri\",\"datePublished\":\"2020-04-28T13:30:13+00:00\",\"dateModified\":\"2020-04-28T13:30:14+00:00\",\"mainEntityOfPage\":{\"@id\":\"https:\\\/\\\/buletin.de\\\/bucuresti\\\/in-locul-spatiilor-verzi-un-hypermarket-puz-ul-ilegal-avizat-de-pmb-ridica-nemultumiri\\\/\"},\"wordCount\":687,\"publisher\":{\"@id\":\"https:\\\/\\\/buletin.de\\\/bucuresti\\\/#organization\"},\"image\":{\"@id\":\"https:\\\/\\\/buletin.de\\\/bucuresti\\\/in-locul-spatiilor-verzi-un-hypermarket-puz-ul-ilegal-avizat-de-pmb-ridica-nemultumiri\\\/#primaryimage\"},\"thumbnailUrl\":\"https:\\\/\\\/buletin.de\\\/bucuresti\\\/wp-content\\\/uploads\\\/Screenshot_2-5.png\",\"keywords\":[\"fosta baza sportiva girueta\",\"puz ilegal\"],\"articleSection\":[\"Prim\u0103rie\",\"\u0218tiri\"],\"inLanguage\":\"en-GB\",\"copyrightYear\":\"2020\",\"copyrightHolder\":{\"@id\":\"https:\\\/\\\/buletin.de\\\/bucuresti\\\/#organization\"}},{\"@type\":\"WebPage\",\"@id\":\"https:\\\/\\\/buletin.de\\\/bucuresti\\\/in-locul-spatiilor-verzi-un-hypermarket-puz-ul-ilegal-avizat-de-pmb-ridica-nemultumiri\\\/\",\"url\":\"https:\\\/\\\/buletin.de\\\/bucuresti\\\/in-locul-spatiilor-verzi-un-hypermarket-puz-ul-ilegal-avizat-de-pmb-ridica-nemultumiri\\\/\",\"name\":\"\u00cen locul spa\u021biilor verzi un hypermarket. PUZ-ul ilegal avizat de PMB ridic\u0103 nemul\u021bumiri - Buletin de Bucure\u0219ti\",\"isPartOf\":{\"@id\":\"https:\\\/\\\/buletin.de\\\/bucuresti\\\/#website\"},\"primaryImageOfPage\":{\"@id\":\"https:\\\/\\\/buletin.de\\\/bucuresti\\\/in-locul-spatiilor-verzi-un-hypermarket-puz-ul-ilegal-avizat-de-pmb-ridica-nemultumiri\\\/#primaryimage\"},\"image\":{\"@id\":\"https:\\\/\\\/buletin.de\\\/bucuresti\\\/in-locul-spatiilor-verzi-un-hypermarket-puz-ul-ilegal-avizat-de-pmb-ridica-nemultumiri\\\/#primaryimage\"},\"thumbnailUrl\":\"https:\\\/\\\/buletin.de\\\/bucuresti\\\/wp-content\\\/uploads\\\/Screenshot_2-5.png\",\"datePublished\":\"2020-04-28T13:30:13+00:00\",\"dateModified\":\"2020-04-28T13:30:14+00:00\",\"breadcrumb\":{\"@id\":\"https:\\\/\\\/buletin.de\\\/bucuresti\\\/in-locul-spatiilor-verzi-un-hypermarket-puz-ul-ilegal-avizat-de-pmb-ridica-nemultumiri\\\/#breadcrumb\"},\"inLanguage\":\"en-GB\",\"potentialAction\":[{\"@type\":\"ReadAction\",\"target\":[\"https:\\\/\\\/buletin.de\\\/bucuresti\\\/in-locul-spatiilor-verzi-un-hypermarket-puz-ul-ilegal-avizat-de-pmb-ridica-nemultumiri\\\/\"]}]},{\"@type\":\"ImageObject\",\"inLanguage\":\"en-GB\",\"@id\":\"https:\\\/\\\/buletin.de\\\/bucuresti\\\/in-locul-spatiilor-verzi-un-hypermarket-puz-ul-ilegal-avizat-de-pmb-ridica-nemultumiri\\\/#primaryimage\",\"url\":\"https:\\\/\\\/buletin.de\\\/bucuresti\\\/wp-content\\\/uploads\\\/Screenshot_2-5.png\",\"contentUrl\":\"https:\\\/\\\/buletin.de\\\/bucuresti\\\/wp-content\\\/uploads\\\/Screenshot_2-5.png\",\"width\":1702,\"height\":791},{\"@type\":\"BreadcrumbList\",\"@id\":\"https:\\\/\\\/buletin.de\\\/bucuresti\\\/in-locul-spatiilor-verzi-un-hypermarket-puz-ul-ilegal-avizat-de-pmb-ridica-nemultumiri\\\/#breadcrumb\",\"itemListElement\":[{\"@type\":\"ListItem\",\"position\":1,\"name\":\"Acas\u0103\",\"item\":\"https:\\\/\\\/buletin.de\\\/bucuresti\\\/\"},{\"@type\":\"ListItem\",\"position\":2,\"name\":\"\u00cen locul spa\u021biilor verzi un hypermarket. PUZ-ul ilegal avizat de PMB ridic\u0103 nemul\u021bumiri\"}]},{\"@type\":\"WebSite\",\"@id\":\"https:\\\/\\\/buletin.de\\\/bucuresti\\\/#website\",\"url\":\"https:\\\/\\\/buletin.de\\\/bucuresti\\\/\",\"name\":\"Buletin de Bucure\u0219ti\",\"description\":\"\u0218tiri \u0219i investiga\u021bii esen\u021biale din capital\u0103\",\"publisher\":{\"@id\":\"https:\\\/\\\/buletin.de\\\/bucuresti\\\/#organization\"},\"potentialAction\":[{\"@type\":\"SearchAction\",\"target\":{\"@type\":\"EntryPoint\",\"urlTemplate\":\"https:\\\/\\\/buletin.de\\\/bucuresti\\\/?s={search_term_string}\"},\"query-input\":{\"@type\":\"PropertyValueSpecification\",\"valueRequired\":true,\"valueName\":\"search_term_string\"}}],\"inLanguage\":\"en-GB\"},{\"@type\":\"Organization\",\"@id\":\"https:\\\/\\\/buletin.de\\\/bucuresti\\\/#organization\",\"name\":\"Buletin de Bucure\u0219ti\",\"url\":\"https:\\\/\\\/buletin.de\\\/bucuresti\\\/\",\"logo\":{\"@type\":\"ImageObject\",\"inLanguage\":\"en-GB\",\"@id\":\"https:\\\/\\\/buletin.de\\\/bucuresti\\\/#\\\/schema\\\/logo\\\/image\\\/\",\"url\":\"https:\\\/\\\/buletin.de\\\/bucuresti\\\/wp-content\\\/uploads\\\/logo-bdb-full-wide-vernil-transparent.png\",\"contentUrl\":\"https:\\\/\\\/buletin.de\\\/bucuresti\\\/wp-content\\\/uploads\\\/logo-bdb-full-wide-vernil-transparent.png\",\"width\":1782,\"height\":626,\"caption\":\"Buletin de Bucure\u0219ti\"},\"image\":{\"@id\":\"https:\\\/\\\/buletin.de\\\/bucuresti\\\/#\\\/schema\\\/logo\\\/image\\\/\"},\"sameAs\":[\"https:\\\/\\\/www.facebook.com\\\/buletin.de.buc\",\"https:\\\/\\\/www.instagram.com\\\/buletinde.bucuresti\\\/\"]},{\"@type\":\"Person\",\"@id\":\"https:\\\/\\\/buletin.de\\\/bucuresti\\\/#\\\/schema\\\/person\\\/295dc2228d2dc79294d636619468dc7f\",\"name\":\"Bianca Albu\",\"image\":{\"@type\":\"ImageObject\",\"inLanguage\":\"en-GB\",\"@id\":\"https:\\\/\\\/secure.gravatar.com\\\/avatar\\\/3df2e34e20f529e6fd7be4311ee1f7c4ec4aa886971590baf6fa214b15743516?s=96&d=monsterid&r=gf541c715eeec409ce8101252a3c0d8a7\",\"url\":\"https:\\\/\\\/secure.gravatar.com\\\/avatar\\\/3df2e34e20f529e6fd7be4311ee1f7c4ec4aa886971590baf6fa214b15743516?s=96&d=monsterid&r=g\",\"contentUrl\":\"https:\\\/\\\/secure.gravatar.com\\\/avatar\\\/3df2e34e20f529e6fd7be4311ee1f7c4ec4aa886971590baf6fa214b15743516?s=96&d=monsterid&r=g\",\"caption\":\"Bianca Albu\"},\"description\":\"Reporter\",\"url\":\"https:\\\/\\\/buletin.de\\\/bucuresti\\\/author\\\/biancaalbu\\\/\"}]}<\/script>\n<!-- \/ Yoast SEO Premium plugin. -->","yoast_head_json":{"title":"\u00cen locul spa\u021biilor verzi un hypermarket. PUZ-ul ilegal avizat de PMB ridic\u0103 nemul\u021bumiri - Buletin de Bucure\u0219ti","robots":{"index":"index","follow":"follow","max-snippet":"max-snippet:-1","max-image-preview":"max-image-preview:large","max-video-preview":"max-video-preview:-1"},"canonical":"https:\/\/buletin.de\/bucuresti\/in-locul-spatiilor-verzi-un-hypermarket-puz-ul-ilegal-avizat-de-pmb-ridica-nemultumiri\/","og_locale":"en_GB","og_type":"article","og_title":"\u00cen locul spa\u021biilor verzi un hypermarket. PUZ-ul ilegal avizat de PMB ridic\u0103 nemul\u021bumiri","og_description":"Arhitectul \u0219ef al Capitalei a avizat un PUZ care nu respect\u0103 legea prin care se \u00eencearc\u0103 construirea unui hipermarket \u00een locul fostei baze sportive Girueta. Cet\u0103\u021benii din zon\u0103 sunt nemul\u021bumi\u021bi \u0219i cer mai multe spa\u021bii verzi. \u00cen spatele ini\u021biativei g\u0103sim un om de afaceri din industria publicit\u0103\u021bii stradale. \u00centr-un cartier din Sudul Bucure\u0219tiului \u00eenn\u0103bu\u0219it de [&hellip;]","og_url":"https:\/\/buletin.de\/bucuresti\/in-locul-spatiilor-verzi-un-hypermarket-puz-ul-ilegal-avizat-de-pmb-ridica-nemultumiri\/","og_site_name":"Buletin de Bucure\u0219ti","article_publisher":"https:\/\/www.facebook.com\/buletin.de.buc","article_published_time":"2020-04-28T13:30:13+00:00","article_modified_time":"2020-04-28T13:30:14+00:00","og_image":[{"width":900,"height":418,"url":"https:\/\/buletin.de\/bucuresti\/wp-content\/uploads\/Screenshot_2-5-900x418.png","type":"image\/png"}],"author":"Bianca Albu","twitter_card":"summary_large_image","twitter_misc":{"Written by":"Bianca Albu","Estimated reading time":"3 minutes"},"schema":{"@context":"https:\/\/schema.org","@graph":[{"@type":"Article","@id":"https:\/\/buletin.de\/bucuresti\/in-locul-spatiilor-verzi-un-hypermarket-puz-ul-ilegal-avizat-de-pmb-ridica-nemultumiri\/#article","isPartOf":{"@id":"https:\/\/buletin.de\/bucuresti\/in-locul-spatiilor-verzi-un-hypermarket-puz-ul-ilegal-avizat-de-pmb-ridica-nemultumiri\/"},"author":{"name":"Bianca Albu","@id":"https:\/\/buletin.de\/bucuresti\/#\/schema\/person\/295dc2228d2dc79294d636619468dc7f"},"headline":"\u00cen locul spa\u021biilor verzi un hypermarket. PUZ-ul ilegal avizat de PMB ridic\u0103 nemul\u021bumiri","datePublished":"2020-04-28T13:30:13+00:00","dateModified":"2020-04-28T13:30:14+00:00","mainEntityOfPage":{"@id":"https:\/\/buletin.de\/bucuresti\/in-locul-spatiilor-verzi-un-hypermarket-puz-ul-ilegal-avizat-de-pmb-ridica-nemultumiri\/"},"wordCount":687,"publisher":{"@id":"https:\/\/buletin.de\/bucuresti\/#organization"},"image":{"@id":"https:\/\/buletin.de\/bucuresti\/in-locul-spatiilor-verzi-un-hypermarket-puz-ul-ilegal-avizat-de-pmb-ridica-nemultumiri\/#primaryimage"},"thumbnailUrl":"https:\/\/buletin.de\/bucuresti\/wp-content\/uploads\/Screenshot_2-5.png","keywords":["fosta baza sportiva girueta","puz ilegal"],"articleSection":["Prim\u0103rie","\u0218tiri"],"inLanguage":"en-GB","copyrightYear":"2020","copyrightHolder":{"@id":"https:\/\/buletin.de\/bucuresti\/#organization"}},{"@type":"WebPage","@id":"https:\/\/buletin.de\/bucuresti\/in-locul-spatiilor-verzi-un-hypermarket-puz-ul-ilegal-avizat-de-pmb-ridica-nemultumiri\/","url":"https:\/\/buletin.de\/bucuresti\/in-locul-spatiilor-verzi-un-hypermarket-puz-ul-ilegal-avizat-de-pmb-ridica-nemultumiri\/","name":"\u00cen locul spa\u021biilor verzi un hypermarket. PUZ-ul ilegal avizat de PMB ridic\u0103 nemul\u021bumiri - Buletin de Bucure\u0219ti","isPartOf":{"@id":"https:\/\/buletin.de\/bucuresti\/#website"},"primaryImageOfPage":{"@id":"https:\/\/buletin.de\/bucuresti\/in-locul-spatiilor-verzi-un-hypermarket-puz-ul-ilegal-avizat-de-pmb-ridica-nemultumiri\/#primaryimage"},"image":{"@id":"https:\/\/buletin.de\/bucuresti\/in-locul-spatiilor-verzi-un-hypermarket-puz-ul-ilegal-avizat-de-pmb-ridica-nemultumiri\/#primaryimage"},"thumbnailUrl":"https:\/\/buletin.de\/bucuresti\/wp-content\/uploads\/Screenshot_2-5.png","datePublished":"2020-04-28T13:30:13+00:00","dateModified":"2020-04-28T13:30:14+00:00","breadcrumb":{"@id":"https:\/\/buletin.de\/bucuresti\/in-locul-spatiilor-verzi-un-hypermarket-puz-ul-ilegal-avizat-de-pmb-ridica-nemultumiri\/#breadcrumb"},"inLanguage":"en-GB","potentialAction":[{"@type":"ReadAction","target":["https:\/\/buletin.de\/bucuresti\/in-locul-spatiilor-verzi-un-hypermarket-puz-ul-ilegal-avizat-de-pmb-ridica-nemultumiri\/"]}]},{"@type":"ImageObject","inLanguage":"en-GB","@id":"https:\/\/buletin.de\/bucuresti\/in-locul-spatiilor-verzi-un-hypermarket-puz-ul-ilegal-avizat-de-pmb-ridica-nemultumiri\/#primaryimage","url":"https:\/\/buletin.de\/bucuresti\/wp-content\/uploads\/Screenshot_2-5.png","contentUrl":"https:\/\/buletin.de\/bucuresti\/wp-content\/uploads\/Screenshot_2-5.png","width":1702,"height":791},{"@type":"BreadcrumbList","@id":"https:\/\/buletin.de\/bucuresti\/in-locul-spatiilor-verzi-un-hypermarket-puz-ul-ilegal-avizat-de-pmb-ridica-nemultumiri\/#breadcrumb","itemListElement":[{"@type":"ListItem","position":1,"name":"Acas\u0103","item":"https:\/\/buletin.de\/bucuresti\/"},{"@type":"ListItem","position":2,"name":"\u00cen locul spa\u021biilor verzi un hypermarket. PUZ-ul ilegal avizat de PMB ridic\u0103 nemul\u021bumiri"}]},{"@type":"WebSite","@id":"https:\/\/buletin.de\/bucuresti\/#website","url":"https:\/\/buletin.de\/bucuresti\/","name":"Buletin de Bucure\u0219ti","description":"\u0218tiri \u0219i investiga\u021bii esen\u021biale din capital\u0103","publisher":{"@id":"https:\/\/buletin.de\/bucuresti\/#organization"},"potentialAction":[{"@type":"SearchAction","target":{"@type":"EntryPoint","urlTemplate":"https:\/\/buletin.de\/bucuresti\/?s={search_term_string}"},"query-input":{"@type":"PropertyValueSpecification","valueRequired":true,"valueName":"search_term_string"}}],"inLanguage":"en-GB"},{"@type":"Organization","@id":"https:\/\/buletin.de\/bucuresti\/#organization","name":"Buletin de Bucure\u0219ti","url":"https:\/\/buletin.de\/bucuresti\/","logo":{"@type":"ImageObject","inLanguage":"en-GB","@id":"https:\/\/buletin.de\/bucuresti\/#\/schema\/logo\/image\/","url":"https:\/\/buletin.de\/bucuresti\/wp-content\/uploads\/logo-bdb-full-wide-vernil-transparent.png","contentUrl":"https:\/\/buletin.de\/bucuresti\/wp-content\/uploads\/logo-bdb-full-wide-vernil-transparent.png","width":1782,"height":626,"caption":"Buletin de Bucure\u0219ti"},"image":{"@id":"https:\/\/buletin.de\/bucuresti\/#\/schema\/logo\/image\/"},"sameAs":["https:\/\/www.facebook.com\/buletin.de.buc","https:\/\/www.instagram.com\/buletinde.bucuresti\/"]},{"@type":"Person","@id":"https:\/\/buletin.de\/bucuresti\/#\/schema\/person\/295dc2228d2dc79294d636619468dc7f","name":"Bianca Albu","image":{"@type":"ImageObject","inLanguage":"en-GB","@id":"https:\/\/secure.gravatar.com\/avatar\/3df2e34e20f529e6fd7be4311ee1f7c4ec4aa886971590baf6fa214b15743516?s=96&d=monsterid&r=gf541c715eeec409ce8101252a3c0d8a7","url":"https:\/\/secure.gravatar.com\/avatar\/3df2e34e20f529e6fd7be4311ee1f7c4ec4aa886971590baf6fa214b15743516?s=96&d=monsterid&r=g","contentUrl":"https:\/\/secure.gravatar.com\/avatar\/3df2e34e20f529e6fd7be4311ee1f7c4ec4aa886971590baf6fa214b15743516?s=96&d=monsterid&r=g","caption":"Bianca Albu"},"description":"Reporter","url":"https:\/\/buletin.de\/bucuresti\/author\/biancaalbu\/"}]}},"authors":[{"term_id":22588,"user_id":6,"is_guest":0,"slug":"biancaalbu","display_name":"Bianca Albu","avatar_url":"https:\/\/secure.gravatar.com\/avatar\/3df2e34e20f529e6fd7be4311ee1f7c4ec4aa886971590baf6fa214b15743516?s=96&d=monsterid&r=g","0":null,"1":"","2":"","3":"","4":"","5":"","6":"","7":"","8":""}],"_links":{"self":[{"href":"https:\/\/buletin.de\/bucuresti\/wp-json\/wp\/v2\/posts\/6451","targetHints":{"allow":["GET"]}}],"collection":[{"href":"https:\/\/buletin.de\/bucuresti\/wp-json\/wp\/v2\/posts"}],"about":[{"href":"https:\/\/buletin.de\/bucuresti\/wp-json\/wp\/v2\/types\/post"}],"author":[{"embeddable":true,"href":"https:\/\/buletin.de\/bucuresti\/wp-json\/wp\/v2\/users\/6"}],"replies":[{"embeddable":true,"href":"https:\/\/buletin.de\/bucuresti\/wp-json\/wp\/v2\/comments?post=6451"}],"version-history":[{"count":4,"href":"https:\/\/buletin.de\/bucuresti\/wp-json\/wp\/v2\/posts\/6451\/revisions"}],"predecessor-version":[{"id":6468,"href":"https:\/\/buletin.de\/bucuresti\/wp-json\/wp\/v2\/posts\/6451\/revisions\/6468"}],"wp:featuredmedia":[{"embeddable":true,"href":"https:\/\/buletin.de\/bucuresti\/wp-json\/wp\/v2\/media\/6454"}],"wp:attachment":[{"href":"https:\/\/buletin.de\/bucuresti\/wp-json\/wp\/v2\/media?parent=6451"}],"wp:term":[{"taxonomy":"category","embeddable":true,"href":"https:\/\/buletin.de\/bucuresti\/wp-json\/wp\/v2\/categories?post=6451"},{"taxonomy":"post_tag","embeddable":true,"href":"https:\/\/buletin.de\/bucuresti\/wp-json\/wp\/v2\/tags?post=6451"},{"taxonomy":"author","embeddable":true,"href":"https:\/\/buletin.de\/bucuresti\/wp-json\/wp\/v2\/ppma_author?post=6451"}],"curies":[{"name":"wp","href":"https:\/\/api.w.org\/{rel}","templated":true}]}}