{"id":6345,"date":"2020-04-26T11:20:31","date_gmt":"2020-04-26T08:20:31","guid":{"rendered":"https:\/\/buletin.de\/bucuresti\/?p=6345"},"modified":"2020-04-26T12:55:16","modified_gmt":"2020-04-26T09:55:16","slug":"live-text-coronavirus-bucuresti-26-aprilie-2020-ziua-61","status":"publish","type":"post","link":"https:\/\/buletin.de\/bucuresti\/live-text-coronavirus-bucuresti-26-aprilie-2020-ziua-61\/","title":{"rendered":"LIVE TEXT. Coronavirus &#8211; Bucure\u0219ti, 26 aprilie 2020, ziua 61"},"content":{"rendered":"\n<p><em>Num\u0103rul de pacien\u021bi confirma\u021bi cu Covid-19 pe teritoriul Rom\u00e2niei a trecut de 10.000 \u0219i cre\u0219te de la o zi la alta, \u00eentr-un ritm din ce \u00een ce mai accelerat. Rata r\u0103sp\u00e2ndirii \u0219i rata mortalit\u0103\u021bii cresc gradual, \u00een timp ce num\u0103rul de test\u0103ri difer\u0103 de la zi la zi. Rom\u00e2nia se afl\u0103 acum \u00een <a href=\"https:\/\/buletin.de\/bucuresti\/s-a-declarat-stare-de-urgenta-ce-inseamna\/\">stare de urgen\u021b\u0103<\/a>. Dup\u0103 2000 de cazuri, autorit\u0103\u021bile au declarat trecerea la scenariul 4 al pandemiei, ultimul.<br><br>Vezi mai jos cele mai recente informa\u021bii oficiale de ast\u0103zi. Toate nout\u0103\u021bile din zilele trecute le g\u0103se\u0219ti <a href=\"https:\/\/buletin.de\/bucuresti\/cv\/\">aici.<\/a><\/em>       <\/p>\n\n\n\n<h3 class=\"has-vivid-cyan-blue-color has-text-color has-text-align-center wp-block-heading\"><strong>Iat\u0103 cifrele din spatele epidemiei de Coronavirus \u0219i actualiz\u0103ri zilnice \u2b07\ufe0f<\/strong> <\/h3>\n\n\n\n<style>\n\n.full-width {\n  width: 100vw;\n  position: relative;\n  left: 50%;\n  right: 50%;\n  margin-left: -50vw;\n  margin-right: -50vw;\n}\n\n<\/style>\n\n\n\n<p><\/p>\n\n\n\n<div class=\"full-width\">\n<div class=\"infogram-embed\" data-id=\"27f09ce8-c508-413b-ac49-b60b01815be0\" data-type=\"interactive\" data-title=\"Livetext coronavirus\"><\/div><script>!function(e,i,n,s){var t=\"InfogramEmbeds\",d=e.getElementsByTagName(\"script\")[0];if(window[t]&&window[t].initialized)window[t].process&&window[t].process();else if(!e.getElementById(n)){var o=e.createElement(\"script\");o.async=1,o.id=n,o.src=\"https:\/\/e.infogram.com\/js\/dist\/embed-loader-min.js\",d.parentNode.insertBefore(o,d)}}(document,0,\"infogram-async\");<\/script>\n<\/div>\n<style>\nh2 {\nmargin-top: 150px;\nfont-size: 3em;\ntext-align: center;\n}\n<\/style>\n\n\n\n<h3 class=\"wp-block-heading\">Ora 13:00<\/h3>\n\n\n\n<p>\n\nAlte 401 de noi cazuri de \u00eemboln\u0103vire. Au fost confirmate 11.036 de cazuri de persoane infectate cu noul coronavirus. Dintre persoanele confirmate pozitiv, 3.054 au fost declarate vindecate \u0219i externate. \u00cen Bucure\u0219ti sunt 1167 cazuri. <br>Totodat\u0103, p\u00e2n\u0103 acum, 608 persoane diagnosticate cu infec\u021bie cu COVID-19 au decedat. La ATI, \u00een acest moment, sunt interna\u021bi 236 de pacien\u021bi. <br>Pe teritoriul Rom\u00e2niei, \u00een carantin\u0103 institu\u021bionalizat\u0103 sunt 11.775 de persoane. Alte 24.052 de persoane sunt \u00een izolare la domiciliu \u0219i se afl\u0103 sub monitorizare medical\u0103. \n\n<\/p>\n\n\n\n<h3 class=\"wp-block-heading\">Ora 11:19<\/h3>\n\n\n\n<p>Deces 602<\/p>\n\n\n\n<p>Femeie, 67 ani din jude\u021bul Neam\u021b. <\/p>\n\n\n\n<p>Internat\u0103 \u00een data de 15.04.2020 Spitalul Jude\u021bean de Urgen\u021b\u0103 Piatra Neam\u021b-Nefrologie, transferat\u0103 \u00een 22.04.2020 la Spitalul Clinic de Boli Infec\u021bioase Ia\u0219i. <br>\nRecoltat \u00een data de 14.04.2020. <br>\nRezultat pozitiv \u00een data de 16.04.2020. <br>\nDecedat\u0103 \u00een data de 25.04.2020. <br>\nComorbidit\u0103\u021bi: Insuficien\u021b\u0103 renal\u0103 cronic\u0103-dializ\u0103, transplant renal rejectat, Hepatit\u0103 cronic\u0103 cu virus C. <\/p>\n\n\n\n<p>Deces  603<\/p>\n\n\n\n<p>B\u0103rbat, 92 ani din jude\u021bul Gala\u021bi. Beneficiar C\u0103min de b\u0103tr\u00e2ni<\/p>\n\n\n\n<p>Internat \u00een data de 24.04.2020 la Spitalul Clinic Jude\u021bean -Boli Infec\u021bioase Gala\u021bi. <br>\nRecoltat \u00een data de 24.04.2020. <br>\nRezultat pozitiv \u00een data de 25.04.2020. <br>\nDecedat \u00een data de 25.04.2020. <br>\nComorbidit\u0103\u021bi: Insuficien\u021b\u0103 Renal\u0103 Cronic\u0103, HTA, Demen\u021b\u0103 senil\u0103, Casecsie, Anemie cronic\u0103, Escare de decubit (imobilizat la pat). <\/p>\n\n\n\n<p>Deces 604<\/p>\n\n\n\n<p>B\u0103rbat, 87 ani din jude\u021bul Gala\u021bi. Beneficiar C\u0103min de b\u0103tr\u00e2ni<\/p>\n\n\n\n<p>Internat \u00een data de 11-17.04.2020 la Spitalul Clinic Jude\u021bean -Boli Infec\u021bioase Gala\u021bi transferat pe 17.04.2020 la ATI Spitalul Jude\u021bean de Urgen\u021b\u0103 Gala\u021bi.<br>\nRecoltat \u00een data de 14.04.2020.<br>\nRezultat pozitiv \u00een data de 16.04.2020.<br>\nDecedat \u00een data de 25.04.2020.<br>\nComorbidit\u0103\u021bi: Demen\u021b\u0103 senil\u0103, Spondilit\u0103 anchilopoetica, Hemoragie digestive superioar\u0103. <\/p>\n\n\n\n<p>Deces 605<\/p>\n\n\n\n<p>Femeie, 72 ani din jude\u021bul Bac\u0103u. <\/p>\n\n\n\n<p>Internat\u0103 \u00een data de 02.04.2020 la Spitalul Jude\u021bean de Urgen\u021b\u0103 Bac\u0103u-Boli Infec\u021bioase transfer \u00een ATI \u00een data de 12.04.2020. <br>\nRecoltat \u00een data de 02.04.2020. <br>\nRezultat pozitiv \u00een data de 04.04.2020. <br>\nDecedat \u00een data de 25.04.2020.<br>\nComorbidit\u0103\u021bi: Colecistectomie. F\u0103r\u0103 alte antecedente cunoscute. <\/p>\n\n\n\n<p>Deces 606<\/p>\n\n\n\n<p>Femeie, 54 ani din jude\u021bul Bac\u0103u. <\/p>\n\n\n\n<p>Internat\u0103 \u00een data de 14.04.2020 la Spitalul Municipal One\u0219ti, transferat\u0103 apoi \u00een ATI. <br>\nRecoltat \u00een data de 15.04.2020. <br>\nRezultat pozitiv \u00een data de 16.04.2020. <br>\nDecedat \u00een data de 26.04.2020. <br>\nComorbidit\u0103\u021bi: Coinfec\u021bie COVID-19 cu Grip\u0103 tip B, Obezitate. <\/p>\n\n\n\n<p>Deces 607<\/p>\n\n\n\n<p>B\u0103rbat, 70 ani din jude\u021bul Boto\u0219ani. <\/p>\n\n\n\n<p>Internat \u00een data de 23.04.2020 la Spitalul Jude\u021bean de Urgen\u021b\u0103 Boto\u0219ani &#8211; Boli Infec\u021bioase transfer \u00een ATI. <br>\nRecoltat \u00een data de 24.04.2020. <br>\nRezultat pozitiv \u00een data de 25.04.2020. <br>\nDecedat \u00een data de 24.04.2020. <br>\nComorbidit\u0103\u021bi: Boal\u0103 cardiovascular\u0103. <\/p>\n\n\n\n<p>Deces 608<\/p>\n\n\n\n<p>B\u0103rbat, 71 ani din jude\u021bul Bac\u0103u. <\/p>\n\n\n\n<p>Internat \u00een data de 15.04.2020 la Spitalul Jude\u021bean de Urgen\u021b\u0103 Bac\u0103u-Medicin\u0103 Intern\u0103 apoi transferat \u00een ATI. <br>\nRecoltat \u00een data de 24.04.2020. <br>\nRezultat pozitiv \u00een data de 25.04.2020<br>\nDecedat \u00een data de 26.04.2020. <br>\nComorbidit\u0103\u021bi: BPOC gr IV, CPC, Insuficien\u021b\u0103 Respiratorie Cronic\u0103, Obezitate.<\/p>\n","protected":false},"excerpt":{"rendered":"<p>Num\u0103rul de pacien\u021bi confirma\u021bi cu Covid-19 pe teritoriul Rom\u00e2niei a trecut de 10.000 \u0219i cre\u0219te de la o zi la alta, \u00eentr-un ritm din ce \u00een ce mai accelerat. Rata r\u0103sp\u00e2ndirii \u0219i rata mortalit\u0103\u021bii cresc gradual, \u00een timp ce num\u0103rul de test\u0103ri difer\u0103 de la zi la zi. Rom\u00e2nia se afl\u0103 acum \u00een stare de [&hellip;]<\/p>\n","protected":false},"author":6,"featured_media":5909,"comment_status":"closed","ping_status":"open","sticky":false,"template":"","format":"standard","meta":{"_acf_changed":false,"inline_featured_image":false,"ngg_post_thumbnail":0,"footnotes":""},"categories":[4,62],"tags":[529,657,677],"ppma_author":[22588],"class_list":["post-6345","post","type-post","status-publish","format-standard","has-post-thumbnail","hentry","category-sanatate","category-stiri","tag-coronavirus","tag-coronavirus-bucuresti","tag-livetext"],"acf":[],"yoast_head":"<!-- This site is optimized with the Yoast SEO Premium plugin v25.3 (Yoast SEO v27.4) - https:\/\/yoast.com\/product\/yoast-seo-premium-wordpress\/ -->\n<title>LIVE TEXT. Coronavirus - Bucure\u0219ti, 26 aprilie 2020, ziua 61 - Buletin de Bucure\u0219ti<\/title>\n<meta name=\"robots\" content=\"index, follow, max-snippet:-1, max-image-preview:large, max-video-preview:-1\" \/>\n<link rel=\"canonical\" href=\"https:\/\/buletin.de\/bucuresti\/live-text-coronavirus-bucuresti-26-aprilie-2020-ziua-61\/\" \/>\n<meta property=\"og:locale\" content=\"en_GB\" \/>\n<meta property=\"og:type\" content=\"article\" \/>\n<meta property=\"og:title\" content=\"LIVE TEXT. Coronavirus - Bucure\u0219ti, 26 aprilie 2020, ziua 61\" \/>\n<meta property=\"og:description\" content=\"Num\u0103rul de pacien\u021bi confirma\u021bi cu Covid-19 pe teritoriul Rom\u00e2niei a trecut de 10.000 \u0219i cre\u0219te de la o zi la alta, \u00eentr-un ritm din ce \u00een ce mai accelerat. Rata r\u0103sp\u00e2ndirii \u0219i rata mortalit\u0103\u021bii cresc gradual, \u00een timp ce num\u0103rul de test\u0103ri difer\u0103 de la zi la zi. Rom\u00e2nia se afl\u0103 acum \u00een stare de [&hellip;]\" \/>\n<meta property=\"og:url\" content=\"https:\/\/buletin.de\/bucuresti\/live-text-coronavirus-bucuresti-26-aprilie-2020-ziua-61\/\" \/>\n<meta property=\"og:site_name\" content=\"Buletin de Bucure\u0219ti\" \/>\n<meta property=\"article:publisher\" content=\"https:\/\/www.facebook.com\/buletin.de.buc\" \/>\n<meta property=\"article:published_time\" content=\"2020-04-26T08:20:31+00:00\" \/>\n<meta property=\"article:modified_time\" content=\"2020-04-26T09:55:16+00:00\" \/>\n<meta property=\"og:image\" content=\"https:\/\/buletin.de\/bucuresti\/wp-content\/uploads\/Screenshot_32.png\" \/>\n\t<meta property=\"og:image:width\" content=\"1919\" \/>\n\t<meta property=\"og:image:height\" content=\"886\" \/>\n\t<meta property=\"og:image:type\" content=\"image\/png\" \/>\n<meta name=\"author\" content=\"Bianca Albu\" \/>\n<meta name=\"twitter:card\" content=\"summary_large_image\" \/>\n<meta name=\"twitter:label1\" content=\"Written by\" \/>\n\t<meta name=\"twitter:data1\" content=\"Bianca Albu\" \/>\n\t<meta name=\"twitter:label2\" content=\"Estimated reading time\" \/>\n\t<meta name=\"twitter:data2\" content=\"3 minutes\" \/>\n<script type=\"application\/ld+json\" class=\"yoast-schema-graph\">{\"@context\":\"https:\\\/\\\/schema.org\",\"@graph\":[{\"@type\":\"Article\",\"@id\":\"https:\\\/\\\/buletin.de\\\/bucuresti\\\/live-text-coronavirus-bucuresti-26-aprilie-2020-ziua-61\\\/#article\",\"isPartOf\":{\"@id\":\"https:\\\/\\\/buletin.de\\\/bucuresti\\\/live-text-coronavirus-bucuresti-26-aprilie-2020-ziua-61\\\/\"},\"author\":{\"name\":\"Bianca Albu\",\"@id\":\"https:\\\/\\\/buletin.de\\\/bucuresti\\\/#\\\/schema\\\/person\\\/295dc2228d2dc79294d636619468dc7f\"},\"headline\":\"LIVE TEXT. Coronavirus &#8211; Bucure\u0219ti, 26 aprilie 2020, ziua 61\",\"datePublished\":\"2020-04-26T08:20:31+00:00\",\"dateModified\":\"2020-04-26T09:55:16+00:00\",\"mainEntityOfPage\":{\"@id\":\"https:\\\/\\\/buletin.de\\\/bucuresti\\\/live-text-coronavirus-bucuresti-26-aprilie-2020-ziua-61\\\/\"},\"wordCount\":573,\"publisher\":{\"@id\":\"https:\\\/\\\/buletin.de\\\/bucuresti\\\/#organization\"},\"image\":{\"@id\":\"https:\\\/\\\/buletin.de\\\/bucuresti\\\/live-text-coronavirus-bucuresti-26-aprilie-2020-ziua-61\\\/#primaryimage\"},\"thumbnailUrl\":\"https:\\\/\\\/buletin.de\\\/bucuresti\\\/wp-content\\\/uploads\\\/Screenshot_32.png\",\"keywords\":[\"coronavirus\",\"coronavirus bucuresti\",\"livetext\"],\"articleSection\":[\"S\u0103n\u0103tate\",\"\u0218tiri\"],\"inLanguage\":\"en-GB\",\"copyrightYear\":\"2020\",\"copyrightHolder\":{\"@id\":\"https:\\\/\\\/buletin.de\\\/bucuresti\\\/#organization\"}},{\"@type\":\"WebPage\",\"@id\":\"https:\\\/\\\/buletin.de\\\/bucuresti\\\/live-text-coronavirus-bucuresti-26-aprilie-2020-ziua-61\\\/\",\"url\":\"https:\\\/\\\/buletin.de\\\/bucuresti\\\/live-text-coronavirus-bucuresti-26-aprilie-2020-ziua-61\\\/\",\"name\":\"LIVE TEXT. Coronavirus - Bucure\u0219ti, 26 aprilie 2020, ziua 61 - Buletin de Bucure\u0219ti\",\"isPartOf\":{\"@id\":\"https:\\\/\\\/buletin.de\\\/bucuresti\\\/#website\"},\"primaryImageOfPage\":{\"@id\":\"https:\\\/\\\/buletin.de\\\/bucuresti\\\/live-text-coronavirus-bucuresti-26-aprilie-2020-ziua-61\\\/#primaryimage\"},\"image\":{\"@id\":\"https:\\\/\\\/buletin.de\\\/bucuresti\\\/live-text-coronavirus-bucuresti-26-aprilie-2020-ziua-61\\\/#primaryimage\"},\"thumbnailUrl\":\"https:\\\/\\\/buletin.de\\\/bucuresti\\\/wp-content\\\/uploads\\\/Screenshot_32.png\",\"datePublished\":\"2020-04-26T08:20:31+00:00\",\"dateModified\":\"2020-04-26T09:55:16+00:00\",\"breadcrumb\":{\"@id\":\"https:\\\/\\\/buletin.de\\\/bucuresti\\\/live-text-coronavirus-bucuresti-26-aprilie-2020-ziua-61\\\/#breadcrumb\"},\"inLanguage\":\"en-GB\",\"potentialAction\":[{\"@type\":\"ReadAction\",\"target\":[\"https:\\\/\\\/buletin.de\\\/bucuresti\\\/live-text-coronavirus-bucuresti-26-aprilie-2020-ziua-61\\\/\"]}]},{\"@type\":\"ImageObject\",\"inLanguage\":\"en-GB\",\"@id\":\"https:\\\/\\\/buletin.de\\\/bucuresti\\\/live-text-coronavirus-bucuresti-26-aprilie-2020-ziua-61\\\/#primaryimage\",\"url\":\"https:\\\/\\\/buletin.de\\\/bucuresti\\\/wp-content\\\/uploads\\\/Screenshot_32.png\",\"contentUrl\":\"https:\\\/\\\/buletin.de\\\/bucuresti\\\/wp-content\\\/uploads\\\/Screenshot_32.png\",\"width\":1919,\"height\":886},{\"@type\":\"BreadcrumbList\",\"@id\":\"https:\\\/\\\/buletin.de\\\/bucuresti\\\/live-text-coronavirus-bucuresti-26-aprilie-2020-ziua-61\\\/#breadcrumb\",\"itemListElement\":[{\"@type\":\"ListItem\",\"position\":1,\"name\":\"Acas\u0103\",\"item\":\"https:\\\/\\\/buletin.de\\\/bucuresti\\\/\"},{\"@type\":\"ListItem\",\"position\":2,\"name\":\"LIVE TEXT. Coronavirus &#8211; Bucure\u0219ti, 26 aprilie 2020, ziua 61\"}]},{\"@type\":\"WebSite\",\"@id\":\"https:\\\/\\\/buletin.de\\\/bucuresti\\\/#website\",\"url\":\"https:\\\/\\\/buletin.de\\\/bucuresti\\\/\",\"name\":\"Buletin de Bucure\u0219ti\",\"description\":\"\u0218tiri \u0219i investiga\u021bii esen\u021biale din capital\u0103\",\"publisher\":{\"@id\":\"https:\\\/\\\/buletin.de\\\/bucuresti\\\/#organization\"},\"potentialAction\":[{\"@type\":\"SearchAction\",\"target\":{\"@type\":\"EntryPoint\",\"urlTemplate\":\"https:\\\/\\\/buletin.de\\\/bucuresti\\\/?s={search_term_string}\"},\"query-input\":{\"@type\":\"PropertyValueSpecification\",\"valueRequired\":true,\"valueName\":\"search_term_string\"}}],\"inLanguage\":\"en-GB\"},{\"@type\":\"Organization\",\"@id\":\"https:\\\/\\\/buletin.de\\\/bucuresti\\\/#organization\",\"name\":\"Buletin de Bucure\u0219ti\",\"url\":\"https:\\\/\\\/buletin.de\\\/bucuresti\\\/\",\"logo\":{\"@type\":\"ImageObject\",\"inLanguage\":\"en-GB\",\"@id\":\"https:\\\/\\\/buletin.de\\\/bucuresti\\\/#\\\/schema\\\/logo\\\/image\\\/\",\"url\":\"https:\\\/\\\/buletin.de\\\/bucuresti\\\/wp-content\\\/uploads\\\/logo-bdb-full-wide-vernil-transparent.png\",\"contentUrl\":\"https:\\\/\\\/buletin.de\\\/bucuresti\\\/wp-content\\\/uploads\\\/logo-bdb-full-wide-vernil-transparent.png\",\"width\":1782,\"height\":626,\"caption\":\"Buletin de Bucure\u0219ti\"},\"image\":{\"@id\":\"https:\\\/\\\/buletin.de\\\/bucuresti\\\/#\\\/schema\\\/logo\\\/image\\\/\"},\"sameAs\":[\"https:\\\/\\\/www.facebook.com\\\/buletin.de.buc\",\"https:\\\/\\\/www.instagram.com\\\/buletinde.bucuresti\\\/\"]},{\"@type\":\"Person\",\"@id\":\"https:\\\/\\\/buletin.de\\\/bucuresti\\\/#\\\/schema\\\/person\\\/295dc2228d2dc79294d636619468dc7f\",\"name\":\"Bianca Albu\",\"image\":{\"@type\":\"ImageObject\",\"inLanguage\":\"en-GB\",\"@id\":\"https:\\\/\\\/secure.gravatar.com\\\/avatar\\\/3df2e34e20f529e6fd7be4311ee1f7c4ec4aa886971590baf6fa214b15743516?s=96&d=monsterid&r=gf541c715eeec409ce8101252a3c0d8a7\",\"url\":\"https:\\\/\\\/secure.gravatar.com\\\/avatar\\\/3df2e34e20f529e6fd7be4311ee1f7c4ec4aa886971590baf6fa214b15743516?s=96&d=monsterid&r=g\",\"contentUrl\":\"https:\\\/\\\/secure.gravatar.com\\\/avatar\\\/3df2e34e20f529e6fd7be4311ee1f7c4ec4aa886971590baf6fa214b15743516?s=96&d=monsterid&r=g\",\"caption\":\"Bianca Albu\"},\"description\":\"Reporter\",\"url\":\"https:\\\/\\\/buletin.de\\\/bucuresti\\\/author\\\/biancaalbu\\\/\"}]}<\/script>\n<!-- \/ Yoast SEO Premium plugin. -->","yoast_head_json":{"title":"LIVE TEXT. Coronavirus - Bucure\u0219ti, 26 aprilie 2020, ziua 61 - Buletin de Bucure\u0219ti","robots":{"index":"index","follow":"follow","max-snippet":"max-snippet:-1","max-image-preview":"max-image-preview:large","max-video-preview":"max-video-preview:-1"},"canonical":"https:\/\/buletin.de\/bucuresti\/live-text-coronavirus-bucuresti-26-aprilie-2020-ziua-61\/","og_locale":"en_GB","og_type":"article","og_title":"LIVE TEXT. Coronavirus - Bucure\u0219ti, 26 aprilie 2020, ziua 61","og_description":"Num\u0103rul de pacien\u021bi confirma\u021bi cu Covid-19 pe teritoriul Rom\u00e2niei a trecut de 10.000 \u0219i cre\u0219te de la o zi la alta, \u00eentr-un ritm din ce \u00een ce mai accelerat. Rata r\u0103sp\u00e2ndirii \u0219i rata mortalit\u0103\u021bii cresc gradual, \u00een timp ce num\u0103rul de test\u0103ri difer\u0103 de la zi la zi. Rom\u00e2nia se afl\u0103 acum \u00een stare de [&hellip;]","og_url":"https:\/\/buletin.de\/bucuresti\/live-text-coronavirus-bucuresti-26-aprilie-2020-ziua-61\/","og_site_name":"Buletin de Bucure\u0219ti","article_publisher":"https:\/\/www.facebook.com\/buletin.de.buc","article_published_time":"2020-04-26T08:20:31+00:00","article_modified_time":"2020-04-26T09:55:16+00:00","og_image":[{"width":1919,"height":886,"url":"https:\/\/buletin.de\/bucuresti\/wp-content\/uploads\/Screenshot_32.png","type":"image\/png"}],"author":"Bianca Albu","twitter_card":"summary_large_image","twitter_misc":{"Written by":"Bianca Albu","Estimated reading time":"3 minutes"},"schema":{"@context":"https:\/\/schema.org","@graph":[{"@type":"Article","@id":"https:\/\/buletin.de\/bucuresti\/live-text-coronavirus-bucuresti-26-aprilie-2020-ziua-61\/#article","isPartOf":{"@id":"https:\/\/buletin.de\/bucuresti\/live-text-coronavirus-bucuresti-26-aprilie-2020-ziua-61\/"},"author":{"name":"Bianca Albu","@id":"https:\/\/buletin.de\/bucuresti\/#\/schema\/person\/295dc2228d2dc79294d636619468dc7f"},"headline":"LIVE TEXT. Coronavirus &#8211; Bucure\u0219ti, 26 aprilie 2020, ziua 61","datePublished":"2020-04-26T08:20:31+00:00","dateModified":"2020-04-26T09:55:16+00:00","mainEntityOfPage":{"@id":"https:\/\/buletin.de\/bucuresti\/live-text-coronavirus-bucuresti-26-aprilie-2020-ziua-61\/"},"wordCount":573,"publisher":{"@id":"https:\/\/buletin.de\/bucuresti\/#organization"},"image":{"@id":"https:\/\/buletin.de\/bucuresti\/live-text-coronavirus-bucuresti-26-aprilie-2020-ziua-61\/#primaryimage"},"thumbnailUrl":"https:\/\/buletin.de\/bucuresti\/wp-content\/uploads\/Screenshot_32.png","keywords":["coronavirus","coronavirus bucuresti","livetext"],"articleSection":["S\u0103n\u0103tate","\u0218tiri"],"inLanguage":"en-GB","copyrightYear":"2020","copyrightHolder":{"@id":"https:\/\/buletin.de\/bucuresti\/#organization"}},{"@type":"WebPage","@id":"https:\/\/buletin.de\/bucuresti\/live-text-coronavirus-bucuresti-26-aprilie-2020-ziua-61\/","url":"https:\/\/buletin.de\/bucuresti\/live-text-coronavirus-bucuresti-26-aprilie-2020-ziua-61\/","name":"LIVE TEXT. Coronavirus - Bucure\u0219ti, 26 aprilie 2020, ziua 61 - Buletin de Bucure\u0219ti","isPartOf":{"@id":"https:\/\/buletin.de\/bucuresti\/#website"},"primaryImageOfPage":{"@id":"https:\/\/buletin.de\/bucuresti\/live-text-coronavirus-bucuresti-26-aprilie-2020-ziua-61\/#primaryimage"},"image":{"@id":"https:\/\/buletin.de\/bucuresti\/live-text-coronavirus-bucuresti-26-aprilie-2020-ziua-61\/#primaryimage"},"thumbnailUrl":"https:\/\/buletin.de\/bucuresti\/wp-content\/uploads\/Screenshot_32.png","datePublished":"2020-04-26T08:20:31+00:00","dateModified":"2020-04-26T09:55:16+00:00","breadcrumb":{"@id":"https:\/\/buletin.de\/bucuresti\/live-text-coronavirus-bucuresti-26-aprilie-2020-ziua-61\/#breadcrumb"},"inLanguage":"en-GB","potentialAction":[{"@type":"ReadAction","target":["https:\/\/buletin.de\/bucuresti\/live-text-coronavirus-bucuresti-26-aprilie-2020-ziua-61\/"]}]},{"@type":"ImageObject","inLanguage":"en-GB","@id":"https:\/\/buletin.de\/bucuresti\/live-text-coronavirus-bucuresti-26-aprilie-2020-ziua-61\/#primaryimage","url":"https:\/\/buletin.de\/bucuresti\/wp-content\/uploads\/Screenshot_32.png","contentUrl":"https:\/\/buletin.de\/bucuresti\/wp-content\/uploads\/Screenshot_32.png","width":1919,"height":886},{"@type":"BreadcrumbList","@id":"https:\/\/buletin.de\/bucuresti\/live-text-coronavirus-bucuresti-26-aprilie-2020-ziua-61\/#breadcrumb","itemListElement":[{"@type":"ListItem","position":1,"name":"Acas\u0103","item":"https:\/\/buletin.de\/bucuresti\/"},{"@type":"ListItem","position":2,"name":"LIVE TEXT. Coronavirus &#8211; Bucure\u0219ti, 26 aprilie 2020, ziua 61"}]},{"@type":"WebSite","@id":"https:\/\/buletin.de\/bucuresti\/#website","url":"https:\/\/buletin.de\/bucuresti\/","name":"Buletin de Bucure\u0219ti","description":"\u0218tiri \u0219i investiga\u021bii esen\u021biale din capital\u0103","publisher":{"@id":"https:\/\/buletin.de\/bucuresti\/#organization"},"potentialAction":[{"@type":"SearchAction","target":{"@type":"EntryPoint","urlTemplate":"https:\/\/buletin.de\/bucuresti\/?s={search_term_string}"},"query-input":{"@type":"PropertyValueSpecification","valueRequired":true,"valueName":"search_term_string"}}],"inLanguage":"en-GB"},{"@type":"Organization","@id":"https:\/\/buletin.de\/bucuresti\/#organization","name":"Buletin de Bucure\u0219ti","url":"https:\/\/buletin.de\/bucuresti\/","logo":{"@type":"ImageObject","inLanguage":"en-GB","@id":"https:\/\/buletin.de\/bucuresti\/#\/schema\/logo\/image\/","url":"https:\/\/buletin.de\/bucuresti\/wp-content\/uploads\/logo-bdb-full-wide-vernil-transparent.png","contentUrl":"https:\/\/buletin.de\/bucuresti\/wp-content\/uploads\/logo-bdb-full-wide-vernil-transparent.png","width":1782,"height":626,"caption":"Buletin de Bucure\u0219ti"},"image":{"@id":"https:\/\/buletin.de\/bucuresti\/#\/schema\/logo\/image\/"},"sameAs":["https:\/\/www.facebook.com\/buletin.de.buc","https:\/\/www.instagram.com\/buletinde.bucuresti\/"]},{"@type":"Person","@id":"https:\/\/buletin.de\/bucuresti\/#\/schema\/person\/295dc2228d2dc79294d636619468dc7f","name":"Bianca Albu","image":{"@type":"ImageObject","inLanguage":"en-GB","@id":"https:\/\/secure.gravatar.com\/avatar\/3df2e34e20f529e6fd7be4311ee1f7c4ec4aa886971590baf6fa214b15743516?s=96&d=monsterid&r=gf541c715eeec409ce8101252a3c0d8a7","url":"https:\/\/secure.gravatar.com\/avatar\/3df2e34e20f529e6fd7be4311ee1f7c4ec4aa886971590baf6fa214b15743516?s=96&d=monsterid&r=g","contentUrl":"https:\/\/secure.gravatar.com\/avatar\/3df2e34e20f529e6fd7be4311ee1f7c4ec4aa886971590baf6fa214b15743516?s=96&d=monsterid&r=g","caption":"Bianca Albu"},"description":"Reporter","url":"https:\/\/buletin.de\/bucuresti\/author\/biancaalbu\/"}]}},"authors":[{"term_id":22588,"user_id":6,"is_guest":0,"slug":"biancaalbu","display_name":"Bianca Albu","avatar_url":"https:\/\/secure.gravatar.com\/avatar\/3df2e34e20f529e6fd7be4311ee1f7c4ec4aa886971590baf6fa214b15743516?s=96&d=monsterid&r=g","0":null,"1":"","2":"","3":"","4":"","5":"","6":"","7":"","8":""}],"_links":{"self":[{"href":"https:\/\/buletin.de\/bucuresti\/wp-json\/wp\/v2\/posts\/6345","targetHints":{"allow":["GET"]}}],"collection":[{"href":"https:\/\/buletin.de\/bucuresti\/wp-json\/wp\/v2\/posts"}],"about":[{"href":"https:\/\/buletin.de\/bucuresti\/wp-json\/wp\/v2\/types\/post"}],"author":[{"embeddable":true,"href":"https:\/\/buletin.de\/bucuresti\/wp-json\/wp\/v2\/users\/6"}],"replies":[{"embeddable":true,"href":"https:\/\/buletin.de\/bucuresti\/wp-json\/wp\/v2\/comments?post=6345"}],"version-history":[{"count":3,"href":"https:\/\/buletin.de\/bucuresti\/wp-json\/wp\/v2\/posts\/6345\/revisions"}],"predecessor-version":[{"id":6351,"href":"https:\/\/buletin.de\/bucuresti\/wp-json\/wp\/v2\/posts\/6345\/revisions\/6351"}],"wp:featuredmedia":[{"embeddable":true,"href":"https:\/\/buletin.de\/bucuresti\/wp-json\/wp\/v2\/media\/5909"}],"wp:attachment":[{"href":"https:\/\/buletin.de\/bucuresti\/wp-json\/wp\/v2\/media?parent=6345"}],"wp:term":[{"taxonomy":"category","embeddable":true,"href":"https:\/\/buletin.de\/bucuresti\/wp-json\/wp\/v2\/categories?post=6345"},{"taxonomy":"post_tag","embeddable":true,"href":"https:\/\/buletin.de\/bucuresti\/wp-json\/wp\/v2\/tags?post=6345"},{"taxonomy":"author","embeddable":true,"href":"https:\/\/buletin.de\/bucuresti\/wp-json\/wp\/v2\/ppma_author?post=6345"}],"curies":[{"name":"wp","href":"https:\/\/api.w.org\/{rel}","templated":true}]}}