{"id":6316,"date":"2020-04-24T17:52:57","date_gmt":"2020-04-24T14:52:57","guid":{"rendered":"https:\/\/buletin.de\/bucuresti\/?p=6316"},"modified":"2020-04-24T17:52:57","modified_gmt":"2020-04-24T14:52:57","slug":"buletindevestibune-adi-hadean-face-mancare-pentru-medicii-din-linia-intai","status":"publish","type":"post","link":"https:\/\/buletin.de\/bucuresti\/buletindevestibune-adi-hadean-face-mancare-pentru-medicii-din-linia-intai\/","title":{"rendered":"#buletindevestibune | Adi H\u0103dean face m\u00e2ncare pentru medicii din linia \u00eent\u00e2i"},"content":{"rendered":"\n<p>\u00centr-o lume \u00een care &#8220;solidaritate&#8221; este cuv\u00e2ntul de ordine de c\u00e2teva s\u0103pt\u0103m\u00e2ni, fiecare contribuie cu ce poate pentru a ajuta personalul medical din linia \u00eent\u00e2i. Ast\u0103zi, vorbim de ini\u021biativa lui Adi H\u0103dean care, al\u0103turi de c\u00e2teva zeci de voluntari \u0219i de Direc\u021bia de Asisten\u021b\u0103 Social\u0103 a sectorului 6, g\u0103te\u0219te pentru medici \u0219i pentru c\u00e2teva sute de familii nevoia\u0219e. \u00cen total, 1200 de por\u021bii de m\u00e2ncare pleac\u0103 zilnic din buc\u0103t\u0103ria lor c\u0103tre spitalele Colentina \u0219i Matei Bal\u0219, dar \u0219i c\u0103tre familiile care nu au ce pune pe mas\u0103.<\/p>\n\n\n\n<figure class=\"wp-block-image size-large\"><img fetchpriority=\"high\" decoding=\"async\" width=\"675\" height=\"900\" src=\"data:image\/gif;base64,R0lGODlhAQABAAAAACH5BAEKAAEALAAAAAABAAEAAAICTAEAOw==\" data-src=\"https:\/\/buletin.de\/bucuresti\/wp-content\/uploads\/91256392_2832454603456291_8296732207087616000_o-675x900.jpg\" alt=\"\" class=\"wp-image-6317 lazyload\" data-sizes=\"auto\" data-srcset=\"https:\/\/buletin.de\/bucuresti\/wp-content\/uploads\/91256392_2832454603456291_8296732207087616000_o-675x900.jpg 675w, https:\/\/buletin.de\/bucuresti\/wp-content\/uploads\/91256392_2832454603456291_8296732207087616000_o-600x800.jpg 600w, https:\/\/buletin.de\/bucuresti\/wp-content\/uploads\/91256392_2832454603456291_8296732207087616000_o-225x300.jpg 225w, https:\/\/buletin.de\/bucuresti\/wp-content\/uploads\/91256392_2832454603456291_8296732207087616000_o-768x1024.jpg 768w, https:\/\/buletin.de\/bucuresti\/wp-content\/uploads\/91256392_2832454603456291_8296732207087616000_o-1152x1536.jpg 1152w, https:\/\/buletin.de\/bucuresti\/wp-content\/uploads\/91256392_2832454603456291_8296732207087616000_o-1060x1413.jpg 1060w, https:\/\/buletin.de\/bucuresti\/wp-content\/uploads\/91256392_2832454603456291_8296732207087616000_o-550x733.jpg 550w, https:\/\/buletin.de\/bucuresti\/wp-content\/uploads\/91256392_2832454603456291_8296732207087616000_o-375x500.jpg 375w, https:\/\/buletin.de\/bucuresti\/wp-content\/uploads\/91256392_2832454603456291_8296732207087616000_o-810x1080.jpg 810w, https:\/\/buletin.de\/bucuresti\/wp-content\/uploads\/91256392_2832454603456291_8296732207087616000_o.jpg 1488w\" sizes=\"(max-width: 675px) 100vw, 675px\" \/><\/figure>\n\n\n\n<p>P\u00e2n\u0103 \u00een acest moment, cei de la cantina umanitar\u0103 au f\u0103cut peste 20.000 de por\u021bii de m\u00e2ncare \u0219i vor continua pe tot parcursul pandemiei.<\/p>\n\n\n\n<p>Ca planul lor s\u0103 r\u0103m\u00e2n\u0103 pe \u0219ine, Adi H\u0103dean \u0219i echipa sa <a href=\"https:\/\/www.adihadean.ro\/2020\/04\/solidar-social\/\">au nevoie de dona\u021bii<\/a> &#8211; fie c\u0103 vorbim de produse, echipamente de protec\u021bie sau bani. Totodat\u0103, buc\u0103tarii profesioni\u0219ti care, \u00een acest moment nu pot profesa pentru c\u0103 business-ul la care lucrau s-a \u00eenchis sunt invita\u021bi s\u0103 dea o m\u00e2n\u0103 de ajutor.<\/p>\n\n\n\n<iframe style=\"width:100%; height:430px;\" src=\"https:\/\/www.youtube.com\/embed\/eMyVZrmrzss\" frameborder=\"0\" allow=\"accelerometer; autoplay; encrypted-media; gyroscope; picture-in-picture\" allowfullscreen><\/iframe>\n","protected":false},"excerpt":{"rendered":"<p>\u00centr-o lume \u00een care &#8220;solidaritate&#8221; este cuv\u00e2ntul de ordine de c\u00e2teva s\u0103pt\u0103m\u00e2ni, fiecare contribuie cu ce poate pentru a ajuta personalul medical din linia \u00eent\u00e2i. Ast\u0103zi, vorbim de ini\u021biativa lui Adi H\u0103dean care, al\u0103turi de c\u00e2teva zeci de voluntari \u0219i de Direc\u021bia de Asisten\u021b\u0103 Social\u0103 a sectorului 6, g\u0103te\u0219te pentru medici \u0219i pentru c\u00e2teva sute [&hellip;]<\/p>\n","protected":false},"author":8,"featured_media":6318,"comment_status":"closed","ping_status":"open","sticky":false,"template":"","format":"standard","meta":{"_acf_changed":false,"inline_featured_image":false,"ngg_post_thumbnail":0,"footnotes":""},"categories":[169],"tags":[928,805,926,641,529,640,13,927,645],"ppma_author":[22586],"class_list":["post-6316","post","type-post","status-publish","format-standard","has-post-thumbnail","hentry","category-reportaj","tag-adi-hadean","tag-buletin-de-vesti-bune","tag-cantina-sociala","tag-carantina","tag-coronavirus","tag-covid","tag-mancare","tag-mancare-sector-6","tag-pandemie"],"acf":[],"yoast_head":"<!-- This site is optimized with the Yoast SEO Premium plugin v25.3 (Yoast SEO v27.4) - https:\/\/yoast.com\/product\/yoast-seo-premium-wordpress\/ -->\n<title>#buletindevestibune | Adi H\u0103dean face m\u00e2ncare pentru medicii din linia \u00eent\u00e2i - Buletin de Bucure\u0219ti<\/title>\n<meta name=\"robots\" content=\"index, follow, max-snippet:-1, max-image-preview:large, max-video-preview:-1\" \/>\n<link rel=\"canonical\" href=\"https:\/\/buletin.de\/bucuresti\/buletindevestibune-adi-hadean-face-mancare-pentru-medicii-din-linia-intai\/\" \/>\n<meta property=\"og:locale\" content=\"en_GB\" \/>\n<meta property=\"og:type\" content=\"article\" \/>\n<meta property=\"og:title\" content=\"#buletindevestibune | Adi H\u0103dean face m\u00e2ncare pentru medicii din linia \u00eent\u00e2i\" \/>\n<meta property=\"og:description\" content=\"\u00centr-o lume \u00een care &#8220;solidaritate&#8221; este cuv\u00e2ntul de ordine de c\u00e2teva s\u0103pt\u0103m\u00e2ni, fiecare contribuie cu ce poate pentru a ajuta personalul medical din linia \u00eent\u00e2i. Ast\u0103zi, vorbim de ini\u021biativa lui Adi H\u0103dean care, al\u0103turi de c\u00e2teva zeci de voluntari \u0219i de Direc\u021bia de Asisten\u021b\u0103 Social\u0103 a sectorului 6, g\u0103te\u0219te pentru medici \u0219i pentru c\u00e2teva sute [&hellip;]\" \/>\n<meta property=\"og:url\" content=\"https:\/\/buletin.de\/bucuresti\/buletindevestibune-adi-hadean-face-mancare-pentru-medicii-din-linia-intai\/\" \/>\n<meta property=\"og:site_name\" content=\"Buletin de Bucure\u0219ti\" \/>\n<meta property=\"article:publisher\" content=\"https:\/\/www.facebook.com\/buletin.de.buc\" \/>\n<meta property=\"article:published_time\" content=\"2020-04-24T14:52:57+00:00\" \/>\n<meta property=\"og:image\" content=\"https:\/\/buletin.de\/bucuresti\/wp-content\/uploads\/92827967_2847926098575808_9176260179807698944_o.jpg\" \/>\n\t<meta property=\"og:image:width\" content=\"2048\" \/>\n\t<meta property=\"og:image:height\" content=\"1367\" \/>\n\t<meta property=\"og:image:type\" content=\"image\/jpeg\" \/>\n<meta name=\"author\" content=\"Ionu\u021b Lepa\" \/>\n<meta name=\"twitter:card\" content=\"summary_large_image\" \/>\n<meta name=\"twitter:label1\" content=\"Written by\" \/>\n\t<meta name=\"twitter:data1\" content=\"Ionu\u021b Lepa\" \/>\n\t<meta name=\"twitter:label2\" content=\"Estimated reading time\" \/>\n\t<meta name=\"twitter:data2\" content=\"1 minute\" \/>\n<script type=\"application\/ld+json\" class=\"yoast-schema-graph\">{\"@context\":\"https:\\\/\\\/schema.org\",\"@graph\":[{\"@type\":\"Article\",\"@id\":\"https:\\\/\\\/buletin.de\\\/bucuresti\\\/buletindevestibune-adi-hadean-face-mancare-pentru-medicii-din-linia-intai\\\/#article\",\"isPartOf\":{\"@id\":\"https:\\\/\\\/buletin.de\\\/bucuresti\\\/buletindevestibune-adi-hadean-face-mancare-pentru-medicii-din-linia-intai\\\/\"},\"author\":{\"name\":\"Ionu\u021b Lepa\",\"@id\":\"https:\\\/\\\/buletin.de\\\/bucuresti\\\/#\\\/schema\\\/person\\\/5272b8a057b33890940b57b837fc4ce6\"},\"headline\":\"#buletindevestibune | Adi H\u0103dean face m\u00e2ncare pentru medicii din linia \u00eent\u00e2i\",\"datePublished\":\"2020-04-24T14:52:57+00:00\",\"mainEntityOfPage\":{\"@id\":\"https:\\\/\\\/buletin.de\\\/bucuresti\\\/buletindevestibune-adi-hadean-face-mancare-pentru-medicii-din-linia-intai\\\/\"},\"wordCount\":209,\"publisher\":{\"@id\":\"https:\\\/\\\/buletin.de\\\/bucuresti\\\/#organization\"},\"image\":{\"@id\":\"https:\\\/\\\/buletin.de\\\/bucuresti\\\/buletindevestibune-adi-hadean-face-mancare-pentru-medicii-din-linia-intai\\\/#primaryimage\"},\"thumbnailUrl\":\"https:\\\/\\\/buletin.de\\\/bucuresti\\\/wp-content\\\/uploads\\\/92827967_2847926098575808_9176260179807698944_o.jpg\",\"keywords\":[\"adi hadean\",\"Buletin de ve\u0219ti bune\",\"cantina sociala\",\"carantina\",\"coronavirus\",\"covid\",\"mancare\",\"mancare sector 6\",\"pandemie\"],\"articleSection\":[\"Reportaj\"],\"inLanguage\":\"en-GB\",\"copyrightYear\":\"2020\",\"copyrightHolder\":{\"@id\":\"https:\\\/\\\/buletin.de\\\/bucuresti\\\/#organization\"}},{\"@type\":\"WebPage\",\"@id\":\"https:\\\/\\\/buletin.de\\\/bucuresti\\\/buletindevestibune-adi-hadean-face-mancare-pentru-medicii-din-linia-intai\\\/\",\"url\":\"https:\\\/\\\/buletin.de\\\/bucuresti\\\/buletindevestibune-adi-hadean-face-mancare-pentru-medicii-din-linia-intai\\\/\",\"name\":\"#buletindevestibune | Adi H\u0103dean face m\u00e2ncare pentru medicii din linia \u00eent\u00e2i - Buletin de Bucure\u0219ti\",\"isPartOf\":{\"@id\":\"https:\\\/\\\/buletin.de\\\/bucuresti\\\/#website\"},\"primaryImageOfPage\":{\"@id\":\"https:\\\/\\\/buletin.de\\\/bucuresti\\\/buletindevestibune-adi-hadean-face-mancare-pentru-medicii-din-linia-intai\\\/#primaryimage\"},\"image\":{\"@id\":\"https:\\\/\\\/buletin.de\\\/bucuresti\\\/buletindevestibune-adi-hadean-face-mancare-pentru-medicii-din-linia-intai\\\/#primaryimage\"},\"thumbnailUrl\":\"https:\\\/\\\/buletin.de\\\/bucuresti\\\/wp-content\\\/uploads\\\/92827967_2847926098575808_9176260179807698944_o.jpg\",\"datePublished\":\"2020-04-24T14:52:57+00:00\",\"breadcrumb\":{\"@id\":\"https:\\\/\\\/buletin.de\\\/bucuresti\\\/buletindevestibune-adi-hadean-face-mancare-pentru-medicii-din-linia-intai\\\/#breadcrumb\"},\"inLanguage\":\"en-GB\",\"potentialAction\":[{\"@type\":\"ReadAction\",\"target\":[\"https:\\\/\\\/buletin.de\\\/bucuresti\\\/buletindevestibune-adi-hadean-face-mancare-pentru-medicii-din-linia-intai\\\/\"]}]},{\"@type\":\"ImageObject\",\"inLanguage\":\"en-GB\",\"@id\":\"https:\\\/\\\/buletin.de\\\/bucuresti\\\/buletindevestibune-adi-hadean-face-mancare-pentru-medicii-din-linia-intai\\\/#primaryimage\",\"url\":\"https:\\\/\\\/buletin.de\\\/bucuresti\\\/wp-content\\\/uploads\\\/92827967_2847926098575808_9176260179807698944_o.jpg\",\"contentUrl\":\"https:\\\/\\\/buletin.de\\\/bucuresti\\\/wp-content\\\/uploads\\\/92827967_2847926098575808_9176260179807698944_o.jpg\",\"width\":2048,\"height\":1367},{\"@type\":\"BreadcrumbList\",\"@id\":\"https:\\\/\\\/buletin.de\\\/bucuresti\\\/buletindevestibune-adi-hadean-face-mancare-pentru-medicii-din-linia-intai\\\/#breadcrumb\",\"itemListElement\":[{\"@type\":\"ListItem\",\"position\":1,\"name\":\"Acas\u0103\",\"item\":\"https:\\\/\\\/buletin.de\\\/bucuresti\\\/\"},{\"@type\":\"ListItem\",\"position\":2,\"name\":\"#buletindevestibune | Adi H\u0103dean face m\u00e2ncare pentru medicii din linia \u00eent\u00e2i\"}]},{\"@type\":\"WebSite\",\"@id\":\"https:\\\/\\\/buletin.de\\\/bucuresti\\\/#website\",\"url\":\"https:\\\/\\\/buletin.de\\\/bucuresti\\\/\",\"name\":\"Buletin de Bucure\u0219ti\",\"description\":\"\u0218tiri \u0219i investiga\u021bii esen\u021biale din capital\u0103\",\"publisher\":{\"@id\":\"https:\\\/\\\/buletin.de\\\/bucuresti\\\/#organization\"},\"potentialAction\":[{\"@type\":\"SearchAction\",\"target\":{\"@type\":\"EntryPoint\",\"urlTemplate\":\"https:\\\/\\\/buletin.de\\\/bucuresti\\\/?s={search_term_string}\"},\"query-input\":{\"@type\":\"PropertyValueSpecification\",\"valueRequired\":true,\"valueName\":\"search_term_string\"}}],\"inLanguage\":\"en-GB\"},{\"@type\":\"Organization\",\"@id\":\"https:\\\/\\\/buletin.de\\\/bucuresti\\\/#organization\",\"name\":\"Buletin de Bucure\u0219ti\",\"url\":\"https:\\\/\\\/buletin.de\\\/bucuresti\\\/\",\"logo\":{\"@type\":\"ImageObject\",\"inLanguage\":\"en-GB\",\"@id\":\"https:\\\/\\\/buletin.de\\\/bucuresti\\\/#\\\/schema\\\/logo\\\/image\\\/\",\"url\":\"https:\\\/\\\/buletin.de\\\/bucuresti\\\/wp-content\\\/uploads\\\/logo-bdb-full-wide-vernil-transparent.png\",\"contentUrl\":\"https:\\\/\\\/buletin.de\\\/bucuresti\\\/wp-content\\\/uploads\\\/logo-bdb-full-wide-vernil-transparent.png\",\"width\":1782,\"height\":626,\"caption\":\"Buletin de Bucure\u0219ti\"},\"image\":{\"@id\":\"https:\\\/\\\/buletin.de\\\/bucuresti\\\/#\\\/schema\\\/logo\\\/image\\\/\"},\"sameAs\":[\"https:\\\/\\\/www.facebook.com\\\/buletin.de.buc\",\"https:\\\/\\\/www.instagram.com\\\/buletinde.bucuresti\\\/\"]},{\"@type\":\"Person\",\"@id\":\"https:\\\/\\\/buletin.de\\\/bucuresti\\\/#\\\/schema\\\/person\\\/5272b8a057b33890940b57b837fc4ce6\",\"name\":\"Ionu\u021b Lepa\",\"image\":{\"@type\":\"ImageObject\",\"inLanguage\":\"en-GB\",\"@id\":\"https:\\\/\\\/buletin.de\\\/bucuresti\\\/wp-content\\\/uploads\\\/Ionut-Lepa-96x96.jpg5c4e4d9e049808799a8821652d2410a4\",\"url\":\"https:\\\/\\\/buletin.de\\\/bucuresti\\\/wp-content\\\/uploads\\\/Ionut-Lepa-96x96.jpg\",\"contentUrl\":\"https:\\\/\\\/buletin.de\\\/bucuresti\\\/wp-content\\\/uploads\\\/Ionut-Lepa-96x96.jpg\",\"caption\":\"Ionu\u021b Lepa\"},\"url\":\"https:\\\/\\\/buletin.de\\\/bucuresti\\\/author\\\/ionutlepa\\\/\"}]}<\/script>\n<!-- \/ Yoast SEO Premium plugin. -->","yoast_head_json":{"title":"#buletindevestibune | Adi H\u0103dean face m\u00e2ncare pentru medicii din linia \u00eent\u00e2i - Buletin de Bucure\u0219ti","robots":{"index":"index","follow":"follow","max-snippet":"max-snippet:-1","max-image-preview":"max-image-preview:large","max-video-preview":"max-video-preview:-1"},"canonical":"https:\/\/buletin.de\/bucuresti\/buletindevestibune-adi-hadean-face-mancare-pentru-medicii-din-linia-intai\/","og_locale":"en_GB","og_type":"article","og_title":"#buletindevestibune | Adi H\u0103dean face m\u00e2ncare pentru medicii din linia \u00eent\u00e2i","og_description":"\u00centr-o lume \u00een care &#8220;solidaritate&#8221; este cuv\u00e2ntul de ordine de c\u00e2teva s\u0103pt\u0103m\u00e2ni, fiecare contribuie cu ce poate pentru a ajuta personalul medical din linia \u00eent\u00e2i. Ast\u0103zi, vorbim de ini\u021biativa lui Adi H\u0103dean care, al\u0103turi de c\u00e2teva zeci de voluntari \u0219i de Direc\u021bia de Asisten\u021b\u0103 Social\u0103 a sectorului 6, g\u0103te\u0219te pentru medici \u0219i pentru c\u00e2teva sute [&hellip;]","og_url":"https:\/\/buletin.de\/bucuresti\/buletindevestibune-adi-hadean-face-mancare-pentru-medicii-din-linia-intai\/","og_site_name":"Buletin de Bucure\u0219ti","article_publisher":"https:\/\/www.facebook.com\/buletin.de.buc","article_published_time":"2020-04-24T14:52:57+00:00","og_image":[{"width":2048,"height":1367,"url":"https:\/\/buletin.de\/bucuresti\/wp-content\/uploads\/92827967_2847926098575808_9176260179807698944_o.jpg","type":"image\/jpeg"}],"author":"Ionu\u021b Lepa","twitter_card":"summary_large_image","twitter_misc":{"Written by":"Ionu\u021b Lepa","Estimated reading time":"1 minute"},"schema":{"@context":"https:\/\/schema.org","@graph":[{"@type":"Article","@id":"https:\/\/buletin.de\/bucuresti\/buletindevestibune-adi-hadean-face-mancare-pentru-medicii-din-linia-intai\/#article","isPartOf":{"@id":"https:\/\/buletin.de\/bucuresti\/buletindevestibune-adi-hadean-face-mancare-pentru-medicii-din-linia-intai\/"},"author":{"name":"Ionu\u021b Lepa","@id":"https:\/\/buletin.de\/bucuresti\/#\/schema\/person\/5272b8a057b33890940b57b837fc4ce6"},"headline":"#buletindevestibune | Adi H\u0103dean face m\u00e2ncare pentru medicii din linia \u00eent\u00e2i","datePublished":"2020-04-24T14:52:57+00:00","mainEntityOfPage":{"@id":"https:\/\/buletin.de\/bucuresti\/buletindevestibune-adi-hadean-face-mancare-pentru-medicii-din-linia-intai\/"},"wordCount":209,"publisher":{"@id":"https:\/\/buletin.de\/bucuresti\/#organization"},"image":{"@id":"https:\/\/buletin.de\/bucuresti\/buletindevestibune-adi-hadean-face-mancare-pentru-medicii-din-linia-intai\/#primaryimage"},"thumbnailUrl":"https:\/\/buletin.de\/bucuresti\/wp-content\/uploads\/92827967_2847926098575808_9176260179807698944_o.jpg","keywords":["adi hadean","Buletin de ve\u0219ti bune","cantina sociala","carantina","coronavirus","covid","mancare","mancare sector 6","pandemie"],"articleSection":["Reportaj"],"inLanguage":"en-GB","copyrightYear":"2020","copyrightHolder":{"@id":"https:\/\/buletin.de\/bucuresti\/#organization"}},{"@type":"WebPage","@id":"https:\/\/buletin.de\/bucuresti\/buletindevestibune-adi-hadean-face-mancare-pentru-medicii-din-linia-intai\/","url":"https:\/\/buletin.de\/bucuresti\/buletindevestibune-adi-hadean-face-mancare-pentru-medicii-din-linia-intai\/","name":"#buletindevestibune | Adi H\u0103dean face m\u00e2ncare pentru medicii din linia \u00eent\u00e2i - Buletin de Bucure\u0219ti","isPartOf":{"@id":"https:\/\/buletin.de\/bucuresti\/#website"},"primaryImageOfPage":{"@id":"https:\/\/buletin.de\/bucuresti\/buletindevestibune-adi-hadean-face-mancare-pentru-medicii-din-linia-intai\/#primaryimage"},"image":{"@id":"https:\/\/buletin.de\/bucuresti\/buletindevestibune-adi-hadean-face-mancare-pentru-medicii-din-linia-intai\/#primaryimage"},"thumbnailUrl":"https:\/\/buletin.de\/bucuresti\/wp-content\/uploads\/92827967_2847926098575808_9176260179807698944_o.jpg","datePublished":"2020-04-24T14:52:57+00:00","breadcrumb":{"@id":"https:\/\/buletin.de\/bucuresti\/buletindevestibune-adi-hadean-face-mancare-pentru-medicii-din-linia-intai\/#breadcrumb"},"inLanguage":"en-GB","potentialAction":[{"@type":"ReadAction","target":["https:\/\/buletin.de\/bucuresti\/buletindevestibune-adi-hadean-face-mancare-pentru-medicii-din-linia-intai\/"]}]},{"@type":"ImageObject","inLanguage":"en-GB","@id":"https:\/\/buletin.de\/bucuresti\/buletindevestibune-adi-hadean-face-mancare-pentru-medicii-din-linia-intai\/#primaryimage","url":"https:\/\/buletin.de\/bucuresti\/wp-content\/uploads\/92827967_2847926098575808_9176260179807698944_o.jpg","contentUrl":"https:\/\/buletin.de\/bucuresti\/wp-content\/uploads\/92827967_2847926098575808_9176260179807698944_o.jpg","width":2048,"height":1367},{"@type":"BreadcrumbList","@id":"https:\/\/buletin.de\/bucuresti\/buletindevestibune-adi-hadean-face-mancare-pentru-medicii-din-linia-intai\/#breadcrumb","itemListElement":[{"@type":"ListItem","position":1,"name":"Acas\u0103","item":"https:\/\/buletin.de\/bucuresti\/"},{"@type":"ListItem","position":2,"name":"#buletindevestibune | Adi H\u0103dean face m\u00e2ncare pentru medicii din linia \u00eent\u00e2i"}]},{"@type":"WebSite","@id":"https:\/\/buletin.de\/bucuresti\/#website","url":"https:\/\/buletin.de\/bucuresti\/","name":"Buletin de Bucure\u0219ti","description":"\u0218tiri \u0219i investiga\u021bii esen\u021biale din capital\u0103","publisher":{"@id":"https:\/\/buletin.de\/bucuresti\/#organization"},"potentialAction":[{"@type":"SearchAction","target":{"@type":"EntryPoint","urlTemplate":"https:\/\/buletin.de\/bucuresti\/?s={search_term_string}"},"query-input":{"@type":"PropertyValueSpecification","valueRequired":true,"valueName":"search_term_string"}}],"inLanguage":"en-GB"},{"@type":"Organization","@id":"https:\/\/buletin.de\/bucuresti\/#organization","name":"Buletin de Bucure\u0219ti","url":"https:\/\/buletin.de\/bucuresti\/","logo":{"@type":"ImageObject","inLanguage":"en-GB","@id":"https:\/\/buletin.de\/bucuresti\/#\/schema\/logo\/image\/","url":"https:\/\/buletin.de\/bucuresti\/wp-content\/uploads\/logo-bdb-full-wide-vernil-transparent.png","contentUrl":"https:\/\/buletin.de\/bucuresti\/wp-content\/uploads\/logo-bdb-full-wide-vernil-transparent.png","width":1782,"height":626,"caption":"Buletin de Bucure\u0219ti"},"image":{"@id":"https:\/\/buletin.de\/bucuresti\/#\/schema\/logo\/image\/"},"sameAs":["https:\/\/www.facebook.com\/buletin.de.buc","https:\/\/www.instagram.com\/buletinde.bucuresti\/"]},{"@type":"Person","@id":"https:\/\/buletin.de\/bucuresti\/#\/schema\/person\/5272b8a057b33890940b57b837fc4ce6","name":"Ionu\u021b Lepa","image":{"@type":"ImageObject","inLanguage":"en-GB","@id":"https:\/\/buletin.de\/bucuresti\/wp-content\/uploads\/Ionut-Lepa-96x96.jpg5c4e4d9e049808799a8821652d2410a4","url":"https:\/\/buletin.de\/bucuresti\/wp-content\/uploads\/Ionut-Lepa-96x96.jpg","contentUrl":"https:\/\/buletin.de\/bucuresti\/wp-content\/uploads\/Ionut-Lepa-96x96.jpg","caption":"Ionu\u021b Lepa"},"url":"https:\/\/buletin.de\/bucuresti\/author\/ionutlepa\/"}]}},"authors":[{"term_id":22586,"user_id":8,"is_guest":0,"slug":"ionutlepa","display_name":"Ionu\u021b Lepa","avatar_url":"https:\/\/buletin.de\/bucuresti\/wp-content\/uploads\/Ionut-Lepa-96x96.jpg","0":null,"1":"","2":"","3":"","4":"","5":"","6":"","7":"","8":""}],"_links":{"self":[{"href":"https:\/\/buletin.de\/bucuresti\/wp-json\/wp\/v2\/posts\/6316","targetHints":{"allow":["GET"]}}],"collection":[{"href":"https:\/\/buletin.de\/bucuresti\/wp-json\/wp\/v2\/posts"}],"about":[{"href":"https:\/\/buletin.de\/bucuresti\/wp-json\/wp\/v2\/types\/post"}],"author":[{"embeddable":true,"href":"https:\/\/buletin.de\/bucuresti\/wp-json\/wp\/v2\/users\/8"}],"replies":[{"embeddable":true,"href":"https:\/\/buletin.de\/bucuresti\/wp-json\/wp\/v2\/comments?post=6316"}],"version-history":[{"count":5,"href":"https:\/\/buletin.de\/bucuresti\/wp-json\/wp\/v2\/posts\/6316\/revisions"}],"predecessor-version":[{"id":6324,"href":"https:\/\/buletin.de\/bucuresti\/wp-json\/wp\/v2\/posts\/6316\/revisions\/6324"}],"wp:featuredmedia":[{"embeddable":true,"href":"https:\/\/buletin.de\/bucuresti\/wp-json\/wp\/v2\/media\/6318"}],"wp:attachment":[{"href":"https:\/\/buletin.de\/bucuresti\/wp-json\/wp\/v2\/media?parent=6316"}],"wp:term":[{"taxonomy":"category","embeddable":true,"href":"https:\/\/buletin.de\/bucuresti\/wp-json\/wp\/v2\/categories?post=6316"},{"taxonomy":"post_tag","embeddable":true,"href":"https:\/\/buletin.de\/bucuresti\/wp-json\/wp\/v2\/tags?post=6316"},{"taxonomy":"author","embeddable":true,"href":"https:\/\/buletin.de\/bucuresti\/wp-json\/wp\/v2\/ppma_author?post=6316"}],"curies":[{"name":"wp","href":"https:\/\/api.w.org\/{rel}","templated":true}]}}