{"id":6310,"date":"2020-04-24T11:16:00","date_gmt":"2020-04-24T08:16:00","guid":{"rendered":"https:\/\/buletin.de\/bucuresti\/?p=6310"},"modified":"2020-04-24T19:16:12","modified_gmt":"2020-04-24T16:16:12","slug":"live-text-coronavirus-bucuresti-24-aprilie-2020-ziua-59","status":"publish","type":"post","link":"https:\/\/buletin.de\/bucuresti\/live-text-coronavirus-bucuresti-24-aprilie-2020-ziua-59\/","title":{"rendered":"LIVE TEXT. Coronavirus &#8211; Bucure\u0219ti, 24 aprilie 2020, ziua 59"},"content":{"rendered":"\n<p><em>Num\u0103rul de pacien\u021bi confirma\u021bi cu Covid-19 pe teritoriul Rom\u00e2niei a trecut de 10.000 \u0219i cre\u0219te de la o zi la alta, \u00eentr-un ritm din ce \u00een ce mai accelerat. Rata r\u0103sp\u00e2ndirii \u0219i rata mortalit\u0103\u021bii cresc gradual, \u00een timp ce num\u0103rul de test\u0103ri difer\u0103 de la zi la zi. Rom\u00e2nia se afl\u0103 acum \u00een <a href=\"https:\/\/buletin.de\/bucuresti\/s-a-declarat-stare-de-urgenta-ce-inseamna\/\">stare de urgen\u021b\u0103<\/a>. Dup\u0103 2000 de cazuri, autorit\u0103\u021bile au declarat trecerea la scenariul 4 al pandemiei, ultimul.<br><br>Vezi mai jos cele mai recente informa\u021bii oficiale de ast\u0103zi. Toate nout\u0103\u021bile din zilele trecute le g\u0103se\u0219ti <a href=\"https:\/\/buletin.de\/bucuresti\/cv\/\">aici.<\/a><\/em>     <\/p>\n\n\n\n<h3 class=\"has-vivid-cyan-blue-color has-text-color has-text-align-center wp-block-heading\"><strong>Iat\u0103 cifrele din spatele epidemiei de Coronavirus \u0219i actualiz\u0103ri zilnice \u2b07\ufe0f<\/strong>   <\/h3>\n\n\n\n<h3 class=\"has-vivid-cyan-blue-color has-text-color has-text-align-center wp-block-heading\">     <\/h3>\n\n\n\n<style>\n\n.full-width {\n  width: 100vw;\n  position: relative;\n  left: 50%;\n  right: 50%;\n  margin-left: -50vw;\n  margin-right: -50vw;\n}\n\n<\/style>\n\n\n\n<p><\/p>\n\n\n\n<div class=\"full-width\">\n<div class=\"infogram-embed\" data-id=\"27f09ce8-c508-413b-ac49-b60b01815be0\" data-type=\"interactive\" data-title=\"Livetext coronavirus\"><\/div><script>!function(e,i,n,s){var t=\"InfogramEmbeds\",d=e.getElementsByTagName(\"script\")[0];if(window[t]&&window[t].initialized)window[t].process&&window[t].process();else if(!e.getElementById(n)){var o=e.createElement(\"script\");o.async=1,o.id=n,o.src=\"https:\/\/e.infogram.com\/js\/dist\/embed-loader-min.js\",d.parentNode.insertBefore(o,d)}}(document,0,\"infogram-async\");<\/script>\n<\/div>\n<style>\nh2 {\nmargin-top: 150px;\nfont-size: 3em;\ntext-align: center;\n}\n<\/style>\n\n\n\n<h3 class=\"wp-block-heading\">Ora 19:13<\/h3>\n\n\n\n<p>Deces 553<\/p>\n\n\n\n<p>B\u0103rba, 51 ani din jude\u021bul Suceava.<\/p>\n\n\n\n<p>Neinternat, debut \u00een data de 13.04.2020. <br>\nData recolt\u0103rii probelor pentru COVID-19: 18.04.2020- prob\u0103 necrotic\u0103. <br>\nData confirm\u0103rii: 23.04.2020. <br>\nData decesului: 17.04.2020, la domiciliu. <br>\nF\u0103r\u0103 antecedente preexistente, de pe 13.04 acuz\u0103 disfagie, dificult\u0103\u021bi \u00een respira\u021bie, stare de sl\u0103biciune accentuat\u0103 urmeaz\u0103 tratament la domicliliu cu antibiotice \u0219i simptomatice. <\/p>\n\n\n\n<p>Deces 554<\/p>\n\n\n\n<p>B\u0103rbat, 66 ani din jude\u021bul Ia\u0219i. <\/p>\n\n\n\n<p>Data intern\u0103rii: 18.04.2020- Spitalul Clinic de Boli Infec\u021bioase Ia\u0219i, pentru o subfebrilitate ap\u0103rut\u0103 cu o zi \u00eenainte, transferat \u00een ATI- 24.04.2020, unde a fost \u0219i intubat. <br>\nData recolt\u0103rii probelor pentru COVID-19: 18.04.2020. <br>\nData confirm\u0103rii: 19.04.2020. <br>\nData decesului: 24.04.2020. <br>\nComorbidit\u0103\u021bi: persoan\u0103 dializat\u0103, boal\u0103 renal\u0103 cronic\u0103, HTA, fibrila\u021bie atrial\u0103, aritmie ventricular\u0103.<\/p>\n\n\n\n<p>Deces 555<\/p>\n\n\n\n<p>B\u0103rbat, 81 ani din jude\u021bul Bac\u0103u. <\/p>\n\n\n\n<p>Data intern\u0103rii: 17.04.2020- Spitalul Municipal de Urgen\u021b\u0103 One\u0219ti, pentru pneumonie, \u00een ATI, unde a fost \u0219i intubat. <br>\nData recolt\u0103rii probelor pentru COVID-19: 17.04.2020. <br>\nData confirm\u0103rii: 19.04.2020. <br>\nData decesului: 24.04.2020. <br>\nComorbidit\u0103\u021bi: boal\u0103 cardiovascular\u0103 cronic\u0103, HTA, demen\u021b\u0103, boal\u0103 hepatic\u0103 cronic\u0103. <\/p>\n\n\n\n<p>Deces 556<\/p>\n\n\n\n<p>Femeie, 64 ani din jude\u021bul Alba.<\/p>\n\n\n\n<p>Data intern\u0103rii: 15.04.2020- Spitalul de Boli Infec\u021bioase Alba, pentru dispnee, ulterior transferat la Spitalul Municipal Blaj(16.04.2020) pentru ventilare. <br>\nData recoltarii probelor pentru COVID-19: 16.04.2020. <br>\nData confirm\u0103rii: 16.04.2020. <br>\nData decesului: 24.04.2020, insuficien\u021b\u0103 respiratorie protezat\u0103 mecanic, bronhopneumonie. <br>\nComorbidit\u0103\u021bi: Insuficien\u021b\u0103 cardiac\u0103, HTA, astm bronsic, boal\u0103 hepatic\u0103 cronic\u0103. <\/p>\n\n\n\n<p>Deces 557<\/p>\n\n\n\n<p>Femeie, 58 ani din jude\u021bul Bac\u0103u. <\/p>\n\n\n\n<p>Data intern\u0103rii: 21.04.2020- Spitalul Jude\u021bean de Urgen\u021b\u0103 Bac\u0103u, pentru pneumonie, \u00een sectia de nefrologie, transferat la Spitalul Municipal de Urgen\u021b\u0103 One\u0219ti, 23.04.2020. <br>\nData recolt\u0103rii probelor pentru COVID-19: 21.04.2020. <br>\nData confirm\u0103rii: 23.04.2020. <br>\nData decesului: 24.04.2020, insuficien\u021b\u0103 respiratorie, boal\u0103 renal\u0103 cronic\u0103 V, sepsis cu punct cu plecare bont de amputa\u021bie. <br>\nComorbidit\u0103\u021bi: : boal\u0103 renal\u0103 cronic\u0103 cu dializ\u0103, boal\u0103 cronic\u0103, HTA, obezitate, DZ, amputa\u021bie de membru inferior. <\/p>\n\n\n\n<p>Deces 558<\/p>\n\n\n\n<p>B\u0103rbat, 88 ani din jude\u021bul Gala\u021bi. <\/p>\n\n\n\n<p>Data intern\u0103rii: 10.04.2020- Spitalul de Boli Infec\u021bioase Gala\u021bi, transferat la Spitalul Jude\u021bean de Urgen\u021b\u0103 Gala\u021bi, 18.04.2020- ATI, pentru intubare. <br>\nData recolt\u0103rii probelor pentru COVID-19: 05.04.2020. <br>\nData confirm\u0103rii: 07.04.2020. <br>\nData decesului: 23.04.2020,.<br>\nComorbidit\u0103\u021bi: boal\u0103 renal\u0103 cronic\u0103, boal\u0103 cardiovascular\u0103, demen\u021b\u0103, tumora malign\u0103. <\/p>\n\n\n\n<p>Deces 559<\/p>\n\n\n\n<p>B\u0103rbat, 63 ani din jude\u021bul Timi\u0219. <\/p>\n\n\n\n<p>Dat\u0103 debut: 30.03.2020 cu febr\u0103, vertij, polidipsie, motiv pentru care se interneaz\u0103 \u00een Spitalul Jude\u021bean Timi\u0219oara. <br>\nDat\u0103 recoltare: 30.03.2020. <br>\nDat\u0103 rezultat: 31.03.2020. <br>\nTransferat pe 01.04.2020 la Spitalul de Boli Infec\u021bioase Victor Babe\u0219 din Timi\u0219oara. <br>\nPe 06.04.2020 &#8211; CT toracic arat\u0103 bronhopneumonie cu afectarea pl\u0103m\u00e2nilor de peste 90%<br>\nPe 09.04.2020 &#8211; transfer ATI, intubat. <br>\nDat\u0103 deces: 23.04.2020. <br>\nComorbidit\u0103\u021bi: DZ tip II, hipotiroidism, boal\u0103 renal\u0103 cronic\u0103, boal\u0103 cardiac\u0103 cu peace maker. <\/p>\n\n\n\n<p>Deces 560<\/p>\n\n\n\n<p>Femeie, 36 ani din jude\u021bul Bra\u0219ov. <\/p>\n\n\n\n<p>Data internarii: 15.04.2020- Spitalul Clinic de Boli Infec\u021bioase Bra\u0219ov, cu insuficien\u021b\u0103 respiratorie, transfer 16.04.2020 &#8211; Spitalul Jude\u021bean de Urgen\u021b\u0103 Bra\u0219ov ATI, pentru intubare. <br>\nData recolt\u0103rii probelor pentru COVID-19: 15.04.2020. <br>\nData confirm\u0103rii: 16.04.2020. <br>\nData decesului: 23.04.2020, pneumonie bilateral\u0103. <br>\nComorbidit\u0103\u021bi: HTA, obezitate. <br>\n\u00cen contact cu persoane \u00eentoarse din Anglia.<\/p>\n\n\n\n<p>Deces 561<\/p>\n\n\n\n<p>B\u0103rbat, 97 ani din jude\u021bul Bra\u0219ov. <\/p>\n\n\n\n<p>Data intern\u0103rii: 15.04.2020- Spitalul Clinic de Boli Infec\u021bioase Bra\u0219ov, cu insuficien\u021b\u0103 respiratorie \u0219i bronhopneumonie bilateral\u0103, transfer 19.04.2020-Spital COVID- la ATI. <br>\nData recolt\u0103rii probelor pentru COVID-19: 13.04.2020. <br>\nData confirm\u0103rii: 14.04.2020. <br>\nData decesului: 23.04.2020. <br>\nComorbidit\u0103\u021bi: HTA, DZ, insuficien\u021b\u0103 renal\u0103, tulburare de ritm cardiac. <br>\n\u00cen contact cu persoane confirmate- c\u0103min b\u0103tr\u00e2ni. <\/p>\n\n\n\n<p>Deces 562<\/p>\n\n\n\n<p>B\u0103rbat, 68 ani din jude\u021bul Bra\u0219ov. <\/p>\n\n\n\n<p>Data intern\u0103rii: 08.04.2020- Spitalul Jude\u021bean de Urgen\u021b\u0103 Bra\u0219ov, sec\u021bia medicin\u0103 intern\u0103 pentru ciroz\u0103 hepatic\u0103, transfer 10.04.2020 &#8211; gastroenterologie, transfer Boli Infec\u021bioase &#8211; 18.04.2020, transfer ATI &#8211; 20.04.2020. <br>\nData recolt\u0103rii probelor pentru COVID-19: 15.04.2020. <br>\nData confirm\u0103rii: 16.04.2020. <br>\nData decesului: 23.04.2020. <br>\nComorbidit\u0103\u021bi: HTA, ciroz\u0103 hepatic\u0103, encefalopatie toxic\u0103, boal\u0103 renal\u0103 cronic\u0103. <\/p>\n\n\n\n<p>Deces 563<\/p>\n\n\n\n<p>Femeie, 74 ani din jude\u021bul Boto\u0219ani. <\/p>\n\n\n\n<p>Data intern\u0103rii: 03.04.2020- Spitalul Jude\u021bean de Urgen\u021b\u0103 Boto\u0219ani &#8211; dispnee, modific\u0103ri pulmonare. <br>\nData recolt\u0103rii probelor pentru COVID-19: 10.04.2020. <br>\nData confirm\u0103rii: 10.04.2020, Spitalul Jude\u021bean de Urgen\u021b\u0103 Boto\u0219ani. <br>\nData decesului: 23.04.2020. <br>\nComorbidit\u0103\u021bi: pacient oncologic, boal\u0103 cardiovascular\u0103. <\/p>\n\n\n\n<p>Deces 564<\/p>\n\n\n\n<p>Femeie, 68 ani din jude\u021bul Boto\u0219ani. <\/p>\n\n\n\n<p>Data intern\u0103rii: 15.03.2020- Spitalul Jude\u021bean de Urgen\u021b\u0103 Boto\u0219ani &#8211; dispnee, modific\u0103ri pulmonare. <br>\nData recoltarii probelor pentru COVID-19: 10.04.2020. <br>\nData confirm\u0103rii: 13.04.2020, Spitalul Jude\u021bean de Urgen\u021b\u0103 Boto\u0219ani. <br>\nData decesului: 23.04.2020. <br>\nComorbidit\u0103\u021bi: pacient oncologic.<\/p>\n\n\n\n<p>Deces 565<\/p>\n\n\n\n<p>B\u0103rbat, 63 ani din jude\u021bul Suceava.<\/p>\n\n\n\n<p>Data internarii: 20.04.2020- Spitalul Jude\u021bean de Urgen\u021b\u0103 Suceava cu insufien\u021b\u0103 respiratorie cu ox\u00edgeno terapie. <br>\nTratament la domiciliu cu antibiotic la recomandarea medicului de familie. <br>\nData recolt\u0103rii probelor pentru COVID-19: 20.04.2020. <br>\nData confirm\u0103rii: 22.04.2020. <br>\nData decesului: 21.04.2020. <br>\nComorbidit\u0103\u021bi: DZ<\/p>\n\n\n\n<p>Deces 566<\/p>\n\n\n\n<p>B\u0103rbat, 80 ani din jude\u021bul Suceava.<\/p>\n\n\n\n<p>Data intern\u0103rii: 20.04.2020- Spitalul Jude\u021bean de Urgen\u021b\u0103 Suceava. <br>\nData recolt\u0103rii probelor pentru COVID-19: 17.04.2020. <br>\nData confirm\u0103rii: 19.04.2020. <br>\nData decesului: 23.04.2020. <br>\nbeneficiar CRRN Sasca Mica<\/p>\n\n\n\n<p>Deces 567<\/p>\n\n\n\n<p>B\u0103rbat, 63 ani din jude\u021bul Suceava.<\/p>\n\n\n\n<p>Data intern\u0103rii: 08.04.2020- Spitalul Jude\u021bean de Urgen\u021b\u0103 Suceava. <br>\nData recolt\u0103rii probelor pentru COVID-19: 03.04.2020. <br>\nData confirm\u0103rii: 07.04.2020. <br>\nData decesului: 23.04.2020. <br>\nComorbidit\u0103\u021bi: sechele AVC, hemiplegie dreapt\u0103, DZ tip II, fibrila\u021bie atrial\u0103, encefalopatie cronic\u0103. <br>\nPacient Spital \u00eengrijiri paliative Ili\u0219e\u0219ti.<\/p>\n\n\n\n<h3 class=\"wp-block-heading\">Ora 11:15<\/h3>\n\n\n\n<p>Deces 546<\/p>\n\n\n\n<p>B\u0103rbat, 30 ani din jude\u021bul Bihor. <\/p>\n\n\n\n<p>Data intern\u0103rii: 10.04.2020 Spitalul Clinic Municipal Oradea- Boli Infec\u021bioase, iar \u00een 17.04.2020 este transferat pe sec\u021bia ATI. <br>\nData recolt\u0103rii probelor pentru COVID-19: 09.04.2020. <br>\nData confirm\u0103rii: 10.04.2020. <br>\nDat\u0103 deces: 23.04.2020. <br>\nComorbidit\u0103\u021bi: Astm bronsic. <\/p>\n\n\n\n<p>Deces 547<\/p>\n\n\n\n<p>Femeie, 52 ani din jude\u021bul Prahova. <\/p>\n\n\n\n<p>Persoana se adreseaz\u0103 telefonic medicului de familie \u00een data de 17.04.2020 pentru febr\u0103, \u0219i dureri de spate. Solicit\u0103 serviciile SAJ, \u00eens\u0103 refuz\u0103 deplasarea la spital. \u00cen data de 20.04.2020  serviciile SAJ sunt solicitate, pentru resuscitarea persoanei, \u00eens\u0103 f\u0103r\u0103 succes.<br>\nData recolt\u0103rii probelor pentru COVID-19: 22.04.2020- prob\u0103 necroptic\u0103. <br>\nData confirm\u0103rii: 23.04.2020. <br>\nDat\u0103 deces: 20.04.2020. <br>\nComorbidit\u0103\u021bi: neprecizat. <\/p>\n\n\n\n<p>Deces 548<\/p>\n\n\n\n<p>Femeie, 80 ani din jude\u021bul Mure\u0219. <\/p>\n\n\n\n<p>Data internarii: 21.04.2020 Spitalul Clinic Jude\u021bean de Urgen\u021b\u0103 Mure\u0219, iar \u00een 22.04.2020 este transferat\u0103 pe sec\u021bia de medicin\u0103 intern\u0103 a  Spitalului Clinic Jude\u021bean Mure\u0219. <br>\nData recolt\u0103rii probelor pentru COVID-19: 22.04.2020. <br>\nData confirm\u0103rii: 22.04.2020. <br>\nDat\u0103 deces: 22.04.2020. <br>\nComorbidit\u0103\u021bi: Boal\u0103 cardiovascular\u0103, IC, HTA, DZ<\/p>\n\n\n\n<p>Deces 549<\/p>\n\n\n\n<p>B\u0103rbat, 26 ani din jude\u021bul Mure\u0219. <\/p>\n\n\n\n<p>Data intern\u0103rii: 21.04.2020 Spitalul Clinic Jude\u021bean de Urgen\u021b\u0103 Mure\u0219, iar \u00een 22.04.2020 este transferat\u0103 pe sec\u021bia de cardiologie a Spitalul Clinic Jude\u021bean Mure\u0219. <br>\nData recolt\u0103rii probelor pentru COVID-19: 22.04.2020. <br>\nData confirm\u0103rii: 22.04.2020. <br>\nDat\u0103 deces: 23.04.2020. <br>\nComorbidit\u0103\u021bi: obezitate. <\/p>\n\n\n\n<p>Deces 550<\/p>\n\n\n\n<p>B\u0103rbat, 82 ani din jude\u021bul Ia\u0219i. <\/p>\n\n\n\n<p>Data intern\u0103rii: 8.04.2020 Spitalul Municipal de Urgen\u021b\u0103 Pa\u0219cani \u2013Sec\u021bia \u00eengrijiri paleative, iar \u00een 23.04.2020 este transferat pe sec\u021bia de ATI. <br>\nData recoltarii probelor pentru COVID-19: 21.04.2020. <br>\nData confirm\u0103rii: 22.04.2020. <br>\nDat\u0103 deces: 23.04.2020. <br>\nComorbidit\u0103\u021bi: HTA, DZ<\/p>\n\n\n\n<p>Deces 551<\/p>\n\n\n\n<p>B\u0103rbat, 66 ani din jude\u021bul Gala\u021bi. <\/p>\n\n\n\n<p>Data intern\u0103rii: 10.04.2020 Spitalul Clinic de Boli Infec\u021bioase Gala\u021bi, iar \u00een 13.04.2020 este transferat pe sec\u021bia de ATI a Spitalului Jude\u021bean de Urgen\u021b\u0103 Gala\u021bi. <br>\nData recolt\u0103rii probelor pentru COVID-19: 05.04.2020. <br>\nData confirm\u0103rii: 07.04.2020. <br>\nDat\u0103 deces: 23.04.2020. <br>\nComorbidit\u0103\u021bi: Parkinson, Hepatit\u0103 viral\u0103 tip B, Demen\u021b\u0103. <br>\nFace parte din focarul  COVID-19 care evolueaz\u0103 \u00een c\u0103minul de b\u0103tr\u00e2ni Gala\u021bi. Dup\u0103 confirmarea din 07.04.2020 a fost izolat \u00een c\u0103min, p\u00e2n\u0103 c\u00e2nd a fost un loc liber \u00een Spitalul Clinic de Boli Infec\u021bioase Gala\u021bi. <\/p>\n\n\n\n<p>Deces 552<\/p>\n\n\n\n<p>B\u0103rbat, 73 ani din jude\u021bul Neam\u021b. <\/p>\n\n\n\n<p>Data intern\u0103rii: 10.04.2020 Spitalul Jude\u021bean Piatra Neam\u021b sec\u021bia ATI,  diagnostic internare  penumonie interstitial\u0103. <br>\nData recolt\u0103rii probelor pentru COVID-19: 11.04.2020. <br>\nData confirmarii: 14.04.2020. <br>\nDat\u0103 deces: 23.04.2020. <br>\nComorbidit\u0103\u021bi: DZ<\/p>\n","protected":false},"excerpt":{"rendered":"<p>Num\u0103rul de pacien\u021bi confirma\u021bi cu Covid-19 pe teritoriul Rom\u00e2niei a trecut de 10.000 \u0219i cre\u0219te de la o zi la alta, \u00eentr-un ritm din ce \u00een ce mai accelerat. Rata r\u0103sp\u00e2ndirii \u0219i rata mortalit\u0103\u021bii cresc gradual, \u00een timp ce num\u0103rul de test\u0103ri difer\u0103 de la zi la zi. Rom\u00e2nia se afl\u0103 acum \u00een stare de [&hellip;]<\/p>\n","protected":false},"author":6,"featured_media":6040,"comment_status":"closed","ping_status":"open","sticky":false,"template":"","format":"standard","meta":{"_acf_changed":false,"inline_featured_image":false,"ngg_post_thumbnail":0,"footnotes":""},"categories":[4,62],"tags":[529,657,677],"ppma_author":[22588],"class_list":["post-6310","post","type-post","status-publish","format-standard","has-post-thumbnail","hentry","category-sanatate","category-stiri","tag-coronavirus","tag-coronavirus-bucuresti","tag-livetext"],"acf":[],"yoast_head":"<!-- This site is optimized with the Yoast SEO Premium plugin v25.3 (Yoast SEO v27.4) - https:\/\/yoast.com\/product\/yoast-seo-premium-wordpress\/ -->\n<title>LIVE TEXT. Coronavirus - Bucure\u0219ti, 24 aprilie 2020, ziua 59 - Buletin de Bucure\u0219ti<\/title>\n<meta name=\"robots\" content=\"index, follow, max-snippet:-1, max-image-preview:large, max-video-preview:-1\" \/>\n<link rel=\"canonical\" href=\"https:\/\/buletin.de\/bucuresti\/live-text-coronavirus-bucuresti-24-aprilie-2020-ziua-59\/\" \/>\n<meta property=\"og:locale\" content=\"en_GB\" \/>\n<meta property=\"og:type\" content=\"article\" \/>\n<meta property=\"og:title\" content=\"LIVE TEXT. Coronavirus - Bucure\u0219ti, 24 aprilie 2020, ziua 59\" \/>\n<meta property=\"og:description\" content=\"Num\u0103rul de pacien\u021bi confirma\u021bi cu Covid-19 pe teritoriul Rom\u00e2niei a trecut de 10.000 \u0219i cre\u0219te de la o zi la alta, \u00eentr-un ritm din ce \u00een ce mai accelerat. Rata r\u0103sp\u00e2ndirii \u0219i rata mortalit\u0103\u021bii cresc gradual, \u00een timp ce num\u0103rul de test\u0103ri difer\u0103 de la zi la zi. Rom\u00e2nia se afl\u0103 acum \u00een stare de [&hellip;]\" \/>\n<meta property=\"og:url\" content=\"https:\/\/buletin.de\/bucuresti\/live-text-coronavirus-bucuresti-24-aprilie-2020-ziua-59\/\" \/>\n<meta property=\"og:site_name\" content=\"Buletin de Bucure\u0219ti\" \/>\n<meta property=\"article:publisher\" content=\"https:\/\/www.facebook.com\/buletin.de.buc\" \/>\n<meta property=\"article:published_time\" content=\"2020-04-24T08:16:00+00:00\" \/>\n<meta property=\"article:modified_time\" content=\"2020-04-24T16:16:12+00:00\" \/>\n<meta property=\"og:image\" content=\"https:\/\/buletin.de\/bucuresti\/wp-content\/uploads\/Screenshot_40.png\" \/>\n\t<meta property=\"og:image:width\" content=\"1919\" \/>\n\t<meta property=\"og:image:height\" content=\"1007\" \/>\n\t<meta property=\"og:image:type\" content=\"image\/png\" \/>\n<meta name=\"author\" content=\"Bianca Albu\" \/>\n<meta name=\"twitter:card\" content=\"summary_large_image\" \/>\n<meta name=\"twitter:label1\" content=\"Written by\" \/>\n\t<meta name=\"twitter:data1\" content=\"Bianca Albu\" \/>\n\t<meta name=\"twitter:label2\" content=\"Estimated reading time\" \/>\n\t<meta name=\"twitter:data2\" content=\"7 minutes\" \/>\n<script type=\"application\/ld+json\" class=\"yoast-schema-graph\">{\"@context\":\"https:\\\/\\\/schema.org\",\"@graph\":[{\"@type\":\"Article\",\"@id\":\"https:\\\/\\\/buletin.de\\\/bucuresti\\\/live-text-coronavirus-bucuresti-24-aprilie-2020-ziua-59\\\/#article\",\"isPartOf\":{\"@id\":\"https:\\\/\\\/buletin.de\\\/bucuresti\\\/live-text-coronavirus-bucuresti-24-aprilie-2020-ziua-59\\\/\"},\"author\":{\"name\":\"Bianca Albu\",\"@id\":\"https:\\\/\\\/buletin.de\\\/bucuresti\\\/#\\\/schema\\\/person\\\/295dc2228d2dc79294d636619468dc7f\"},\"headline\":\"LIVE TEXT. Coronavirus &#8211; Bucure\u0219ti, 24 aprilie 2020, ziua 59\",\"datePublished\":\"2020-04-24T08:16:00+00:00\",\"dateModified\":\"2020-04-24T16:16:12+00:00\",\"mainEntityOfPage\":{\"@id\":\"https:\\\/\\\/buletin.de\\\/bucuresti\\\/live-text-coronavirus-bucuresti-24-aprilie-2020-ziua-59\\\/\"},\"wordCount\":1331,\"publisher\":{\"@id\":\"https:\\\/\\\/buletin.de\\\/bucuresti\\\/#organization\"},\"image\":{\"@id\":\"https:\\\/\\\/buletin.de\\\/bucuresti\\\/live-text-coronavirus-bucuresti-24-aprilie-2020-ziua-59\\\/#primaryimage\"},\"thumbnailUrl\":\"https:\\\/\\\/buletin.de\\\/bucuresti\\\/wp-content\\\/uploads\\\/Screenshot_40.png\",\"keywords\":[\"coronavirus\",\"coronavirus bucuresti\",\"livetext\"],\"articleSection\":[\"S\u0103n\u0103tate\",\"\u0218tiri\"],\"inLanguage\":\"en-GB\",\"copyrightYear\":\"2020\",\"copyrightHolder\":{\"@id\":\"https:\\\/\\\/buletin.de\\\/bucuresti\\\/#organization\"}},{\"@type\":\"WebPage\",\"@id\":\"https:\\\/\\\/buletin.de\\\/bucuresti\\\/live-text-coronavirus-bucuresti-24-aprilie-2020-ziua-59\\\/\",\"url\":\"https:\\\/\\\/buletin.de\\\/bucuresti\\\/live-text-coronavirus-bucuresti-24-aprilie-2020-ziua-59\\\/\",\"name\":\"LIVE TEXT. Coronavirus - Bucure\u0219ti, 24 aprilie 2020, ziua 59 - Buletin de Bucure\u0219ti\",\"isPartOf\":{\"@id\":\"https:\\\/\\\/buletin.de\\\/bucuresti\\\/#website\"},\"primaryImageOfPage\":{\"@id\":\"https:\\\/\\\/buletin.de\\\/bucuresti\\\/live-text-coronavirus-bucuresti-24-aprilie-2020-ziua-59\\\/#primaryimage\"},\"image\":{\"@id\":\"https:\\\/\\\/buletin.de\\\/bucuresti\\\/live-text-coronavirus-bucuresti-24-aprilie-2020-ziua-59\\\/#primaryimage\"},\"thumbnailUrl\":\"https:\\\/\\\/buletin.de\\\/bucuresti\\\/wp-content\\\/uploads\\\/Screenshot_40.png\",\"datePublished\":\"2020-04-24T08:16:00+00:00\",\"dateModified\":\"2020-04-24T16:16:12+00:00\",\"breadcrumb\":{\"@id\":\"https:\\\/\\\/buletin.de\\\/bucuresti\\\/live-text-coronavirus-bucuresti-24-aprilie-2020-ziua-59\\\/#breadcrumb\"},\"inLanguage\":\"en-GB\",\"potentialAction\":[{\"@type\":\"ReadAction\",\"target\":[\"https:\\\/\\\/buletin.de\\\/bucuresti\\\/live-text-coronavirus-bucuresti-24-aprilie-2020-ziua-59\\\/\"]}]},{\"@type\":\"ImageObject\",\"inLanguage\":\"en-GB\",\"@id\":\"https:\\\/\\\/buletin.de\\\/bucuresti\\\/live-text-coronavirus-bucuresti-24-aprilie-2020-ziua-59\\\/#primaryimage\",\"url\":\"https:\\\/\\\/buletin.de\\\/bucuresti\\\/wp-content\\\/uploads\\\/Screenshot_40.png\",\"contentUrl\":\"https:\\\/\\\/buletin.de\\\/bucuresti\\\/wp-content\\\/uploads\\\/Screenshot_40.png\",\"width\":1919,\"height\":1007},{\"@type\":\"BreadcrumbList\",\"@id\":\"https:\\\/\\\/buletin.de\\\/bucuresti\\\/live-text-coronavirus-bucuresti-24-aprilie-2020-ziua-59\\\/#breadcrumb\",\"itemListElement\":[{\"@type\":\"ListItem\",\"position\":1,\"name\":\"Acas\u0103\",\"item\":\"https:\\\/\\\/buletin.de\\\/bucuresti\\\/\"},{\"@type\":\"ListItem\",\"position\":2,\"name\":\"LIVE TEXT. Coronavirus &#8211; Bucure\u0219ti, 24 aprilie 2020, ziua 59\"}]},{\"@type\":\"WebSite\",\"@id\":\"https:\\\/\\\/buletin.de\\\/bucuresti\\\/#website\",\"url\":\"https:\\\/\\\/buletin.de\\\/bucuresti\\\/\",\"name\":\"Buletin de Bucure\u0219ti\",\"description\":\"\u0218tiri \u0219i investiga\u021bii esen\u021biale din capital\u0103\",\"publisher\":{\"@id\":\"https:\\\/\\\/buletin.de\\\/bucuresti\\\/#organization\"},\"potentialAction\":[{\"@type\":\"SearchAction\",\"target\":{\"@type\":\"EntryPoint\",\"urlTemplate\":\"https:\\\/\\\/buletin.de\\\/bucuresti\\\/?s={search_term_string}\"},\"query-input\":{\"@type\":\"PropertyValueSpecification\",\"valueRequired\":true,\"valueName\":\"search_term_string\"}}],\"inLanguage\":\"en-GB\"},{\"@type\":\"Organization\",\"@id\":\"https:\\\/\\\/buletin.de\\\/bucuresti\\\/#organization\",\"name\":\"Buletin de Bucure\u0219ti\",\"url\":\"https:\\\/\\\/buletin.de\\\/bucuresti\\\/\",\"logo\":{\"@type\":\"ImageObject\",\"inLanguage\":\"en-GB\",\"@id\":\"https:\\\/\\\/buletin.de\\\/bucuresti\\\/#\\\/schema\\\/logo\\\/image\\\/\",\"url\":\"https:\\\/\\\/buletin.de\\\/bucuresti\\\/wp-content\\\/uploads\\\/logo-bdb-full-wide-vernil-transparent.png\",\"contentUrl\":\"https:\\\/\\\/buletin.de\\\/bucuresti\\\/wp-content\\\/uploads\\\/logo-bdb-full-wide-vernil-transparent.png\",\"width\":1782,\"height\":626,\"caption\":\"Buletin de Bucure\u0219ti\"},\"image\":{\"@id\":\"https:\\\/\\\/buletin.de\\\/bucuresti\\\/#\\\/schema\\\/logo\\\/image\\\/\"},\"sameAs\":[\"https:\\\/\\\/www.facebook.com\\\/buletin.de.buc\",\"https:\\\/\\\/www.instagram.com\\\/buletinde.bucuresti\\\/\"]},{\"@type\":\"Person\",\"@id\":\"https:\\\/\\\/buletin.de\\\/bucuresti\\\/#\\\/schema\\\/person\\\/295dc2228d2dc79294d636619468dc7f\",\"name\":\"Bianca Albu\",\"image\":{\"@type\":\"ImageObject\",\"inLanguage\":\"en-GB\",\"@id\":\"https:\\\/\\\/secure.gravatar.com\\\/avatar\\\/3df2e34e20f529e6fd7be4311ee1f7c4ec4aa886971590baf6fa214b15743516?s=96&d=monsterid&r=gf541c715eeec409ce8101252a3c0d8a7\",\"url\":\"https:\\\/\\\/secure.gravatar.com\\\/avatar\\\/3df2e34e20f529e6fd7be4311ee1f7c4ec4aa886971590baf6fa214b15743516?s=96&d=monsterid&r=g\",\"contentUrl\":\"https:\\\/\\\/secure.gravatar.com\\\/avatar\\\/3df2e34e20f529e6fd7be4311ee1f7c4ec4aa886971590baf6fa214b15743516?s=96&d=monsterid&r=g\",\"caption\":\"Bianca Albu\"},\"description\":\"Reporter\",\"url\":\"https:\\\/\\\/buletin.de\\\/bucuresti\\\/author\\\/biancaalbu\\\/\"}]}<\/script>\n<!-- \/ Yoast SEO Premium plugin. -->","yoast_head_json":{"title":"LIVE TEXT. Coronavirus - Bucure\u0219ti, 24 aprilie 2020, ziua 59 - Buletin de Bucure\u0219ti","robots":{"index":"index","follow":"follow","max-snippet":"max-snippet:-1","max-image-preview":"max-image-preview:large","max-video-preview":"max-video-preview:-1"},"canonical":"https:\/\/buletin.de\/bucuresti\/live-text-coronavirus-bucuresti-24-aprilie-2020-ziua-59\/","og_locale":"en_GB","og_type":"article","og_title":"LIVE TEXT. Coronavirus - Bucure\u0219ti, 24 aprilie 2020, ziua 59","og_description":"Num\u0103rul de pacien\u021bi confirma\u021bi cu Covid-19 pe teritoriul Rom\u00e2niei a trecut de 10.000 \u0219i cre\u0219te de la o zi la alta, \u00eentr-un ritm din ce \u00een ce mai accelerat. Rata r\u0103sp\u00e2ndirii \u0219i rata mortalit\u0103\u021bii cresc gradual, \u00een timp ce num\u0103rul de test\u0103ri difer\u0103 de la zi la zi. Rom\u00e2nia se afl\u0103 acum \u00een stare de [&hellip;]","og_url":"https:\/\/buletin.de\/bucuresti\/live-text-coronavirus-bucuresti-24-aprilie-2020-ziua-59\/","og_site_name":"Buletin de Bucure\u0219ti","article_publisher":"https:\/\/www.facebook.com\/buletin.de.buc","article_published_time":"2020-04-24T08:16:00+00:00","article_modified_time":"2020-04-24T16:16:12+00:00","og_image":[{"width":1919,"height":1007,"url":"https:\/\/buletin.de\/bucuresti\/wp-content\/uploads\/Screenshot_40.png","type":"image\/png"}],"author":"Bianca Albu","twitter_card":"summary_large_image","twitter_misc":{"Written by":"Bianca Albu","Estimated reading time":"7 minutes"},"schema":{"@context":"https:\/\/schema.org","@graph":[{"@type":"Article","@id":"https:\/\/buletin.de\/bucuresti\/live-text-coronavirus-bucuresti-24-aprilie-2020-ziua-59\/#article","isPartOf":{"@id":"https:\/\/buletin.de\/bucuresti\/live-text-coronavirus-bucuresti-24-aprilie-2020-ziua-59\/"},"author":{"name":"Bianca Albu","@id":"https:\/\/buletin.de\/bucuresti\/#\/schema\/person\/295dc2228d2dc79294d636619468dc7f"},"headline":"LIVE TEXT. Coronavirus &#8211; Bucure\u0219ti, 24 aprilie 2020, ziua 59","datePublished":"2020-04-24T08:16:00+00:00","dateModified":"2020-04-24T16:16:12+00:00","mainEntityOfPage":{"@id":"https:\/\/buletin.de\/bucuresti\/live-text-coronavirus-bucuresti-24-aprilie-2020-ziua-59\/"},"wordCount":1331,"publisher":{"@id":"https:\/\/buletin.de\/bucuresti\/#organization"},"image":{"@id":"https:\/\/buletin.de\/bucuresti\/live-text-coronavirus-bucuresti-24-aprilie-2020-ziua-59\/#primaryimage"},"thumbnailUrl":"https:\/\/buletin.de\/bucuresti\/wp-content\/uploads\/Screenshot_40.png","keywords":["coronavirus","coronavirus bucuresti","livetext"],"articleSection":["S\u0103n\u0103tate","\u0218tiri"],"inLanguage":"en-GB","copyrightYear":"2020","copyrightHolder":{"@id":"https:\/\/buletin.de\/bucuresti\/#organization"}},{"@type":"WebPage","@id":"https:\/\/buletin.de\/bucuresti\/live-text-coronavirus-bucuresti-24-aprilie-2020-ziua-59\/","url":"https:\/\/buletin.de\/bucuresti\/live-text-coronavirus-bucuresti-24-aprilie-2020-ziua-59\/","name":"LIVE TEXT. Coronavirus - Bucure\u0219ti, 24 aprilie 2020, ziua 59 - Buletin de Bucure\u0219ti","isPartOf":{"@id":"https:\/\/buletin.de\/bucuresti\/#website"},"primaryImageOfPage":{"@id":"https:\/\/buletin.de\/bucuresti\/live-text-coronavirus-bucuresti-24-aprilie-2020-ziua-59\/#primaryimage"},"image":{"@id":"https:\/\/buletin.de\/bucuresti\/live-text-coronavirus-bucuresti-24-aprilie-2020-ziua-59\/#primaryimage"},"thumbnailUrl":"https:\/\/buletin.de\/bucuresti\/wp-content\/uploads\/Screenshot_40.png","datePublished":"2020-04-24T08:16:00+00:00","dateModified":"2020-04-24T16:16:12+00:00","breadcrumb":{"@id":"https:\/\/buletin.de\/bucuresti\/live-text-coronavirus-bucuresti-24-aprilie-2020-ziua-59\/#breadcrumb"},"inLanguage":"en-GB","potentialAction":[{"@type":"ReadAction","target":["https:\/\/buletin.de\/bucuresti\/live-text-coronavirus-bucuresti-24-aprilie-2020-ziua-59\/"]}]},{"@type":"ImageObject","inLanguage":"en-GB","@id":"https:\/\/buletin.de\/bucuresti\/live-text-coronavirus-bucuresti-24-aprilie-2020-ziua-59\/#primaryimage","url":"https:\/\/buletin.de\/bucuresti\/wp-content\/uploads\/Screenshot_40.png","contentUrl":"https:\/\/buletin.de\/bucuresti\/wp-content\/uploads\/Screenshot_40.png","width":1919,"height":1007},{"@type":"BreadcrumbList","@id":"https:\/\/buletin.de\/bucuresti\/live-text-coronavirus-bucuresti-24-aprilie-2020-ziua-59\/#breadcrumb","itemListElement":[{"@type":"ListItem","position":1,"name":"Acas\u0103","item":"https:\/\/buletin.de\/bucuresti\/"},{"@type":"ListItem","position":2,"name":"LIVE TEXT. Coronavirus &#8211; Bucure\u0219ti, 24 aprilie 2020, ziua 59"}]},{"@type":"WebSite","@id":"https:\/\/buletin.de\/bucuresti\/#website","url":"https:\/\/buletin.de\/bucuresti\/","name":"Buletin de Bucure\u0219ti","description":"\u0218tiri \u0219i investiga\u021bii esen\u021biale din capital\u0103","publisher":{"@id":"https:\/\/buletin.de\/bucuresti\/#organization"},"potentialAction":[{"@type":"SearchAction","target":{"@type":"EntryPoint","urlTemplate":"https:\/\/buletin.de\/bucuresti\/?s={search_term_string}"},"query-input":{"@type":"PropertyValueSpecification","valueRequired":true,"valueName":"search_term_string"}}],"inLanguage":"en-GB"},{"@type":"Organization","@id":"https:\/\/buletin.de\/bucuresti\/#organization","name":"Buletin de Bucure\u0219ti","url":"https:\/\/buletin.de\/bucuresti\/","logo":{"@type":"ImageObject","inLanguage":"en-GB","@id":"https:\/\/buletin.de\/bucuresti\/#\/schema\/logo\/image\/","url":"https:\/\/buletin.de\/bucuresti\/wp-content\/uploads\/logo-bdb-full-wide-vernil-transparent.png","contentUrl":"https:\/\/buletin.de\/bucuresti\/wp-content\/uploads\/logo-bdb-full-wide-vernil-transparent.png","width":1782,"height":626,"caption":"Buletin de Bucure\u0219ti"},"image":{"@id":"https:\/\/buletin.de\/bucuresti\/#\/schema\/logo\/image\/"},"sameAs":["https:\/\/www.facebook.com\/buletin.de.buc","https:\/\/www.instagram.com\/buletinde.bucuresti\/"]},{"@type":"Person","@id":"https:\/\/buletin.de\/bucuresti\/#\/schema\/person\/295dc2228d2dc79294d636619468dc7f","name":"Bianca Albu","image":{"@type":"ImageObject","inLanguage":"en-GB","@id":"https:\/\/secure.gravatar.com\/avatar\/3df2e34e20f529e6fd7be4311ee1f7c4ec4aa886971590baf6fa214b15743516?s=96&d=monsterid&r=gf541c715eeec409ce8101252a3c0d8a7","url":"https:\/\/secure.gravatar.com\/avatar\/3df2e34e20f529e6fd7be4311ee1f7c4ec4aa886971590baf6fa214b15743516?s=96&d=monsterid&r=g","contentUrl":"https:\/\/secure.gravatar.com\/avatar\/3df2e34e20f529e6fd7be4311ee1f7c4ec4aa886971590baf6fa214b15743516?s=96&d=monsterid&r=g","caption":"Bianca Albu"},"description":"Reporter","url":"https:\/\/buletin.de\/bucuresti\/author\/biancaalbu\/"}]}},"authors":[{"term_id":22588,"user_id":6,"is_guest":0,"slug":"biancaalbu","display_name":"Bianca Albu","avatar_url":"https:\/\/secure.gravatar.com\/avatar\/3df2e34e20f529e6fd7be4311ee1f7c4ec4aa886971590baf6fa214b15743516?s=96&d=monsterid&r=g","0":null,"1":"","2":"","3":"","4":"","5":"","6":"","7":"","8":""}],"_links":{"self":[{"href":"https:\/\/buletin.de\/bucuresti\/wp-json\/wp\/v2\/posts\/6310","targetHints":{"allow":["GET"]}}],"collection":[{"href":"https:\/\/buletin.de\/bucuresti\/wp-json\/wp\/v2\/posts"}],"about":[{"href":"https:\/\/buletin.de\/bucuresti\/wp-json\/wp\/v2\/types\/post"}],"author":[{"embeddable":true,"href":"https:\/\/buletin.de\/bucuresti\/wp-json\/wp\/v2\/users\/6"}],"replies":[{"embeddable":true,"href":"https:\/\/buletin.de\/bucuresti\/wp-json\/wp\/v2\/comments?post=6310"}],"version-history":[{"count":4,"href":"https:\/\/buletin.de\/bucuresti\/wp-json\/wp\/v2\/posts\/6310\/revisions"}],"predecessor-version":[{"id":6325,"href":"https:\/\/buletin.de\/bucuresti\/wp-json\/wp\/v2\/posts\/6310\/revisions\/6325"}],"wp:featuredmedia":[{"embeddable":true,"href":"https:\/\/buletin.de\/bucuresti\/wp-json\/wp\/v2\/media\/6040"}],"wp:attachment":[{"href":"https:\/\/buletin.de\/bucuresti\/wp-json\/wp\/v2\/media?parent=6310"}],"wp:term":[{"taxonomy":"category","embeddable":true,"href":"https:\/\/buletin.de\/bucuresti\/wp-json\/wp\/v2\/categories?post=6310"},{"taxonomy":"post_tag","embeddable":true,"href":"https:\/\/buletin.de\/bucuresti\/wp-json\/wp\/v2\/tags?post=6310"},{"taxonomy":"author","embeddable":true,"href":"https:\/\/buletin.de\/bucuresti\/wp-json\/wp\/v2\/ppma_author?post=6310"}],"curies":[{"name":"wp","href":"https:\/\/api.w.org\/{rel}","templated":true}]}}