{"id":62635,"date":"2023-09-19T11:32:19","date_gmt":"2023-09-19T09:32:19","guid":{"rendered":"https:\/\/buletin.de\/bucuresti\/?p=62635"},"modified":"2023-09-19T11:32:20","modified_gmt":"2023-09-19T09:32:20","slug":"foto-carambol-pe-a1-in-dreptul-localitatii-ciorogarla-sensul-catre-capitala-blocat","status":"publish","type":"post","link":"https:\/\/buletin.de\/bucuresti\/foto-carambol-pe-a1-in-dreptul-localitatii-ciorogarla-sensul-catre-capitala-blocat\/","title":{"rendered":"FOTO | Carambol pe A1, \u00een dreptul localit\u0103\u021bii Ciorog\u00e2rla. Sensul c\u0103tre Capital\u0103, blocat"},"content":{"rendered":"\n<p><strong>Patru autovehicule, dintre care dou\u0103 TIR-uri, au fost implicate \u00eentr-o coliziune fa\u021b\u0103-spate pe Autostrada A1 pe sensul Pite\u0219ti \u2013 Bucure\u0219ti, anun\u021b\u0103 Centrul Infotrafic din Inspectoratul General al Poli\u021biei Rom\u00e2ne.<\/strong><\/p>\n\n\n\n<p>Accidentul a avut loc la kilometrul 17, \u00een zona localit\u0103\u021bii Ciorog\u00e2rla, din jude\u021bul Ilfov. La aceast\u0103 or\u0103, traficul este blocat c\u0103tre Capital\u0103 iar circula\u021bia a fost deviat\u0103 prin Bolintin Deal.<\/p>\n\n\n\n<p>Unul dintre autoturisme a fost prins \u00eentre cele dou\u0103 tiruri, accesul c\u0103tre victime fiind extrem de dificil. Se ac\u021bioneaz\u0103 pentru descarcerare iar la fa\u021ba locului intervin echipaje ale Inspectoratului pentru Situa\u021bii de Urgen\u021b\u0103 Bucure\u0219ti-Ilfov \u0219i&nbsp;ale Inspectoratului pentru Situa\u021bii de Urgen\u021b\u0103 Giurgiu.<\/p>\n\n\n\n<figure class=\"wp-block-image size-large\"><img decoding=\"async\" src=\"data:image\/gif;base64,R0lGODlhAQABAAAAACH5BAEKAAEALAAAAAABAAEAAAICTAEAOw==\" data-src=\"https:\/\/buletin.de\/bucuresti\/wp-content\/uploads\/WhatsApp-Image-2023-09-19-at-09.41.29-675x900.jpg\" alt=\"\" class=\"wp-image-64894 lazyload\"\/><\/figure>\n\n\n\n<p>\u201e\u00centre cele dou\u0103 TIR-uri este un vehicul, deformat \u00een mare m\u0103sur\u0103, \u00een interiorul c\u0103ruia nu se poate determina num\u0103rul de persoane\u201d, au transmis reprezentan\u021bii ISU B-IF.<\/p>\n\n\n\n<figure class=\"wp-block-image size-large\"><img decoding=\"async\" src=\"data:image\/gif;base64,R0lGODlhAQABAAAAACH5BAEKAAEALAAAAAABAAEAAAICTAEAOw==\" data-src=\"https:\/\/buletin.de\/bucuresti\/wp-content\/uploads\/380166827_7179795898715214_4949297715581663860_n-758x900.jpg\" alt=\"\" class=\"wp-image-64882 lazyload\"\/><\/figure>\n\n\n\n<p>De asemenea, a fost solicitat\u0103 interven\u021bia elicopterului SMURD, transmite Departamentul pentru Situatii de Urgen\u021b\u0103.<\/p>\n\n\n\n<p><\/p>\n\n\n\n<p>FOTO: <a href=\u201dhttps:\/\/www.facebook.com\/groups\/430649946991334\/?hoisted_section_header_type=recently_seen&amp;multi_permalinks=6807705285952403&amp;__cft__[0]=AZWSQVeu_xQa63KpQvb-gvu5GS2tENiBdWXva0RtWlF66q0e_ipt2jDkcCivOep2JwMdvqxmCeE8jQOLk3Vvf0Q3qVabCe0E1d6tBLATdunWX7rC3ypUu7TSazzJ6rhtyuWavVSEKxwRDZg5ODfzDJtLPRTAd4dEz6byMan6M4UUr-Ai_6zi3J3vR_jEQ64zLmb5yGNCk7l0kwbRhZexCfk4&amp;__tn__=-UC%2CP-R\">Info Trafic Bucuresti si Ilfov<\/a><\/p>\n","protected":false},"excerpt":{"rendered":"<p>Patru autovehicule, dintre care dou\u0103 TIR-uri, au fost implicate \u00eentr-o coliziune fa\u021b\u0103-spate pe Autostrada A1 pe sensul Pite\u0219ti \u2013 Bucure\u0219ti, anun\u021b\u0103 Centrul Infotrafic din Inspectoratul General al Poli\u021biei Rom\u00e2ne. Accidentul a avut loc la kilometrul 17, \u00een zona localit\u0103\u021bii Ciorog\u00e2rla, din jude\u021bul Ilfov. La aceast\u0103 or\u0103, traficul este blocat c\u0103tre Capital\u0103 iar circula\u021bia a fost [&hellip;]<\/p>\n","protected":false},"author":1,"featured_media":62636,"comment_status":"closed","ping_status":"open","sticky":false,"template":"","format":"standard","meta":{"_acf_changed":false,"inline_featured_image":false,"ngg_post_thumbnail":0,"footnotes":""},"categories":[5762,650],"tags":[3032,1100,3632,58],"ppma_author":[22583],"class_list":["post-62635","post","type-post","status-publish","format-standard","has-post-thumbnail","hentry","category-main","category-transport","tag-a1","tag-accident","tag-carambol","tag-trafic"],"acf":[],"yoast_head":"<!-- This site is optimized with the Yoast SEO Premium plugin v25.3 (Yoast SEO v27.5) - https:\/\/yoast.com\/product\/yoast-seo-premium-wordpress\/ -->\n<title>FOTO | Carambol pe A1, \u00een dreptul localit\u0103\u021bii Ciorog\u00e2rla. Sensul c\u0103tre Capital\u0103, blocat - Buletin de Bucure\u0219ti<\/title>\n<meta name=\"robots\" content=\"index, follow, max-snippet:-1, max-image-preview:large, max-video-preview:-1\" \/>\n<link rel=\"canonical\" href=\"https:\/\/buletin.de\/bucuresti\/foto-carambol-pe-a1-in-dreptul-localitatii-ciorogarla-sensul-catre-capitala-blocat\/\" \/>\n<meta property=\"og:locale\" content=\"en_GB\" \/>\n<meta property=\"og:type\" content=\"article\" \/>\n<meta property=\"og:title\" content=\"FOTO | Carambol pe A1, \u00een dreptul localit\u0103\u021bii Ciorog\u00e2rla. Sensul c\u0103tre Capital\u0103, blocat\" \/>\n<meta property=\"og:description\" content=\"Patru autovehicule, dintre care dou\u0103 TIR-uri, au fost implicate \u00eentr-o coliziune fa\u021b\u0103-spate pe Autostrada A1 pe sensul Pite\u0219ti \u2013 Bucure\u0219ti, anun\u021b\u0103 Centrul Infotrafic din Inspectoratul General al Poli\u021biei Rom\u00e2ne. Accidentul a avut loc la kilometrul 17, \u00een zona localit\u0103\u021bii Ciorog\u00e2rla, din jude\u021bul Ilfov. La aceast\u0103 or\u0103, traficul este blocat c\u0103tre Capital\u0103 iar circula\u021bia a fost [&hellip;]\" \/>\n<meta property=\"og:url\" content=\"https:\/\/buletin.de\/bucuresti\/foto-carambol-pe-a1-in-dreptul-localitatii-ciorogarla-sensul-catre-capitala-blocat\/\" \/>\n<meta property=\"og:site_name\" content=\"Buletin de Bucure\u0219ti\" \/>\n<meta property=\"article:publisher\" content=\"https:\/\/www.facebook.com\/buletin.de.buc\" \/>\n<meta property=\"article:published_time\" content=\"2023-09-19T09:32:19+00:00\" \/>\n<meta property=\"article:modified_time\" content=\"2023-09-19T09:32:20+00:00\" \/>\n<meta property=\"og:image\" content=\"https:\/\/buletin.de\/bucuresti\/wp-content\/uploads\/carambol-a1.jpg\" \/>\n\t<meta property=\"og:image:width\" content=\"1920\" \/>\n\t<meta property=\"og:image:height\" content=\"1080\" \/>\n\t<meta property=\"og:image:type\" content=\"image\/jpeg\" \/>\n<meta name=\"author\" content=\"Redac\u021bia Buletin de Bucure\u0219ti\" \/>\n<meta name=\"twitter:card\" content=\"summary_large_image\" \/>\n<meta name=\"twitter:label1\" content=\"Written by\" \/>\n\t<meta name=\"twitter:data1\" content=\"Redac\u021bia Buletin de Bucure\u0219ti\" \/>\n\t<meta name=\"twitter:label2\" content=\"Estimated reading time\" \/>\n\t<meta name=\"twitter:data2\" content=\"2 minutes\" \/>\n<script type=\"application\/ld+json\" class=\"yoast-schema-graph\">{\"@context\":\"https:\\\/\\\/schema.org\",\"@graph\":[{\"@type\":\"Article\",\"@id\":\"https:\\\/\\\/buletin.de\\\/bucuresti\\\/foto-carambol-pe-a1-in-dreptul-localitatii-ciorogarla-sensul-catre-capitala-blocat\\\/#article\",\"isPartOf\":{\"@id\":\"https:\\\/\\\/buletin.de\\\/bucuresti\\\/foto-carambol-pe-a1-in-dreptul-localitatii-ciorogarla-sensul-catre-capitala-blocat\\\/\"},\"author\":{\"name\":\"Redac\u021bia Buletin de Bucure\u0219ti\",\"@id\":\"https:\\\/\\\/buletin.de\\\/bucuresti\\\/#\\\/schema\\\/person\\\/2bbcf854e5f2419a13804af574d06ab1\"},\"headline\":\"FOTO | Carambol pe A1, \u00een dreptul localit\u0103\u021bii Ciorog\u00e2rla. Sensul c\u0103tre Capital\u0103, blocat\",\"datePublished\":\"2023-09-19T09:32:19+00:00\",\"dateModified\":\"2023-09-19T09:32:20+00:00\",\"mainEntityOfPage\":{\"@id\":\"https:\\\/\\\/buletin.de\\\/bucuresti\\\/foto-carambol-pe-a1-in-dreptul-localitatii-ciorogarla-sensul-catre-capitala-blocat\\\/\"},\"wordCount\":177,\"publisher\":{\"@id\":\"https:\\\/\\\/buletin.de\\\/bucuresti\\\/#organization\"},\"image\":{\"@id\":\"https:\\\/\\\/buletin.de\\\/bucuresti\\\/foto-carambol-pe-a1-in-dreptul-localitatii-ciorogarla-sensul-catre-capitala-blocat\\\/#primaryimage\"},\"thumbnailUrl\":\"https:\\\/\\\/buletin.de\\\/bucuresti\\\/wp-content\\\/uploads\\\/carambol-a1.jpg\",\"keywords\":[\"a1\",\"accident\",\"carambol\",\"trafic\"],\"articleSection\":[\"Main\",\"Transport\"],\"inLanguage\":\"en-GB\",\"copyrightYear\":\"2023\",\"copyrightHolder\":{\"@id\":\"https:\\\/\\\/buletin.de\\\/bucuresti\\\/#organization\"}},{\"@type\":\"WebPage\",\"@id\":\"https:\\\/\\\/buletin.de\\\/bucuresti\\\/foto-carambol-pe-a1-in-dreptul-localitatii-ciorogarla-sensul-catre-capitala-blocat\\\/\",\"url\":\"https:\\\/\\\/buletin.de\\\/bucuresti\\\/foto-carambol-pe-a1-in-dreptul-localitatii-ciorogarla-sensul-catre-capitala-blocat\\\/\",\"name\":\"FOTO | Carambol pe A1, \u00een dreptul localit\u0103\u021bii Ciorog\u00e2rla. Sensul c\u0103tre Capital\u0103, blocat - Buletin de Bucure\u0219ti\",\"isPartOf\":{\"@id\":\"https:\\\/\\\/buletin.de\\\/bucuresti\\\/#website\"},\"primaryImageOfPage\":{\"@id\":\"https:\\\/\\\/buletin.de\\\/bucuresti\\\/foto-carambol-pe-a1-in-dreptul-localitatii-ciorogarla-sensul-catre-capitala-blocat\\\/#primaryimage\"},\"image\":{\"@id\":\"https:\\\/\\\/buletin.de\\\/bucuresti\\\/foto-carambol-pe-a1-in-dreptul-localitatii-ciorogarla-sensul-catre-capitala-blocat\\\/#primaryimage\"},\"thumbnailUrl\":\"https:\\\/\\\/buletin.de\\\/bucuresti\\\/wp-content\\\/uploads\\\/carambol-a1.jpg\",\"datePublished\":\"2023-09-19T09:32:19+00:00\",\"dateModified\":\"2023-09-19T09:32:20+00:00\",\"breadcrumb\":{\"@id\":\"https:\\\/\\\/buletin.de\\\/bucuresti\\\/foto-carambol-pe-a1-in-dreptul-localitatii-ciorogarla-sensul-catre-capitala-blocat\\\/#breadcrumb\"},\"inLanguage\":\"en-GB\",\"potentialAction\":[{\"@type\":\"ReadAction\",\"target\":[\"https:\\\/\\\/buletin.de\\\/bucuresti\\\/foto-carambol-pe-a1-in-dreptul-localitatii-ciorogarla-sensul-catre-capitala-blocat\\\/\"]}]},{\"@type\":\"ImageObject\",\"inLanguage\":\"en-GB\",\"@id\":\"https:\\\/\\\/buletin.de\\\/bucuresti\\\/foto-carambol-pe-a1-in-dreptul-localitatii-ciorogarla-sensul-catre-capitala-blocat\\\/#primaryimage\",\"url\":\"https:\\\/\\\/buletin.de\\\/bucuresti\\\/wp-content\\\/uploads\\\/carambol-a1.jpg\",\"contentUrl\":\"https:\\\/\\\/buletin.de\\\/bucuresti\\\/wp-content\\\/uploads\\\/carambol-a1.jpg\",\"width\":1920,\"height\":1080},{\"@type\":\"BreadcrumbList\",\"@id\":\"https:\\\/\\\/buletin.de\\\/bucuresti\\\/foto-carambol-pe-a1-in-dreptul-localitatii-ciorogarla-sensul-catre-capitala-blocat\\\/#breadcrumb\",\"itemListElement\":[{\"@type\":\"ListItem\",\"position\":1,\"name\":\"Acas\u0103\",\"item\":\"https:\\\/\\\/buletin.de\\\/bucuresti\\\/\"},{\"@type\":\"ListItem\",\"position\":2,\"name\":\"FOTO | Carambol pe A1, \u00een dreptul localit\u0103\u021bii Ciorog\u00e2rla. Sensul c\u0103tre Capital\u0103, blocat\"}]},{\"@type\":\"WebSite\",\"@id\":\"https:\\\/\\\/buletin.de\\\/bucuresti\\\/#website\",\"url\":\"https:\\\/\\\/buletin.de\\\/bucuresti\\\/\",\"name\":\"Buletin de Bucure\u0219ti\",\"description\":\"\u0218tiri \u0219i investiga\u021bii esen\u021biale din capital\u0103\",\"publisher\":{\"@id\":\"https:\\\/\\\/buletin.de\\\/bucuresti\\\/#organization\"},\"potentialAction\":[{\"@type\":\"SearchAction\",\"target\":{\"@type\":\"EntryPoint\",\"urlTemplate\":\"https:\\\/\\\/buletin.de\\\/bucuresti\\\/?s={search_term_string}\"},\"query-input\":{\"@type\":\"PropertyValueSpecification\",\"valueRequired\":true,\"valueName\":\"search_term_string\"}}],\"inLanguage\":\"en-GB\"},{\"@type\":\"Organization\",\"@id\":\"https:\\\/\\\/buletin.de\\\/bucuresti\\\/#organization\",\"name\":\"Buletin de Bucure\u0219ti\",\"url\":\"https:\\\/\\\/buletin.de\\\/bucuresti\\\/\",\"logo\":{\"@type\":\"ImageObject\",\"inLanguage\":\"en-GB\",\"@id\":\"https:\\\/\\\/buletin.de\\\/bucuresti\\\/#\\\/schema\\\/logo\\\/image\\\/\",\"url\":\"https:\\\/\\\/buletin.de\\\/bucuresti\\\/wp-content\\\/uploads\\\/logo-bdb-full-wide-vernil-transparent.png\",\"contentUrl\":\"https:\\\/\\\/buletin.de\\\/bucuresti\\\/wp-content\\\/uploads\\\/logo-bdb-full-wide-vernil-transparent.png\",\"width\":1782,\"height\":626,\"caption\":\"Buletin de Bucure\u0219ti\"},\"image\":{\"@id\":\"https:\\\/\\\/buletin.de\\\/bucuresti\\\/#\\\/schema\\\/logo\\\/image\\\/\"},\"sameAs\":[\"https:\\\/\\\/www.facebook.com\\\/buletin.de.buc\",\"https:\\\/\\\/www.instagram.com\\\/buletinde.bucuresti\\\/\"]},{\"@type\":\"Person\",\"@id\":\"https:\\\/\\\/buletin.de\\\/bucuresti\\\/#\\\/schema\\\/person\\\/2bbcf854e5f2419a13804af574d06ab1\",\"name\":\"Redac\u021bia Buletin de Bucure\u0219ti\",\"image\":{\"@type\":\"ImageObject\",\"inLanguage\":\"en-GB\",\"@id\":\"https:\\\/\\\/secure.gravatar.com\\\/avatar\\\/18c5342381ed1a08620e6280424e3e5efc958618f5d67c522c9e44c1bc6f9226?s=96&d=monsterid&r=g60c7cd0ad92c68c049fcd4bb3504d609\",\"url\":\"https:\\\/\\\/secure.gravatar.com\\\/avatar\\\/18c5342381ed1a08620e6280424e3e5efc958618f5d67c522c9e44c1bc6f9226?s=96&d=monsterid&r=g\",\"contentUrl\":\"https:\\\/\\\/secure.gravatar.com\\\/avatar\\\/18c5342381ed1a08620e6280424e3e5efc958618f5d67c522c9e44c1bc6f9226?s=96&d=monsterid&r=g\",\"caption\":\"Redac\u021bia Buletin de Bucure\u0219ti\"},\"description\":\"Buletin de Bucure\u0219ti exist\u0103 din vara anului 2019.\",\"url\":\"https:\\\/\\\/buletin.de\\\/bucuresti\\\/author\\\/adminbuletin\\\/\"}]}<\/script>\n<!-- \/ Yoast SEO Premium plugin. -->","yoast_head_json":{"title":"FOTO | Carambol pe A1, \u00een dreptul localit\u0103\u021bii Ciorog\u00e2rla. Sensul c\u0103tre Capital\u0103, blocat - Buletin de Bucure\u0219ti","robots":{"index":"index","follow":"follow","max-snippet":"max-snippet:-1","max-image-preview":"max-image-preview:large","max-video-preview":"max-video-preview:-1"},"canonical":"https:\/\/buletin.de\/bucuresti\/foto-carambol-pe-a1-in-dreptul-localitatii-ciorogarla-sensul-catre-capitala-blocat\/","og_locale":"en_GB","og_type":"article","og_title":"FOTO | Carambol pe A1, \u00een dreptul localit\u0103\u021bii Ciorog\u00e2rla. Sensul c\u0103tre Capital\u0103, blocat","og_description":"Patru autovehicule, dintre care dou\u0103 TIR-uri, au fost implicate \u00eentr-o coliziune fa\u021b\u0103-spate pe Autostrada A1 pe sensul Pite\u0219ti \u2013 Bucure\u0219ti, anun\u021b\u0103 Centrul Infotrafic din Inspectoratul General al Poli\u021biei Rom\u00e2ne. Accidentul a avut loc la kilometrul 17, \u00een zona localit\u0103\u021bii Ciorog\u00e2rla, din jude\u021bul Ilfov. La aceast\u0103 or\u0103, traficul este blocat c\u0103tre Capital\u0103 iar circula\u021bia a fost [&hellip;]","og_url":"https:\/\/buletin.de\/bucuresti\/foto-carambol-pe-a1-in-dreptul-localitatii-ciorogarla-sensul-catre-capitala-blocat\/","og_site_name":"Buletin de Bucure\u0219ti","article_publisher":"https:\/\/www.facebook.com\/buletin.de.buc","article_published_time":"2023-09-19T09:32:19+00:00","article_modified_time":"2023-09-19T09:32:20+00:00","og_image":[{"width":1920,"height":1080,"url":"https:\/\/buletin.de\/bucuresti\/wp-content\/uploads\/carambol-a1.jpg","type":"image\/jpeg"}],"author":"Redac\u021bia Buletin de Bucure\u0219ti","twitter_card":"summary_large_image","twitter_misc":{"Written by":"Redac\u021bia Buletin de Bucure\u0219ti","Estimated reading time":"2 minutes"},"schema":{"@context":"https:\/\/schema.org","@graph":[{"@type":"Article","@id":"https:\/\/buletin.de\/bucuresti\/foto-carambol-pe-a1-in-dreptul-localitatii-ciorogarla-sensul-catre-capitala-blocat\/#article","isPartOf":{"@id":"https:\/\/buletin.de\/bucuresti\/foto-carambol-pe-a1-in-dreptul-localitatii-ciorogarla-sensul-catre-capitala-blocat\/"},"author":{"name":"Redac\u021bia Buletin de Bucure\u0219ti","@id":"https:\/\/buletin.de\/bucuresti\/#\/schema\/person\/2bbcf854e5f2419a13804af574d06ab1"},"headline":"FOTO | Carambol pe A1, \u00een dreptul localit\u0103\u021bii Ciorog\u00e2rla. Sensul c\u0103tre Capital\u0103, blocat","datePublished":"2023-09-19T09:32:19+00:00","dateModified":"2023-09-19T09:32:20+00:00","mainEntityOfPage":{"@id":"https:\/\/buletin.de\/bucuresti\/foto-carambol-pe-a1-in-dreptul-localitatii-ciorogarla-sensul-catre-capitala-blocat\/"},"wordCount":177,"publisher":{"@id":"https:\/\/buletin.de\/bucuresti\/#organization"},"image":{"@id":"https:\/\/buletin.de\/bucuresti\/foto-carambol-pe-a1-in-dreptul-localitatii-ciorogarla-sensul-catre-capitala-blocat\/#primaryimage"},"thumbnailUrl":"https:\/\/buletin.de\/bucuresti\/wp-content\/uploads\/carambol-a1.jpg","keywords":["a1","accident","carambol","trafic"],"articleSection":["Main","Transport"],"inLanguage":"en-GB","copyrightYear":"2023","copyrightHolder":{"@id":"https:\/\/buletin.de\/bucuresti\/#organization"}},{"@type":"WebPage","@id":"https:\/\/buletin.de\/bucuresti\/foto-carambol-pe-a1-in-dreptul-localitatii-ciorogarla-sensul-catre-capitala-blocat\/","url":"https:\/\/buletin.de\/bucuresti\/foto-carambol-pe-a1-in-dreptul-localitatii-ciorogarla-sensul-catre-capitala-blocat\/","name":"FOTO | Carambol pe A1, \u00een dreptul localit\u0103\u021bii Ciorog\u00e2rla. Sensul c\u0103tre Capital\u0103, blocat - Buletin de Bucure\u0219ti","isPartOf":{"@id":"https:\/\/buletin.de\/bucuresti\/#website"},"primaryImageOfPage":{"@id":"https:\/\/buletin.de\/bucuresti\/foto-carambol-pe-a1-in-dreptul-localitatii-ciorogarla-sensul-catre-capitala-blocat\/#primaryimage"},"image":{"@id":"https:\/\/buletin.de\/bucuresti\/foto-carambol-pe-a1-in-dreptul-localitatii-ciorogarla-sensul-catre-capitala-blocat\/#primaryimage"},"thumbnailUrl":"https:\/\/buletin.de\/bucuresti\/wp-content\/uploads\/carambol-a1.jpg","datePublished":"2023-09-19T09:32:19+00:00","dateModified":"2023-09-19T09:32:20+00:00","breadcrumb":{"@id":"https:\/\/buletin.de\/bucuresti\/foto-carambol-pe-a1-in-dreptul-localitatii-ciorogarla-sensul-catre-capitala-blocat\/#breadcrumb"},"inLanguage":"en-GB","potentialAction":[{"@type":"ReadAction","target":["https:\/\/buletin.de\/bucuresti\/foto-carambol-pe-a1-in-dreptul-localitatii-ciorogarla-sensul-catre-capitala-blocat\/"]}]},{"@type":"ImageObject","inLanguage":"en-GB","@id":"https:\/\/buletin.de\/bucuresti\/foto-carambol-pe-a1-in-dreptul-localitatii-ciorogarla-sensul-catre-capitala-blocat\/#primaryimage","url":"https:\/\/buletin.de\/bucuresti\/wp-content\/uploads\/carambol-a1.jpg","contentUrl":"https:\/\/buletin.de\/bucuresti\/wp-content\/uploads\/carambol-a1.jpg","width":1920,"height":1080},{"@type":"BreadcrumbList","@id":"https:\/\/buletin.de\/bucuresti\/foto-carambol-pe-a1-in-dreptul-localitatii-ciorogarla-sensul-catre-capitala-blocat\/#breadcrumb","itemListElement":[{"@type":"ListItem","position":1,"name":"Acas\u0103","item":"https:\/\/buletin.de\/bucuresti\/"},{"@type":"ListItem","position":2,"name":"FOTO | Carambol pe A1, \u00een dreptul localit\u0103\u021bii Ciorog\u00e2rla. Sensul c\u0103tre Capital\u0103, blocat"}]},{"@type":"WebSite","@id":"https:\/\/buletin.de\/bucuresti\/#website","url":"https:\/\/buletin.de\/bucuresti\/","name":"Buletin de Bucure\u0219ti","description":"\u0218tiri \u0219i investiga\u021bii esen\u021biale din capital\u0103","publisher":{"@id":"https:\/\/buletin.de\/bucuresti\/#organization"},"potentialAction":[{"@type":"SearchAction","target":{"@type":"EntryPoint","urlTemplate":"https:\/\/buletin.de\/bucuresti\/?s={search_term_string}"},"query-input":{"@type":"PropertyValueSpecification","valueRequired":true,"valueName":"search_term_string"}}],"inLanguage":"en-GB"},{"@type":"Organization","@id":"https:\/\/buletin.de\/bucuresti\/#organization","name":"Buletin de Bucure\u0219ti","url":"https:\/\/buletin.de\/bucuresti\/","logo":{"@type":"ImageObject","inLanguage":"en-GB","@id":"https:\/\/buletin.de\/bucuresti\/#\/schema\/logo\/image\/","url":"https:\/\/buletin.de\/bucuresti\/wp-content\/uploads\/logo-bdb-full-wide-vernil-transparent.png","contentUrl":"https:\/\/buletin.de\/bucuresti\/wp-content\/uploads\/logo-bdb-full-wide-vernil-transparent.png","width":1782,"height":626,"caption":"Buletin de Bucure\u0219ti"},"image":{"@id":"https:\/\/buletin.de\/bucuresti\/#\/schema\/logo\/image\/"},"sameAs":["https:\/\/www.facebook.com\/buletin.de.buc","https:\/\/www.instagram.com\/buletinde.bucuresti\/"]},{"@type":"Person","@id":"https:\/\/buletin.de\/bucuresti\/#\/schema\/person\/2bbcf854e5f2419a13804af574d06ab1","name":"Redac\u021bia Buletin de Bucure\u0219ti","image":{"@type":"ImageObject","inLanguage":"en-GB","@id":"https:\/\/secure.gravatar.com\/avatar\/18c5342381ed1a08620e6280424e3e5efc958618f5d67c522c9e44c1bc6f9226?s=96&d=monsterid&r=g60c7cd0ad92c68c049fcd4bb3504d609","url":"https:\/\/secure.gravatar.com\/avatar\/18c5342381ed1a08620e6280424e3e5efc958618f5d67c522c9e44c1bc6f9226?s=96&d=monsterid&r=g","contentUrl":"https:\/\/secure.gravatar.com\/avatar\/18c5342381ed1a08620e6280424e3e5efc958618f5d67c522c9e44c1bc6f9226?s=96&d=monsterid&r=g","caption":"Redac\u021bia Buletin de Bucure\u0219ti"},"description":"Buletin de Bucure\u0219ti exist\u0103 din vara anului 2019.","url":"https:\/\/buletin.de\/bucuresti\/author\/adminbuletin\/"}]}},"authors":[{"term_id":22583,"user_id":1,"is_guest":0,"slug":"adminbuletin","display_name":"Redac\u021bia Buletin de Bucure\u0219ti","avatar_url":"https:\/\/secure.gravatar.com\/avatar\/18c5342381ed1a08620e6280424e3e5efc958618f5d67c522c9e44c1bc6f9226?s=96&d=monsterid&r=g","0":null,"1":"","2":"","3":"","4":"","5":"","6":"","7":"","8":""}],"_links":{"self":[{"href":"https:\/\/buletin.de\/bucuresti\/wp-json\/wp\/v2\/posts\/62635","targetHints":{"allow":["GET"]}}],"collection":[{"href":"https:\/\/buletin.de\/bucuresti\/wp-json\/wp\/v2\/posts"}],"about":[{"href":"https:\/\/buletin.de\/bucuresti\/wp-json\/wp\/v2\/types\/post"}],"author":[{"embeddable":true,"href":"https:\/\/buletin.de\/bucuresti\/wp-json\/wp\/v2\/users\/1"}],"replies":[{"embeddable":true,"href":"https:\/\/buletin.de\/bucuresti\/wp-json\/wp\/v2\/comments?post=62635"}],"version-history":[{"count":1,"href":"https:\/\/buletin.de\/bucuresti\/wp-json\/wp\/v2\/posts\/62635\/revisions"}],"predecessor-version":[{"id":62637,"href":"https:\/\/buletin.de\/bucuresti\/wp-json\/wp\/v2\/posts\/62635\/revisions\/62637"}],"wp:featuredmedia":[{"embeddable":true,"href":"https:\/\/buletin.de\/bucuresti\/wp-json\/wp\/v2\/media\/62636"}],"wp:attachment":[{"href":"https:\/\/buletin.de\/bucuresti\/wp-json\/wp\/v2\/media?parent=62635"}],"wp:term":[{"taxonomy":"category","embeddable":true,"href":"https:\/\/buletin.de\/bucuresti\/wp-json\/wp\/v2\/categories?post=62635"},{"taxonomy":"post_tag","embeddable":true,"href":"https:\/\/buletin.de\/bucuresti\/wp-json\/wp\/v2\/tags?post=62635"},{"taxonomy":"author","embeddable":true,"href":"https:\/\/buletin.de\/bucuresti\/wp-json\/wp\/v2\/ppma_author?post=62635"}],"curies":[{"name":"wp","href":"https:\/\/api.w.org\/{rel}","templated":true}]}}