{"id":62632,"date":"2023-09-19T11:27:44","date_gmt":"2023-09-19T09:27:44","guid":{"rendered":"https:\/\/buletin.de\/bucuresti\/?p=62632"},"modified":"2023-09-19T11:27:44","modified_gmt":"2023-09-19T09:27:44","slug":"aplicatia-de-vanzare-online-a-biletelor-cfr-oprita-miercuri-pentru-mentenanta","status":"publish","type":"post","link":"https:\/\/buletin.de\/bucuresti\/aplicatia-de-vanzare-online-a-biletelor-cfr-oprita-miercuri-pentru-mentenanta\/","title":{"rendered":"Aplica\u021bia de v\u00e2nzare online a biletelor CFR, oprit\u0103 miercuri pentru mentenan\u021b\u0103"},"content":{"rendered":"\n<p><strong>CFR C\u0103l\u0103tori informeaz\u0103 c\u0103, \u00een data de 20 septembrie 2023, \u00een intervalul orar 0:00 \u0219i 24:00, c\u0103l\u0103torii nu vor putea cump\u0103ra bilete online. Aplica\u021bia de cump\u0103rare online a biletelor va fi oprit\u0103 pentru lucr\u0103ri de mentenan\u021b\u0103. <\/strong><\/p>\n\n\n\n<p>Pasagerii care au achizi\u021bionat bilete online pentru efectuarea c\u0103l\u0103toriei \u00een data de 20.09.2023 vor putea c\u0103l\u0103tori prezent\u00e2nd \u00een tren, digital sau fizic, biletul format pdf primit prin mail sau desc\u0103rcat din aplica\u021bie \u00eenainte de ora 0:00 a zilei de 20.09.2023. &nbsp;<\/p>\n\n\n\n<p>De asemenea, c\u0103l\u0103torii care au cump\u0103rate bilete online \u0219i care doresc modificarea\/renun\u021barea c\u0103l\u0103toriei o pot face \u00een afara acestui interval de \u00eentrerupere. Pentru mai multe informatii, c\u0103l\u0103torii pot scrie la bileteonline@cfrcalatori.ro.  <\/p>\n","protected":false},"excerpt":{"rendered":"<p>CFR C\u0103l\u0103tori informeaz\u0103 c\u0103, \u00een data de 20 septembrie 2023, \u00een intervalul orar 0:00 \u0219i 24:00, c\u0103l\u0103torii nu vor putea cump\u0103ra bilete online. Aplica\u021bia de cump\u0103rare online a biletelor va fi oprit\u0103 pentru lucr\u0103ri de mentenan\u021b\u0103. Pasagerii care au achizi\u021bionat bilete online pentru efectuarea c\u0103l\u0103toriei \u00een data de 20.09.2023 vor putea c\u0103l\u0103tori prezent\u00e2nd \u00een tren, [&hellip;]<\/p>\n","protected":false},"author":49,"featured_media":62633,"comment_status":"closed","ping_status":"open","sticky":false,"template":"","format":"standard","meta":{"_acf_changed":false,"inline_featured_image":false,"ngg_post_thumbnail":0,"footnotes":""},"categories":[62],"tags":[6988,5871,6989],"ppma_author":[22574],"class_list":["post-62632","post","type-post","status-publish","format-standard","has-post-thumbnail","hentry","category-stiri","tag-bilete-cfr-online","tag-cfr-calatori-2","tag-cfr-online"],"acf":[],"yoast_head":"<!-- This site is optimized with the Yoast SEO Premium plugin v25.3 (Yoast SEO v27.5) - https:\/\/yoast.com\/product\/yoast-seo-premium-wordpress\/ -->\n<title>Aplica\u021bia de v\u00e2nzare online a biletelor CFR, oprit\u0103 miercuri pentru mentenan\u021b\u0103 - Buletin de Bucure\u0219ti<\/title>\n<meta name=\"robots\" content=\"index, follow, max-snippet:-1, max-image-preview:large, max-video-preview:-1\" \/>\n<link rel=\"canonical\" href=\"https:\/\/buletin.de\/bucuresti\/aplicatia-de-vanzare-online-a-biletelor-cfr-oprita-miercuri-pentru-mentenanta\/\" \/>\n<meta property=\"og:locale\" content=\"en_GB\" \/>\n<meta property=\"og:type\" content=\"article\" \/>\n<meta property=\"og:title\" content=\"Aplica\u021bia de v\u00e2nzare online a biletelor CFR, oprit\u0103 miercuri pentru mentenan\u021b\u0103\" \/>\n<meta property=\"og:description\" content=\"CFR C\u0103l\u0103tori informeaz\u0103 c\u0103, \u00een data de 20 septembrie 2023, \u00een intervalul orar 0:00 \u0219i 24:00, c\u0103l\u0103torii nu vor putea cump\u0103ra bilete online. Aplica\u021bia de cump\u0103rare online a biletelor va fi oprit\u0103 pentru lucr\u0103ri de mentenan\u021b\u0103. Pasagerii care au achizi\u021bionat bilete online pentru efectuarea c\u0103l\u0103toriei \u00een data de 20.09.2023 vor putea c\u0103l\u0103tori prezent\u00e2nd \u00een tren, [&hellip;]\" \/>\n<meta property=\"og:url\" content=\"https:\/\/buletin.de\/bucuresti\/aplicatia-de-vanzare-online-a-biletelor-cfr-oprita-miercuri-pentru-mentenanta\/\" \/>\n<meta property=\"og:site_name\" content=\"Buletin de Bucure\u0219ti\" \/>\n<meta property=\"article:publisher\" content=\"https:\/\/www.facebook.com\/buletin.de.buc\" \/>\n<meta property=\"article:published_time\" content=\"2023-09-19T09:27:44+00:00\" \/>\n<meta property=\"og:image\" content=\"https:\/\/buletin.de\/bucuresti\/wp-content\/uploads\/377931367_6693707033982739_1483962074573016036_n.jpeg\" \/>\n\t<meta property=\"og:image:width\" content=\"2048\" \/>\n\t<meta property=\"og:image:height\" content=\"922\" \/>\n\t<meta property=\"og:image:type\" content=\"image\/jpeg\" \/>\n<meta name=\"author\" content=\"Diana Matei\" \/>\n<meta name=\"twitter:card\" content=\"summary_large_image\" \/>\n<meta name=\"twitter:label1\" content=\"Written by\" \/>\n\t<meta name=\"twitter:data1\" content=\"Diana Matei\" \/>\n\t<meta name=\"twitter:label2\" content=\"Estimated reading time\" \/>\n\t<meta name=\"twitter:data2\" content=\"1 minute\" \/>\n<script type=\"application\/ld+json\" class=\"yoast-schema-graph\">{\"@context\":\"https:\\\/\\\/schema.org\",\"@graph\":[{\"@type\":\"Article\",\"@id\":\"https:\\\/\\\/buletin.de\\\/bucuresti\\\/aplicatia-de-vanzare-online-a-biletelor-cfr-oprita-miercuri-pentru-mentenanta\\\/#article\",\"isPartOf\":{\"@id\":\"https:\\\/\\\/buletin.de\\\/bucuresti\\\/aplicatia-de-vanzare-online-a-biletelor-cfr-oprita-miercuri-pentru-mentenanta\\\/\"},\"author\":{\"name\":\"Diana Matei\",\"@id\":\"https:\\\/\\\/buletin.de\\\/bucuresti\\\/#\\\/schema\\\/person\\\/7e46040573290777280a0835d81ea4ea\"},\"headline\":\"Aplica\u021bia de v\u00e2nzare online a biletelor CFR, oprit\u0103 miercuri pentru mentenan\u021b\u0103\",\"datePublished\":\"2023-09-19T09:27:44+00:00\",\"mainEntityOfPage\":{\"@id\":\"https:\\\/\\\/buletin.de\\\/bucuresti\\\/aplicatia-de-vanzare-online-a-biletelor-cfr-oprita-miercuri-pentru-mentenanta\\\/\"},\"wordCount\":141,\"publisher\":{\"@id\":\"https:\\\/\\\/buletin.de\\\/bucuresti\\\/#organization\"},\"image\":{\"@id\":\"https:\\\/\\\/buletin.de\\\/bucuresti\\\/aplicatia-de-vanzare-online-a-biletelor-cfr-oprita-miercuri-pentru-mentenanta\\\/#primaryimage\"},\"thumbnailUrl\":\"https:\\\/\\\/buletin.de\\\/bucuresti\\\/wp-content\\\/uploads\\\/377931367_6693707033982739_1483962074573016036_n.jpeg\",\"keywords\":[\"bilete cfr online\",\"CFR Calatori\",\"cfr online\"],\"articleSection\":[\"\u0218tiri\"],\"inLanguage\":\"en-GB\",\"copyrightYear\":\"2023\",\"copyrightHolder\":{\"@id\":\"https:\\\/\\\/buletin.de\\\/bucuresti\\\/#organization\"}},{\"@type\":\"WebPage\",\"@id\":\"https:\\\/\\\/buletin.de\\\/bucuresti\\\/aplicatia-de-vanzare-online-a-biletelor-cfr-oprita-miercuri-pentru-mentenanta\\\/\",\"url\":\"https:\\\/\\\/buletin.de\\\/bucuresti\\\/aplicatia-de-vanzare-online-a-biletelor-cfr-oprita-miercuri-pentru-mentenanta\\\/\",\"name\":\"Aplica\u021bia de v\u00e2nzare online a biletelor CFR, oprit\u0103 miercuri pentru mentenan\u021b\u0103 - Buletin de Bucure\u0219ti\",\"isPartOf\":{\"@id\":\"https:\\\/\\\/buletin.de\\\/bucuresti\\\/#website\"},\"primaryImageOfPage\":{\"@id\":\"https:\\\/\\\/buletin.de\\\/bucuresti\\\/aplicatia-de-vanzare-online-a-biletelor-cfr-oprita-miercuri-pentru-mentenanta\\\/#primaryimage\"},\"image\":{\"@id\":\"https:\\\/\\\/buletin.de\\\/bucuresti\\\/aplicatia-de-vanzare-online-a-biletelor-cfr-oprita-miercuri-pentru-mentenanta\\\/#primaryimage\"},\"thumbnailUrl\":\"https:\\\/\\\/buletin.de\\\/bucuresti\\\/wp-content\\\/uploads\\\/377931367_6693707033982739_1483962074573016036_n.jpeg\",\"datePublished\":\"2023-09-19T09:27:44+00:00\",\"breadcrumb\":{\"@id\":\"https:\\\/\\\/buletin.de\\\/bucuresti\\\/aplicatia-de-vanzare-online-a-biletelor-cfr-oprita-miercuri-pentru-mentenanta\\\/#breadcrumb\"},\"inLanguage\":\"en-GB\",\"potentialAction\":[{\"@type\":\"ReadAction\",\"target\":[\"https:\\\/\\\/buletin.de\\\/bucuresti\\\/aplicatia-de-vanzare-online-a-biletelor-cfr-oprita-miercuri-pentru-mentenanta\\\/\"]}]},{\"@type\":\"ImageObject\",\"inLanguage\":\"en-GB\",\"@id\":\"https:\\\/\\\/buletin.de\\\/bucuresti\\\/aplicatia-de-vanzare-online-a-biletelor-cfr-oprita-miercuri-pentru-mentenanta\\\/#primaryimage\",\"url\":\"https:\\\/\\\/buletin.de\\\/bucuresti\\\/wp-content\\\/uploads\\\/377931367_6693707033982739_1483962074573016036_n.jpeg\",\"contentUrl\":\"https:\\\/\\\/buletin.de\\\/bucuresti\\\/wp-content\\\/uploads\\\/377931367_6693707033982739_1483962074573016036_n.jpeg\",\"width\":2048,\"height\":922},{\"@type\":\"BreadcrumbList\",\"@id\":\"https:\\\/\\\/buletin.de\\\/bucuresti\\\/aplicatia-de-vanzare-online-a-biletelor-cfr-oprita-miercuri-pentru-mentenanta\\\/#breadcrumb\",\"itemListElement\":[{\"@type\":\"ListItem\",\"position\":1,\"name\":\"Acas\u0103\",\"item\":\"https:\\\/\\\/buletin.de\\\/bucuresti\\\/\"},{\"@type\":\"ListItem\",\"position\":2,\"name\":\"Aplica\u021bia de v\u00e2nzare online a biletelor CFR, oprit\u0103 miercuri pentru mentenan\u021b\u0103\"}]},{\"@type\":\"WebSite\",\"@id\":\"https:\\\/\\\/buletin.de\\\/bucuresti\\\/#website\",\"url\":\"https:\\\/\\\/buletin.de\\\/bucuresti\\\/\",\"name\":\"Buletin de Bucure\u0219ti\",\"description\":\"\u0218tiri \u0219i investiga\u021bii esen\u021biale din capital\u0103\",\"publisher\":{\"@id\":\"https:\\\/\\\/buletin.de\\\/bucuresti\\\/#organization\"},\"potentialAction\":[{\"@type\":\"SearchAction\",\"target\":{\"@type\":\"EntryPoint\",\"urlTemplate\":\"https:\\\/\\\/buletin.de\\\/bucuresti\\\/?s={search_term_string}\"},\"query-input\":{\"@type\":\"PropertyValueSpecification\",\"valueRequired\":true,\"valueName\":\"search_term_string\"}}],\"inLanguage\":\"en-GB\"},{\"@type\":\"Organization\",\"@id\":\"https:\\\/\\\/buletin.de\\\/bucuresti\\\/#organization\",\"name\":\"Buletin de Bucure\u0219ti\",\"url\":\"https:\\\/\\\/buletin.de\\\/bucuresti\\\/\",\"logo\":{\"@type\":\"ImageObject\",\"inLanguage\":\"en-GB\",\"@id\":\"https:\\\/\\\/buletin.de\\\/bucuresti\\\/#\\\/schema\\\/logo\\\/image\\\/\",\"url\":\"https:\\\/\\\/buletin.de\\\/bucuresti\\\/wp-content\\\/uploads\\\/logo-bdb-full-wide-vernil-transparent.png\",\"contentUrl\":\"https:\\\/\\\/buletin.de\\\/bucuresti\\\/wp-content\\\/uploads\\\/logo-bdb-full-wide-vernil-transparent.png\",\"width\":1782,\"height\":626,\"caption\":\"Buletin de Bucure\u0219ti\"},\"image\":{\"@id\":\"https:\\\/\\\/buletin.de\\\/bucuresti\\\/#\\\/schema\\\/logo\\\/image\\\/\"},\"sameAs\":[\"https:\\\/\\\/www.facebook.com\\\/buletin.de.buc\",\"https:\\\/\\\/www.instagram.com\\\/buletinde.bucuresti\\\/\"]},{\"@type\":\"Person\",\"@id\":\"https:\\\/\\\/buletin.de\\\/bucuresti\\\/#\\\/schema\\\/person\\\/7e46040573290777280a0835d81ea4ea\",\"name\":\"Diana Matei\",\"image\":{\"@type\":\"ImageObject\",\"inLanguage\":\"en-GB\",\"@id\":\"https:\\\/\\\/buletin.de\\\/bucuresti\\\/wp-content\\\/uploads\\\/9-2-96x96.jpg1e8590b30871d70e62ebcdaf2eff570c\",\"url\":\"https:\\\/\\\/buletin.de\\\/bucuresti\\\/wp-content\\\/uploads\\\/9-2-96x96.jpg\",\"contentUrl\":\"https:\\\/\\\/buletin.de\\\/bucuresti\\\/wp-content\\\/uploads\\\/9-2-96x96.jpg\",\"caption\":\"Diana Matei\"},\"url\":\"https:\\\/\\\/buletin.de\\\/bucuresti\\\/author\\\/dianamatei\\\/\"}]}<\/script>\n<!-- \/ Yoast SEO Premium plugin. -->","yoast_head_json":{"title":"Aplica\u021bia de v\u00e2nzare online a biletelor CFR, oprit\u0103 miercuri pentru mentenan\u021b\u0103 - Buletin de Bucure\u0219ti","robots":{"index":"index","follow":"follow","max-snippet":"max-snippet:-1","max-image-preview":"max-image-preview:large","max-video-preview":"max-video-preview:-1"},"canonical":"https:\/\/buletin.de\/bucuresti\/aplicatia-de-vanzare-online-a-biletelor-cfr-oprita-miercuri-pentru-mentenanta\/","og_locale":"en_GB","og_type":"article","og_title":"Aplica\u021bia de v\u00e2nzare online a biletelor CFR, oprit\u0103 miercuri pentru mentenan\u021b\u0103","og_description":"CFR C\u0103l\u0103tori informeaz\u0103 c\u0103, \u00een data de 20 septembrie 2023, \u00een intervalul orar 0:00 \u0219i 24:00, c\u0103l\u0103torii nu vor putea cump\u0103ra bilete online. Aplica\u021bia de cump\u0103rare online a biletelor va fi oprit\u0103 pentru lucr\u0103ri de mentenan\u021b\u0103. Pasagerii care au achizi\u021bionat bilete online pentru efectuarea c\u0103l\u0103toriei \u00een data de 20.09.2023 vor putea c\u0103l\u0103tori prezent\u00e2nd \u00een tren, [&hellip;]","og_url":"https:\/\/buletin.de\/bucuresti\/aplicatia-de-vanzare-online-a-biletelor-cfr-oprita-miercuri-pentru-mentenanta\/","og_site_name":"Buletin de Bucure\u0219ti","article_publisher":"https:\/\/www.facebook.com\/buletin.de.buc","article_published_time":"2023-09-19T09:27:44+00:00","og_image":[{"width":2048,"height":922,"url":"https:\/\/buletin.de\/bucuresti\/wp-content\/uploads\/377931367_6693707033982739_1483962074573016036_n.jpeg","type":"image\/jpeg"}],"author":"Diana Matei","twitter_card":"summary_large_image","twitter_misc":{"Written by":"Diana Matei","Estimated reading time":"1 minute"},"schema":{"@context":"https:\/\/schema.org","@graph":[{"@type":"Article","@id":"https:\/\/buletin.de\/bucuresti\/aplicatia-de-vanzare-online-a-biletelor-cfr-oprita-miercuri-pentru-mentenanta\/#article","isPartOf":{"@id":"https:\/\/buletin.de\/bucuresti\/aplicatia-de-vanzare-online-a-biletelor-cfr-oprita-miercuri-pentru-mentenanta\/"},"author":{"name":"Diana Matei","@id":"https:\/\/buletin.de\/bucuresti\/#\/schema\/person\/7e46040573290777280a0835d81ea4ea"},"headline":"Aplica\u021bia de v\u00e2nzare online a biletelor CFR, oprit\u0103 miercuri pentru mentenan\u021b\u0103","datePublished":"2023-09-19T09:27:44+00:00","mainEntityOfPage":{"@id":"https:\/\/buletin.de\/bucuresti\/aplicatia-de-vanzare-online-a-biletelor-cfr-oprita-miercuri-pentru-mentenanta\/"},"wordCount":141,"publisher":{"@id":"https:\/\/buletin.de\/bucuresti\/#organization"},"image":{"@id":"https:\/\/buletin.de\/bucuresti\/aplicatia-de-vanzare-online-a-biletelor-cfr-oprita-miercuri-pentru-mentenanta\/#primaryimage"},"thumbnailUrl":"https:\/\/buletin.de\/bucuresti\/wp-content\/uploads\/377931367_6693707033982739_1483962074573016036_n.jpeg","keywords":["bilete cfr online","CFR Calatori","cfr online"],"articleSection":["\u0218tiri"],"inLanguage":"en-GB","copyrightYear":"2023","copyrightHolder":{"@id":"https:\/\/buletin.de\/bucuresti\/#organization"}},{"@type":"WebPage","@id":"https:\/\/buletin.de\/bucuresti\/aplicatia-de-vanzare-online-a-biletelor-cfr-oprita-miercuri-pentru-mentenanta\/","url":"https:\/\/buletin.de\/bucuresti\/aplicatia-de-vanzare-online-a-biletelor-cfr-oprita-miercuri-pentru-mentenanta\/","name":"Aplica\u021bia de v\u00e2nzare online a biletelor CFR, oprit\u0103 miercuri pentru mentenan\u021b\u0103 - Buletin de Bucure\u0219ti","isPartOf":{"@id":"https:\/\/buletin.de\/bucuresti\/#website"},"primaryImageOfPage":{"@id":"https:\/\/buletin.de\/bucuresti\/aplicatia-de-vanzare-online-a-biletelor-cfr-oprita-miercuri-pentru-mentenanta\/#primaryimage"},"image":{"@id":"https:\/\/buletin.de\/bucuresti\/aplicatia-de-vanzare-online-a-biletelor-cfr-oprita-miercuri-pentru-mentenanta\/#primaryimage"},"thumbnailUrl":"https:\/\/buletin.de\/bucuresti\/wp-content\/uploads\/377931367_6693707033982739_1483962074573016036_n.jpeg","datePublished":"2023-09-19T09:27:44+00:00","breadcrumb":{"@id":"https:\/\/buletin.de\/bucuresti\/aplicatia-de-vanzare-online-a-biletelor-cfr-oprita-miercuri-pentru-mentenanta\/#breadcrumb"},"inLanguage":"en-GB","potentialAction":[{"@type":"ReadAction","target":["https:\/\/buletin.de\/bucuresti\/aplicatia-de-vanzare-online-a-biletelor-cfr-oprita-miercuri-pentru-mentenanta\/"]}]},{"@type":"ImageObject","inLanguage":"en-GB","@id":"https:\/\/buletin.de\/bucuresti\/aplicatia-de-vanzare-online-a-biletelor-cfr-oprita-miercuri-pentru-mentenanta\/#primaryimage","url":"https:\/\/buletin.de\/bucuresti\/wp-content\/uploads\/377931367_6693707033982739_1483962074573016036_n.jpeg","contentUrl":"https:\/\/buletin.de\/bucuresti\/wp-content\/uploads\/377931367_6693707033982739_1483962074573016036_n.jpeg","width":2048,"height":922},{"@type":"BreadcrumbList","@id":"https:\/\/buletin.de\/bucuresti\/aplicatia-de-vanzare-online-a-biletelor-cfr-oprita-miercuri-pentru-mentenanta\/#breadcrumb","itemListElement":[{"@type":"ListItem","position":1,"name":"Acas\u0103","item":"https:\/\/buletin.de\/bucuresti\/"},{"@type":"ListItem","position":2,"name":"Aplica\u021bia de v\u00e2nzare online a biletelor CFR, oprit\u0103 miercuri pentru mentenan\u021b\u0103"}]},{"@type":"WebSite","@id":"https:\/\/buletin.de\/bucuresti\/#website","url":"https:\/\/buletin.de\/bucuresti\/","name":"Buletin de Bucure\u0219ti","description":"\u0218tiri \u0219i investiga\u021bii esen\u021biale din capital\u0103","publisher":{"@id":"https:\/\/buletin.de\/bucuresti\/#organization"},"potentialAction":[{"@type":"SearchAction","target":{"@type":"EntryPoint","urlTemplate":"https:\/\/buletin.de\/bucuresti\/?s={search_term_string}"},"query-input":{"@type":"PropertyValueSpecification","valueRequired":true,"valueName":"search_term_string"}}],"inLanguage":"en-GB"},{"@type":"Organization","@id":"https:\/\/buletin.de\/bucuresti\/#organization","name":"Buletin de Bucure\u0219ti","url":"https:\/\/buletin.de\/bucuresti\/","logo":{"@type":"ImageObject","inLanguage":"en-GB","@id":"https:\/\/buletin.de\/bucuresti\/#\/schema\/logo\/image\/","url":"https:\/\/buletin.de\/bucuresti\/wp-content\/uploads\/logo-bdb-full-wide-vernil-transparent.png","contentUrl":"https:\/\/buletin.de\/bucuresti\/wp-content\/uploads\/logo-bdb-full-wide-vernil-transparent.png","width":1782,"height":626,"caption":"Buletin de Bucure\u0219ti"},"image":{"@id":"https:\/\/buletin.de\/bucuresti\/#\/schema\/logo\/image\/"},"sameAs":["https:\/\/www.facebook.com\/buletin.de.buc","https:\/\/www.instagram.com\/buletinde.bucuresti\/"]},{"@type":"Person","@id":"https:\/\/buletin.de\/bucuresti\/#\/schema\/person\/7e46040573290777280a0835d81ea4ea","name":"Diana Matei","image":{"@type":"ImageObject","inLanguage":"en-GB","@id":"https:\/\/buletin.de\/bucuresti\/wp-content\/uploads\/9-2-96x96.jpg1e8590b30871d70e62ebcdaf2eff570c","url":"https:\/\/buletin.de\/bucuresti\/wp-content\/uploads\/9-2-96x96.jpg","contentUrl":"https:\/\/buletin.de\/bucuresti\/wp-content\/uploads\/9-2-96x96.jpg","caption":"Diana Matei"},"url":"https:\/\/buletin.de\/bucuresti\/author\/dianamatei\/"}]}},"authors":[{"term_id":22574,"user_id":49,"is_guest":0,"slug":"dianamatei","display_name":"Diana Matei","avatar_url":"https:\/\/buletin.de\/bucuresti\/wp-content\/uploads\/9-2-96x96.jpg","0":null,"1":"","2":"","3":"","4":"","5":"","6":"","7":"","8":""}],"_links":{"self":[{"href":"https:\/\/buletin.de\/bucuresti\/wp-json\/wp\/v2\/posts\/62632","targetHints":{"allow":["GET"]}}],"collection":[{"href":"https:\/\/buletin.de\/bucuresti\/wp-json\/wp\/v2\/posts"}],"about":[{"href":"https:\/\/buletin.de\/bucuresti\/wp-json\/wp\/v2\/types\/post"}],"author":[{"embeddable":true,"href":"https:\/\/buletin.de\/bucuresti\/wp-json\/wp\/v2\/users\/49"}],"replies":[{"embeddable":true,"href":"https:\/\/buletin.de\/bucuresti\/wp-json\/wp\/v2\/comments?post=62632"}],"version-history":[{"count":1,"href":"https:\/\/buletin.de\/bucuresti\/wp-json\/wp\/v2\/posts\/62632\/revisions"}],"predecessor-version":[{"id":62634,"href":"https:\/\/buletin.de\/bucuresti\/wp-json\/wp\/v2\/posts\/62632\/revisions\/62634"}],"wp:featuredmedia":[{"embeddable":true,"href":"https:\/\/buletin.de\/bucuresti\/wp-json\/wp\/v2\/media\/62633"}],"wp:attachment":[{"href":"https:\/\/buletin.de\/bucuresti\/wp-json\/wp\/v2\/media?parent=62632"}],"wp:term":[{"taxonomy":"category","embeddable":true,"href":"https:\/\/buletin.de\/bucuresti\/wp-json\/wp\/v2\/categories?post=62632"},{"taxonomy":"post_tag","embeddable":true,"href":"https:\/\/buletin.de\/bucuresti\/wp-json\/wp\/v2\/tags?post=62632"},{"taxonomy":"author","embeddable":true,"href":"https:\/\/buletin.de\/bucuresti\/wp-json\/wp\/v2\/ppma_author?post=62632"}],"curies":[{"name":"wp","href":"https:\/\/api.w.org\/{rel}","templated":true}]}}