{"id":62565,"date":"2023-09-16T07:12:31","date_gmt":"2023-09-16T05:12:31","guid":{"rendered":"https:\/\/buletin.de\/bucuresti\/video-grav-accident-de-circulatie-pe-soseaua-fundeni\/"},"modified":"2023-09-16T07:12:31","modified_gmt":"2023-09-16T05:12:31","slug":"video-grav-accident-de-circulatie-pe-soseaua-fundeni","status":"publish","type":"post","link":"https:\/\/buletin.de\/bucuresti\/video-grav-accident-de-circulatie-pe-soseaua-fundeni\/","title":{"rendered":"VIDEO | Grav accident de circula\u021bie pe \u0218oseaua Fundeni"},"content":{"rendered":"\n<p><strong>Un accident de circula\u021bie s-a petrecut asear\u0103 pe \u0218oseaua Fundeni. Doi motocicli\u0219ti au intrat \u00een plin \u00eentr-o ma\u0219in\u0103 care a virat neregulamentar, la st\u00e2nga<\/strong>.<\/p>\n\n\n\n<p>Accidentul s-a petrecut la intersec\u021bia dintre \u0218oseaua Fundeni \u0219i strada Teiului, \u00een jurul orei 22:49. Imaginile publicate de Prim\u0103ria Dobroe\u015fti arata c\u0103 cei doi motocicli\u0219ti se izbesc de autoturismul care a virat st\u00e2nga \u00een intersec\u021bie.&nbsp;<\/p>\n\n\n\n<p>\u201e<em>\u00cen imaginile video este surprins un accident petrecut la intersec\u021bia dintre \u0218os. Fundeni \u0219i strada Teiului. Acest tragic eveniment ne arat\u0103 din nou de ce trebuie s\u0103 respect\u0103m regulile de circula\u021bie, semnele \u0219i marcajele rutiere ! La 270 m distan\u021b\u0103 de locul unde s-a \u00eent\u00e2mplat acest eveniment s-a creat posibilitatea efectu\u0103rii virajului \u00een condi\u021bii de maxim\u0103 vizibilitate.Un eveniment ce putea fi evitat!<\/em>&#8220;, a transmis Prim\u0103ria Dobroe\u0219ti Ilfov pe pagina de Facebook.&nbsp;<\/p>\n\n\n\n<p><a href=\"https:\/\/www.facebook.com\/PrimariaDobroestioficial\/posts\/203070615960228\/\">LINK VIDEO<\/a><\/p>\n\n\n\n<p>Unul dintre motocicli\u0219ti a fost aruncat peste ma\u0219in\u0103 iar \u00een accident a fost implicat \u0219i un al treilea motociclist care venea din spatele celor doi.<\/p>\n\n\n\n<p>Impactul a dus la r\u0103nirea a doi tineri \u00een v\u00e2rst\u0103 de 18 \u0219i 17 ani, care au fost transporta\u021bi la dou\u0103 unit\u0103\u021bi spitalice\u0219ti din zon\u0103 pentru a primi \u00eengrijiri medicale. \u00cen urma testelor cu aparatul alcooltest efectuate asupra persoanelor implicate, rezultatele au indicat absen\u021ba consumului de alcool, potrivit infotraficromania.ro.<\/p>\n\n\n\n<p>Din primele informa\u021bii, accidentul s-a petrecut pe fondul reconfigur\u0103rii recente a intersec\u021biei. <\/p>\n\n\n\n<p>IPJ Ilfov a deschis un dosar penal pentru investigarea infrac\u021biunii de v\u0103t\u0103mare corporal\u0103 din culp\u0103.<\/p>\n\n\n\n<p><\/p>\n\n\n\n<p> <\/p>\n","protected":false},"excerpt":{"rendered":"<p>Un accident de circula\u021bie s-a petrecut asear\u0103 pe \u0218oseaua Fundeni. Doi motocicli\u0219ti au intrat \u00een plin \u00eentr-o ma\u0219in\u0103 care a virat neregulamentar, la st\u00e2nga. Accidentul s-a petrecut la intersec\u021bia dintre \u0218oseaua Fundeni \u0219i strada Teiului, \u00een jurul orei 22:49. Imaginile publicate de Prim\u0103ria Dobroe\u015fti arata c\u0103 cei doi motocicli\u0219ti se izbesc de autoturismul care a [&hellip;]<\/p>\n","protected":false},"author":49,"featured_media":62566,"comment_status":"open","ping_status":"open","sticky":false,"template":"","format":"standard","meta":{"_acf_changed":false,"inline_featured_image":false,"ngg_post_thumbnail":0,"footnotes":""},"categories":[62,650],"tags":[1100,2437,6968,6969,4669],"ppma_author":[22574],"class_list":["post-62565","post","type-post","status-publish","format-standard","has-post-thumbnail","hentry","category-stiri","category-transport","tag-accident","tag-dobroesti","tag-soseaua-fundeni","tag-strada-teiului","tag-video"],"acf":[],"yoast_head":"<!-- This site is optimized with the Yoast SEO Premium plugin v25.3 (Yoast SEO v27.4) - https:\/\/yoast.com\/product\/yoast-seo-premium-wordpress\/ -->\n<title>VIDEO | Grav accident de circula\u021bie pe \u0218oseaua Fundeni - Buletin de Bucure\u0219ti<\/title>\n<meta name=\"robots\" content=\"index, follow, max-snippet:-1, max-image-preview:large, max-video-preview:-1\" \/>\n<link rel=\"canonical\" href=\"https:\/\/buletin.de\/bucuresti\/video-grav-accident-de-circulatie-pe-soseaua-fundeni\/\" \/>\n<meta property=\"og:locale\" content=\"en_GB\" \/>\n<meta property=\"og:type\" content=\"article\" \/>\n<meta property=\"og:title\" content=\"VIDEO | Grav accident de circula\u021bie pe \u0218oseaua Fundeni\" \/>\n<meta property=\"og:description\" content=\"Un accident de circula\u021bie s-a petrecut asear\u0103 pe \u0218oseaua Fundeni. Doi motocicli\u0219ti au intrat \u00een plin \u00eentr-o ma\u0219in\u0103 care a virat neregulamentar, la st\u00e2nga. Accidentul s-a petrecut la intersec\u021bia dintre \u0218oseaua Fundeni \u0219i strada Teiului, \u00een jurul orei 22:49. Imaginile publicate de Prim\u0103ria Dobroe\u015fti arata c\u0103 cei doi motocicli\u0219ti se izbesc de autoturismul care a [&hellip;]\" \/>\n<meta property=\"og:url\" content=\"https:\/\/buletin.de\/bucuresti\/video-grav-accident-de-circulatie-pe-soseaua-fundeni\/\" \/>\n<meta property=\"og:site_name\" content=\"Buletin de Bucure\u0219ti\" \/>\n<meta property=\"article:publisher\" content=\"https:\/\/www.facebook.com\/buletin.de.buc\" \/>\n<meta property=\"article:published_time\" content=\"2023-09-16T05:12:31+00:00\" \/>\n<meta property=\"og:image\" content=\"https:\/\/buletin.de\/bucuresti\/wp-content\/uploads\/captura-accident.jpg\" \/>\n\t<meta property=\"og:image:width\" content=\"1053\" \/>\n\t<meta property=\"og:image:height\" content=\"596\" \/>\n\t<meta property=\"og:image:type\" content=\"image\/jpeg\" \/>\n<meta name=\"author\" content=\"Diana Matei\" \/>\n<meta name=\"twitter:card\" content=\"summary_large_image\" \/>\n<meta name=\"twitter:label1\" content=\"Written by\" \/>\n\t<meta name=\"twitter:data1\" content=\"Diana Matei\" \/>\n\t<meta name=\"twitter:label2\" content=\"Estimated reading time\" \/>\n\t<meta name=\"twitter:data2\" content=\"2 minutes\" \/>\n<script type=\"application\/ld+json\" class=\"yoast-schema-graph\">{\"@context\":\"https:\\\/\\\/schema.org\",\"@graph\":[{\"@type\":\"Article\",\"@id\":\"https:\\\/\\\/buletin.de\\\/bucuresti\\\/video-grav-accident-de-circulatie-pe-soseaua-fundeni\\\/#article\",\"isPartOf\":{\"@id\":\"https:\\\/\\\/buletin.de\\\/bucuresti\\\/video-grav-accident-de-circulatie-pe-soseaua-fundeni\\\/\"},\"author\":{\"name\":\"Diana Matei\",\"@id\":\"https:\\\/\\\/buletin.de\\\/bucuresti\\\/#\\\/schema\\\/person\\\/7e46040573290777280a0835d81ea4ea\"},\"headline\":\"VIDEO | Grav accident de circula\u021bie pe \u0218oseaua Fundeni\",\"datePublished\":\"2023-09-16T05:12:31+00:00\",\"mainEntityOfPage\":{\"@id\":\"https:\\\/\\\/buletin.de\\\/bucuresti\\\/video-grav-accident-de-circulatie-pe-soseaua-fundeni\\\/\"},\"wordCount\":273,\"commentCount\":0,\"publisher\":{\"@id\":\"https:\\\/\\\/buletin.de\\\/bucuresti\\\/#organization\"},\"image\":{\"@id\":\"https:\\\/\\\/buletin.de\\\/bucuresti\\\/video-grav-accident-de-circulatie-pe-soseaua-fundeni\\\/#primaryimage\"},\"thumbnailUrl\":\"https:\\\/\\\/buletin.de\\\/bucuresti\\\/wp-content\\\/uploads\\\/captura-accident.jpg\",\"keywords\":[\"accident\",\"dobroesti\",\"soseaua fundeni\",\"strada teiului\",\"video\"],\"articleSection\":[\"\u0218tiri\",\"Transport\"],\"inLanguage\":\"en-GB\",\"potentialAction\":[{\"@type\":\"CommentAction\",\"name\":\"Comment\",\"target\":[\"https:\\\/\\\/buletin.de\\\/bucuresti\\\/video-grav-accident-de-circulatie-pe-soseaua-fundeni\\\/#respond\"]}],\"copyrightYear\":\"2023\",\"copyrightHolder\":{\"@id\":\"https:\\\/\\\/buletin.de\\\/bucuresti\\\/#organization\"}},{\"@type\":\"WebPage\",\"@id\":\"https:\\\/\\\/buletin.de\\\/bucuresti\\\/video-grav-accident-de-circulatie-pe-soseaua-fundeni\\\/\",\"url\":\"https:\\\/\\\/buletin.de\\\/bucuresti\\\/video-grav-accident-de-circulatie-pe-soseaua-fundeni\\\/\",\"name\":\"VIDEO | Grav accident de circula\u021bie pe \u0218oseaua Fundeni - Buletin de Bucure\u0219ti\",\"isPartOf\":{\"@id\":\"https:\\\/\\\/buletin.de\\\/bucuresti\\\/#website\"},\"primaryImageOfPage\":{\"@id\":\"https:\\\/\\\/buletin.de\\\/bucuresti\\\/video-grav-accident-de-circulatie-pe-soseaua-fundeni\\\/#primaryimage\"},\"image\":{\"@id\":\"https:\\\/\\\/buletin.de\\\/bucuresti\\\/video-grav-accident-de-circulatie-pe-soseaua-fundeni\\\/#primaryimage\"},\"thumbnailUrl\":\"https:\\\/\\\/buletin.de\\\/bucuresti\\\/wp-content\\\/uploads\\\/captura-accident.jpg\",\"datePublished\":\"2023-09-16T05:12:31+00:00\",\"breadcrumb\":{\"@id\":\"https:\\\/\\\/buletin.de\\\/bucuresti\\\/video-grav-accident-de-circulatie-pe-soseaua-fundeni\\\/#breadcrumb\"},\"inLanguage\":\"en-GB\",\"potentialAction\":[{\"@type\":\"ReadAction\",\"target\":[\"https:\\\/\\\/buletin.de\\\/bucuresti\\\/video-grav-accident-de-circulatie-pe-soseaua-fundeni\\\/\"]}]},{\"@type\":\"ImageObject\",\"inLanguage\":\"en-GB\",\"@id\":\"https:\\\/\\\/buletin.de\\\/bucuresti\\\/video-grav-accident-de-circulatie-pe-soseaua-fundeni\\\/#primaryimage\",\"url\":\"https:\\\/\\\/buletin.de\\\/bucuresti\\\/wp-content\\\/uploads\\\/captura-accident.jpg\",\"contentUrl\":\"https:\\\/\\\/buletin.de\\\/bucuresti\\\/wp-content\\\/uploads\\\/captura-accident.jpg\",\"width\":1053,\"height\":596},{\"@type\":\"BreadcrumbList\",\"@id\":\"https:\\\/\\\/buletin.de\\\/bucuresti\\\/video-grav-accident-de-circulatie-pe-soseaua-fundeni\\\/#breadcrumb\",\"itemListElement\":[{\"@type\":\"ListItem\",\"position\":1,\"name\":\"Acas\u0103\",\"item\":\"https:\\\/\\\/buletin.de\\\/bucuresti\\\/\"},{\"@type\":\"ListItem\",\"position\":2,\"name\":\"VIDEO | Grav accident de circula\u021bie pe \u0218oseaua Fundeni\"}]},{\"@type\":\"WebSite\",\"@id\":\"https:\\\/\\\/buletin.de\\\/bucuresti\\\/#website\",\"url\":\"https:\\\/\\\/buletin.de\\\/bucuresti\\\/\",\"name\":\"Buletin de Bucure\u0219ti\",\"description\":\"\u0218tiri \u0219i investiga\u021bii esen\u021biale din capital\u0103\",\"publisher\":{\"@id\":\"https:\\\/\\\/buletin.de\\\/bucuresti\\\/#organization\"},\"potentialAction\":[{\"@type\":\"SearchAction\",\"target\":{\"@type\":\"EntryPoint\",\"urlTemplate\":\"https:\\\/\\\/buletin.de\\\/bucuresti\\\/?s={search_term_string}\"},\"query-input\":{\"@type\":\"PropertyValueSpecification\",\"valueRequired\":true,\"valueName\":\"search_term_string\"}}],\"inLanguage\":\"en-GB\"},{\"@type\":\"Organization\",\"@id\":\"https:\\\/\\\/buletin.de\\\/bucuresti\\\/#organization\",\"name\":\"Buletin de Bucure\u0219ti\",\"url\":\"https:\\\/\\\/buletin.de\\\/bucuresti\\\/\",\"logo\":{\"@type\":\"ImageObject\",\"inLanguage\":\"en-GB\",\"@id\":\"https:\\\/\\\/buletin.de\\\/bucuresti\\\/#\\\/schema\\\/logo\\\/image\\\/\",\"url\":\"https:\\\/\\\/buletin.de\\\/bucuresti\\\/wp-content\\\/uploads\\\/logo-bdb-full-wide-vernil-transparent.png\",\"contentUrl\":\"https:\\\/\\\/buletin.de\\\/bucuresti\\\/wp-content\\\/uploads\\\/logo-bdb-full-wide-vernil-transparent.png\",\"width\":1782,\"height\":626,\"caption\":\"Buletin de Bucure\u0219ti\"},\"image\":{\"@id\":\"https:\\\/\\\/buletin.de\\\/bucuresti\\\/#\\\/schema\\\/logo\\\/image\\\/\"},\"sameAs\":[\"https:\\\/\\\/www.facebook.com\\\/buletin.de.buc\",\"https:\\\/\\\/www.instagram.com\\\/buletinde.bucuresti\\\/\"]},{\"@type\":\"Person\",\"@id\":\"https:\\\/\\\/buletin.de\\\/bucuresti\\\/#\\\/schema\\\/person\\\/7e46040573290777280a0835d81ea4ea\",\"name\":\"Diana Matei\",\"image\":{\"@type\":\"ImageObject\",\"inLanguage\":\"en-GB\",\"@id\":\"https:\\\/\\\/buletin.de\\\/bucuresti\\\/wp-content\\\/uploads\\\/9-2-96x96.jpg1e8590b30871d70e62ebcdaf2eff570c\",\"url\":\"https:\\\/\\\/buletin.de\\\/bucuresti\\\/wp-content\\\/uploads\\\/9-2-96x96.jpg\",\"contentUrl\":\"https:\\\/\\\/buletin.de\\\/bucuresti\\\/wp-content\\\/uploads\\\/9-2-96x96.jpg\",\"caption\":\"Diana Matei\"},\"url\":\"https:\\\/\\\/buletin.de\\\/bucuresti\\\/author\\\/dianamatei\\\/\"}]}<\/script>\n<!-- \/ Yoast SEO Premium plugin. -->","yoast_head_json":{"title":"VIDEO | Grav accident de circula\u021bie pe \u0218oseaua Fundeni - Buletin de Bucure\u0219ti","robots":{"index":"index","follow":"follow","max-snippet":"max-snippet:-1","max-image-preview":"max-image-preview:large","max-video-preview":"max-video-preview:-1"},"canonical":"https:\/\/buletin.de\/bucuresti\/video-grav-accident-de-circulatie-pe-soseaua-fundeni\/","og_locale":"en_GB","og_type":"article","og_title":"VIDEO | Grav accident de circula\u021bie pe \u0218oseaua Fundeni","og_description":"Un accident de circula\u021bie s-a petrecut asear\u0103 pe \u0218oseaua Fundeni. Doi motocicli\u0219ti au intrat \u00een plin \u00eentr-o ma\u0219in\u0103 care a virat neregulamentar, la st\u00e2nga. Accidentul s-a petrecut la intersec\u021bia dintre \u0218oseaua Fundeni \u0219i strada Teiului, \u00een jurul orei 22:49. Imaginile publicate de Prim\u0103ria Dobroe\u015fti arata c\u0103 cei doi motocicli\u0219ti se izbesc de autoturismul care a [&hellip;]","og_url":"https:\/\/buletin.de\/bucuresti\/video-grav-accident-de-circulatie-pe-soseaua-fundeni\/","og_site_name":"Buletin de Bucure\u0219ti","article_publisher":"https:\/\/www.facebook.com\/buletin.de.buc","article_published_time":"2023-09-16T05:12:31+00:00","og_image":[{"width":1053,"height":596,"url":"https:\/\/buletin.de\/bucuresti\/wp-content\/uploads\/captura-accident.jpg","type":"image\/jpeg"}],"author":"Diana Matei","twitter_card":"summary_large_image","twitter_misc":{"Written by":"Diana Matei","Estimated reading time":"2 minutes"},"schema":{"@context":"https:\/\/schema.org","@graph":[{"@type":"Article","@id":"https:\/\/buletin.de\/bucuresti\/video-grav-accident-de-circulatie-pe-soseaua-fundeni\/#article","isPartOf":{"@id":"https:\/\/buletin.de\/bucuresti\/video-grav-accident-de-circulatie-pe-soseaua-fundeni\/"},"author":{"name":"Diana Matei","@id":"https:\/\/buletin.de\/bucuresti\/#\/schema\/person\/7e46040573290777280a0835d81ea4ea"},"headline":"VIDEO | Grav accident de circula\u021bie pe \u0218oseaua Fundeni","datePublished":"2023-09-16T05:12:31+00:00","mainEntityOfPage":{"@id":"https:\/\/buletin.de\/bucuresti\/video-grav-accident-de-circulatie-pe-soseaua-fundeni\/"},"wordCount":273,"commentCount":0,"publisher":{"@id":"https:\/\/buletin.de\/bucuresti\/#organization"},"image":{"@id":"https:\/\/buletin.de\/bucuresti\/video-grav-accident-de-circulatie-pe-soseaua-fundeni\/#primaryimage"},"thumbnailUrl":"https:\/\/buletin.de\/bucuresti\/wp-content\/uploads\/captura-accident.jpg","keywords":["accident","dobroesti","soseaua fundeni","strada teiului","video"],"articleSection":["\u0218tiri","Transport"],"inLanguage":"en-GB","potentialAction":[{"@type":"CommentAction","name":"Comment","target":["https:\/\/buletin.de\/bucuresti\/video-grav-accident-de-circulatie-pe-soseaua-fundeni\/#respond"]}],"copyrightYear":"2023","copyrightHolder":{"@id":"https:\/\/buletin.de\/bucuresti\/#organization"}},{"@type":"WebPage","@id":"https:\/\/buletin.de\/bucuresti\/video-grav-accident-de-circulatie-pe-soseaua-fundeni\/","url":"https:\/\/buletin.de\/bucuresti\/video-grav-accident-de-circulatie-pe-soseaua-fundeni\/","name":"VIDEO | Grav accident de circula\u021bie pe \u0218oseaua Fundeni - Buletin de Bucure\u0219ti","isPartOf":{"@id":"https:\/\/buletin.de\/bucuresti\/#website"},"primaryImageOfPage":{"@id":"https:\/\/buletin.de\/bucuresti\/video-grav-accident-de-circulatie-pe-soseaua-fundeni\/#primaryimage"},"image":{"@id":"https:\/\/buletin.de\/bucuresti\/video-grav-accident-de-circulatie-pe-soseaua-fundeni\/#primaryimage"},"thumbnailUrl":"https:\/\/buletin.de\/bucuresti\/wp-content\/uploads\/captura-accident.jpg","datePublished":"2023-09-16T05:12:31+00:00","breadcrumb":{"@id":"https:\/\/buletin.de\/bucuresti\/video-grav-accident-de-circulatie-pe-soseaua-fundeni\/#breadcrumb"},"inLanguage":"en-GB","potentialAction":[{"@type":"ReadAction","target":["https:\/\/buletin.de\/bucuresti\/video-grav-accident-de-circulatie-pe-soseaua-fundeni\/"]}]},{"@type":"ImageObject","inLanguage":"en-GB","@id":"https:\/\/buletin.de\/bucuresti\/video-grav-accident-de-circulatie-pe-soseaua-fundeni\/#primaryimage","url":"https:\/\/buletin.de\/bucuresti\/wp-content\/uploads\/captura-accident.jpg","contentUrl":"https:\/\/buletin.de\/bucuresti\/wp-content\/uploads\/captura-accident.jpg","width":1053,"height":596},{"@type":"BreadcrumbList","@id":"https:\/\/buletin.de\/bucuresti\/video-grav-accident-de-circulatie-pe-soseaua-fundeni\/#breadcrumb","itemListElement":[{"@type":"ListItem","position":1,"name":"Acas\u0103","item":"https:\/\/buletin.de\/bucuresti\/"},{"@type":"ListItem","position":2,"name":"VIDEO | Grav accident de circula\u021bie pe \u0218oseaua Fundeni"}]},{"@type":"WebSite","@id":"https:\/\/buletin.de\/bucuresti\/#website","url":"https:\/\/buletin.de\/bucuresti\/","name":"Buletin de Bucure\u0219ti","description":"\u0218tiri \u0219i investiga\u021bii esen\u021biale din capital\u0103","publisher":{"@id":"https:\/\/buletin.de\/bucuresti\/#organization"},"potentialAction":[{"@type":"SearchAction","target":{"@type":"EntryPoint","urlTemplate":"https:\/\/buletin.de\/bucuresti\/?s={search_term_string}"},"query-input":{"@type":"PropertyValueSpecification","valueRequired":true,"valueName":"search_term_string"}}],"inLanguage":"en-GB"},{"@type":"Organization","@id":"https:\/\/buletin.de\/bucuresti\/#organization","name":"Buletin de Bucure\u0219ti","url":"https:\/\/buletin.de\/bucuresti\/","logo":{"@type":"ImageObject","inLanguage":"en-GB","@id":"https:\/\/buletin.de\/bucuresti\/#\/schema\/logo\/image\/","url":"https:\/\/buletin.de\/bucuresti\/wp-content\/uploads\/logo-bdb-full-wide-vernil-transparent.png","contentUrl":"https:\/\/buletin.de\/bucuresti\/wp-content\/uploads\/logo-bdb-full-wide-vernil-transparent.png","width":1782,"height":626,"caption":"Buletin de Bucure\u0219ti"},"image":{"@id":"https:\/\/buletin.de\/bucuresti\/#\/schema\/logo\/image\/"},"sameAs":["https:\/\/www.facebook.com\/buletin.de.buc","https:\/\/www.instagram.com\/buletinde.bucuresti\/"]},{"@type":"Person","@id":"https:\/\/buletin.de\/bucuresti\/#\/schema\/person\/7e46040573290777280a0835d81ea4ea","name":"Diana Matei","image":{"@type":"ImageObject","inLanguage":"en-GB","@id":"https:\/\/buletin.de\/bucuresti\/wp-content\/uploads\/9-2-96x96.jpg1e8590b30871d70e62ebcdaf2eff570c","url":"https:\/\/buletin.de\/bucuresti\/wp-content\/uploads\/9-2-96x96.jpg","contentUrl":"https:\/\/buletin.de\/bucuresti\/wp-content\/uploads\/9-2-96x96.jpg","caption":"Diana Matei"},"url":"https:\/\/buletin.de\/bucuresti\/author\/dianamatei\/"}]}},"authors":[{"term_id":22574,"user_id":49,"is_guest":0,"slug":"dianamatei","display_name":"Diana Matei","avatar_url":"https:\/\/buletin.de\/bucuresti\/wp-content\/uploads\/9-2-96x96.jpg","0":null,"1":"","2":"","3":"","4":"","5":"","6":"","7":"","8":""}],"_links":{"self":[{"href":"https:\/\/buletin.de\/bucuresti\/wp-json\/wp\/v2\/posts\/62565","targetHints":{"allow":["GET"]}}],"collection":[{"href":"https:\/\/buletin.de\/bucuresti\/wp-json\/wp\/v2\/posts"}],"about":[{"href":"https:\/\/buletin.de\/bucuresti\/wp-json\/wp\/v2\/types\/post"}],"author":[{"embeddable":true,"href":"https:\/\/buletin.de\/bucuresti\/wp-json\/wp\/v2\/users\/49"}],"replies":[{"embeddable":true,"href":"https:\/\/buletin.de\/bucuresti\/wp-json\/wp\/v2\/comments?post=62565"}],"version-history":[{"count":0,"href":"https:\/\/buletin.de\/bucuresti\/wp-json\/wp\/v2\/posts\/62565\/revisions"}],"wp:featuredmedia":[{"embeddable":true,"href":"https:\/\/buletin.de\/bucuresti\/wp-json\/wp\/v2\/media\/62566"}],"wp:attachment":[{"href":"https:\/\/buletin.de\/bucuresti\/wp-json\/wp\/v2\/media?parent=62565"}],"wp:term":[{"taxonomy":"category","embeddable":true,"href":"https:\/\/buletin.de\/bucuresti\/wp-json\/wp\/v2\/categories?post=62565"},{"taxonomy":"post_tag","embeddable":true,"href":"https:\/\/buletin.de\/bucuresti\/wp-json\/wp\/v2\/tags?post=62565"},{"taxonomy":"author","embeddable":true,"href":"https:\/\/buletin.de\/bucuresti\/wp-json\/wp\/v2\/ppma_author?post=62565"}],"curies":[{"name":"wp","href":"https:\/\/api.w.org\/{rel}","templated":true}]}}