{"id":62560,"date":"2023-09-16T05:22:32","date_gmt":"2023-09-16T03:22:32","guid":{"rendered":"https:\/\/buletin.de\/bucuresti\/concerte-gratuite-in-piata-george-enescu\/"},"modified":"2023-09-20T12:03:06","modified_gmt":"2023-09-20T10:03:06","slug":"concerte-gratuite-in-piata-george-enescu","status":"publish","type":"post","link":"https:\/\/buletin.de\/bucuresti\/concerte-gratuite-in-piata-george-enescu\/","title":{"rendered":"Concerte gratuite \u00een Pia\u0163a George Enescu"},"content":{"rendered":"\n<p><strong>Timp de opt zile, Prim\u0103ria Capitalei, prin ARCUB \u2013 Centrul Cultural al Municipiului Bucure\u015fti organizeaz\u0103, \u00een parteneriat cu ARTEXIM, concertele din Pia\u0163a George Enescu. Acestea au loc \u00een perioada 17 \u2013 24 septembrie. <\/strong><\/p>\n\n\n\n<p>Programul debuteaz\u0103 duminic\u0103, 17 septembrie, la ora 20:00 cu concertul Orchestrei Filarmonicii de Stat \u2018\u2019Dinu Lipatti\u2019\u2019 din Satu Mare.<\/p>\n\n\n\n<p>Pe 18 septembrie programul se deschide la ora 19:00 cu Opereta Stars (Bianca Ionescu, Andrei Laz\u0103r, Gabriela&nbsp; Daha, Valentino Tiron, Anton Zidaru, la pian Alexandru Mihai Burc\u0103) urmat de un recital cameral.<\/p>\n\n\n\n<p>Trei concerte vor avea loc \u00een Pia\u0163a Festivalului pe&nbsp;19 septembrie:<\/p>\n\n\n\n<ul class=\"wp-block-list\">\n<li>recitalul bursierilor Funda\u0163iei Regale Margareta a Rom\u00e2niei de la ora 19:00; <\/li>\n\n\n\n<li>recitalul de pian al M\u0103d\u0103linei Pa\u015fol de la ora 20:00;<\/li>\n\n\n\n<li>concertul flautistului Matei Ioachimescu, de la ora 21:00.<\/li>\n<\/ul>\n\n\n\n<p>Pe 20 septembrie, va avea loc evenimentul \u201cDe la muzica Rena\u015fterii la muzica Clasic\u0103 \u015fi Electronic\u0103\u201d. Vor concerta, de la ora 19:00, Corul de camer\u0103 \u201ePreludiu \u2013 Voicu En\u0103chescu\u201d, Trio AEDEA \u015fi Paul Ilea cu concertul \u201eSync The Classics\u201d \u00eencep\u00e2nd cu ora 21:00.<\/p>\n\n\n\n<p>Programul din Pia\u0163a Festivalului continu\u0103&nbsp;joi,<strong> <\/strong>21 septembrie,&nbsp;de la ora 20:00, cu concertul Orchestrei Filarmonicii Na\u0163ionale \u2018\u2019Serghei Lunchevici\u2019\u2019 din Republica Moldova.<\/p>\n\n\n\n<p>Ultimul weekend al Festivalului Interna\u0163ional \u201eGeorge Enescu\u201d \u00eencepe \u00een Pia\u0163a Festivalului cu concertul Big Band Radio Rom\u00e2nia, dirijat de Simona Strungaru,&nbsp;vineri, 22 septembrie, de la ora 20:00. <\/p>\n\n\n\n<p>Seara de s\u00e2mb\u0103t\u0103, 21 septembrie, va fi dedicat\u0103 concertului Orchestrei Simfonice a Filarmonicii \u2018\u2019Ion Dumitrescu\u2019\u2019 iar  concertul de \u00eenchidere a Pie\u0163ei Festivalului,&nbsp;de duminic\u0103, 24 septembrie, de la ora 20:00, va fi cel al Orchestrei \u2018\u2019Camerata Regal\u0103\u2019\u2019 dirijat\u0103 de Constantin Grigore, care \u00eel va avea al\u0103turi pe Zoli Toth.<\/p>\n","protected":false},"excerpt":{"rendered":"<p>Timp de opt zile, Prim\u0103ria Capitalei, prin ARCUB \u2013 Centrul Cultural al Municipiului Bucure\u015fti organizeaz\u0103, \u00een parteneriat cu ARTEXIM, concertele din Pia\u0163a George Enescu. Acestea au loc \u00een perioada 17 \u2013 24 septembrie. Programul debuteaz\u0103 duminic\u0103, 17 septembrie, la ora 20:00 cu concertul Orchestrei Filarmonicii de Stat \u2018\u2019Dinu Lipatti\u2019\u2019 din Satu Mare. Pe 18 septembrie [&hellip;]<\/p>\n","protected":false},"author":49,"featured_media":62561,"comment_status":"open","ping_status":"open","sticky":false,"template":"","format":"standard","meta":{"_acf_changed":false,"inline_featured_image":false,"ngg_post_thumbnail":0,"footnotes":""},"categories":[6994,81],"tags":[6966,6801,6967],"ppma_author":[22574],"class_list":["post-62560","post","type-post","status-publish","format-standard","has-post-thumbnail","hentry","category-stiri-2","category-cultura","tag-big-band-radio","tag-george-enescu","tag-piata-george-enescu"],"acf":[],"yoast_head":"<!-- This site is optimized with the Yoast SEO Premium plugin v25.3 (Yoast SEO v27.4) - https:\/\/yoast.com\/product\/yoast-seo-premium-wordpress\/ -->\n<title>Concerte gratuite \u00een Pia\u0163a George Enescu - Buletin de Bucure\u0219ti<\/title>\n<meta name=\"robots\" content=\"index, follow, max-snippet:-1, max-image-preview:large, max-video-preview:-1\" \/>\n<link rel=\"canonical\" href=\"https:\/\/buletin.de\/bucuresti\/concerte-gratuite-in-piata-george-enescu\/\" \/>\n<meta property=\"og:locale\" content=\"en_GB\" \/>\n<meta property=\"og:type\" content=\"article\" \/>\n<meta property=\"og:title\" content=\"Concerte gratuite \u00een Pia\u0163a George Enescu\" \/>\n<meta property=\"og:description\" content=\"Timp de opt zile, Prim\u0103ria Capitalei, prin ARCUB \u2013 Centrul Cultural al Municipiului Bucure\u015fti organizeaz\u0103, \u00een parteneriat cu ARTEXIM, concertele din Pia\u0163a George Enescu. Acestea au loc \u00een perioada 17 \u2013 24 septembrie. Programul debuteaz\u0103 duminic\u0103, 17 septembrie, la ora 20:00 cu concertul Orchestrei Filarmonicii de Stat \u2018\u2019Dinu Lipatti\u2019\u2019 din Satu Mare. Pe 18 septembrie [&hellip;]\" \/>\n<meta property=\"og:url\" content=\"https:\/\/buletin.de\/bucuresti\/concerte-gratuite-in-piata-george-enescu\/\" \/>\n<meta property=\"og:site_name\" content=\"Buletin de Bucure\u0219ti\" \/>\n<meta property=\"article:publisher\" content=\"https:\/\/www.facebook.com\/buletin.de.buc\" \/>\n<meta property=\"article:published_time\" content=\"2023-09-16T03:22:32+00:00\" \/>\n<meta property=\"article:modified_time\" content=\"2023-09-20T10:03:06+00:00\" \/>\n<meta property=\"og:image\" content=\"https:\/\/buletin.de\/bucuresti\/wp-content\/uploads\/ateneu.jpeg\" \/>\n\t<meta property=\"og:image:width\" content=\"2048\" \/>\n\t<meta property=\"og:image:height\" content=\"1152\" \/>\n\t<meta property=\"og:image:type\" content=\"image\/jpeg\" \/>\n<meta name=\"author\" content=\"Diana Matei\" \/>\n<meta name=\"twitter:card\" content=\"summary_large_image\" \/>\n<meta name=\"twitter:label1\" content=\"Written by\" \/>\n\t<meta name=\"twitter:data1\" content=\"Diana Matei\" \/>\n\t<meta name=\"twitter:label2\" content=\"Estimated reading time\" \/>\n\t<meta name=\"twitter:data2\" content=\"2 minutes\" \/>\n<script type=\"application\/ld+json\" class=\"yoast-schema-graph\">{\"@context\":\"https:\\\/\\\/schema.org\",\"@graph\":[{\"@type\":\"Article\",\"@id\":\"https:\\\/\\\/buletin.de\\\/bucuresti\\\/concerte-gratuite-in-piata-george-enescu\\\/#article\",\"isPartOf\":{\"@id\":\"https:\\\/\\\/buletin.de\\\/bucuresti\\\/concerte-gratuite-in-piata-george-enescu\\\/\"},\"author\":{\"name\":\"Diana Matei\",\"@id\":\"https:\\\/\\\/buletin.de\\\/bucuresti\\\/#\\\/schema\\\/person\\\/7e46040573290777280a0835d81ea4ea\"},\"headline\":\"Concerte gratuite \u00een Pia\u0163a George Enescu\",\"datePublished\":\"2023-09-16T03:22:32+00:00\",\"dateModified\":\"2023-09-20T10:03:06+00:00\",\"mainEntityOfPage\":{\"@id\":\"https:\\\/\\\/buletin.de\\\/bucuresti\\\/concerte-gratuite-in-piata-george-enescu\\\/\"},\"wordCount\":278,\"commentCount\":0,\"publisher\":{\"@id\":\"https:\\\/\\\/buletin.de\\\/bucuresti\\\/#organization\"},\"image\":{\"@id\":\"https:\\\/\\\/buletin.de\\\/bucuresti\\\/concerte-gratuite-in-piata-george-enescu\\\/#primaryimage\"},\"thumbnailUrl\":\"https:\\\/\\\/buletin.de\\\/bucuresti\\\/wp-content\\\/uploads\\\/ateneu.jpeg\",\"keywords\":[\"big band radio\",\"george enescu\",\"piata george enescu\"],\"articleSection\":[\"Articole\",\"Cultur\u0103\"],\"inLanguage\":\"en-GB\",\"potentialAction\":[{\"@type\":\"CommentAction\",\"name\":\"Comment\",\"target\":[\"https:\\\/\\\/buletin.de\\\/bucuresti\\\/concerte-gratuite-in-piata-george-enescu\\\/#respond\"]}],\"copyrightYear\":\"2023\",\"copyrightHolder\":{\"@id\":\"https:\\\/\\\/buletin.de\\\/bucuresti\\\/#organization\"}},{\"@type\":\"WebPage\",\"@id\":\"https:\\\/\\\/buletin.de\\\/bucuresti\\\/concerte-gratuite-in-piata-george-enescu\\\/\",\"url\":\"https:\\\/\\\/buletin.de\\\/bucuresti\\\/concerte-gratuite-in-piata-george-enescu\\\/\",\"name\":\"Concerte gratuite \u00een Pia\u0163a George Enescu - Buletin de Bucure\u0219ti\",\"isPartOf\":{\"@id\":\"https:\\\/\\\/buletin.de\\\/bucuresti\\\/#website\"},\"primaryImageOfPage\":{\"@id\":\"https:\\\/\\\/buletin.de\\\/bucuresti\\\/concerte-gratuite-in-piata-george-enescu\\\/#primaryimage\"},\"image\":{\"@id\":\"https:\\\/\\\/buletin.de\\\/bucuresti\\\/concerte-gratuite-in-piata-george-enescu\\\/#primaryimage\"},\"thumbnailUrl\":\"https:\\\/\\\/buletin.de\\\/bucuresti\\\/wp-content\\\/uploads\\\/ateneu.jpeg\",\"datePublished\":\"2023-09-16T03:22:32+00:00\",\"dateModified\":\"2023-09-20T10:03:06+00:00\",\"breadcrumb\":{\"@id\":\"https:\\\/\\\/buletin.de\\\/bucuresti\\\/concerte-gratuite-in-piata-george-enescu\\\/#breadcrumb\"},\"inLanguage\":\"en-GB\",\"potentialAction\":[{\"@type\":\"ReadAction\",\"target\":[\"https:\\\/\\\/buletin.de\\\/bucuresti\\\/concerte-gratuite-in-piata-george-enescu\\\/\"]}]},{\"@type\":\"ImageObject\",\"inLanguage\":\"en-GB\",\"@id\":\"https:\\\/\\\/buletin.de\\\/bucuresti\\\/concerte-gratuite-in-piata-george-enescu\\\/#primaryimage\",\"url\":\"https:\\\/\\\/buletin.de\\\/bucuresti\\\/wp-content\\\/uploads\\\/ateneu.jpeg\",\"contentUrl\":\"https:\\\/\\\/buletin.de\\\/bucuresti\\\/wp-content\\\/uploads\\\/ateneu.jpeg\",\"width\":2048,\"height\":1152},{\"@type\":\"BreadcrumbList\",\"@id\":\"https:\\\/\\\/buletin.de\\\/bucuresti\\\/concerte-gratuite-in-piata-george-enescu\\\/#breadcrumb\",\"itemListElement\":[{\"@type\":\"ListItem\",\"position\":1,\"name\":\"Acas\u0103\",\"item\":\"https:\\\/\\\/buletin.de\\\/bucuresti\\\/\"},{\"@type\":\"ListItem\",\"position\":2,\"name\":\"Concerte gratuite \u00een Pia\u0163a George Enescu\"}]},{\"@type\":\"WebSite\",\"@id\":\"https:\\\/\\\/buletin.de\\\/bucuresti\\\/#website\",\"url\":\"https:\\\/\\\/buletin.de\\\/bucuresti\\\/\",\"name\":\"Buletin de Bucure\u0219ti\",\"description\":\"\u0218tiri \u0219i investiga\u021bii esen\u021biale din capital\u0103\",\"publisher\":{\"@id\":\"https:\\\/\\\/buletin.de\\\/bucuresti\\\/#organization\"},\"potentialAction\":[{\"@type\":\"SearchAction\",\"target\":{\"@type\":\"EntryPoint\",\"urlTemplate\":\"https:\\\/\\\/buletin.de\\\/bucuresti\\\/?s={search_term_string}\"},\"query-input\":{\"@type\":\"PropertyValueSpecification\",\"valueRequired\":true,\"valueName\":\"search_term_string\"}}],\"inLanguage\":\"en-GB\"},{\"@type\":\"Organization\",\"@id\":\"https:\\\/\\\/buletin.de\\\/bucuresti\\\/#organization\",\"name\":\"Buletin de Bucure\u0219ti\",\"url\":\"https:\\\/\\\/buletin.de\\\/bucuresti\\\/\",\"logo\":{\"@type\":\"ImageObject\",\"inLanguage\":\"en-GB\",\"@id\":\"https:\\\/\\\/buletin.de\\\/bucuresti\\\/#\\\/schema\\\/logo\\\/image\\\/\",\"url\":\"https:\\\/\\\/buletin.de\\\/bucuresti\\\/wp-content\\\/uploads\\\/logo-bdb-full-wide-vernil-transparent.png\",\"contentUrl\":\"https:\\\/\\\/buletin.de\\\/bucuresti\\\/wp-content\\\/uploads\\\/logo-bdb-full-wide-vernil-transparent.png\",\"width\":1782,\"height\":626,\"caption\":\"Buletin de Bucure\u0219ti\"},\"image\":{\"@id\":\"https:\\\/\\\/buletin.de\\\/bucuresti\\\/#\\\/schema\\\/logo\\\/image\\\/\"},\"sameAs\":[\"https:\\\/\\\/www.facebook.com\\\/buletin.de.buc\",\"https:\\\/\\\/www.instagram.com\\\/buletinde.bucuresti\\\/\"]},{\"@type\":\"Person\",\"@id\":\"https:\\\/\\\/buletin.de\\\/bucuresti\\\/#\\\/schema\\\/person\\\/7e46040573290777280a0835d81ea4ea\",\"name\":\"Diana Matei\",\"image\":{\"@type\":\"ImageObject\",\"inLanguage\":\"en-GB\",\"@id\":\"https:\\\/\\\/buletin.de\\\/bucuresti\\\/wp-content\\\/uploads\\\/9-2-96x96.jpg1e8590b30871d70e62ebcdaf2eff570c\",\"url\":\"https:\\\/\\\/buletin.de\\\/bucuresti\\\/wp-content\\\/uploads\\\/9-2-96x96.jpg\",\"contentUrl\":\"https:\\\/\\\/buletin.de\\\/bucuresti\\\/wp-content\\\/uploads\\\/9-2-96x96.jpg\",\"caption\":\"Diana Matei\"},\"url\":\"https:\\\/\\\/buletin.de\\\/bucuresti\\\/author\\\/dianamatei\\\/\"}]}<\/script>\n<!-- \/ Yoast SEO Premium plugin. -->","yoast_head_json":{"title":"Concerte gratuite \u00een Pia\u0163a George Enescu - Buletin de Bucure\u0219ti","robots":{"index":"index","follow":"follow","max-snippet":"max-snippet:-1","max-image-preview":"max-image-preview:large","max-video-preview":"max-video-preview:-1"},"canonical":"https:\/\/buletin.de\/bucuresti\/concerte-gratuite-in-piata-george-enescu\/","og_locale":"en_GB","og_type":"article","og_title":"Concerte gratuite \u00een Pia\u0163a George Enescu","og_description":"Timp de opt zile, Prim\u0103ria Capitalei, prin ARCUB \u2013 Centrul Cultural al Municipiului Bucure\u015fti organizeaz\u0103, \u00een parteneriat cu ARTEXIM, concertele din Pia\u0163a George Enescu. Acestea au loc \u00een perioada 17 \u2013 24 septembrie. Programul debuteaz\u0103 duminic\u0103, 17 septembrie, la ora 20:00 cu concertul Orchestrei Filarmonicii de Stat \u2018\u2019Dinu Lipatti\u2019\u2019 din Satu Mare. Pe 18 septembrie [&hellip;]","og_url":"https:\/\/buletin.de\/bucuresti\/concerte-gratuite-in-piata-george-enescu\/","og_site_name":"Buletin de Bucure\u0219ti","article_publisher":"https:\/\/www.facebook.com\/buletin.de.buc","article_published_time":"2023-09-16T03:22:32+00:00","article_modified_time":"2023-09-20T10:03:06+00:00","og_image":[{"width":2048,"height":1152,"url":"https:\/\/buletin.de\/bucuresti\/wp-content\/uploads\/ateneu.jpeg","type":"image\/jpeg"}],"author":"Diana Matei","twitter_card":"summary_large_image","twitter_misc":{"Written by":"Diana Matei","Estimated reading time":"2 minutes"},"schema":{"@context":"https:\/\/schema.org","@graph":[{"@type":"Article","@id":"https:\/\/buletin.de\/bucuresti\/concerte-gratuite-in-piata-george-enescu\/#article","isPartOf":{"@id":"https:\/\/buletin.de\/bucuresti\/concerte-gratuite-in-piata-george-enescu\/"},"author":{"name":"Diana Matei","@id":"https:\/\/buletin.de\/bucuresti\/#\/schema\/person\/7e46040573290777280a0835d81ea4ea"},"headline":"Concerte gratuite \u00een Pia\u0163a George Enescu","datePublished":"2023-09-16T03:22:32+00:00","dateModified":"2023-09-20T10:03:06+00:00","mainEntityOfPage":{"@id":"https:\/\/buletin.de\/bucuresti\/concerte-gratuite-in-piata-george-enescu\/"},"wordCount":278,"commentCount":0,"publisher":{"@id":"https:\/\/buletin.de\/bucuresti\/#organization"},"image":{"@id":"https:\/\/buletin.de\/bucuresti\/concerte-gratuite-in-piata-george-enescu\/#primaryimage"},"thumbnailUrl":"https:\/\/buletin.de\/bucuresti\/wp-content\/uploads\/ateneu.jpeg","keywords":["big band radio","george enescu","piata george enescu"],"articleSection":["Articole","Cultur\u0103"],"inLanguage":"en-GB","potentialAction":[{"@type":"CommentAction","name":"Comment","target":["https:\/\/buletin.de\/bucuresti\/concerte-gratuite-in-piata-george-enescu\/#respond"]}],"copyrightYear":"2023","copyrightHolder":{"@id":"https:\/\/buletin.de\/bucuresti\/#organization"}},{"@type":"WebPage","@id":"https:\/\/buletin.de\/bucuresti\/concerte-gratuite-in-piata-george-enescu\/","url":"https:\/\/buletin.de\/bucuresti\/concerte-gratuite-in-piata-george-enescu\/","name":"Concerte gratuite \u00een Pia\u0163a George Enescu - Buletin de Bucure\u0219ti","isPartOf":{"@id":"https:\/\/buletin.de\/bucuresti\/#website"},"primaryImageOfPage":{"@id":"https:\/\/buletin.de\/bucuresti\/concerte-gratuite-in-piata-george-enescu\/#primaryimage"},"image":{"@id":"https:\/\/buletin.de\/bucuresti\/concerte-gratuite-in-piata-george-enescu\/#primaryimage"},"thumbnailUrl":"https:\/\/buletin.de\/bucuresti\/wp-content\/uploads\/ateneu.jpeg","datePublished":"2023-09-16T03:22:32+00:00","dateModified":"2023-09-20T10:03:06+00:00","breadcrumb":{"@id":"https:\/\/buletin.de\/bucuresti\/concerte-gratuite-in-piata-george-enescu\/#breadcrumb"},"inLanguage":"en-GB","potentialAction":[{"@type":"ReadAction","target":["https:\/\/buletin.de\/bucuresti\/concerte-gratuite-in-piata-george-enescu\/"]}]},{"@type":"ImageObject","inLanguage":"en-GB","@id":"https:\/\/buletin.de\/bucuresti\/concerte-gratuite-in-piata-george-enescu\/#primaryimage","url":"https:\/\/buletin.de\/bucuresti\/wp-content\/uploads\/ateneu.jpeg","contentUrl":"https:\/\/buletin.de\/bucuresti\/wp-content\/uploads\/ateneu.jpeg","width":2048,"height":1152},{"@type":"BreadcrumbList","@id":"https:\/\/buletin.de\/bucuresti\/concerte-gratuite-in-piata-george-enescu\/#breadcrumb","itemListElement":[{"@type":"ListItem","position":1,"name":"Acas\u0103","item":"https:\/\/buletin.de\/bucuresti\/"},{"@type":"ListItem","position":2,"name":"Concerte gratuite \u00een Pia\u0163a George Enescu"}]},{"@type":"WebSite","@id":"https:\/\/buletin.de\/bucuresti\/#website","url":"https:\/\/buletin.de\/bucuresti\/","name":"Buletin de Bucure\u0219ti","description":"\u0218tiri \u0219i investiga\u021bii esen\u021biale din capital\u0103","publisher":{"@id":"https:\/\/buletin.de\/bucuresti\/#organization"},"potentialAction":[{"@type":"SearchAction","target":{"@type":"EntryPoint","urlTemplate":"https:\/\/buletin.de\/bucuresti\/?s={search_term_string}"},"query-input":{"@type":"PropertyValueSpecification","valueRequired":true,"valueName":"search_term_string"}}],"inLanguage":"en-GB"},{"@type":"Organization","@id":"https:\/\/buletin.de\/bucuresti\/#organization","name":"Buletin de Bucure\u0219ti","url":"https:\/\/buletin.de\/bucuresti\/","logo":{"@type":"ImageObject","inLanguage":"en-GB","@id":"https:\/\/buletin.de\/bucuresti\/#\/schema\/logo\/image\/","url":"https:\/\/buletin.de\/bucuresti\/wp-content\/uploads\/logo-bdb-full-wide-vernil-transparent.png","contentUrl":"https:\/\/buletin.de\/bucuresti\/wp-content\/uploads\/logo-bdb-full-wide-vernil-transparent.png","width":1782,"height":626,"caption":"Buletin de Bucure\u0219ti"},"image":{"@id":"https:\/\/buletin.de\/bucuresti\/#\/schema\/logo\/image\/"},"sameAs":["https:\/\/www.facebook.com\/buletin.de.buc","https:\/\/www.instagram.com\/buletinde.bucuresti\/"]},{"@type":"Person","@id":"https:\/\/buletin.de\/bucuresti\/#\/schema\/person\/7e46040573290777280a0835d81ea4ea","name":"Diana Matei","image":{"@type":"ImageObject","inLanguage":"en-GB","@id":"https:\/\/buletin.de\/bucuresti\/wp-content\/uploads\/9-2-96x96.jpg1e8590b30871d70e62ebcdaf2eff570c","url":"https:\/\/buletin.de\/bucuresti\/wp-content\/uploads\/9-2-96x96.jpg","contentUrl":"https:\/\/buletin.de\/bucuresti\/wp-content\/uploads\/9-2-96x96.jpg","caption":"Diana Matei"},"url":"https:\/\/buletin.de\/bucuresti\/author\/dianamatei\/"}]}},"authors":[{"term_id":22574,"user_id":49,"is_guest":0,"slug":"dianamatei","display_name":"Diana Matei","avatar_url":"https:\/\/buletin.de\/bucuresti\/wp-content\/uploads\/9-2-96x96.jpg","0":null,"1":"","2":"","3":"","4":"","5":"","6":"","7":"","8":""}],"_links":{"self":[{"href":"https:\/\/buletin.de\/bucuresti\/wp-json\/wp\/v2\/posts\/62560","targetHints":{"allow":["GET"]}}],"collection":[{"href":"https:\/\/buletin.de\/bucuresti\/wp-json\/wp\/v2\/posts"}],"about":[{"href":"https:\/\/buletin.de\/bucuresti\/wp-json\/wp\/v2\/types\/post"}],"author":[{"embeddable":true,"href":"https:\/\/buletin.de\/bucuresti\/wp-json\/wp\/v2\/users\/49"}],"replies":[{"embeddable":true,"href":"https:\/\/buletin.de\/bucuresti\/wp-json\/wp\/v2\/comments?post=62560"}],"version-history":[{"count":1,"href":"https:\/\/buletin.de\/bucuresti\/wp-json\/wp\/v2\/posts\/62560\/revisions"}],"predecessor-version":[{"id":62975,"href":"https:\/\/buletin.de\/bucuresti\/wp-json\/wp\/v2\/posts\/62560\/revisions\/62975"}],"wp:featuredmedia":[{"embeddable":true,"href":"https:\/\/buletin.de\/bucuresti\/wp-json\/wp\/v2\/media\/62561"}],"wp:attachment":[{"href":"https:\/\/buletin.de\/bucuresti\/wp-json\/wp\/v2\/media?parent=62560"}],"wp:term":[{"taxonomy":"category","embeddable":true,"href":"https:\/\/buletin.de\/bucuresti\/wp-json\/wp\/v2\/categories?post=62560"},{"taxonomy":"post_tag","embeddable":true,"href":"https:\/\/buletin.de\/bucuresti\/wp-json\/wp\/v2\/tags?post=62560"},{"taxonomy":"author","embeddable":true,"href":"https:\/\/buletin.de\/bucuresti\/wp-json\/wp\/v2\/ppma_author?post=62560"}],"curies":[{"name":"wp","href":"https:\/\/api.w.org\/{rel}","templated":true}]}}