{"id":62473,"date":"2023-09-12T11:25:55","date_gmt":"2023-09-12T09:25:55","guid":{"rendered":"https:\/\/buletin.de\/bucuresti\/politia-capitalei-face-perchezitii-intr-un-dosar-de-proxenetism\/"},"modified":"2023-09-12T11:25:55","modified_gmt":"2023-09-12T09:25:55","slug":"politia-capitalei-face-perchezitii-intr-un-dosar-de-proxenetism","status":"publish","type":"post","link":"https:\/\/buletin.de\/bucuresti\/politia-capitalei-face-perchezitii-intr-un-dosar-de-proxenetism\/","title":{"rendered":"Poli\u021bia Capitalei face perchezi\u021bii \u00eentr-un  dosar de proxenetism"},"content":{"rendered":"\n<p><strong>UPDATE:<\/strong> Cei doi b\u0103rba\u021bi au fost re\u021binu\u021bi, pentru 24 de ore, urm\u00e2nd a fi prezenta\u021bi magistra\u021bilor, cu propuneri legale.<\/p>\n\n\n\n<p><strong>Pe 12 septembrie 2023, poli\u021bi\u0219tii Direc\u021biei Generale de Poli\u021bie a Municipiului Bucure\u0219ti &#8211; Serviciul Grupuri Infrac\u021bionale Violente au pus \u00een executare 5 mandate de perchezi\u021bie domiciliar\u0103 \u0219i 2 mandate de aducere, \u00een Municipiul Bucure\u0219ti \u0219i jude\u021bul Ilfov. Politis\u021bii fac cercet\u0103ri \u00eentr-un dosar penal de proxenetism.<\/strong><\/p>\n\n\n\n<p>Cercet\u0103rile arat\u0103 c\u0103 \u00een perioada 31 martie 2021 \u2013 31 august 2023, doi b\u0103rba\u021bi, \u00een v\u00e2rst\u0103 de 31, respectiv 56 de ani, ar fi \u00eenlesnit practicarea prostitu\u021biei a dou\u0103 femei. Aceast\u0103 activitate desf\u0103\u0219ura la diferite adrese din Capital\u0103, dar \u0219i din localit\u0103\u021bi \u00eenvecinate.<\/p>\n\n\n\n<p>Din cercet\u0103ri, s-a stabilit c\u0103 b\u0103nui\u021bii ar fi supravegheat \u0219i coordonat activitatea de prostitu\u021bie \u0219i ar fi beneficiat de aproximativ 53.000 de euro, bani rezultati din aceast\u0103 activitate.<\/p>\n\n\n\n<p>\u00cen urma efectu\u0103rii perchezi\u021biilor, b\u0103rba\u021bii au fost depista\u021bi, urm\u00e2nd a fi condu\u0219i la audieri, \u00een vederea continu\u0103rii cercet\u0103rilor \u0219i dispunerii m\u0103surilor legale ce se impun.<\/p>\n\n\n\n<p>Cercet\u0103rile sunt continuate de c\u0103tre Serviciul Grupuri Infrac\u021bionale Violente, sub supravegherea Parchetului de pe l\u00e2ng\u0103 Judec\u0103toria Sectorului 3, sub aspectul s\u0103v\u00e2r\u0219irii a dou\u0103 infrac\u021biuni de proxenetism.<\/p>\n\n\n\n<p><\/p>\n","protected":false},"excerpt":{"rendered":"<p>UPDATE: Cei doi b\u0103rba\u021bi au fost re\u021binu\u021bi, pentru 24 de ore, urm\u00e2nd a fi prezenta\u021bi magistra\u021bilor, cu propuneri legale. Pe 12 septembrie 2023, poli\u021bi\u0219tii Direc\u021biei Generale de Poli\u021bie a Municipiului Bucure\u0219ti &#8211; Serviciul Grupuri Infrac\u021bionale Violente au pus \u00een executare 5 mandate de perchezi\u021bie domiciliar\u0103 \u0219i 2 mandate de aducere, \u00een Municipiul Bucure\u0219ti \u0219i jude\u021bul [&hellip;]<\/p>\n","protected":false},"author":49,"featured_media":61160,"comment_status":"open","ping_status":"open","sticky":false,"template":"","format":"standard","meta":{"_acf_changed":false,"inline_featured_image":false,"ngg_post_thumbnail":0,"footnotes":""},"categories":[62],"tags":[6920,1144,6921],"ppma_author":[22574],"class_list":["post-62473","post","type-post","status-publish","format-standard","has-post-thumbnail","hentry","category-stiri","tag-judecatoria-sectorului-3","tag-politia-capitalei","tag-proxenetism"],"acf":[],"yoast_head":"<!-- This site is optimized with the Yoast SEO Premium plugin v25.3 (Yoast SEO v27.4) - https:\/\/yoast.com\/product\/yoast-seo-premium-wordpress\/ -->\n<title>Poli\u021bia Capitalei face perchezi\u021bii \u00eentr-un dosar de proxenetism - Buletin de Bucure\u0219ti<\/title>\n<meta name=\"robots\" content=\"index, follow, max-snippet:-1, max-image-preview:large, max-video-preview:-1\" \/>\n<link rel=\"canonical\" href=\"https:\/\/buletin.de\/bucuresti\/politia-capitalei-face-perchezitii-intr-un-dosar-de-proxenetism\/\" \/>\n<meta property=\"og:locale\" content=\"en_GB\" \/>\n<meta property=\"og:type\" content=\"article\" \/>\n<meta property=\"og:title\" content=\"Poli\u021bia Capitalei face perchezi\u021bii \u00eentr-un dosar de proxenetism\" \/>\n<meta property=\"og:description\" content=\"UPDATE: Cei doi b\u0103rba\u021bi au fost re\u021binu\u021bi, pentru 24 de ore, urm\u00e2nd a fi prezenta\u021bi magistra\u021bilor, cu propuneri legale. Pe 12 septembrie 2023, poli\u021bi\u0219tii Direc\u021biei Generale de Poli\u021bie a Municipiului Bucure\u0219ti &#8211; Serviciul Grupuri Infrac\u021bionale Violente au pus \u00een executare 5 mandate de perchezi\u021bie domiciliar\u0103 \u0219i 2 mandate de aducere, \u00een Municipiul Bucure\u0219ti \u0219i jude\u021bul [&hellip;]\" \/>\n<meta property=\"og:url\" content=\"https:\/\/buletin.de\/bucuresti\/politia-capitalei-face-perchezitii-intr-un-dosar-de-proxenetism\/\" \/>\n<meta property=\"og:site_name\" content=\"Buletin de Bucure\u0219ti\" \/>\n<meta property=\"article:publisher\" content=\"https:\/\/www.facebook.com\/buletin.de.buc\" \/>\n<meta property=\"article:published_time\" content=\"2023-09-12T09:25:55+00:00\" \/>\n<meta property=\"og:image\" content=\"https:\/\/buletin.de\/bucuresti\/wp-content\/uploads\/politia-bucuresti-masina-politie.jpg\" \/>\n\t<meta property=\"og:image:width\" content=\"1440\" \/>\n\t<meta property=\"og:image:height\" content=\"1230\" \/>\n\t<meta property=\"og:image:type\" content=\"image\/jpeg\" \/>\n<meta name=\"author\" content=\"Diana Matei\" \/>\n<meta name=\"twitter:card\" content=\"summary_large_image\" \/>\n<meta name=\"twitter:label1\" content=\"Written by\" \/>\n\t<meta name=\"twitter:data1\" content=\"Diana Matei\" \/>\n\t<meta name=\"twitter:label2\" content=\"Estimated reading time\" \/>\n\t<meta name=\"twitter:data2\" content=\"1 minute\" \/>\n<script type=\"application\/ld+json\" class=\"yoast-schema-graph\">{\"@context\":\"https:\\\/\\\/schema.org\",\"@graph\":[{\"@type\":\"Article\",\"@id\":\"https:\\\/\\\/buletin.de\\\/bucuresti\\\/politia-capitalei-face-perchezitii-intr-un-dosar-de-proxenetism\\\/#article\",\"isPartOf\":{\"@id\":\"https:\\\/\\\/buletin.de\\\/bucuresti\\\/politia-capitalei-face-perchezitii-intr-un-dosar-de-proxenetism\\\/\"},\"author\":{\"name\":\"Diana Matei\",\"@id\":\"https:\\\/\\\/buletin.de\\\/bucuresti\\\/#\\\/schema\\\/person\\\/7e46040573290777280a0835d81ea4ea\"},\"headline\":\"Poli\u021bia Capitalei face perchezi\u021bii \u00eentr-un dosar de proxenetism\",\"datePublished\":\"2023-09-12T09:25:55+00:00\",\"mainEntityOfPage\":{\"@id\":\"https:\\\/\\\/buletin.de\\\/bucuresti\\\/politia-capitalei-face-perchezitii-intr-un-dosar-de-proxenetism\\\/\"},\"wordCount\":230,\"commentCount\":0,\"publisher\":{\"@id\":\"https:\\\/\\\/buletin.de\\\/bucuresti\\\/#organization\"},\"image\":{\"@id\":\"https:\\\/\\\/buletin.de\\\/bucuresti\\\/politia-capitalei-face-perchezitii-intr-un-dosar-de-proxenetism\\\/#primaryimage\"},\"thumbnailUrl\":\"https:\\\/\\\/buletin.de\\\/bucuresti\\\/wp-content\\\/uploads\\\/politia-bucuresti-masina-politie.jpg\",\"keywords\":[\"judecatoria sectorului 3\",\"politia capitalei\",\"proxenetism\"],\"articleSection\":[\"\u0218tiri\"],\"inLanguage\":\"en-GB\",\"potentialAction\":[{\"@type\":\"CommentAction\",\"name\":\"Comment\",\"target\":[\"https:\\\/\\\/buletin.de\\\/bucuresti\\\/politia-capitalei-face-perchezitii-intr-un-dosar-de-proxenetism\\\/#respond\"]}],\"copyrightYear\":\"2023\",\"copyrightHolder\":{\"@id\":\"https:\\\/\\\/buletin.de\\\/bucuresti\\\/#organization\"}},{\"@type\":\"WebPage\",\"@id\":\"https:\\\/\\\/buletin.de\\\/bucuresti\\\/politia-capitalei-face-perchezitii-intr-un-dosar-de-proxenetism\\\/\",\"url\":\"https:\\\/\\\/buletin.de\\\/bucuresti\\\/politia-capitalei-face-perchezitii-intr-un-dosar-de-proxenetism\\\/\",\"name\":\"Poli\u021bia Capitalei face perchezi\u021bii \u00eentr-un dosar de proxenetism - Buletin de Bucure\u0219ti\",\"isPartOf\":{\"@id\":\"https:\\\/\\\/buletin.de\\\/bucuresti\\\/#website\"},\"primaryImageOfPage\":{\"@id\":\"https:\\\/\\\/buletin.de\\\/bucuresti\\\/politia-capitalei-face-perchezitii-intr-un-dosar-de-proxenetism\\\/#primaryimage\"},\"image\":{\"@id\":\"https:\\\/\\\/buletin.de\\\/bucuresti\\\/politia-capitalei-face-perchezitii-intr-un-dosar-de-proxenetism\\\/#primaryimage\"},\"thumbnailUrl\":\"https:\\\/\\\/buletin.de\\\/bucuresti\\\/wp-content\\\/uploads\\\/politia-bucuresti-masina-politie.jpg\",\"datePublished\":\"2023-09-12T09:25:55+00:00\",\"breadcrumb\":{\"@id\":\"https:\\\/\\\/buletin.de\\\/bucuresti\\\/politia-capitalei-face-perchezitii-intr-un-dosar-de-proxenetism\\\/#breadcrumb\"},\"inLanguage\":\"en-GB\",\"potentialAction\":[{\"@type\":\"ReadAction\",\"target\":[\"https:\\\/\\\/buletin.de\\\/bucuresti\\\/politia-capitalei-face-perchezitii-intr-un-dosar-de-proxenetism\\\/\"]}]},{\"@type\":\"ImageObject\",\"inLanguage\":\"en-GB\",\"@id\":\"https:\\\/\\\/buletin.de\\\/bucuresti\\\/politia-capitalei-face-perchezitii-intr-un-dosar-de-proxenetism\\\/#primaryimage\",\"url\":\"https:\\\/\\\/buletin.de\\\/bucuresti\\\/wp-content\\\/uploads\\\/politia-bucuresti-masina-politie.jpg\",\"contentUrl\":\"https:\\\/\\\/buletin.de\\\/bucuresti\\\/wp-content\\\/uploads\\\/politia-bucuresti-masina-politie.jpg\",\"width\":1440,\"height\":1230,\"caption\":\"Sursa foto: Facebook \\\/ Direc\u021bia General\u0103 de Poli\u021bie a Municipiului Bucure\u0219ti\"},{\"@type\":\"BreadcrumbList\",\"@id\":\"https:\\\/\\\/buletin.de\\\/bucuresti\\\/politia-capitalei-face-perchezitii-intr-un-dosar-de-proxenetism\\\/#breadcrumb\",\"itemListElement\":[{\"@type\":\"ListItem\",\"position\":1,\"name\":\"Acas\u0103\",\"item\":\"https:\\\/\\\/buletin.de\\\/bucuresti\\\/\"},{\"@type\":\"ListItem\",\"position\":2,\"name\":\"Poli\u021bia Capitalei face perchezi\u021bii \u00eentr-un dosar de proxenetism\"}]},{\"@type\":\"WebSite\",\"@id\":\"https:\\\/\\\/buletin.de\\\/bucuresti\\\/#website\",\"url\":\"https:\\\/\\\/buletin.de\\\/bucuresti\\\/\",\"name\":\"Buletin de Bucure\u0219ti\",\"description\":\"\u0218tiri \u0219i investiga\u021bii esen\u021biale din capital\u0103\",\"publisher\":{\"@id\":\"https:\\\/\\\/buletin.de\\\/bucuresti\\\/#organization\"},\"potentialAction\":[{\"@type\":\"SearchAction\",\"target\":{\"@type\":\"EntryPoint\",\"urlTemplate\":\"https:\\\/\\\/buletin.de\\\/bucuresti\\\/?s={search_term_string}\"},\"query-input\":{\"@type\":\"PropertyValueSpecification\",\"valueRequired\":true,\"valueName\":\"search_term_string\"}}],\"inLanguage\":\"en-GB\"},{\"@type\":\"Organization\",\"@id\":\"https:\\\/\\\/buletin.de\\\/bucuresti\\\/#organization\",\"name\":\"Buletin de Bucure\u0219ti\",\"url\":\"https:\\\/\\\/buletin.de\\\/bucuresti\\\/\",\"logo\":{\"@type\":\"ImageObject\",\"inLanguage\":\"en-GB\",\"@id\":\"https:\\\/\\\/buletin.de\\\/bucuresti\\\/#\\\/schema\\\/logo\\\/image\\\/\",\"url\":\"https:\\\/\\\/buletin.de\\\/bucuresti\\\/wp-content\\\/uploads\\\/logo-bdb-full-wide-vernil-transparent.png\",\"contentUrl\":\"https:\\\/\\\/buletin.de\\\/bucuresti\\\/wp-content\\\/uploads\\\/logo-bdb-full-wide-vernil-transparent.png\",\"width\":1782,\"height\":626,\"caption\":\"Buletin de Bucure\u0219ti\"},\"image\":{\"@id\":\"https:\\\/\\\/buletin.de\\\/bucuresti\\\/#\\\/schema\\\/logo\\\/image\\\/\"},\"sameAs\":[\"https:\\\/\\\/www.facebook.com\\\/buletin.de.buc\",\"https:\\\/\\\/www.instagram.com\\\/buletinde.bucuresti\\\/\"]},{\"@type\":\"Person\",\"@id\":\"https:\\\/\\\/buletin.de\\\/bucuresti\\\/#\\\/schema\\\/person\\\/7e46040573290777280a0835d81ea4ea\",\"name\":\"Diana Matei\",\"image\":{\"@type\":\"ImageObject\",\"inLanguage\":\"en-GB\",\"@id\":\"https:\\\/\\\/buletin.de\\\/bucuresti\\\/wp-content\\\/uploads\\\/9-2-96x96.jpg1e8590b30871d70e62ebcdaf2eff570c\",\"url\":\"https:\\\/\\\/buletin.de\\\/bucuresti\\\/wp-content\\\/uploads\\\/9-2-96x96.jpg\",\"contentUrl\":\"https:\\\/\\\/buletin.de\\\/bucuresti\\\/wp-content\\\/uploads\\\/9-2-96x96.jpg\",\"caption\":\"Diana Matei\"},\"url\":\"https:\\\/\\\/buletin.de\\\/bucuresti\\\/author\\\/dianamatei\\\/\"}]}<\/script>\n<!-- \/ Yoast SEO Premium plugin. -->","yoast_head_json":{"title":"Poli\u021bia Capitalei face perchezi\u021bii \u00eentr-un dosar de proxenetism - Buletin de Bucure\u0219ti","robots":{"index":"index","follow":"follow","max-snippet":"max-snippet:-1","max-image-preview":"max-image-preview:large","max-video-preview":"max-video-preview:-1"},"canonical":"https:\/\/buletin.de\/bucuresti\/politia-capitalei-face-perchezitii-intr-un-dosar-de-proxenetism\/","og_locale":"en_GB","og_type":"article","og_title":"Poli\u021bia Capitalei face perchezi\u021bii \u00eentr-un dosar de proxenetism","og_description":"UPDATE: Cei doi b\u0103rba\u021bi au fost re\u021binu\u021bi, pentru 24 de ore, urm\u00e2nd a fi prezenta\u021bi magistra\u021bilor, cu propuneri legale. Pe 12 septembrie 2023, poli\u021bi\u0219tii Direc\u021biei Generale de Poli\u021bie a Municipiului Bucure\u0219ti &#8211; Serviciul Grupuri Infrac\u021bionale Violente au pus \u00een executare 5 mandate de perchezi\u021bie domiciliar\u0103 \u0219i 2 mandate de aducere, \u00een Municipiul Bucure\u0219ti \u0219i jude\u021bul [&hellip;]","og_url":"https:\/\/buletin.de\/bucuresti\/politia-capitalei-face-perchezitii-intr-un-dosar-de-proxenetism\/","og_site_name":"Buletin de Bucure\u0219ti","article_publisher":"https:\/\/www.facebook.com\/buletin.de.buc","article_published_time":"2023-09-12T09:25:55+00:00","og_image":[{"width":1440,"height":1230,"url":"https:\/\/buletin.de\/bucuresti\/wp-content\/uploads\/politia-bucuresti-masina-politie.jpg","type":"image\/jpeg"}],"author":"Diana Matei","twitter_card":"summary_large_image","twitter_misc":{"Written by":"Diana Matei","Estimated reading time":"1 minute"},"schema":{"@context":"https:\/\/schema.org","@graph":[{"@type":"Article","@id":"https:\/\/buletin.de\/bucuresti\/politia-capitalei-face-perchezitii-intr-un-dosar-de-proxenetism\/#article","isPartOf":{"@id":"https:\/\/buletin.de\/bucuresti\/politia-capitalei-face-perchezitii-intr-un-dosar-de-proxenetism\/"},"author":{"name":"Diana Matei","@id":"https:\/\/buletin.de\/bucuresti\/#\/schema\/person\/7e46040573290777280a0835d81ea4ea"},"headline":"Poli\u021bia Capitalei face perchezi\u021bii \u00eentr-un dosar de proxenetism","datePublished":"2023-09-12T09:25:55+00:00","mainEntityOfPage":{"@id":"https:\/\/buletin.de\/bucuresti\/politia-capitalei-face-perchezitii-intr-un-dosar-de-proxenetism\/"},"wordCount":230,"commentCount":0,"publisher":{"@id":"https:\/\/buletin.de\/bucuresti\/#organization"},"image":{"@id":"https:\/\/buletin.de\/bucuresti\/politia-capitalei-face-perchezitii-intr-un-dosar-de-proxenetism\/#primaryimage"},"thumbnailUrl":"https:\/\/buletin.de\/bucuresti\/wp-content\/uploads\/politia-bucuresti-masina-politie.jpg","keywords":["judecatoria sectorului 3","politia capitalei","proxenetism"],"articleSection":["\u0218tiri"],"inLanguage":"en-GB","potentialAction":[{"@type":"CommentAction","name":"Comment","target":["https:\/\/buletin.de\/bucuresti\/politia-capitalei-face-perchezitii-intr-un-dosar-de-proxenetism\/#respond"]}],"copyrightYear":"2023","copyrightHolder":{"@id":"https:\/\/buletin.de\/bucuresti\/#organization"}},{"@type":"WebPage","@id":"https:\/\/buletin.de\/bucuresti\/politia-capitalei-face-perchezitii-intr-un-dosar-de-proxenetism\/","url":"https:\/\/buletin.de\/bucuresti\/politia-capitalei-face-perchezitii-intr-un-dosar-de-proxenetism\/","name":"Poli\u021bia Capitalei face perchezi\u021bii \u00eentr-un dosar de proxenetism - Buletin de Bucure\u0219ti","isPartOf":{"@id":"https:\/\/buletin.de\/bucuresti\/#website"},"primaryImageOfPage":{"@id":"https:\/\/buletin.de\/bucuresti\/politia-capitalei-face-perchezitii-intr-un-dosar-de-proxenetism\/#primaryimage"},"image":{"@id":"https:\/\/buletin.de\/bucuresti\/politia-capitalei-face-perchezitii-intr-un-dosar-de-proxenetism\/#primaryimage"},"thumbnailUrl":"https:\/\/buletin.de\/bucuresti\/wp-content\/uploads\/politia-bucuresti-masina-politie.jpg","datePublished":"2023-09-12T09:25:55+00:00","breadcrumb":{"@id":"https:\/\/buletin.de\/bucuresti\/politia-capitalei-face-perchezitii-intr-un-dosar-de-proxenetism\/#breadcrumb"},"inLanguage":"en-GB","potentialAction":[{"@type":"ReadAction","target":["https:\/\/buletin.de\/bucuresti\/politia-capitalei-face-perchezitii-intr-un-dosar-de-proxenetism\/"]}]},{"@type":"ImageObject","inLanguage":"en-GB","@id":"https:\/\/buletin.de\/bucuresti\/politia-capitalei-face-perchezitii-intr-un-dosar-de-proxenetism\/#primaryimage","url":"https:\/\/buletin.de\/bucuresti\/wp-content\/uploads\/politia-bucuresti-masina-politie.jpg","contentUrl":"https:\/\/buletin.de\/bucuresti\/wp-content\/uploads\/politia-bucuresti-masina-politie.jpg","width":1440,"height":1230,"caption":"Sursa foto: Facebook \/ Direc\u021bia General\u0103 de Poli\u021bie a Municipiului Bucure\u0219ti"},{"@type":"BreadcrumbList","@id":"https:\/\/buletin.de\/bucuresti\/politia-capitalei-face-perchezitii-intr-un-dosar-de-proxenetism\/#breadcrumb","itemListElement":[{"@type":"ListItem","position":1,"name":"Acas\u0103","item":"https:\/\/buletin.de\/bucuresti\/"},{"@type":"ListItem","position":2,"name":"Poli\u021bia Capitalei face perchezi\u021bii \u00eentr-un dosar de proxenetism"}]},{"@type":"WebSite","@id":"https:\/\/buletin.de\/bucuresti\/#website","url":"https:\/\/buletin.de\/bucuresti\/","name":"Buletin de Bucure\u0219ti","description":"\u0218tiri \u0219i investiga\u021bii esen\u021biale din capital\u0103","publisher":{"@id":"https:\/\/buletin.de\/bucuresti\/#organization"},"potentialAction":[{"@type":"SearchAction","target":{"@type":"EntryPoint","urlTemplate":"https:\/\/buletin.de\/bucuresti\/?s={search_term_string}"},"query-input":{"@type":"PropertyValueSpecification","valueRequired":true,"valueName":"search_term_string"}}],"inLanguage":"en-GB"},{"@type":"Organization","@id":"https:\/\/buletin.de\/bucuresti\/#organization","name":"Buletin de Bucure\u0219ti","url":"https:\/\/buletin.de\/bucuresti\/","logo":{"@type":"ImageObject","inLanguage":"en-GB","@id":"https:\/\/buletin.de\/bucuresti\/#\/schema\/logo\/image\/","url":"https:\/\/buletin.de\/bucuresti\/wp-content\/uploads\/logo-bdb-full-wide-vernil-transparent.png","contentUrl":"https:\/\/buletin.de\/bucuresti\/wp-content\/uploads\/logo-bdb-full-wide-vernil-transparent.png","width":1782,"height":626,"caption":"Buletin de Bucure\u0219ti"},"image":{"@id":"https:\/\/buletin.de\/bucuresti\/#\/schema\/logo\/image\/"},"sameAs":["https:\/\/www.facebook.com\/buletin.de.buc","https:\/\/www.instagram.com\/buletinde.bucuresti\/"]},{"@type":"Person","@id":"https:\/\/buletin.de\/bucuresti\/#\/schema\/person\/7e46040573290777280a0835d81ea4ea","name":"Diana Matei","image":{"@type":"ImageObject","inLanguage":"en-GB","@id":"https:\/\/buletin.de\/bucuresti\/wp-content\/uploads\/9-2-96x96.jpg1e8590b30871d70e62ebcdaf2eff570c","url":"https:\/\/buletin.de\/bucuresti\/wp-content\/uploads\/9-2-96x96.jpg","contentUrl":"https:\/\/buletin.de\/bucuresti\/wp-content\/uploads\/9-2-96x96.jpg","caption":"Diana Matei"},"url":"https:\/\/buletin.de\/bucuresti\/author\/dianamatei\/"}]}},"authors":[{"term_id":22574,"user_id":49,"is_guest":0,"slug":"dianamatei","display_name":"Diana Matei","avatar_url":"https:\/\/buletin.de\/bucuresti\/wp-content\/uploads\/9-2-96x96.jpg","0":null,"1":"","2":"","3":"","4":"","5":"","6":"","7":"","8":""}],"_links":{"self":[{"href":"https:\/\/buletin.de\/bucuresti\/wp-json\/wp\/v2\/posts\/62473","targetHints":{"allow":["GET"]}}],"collection":[{"href":"https:\/\/buletin.de\/bucuresti\/wp-json\/wp\/v2\/posts"}],"about":[{"href":"https:\/\/buletin.de\/bucuresti\/wp-json\/wp\/v2\/types\/post"}],"author":[{"embeddable":true,"href":"https:\/\/buletin.de\/bucuresti\/wp-json\/wp\/v2\/users\/49"}],"replies":[{"embeddable":true,"href":"https:\/\/buletin.de\/bucuresti\/wp-json\/wp\/v2\/comments?post=62473"}],"version-history":[{"count":0,"href":"https:\/\/buletin.de\/bucuresti\/wp-json\/wp\/v2\/posts\/62473\/revisions"}],"wp:featuredmedia":[{"embeddable":true,"href":"https:\/\/buletin.de\/bucuresti\/wp-json\/wp\/v2\/media\/61160"}],"wp:attachment":[{"href":"https:\/\/buletin.de\/bucuresti\/wp-json\/wp\/v2\/media?parent=62473"}],"wp:term":[{"taxonomy":"category","embeddable":true,"href":"https:\/\/buletin.de\/bucuresti\/wp-json\/wp\/v2\/categories?post=62473"},{"taxonomy":"post_tag","embeddable":true,"href":"https:\/\/buletin.de\/bucuresti\/wp-json\/wp\/v2\/tags?post=62473"},{"taxonomy":"author","embeddable":true,"href":"https:\/\/buletin.de\/bucuresti\/wp-json\/wp\/v2\/ppma_author?post=62473"}],"curies":[{"name":"wp","href":"https:\/\/api.w.org\/{rel}","templated":true}]}}